{"id":27488,"date":"2024-12-01T17:35:41","date_gmt":"2024-12-01T16:35:41","guid":{"rendered":"https:\/\/dokdoc.eu\/2024\/12\/01\/plus-en-paix\/"},"modified":"2025-04-11T14:42:01","modified_gmt":"2025-04-11T12:42:01","slug":"plus-en-paix","status":"publish","type":"post","link":"https:\/\/dokdoc.eu\/fr\/2024\/12\/01\/plus-en-paix\/","title":{"rendered":"\u00ab Nous ne sommes plus en paix \u00bb"},"content":{"rendered":"\r\n<figure id=\"attachment_27400\" aria-describedby=\"caption-attachment-27400\" style=\"width: 2560px\" class=\"wp-caption alignnone\"><img fetchpriority=\"high\" decoding=\"async\" class=\"wp-image-27400 size-full\" src=\"https:\/\/dokdoc.eu\/wp-content\/uploads\/2024\/12\/1_2Y99G41-scaled-1.jpg\" alt=\"\" width=\"2560\" height=\"1707\" srcset=\"https:\/\/dokdoc.eu\/wp-content\/uploads\/2024\/12\/1_2Y99G41-scaled-1.jpg 2560w, https:\/\/dokdoc.eu\/wp-content\/uploads\/2024\/12\/1_2Y99G41-scaled-1-300x200.jpg 300w, https:\/\/dokdoc.eu\/wp-content\/uploads\/2024\/12\/1_2Y99G41-scaled-1-1024x683.jpg 1024w, https:\/\/dokdoc.eu\/wp-content\/uploads\/2024\/12\/1_2Y99G41-scaled-1-768x512.jpg 768w, https:\/\/dokdoc.eu\/wp-content\/uploads\/2024\/12\/1_2Y99G41-scaled-1-1536x1024.jpg 1536w, https:\/\/dokdoc.eu\/wp-content\/uploads\/2024\/12\/1_2Y99G41-scaled-1-2048x1366.jpg 2048w\" sizes=\"(max-width: 2560px) 100vw, 2560px\" \/><figcaption id=\"caption-attachment-27400\" class=\"wp-caption-text\">Photo: Eliot Blondet\/ABACAPRESS.COM Credit: Abaca Press\/Alamy Live News<\/figcaption><\/figure>\r\n<p><b>Publi\u00e9 il y a quelques semaines, le livre du ministre des Arm\u00e9es S\u00e9bastien Lecornu est une analyse froide et lucide de cette \u00ab\u00a0rupture strat\u00e9gique profonde\u00a0\u00bb qui remet en question notre s\u00e9curit\u00e9 collective. Bruno Tertrais le d\u00e9crypte pour dokdoc.\u00a0<\/b><!--more--><\/p>\r\n<p>&nbsp;<\/p>\r\n<p><span style=\"font-weight: 400;\">C\u2019est une grande tradition : les hommes et les femmes politiques fran\u00e7ais aiment \u00e9crire des essais, manifeste \u00e9lectoral, bilan d\u2019une action, m\u00e9moires personnelles ou les trois \u00e0 la fois. Ceux-ci se vendent g\u00e9n\u00e9ralement mal \u00e0 l\u2019exception de ceux publi\u00e9s par les anciens pr\u00e9sidents de la R\u00e9publique. Il faut dire qu\u2019ils sont souvent peu int\u00e9ressants sur le fond.\u00a0<\/span><\/p>\r\n<p><span style=\"font-weight: 400;\">L\u2019ouvrage publi\u00e9 par le ministre des Arm\u00e9es S\u00e9bastien Lecornu est un objet un peu particulier. D\u2019abord parce qu\u2019il est publi\u00e9 alors que le ministre est en fonction\u00a0: c\u2019est un v\u00e9t\u00e9ran de la macronie, le seul \u00e0 avoir appartenu \u00e0 tous les gouvernements depuis 2017. Ensuite et surtout parce qu\u2019il se veut \u00e0 la fois un t\u00e9moignage personnel et un ouvrage didactique, voire p\u00e9dagogique \u00e0 destination du plus grand nombre. Il faut dire que ses concitoyens, comme nombre d\u2019Europ\u00e9ens, sont inquiets.\u00a0<\/span><\/p>\r\n<p><span style=\"font-weight: 400;\">D\u2019o\u00f9 le titre, plut\u00f4t bien choisi\u00a0: <\/span><a href=\"https:\/\/www.lisez.com\/livre-grand-format\/vers-la-guerre-la-place-de-la-france-sur-lechiquier-geopolitique-mondial-par-le-ministre-des-armees\/9782259320658\"><i><span style=\"font-weight: 400;\">Vers la guerre\u00a0?<\/span><\/i><\/a><span style=\"font-weight: 400;\">, le point d\u2019interrogation \u00e9tant important. Car S\u00e9bastien Lecornu se d\u00e9marque des analyses faciles, que l\u2019on a vu fleurir ici et l\u00e0 depuis deux ans, comparant l\u2019Ukraine \u00e0 la France, et imaginant comment notre pays pourrait r\u00e9agir s\u2019il \u00e9tait envahi de la m\u00eame mani\u00e8re. Un sc\u00e9nario absurde, que le ministre a raison d\u2019\u00e9carter. Sans pour autant cesser d\u2019\u00eatre obs\u00e9d\u00e9 \u00e0 l\u2019id\u00e9e de rendre notre d\u00e9fense pr\u00eate \u00e0 affronter les d\u00e9fis qui vont se pr\u00e9senter dans les ann\u00e9es qui viennent. Il se dit marqu\u00e9 par une question pos\u00e9e par l\u2019amiral Philippe de Gaulle \u00e0 la fin de sa vie, alors qu\u2019il lui rendait visite\u00a0: \u00ab\u00a0<\/span><i><span style=\"font-weight: 400;\">Pourquoi avons-nous perdu en 1940\u00a0?<\/span><\/i><span style=\"font-weight: 400;\">\u00a0\u00bb<\/span><\/p>\r\n<p>&nbsp;<\/p>\r\n\r\n\r\n\r\n<h2 class=\"wp-block-heading\"><strong>Un nouveau contexte<\/strong><\/h2>\r\n<figure id=\"attachment_27398\" aria-describedby=\"caption-attachment-27398\" style=\"width: 210px\" class=\"wp-caption alignleft\"><img decoding=\"async\" class=\"size-medium wp-image-27398\" src=\"https:\/\/dokdoc.eu\/wp-content\/uploads\/2024\/12\/2_unnamed-768x1096-1-210x300.png\" alt=\"Bruno Tertrais \" width=\"210\" height=\"300\" srcset=\"https:\/\/dokdoc.eu\/wp-content\/uploads\/2024\/12\/2_unnamed-768x1096-1-210x300.png 210w, https:\/\/dokdoc.eu\/wp-content\/uploads\/2024\/12\/2_unnamed-768x1096-1-718x1024.png 718w, https:\/\/dokdoc.eu\/wp-content\/uploads\/2024\/12\/2_unnamed-768x1096-1.png 768w\" sizes=\"(max-width: 210px) 100vw, 210px\" \/><figcaption id=\"caption-attachment-27398\" class=\"wp-caption-text\">Bruno Tertrais (Copyright: FNRS\/Bruno Tertrais)<\/figcaption><\/figure>\r\n\r\n\r\n\r\n\r\n\r\n<p><span style=\"font-weight: 400;\">Gaulliste, S\u00e9bastien Lecornu l\u2019est assur\u00e9ment et se revendique ouvertement d\u2019un grand ancien, Pierre Messmer, qui comme lui portait le titre de ministre \u00ab\u00a0des Arm\u00e9es\u00a0\u00bb et non \u00ab\u00a0de la D\u00e9fense\u00a0\u00bb. A l\u2019inverse de ce dernier, toutefois, il n\u2019a pas, ou n\u2019a pas encore, port\u00e9 de grande r\u00e9forme visible qui soit associ\u00e9e \u00e0 son nom. Ce n\u2019est pas un d\u00e9faut, tant les responsables politiques fran\u00e7ais semblent parfois excessivement pr\u00e9occup\u00e9s \u00e0 l\u2019id\u00e9e de laisser dans l\u2019histoire une r\u00e9forme majeure associ\u00e9e \u00e0 leur nom\u2026 Il faut dire aussi que l\u2019institution de la d\u00e9fense nationale ne cesse de se r\u00e9former depuis plus de trois d\u00e9cennies, et que certaines r\u00e9formes men\u00e9es \u00e0 marche forc\u00e9e ont traumatis\u00e9 l\u2019institution, comme celle de l\u2019application de la <\/span><i><span style=\"font-weight: 400;\">Revue g\u00e9n\u00e9rale des politiques publiques<\/span><\/i><span style=\"font-weight: 400;\"> sous le mandat de Nicolas Sarkozy, qui a profond\u00e9ment boulevers\u00e9 l\u2019organisation et la logistique des bases militaires.\u00a0<\/span><\/p>\r\n<p><span style=\"font-weight: 400;\">Le ministre de la d\u00e9fense est en revanche pr\u00e9occup\u00e9, \u00e0 juste titre, par les chantiers de l\u2019adaptation des forces arm\u00e9es au nouveau contexte technologique, de la robotisation au calcul quantique en passant par l\u2019intelligence artificielle et l\u2019espace extra-atmosph\u00e9rique. Ce qui ne l\u2019emp\u00eache nullement, bien au contraire,\u00a0d\u2019insister sur l\u2019importance du socle de notre politique de d\u00e9fense qu\u2019est la dissuasion nucl\u00e9aire, en \u00e9voquant de mani\u00e8re heureuse une arme de \u00ab\u00a0non recours\u00a0\u00bb plut\u00f4t, comme on le fait trop souvent en France, qu\u2019une arme de \u00ab\u00a0non emploi\u00a0\u00bb, et en soulignant l\u2019importance des d\u00e9cisions de renouvellement, prises depuis 2017, qui visent \u00e0 pr\u00e9parer la troisi\u00e8me g\u00e9n\u00e9ration de nos moyens dans ce domaine.\u00a0\u00a0<\/span><\/p>\r\n<p><span style=\"font-weight: 400;\">\u00a0\u00a0\u00a0\u00a0<\/span><\/p>\r\n<h2><strong>Discr\u00e9tion et fid\u00e9lit\u00e9<\/strong><\/h2>\r\n<p><span style=\"font-weight: 400;\">Le style Lecornu, c\u2019est plut\u00f4t d\u2019agir dans la discr\u00e9tion et en parfaite fid\u00e9lit\u00e9 au Pr\u00e9sident de la R\u00e9publique. Comme ce dernier, il a une ligne rouge\u00a0: la primaut\u00e9 du politique sur le militaire et l\u2019ob\u00e9issance absolue de ce dernier. Ainsi n\u2019h\u00e9site-t-il pas, comme il le raconte dans son livre, \u00e0 demander aux \u00e9tats-majors de revoir leur copie lorsqu\u2019il lui semble que ces derniers n\u2019accordent pas assez d\u2019attention \u00e0 l\u2019espace.\u00a0<\/span><\/p>\r\n<p><span style=\"font-weight: 400;\">Si le livre est naturellement \u2013 comment pourrait-il en \u00eatre autrement\u00a0? \u2013 un exercice de justification de sa propre action et de celle du pr\u00e9sident, l\u2019explication de certaines d\u00e9cisions n\u2019est pas toujours convaincante. Ainsi en est-il de celle qui consista \u00e0 ne pas r\u00e9diger de nouveau Livre blanc sur la d\u00e9fense et la s\u00e9curit\u00e9 nationale, alors que l\u2019on pouvait esp\u00e9rer que ce soit le cas, d\u00e9sormais, \u00e0 chaque d\u00e9but de mandat pr\u00e9sidentiel (pratique courante d\u2019ailleurs chez nos alli\u00e9s). Une telle entreprise a en effet le m\u00e9rite de mettre autour de la table tous les acteurs de la d\u00e9fense et de la s\u00e9curit\u00e9. Or ni la <\/span><i><span style=\"font-weight: 400;\">Revue strat\u00e9gique<\/span><\/i><span style=\"font-weight: 400;\"> de 2017, qui ne concernait que le minist\u00e8re des Arm\u00e9es, ni celle de 2022, qui \u00e9tait un exercice exclusivement administratif, n\u2019ont v\u00e9ritablement eu cette vertu.\u00a0\u00a0<\/span><\/p>\r\n<p><span style=\"font-weight: 400;\">Le ministre n\u2019oublie pas les menaces provenant d\u2019acteurs non \u00e9tatiques, et consacre des pages assez int\u00e9ressantes \u00e0 l\u2019interconnexion croissante des groupes djihadistes, \u00e0 la \u00ab\u00a0toile des proxys\u00a0\u00bb de l\u2019Iran, et naturellement aux milices russes, qui se frottent \u00e0 la France en Afrique. Un continent sur lequel le ministre affirme que notre pays ne doit plus \u00eatre \u00ab\u00a0le seul pourvoyeur de s\u00e9curit\u00e9, qui, en m\u00eame temps, laisse les coud\u00e9es franches \u00e0 ses concurrents pour faire des affaires\u00a0\u00bb. En passant tout de m\u00eame assez rapidement sur le virage, assum\u00e9 mais contraint, qui a consist\u00e9 \u00e0 retirer une bonne partie de nos forces des pays o\u00f9 elles \u00e9taient pr\u00e9sentes depuis longtemps\u2026<\/span><\/p>\r\n<p>&nbsp;<\/p>\r\n\r\n\r\n\r\n<h2 class=\"wp-block-heading\"><strong>Quel r\u00f4le pour l\u2019Europe\u00a0?<\/strong><\/h2>\r\n<figure id=\"attachment_27399\" aria-describedby=\"caption-attachment-27399\" style=\"width: 188px\" class=\"wp-caption alignleft\"><img decoding=\"async\" class=\"wp-image-27399 size-medium\" src=\"https:\/\/dokdoc.eu\/wp-content\/uploads\/2024\/12\/3_9782259320658ORI-188x300.jpg\" alt=\"\" width=\"188\" height=\"300\" srcset=\"https:\/\/dokdoc.eu\/wp-content\/uploads\/2024\/12\/3_9782259320658ORI-188x300.jpg 188w, https:\/\/dokdoc.eu\/wp-content\/uploads\/2024\/12\/3_9782259320658ORI-643x1024.jpg 643w, https:\/\/dokdoc.eu\/wp-content\/uploads\/2024\/12\/3_9782259320658ORI-768x1223.jpg 768w, https:\/\/dokdoc.eu\/wp-content\/uploads\/2024\/12\/3_9782259320658ORI-964x1536.jpg 964w, https:\/\/dokdoc.eu\/wp-content\/uploads\/2024\/12\/3_9782259320658ORI-1286x2048.jpg 1286w, https:\/\/dokdoc.eu\/wp-content\/uploads\/2024\/12\/3_9782259320658ORI.jpg 1594w\" sizes=\"(max-width: 188px) 100vw, 188px\" \/><figcaption id=\"caption-attachment-27399\" class=\"wp-caption-text\">Copyright: \u00c9ditions Plon<\/figcaption><\/figure>\r\n<p>On peut regretter que l\u2019ouvrage ne consacre pas davantage de r\u00e9flexions aux crises \u00e0 venir, qu\u2019elles proviennent de pays non alli\u00e9s ou\u2026 de d\u00e9cisions prises par l\u2019Am\u00e9rique. Sur l\u2019Indopacifique, trop peu de d\u00e9veloppements sont consacr\u00e9s si ce n\u2019est sous l\u2019angle des DROM-COM, que le ministre conna\u00eet bien. La Chine n\u2019est \u00e0 l\u2019\u00e9vidence pas une menace militaire directe pour la France : la mont\u00e9e en puissance de l\u2019activisme de P\u00e9kin dans tous les domaines s\u00e9curitaires, de l\u2019espionnage \u00e0 la haute mer en passant par le maillage des infrastructures, constituera pourtant un d\u00e9fi pour toute l\u2019Europe dans cette premi\u00e8re partie du si\u00e8cle, et on aurait aim\u00e9 que le ministre l\u2019\u00e9voque davantage. Il va sans dire, par ailleurs, qu\u2019un hypoth\u00e9tique conflit \u00e0 propos de Taiwan aurait des r\u00e9percussions majeures, directes et indirectes, pour l\u2019ensemble de notre continent. Comment s\u2019y pr\u00e9parer ? Et de mani\u00e8re g\u00e9n\u00e9rale, quel r\u00f4le les Europ\u00e9ens doivent-ils et peuvent-ils assumer en cas de bouleversement des conditions d\u2019exercice de leur d\u00e9fense, en particulier si Washington devait brutalement r\u00e9viser ses priorit\u00e9s strat\u00e9giques ? Ce chantier, il est vrai politiquement sensible, est peu abord\u00e9.<\/p>\r\n<p><span style=\"font-weight: 400;\">On trouvera par ailleurs assez peu de propositions nouvelles dans cet ouvrage \u2013 m\u00eame si ce n\u2019est pas sa vocation \u2013 mais quelques pistes sont ouvertes, comme celle des \u00ab\u00a0finances patriotiques\u00a0\u00bb\u00a0: le ministre souhaiterait que des ressources autres que celles du budget de l\u2019Etat puissent \u00eatre affect\u00e9es au r\u00e9armement national.\u00a0\u00a0<\/span><\/p>\r\n<p>&nbsp;<\/p>\r\n<h2><strong>Faire face<\/strong><\/h2>\r\n<p><span style=\"font-weight: 400;\">Le bilan propos\u00e9 par S\u00e9bastien Lecornu n\u2019est encore qu\u2019int\u00e9rimaire, et l\u2019on peut parier que le ministre des Arm\u00e9es se sent d\u2019autant plus \u00e0 l\u2019aise dans la nouvelle \u00e9quipe gouvernementale fran\u00e7aise que, comme il le note finement, \u00ab\u00a0aucun titulaire de la fonction [de Premier ministre] n\u2019a jamais exerc\u00e9 pleinement ses comp\u00e9tences constitutionnelles\u00a0\u00bb.\u00a0<\/span><\/p>\r\n<p><span style=\"font-weight: 400;\">Nous \u2013 Europ\u00e9ens \u2013 ne sommes pas en guerre, mais \u00ab\u00a0nous ne sommes plus en paix\u00a0\u00bb. C\u2019est \u00e0 cet \u00e9tat hybride, pas toujours facile \u00e0 accepter par les opinions, que nous sommes confront\u00e9s, et le plaidoyer de S\u00e9bastien Lecornu vise \u00e0 mieux faire comprendre pourquoi et comment la France cherche \u00e0 y faire face. Car si elle n\u2019est pas en \u00ab\u00a0premi\u00e8re ligne\u00a0\u00bb des combats \u00e0 l\u2019Est de l\u2019Europe, elle l\u2019est face \u00e0 la d\u00e9sinformation, aux cyberattaques, et au terrorisme. Pr\u00e9cis et bien document\u00e9, mais n\u00e9anmoins d\u2019une lecture facile, ce petit ouvrage est d\u2019un contenu plus riche que les trois-quarts des ouvrages publi\u00e9s par d\u2019autres hommes ou femmes politiques.\u00a0\u00a0\u00a0\u00a0<\/span><\/p>\r\n<p>&nbsp;<\/p>\r\n<h2><strong>L\u2019auteur<\/strong><\/h2>\r\n<p><i>Bruno Tertrais<\/i> <em><span style=\"font-weight: 400;\">est directeur adjoint de la Fondation pour la recherche strat\u00e9gique, le principal think-tank fran\u00e7ais sur les questions de s\u00e9curit\u00e9 internationale. Juriste et politiste de formation, il a obtenu son doctorat sous la direction de Pierre Hassner. Apr\u00e8s avoir travaill\u00e9 \u00e0 l\u2019Assembl\u00e9e parlementaire de l\u2019OTAN, il a \u00e9t\u00e9 en poste au minist\u00e8re de la d\u00e9fense et \u00e0 la RAND Corporation, et a rejoint la FRS en 2001. Il a \u00e9t\u00e9 membre des Commissions du Livre blanc sur la d\u00e9fense et la s\u00e9curit\u00e9 nationale en 2007-2008 et 2012-2013. Il vient de publier \u00ab La Guerre des mondes : Le retour de la g\u00e9opolitique et le choc des empires \u00bb (Paris, L\u2019Observatoire, 2023).<\/span><\/em><\/p>\r\n<p>&nbsp;<\/p>\r\n<h2>\u00a0<\/h2>\r\n\r\n\r\n\r\n<p>&nbsp;<\/p>\r\n","protected":false},"excerpt":{"rendered":"<p>Le livre du ministre fran\u00e7ais de la D\u00e9fense S\u00e9bastien Lecornu, paru il y a quelques semaines, est une analyse froide de cette \u00ab\u00a0rupture strat\u00e9gique profonde\u00a0\u00bb qui menace notre s\u00e9curit\u00e9 collective. Bruno Tertrais l&rsquo;analyse pour dokdoc. <\/p>\n","protected":false},"author":1,"featured_media":27400,"comment_status":"closed","ping_status":"closed","sticky":true,"template":"","format":"standard","meta":{"om_disable_all_campaigns":false,"_monsterinsights_skip_tracking":false,"_monsterinsights_sitenote_active":false,"_monsterinsights_sitenote_note":"","_monsterinsights_sitenote_category":0,"_uf_show_specific_survey":0,"_uf_disable_surveys":false,"footnotes":""},"categories":[114],"tags":[],"ppma_author":[123],"class_list":["post-27488","post","type-post","status-publish","format-standard","has-post-thumbnail","hentry","category-politique-fr-2"],"yoast_head":"<!-- This site is optimized with the Yoast SEO plugin v27.5 - https:\/\/yoast.com\/product\/yoast-seo-wordpress\/ -->\n<title>\u00ab Nous ne sommes plus en paix \u00bb - dokdoc.eu<\/title>\n<meta name=\"robots\" content=\"index, follow, max-snippet:-1, max-image-preview:large, max-video-preview:-1\" \/>\n<link rel=\"canonical\" href=\"https:\/\/dokdoc.eu\/fr\/2024\/12\/01\/plus-en-paix\/\" \/>\n<meta property=\"og:locale\" content=\"fr_FR\" \/>\n<meta property=\"og:type\" content=\"article\" \/>\n<meta property=\"og:title\" content=\"\u00ab Nous ne sommes plus en paix \u00bb - dokdoc.eu\" \/>\n<meta property=\"og:description\" content=\"Le livre du ministre fran\u00e7ais de la D\u00e9fense S\u00e9bastien Lecornu, paru il y a quelques semaines, est une analyse froide de cette &quot;rupture strat\u00e9gique profonde&quot; qui menace notre s\u00e9curit\u00e9 collective. Bruno Tertrais l&#039;analyse pour dokdoc.\" \/>\n<meta property=\"og:url\" content=\"https:\/\/dokdoc.eu\/fr\/2024\/12\/01\/plus-en-paix\/\" \/>\n<meta property=\"og:site_name\" content=\"dokdoc.eu\" \/>\n<meta property=\"article:published_time\" content=\"2024-12-01T16:35:41+00:00\" \/>\n<meta property=\"article:modified_time\" content=\"2025-04-11T12:42:01+00:00\" \/>\n<meta property=\"og:image\" content=\"https:\/\/dokdoc.eu\/wp-content\/uploads\/2024\/12\/1_2Y99G41-scaled-1.jpg\" \/>\n\t<meta property=\"og:image:width\" content=\"2560\" \/>\n\t<meta property=\"og:image:height\" content=\"1707\" \/>\n\t<meta property=\"og:image:type\" content=\"image\/jpeg\" \/>\n<meta name=\"author\" content=\"Bruno Tertrais\" \/>\n<meta name=\"twitter:card\" content=\"summary_large_image\" \/>\n<meta name=\"twitter:label1\" content=\"\u00c9crit par\" \/>\n\t<meta name=\"twitter:data1\" content=\"RochowMedienagentur\" \/>\n\t<meta name=\"twitter:label2\" content=\"Dur\u00e9e de lecture estim\u00e9e\" \/>\n\t<meta name=\"twitter:data2\" content=\"9 minutes\" \/>\n<script type=\"application\/ld+json\" class=\"yoast-schema-graph\">{\"@context\":\"https:\\\/\\\/schema.org\",\"@graph\":[{\"@type\":\"Article\",\"@id\":\"https:\\\/\\\/dokdoc.eu\\\/fr\\\/2024\\\/12\\\/01\\\/plus-en-paix\\\/#article\",\"isPartOf\":{\"@id\":\"https:\\\/\\\/dokdoc.eu\\\/fr\\\/2024\\\/12\\\/01\\\/plus-en-paix\\\/\"},\"author\":{\"name\":\"RochowMedienagentur\",\"@id\":\"https:\\\/\\\/dokdoc.eu\\\/fr\\\/#\\\/schema\\\/person\\\/d760e6e53df901fd9522f1d3a1e46621\"},\"headline\":\"\u00ab Nous ne sommes plus en paix \u00bb\",\"datePublished\":\"2024-12-01T16:35:41+00:00\",\"dateModified\":\"2025-04-11T12:42:01+00:00\",\"mainEntityOfPage\":{\"@id\":\"https:\\\/\\\/dokdoc.eu\\\/fr\\\/2024\\\/12\\\/01\\\/plus-en-paix\\\/\"},\"wordCount\":1608,\"publisher\":{\"@id\":\"https:\\\/\\\/dokdoc.eu\\\/fr\\\/#organization\"},\"image\":{\"@id\":\"https:\\\/\\\/dokdoc.eu\\\/fr\\\/2024\\\/12\\\/01\\\/plus-en-paix\\\/#primaryimage\"},\"thumbnailUrl\":\"https:\\\/\\\/dokdoc.eu\\\/wp-content\\\/uploads\\\/2024\\\/12\\\/1_2Y99G41-scaled-1.jpg\",\"articleSection\":[\"Politique\"],\"inLanguage\":\"fr-FR\"},{\"@type\":\"WebPage\",\"@id\":\"https:\\\/\\\/dokdoc.eu\\\/fr\\\/2024\\\/12\\\/01\\\/plus-en-paix\\\/\",\"url\":\"https:\\\/\\\/dokdoc.eu\\\/fr\\\/2024\\\/12\\\/01\\\/plus-en-paix\\\/\",\"name\":\"\u00ab Nous ne sommes plus en paix \u00bb - dokdoc.eu\",\"isPartOf\":{\"@id\":\"https:\\\/\\\/dokdoc.eu\\\/fr\\\/#website\"},\"primaryImageOfPage\":{\"@id\":\"https:\\\/\\\/dokdoc.eu\\\/fr\\\/2024\\\/12\\\/01\\\/plus-en-paix\\\/#primaryimage\"},\"image\":{\"@id\":\"https:\\\/\\\/dokdoc.eu\\\/fr\\\/2024\\\/12\\\/01\\\/plus-en-paix\\\/#primaryimage\"},\"thumbnailUrl\":\"https:\\\/\\\/dokdoc.eu\\\/wp-content\\\/uploads\\\/2024\\\/12\\\/1_2Y99G41-scaled-1.jpg\",\"datePublished\":\"2024-12-01T16:35:41+00:00\",\"dateModified\":\"2025-04-11T12:42:01+00:00\",\"breadcrumb\":{\"@id\":\"https:\\\/\\\/dokdoc.eu\\\/fr\\\/2024\\\/12\\\/01\\\/plus-en-paix\\\/#breadcrumb\"},\"inLanguage\":\"fr-FR\",\"potentialAction\":[{\"@type\":\"ReadAction\",\"target\":[\"https:\\\/\\\/dokdoc.eu\\\/fr\\\/2024\\\/12\\\/01\\\/plus-en-paix\\\/\"]}]},{\"@type\":\"ImageObject\",\"inLanguage\":\"fr-FR\",\"@id\":\"https:\\\/\\\/dokdoc.eu\\\/fr\\\/2024\\\/12\\\/01\\\/plus-en-paix\\\/#primaryimage\",\"url\":\"https:\\\/\\\/dokdoc.eu\\\/wp-content\\\/uploads\\\/2024\\\/12\\\/1_2Y99G41-scaled-1.jpg\",\"contentUrl\":\"https:\\\/\\\/dokdoc.eu\\\/wp-content\\\/uploads\\\/2024\\\/12\\\/1_2Y99G41-scaled-1.jpg\",\"width\":2560,\"height\":1707,\"caption\":\"2Y99G41 France. 09th Oct, 2024. French Army Minister Sebastien Lecornu during a ukrainian soldiers training session in a french military camp in eastern France, on October 9, 2024, before a French President Emmanuel Macron visit. Photo by Eliot Blondet\\\/ABACAPRESS.COM Credit: Abaca Press\\\/Alamy Live News\"},{\"@type\":\"BreadcrumbList\",\"@id\":\"https:\\\/\\\/dokdoc.eu\\\/fr\\\/2024\\\/12\\\/01\\\/plus-en-paix\\\/#breadcrumb\",\"itemListElement\":[{\"@type\":\"ListItem\",\"position\":1,\"name\":\"Startseite\",\"item\":\"https:\\\/\\\/dokdoc.eu\\\/fr\\\/\"},{\"@type\":\"ListItem\",\"position\":2,\"name\":\"\u00ab Nous ne sommes plus en paix \u00bb\"}]},{\"@type\":\"WebSite\",\"@id\":\"https:\\\/\\\/dokdoc.eu\\\/fr\\\/#website\",\"url\":\"https:\\\/\\\/dokdoc.eu\\\/fr\\\/\",\"name\":\"dokdoc.eu\",\"description\":\"\",\"publisher\":{\"@id\":\"https:\\\/\\\/dokdoc.eu\\\/fr\\\/#organization\"},\"potentialAction\":[{\"@type\":\"SearchAction\",\"target\":{\"@type\":\"EntryPoint\",\"urlTemplate\":\"https:\\\/\\\/dokdoc.eu\\\/fr\\\/?s={search_term_string}\"},\"query-input\":{\"@type\":\"PropertyValueSpecification\",\"valueRequired\":true,\"valueName\":\"search_term_string\"}}],\"inLanguage\":\"fr-FR\"},{\"@type\":\"Organization\",\"@id\":\"https:\\\/\\\/dokdoc.eu\\\/fr\\\/#organization\",\"name\":\"dokdoc.eu\",\"url\":\"https:\\\/\\\/dokdoc.eu\\\/fr\\\/\",\"logo\":{\"@type\":\"ImageObject\",\"inLanguage\":\"fr-FR\",\"@id\":\"https:\\\/\\\/dokdoc.eu\\\/fr\\\/#\\\/schema\\\/logo\\\/image\\\/\",\"url\":\"https:\\\/\\\/dokdoc.eu\\\/wp-content\\\/uploads\\\/2019\\\/08\\\/cropped-logo_dokdoc-e1720795013301.png\",\"contentUrl\":\"https:\\\/\\\/dokdoc.eu\\\/wp-content\\\/uploads\\\/2019\\\/08\\\/cropped-logo_dokdoc-e1720795013301.png\",\"width\":150,\"height\":110,\"caption\":\"dokdoc.eu\"},\"image\":{\"@id\":\"https:\\\/\\\/dokdoc.eu\\\/fr\\\/#\\\/schema\\\/logo\\\/image\\\/\"}},{\"@type\":\"Person\",\"@id\":\"https:\\\/\\\/dokdoc.eu\\\/fr\\\/#\\\/schema\\\/person\\\/d760e6e53df901fd9522f1d3a1e46621\",\"name\":\"RochowMedienagentur\",\"image\":{\"@type\":\"ImageObject\",\"inLanguage\":\"fr-FR\",\"@id\":\"https:\\\/\\\/dokdoc.eu\\\/wp-content\\\/uploads\\\/2019\\\/08\\\/cropped-logo_dokdoc-e1720795013301.png830075fd1c1a1f70247b47fa84cf0f00\",\"url\":\"https:\\\/\\\/dokdoc.eu\\\/wp-content\\\/uploads\\\/2019\\\/08\\\/cropped-logo_dokdoc-e1720795013301.png\",\"contentUrl\":\"https:\\\/\\\/dokdoc.eu\\\/wp-content\\\/uploads\\\/2019\\\/08\\\/cropped-logo_dokdoc-e1720795013301.png\",\"caption\":\"RochowMedienagentur\"},\"sameAs\":[\"https:\\\/\\\/dokdoc.eu\"],\"url\":\"https:\\\/\\\/dokdoc.eu\\\/fr\\\/author\\\/rochowmedienagentur\\\/\"}]}<\/script>\n<!-- \/ Yoast SEO plugin. -->","yoast_head_json":{"title":"\u00ab Nous ne sommes plus en paix \u00bb - dokdoc.eu","robots":{"index":"index","follow":"follow","max-snippet":"max-snippet:-1","max-image-preview":"max-image-preview:large","max-video-preview":"max-video-preview:-1"},"canonical":"https:\/\/dokdoc.eu\/fr\/2024\/12\/01\/plus-en-paix\/","og_locale":"fr_FR","og_type":"article","og_title":"\u00ab Nous ne sommes plus en paix \u00bb - dokdoc.eu","og_description":"Le livre du ministre fran\u00e7ais de la D\u00e9fense S\u00e9bastien Lecornu, paru il y a quelques semaines, est une analyse froide de cette \"rupture strat\u00e9gique profonde\" qui menace notre s\u00e9curit\u00e9 collective. Bruno Tertrais l'analyse pour dokdoc.","og_url":"https:\/\/dokdoc.eu\/fr\/2024\/12\/01\/plus-en-paix\/","og_site_name":"dokdoc.eu","article_published_time":"2024-12-01T16:35:41+00:00","article_modified_time":"2025-04-11T12:42:01+00:00","og_image":[{"width":2560,"height":1707,"url":"https:\/\/dokdoc.eu\/wp-content\/uploads\/2024\/12\/1_2Y99G41-scaled-1.jpg","type":"image\/jpeg"}],"author":"Bruno Tertrais","twitter_card":"summary_large_image","twitter_misc":{"\u00c9crit par":"RochowMedienagentur","Dur\u00e9e de lecture estim\u00e9e":"9 minutes"},"schema":{"@context":"https:\/\/schema.org","@graph":[{"@type":"Article","@id":"https:\/\/dokdoc.eu\/fr\/2024\/12\/01\/plus-en-paix\/#article","isPartOf":{"@id":"https:\/\/dokdoc.eu\/fr\/2024\/12\/01\/plus-en-paix\/"},"author":{"name":"RochowMedienagentur","@id":"https:\/\/dokdoc.eu\/fr\/#\/schema\/person\/d760e6e53df901fd9522f1d3a1e46621"},"headline":"\u00ab Nous ne sommes plus en paix \u00bb","datePublished":"2024-12-01T16:35:41+00:00","dateModified":"2025-04-11T12:42:01+00:00","mainEntityOfPage":{"@id":"https:\/\/dokdoc.eu\/fr\/2024\/12\/01\/plus-en-paix\/"},"wordCount":1608,"publisher":{"@id":"https:\/\/dokdoc.eu\/fr\/#organization"},"image":{"@id":"https:\/\/dokdoc.eu\/fr\/2024\/12\/01\/plus-en-paix\/#primaryimage"},"thumbnailUrl":"https:\/\/dokdoc.eu\/wp-content\/uploads\/2024\/12\/1_2Y99G41-scaled-1.jpg","articleSection":["Politique"],"inLanguage":"fr-FR"},{"@type":"WebPage","@id":"https:\/\/dokdoc.eu\/fr\/2024\/12\/01\/plus-en-paix\/","url":"https:\/\/dokdoc.eu\/fr\/2024\/12\/01\/plus-en-paix\/","name":"\u00ab Nous ne sommes plus en paix \u00bb - dokdoc.eu","isPartOf":{"@id":"https:\/\/dokdoc.eu\/fr\/#website"},"primaryImageOfPage":{"@id":"https:\/\/dokdoc.eu\/fr\/2024\/12\/01\/plus-en-paix\/#primaryimage"},"image":{"@id":"https:\/\/dokdoc.eu\/fr\/2024\/12\/01\/plus-en-paix\/#primaryimage"},"thumbnailUrl":"https:\/\/dokdoc.eu\/wp-content\/uploads\/2024\/12\/1_2Y99G41-scaled-1.jpg","datePublished":"2024-12-01T16:35:41+00:00","dateModified":"2025-04-11T12:42:01+00:00","breadcrumb":{"@id":"https:\/\/dokdoc.eu\/fr\/2024\/12\/01\/plus-en-paix\/#breadcrumb"},"inLanguage":"fr-FR","potentialAction":[{"@type":"ReadAction","target":["https:\/\/dokdoc.eu\/fr\/2024\/12\/01\/plus-en-paix\/"]}]},{"@type":"ImageObject","inLanguage":"fr-FR","@id":"https:\/\/dokdoc.eu\/fr\/2024\/12\/01\/plus-en-paix\/#primaryimage","url":"https:\/\/dokdoc.eu\/wp-content\/uploads\/2024\/12\/1_2Y99G41-scaled-1.jpg","contentUrl":"https:\/\/dokdoc.eu\/wp-content\/uploads\/2024\/12\/1_2Y99G41-scaled-1.jpg","width":2560,"height":1707,"caption":"2Y99G41 France. 09th Oct, 2024. French Army Minister Sebastien Lecornu during a ukrainian soldiers training session in a french military camp in eastern France, on October 9, 2024, before a French President Emmanuel Macron visit. Photo by Eliot Blondet\/ABACAPRESS.COM Credit: Abaca Press\/Alamy Live News"},{"@type":"BreadcrumbList","@id":"https:\/\/dokdoc.eu\/fr\/2024\/12\/01\/plus-en-paix\/#breadcrumb","itemListElement":[{"@type":"ListItem","position":1,"name":"Startseite","item":"https:\/\/dokdoc.eu\/fr\/"},{"@type":"ListItem","position":2,"name":"\u00ab Nous ne sommes plus en paix \u00bb"}]},{"@type":"WebSite","@id":"https:\/\/dokdoc.eu\/fr\/#website","url":"https:\/\/dokdoc.eu\/fr\/","name":"dokdoc.eu","description":"","publisher":{"@id":"https:\/\/dokdoc.eu\/fr\/#organization"},"potentialAction":[{"@type":"SearchAction","target":{"@type":"EntryPoint","urlTemplate":"https:\/\/dokdoc.eu\/fr\/?s={search_term_string}"},"query-input":{"@type":"PropertyValueSpecification","valueRequired":true,"valueName":"search_term_string"}}],"inLanguage":"fr-FR"},{"@type":"Organization","@id":"https:\/\/dokdoc.eu\/fr\/#organization","name":"dokdoc.eu","url":"https:\/\/dokdoc.eu\/fr\/","logo":{"@type":"ImageObject","inLanguage":"fr-FR","@id":"https:\/\/dokdoc.eu\/fr\/#\/schema\/logo\/image\/","url":"https:\/\/dokdoc.eu\/wp-content\/uploads\/2019\/08\/cropped-logo_dokdoc-e1720795013301.png","contentUrl":"https:\/\/dokdoc.eu\/wp-content\/uploads\/2019\/08\/cropped-logo_dokdoc-e1720795013301.png","width":150,"height":110,"caption":"dokdoc.eu"},"image":{"@id":"https:\/\/dokdoc.eu\/fr\/#\/schema\/logo\/image\/"}},{"@type":"Person","@id":"https:\/\/dokdoc.eu\/fr\/#\/schema\/person\/d760e6e53df901fd9522f1d3a1e46621","name":"RochowMedienagentur","image":{"@type":"ImageObject","inLanguage":"fr-FR","@id":"https:\/\/dokdoc.eu\/wp-content\/uploads\/2019\/08\/cropped-logo_dokdoc-e1720795013301.png830075fd1c1a1f70247b47fa84cf0f00","url":"https:\/\/dokdoc.eu\/wp-content\/uploads\/2019\/08\/cropped-logo_dokdoc-e1720795013301.png","contentUrl":"https:\/\/dokdoc.eu\/wp-content\/uploads\/2019\/08\/cropped-logo_dokdoc-e1720795013301.png","caption":"RochowMedienagentur"},"sameAs":["https:\/\/dokdoc.eu"],"url":"https:\/\/dokdoc.eu\/fr\/author\/rochowmedienagentur\/"}]}},"authors":[{"term_id":123,"user_id":0,"is_guest":1,"slug":"bruno-tertrais","display_name":"Bruno Tertrais","avatar_url":{"url":"https:\/\/dokdoc.eu\/wp-content\/uploads\/2024\/12\/Bruno-Tertrais-2-e1734526570888.png","url2x":"https:\/\/dokdoc.eu\/wp-content\/uploads\/2024\/12\/Bruno-Tertrais-2-e1734526570888.png"},"0":null,"1":"","2":"","3":"","4":"","5":"","6":"","7":"","8":""}],"_links":{"self":[{"href":"https:\/\/dokdoc.eu\/fr\/wp-json\/wp\/v2\/posts\/27488","targetHints":{"allow":["GET"]}}],"collection":[{"href":"https:\/\/dokdoc.eu\/fr\/wp-json\/wp\/v2\/posts"}],"about":[{"href":"https:\/\/dokdoc.eu\/fr\/wp-json\/wp\/v2\/types\/post"}],"author":[{"embeddable":true,"href":"https:\/\/dokdoc.eu\/fr\/wp-json\/wp\/v2\/users\/1"}],"replies":[{"embeddable":true,"href":"https:\/\/dokdoc.eu\/fr\/wp-json\/wp\/v2\/comments?post=27488"}],"version-history":[{"count":10,"href":"https:\/\/dokdoc.eu\/fr\/wp-json\/wp\/v2\/posts\/27488\/revisions"}],"predecessor-version":[{"id":29690,"href":"https:\/\/dokdoc.eu\/fr\/wp-json\/wp\/v2\/posts\/27488\/revisions\/29690"}],"wp:featuredmedia":[{"embeddable":true,"href":"https:\/\/dokdoc.eu\/fr\/wp-json\/wp\/v2\/media\/27400"}],"wp:attachment":[{"href":"https:\/\/dokdoc.eu\/fr\/wp-json\/wp\/v2\/media?parent=27488"}],"wp:term":[{"taxonomy":"category","embeddable":true,"href":"https:\/\/dokdoc.eu\/fr\/wp-json\/wp\/v2\/categories?post=27488"},{"taxonomy":"post_tag","embeddable":true,"href":"https:\/\/dokdoc.eu\/fr\/wp-json\/wp\/v2\/tags?post=27488"},{"taxonomy":"author","embeddable":true,"href":"https:\/\/dokdoc.eu\/fr\/wp-json\/wp\/v2\/ppma_author?post=27488"}],"curies":[{"name":"wp","href":"https:\/\/api.w.org\/{rel}","templated":true}]}}