{"id":27558,"date":"2024-10-30T10:17:48","date_gmt":"2024-10-30T09:17:48","guid":{"rendered":"https:\/\/dokdoc.eu\/2024\/10\/30\/ce-passe-qui-oblige\/"},"modified":"2025-04-24T16:23:51","modified_gmt":"2025-04-24T14:23:51","slug":"ce-passe-qui-oblige","status":"publish","type":"post","link":"https:\/\/dokdoc.eu\/fr\/2024\/10\/30\/ce-passe-qui-oblige\/","title":{"rendered":"Ce pass\u00e9 qui oblige"},"content":{"rendered":"\r\n<figure id=\"attachment_27356\" aria-describedby=\"caption-attachment-27356\" style=\"width: 1024px\" class=\"wp-caption aligncenter\"><img fetchpriority=\"high\" decoding=\"async\" class=\"wp-image-27356\" src=\"https:\/\/dokdoc.eu\/wp-content\/uploads\/2024\/10\/1_imago0062272674h-scaled-1-300x211.jpg\" alt=\"Joachim Gauck le 1er septembre 2014 \u00e0 la Westerplatte (Copyright: Imago)\" width=\"1024\" height=\"722\" srcset=\"https:\/\/dokdoc.eu\/wp-content\/uploads\/2024\/10\/1_imago0062272674h-scaled-1-300x211.jpg 300w, https:\/\/dokdoc.eu\/wp-content\/uploads\/2024\/10\/1_imago0062272674h-scaled-1-1024x722.jpg 1024w, https:\/\/dokdoc.eu\/wp-content\/uploads\/2024\/10\/1_imago0062272674h-scaled-1-768x541.jpg 768w, https:\/\/dokdoc.eu\/wp-content\/uploads\/2024\/10\/1_imago0062272674h-scaled-1-1536x1082.jpg 1536w, https:\/\/dokdoc.eu\/wp-content\/uploads\/2024\/10\/1_imago0062272674h-scaled-1-2048x1443.jpg 2048w\" sizes=\"(max-width: 1024px) 100vw, 1024px\" \/><figcaption id=\"caption-attachment-27356\" class=\"wp-caption-text\">Joachim Gauck le 1er septembre 2014 \u00e0 la Westerplatte (Copyright: Imago)<\/figcaption><\/figure>\r\n<p><strong>Les relations germano-polonaises ne sont pas au beau fixe. L&rsquo;absence de Donald Tusk \u00e0 la rencontre du 18 octobre dernier \u00e0 Berlin en est certainement l&rsquo;une des meilleures illustrations. L&rsquo;Allemagne a pourtant une responsabilit\u00e9 historique \u00e0 l&rsquo;\u00e9gard de la Pologne. Hans Stark explique. <\/strong><\/p>\r\n\r\n\r\n\r\n<p><!--more--><\/p>\r\n\r\n\r\n\r\n<p>&nbsp;<\/p>\r\n<p>Les relations germano-polonaises sont \u00e0 la fois \u00e9troites et compliqu\u00e9es. Les deux pays partagent une fronti\u00e8re commune de 469 km. Ils sont alli\u00e9s dans le cadre de l&rsquo;OTAN et partenaires au sein de l&rsquo;UE. 800 000 Polonais vivent en Allemagne, 150 000 Allemands, pour la plupart des citoyens polonais appartenant \u00e0 ce que l&rsquo;on appelle la minorit\u00e9 allemande, en Pologne. Berlin est le principal partenaire commercial de Varsovie : 27,8% de ses exportations lui sont destin\u00e9es (contre 6,16% pour la France et 4,94% pour le Royaume-Uni). Mais la Pologne occupe elle aussi une place de plus en plus importante dans les exportations allemandes. Elle a m\u00eame d\u00e9pass\u00e9 la Chine et se situe d\u00e9sormais en quatri\u00e8me position derri\u00e8re les \u00c9tats-Unis, la France et les Pays-Bas. Et si on additionne les importations et exportations allemandes, on voit alors qu&rsquo;elle pointe \u00e0 la cinqui\u00e8me place, derri\u00e8re les \u00c9tats-Unis, la Chine, les Pays-Bas et la France. Aucun de ces pays n&rsquo;a augment\u00e9 ses importations de mani\u00e8re aussi forte depuis le grand \u00e9largissement de 2004. C&rsquo;est un \u00e9norme succ\u00e8s.<\/p>\r\n<p>&nbsp;<\/p>\r\n\r\n\r\n\r\n<h2 class=\"wp-block-heading\"><strong>1300 milliards<\/strong><\/h2>\r\n\r\n\r\n\r\n<p>Mais avec aucun autre pays, l&rsquo;Allemagne n&rsquo;entretient une relation \u00e0 ce point charg\u00e9e d&rsquo;histoire qu&rsquo;avec la Pologne. La demande de r\u00e9paration de 1300 milliards d&rsquo;euros que le gouvernement PiS n&rsquo;a cess\u00e9 de r\u00e9clamer \u00e0 l&rsquo;Allemagne lorsqu&rsquo;il \u00e9tait aux affaires en est peut-\u00eatre la meilleure illustration. Le gouvernement Tusk ne l&rsquo;a certes pas reprise \u00e0 son compte mais il a d\u00e9j\u00e0 donn\u00e9 \u00e0 voir qu&rsquo;il ne la consid\u00e9rait pas comme infond\u00e9e et qu&rsquo;il attendait une initiative allant dans ce sens. L&rsquo;affaire est donc loin d&rsquo;\u00eatre r\u00e9gl\u00e9e. Ce n&rsquo;est d&rsquo;ailleurs pas un hasard si le<sup>1er<\/sup> septembre 2024, date du <sup>85\u00e8me<\/sup> anniversaire de l&rsquo;attaque de la Pologne par l&rsquo;Allemagne, le pr\u00e9sident Andrzej Duda a r\u00e9it\u00e9r\u00e9 les demandes de ses coll\u00e8gues du PiS. Dans les faits, il est toutefois tr\u00e8s difficile d&rsquo;y r\u00e9pondre compte tenu de l&rsquo;ampleur de la culpabilit\u00e9 allemande et plus largement, du poids du pass\u00e9.<\/p>\r\n\r\n\r\n\r\n<p>Au <sup>XVIIIe<\/sup> si\u00e8cle, la Prusse a particip\u00e9 activement aux trois partages et, par-l\u00e0, \u00e0 la destruction de la r\u00e9publique aristocratique polono-lituanienne, s&rsquo;appropriant pas moins de 136 000 <sup>km2<\/sup> de territoire. En 1919, la renaissance de la Pologne en tant qu&rsquo;\u00c9tat souverain est all\u00e9e de pair avec le rattachement de territoires ayant appartenu \u00e0 l&rsquo;Empire allemand, un fait qui n&rsquo;a pas manqu\u00e9 d&rsquo;approfondir l&rsquo;hostilit\u00e9 entre les deux pays. Celle-ci a connu son point d&rsquo;orgue dans l&rsquo;attaque du<sup>1er<\/sup> septembre 1939 : 6 millions de citoyens polonais trouv\u00e8rent alors la mort, dont 3 millions de Juifs, soit la moiti\u00e9 des victimes de l&rsquo;Holocauste.<\/p>\r\n<p>&nbsp;<\/p>\r\n<figure id=\"attachment_27354\" aria-describedby=\"caption-attachment-27354\" style=\"width: 1024px\" class=\"wp-caption aligncenter\"><img decoding=\"async\" class=\"wp-image-27354\" src=\"https:\/\/dokdoc.eu\/wp-content\/uploads\/2024\/10\/2_Destroyed_Warsaw_capital_of_Poland_January_1945-300x247.jpg\" alt=\"Vue a\u00e9rienne de Varsovie en janvier 1945 (Copyright : Wikimedi Commons)\" width=\"1024\" height=\"844\" srcset=\"https:\/\/dokdoc.eu\/wp-content\/uploads\/2024\/10\/2_Destroyed_Warsaw_capital_of_Poland_January_1945-300x247.jpg 300w, https:\/\/dokdoc.eu\/wp-content\/uploads\/2024\/10\/2_Destroyed_Warsaw_capital_of_Poland_January_1945-768x633.jpg 768w, https:\/\/dokdoc.eu\/wp-content\/uploads\/2024\/10\/2_Destroyed_Warsaw_capital_of_Poland_January_1945.jpg 1000w\" sizes=\"(max-width: 1024px) 100vw, 1024px\" \/><figcaption id=\"caption-attachment-27354\" class=\"wp-caption-text\">Vue a\u00e9rienne de Varsovie en janvier 1945 (Copyright : Wikimedi Commons)<\/figcaption><\/figure>\r\n<p>&nbsp;<\/p>\r\n\r\n\r\n\r\n\r\n\r\n<p>En janvier 1945, le pays \u00e9tait en ruines. 85 % des b\u00e2timents avaient \u00e9t\u00e9 d\u00e9truits : 10 % \u00e0 la suite de l&rsquo;invasion de la Pologne et des combats qui l&rsquo;avaient suivie, 15 % au moment du soul\u00e8vement du ghetto de Varsovie, 25 % apr\u00e8s l&rsquo;insurrection de la ville Varsovie et 35 % dans le cadre des op\u00e9rations de destruction syst\u00e9matique men\u00e9es dans la foul\u00e9e, \u00e0 Varsovie, Poznan ou bien encore Bia\u0142ystok.<\/p>\r\n<p>&nbsp;<\/p>\r\n\r\n\r\n\r\n<h2 class=\"wp-block-heading\"><strong>Une m\u00e9moire en berne<\/strong><\/h2>\r\n\r\n\r\n\r\n<p>La m\u00e9moire de ces crimes est peu r\u00e9pandue en Allemagne alors qu&rsquo;en Pologne, elle est omnipr\u00e9sente. C&rsquo;est un fait qui p\u00e8se aujourd&rsquo;hui lourdement sur les relations bilat\u00e9rales. La m\u00e9moire allemande de la Seconde Guerre mondiale se concentre sur l&rsquo;Holocauste, les bombardements des villes allemandes par les Alli\u00e9s ainsi que le d\u00e9coupage des fronti\u00e8res (au profit de la Pologne) tel que d\u00e9cid\u00e9 par la conf\u00e9rence de Potsdam. Il en d\u00e9coula l&rsquo;expulsion de 6,3 millions d&rsquo;Allemands &#8211; de Pom\u00e9ranie, de Sil\u00e9sie et de Prusse occidentale -, un chiffre qui, \u00a0\u00bb mis dans la balance \u00ab\u00a0, a parfois fait croire aux Allemands qu&rsquo;ils \u00e9taient du c\u00f4t\u00e9 des victimes. C&rsquo;est aujourd&rsquo;hui encore parfois le cas. Cette d\u00e9formation de l&rsquo;histoire, qui n&rsquo;est finalement rien d&rsquo;autre qu&rsquo;une forme de r\u00e9visionnisme, doit \u00eatre combattue par les historiens, les journalistes, ainsi que par les enseignants. La Pologne se plaint \u00e0 juste titre que tel n&rsquo;est pas encore le cas. Et pour cause : dans un <a href=\"https:\/\/www.bundespraesident.de\/SharedDocs\/Reden\/DE\/Roman-Herzog\/Reden\/1994\/08\/19940801_Rede.html\">discours<\/a> du<sup>1er<\/sup> ao\u00fbt 1994, Roman Herzog, alors pr\u00e9sident de la R\u00e9publique f\u00e9d\u00e9rale, confond m\u00eame le soul\u00e8vement du ghetto de Varsovie (1943) avec l&rsquo;insurrection de Varsovie (1944). Une \u00e9tude de 2018 a d&rsquo;ailleurs r\u00e9v\u00e9l\u00e9 que sur 40 manuels d&rsquo;histoire, seuls deux traitaient de l&rsquo;insurrection de Varsovie. De l\u00e0 l&rsquo;importance qui \u00e9choit au chancelier et pr\u00e9sident f\u00e9d\u00e9ral lorsqu&rsquo;il s&rsquo;agit de comm\u00e9morer la m\u00e9moire des crimes allemands en Pologne : de l&rsquo;agenouillement de Willy Brandt (1971) \u00e0 la participation de Frank-Walter Steinmeier aux comm\u00e9morations du <sup>80\u00e8me<\/sup> anniversaire de l&rsquo;insurrection du ghetto de Varsovie en passant par le discours du pr\u00e9sident Richard von Weizs\u00e4cker le 8 mai 1985, l&rsquo;histoire des cinquante derni\u00e8res ann\u00e9es en offre plusieurs exemples.<\/p>\r\n<p>&nbsp;<\/p>\r\n\r\n\r\n\r\n<h2 class=\"wp-block-heading\"><strong>Mise en garde<\/strong><\/h2>\r\n\r\n\r\n\r\n<p>C&rsquo;est dans cette logique que le pr\u00e9sident Joachim Gauck participa aux comm\u00e9morations de l&rsquo;invasion de la Pologne le<sup>1er<\/sup> septembre 2014. Dans son discours dit de la <a href=\"https:\/\/www.bundespraesident.de\/SharedDocs\/Reden\/DE\/Joachim-Gauck\/Reden\/2014\/09\/140901-Gedenken-Westerplatte.html\"><em>Westerplatte<\/em><\/a>, il s&rsquo;exprime clairement sur la question de la culpabilit\u00e9 allemande : \u00a0\u00bb Il y a 75 ans aujourd&rsquo;hui, ici, \u00e0 la <em>Westerplatte<\/em>, commen\u00e7ait la Seconde Guerre mondiale. Durant cette guerre, plus de 110 millions de personnes prirent les armes et pr\u00e8s de 60 millions p\u00e9rirent \u00ab\u00a0. Il souligna en outre de fa\u00e7on tr\u00e8s explicite que \u00a0\u00bb le peuple polonais a(vait) terriblement souffert de la guerre et de la terreur du r\u00e9gime nazi, qui avait pour objectif de d\u00e9truire \u00a0\u00bb le pays, et rappela que \u00a0\u00bb pr\u00e8s de six millions de Polonais avaient \u00e9t\u00e9 fusill\u00e9s ou syst\u00e9matiquement liquid\u00e9s \u00ab\u00a0. Gauck se saisit \u00e9galement de l&rsquo;occasion pour mettre en regard l&rsquo;attaque allemande contre la Pologne et l&rsquo;annexion de la Crim\u00e9e et de certaines parties du Donbass (printemps 2014). Ce faisant, il avertit des cons\u00e9quences qu&rsquo;une absence de r\u00e9action aurait sur la politique d&rsquo;expansion russe : \u00a0\u00bb L&rsquo;histoire nous enseigne que des concessions territoriales ne font souvent qu&rsquo;accro\u00eetre l&rsquo;app\u00e9tit de l&rsquo;agresseur. L&rsquo;histoire nous apprend \u00e9galement qu&rsquo;une escalade incontr\u00f4l\u00e9e peut engendrer une dynamique qui finit par \u00e9chapper \u00e0 tout contr\u00f4le \u00ab\u00a0. Depuis, les \u00e9v\u00e8nements ont montr\u00e9 qu&rsquo;il avait raison.<\/p>\r\n<p>&nbsp;<\/p>\r\n\r\n\r\n\r\n<h2 class=\"wp-block-heading\"><strong>Le discours de 2023<\/strong><\/h2>\r\n\r\n\r\n\r\n<p>Le <a href=\"https:\/\/www.bundespraesident.de\/SharedDocs\/Reden\/DE\/Frank-Walter-Steinmeier\/Reden\/2023\/04\/230419-Gedenken-Warschauer-Ghetto.html\">discours<\/a> que Frank-Walter Steinmeier pronon\u00e7a le 19 avril 2023 dans le cadre du <sup>80\u00e8me<\/sup> anniversaire de l&rsquo;insurrection du ghetto de Varsovie s&rsquo;inscrit dans cette m\u00eame logique. C&rsquo;\u00e9tait la premi\u00e8re fois qu&rsquo;un chef d&rsquo;\u00c9tat allemand y avait \u00e9t\u00e9 invit\u00e9. Steinmeier commen\u00e7a par rappeler \u00a0\u00bb le courage inimaginable \u00a0\u00bb dont avaient fait preuve \u00a0\u00bb les h\u00e9ro\u00efnes et les h\u00e9ros du ghetto de Varsovie \u00ab\u00a0. Pour eux, il s&rsquo;agissait avant tout de pr\u00e9server leur dignit\u00e9 face \u00e0 une mort certaine. Et Steinmeier de poursuivre : s&rsquo;en souvenir est un devoir. C&rsquo;est justement ce qu&rsquo;exige la Pologne : proc\u00e9der \u00e0 un travail historique en profondeur sur les crimes commis par les Nazis en Pologne.<\/p>\r\n<p>&nbsp;<\/p>\r\n<figure id=\"attachment_27355\" aria-describedby=\"caption-attachment-27355\" style=\"width: 1024px\" class=\"wp-caption aligncenter\"><img decoding=\"async\" class=\"wp-image-27355\" src=\"https:\/\/dokdoc.eu\/wp-content\/uploads\/2024\/10\/3_Depositphotos_38037231_XL-scaled-1-300x200.jpg\" alt=\"Monument \u00e0 la m\u00e9moire du soul\u00e8vement de Varsovie (Copyright : Depositphotos)\" width=\"1024\" height=\"683\" srcset=\"https:\/\/dokdoc.eu\/wp-content\/uploads\/2024\/10\/3_Depositphotos_38037231_XL-scaled-1-300x200.jpg 300w, https:\/\/dokdoc.eu\/wp-content\/uploads\/2024\/10\/3_Depositphotos_38037231_XL-scaled-1-1024x683.jpg 1024w, https:\/\/dokdoc.eu\/wp-content\/uploads\/2024\/10\/3_Depositphotos_38037231_XL-scaled-1-768x512.jpg 768w, https:\/\/dokdoc.eu\/wp-content\/uploads\/2024\/10\/3_Depositphotos_38037231_XL-scaled-1-1536x1024.jpg 1536w, https:\/\/dokdoc.eu\/wp-content\/uploads\/2024\/10\/3_Depositphotos_38037231_XL-scaled-1-2048x1366.jpg 2048w\" sizes=\"(max-width: 1024px) 100vw, 1024px\" \/><figcaption id=\"caption-attachment-27355\" class=\"wp-caption-text\">Monument \u00e0 la m\u00e9moire du soul\u00e8vement de Varsovie (Copyright : Depositphotos)<\/figcaption><\/figure>\r\n<p>&nbsp;<\/p>\r\n\r\n\r\n\r\n\r\n\r\n<p>Comme Gauck, Steinmeier se saisit de l&rsquo;occasion pour parler de la guerre en Ukraine. Lui qui avait \u00e9t\u00e9 s\u00e9v\u00e8rement critiqu\u00e9 avant 2022 pour la relation qu&rsquo;il avait entretenue avec Poutine et le soutien qu&rsquo;il avait apport\u00e9 au partenariat \u00e9nerg\u00e9tique germano-russe, d\u00e9clara alors : \u00a0\u00bb En attaquant un pays voisin pacifique et d\u00e9mocratique (&#8230;), Vladimir Poutine a d\u00e9truit les fondements de notre architecture de s\u00e9curit\u00e9 europ\u00e9enne. Le pr\u00e9sident russe a enfreint le droit international, remis en question l&rsquo;intangibilit\u00e9 des fronti\u00e8res, et annex\u00e9 des territoires ukrainiens. Cette guerre est pour le peuple ukrainien synonyme de souffrances incommensurables, de violence, de destruction et de mort \u00ab\u00a0.<\/p>\r\n<p>&nbsp;<\/p>\r\n\r\n\r\n\r\n<h2 class=\"wp-block-heading\"><strong>Deux aspects fondamentaux<\/strong><\/h2>\r\n\r\n\r\n\r\n<p>Le soutien militaire, financier, \u00e9conomique et humanitaire que l&rsquo;Allemagne apporte \u00e0 l&rsquo;Ukraine, est non seulement dans l&rsquo;int\u00e9r\u00eat vital de Kiev. Il l&rsquo;est aussi pour Varsovie. Pour toutes ces raisons, il doit se poursuivre. L&rsquo;Allemagne reste n\u00e9anmoins ambivalente sur la question. D&rsquo;un c\u00f4t\u00e9, elle fait partie des pays qui ont le plus aid\u00e9 Kiev depuis le d\u00e9but de l&rsquo;invasion russe ; de l&rsquo;autre, elle pr\u00e9voit de r\u00e9duire de moiti\u00e9 son aide militaire \u00e0 l&rsquo;Ukraine en 2025 (pour des raisons budg\u00e9taires). Berlin fournit certes de puissants syst\u00e8mes de d\u00e9fense a\u00e9rienne, mais refuse toujours de livrer des missiles Taurus capables d&rsquo;ex\u00e9cuter des frappes en profondeur. Ce comportement incoh\u00e9rent affaiblit non pas seulement l&rsquo;Ukraine mais aussi la Pologne dont la fronti\u00e8re orientale est aujourd&rsquo;hui \u00e0 nouveau menac\u00e9e. L&rsquo;attitude du gouvernement allemand suscite \u00e9galement des doutes quant \u00e0 sa volont\u00e9 de traiter les crimes commis en Pologne comme il le devrait et d&rsquo;y apporter les r\u00e9ponses qui s&rsquo;imposent, \u00e0 savoir : accorder des compensations sans pour autant r\u00e9pondre aux exigences massives du PiS.<\/p>\r\n\r\n\r\n\r\n<p>La guerre en Ukraine et le travail de m\u00e9moire en lien avec les crimes perp\u00e9tr\u00e9s en Pologne et dans d&rsquo;autres pays d&rsquo;Europe de l&rsquo;Est pendant la Deuxi\u00e8me Guerre mondiale ne sont pas ind\u00e9pendants l&rsquo;un de l&rsquo;autre. Bien au contraire : ils constituent deux aspects fondamentaux de la responsabilit\u00e9 historique qui \u00e9choit \u00e0 l&rsquo;Allemagne. Il est plus que jamais temps de relire le discours de la <em>Westerplatte<\/em>.<\/p>\r\n<p>&nbsp;<\/p>\r\n\r\n\r\n\r\n<h2 class=\"wp-block-heading\"><strong>L&rsquo;auteur<\/strong><\/h2>\r\n<figure id=\"attachment_27056\" aria-describedby=\"caption-attachment-27056\" style=\"width: 300px\" class=\"wp-caption alignleft\"><img loading=\"lazy\" decoding=\"async\" class=\"size-medium wp-image-27056\" src=\"https:\/\/dokdoc.eu\/wp-content\/uploads\/2024\/02\/Hans-Stark_SU-300x200.jpg\" alt=\"Copyright: Hans Stark\" width=\"300\" height=\"200\" srcset=\"https:\/\/dokdoc.eu\/wp-content\/uploads\/2024\/02\/Hans-Stark_SU-300x200.jpg 300w, https:\/\/dokdoc.eu\/wp-content\/uploads\/2024\/02\/Hans-Stark_SU-1024x683.jpg 1024w, https:\/\/dokdoc.eu\/wp-content\/uploads\/2024\/02\/Hans-Stark_SU-768x512.jpg 768w, https:\/\/dokdoc.eu\/wp-content\/uploads\/2024\/02\/Hans-Stark_SU.jpg 1171w\" sizes=\"(max-width: 300px) 100vw, 300px\" \/><figcaption id=\"caption-attachment-27056\" class=\"wp-caption-text\">Copyright: Hans Stark<\/figcaption><\/figure>\r\n\r\n\r\n\r\n\r\n\r\n<p><em>Hans Stark est professeur de civilisation allemande \u00e0 Sorbonne Universit\u00e9 depuis 2012. Il a \u00e9t\u00e9 secr\u00e9taire g\u00e9n\u00e9ral du Comit\u00e9 d&rsquo;\u00e9tudes des relations franco-allemandes (Cerfa) \u00e0 l&rsquo;Institut fran\u00e7ais des relations internationales (Ifri) jusqu&rsquo;en 2020. Apr\u00e8s des \u00e9tudes de sciences politiques \u00e0 Sciences Po Paris, il a obtenu un doctorat \u00e0 la Sorbonne (2001) et une habilitation \u00e0 diriger des recherches en \u00e9tudes germaniques \u00e0 l&rsquo;Universit\u00e9 de Lille (2011). <\/em><\/p>\r\n<p>&nbsp;<\/p>\r\n<h2>\u00a0<\/h2>\r\n","protected":false},"excerpt":{"rendered":"<p>Les relations germano-polonaises ne sont pas au beau fixe. L&rsquo;absence de Donald Tusk \u00e0 la rencontre du 18 octobre dernier \u00e0 Berlin en est certainement l&rsquo;une des meilleures illustrations. L&rsquo;Allemagne a pourtant une responsabilit\u00e9 historique \u00e0 l&rsquo;\u00e9gard de la Pologne. Hans Stark explique.<\/p>\n","protected":false},"author":1,"featured_media":27356,"comment_status":"closed","ping_status":"closed","sticky":false,"template":"","format":"standard","meta":{"om_disable_all_campaigns":false,"_monsterinsights_skip_tracking":false,"_monsterinsights_sitenote_active":false,"_monsterinsights_sitenote_note":"","_monsterinsights_sitenote_category":0,"_uf_show_specific_survey":0,"_uf_disable_surveys":false,"footnotes":""},"categories":[114],"tags":[],"ppma_author":[615],"class_list":["post-27558","post","type-post","status-publish","format-standard","has-post-thumbnail","hentry","category-politique-fr-2"],"yoast_head":"<!-- This site is optimized with the Yoast SEO plugin v27.4 - https:\/\/yoast.com\/product\/yoast-seo-wordpress\/ -->\n<title>Ce pass\u00e9 qui oblige - dokdoc.eu<\/title>\n<meta name=\"robots\" content=\"index, follow, max-snippet:-1, max-image-preview:large, max-video-preview:-1\" \/>\n<link rel=\"canonical\" href=\"https:\/\/dokdoc.eu\/fr\/2024\/10\/30\/ce-passe-qui-oblige\/\" \/>\n<meta property=\"og:locale\" content=\"fr_FR\" \/>\n<meta property=\"og:type\" content=\"article\" \/>\n<meta property=\"og:title\" content=\"Ce pass\u00e9 qui oblige - dokdoc.eu\" \/>\n<meta property=\"og:description\" content=\"Les relations germano-polonaises ne sont pas au beau fixe. L&rsquo;absence de Donald Tusk \u00e0 la rencontre du 18 octobre dernier \u00e0 Berlin en est certainement l&rsquo;une des meilleures illustrations. L&rsquo;Allemagne a pourtant une responsabilit\u00e9 historique \u00e0 l&rsquo;\u00e9gard de la Pologne. Hans Stark explique.\" \/>\n<meta property=\"og:url\" content=\"https:\/\/dokdoc.eu\/fr\/2024\/10\/30\/ce-passe-qui-oblige\/\" \/>\n<meta property=\"og:site_name\" content=\"dokdoc.eu\" \/>\n<meta property=\"article:published_time\" content=\"2024-10-30T09:17:48+00:00\" \/>\n<meta property=\"article:modified_time\" content=\"2025-04-24T14:23:51+00:00\" \/>\n<meta property=\"og:image\" content=\"https:\/\/dokdoc.eu\/wp-content\/uploads\/2024\/10\/1_imago0062272674h-scaled-1.jpg\" \/>\n\t<meta property=\"og:image:width\" content=\"2560\" \/>\n\t<meta property=\"og:image:height\" content=\"1804\" \/>\n\t<meta property=\"og:image:type\" content=\"image\/jpeg\" \/>\n<meta name=\"author\" content=\"Hans Stark\" \/>\n<meta name=\"twitter:card\" content=\"summary_large_image\" \/>\n<meta name=\"twitter:label1\" content=\"\u00c9crit par\" \/>\n\t<meta name=\"twitter:data1\" content=\"RochowMedienagentur\" \/>\n\t<meta name=\"twitter:label2\" content=\"Dur\u00e9e de lecture estim\u00e9e\" \/>\n\t<meta name=\"twitter:data2\" content=\"10 minutes\" \/>\n<script type=\"application\/ld+json\" class=\"yoast-schema-graph\">{\"@context\":\"https:\\\/\\\/schema.org\",\"@graph\":[{\"@type\":\"Article\",\"@id\":\"https:\\\/\\\/dokdoc.eu\\\/fr\\\/2024\\\/10\\\/30\\\/ce-passe-qui-oblige\\\/#article\",\"isPartOf\":{\"@id\":\"https:\\\/\\\/dokdoc.eu\\\/fr\\\/2024\\\/10\\\/30\\\/ce-passe-qui-oblige\\\/\"},\"author\":{\"name\":\"RochowMedienagentur\",\"@id\":\"https:\\\/\\\/dokdoc.eu\\\/fr\\\/#\\\/schema\\\/person\\\/d760e6e53df901fd9522f1d3a1e46621\"},\"headline\":\"Ce pass\u00e9 qui oblige\",\"datePublished\":\"2024-10-30T09:17:48+00:00\",\"dateModified\":\"2025-04-24T14:23:51+00:00\",\"mainEntityOfPage\":{\"@id\":\"https:\\\/\\\/dokdoc.eu\\\/fr\\\/2024\\\/10\\\/30\\\/ce-passe-qui-oblige\\\/\"},\"wordCount\":1780,\"publisher\":{\"@id\":\"https:\\\/\\\/dokdoc.eu\\\/fr\\\/#organization\"},\"image\":{\"@id\":\"https:\\\/\\\/dokdoc.eu\\\/fr\\\/2024\\\/10\\\/30\\\/ce-passe-qui-oblige\\\/#primaryimage\"},\"thumbnailUrl\":\"https:\\\/\\\/dokdoc.eu\\\/wp-content\\\/uploads\\\/2024\\\/10\\\/1_imago0062272674h-scaled-1.jpg\",\"articleSection\":[\"Politique\"],\"inLanguage\":\"fr-FR\"},{\"@type\":\"WebPage\",\"@id\":\"https:\\\/\\\/dokdoc.eu\\\/fr\\\/2024\\\/10\\\/30\\\/ce-passe-qui-oblige\\\/\",\"url\":\"https:\\\/\\\/dokdoc.eu\\\/fr\\\/2024\\\/10\\\/30\\\/ce-passe-qui-oblige\\\/\",\"name\":\"Ce pass\u00e9 qui oblige - dokdoc.eu\",\"isPartOf\":{\"@id\":\"https:\\\/\\\/dokdoc.eu\\\/fr\\\/#website\"},\"primaryImageOfPage\":{\"@id\":\"https:\\\/\\\/dokdoc.eu\\\/fr\\\/2024\\\/10\\\/30\\\/ce-passe-qui-oblige\\\/#primaryimage\"},\"image\":{\"@id\":\"https:\\\/\\\/dokdoc.eu\\\/fr\\\/2024\\\/10\\\/30\\\/ce-passe-qui-oblige\\\/#primaryimage\"},\"thumbnailUrl\":\"https:\\\/\\\/dokdoc.eu\\\/wp-content\\\/uploads\\\/2024\\\/10\\\/1_imago0062272674h-scaled-1.jpg\",\"datePublished\":\"2024-10-30T09:17:48+00:00\",\"dateModified\":\"2025-04-24T14:23:51+00:00\",\"breadcrumb\":{\"@id\":\"https:\\\/\\\/dokdoc.eu\\\/fr\\\/2024\\\/10\\\/30\\\/ce-passe-qui-oblige\\\/#breadcrumb\"},\"inLanguage\":\"fr-FR\",\"potentialAction\":[{\"@type\":\"ReadAction\",\"target\":[\"https:\\\/\\\/dokdoc.eu\\\/fr\\\/2024\\\/10\\\/30\\\/ce-passe-qui-oblige\\\/\"]}]},{\"@type\":\"ImageObject\",\"inLanguage\":\"fr-FR\",\"@id\":\"https:\\\/\\\/dokdoc.eu\\\/fr\\\/2024\\\/10\\\/30\\\/ce-passe-qui-oblige\\\/#primaryimage\",\"url\":\"https:\\\/\\\/dokdoc.eu\\\/wp-content\\\/uploads\\\/2024\\\/10\\\/1_imago0062272674h-scaled-1.jpg\",\"contentUrl\":\"https:\\\/\\\/dokdoc.eu\\\/wp-content\\\/uploads\\\/2024\\\/10\\\/1_imago0062272674h-scaled-1.jpg\",\"width\":2560,\"height\":1804,\"caption\":\"Joachim Gauck le 1er septembre 2014 \u00e0 la Westerplatte (Copyright: Imago)\"},{\"@type\":\"BreadcrumbList\",\"@id\":\"https:\\\/\\\/dokdoc.eu\\\/fr\\\/2024\\\/10\\\/30\\\/ce-passe-qui-oblige\\\/#breadcrumb\",\"itemListElement\":[{\"@type\":\"ListItem\",\"position\":1,\"name\":\"Startseite\",\"item\":\"https:\\\/\\\/dokdoc.eu\\\/fr\\\/\"},{\"@type\":\"ListItem\",\"position\":2,\"name\":\"Ce pass\u00e9 qui oblige\"}]},{\"@type\":\"WebSite\",\"@id\":\"https:\\\/\\\/dokdoc.eu\\\/fr\\\/#website\",\"url\":\"https:\\\/\\\/dokdoc.eu\\\/fr\\\/\",\"name\":\"dokdoc.eu\",\"description\":\"\",\"publisher\":{\"@id\":\"https:\\\/\\\/dokdoc.eu\\\/fr\\\/#organization\"},\"potentialAction\":[{\"@type\":\"SearchAction\",\"target\":{\"@type\":\"EntryPoint\",\"urlTemplate\":\"https:\\\/\\\/dokdoc.eu\\\/fr\\\/?s={search_term_string}\"},\"query-input\":{\"@type\":\"PropertyValueSpecification\",\"valueRequired\":true,\"valueName\":\"search_term_string\"}}],\"inLanguage\":\"fr-FR\"},{\"@type\":\"Organization\",\"@id\":\"https:\\\/\\\/dokdoc.eu\\\/fr\\\/#organization\",\"name\":\"dokdoc.eu\",\"url\":\"https:\\\/\\\/dokdoc.eu\\\/fr\\\/\",\"logo\":{\"@type\":\"ImageObject\",\"inLanguage\":\"fr-FR\",\"@id\":\"https:\\\/\\\/dokdoc.eu\\\/fr\\\/#\\\/schema\\\/logo\\\/image\\\/\",\"url\":\"https:\\\/\\\/dokdoc.eu\\\/wp-content\\\/uploads\\\/2019\\\/08\\\/cropped-logo_dokdoc-e1720795013301.png\",\"contentUrl\":\"https:\\\/\\\/dokdoc.eu\\\/wp-content\\\/uploads\\\/2019\\\/08\\\/cropped-logo_dokdoc-e1720795013301.png\",\"width\":150,\"height\":110,\"caption\":\"dokdoc.eu\"},\"image\":{\"@id\":\"https:\\\/\\\/dokdoc.eu\\\/fr\\\/#\\\/schema\\\/logo\\\/image\\\/\"}},{\"@type\":\"Person\",\"@id\":\"https:\\\/\\\/dokdoc.eu\\\/fr\\\/#\\\/schema\\\/person\\\/d760e6e53df901fd9522f1d3a1e46621\",\"name\":\"RochowMedienagentur\",\"image\":{\"@type\":\"ImageObject\",\"inLanguage\":\"fr-FR\",\"@id\":\"https:\\\/\\\/dokdoc.eu\\\/wp-content\\\/uploads\\\/2019\\\/08\\\/cropped-logo_dokdoc-e1720795013301.png830075fd1c1a1f70247b47fa84cf0f00\",\"url\":\"https:\\\/\\\/dokdoc.eu\\\/wp-content\\\/uploads\\\/2019\\\/08\\\/cropped-logo_dokdoc-e1720795013301.png\",\"contentUrl\":\"https:\\\/\\\/dokdoc.eu\\\/wp-content\\\/uploads\\\/2019\\\/08\\\/cropped-logo_dokdoc-e1720795013301.png\",\"caption\":\"RochowMedienagentur\"},\"sameAs\":[\"https:\\\/\\\/dokdoc.eu\"],\"url\":\"https:\\\/\\\/dokdoc.eu\\\/fr\\\/author\\\/rochowmedienagentur\\\/\"}]}<\/script>\n<!-- \/ Yoast SEO plugin. -->","yoast_head_json":{"title":"Ce pass\u00e9 qui oblige - dokdoc.eu","robots":{"index":"index","follow":"follow","max-snippet":"max-snippet:-1","max-image-preview":"max-image-preview:large","max-video-preview":"max-video-preview:-1"},"canonical":"https:\/\/dokdoc.eu\/fr\/2024\/10\/30\/ce-passe-qui-oblige\/","og_locale":"fr_FR","og_type":"article","og_title":"Ce pass\u00e9 qui oblige - dokdoc.eu","og_description":"Les relations germano-polonaises ne sont pas au beau fixe. L&rsquo;absence de Donald Tusk \u00e0 la rencontre du 18 octobre dernier \u00e0 Berlin en est certainement l&rsquo;une des meilleures illustrations. L&rsquo;Allemagne a pourtant une responsabilit\u00e9 historique \u00e0 l&rsquo;\u00e9gard de la Pologne. Hans Stark explique.","og_url":"https:\/\/dokdoc.eu\/fr\/2024\/10\/30\/ce-passe-qui-oblige\/","og_site_name":"dokdoc.eu","article_published_time":"2024-10-30T09:17:48+00:00","article_modified_time":"2025-04-24T14:23:51+00:00","og_image":[{"width":2560,"height":1804,"url":"https:\/\/dokdoc.eu\/wp-content\/uploads\/2024\/10\/1_imago0062272674h-scaled-1.jpg","type":"image\/jpeg"}],"author":"Hans Stark","twitter_card":"summary_large_image","twitter_misc":{"\u00c9crit par":"RochowMedienagentur","Dur\u00e9e de lecture estim\u00e9e":"10 minutes"},"schema":{"@context":"https:\/\/schema.org","@graph":[{"@type":"Article","@id":"https:\/\/dokdoc.eu\/fr\/2024\/10\/30\/ce-passe-qui-oblige\/#article","isPartOf":{"@id":"https:\/\/dokdoc.eu\/fr\/2024\/10\/30\/ce-passe-qui-oblige\/"},"author":{"name":"RochowMedienagentur","@id":"https:\/\/dokdoc.eu\/fr\/#\/schema\/person\/d760e6e53df901fd9522f1d3a1e46621"},"headline":"Ce pass\u00e9 qui oblige","datePublished":"2024-10-30T09:17:48+00:00","dateModified":"2025-04-24T14:23:51+00:00","mainEntityOfPage":{"@id":"https:\/\/dokdoc.eu\/fr\/2024\/10\/30\/ce-passe-qui-oblige\/"},"wordCount":1780,"publisher":{"@id":"https:\/\/dokdoc.eu\/fr\/#organization"},"image":{"@id":"https:\/\/dokdoc.eu\/fr\/2024\/10\/30\/ce-passe-qui-oblige\/#primaryimage"},"thumbnailUrl":"https:\/\/dokdoc.eu\/wp-content\/uploads\/2024\/10\/1_imago0062272674h-scaled-1.jpg","articleSection":["Politique"],"inLanguage":"fr-FR"},{"@type":"WebPage","@id":"https:\/\/dokdoc.eu\/fr\/2024\/10\/30\/ce-passe-qui-oblige\/","url":"https:\/\/dokdoc.eu\/fr\/2024\/10\/30\/ce-passe-qui-oblige\/","name":"Ce pass\u00e9 qui oblige - dokdoc.eu","isPartOf":{"@id":"https:\/\/dokdoc.eu\/fr\/#website"},"primaryImageOfPage":{"@id":"https:\/\/dokdoc.eu\/fr\/2024\/10\/30\/ce-passe-qui-oblige\/#primaryimage"},"image":{"@id":"https:\/\/dokdoc.eu\/fr\/2024\/10\/30\/ce-passe-qui-oblige\/#primaryimage"},"thumbnailUrl":"https:\/\/dokdoc.eu\/wp-content\/uploads\/2024\/10\/1_imago0062272674h-scaled-1.jpg","datePublished":"2024-10-30T09:17:48+00:00","dateModified":"2025-04-24T14:23:51+00:00","breadcrumb":{"@id":"https:\/\/dokdoc.eu\/fr\/2024\/10\/30\/ce-passe-qui-oblige\/#breadcrumb"},"inLanguage":"fr-FR","potentialAction":[{"@type":"ReadAction","target":["https:\/\/dokdoc.eu\/fr\/2024\/10\/30\/ce-passe-qui-oblige\/"]}]},{"@type":"ImageObject","inLanguage":"fr-FR","@id":"https:\/\/dokdoc.eu\/fr\/2024\/10\/30\/ce-passe-qui-oblige\/#primaryimage","url":"https:\/\/dokdoc.eu\/wp-content\/uploads\/2024\/10\/1_imago0062272674h-scaled-1.jpg","contentUrl":"https:\/\/dokdoc.eu\/wp-content\/uploads\/2024\/10\/1_imago0062272674h-scaled-1.jpg","width":2560,"height":1804,"caption":"Joachim Gauck le 1er septembre 2014 \u00e0 la Westerplatte (Copyright: Imago)"},{"@type":"BreadcrumbList","@id":"https:\/\/dokdoc.eu\/fr\/2024\/10\/30\/ce-passe-qui-oblige\/#breadcrumb","itemListElement":[{"@type":"ListItem","position":1,"name":"Startseite","item":"https:\/\/dokdoc.eu\/fr\/"},{"@type":"ListItem","position":2,"name":"Ce pass\u00e9 qui oblige"}]},{"@type":"WebSite","@id":"https:\/\/dokdoc.eu\/fr\/#website","url":"https:\/\/dokdoc.eu\/fr\/","name":"dokdoc.eu","description":"","publisher":{"@id":"https:\/\/dokdoc.eu\/fr\/#organization"},"potentialAction":[{"@type":"SearchAction","target":{"@type":"EntryPoint","urlTemplate":"https:\/\/dokdoc.eu\/fr\/?s={search_term_string}"},"query-input":{"@type":"PropertyValueSpecification","valueRequired":true,"valueName":"search_term_string"}}],"inLanguage":"fr-FR"},{"@type":"Organization","@id":"https:\/\/dokdoc.eu\/fr\/#organization","name":"dokdoc.eu","url":"https:\/\/dokdoc.eu\/fr\/","logo":{"@type":"ImageObject","inLanguage":"fr-FR","@id":"https:\/\/dokdoc.eu\/fr\/#\/schema\/logo\/image\/","url":"https:\/\/dokdoc.eu\/wp-content\/uploads\/2019\/08\/cropped-logo_dokdoc-e1720795013301.png","contentUrl":"https:\/\/dokdoc.eu\/wp-content\/uploads\/2019\/08\/cropped-logo_dokdoc-e1720795013301.png","width":150,"height":110,"caption":"dokdoc.eu"},"image":{"@id":"https:\/\/dokdoc.eu\/fr\/#\/schema\/logo\/image\/"}},{"@type":"Person","@id":"https:\/\/dokdoc.eu\/fr\/#\/schema\/person\/d760e6e53df901fd9522f1d3a1e46621","name":"RochowMedienagentur","image":{"@type":"ImageObject","inLanguage":"fr-FR","@id":"https:\/\/dokdoc.eu\/wp-content\/uploads\/2019\/08\/cropped-logo_dokdoc-e1720795013301.png830075fd1c1a1f70247b47fa84cf0f00","url":"https:\/\/dokdoc.eu\/wp-content\/uploads\/2019\/08\/cropped-logo_dokdoc-e1720795013301.png","contentUrl":"https:\/\/dokdoc.eu\/wp-content\/uploads\/2019\/08\/cropped-logo_dokdoc-e1720795013301.png","caption":"RochowMedienagentur"},"sameAs":["https:\/\/dokdoc.eu"],"url":"https:\/\/dokdoc.eu\/fr\/author\/rochowmedienagentur\/"}]}},"authors":[{"term_id":615,"user_id":0,"is_guest":1,"slug":"hans-stark","display_name":"Hans Stark","avatar_url":{"url":"https:\/\/dokdoc.eu\/wp-content\/uploads\/2025\/11\/Hans-Stark_SU-klein.jpg","url2x":"https:\/\/dokdoc.eu\/wp-content\/uploads\/2025\/11\/Hans-Stark_SU-klein.jpg"},"0":null,"1":"","2":"","3":"","4":"","5":"","6":"","7":"","8":""}],"_links":{"self":[{"href":"https:\/\/dokdoc.eu\/fr\/wp-json\/wp\/v2\/posts\/27558","targetHints":{"allow":["GET"]}}],"collection":[{"href":"https:\/\/dokdoc.eu\/fr\/wp-json\/wp\/v2\/posts"}],"about":[{"href":"https:\/\/dokdoc.eu\/fr\/wp-json\/wp\/v2\/types\/post"}],"author":[{"embeddable":true,"href":"https:\/\/dokdoc.eu\/fr\/wp-json\/wp\/v2\/users\/1"}],"replies":[{"embeddable":true,"href":"https:\/\/dokdoc.eu\/fr\/wp-json\/wp\/v2\/comments?post=27558"}],"version-history":[{"count":5,"href":"https:\/\/dokdoc.eu\/fr\/wp-json\/wp\/v2\/posts\/27558\/revisions"}],"predecessor-version":[{"id":29818,"href":"https:\/\/dokdoc.eu\/fr\/wp-json\/wp\/v2\/posts\/27558\/revisions\/29818"}],"wp:featuredmedia":[{"embeddable":true,"href":"https:\/\/dokdoc.eu\/fr\/wp-json\/wp\/v2\/media\/27356"}],"wp:attachment":[{"href":"https:\/\/dokdoc.eu\/fr\/wp-json\/wp\/v2\/media?parent=27558"}],"wp:term":[{"taxonomy":"category","embeddable":true,"href":"https:\/\/dokdoc.eu\/fr\/wp-json\/wp\/v2\/categories?post=27558"},{"taxonomy":"post_tag","embeddable":true,"href":"https:\/\/dokdoc.eu\/fr\/wp-json\/wp\/v2\/tags?post=27558"},{"taxonomy":"author","embeddable":true,"href":"https:\/\/dokdoc.eu\/fr\/wp-json\/wp\/v2\/ppma_author?post=27558"}],"curies":[{"name":"wp","href":"https:\/\/api.w.org\/{rel}","templated":true}]}}