{"id":27564,"date":"2024-10-14T16:59:55","date_gmt":"2024-10-14T14:59:55","guid":{"rendered":"https:\/\/dokdoc.eu\/2024\/10\/14\/monsieur-geisel-que-pense-le-bsw-des-relations-franco-allemandes\/"},"modified":"2025-01-30T16:24:45","modified_gmt":"2025-01-30T15:24:45","slug":"monsieur-geisel-que-pense-le-bsw-des-relations-franco-allemandes","status":"publish","type":"post","link":"https:\/\/dokdoc.eu\/fr\/2024\/10\/14\/monsieur-geisel-que-pense-le-bsw-des-relations-franco-allemandes\/","title":{"rendered":"\u00ab\u00a0Monsieur Geisel, que pense le BSW des relations franco-allemandes ? \u00ab\u00a0"},"content":{"rendered":"\r\n<p><strong>Maire de D\u00fcsseldorf de 2014 \u00e0 2020, Thomas Geisel a longtemps \u00e9t\u00e9 membre du SPD. Il fait aujourd&rsquo;hui partie de l&rsquo;Alliance Sahra Wagenknecht. Nous avons discut\u00e9 avec lui des relations franco-allemandes et de la guerre contre l&rsquo;Ukraine. <\/strong><\/p>\r\n\r\n\r\n\r\n<p><!--more--><\/p>\r\n\r\n\r\n\r\n<p><em>dokdoc : Monsieur Geisel, le 5 juillet 2019, l&rsquo;ambassadrice de France en Allemagne vous a remis les insignes de chevalier dans l&rsquo;ordre national du M\u00e9rite. Dans son discours, l&rsquo;ambassadrice a soulign\u00e9 votre engagement en faveur de l&rsquo;amiti\u00e9 franco-allemande et a d\u00e9clar\u00e9 : \u00a0\u00bb en tant que maire, vous avez r\u00e9solument contribu\u00e9 \u00e0 rapprocher votre ville, vos citoyens de la France \u00a0\u00bb (NDLR : Toulouse, ville avec laquelle D\u00fcsseldorf est jumel\u00e9e depuis 2003). Que signifiait cette distinction pour vous \u00e0 l&rsquo;\u00e9poque ? Et aujourd&rsquo;hui ? <\/em><\/p>\r\n\r\n\r\n\r\n<p>Geisel : cette distinction a \u00e9t\u00e9 quelque chose de tr\u00e8s important pour moi. J&rsquo;ai \u00e9t\u00e9 d\u00e9cor\u00e9 en ma qualit\u00e9 de maire de D\u00fcsseldorf. Historiquement, la ville a toujours entretenu des relations particuli\u00e8res avec la France. Je rappelle que c&rsquo;est \u00e0 D\u00fcsseldorf que Napol\u00e9on a \u00e9t\u00e9 accueilli avec enthousiasme. D\u00fcsseldorf est fi\u00e8re d&rsquo;\u00eatre appel\u00e9e le <em>Petit Paris<\/em>. C&rsquo;est aussi ce qui nous lie \u00e0 la France et c&rsquo;est pr\u00e9cis\u00e9ment pour cette raison que j&rsquo;ai fait venir le Tour de France en 2017. Le Tour, \u00e7a n&rsquo;a pas seulement \u00e9t\u00e9 un \u00e9v\u00e9nement sportif qui a permis \u00e0 la capitale du Land de briller. \u00c7a a \u00e9t\u00e9 aussi un \u00e9v\u00e9nement qui nous a permis de c\u00e9l\u00e9brer l&rsquo;amiti\u00e9 franco-allemande et en particulier l&rsquo;amiti\u00e9 entre D\u00fcsseldorf et la France.<\/p>\r\n\r\n\r\n\r\n<p><em>dokdoc : et qu&rsquo;en reste-t-il aujourd&rsquo;hui ?<\/em><\/p>\r\n\r\n\r\n<div class=\"wp-block-image\">\r\n<figure class=\"alignleft size-large is-resized\"><img fetchpriority=\"high\" decoding=\"async\" width=\"1024\" height=\"680\" class=\"wp-image-24082\" style=\"width: 423px; height: auto;\" src=\"https:\/\/dokdoc.eu\/wp-content\/uploads\/2024\/10\/2_1200px-Grand_depart_2017_027-1024x680.jpg\" alt=\"\" srcset=\"https:\/\/dokdoc.eu\/wp-content\/uploads\/2024\/10\/2_1200px-Grand_depart_2017_027-1024x680.jpg 1024w, https:\/\/dokdoc.eu\/wp-content\/uploads\/2024\/10\/2_1200px-Grand_depart_2017_027-300x199.jpg 300w, https:\/\/dokdoc.eu\/wp-content\/uploads\/2024\/10\/2_1200px-Grand_depart_2017_027-768x510.jpg 768w, https:\/\/dokdoc.eu\/wp-content\/uploads\/2024\/10\/2_1200px-Grand_depart_2017_027.jpg 1200w\" sizes=\"(max-width: 1024px) 100vw, 1024px\" \/>\r\n<figcaption class=\"wp-element-caption\">Le grand d\u00e9part \u00e0 D\u00fcsseldorf, 29.06.2024 (Copyright : Wikimedia)<\/figcaption>\r\n<\/figure>\r\n<\/div>\r\n\r\n\r\n<p>Geisel : Le Grand D\u00e9part a montr\u00e9 que D\u00fcsseldorf avait les moyens d&rsquo;organiser des \u00e9v\u00e9nements de ce calibre, avec professionnalisme, enthousiasme et une forte participation de la soci\u00e9t\u00e9. Et cela a \u00e9galement permis \u00e0 D\u00fcsseldorf de consolider son image de m\u00e9tropole du sport mais aussi de m\u00e9tropole culturelle. Je me permets de rappeler que le soir du contre-la-montre individuel, le groupe Kraftwerk a jou\u00e9 son album \u00a0\u00bb Tour de France \u00a0\u00bb dans le Hofgarten. Je suis certain que sans le succ\u00e8s du <em>Grand D\u00e9part<\/em>, nous n&rsquo;aurions pas \u00e9t\u00e9 retenus pour accueillir l&rsquo;Euro en 2024. Dans la foul\u00e9e, nous avons fait venir les <em>Invictus Games<\/em> (2023), les grands jeux des mutil\u00e9s de guerre.<\/p>\r\n\r\n\r\n\r\n<p><em>dokdoc : vous avez \u00e9t\u00e9 maire pendant six ans. Aujourd&rsquo;hui, vous si\u00e9gez au Parlement europ\u00e9en. Quels sont vos objectifs, les v\u00f4tres et ceux de votre parti ? <\/em><\/p>\r\n\r\n\r\n\r\n<p>Geisel : dans son manifeste, notre parti s&rsquo;est engag\u00e9 \u00e0 militer en faveur de quatre grands principes : la justice sociale, le principe de rationalit\u00e9 \u00e9conomique, la libert\u00e9 et la paix. Actuellement, la paix est le th\u00e8me qui rencontre le plus large \u00e9cho. Concr\u00e8tement, cela signifie : nous avons toujours condamn\u00e9 sans \u00e9quivoque la guerre d&rsquo;agression contre l&rsquo;Ukraine. Elle est contraire au droit international et rien ne la justifie. Mais nous sommes d&rsquo;avis qu&rsquo;il est n\u00e9cessaire de r\u00e9fl\u00e9chir \u00e0 la fa\u00e7on dont elle pourrait se terminer. Continuer \u00e0 fournir des armes ne fera qu&rsquo;aggraver la situation. Plut\u00f4t que de faire de la Russie l&rsquo;ennemi principal de l&rsquo;Europe, nous devrions renouer avec les id\u00e9es et visions qui ont permis la r\u00e9unification de l&rsquo;Allemagne et la chute du Rideau de fer, \u00e0 savoir l&rsquo;id\u00e9e d&rsquo;une \u00a0\u00bb grande maison europ\u00e9enne \u00a0\u00bb telle que voulue en son temps par Michael Gorbatchev, ou d&rsquo;un syst\u00e8me de s\u00e9curit\u00e9 collective impliquant la Russie. Maintenant, on voit bien que la guerre d\u00e9clench\u00e9e par Poutine va encore durer. Mais je dis aussi : un jour, Poutine appartiendra au pass\u00e9 ; la Russie restera notre voisin et reviendra peut-\u00eatre notre partenaire, du moins je l&rsquo;esp\u00e8re : nos liens historiques, culturels et \u00e9conomiques l&rsquo;imposent. C&rsquo;est pourquoi nous devons tout faire pour que la diplomatie reprenne le dessus. La France et l&rsquo;Allemagne ont un r\u00f4le cl\u00e9 \u00e0 jouer : l&rsquo;histoire montre qu&rsquo;\u00e0 chaque fois que les deux pays ont \u00e9t\u00e9 unis, la paix et la d\u00e9tente en Europe et dans le monde y ont gagn\u00e9.<\/p>\r\n\r\n\r\n\r\n<p><em>dokdoc : en mati\u00e8re de politique europ\u00e9enne, le BSW et le Rassemblement National partagent de nombreuses convictions, du moins \u00e0 premi\u00e8re vue. Les deux partis ont par exemple adopt\u00e9 le principe du \u00a0\u00bb moins faire, pour mieux faire \u00a0\u00bb et plaident en faveur d&rsquo;une Europe des \u00c9tats souverains reposant sur une coop\u00e9ration \u00e9quilibr\u00e9e plut\u00f4t que sur \u00a0\u00bb centralisation \u00a0\u00bb supranationale. Pourquoi avez-vous, votre coll\u00e8gue Fabio de Masi et vous-m\u00eame, exclu d\u00e8s le d\u00e9part de former un groupe parlementaire avec Marine Le Pen et Jordan Bardella ? <\/em><\/p>\r\n\r\n\r\n\r\n<p>Geisel : Nous sommes effectivement en faveur d&rsquo;une Europe des \u00c9tats souverains, mais nous ne sommes pas nationalistes. Le nationalisme est l&rsquo;un des plus grands fl\u00e9aux de notre \u00e9poque. Nous n&rsquo;invoquons pas la nation, et c&rsquo;est ce qui nous diff\u00e9rencie du Rassemblement national et, plus encore, de l&rsquo;AfD. L&rsquo;AfD est un parti dont l&rsquo;id\u00e9ologie est tr\u00e8s clairement v\u00f6lkisch-nationaliste. C&rsquo;est la raison pour laquelle on peut dire que nous nous situons \u00e0 des ann\u00e9es-lumi\u00e8re de ce parti. Il est tout \u00e0 fait correct d&rsquo;affirmer que les \u00c9tats ont des int\u00e9r\u00eats nationaux et qu&rsquo;il est l\u00e9gitime de chercher \u00e0 les faire valoir et, dans le cas d&rsquo;un conflit, de travailler \u00e0 un compromis. Mais d\u00e8s lors que ces questions prennent une tournure nationaliste ou qu&rsquo;elles sont \u00a0\u00bb absolutis\u00e9es \u00ab\u00a0, alors, pour nous, c&rsquo;est fini.<\/p>\r\n\r\n\r\n<div class=\"wp-block-image\">\r\n<figure class=\"alignright size-full is-resized\"><img decoding=\"async\" width=\"768\" height=\"512\" class=\"wp-image-24084\" style=\"width: 436px; height: auto;\" src=\"https:\/\/dokdoc.eu\/wp-content\/uploads\/2024\/10\/3_1726652205159_20240918_EP-171918A_LD2_EG_131_MOBILE.jpg\" alt=\"\" srcset=\"https:\/\/dokdoc.eu\/wp-content\/uploads\/2024\/10\/3_1726652205159_20240918_EP-171918A_LD2_EG_131_MOBILE.jpg 768w, https:\/\/dokdoc.eu\/wp-content\/uploads\/2024\/10\/3_1726652205159_20240918_EP-171918A_LD2_EG_131_MOBILE-300x200.jpg 300w\" sizes=\"(max-width: 768px) 100vw, 768px\" \/>\r\n<figcaption class=\"wp-element-caption\">Thomas Geisel, 18.09.2024 (Copyright : European Union 2024 &#8211; Source EP)<\/figcaption>\r\n<\/figure>\r\n<\/div>\r\n\r\n\r\n<p><em>dokdoc : Dans<\/em> <a href=\"https:\/\/www.thomasgeisel-wasmichumtreibt.de\/post\/europapolitik-mit-vernunft\"><em>un article<\/em><\/a><em> publi\u00e9 sur votre blog le 31 janvier dernier, vous avez \u00e9crit la chose suivante : \u00a0\u00bb Il serait \u00e0 ce titre raisonnable, d&rsquo;un point de vue allemand et europ\u00e9en, de faire d\u00e9pendre toutes les aides \u00e0 l&rsquo;Ukraine, y compris les \u00e9ventuelles livraisons d&rsquo;armes, d&rsquo;une condition : \u00e0 savoir que l&rsquo;Ukraine accepte une proposition de paix pr\u00e9sent\u00e9e par l&rsquo;Europe &#8211; de pr\u00e9f\u00e9rence (&#8230;) l&rsquo;Allemagne, la France, l&rsquo;Italie et la Pologne &#8211; et qui soit suffisamment acceptable pour la Russie, pour avoir des chances d&rsquo;aboutir \u00ab\u00a0. A quoi pensez-vous tr\u00e8s concr\u00e8tement ? <\/em><\/p>\r\n\r\n\r\n\r\n<p>Geisel : Mon point de vue est le suivant : nous devrions subordonner les livraisons d&rsquo;armes \u00e0 l&rsquo;Ukraine \u00e0 la condition que la Russie ne soit pas pr\u00eate \u00e0 s&rsquo;engager dans des n\u00e9gociations. Une solution acceptable par des deux parties devra \u00eatre conforme au droit international et s&rsquo;engager sur les points suivants : l&rsquo;annexion de la Crim\u00e9e, qui est contraire au droit international, pourrait \u00eatre r\u00e9solue dans le cadre d&rsquo;un r\u00e9f\u00e9rendum sous contr\u00f4le international. Ses habitants devraient d\u00e9cider eux-m\u00eames \u00e0 quel pays ils veulent appartenir. S&rsquo;agissant du Donbass, il faudrait viser une \u00a0\u00bb solution Tyrol du Sud \u00a0\u00bb : la plupart des habitants du Donbass sont Russes. Ils devraient faire partie de l&rsquo;Ukraine mais b\u00e9n\u00e9ficier d&rsquo;une large autonomie culturelle et politique au sein d&rsquo;une f\u00e9d\u00e9ration. L&rsquo;Ukraine est un \u00c9tat multiethnique de \u00a0\u00bb facture classique \u00ab\u00a0. Au lieu de vouloir \u00a0\u00bb ukrainiser \u00a0\u00bb l&rsquo;ensemble du territoire national, il conviendrait de respecter la diversit\u00e9 linguistique et culturelle de ce pays dans le cadre d&rsquo;une autonomie f\u00e9d\u00e9rale partielle. Cette structure devrait \u00eatre garantie par la communaut\u00e9 internationale. Son maintien adjoint \u00e0 une garantie constitutionnelle devrait \u00eatre par exemple une condition pr\u00e9alable \u00e0 l&rsquo;adh\u00e9sion de l&rsquo;Ukraine \u00e0 l&rsquo;UE.<\/p>\r\n\r\n\r\n\r\n<p><em>dokdoc : Pensez-vous que l&rsquo;Ukraine accepterait pareil sc\u00e9nario ?<\/em><\/p>\r\n\r\n\r\n\r\n<p>Geisel : on entend souvent dire que la Russie ne veut de toute fa\u00e7on pas n\u00e9gocier. J&rsquo;ai men\u00e9 de nombreuses n\u00e9gociations au cours de ma vie et j&rsquo;ai pu constater une chose : vous ne savez si l&rsquo;autre partie est pr\u00eate \u00e0 n\u00e9gocier qu&rsquo;\u00e0 partir du moment o\u00f9 vous lui avez fait une offre acceptable. C&rsquo;est la raison pour laquelle nous devrions exiger un cessez-le-feu imm\u00e9diat et proposer des n\u00e9gociations de paix sans conditions pr\u00e9alables. Et si maintenant on consid\u00e8re la situation des deux parties, il y a de fortes chances que la Russie accepte d&rsquo;ouvrir des n\u00e9gociations, pour une raison : cette guerre est pour elle un v\u00e9ritable fiasco. D&rsquo;une part, parce qu&rsquo;elle n&rsquo;est pas parvenue \u00e0 conqu\u00e9rir l&rsquo;Ukraine comme elle l&rsquo;esp\u00e9rait initialement, d&rsquo;autre part, parce qu&rsquo;elle s&rsquo;accroche \u00e0 cette perspective depuis deux ans et demi maintenant. Pire encore : la Finlande et la Su\u00e8de sont d\u00e9sormais membres de l&rsquo;OTAN, ce qui resserre encore un peu plus \u00a0\u00bb l&rsquo;\u00e9tau \u00a0\u00bb autour du pays. Je pense que pour toutes ces raisons il est tr\u00e8s probable que la Russie accepte une offre de n\u00e9gociation s\u00e9rieuse et lui permette de sauver la face.<\/p>\r\n\r\n\r\n\r\n<p><em>dokdoc : au cours des derniers mois, Sahra Wagenknecht a vivement critiqu\u00e9 le chancelier pour sa politique \u00e0 l&rsquo;\u00e9gard de la Russie. Il est pourtant \u00e0 bien des \u00e9gards beaucoup plus r\u00e9serv\u00e9 qu&rsquo;Emmanuel Macron, favorable \u00e0 une logique dite du \u00a0\u00bb whatever it takes \u00ab\u00a0. La politique du Pr\u00e9sident est-elle irresponsable ? <\/em><\/p>\r\n\r\n\r\n\r\n<p>Geisel : Macron semble en effet vouloir donner l&rsquo;impression que la France est le pays qui apporte le soutien le plus important \u00e0 l&rsquo;Ukraine. Mais si on y regarde d&rsquo;un peu plus pr\u00e8s, on se rend compte que ce n&rsquo;est pas vrai. S&rsquo;agissant des armes, la France ne fournit m\u00eame pas un dixi\u00e8me de l&rsquo;aide que l&rsquo;Allemagne apporte \u00e0 l&rsquo;Ukraine. Mais la t\u00e2che de la France et de l&rsquo;Allemagne ne peut pas \u00eatre se surpasser mutuellement en mati\u00e8re d&rsquo;aide militaire. Au contraire, il est dans leur int\u00e9r\u00eat, et dans l&rsquo;int\u00e9r\u00eat de l&rsquo;Europe, mettre un terme \u00e0 cette guerre par la voie diplomatique.<\/p>\r\n\r\n\r\n\r\n<p><em>dokdoc : que le BSW des relations franco-allemandes ? Le parti a-t-il un programme, un agenda franco-allemand ? Apr\u00e8s tout, derri\u00e8re la fondatrice du parti, Sahra Wagenknecht, il y a son mari, Oskar Lafontaine. En tant que Sarrois, ce dernier a toujours accord\u00e9 une importance particuli\u00e8re aux relations franco-allemandes, pour des raisons historiques, mais aussi sur le plan personnel et politique. <\/em><\/p>\r\n\r\n\r\n<div class=\"wp-block-image\">\r\n<figure class=\"alignleft size-large is-resized\"><img decoding=\"async\" width=\"1024\" height=\"683\" class=\"wp-image-24086\" style=\"width: 321px; height: auto;\" src=\"https:\/\/dokdoc.eu\/wp-content\/uploads\/2024\/10\/4_2024-08-19_Event_Thueringer_Wahlkampftour-Start_des_BSW_in_Eisenach_STP_3013_by_Stepro-1024x683.jpg\" alt=\"\" srcset=\"https:\/\/dokdoc.eu\/wp-content\/uploads\/2024\/10\/4_2024-08-19_Event_Thueringer_Wahlkampftour-Start_des_BSW_in_Eisenach_STP_3013_by_Stepro-1024x683.jpg 1024w, https:\/\/dokdoc.eu\/wp-content\/uploads\/2024\/10\/4_2024-08-19_Event_Thueringer_Wahlkampftour-Start_des_BSW_in_Eisenach_STP_3013_by_Stepro-300x200.jpg 300w, https:\/\/dokdoc.eu\/wp-content\/uploads\/2024\/10\/4_2024-08-19_Event_Thueringer_Wahlkampftour-Start_des_BSW_in_Eisenach_STP_3013_by_Stepro-768x512.jpg 768w, https:\/\/dokdoc.eu\/wp-content\/uploads\/2024\/10\/4_2024-08-19_Event_Thueringer_Wahlkampftour-Start_des_BSW_in_Eisenach_STP_3013_by_Stepro.jpg 1200w\" sizes=\"(max-width: 1024px) 100vw, 1024px\" \/>\r\n<figcaption class=\"wp-element-caption\">Oskar Lafontaine \u00e0 Eisenach, 19.08.2024 (Copyright : Wikimedia)<\/figcaption>\r\n<\/figure>\r\n<\/div>\r\n\r\n\r\n<p>Geisel : le parti n&rsquo;a pas encore d&rsquo;agenda franco-allemand. Mais j&rsquo;ai clairement indiqu\u00e9, et le BSW sera certainement sur la m\u00eame ligne, que nous sommes convaincus qu&rsquo;une relation de confiance forte entre la France et l&rsquo;Allemagne est l&rsquo;\u00e9pine dorsale de l&rsquo;Europe. Sahra Wagenknecht vit en Sarre et passe beaucoup de temps de l&rsquo;autre c\u00f4t\u00e9 de la fronti\u00e8re. Pour elle, le lien avec le voisin n&rsquo;est pas seulement politique et rationnel, il est aussi \u00e9motionnel.<\/p>\r\n\r\n\r\n\r\n<p><em>dokdoc : vous \u00eates un passionn\u00e9 de marathon. La prochaine \u00e9dition du Marathon de Paris aura lieu le 13 avril. Y participez-vous ? <\/em><\/p>\r\n\r\n\r\n\r\n<p>Geisel : j&rsquo;ai d\u00e9j\u00e0 couru \u00e0 Paris en 2012 et, si je me souviens bien, je suis pass\u00e9 sous la barre des 3h30, l&rsquo;un de mes meilleurs temps sur marathon. Le fait d&rsquo;avoir couru le <em>Marathon de Paris<\/em> m&rsquo;a d&rsquo;ailleurs beaucoup aid\u00e9 \u00e0 faire venir le <em>Grand D\u00e9part<\/em> \u00e0 D\u00fcsseldorf. Car <a href=\"https:\/\/www.aso.fr\/en\/\">ASO<\/a> organise non pas seulement le Tour de France mais aussi le <em>Marathon de Paris<\/em>. Mais pour revenir \u00e0 votre question : je vais probablement courir \u00e0 Tokyo l&rsquo;ann\u00e9e prochaine. C&rsquo;est le dernier des grands marathons qui manque encore \u00e0 ma liste. Et apr\u00e8s, je pense que ce sera fini. J&rsquo;ai plus de 60 ans ; un semi-marathon est suffisamment long.<\/p>\r\n\r\n\r\n\r\n<p><em>dokdoc : Monsieur Geisel, je vous remercie pour cette interview.<\/em><\/p>\r\n\r\n\r\n\r\n<p><strong>Notre invit\u00e9<\/strong><\/p>\r\n\r\n\r\n<div class=\"wp-block-image\">\r\n<figure class=\"alignleft size-full is-resized\"><img loading=\"lazy\" decoding=\"async\" width=\"398\" height=\"512\" class=\"wp-image-24090\" style=\"width: 165px; height: auto;\" src=\"https:\/\/dokdoc.eu\/wp-content\/uploads\/2024\/10\/5_1718810603167_20240619_GEISEL_Thomas_DE_006_MOBILE-1.jpg\" alt=\"\" srcset=\"https:\/\/dokdoc.eu\/wp-content\/uploads\/2024\/10\/5_1718810603167_20240619_GEISEL_Thomas_DE_006_MOBILE-1.jpg 398w, https:\/\/dokdoc.eu\/wp-content\/uploads\/2024\/10\/5_1718810603167_20240619_GEISEL_Thomas_DE_006_MOBILE-1-233x300.jpg 233w\" sizes=\"(max-width: 398px) 100vw, 398px\" \/>\r\n<figcaption class=\"wp-element-caption\">Thomas Geisel, 18.09.2024 (Copyright European Union 2024 &#8211; Source EP)<\/figcaption>\r\n<\/figure>\r\n<\/div>\r\n\r\n\r\n<p><em>Thomas Geisel est n\u00e9 en 1963 \u00e0 Ellwangen. Apr\u00e8s avoir obtenu un Master of Arts in Government \u00e0 l&rsquo;universit\u00e9 de Georgetown, il a pass\u00e9 son premier examen d&rsquo;\u00c9tat en droit \u00e0 Fribourg (1990). Il est ensuite retourn\u00e9 aux \u00c9tats-Unis pour passer un master en administration publique \u00e0 la Harvard Kennedy School. Deux ans plus tard, il a obtenu son deuxi\u00e8me examen d&rsquo;\u00c9tat en droit \u00e0 la Cour d&rsquo;appel de Berlin. En 1990, il a \u00e9t\u00e9 conseiller du groupe parlementaire du SPD \u00e0 la Chambre du peuple de la RDA, puis conseiller personnel du directeur f\u00e9d\u00e9ral du SPD. De 1994 \u00e0 1998, il a \u00e9t\u00e9 chef de d\u00e9partement pour la restructuration des sites chimiques d&rsquo;Allemagne centrale au sein de la BvS, l&rsquo;organisation qui a succ\u00e9d\u00e9 \u00e0 la Treuhand. Il a ensuite travaill\u00e9 comme directeur des achats chez Ruhrgas AG et E.ON. De 2014 \u00e0 2020, il a \u00e9t\u00e9 maire de D\u00fcsseldorf. Depuis juillet 2024, il est membre du Parlement europ\u00e9en pour l'\u00a0\u00bb Alliance Sahra Wagenknecht &#8211; Raison et Justice \u00ab\u00a0. <\/em><\/p>\r\n","protected":false},"excerpt":{"rendered":"<p>Maire de D\u00fcsseldorf de 2014 \u00e0 2020, Thomas Geisel a longtemps \u00e9t\u00e9 membre du SPD. Il fait aujourd&rsquo;hui partie de l&rsquo;Alliance Sahra Wagenknecht. Nous avons discut\u00e9 avec lui des relations franco-allemandes et de la guerre contre l&rsquo;Ukraine.<\/p>\n","protected":false},"author":1,"featured_media":27333,"comment_status":"closed","ping_status":"closed","sticky":false,"template":"","format":"standard","meta":{"om_disable_all_campaigns":false,"_monsterinsights_skip_tracking":false,"_monsterinsights_sitenote_active":false,"_monsterinsights_sitenote_note":"","_monsterinsights_sitenote_category":0,"_uf_show_specific_survey":0,"_uf_disable_surveys":false,"footnotes":""},"categories":[117],"tags":[],"ppma_author":[616],"class_list":["post-27564","post","type-post","status-publish","format-standard","has-post-thumbnail","hentry","category-politique-fr-3"],"yoast_head":"<!-- This site is optimized with the Yoast SEO plugin v27.5 - https:\/\/yoast.com\/product\/yoast-seo-wordpress\/ -->\n<title>&quot;Monsieur Geisel, que pense le BSW des relations franco-allemandes ? &quot; - dokdoc.eu<\/title>\n<meta name=\"robots\" content=\"index, follow, max-snippet:-1, max-image-preview:large, max-video-preview:-1\" \/>\n<link rel=\"canonical\" href=\"https:\/\/dokdoc.eu\/fr\/2024\/10\/14\/monsieur-geisel-que-pense-le-bsw-des-relations-franco-allemandes\/\" \/>\n<meta property=\"og:locale\" content=\"fr_FR\" \/>\n<meta property=\"og:type\" content=\"article\" \/>\n<meta property=\"og:title\" content=\"&quot;Monsieur Geisel, que pense le BSW des relations franco-allemandes ? &quot; - dokdoc.eu\" \/>\n<meta property=\"og:description\" content=\"Maire de D\u00fcsseldorf de 2014 \u00e0 2020, Thomas Geisel a longtemps \u00e9t\u00e9 membre du SPD. Il fait aujourd&rsquo;hui partie de l&rsquo;Alliance Sahra Wagenknecht. Nous avons discut\u00e9 avec lui des relations franco-allemandes et de la guerre contre l&rsquo;Ukraine.\" \/>\n<meta property=\"og:url\" content=\"https:\/\/dokdoc.eu\/fr\/2024\/10\/14\/monsieur-geisel-que-pense-le-bsw-des-relations-franco-allemandes\/\" \/>\n<meta property=\"og:site_name\" content=\"dokdoc.eu\" \/>\n<meta property=\"article:published_time\" content=\"2024-10-14T14:59:55+00:00\" \/>\n<meta property=\"article:modified_time\" content=\"2025-01-30T15:24:45+00:00\" \/>\n<meta property=\"og:image\" content=\"https:\/\/dokdoc.eu\/wp-content\/uploads\/2024\/10\/1_imago0536143307h-scaled-1.jpg\" \/>\n\t<meta property=\"og:image:width\" content=\"2560\" \/>\n\t<meta property=\"og:image:height\" content=\"1703\" \/>\n\t<meta property=\"og:image:type\" content=\"image\/jpeg\" \/>\n<meta name=\"author\" content=\"Thomas Geisel\" \/>\n<meta name=\"twitter:card\" content=\"summary_large_image\" \/>\n<meta name=\"twitter:label1\" content=\"\u00c9crit par\" \/>\n\t<meta name=\"twitter:data1\" content=\"RochowMedienagentur\" \/>\n\t<meta name=\"twitter:label2\" content=\"Dur\u00e9e de lecture estim\u00e9e\" \/>\n\t<meta name=\"twitter:data2\" content=\"10 minutes\" \/>\n<script type=\"application\/ld+json\" class=\"yoast-schema-graph\">{\"@context\":\"https:\\\/\\\/schema.org\",\"@graph\":[{\"@type\":\"Article\",\"@id\":\"https:\\\/\\\/dokdoc.eu\\\/fr\\\/2024\\\/10\\\/14\\\/monsieur-geisel-que-pense-le-bsw-des-relations-franco-allemandes\\\/#article\",\"isPartOf\":{\"@id\":\"https:\\\/\\\/dokdoc.eu\\\/fr\\\/2024\\\/10\\\/14\\\/monsieur-geisel-que-pense-le-bsw-des-relations-franco-allemandes\\\/\"},\"author\":{\"name\":\"RochowMedienagentur\",\"@id\":\"https:\\\/\\\/dokdoc.eu\\\/fr\\\/#\\\/schema\\\/person\\\/d760e6e53df901fd9522f1d3a1e46621\"},\"headline\":\"\u00ab\u00a0Monsieur Geisel, que pense le BSW des relations franco-allemandes ? \u00ab\u00a0\",\"datePublished\":\"2024-10-14T14:59:55+00:00\",\"dateModified\":\"2025-01-30T15:24:45+00:00\",\"mainEntityOfPage\":{\"@id\":\"https:\\\/\\\/dokdoc.eu\\\/fr\\\/2024\\\/10\\\/14\\\/monsieur-geisel-que-pense-le-bsw-des-relations-franco-allemandes\\\/\"},\"wordCount\":2134,\"publisher\":{\"@id\":\"https:\\\/\\\/dokdoc.eu\\\/fr\\\/#organization\"},\"image\":{\"@id\":\"https:\\\/\\\/dokdoc.eu\\\/fr\\\/2024\\\/10\\\/14\\\/monsieur-geisel-que-pense-le-bsw-des-relations-franco-allemandes\\\/#primaryimage\"},\"thumbnailUrl\":\"https:\\\/\\\/dokdoc.eu\\\/wp-content\\\/uploads\\\/2024\\\/10\\\/1_imago0536143307h-scaled-1.jpg\",\"articleSection\":[\"Politique\"],\"inLanguage\":\"fr-FR\"},{\"@type\":\"WebPage\",\"@id\":\"https:\\\/\\\/dokdoc.eu\\\/fr\\\/2024\\\/10\\\/14\\\/monsieur-geisel-que-pense-le-bsw-des-relations-franco-allemandes\\\/\",\"url\":\"https:\\\/\\\/dokdoc.eu\\\/fr\\\/2024\\\/10\\\/14\\\/monsieur-geisel-que-pense-le-bsw-des-relations-franco-allemandes\\\/\",\"name\":\"\\\"Monsieur Geisel, que pense le BSW des relations franco-allemandes ? \\\" - dokdoc.eu\",\"isPartOf\":{\"@id\":\"https:\\\/\\\/dokdoc.eu\\\/fr\\\/#website\"},\"primaryImageOfPage\":{\"@id\":\"https:\\\/\\\/dokdoc.eu\\\/fr\\\/2024\\\/10\\\/14\\\/monsieur-geisel-que-pense-le-bsw-des-relations-franco-allemandes\\\/#primaryimage\"},\"image\":{\"@id\":\"https:\\\/\\\/dokdoc.eu\\\/fr\\\/2024\\\/10\\\/14\\\/monsieur-geisel-que-pense-le-bsw-des-relations-franco-allemandes\\\/#primaryimage\"},\"thumbnailUrl\":\"https:\\\/\\\/dokdoc.eu\\\/wp-content\\\/uploads\\\/2024\\\/10\\\/1_imago0536143307h-scaled-1.jpg\",\"datePublished\":\"2024-10-14T14:59:55+00:00\",\"dateModified\":\"2025-01-30T15:24:45+00:00\",\"breadcrumb\":{\"@id\":\"https:\\\/\\\/dokdoc.eu\\\/fr\\\/2024\\\/10\\\/14\\\/monsieur-geisel-que-pense-le-bsw-des-relations-franco-allemandes\\\/#breadcrumb\"},\"inLanguage\":\"fr-FR\",\"potentialAction\":[{\"@type\":\"ReadAction\",\"target\":[\"https:\\\/\\\/dokdoc.eu\\\/fr\\\/2024\\\/10\\\/14\\\/monsieur-geisel-que-pense-le-bsw-des-relations-franco-allemandes\\\/\"]}]},{\"@type\":\"ImageObject\",\"inLanguage\":\"fr-FR\",\"@id\":\"https:\\\/\\\/dokdoc.eu\\\/fr\\\/2024\\\/10\\\/14\\\/monsieur-geisel-que-pense-le-bsw-des-relations-franco-allemandes\\\/#primaryimage\",\"url\":\"https:\\\/\\\/dokdoc.eu\\\/wp-content\\\/uploads\\\/2024\\\/10\\\/1_imago0536143307h-scaled-1.jpg\",\"contentUrl\":\"https:\\\/\\\/dokdoc.eu\\\/wp-content\\\/uploads\\\/2024\\\/10\\\/1_imago0536143307h-scaled-1.jpg\",\"width\":2560,\"height\":1703,\"caption\":\"Amira Mohamed Ali, Christian Leye, Sahra Wagenknecht, Thomas Geisel und Fabio De Masi bei der Pressekonferenz zur Europawahl 2024 im Haus der Bundespressekonferenz. Berlin, 10.06.2024 *** Amira Mohamed Ali, Christian Leye, Sahra Wagenknecht, Thomas Geisel and Fabio De Masi at the press conference on the 2024 European elections in the Haus der Bundespressekonferenz Berlin, 10 06 2024 Foto:xF.xKernx\\\/xFuturexImagex bsw_pk_4615\"},{\"@type\":\"BreadcrumbList\",\"@id\":\"https:\\\/\\\/dokdoc.eu\\\/fr\\\/2024\\\/10\\\/14\\\/monsieur-geisel-que-pense-le-bsw-des-relations-franco-allemandes\\\/#breadcrumb\",\"itemListElement\":[{\"@type\":\"ListItem\",\"position\":1,\"name\":\"Startseite\",\"item\":\"https:\\\/\\\/dokdoc.eu\\\/fr\\\/\"},{\"@type\":\"ListItem\",\"position\":2,\"name\":\"\u00ab\u00a0Monsieur Geisel, que pense le BSW des relations franco-allemandes ? \u00ab\u00a0\"}]},{\"@type\":\"WebSite\",\"@id\":\"https:\\\/\\\/dokdoc.eu\\\/fr\\\/#website\",\"url\":\"https:\\\/\\\/dokdoc.eu\\\/fr\\\/\",\"name\":\"dokdoc.eu\",\"description\":\"\",\"publisher\":{\"@id\":\"https:\\\/\\\/dokdoc.eu\\\/fr\\\/#organization\"},\"potentialAction\":[{\"@type\":\"SearchAction\",\"target\":{\"@type\":\"EntryPoint\",\"urlTemplate\":\"https:\\\/\\\/dokdoc.eu\\\/fr\\\/?s={search_term_string}\"},\"query-input\":{\"@type\":\"PropertyValueSpecification\",\"valueRequired\":true,\"valueName\":\"search_term_string\"}}],\"inLanguage\":\"fr-FR\"},{\"@type\":\"Organization\",\"@id\":\"https:\\\/\\\/dokdoc.eu\\\/fr\\\/#organization\",\"name\":\"dokdoc.eu\",\"url\":\"https:\\\/\\\/dokdoc.eu\\\/fr\\\/\",\"logo\":{\"@type\":\"ImageObject\",\"inLanguage\":\"fr-FR\",\"@id\":\"https:\\\/\\\/dokdoc.eu\\\/fr\\\/#\\\/schema\\\/logo\\\/image\\\/\",\"url\":\"https:\\\/\\\/dokdoc.eu\\\/wp-content\\\/uploads\\\/2019\\\/08\\\/cropped-logo_dokdoc-e1720795013301.png\",\"contentUrl\":\"https:\\\/\\\/dokdoc.eu\\\/wp-content\\\/uploads\\\/2019\\\/08\\\/cropped-logo_dokdoc-e1720795013301.png\",\"width\":150,\"height\":110,\"caption\":\"dokdoc.eu\"},\"image\":{\"@id\":\"https:\\\/\\\/dokdoc.eu\\\/fr\\\/#\\\/schema\\\/logo\\\/image\\\/\"}},{\"@type\":\"Person\",\"@id\":\"https:\\\/\\\/dokdoc.eu\\\/fr\\\/#\\\/schema\\\/person\\\/d760e6e53df901fd9522f1d3a1e46621\",\"name\":\"RochowMedienagentur\",\"image\":{\"@type\":\"ImageObject\",\"inLanguage\":\"fr-FR\",\"@id\":\"https:\\\/\\\/dokdoc.eu\\\/wp-content\\\/uploads\\\/2019\\\/08\\\/cropped-logo_dokdoc-e1720795013301.png830075fd1c1a1f70247b47fa84cf0f00\",\"url\":\"https:\\\/\\\/dokdoc.eu\\\/wp-content\\\/uploads\\\/2019\\\/08\\\/cropped-logo_dokdoc-e1720795013301.png\",\"contentUrl\":\"https:\\\/\\\/dokdoc.eu\\\/wp-content\\\/uploads\\\/2019\\\/08\\\/cropped-logo_dokdoc-e1720795013301.png\",\"caption\":\"RochowMedienagentur\"},\"sameAs\":[\"https:\\\/\\\/dokdoc.eu\"],\"url\":\"https:\\\/\\\/dokdoc.eu\\\/fr\\\/author\\\/rochowmedienagentur\\\/\"}]}<\/script>\n<!-- \/ Yoast SEO plugin. -->","yoast_head_json":{"title":"\"Monsieur Geisel, que pense le BSW des relations franco-allemandes ? \" - dokdoc.eu","robots":{"index":"index","follow":"follow","max-snippet":"max-snippet:-1","max-image-preview":"max-image-preview:large","max-video-preview":"max-video-preview:-1"},"canonical":"https:\/\/dokdoc.eu\/fr\/2024\/10\/14\/monsieur-geisel-que-pense-le-bsw-des-relations-franco-allemandes\/","og_locale":"fr_FR","og_type":"article","og_title":"\"Monsieur Geisel, que pense le BSW des relations franco-allemandes ? \" - dokdoc.eu","og_description":"Maire de D\u00fcsseldorf de 2014 \u00e0 2020, Thomas Geisel a longtemps \u00e9t\u00e9 membre du SPD. Il fait aujourd&rsquo;hui partie de l&rsquo;Alliance Sahra Wagenknecht. Nous avons discut\u00e9 avec lui des relations franco-allemandes et de la guerre contre l&rsquo;Ukraine.","og_url":"https:\/\/dokdoc.eu\/fr\/2024\/10\/14\/monsieur-geisel-que-pense-le-bsw-des-relations-franco-allemandes\/","og_site_name":"dokdoc.eu","article_published_time":"2024-10-14T14:59:55+00:00","article_modified_time":"2025-01-30T15:24:45+00:00","og_image":[{"width":2560,"height":1703,"url":"https:\/\/dokdoc.eu\/wp-content\/uploads\/2024\/10\/1_imago0536143307h-scaled-1.jpg","type":"image\/jpeg"}],"author":"Thomas Geisel","twitter_card":"summary_large_image","twitter_misc":{"\u00c9crit par":"RochowMedienagentur","Dur\u00e9e de lecture estim\u00e9e":"10 minutes"},"schema":{"@context":"https:\/\/schema.org","@graph":[{"@type":"Article","@id":"https:\/\/dokdoc.eu\/fr\/2024\/10\/14\/monsieur-geisel-que-pense-le-bsw-des-relations-franco-allemandes\/#article","isPartOf":{"@id":"https:\/\/dokdoc.eu\/fr\/2024\/10\/14\/monsieur-geisel-que-pense-le-bsw-des-relations-franco-allemandes\/"},"author":{"name":"RochowMedienagentur","@id":"https:\/\/dokdoc.eu\/fr\/#\/schema\/person\/d760e6e53df901fd9522f1d3a1e46621"},"headline":"\u00ab\u00a0Monsieur Geisel, que pense le BSW des relations franco-allemandes ? \u00ab\u00a0","datePublished":"2024-10-14T14:59:55+00:00","dateModified":"2025-01-30T15:24:45+00:00","mainEntityOfPage":{"@id":"https:\/\/dokdoc.eu\/fr\/2024\/10\/14\/monsieur-geisel-que-pense-le-bsw-des-relations-franco-allemandes\/"},"wordCount":2134,"publisher":{"@id":"https:\/\/dokdoc.eu\/fr\/#organization"},"image":{"@id":"https:\/\/dokdoc.eu\/fr\/2024\/10\/14\/monsieur-geisel-que-pense-le-bsw-des-relations-franco-allemandes\/#primaryimage"},"thumbnailUrl":"https:\/\/dokdoc.eu\/wp-content\/uploads\/2024\/10\/1_imago0536143307h-scaled-1.jpg","articleSection":["Politique"],"inLanguage":"fr-FR"},{"@type":"WebPage","@id":"https:\/\/dokdoc.eu\/fr\/2024\/10\/14\/monsieur-geisel-que-pense-le-bsw-des-relations-franco-allemandes\/","url":"https:\/\/dokdoc.eu\/fr\/2024\/10\/14\/monsieur-geisel-que-pense-le-bsw-des-relations-franco-allemandes\/","name":"\"Monsieur Geisel, que pense le BSW des relations franco-allemandes ? \" - dokdoc.eu","isPartOf":{"@id":"https:\/\/dokdoc.eu\/fr\/#website"},"primaryImageOfPage":{"@id":"https:\/\/dokdoc.eu\/fr\/2024\/10\/14\/monsieur-geisel-que-pense-le-bsw-des-relations-franco-allemandes\/#primaryimage"},"image":{"@id":"https:\/\/dokdoc.eu\/fr\/2024\/10\/14\/monsieur-geisel-que-pense-le-bsw-des-relations-franco-allemandes\/#primaryimage"},"thumbnailUrl":"https:\/\/dokdoc.eu\/wp-content\/uploads\/2024\/10\/1_imago0536143307h-scaled-1.jpg","datePublished":"2024-10-14T14:59:55+00:00","dateModified":"2025-01-30T15:24:45+00:00","breadcrumb":{"@id":"https:\/\/dokdoc.eu\/fr\/2024\/10\/14\/monsieur-geisel-que-pense-le-bsw-des-relations-franco-allemandes\/#breadcrumb"},"inLanguage":"fr-FR","potentialAction":[{"@type":"ReadAction","target":["https:\/\/dokdoc.eu\/fr\/2024\/10\/14\/monsieur-geisel-que-pense-le-bsw-des-relations-franco-allemandes\/"]}]},{"@type":"ImageObject","inLanguage":"fr-FR","@id":"https:\/\/dokdoc.eu\/fr\/2024\/10\/14\/monsieur-geisel-que-pense-le-bsw-des-relations-franco-allemandes\/#primaryimage","url":"https:\/\/dokdoc.eu\/wp-content\/uploads\/2024\/10\/1_imago0536143307h-scaled-1.jpg","contentUrl":"https:\/\/dokdoc.eu\/wp-content\/uploads\/2024\/10\/1_imago0536143307h-scaled-1.jpg","width":2560,"height":1703,"caption":"Amira Mohamed Ali, Christian Leye, Sahra Wagenknecht, Thomas Geisel und Fabio De Masi bei der Pressekonferenz zur Europawahl 2024 im Haus der Bundespressekonferenz. Berlin, 10.06.2024 *** Amira Mohamed Ali, Christian Leye, Sahra Wagenknecht, Thomas Geisel and Fabio De Masi at the press conference on the 2024 European elections in the Haus der Bundespressekonferenz Berlin, 10 06 2024 Foto:xF.xKernx\/xFuturexImagex bsw_pk_4615"},{"@type":"BreadcrumbList","@id":"https:\/\/dokdoc.eu\/fr\/2024\/10\/14\/monsieur-geisel-que-pense-le-bsw-des-relations-franco-allemandes\/#breadcrumb","itemListElement":[{"@type":"ListItem","position":1,"name":"Startseite","item":"https:\/\/dokdoc.eu\/fr\/"},{"@type":"ListItem","position":2,"name":"\u00ab\u00a0Monsieur Geisel, que pense le BSW des relations franco-allemandes ? \u00ab\u00a0"}]},{"@type":"WebSite","@id":"https:\/\/dokdoc.eu\/fr\/#website","url":"https:\/\/dokdoc.eu\/fr\/","name":"dokdoc.eu","description":"","publisher":{"@id":"https:\/\/dokdoc.eu\/fr\/#organization"},"potentialAction":[{"@type":"SearchAction","target":{"@type":"EntryPoint","urlTemplate":"https:\/\/dokdoc.eu\/fr\/?s={search_term_string}"},"query-input":{"@type":"PropertyValueSpecification","valueRequired":true,"valueName":"search_term_string"}}],"inLanguage":"fr-FR"},{"@type":"Organization","@id":"https:\/\/dokdoc.eu\/fr\/#organization","name":"dokdoc.eu","url":"https:\/\/dokdoc.eu\/fr\/","logo":{"@type":"ImageObject","inLanguage":"fr-FR","@id":"https:\/\/dokdoc.eu\/fr\/#\/schema\/logo\/image\/","url":"https:\/\/dokdoc.eu\/wp-content\/uploads\/2019\/08\/cropped-logo_dokdoc-e1720795013301.png","contentUrl":"https:\/\/dokdoc.eu\/wp-content\/uploads\/2019\/08\/cropped-logo_dokdoc-e1720795013301.png","width":150,"height":110,"caption":"dokdoc.eu"},"image":{"@id":"https:\/\/dokdoc.eu\/fr\/#\/schema\/logo\/image\/"}},{"@type":"Person","@id":"https:\/\/dokdoc.eu\/fr\/#\/schema\/person\/d760e6e53df901fd9522f1d3a1e46621","name":"RochowMedienagentur","image":{"@type":"ImageObject","inLanguage":"fr-FR","@id":"https:\/\/dokdoc.eu\/wp-content\/uploads\/2019\/08\/cropped-logo_dokdoc-e1720795013301.png830075fd1c1a1f70247b47fa84cf0f00","url":"https:\/\/dokdoc.eu\/wp-content\/uploads\/2019\/08\/cropped-logo_dokdoc-e1720795013301.png","contentUrl":"https:\/\/dokdoc.eu\/wp-content\/uploads\/2019\/08\/cropped-logo_dokdoc-e1720795013301.png","caption":"RochowMedienagentur"},"sameAs":["https:\/\/dokdoc.eu"],"url":"https:\/\/dokdoc.eu\/fr\/author\/rochowmedienagentur\/"}]}},"authors":[{"term_id":616,"user_id":0,"is_guest":1,"slug":"thomas-geisel","display_name":"Thomas Geisel","avatar_url":{"url":"https:\/\/dokdoc.eu\/wp-content\/uploads\/2019\/08\/cropped-logo_dokdoc-e1720795013301.png","url2x":"https:\/\/dokdoc.eu\/wp-content\/uploads\/2019\/08\/cropped-logo_dokdoc-e1720795013301.png"},"0":null,"1":"","2":"","3":"","4":"","5":"","6":"","7":"","8":""}],"_links":{"self":[{"href":"https:\/\/dokdoc.eu\/fr\/wp-json\/wp\/v2\/posts\/27564","targetHints":{"allow":["GET"]}}],"collection":[{"href":"https:\/\/dokdoc.eu\/fr\/wp-json\/wp\/v2\/posts"}],"about":[{"href":"https:\/\/dokdoc.eu\/fr\/wp-json\/wp\/v2\/types\/post"}],"author":[{"embeddable":true,"href":"https:\/\/dokdoc.eu\/fr\/wp-json\/wp\/v2\/users\/1"}],"replies":[{"embeddable":true,"href":"https:\/\/dokdoc.eu\/fr\/wp-json\/wp\/v2\/comments?post=27564"}],"version-history":[{"count":3,"href":"https:\/\/dokdoc.eu\/fr\/wp-json\/wp\/v2\/posts\/27564\/revisions"}],"predecessor-version":[{"id":29097,"href":"https:\/\/dokdoc.eu\/fr\/wp-json\/wp\/v2\/posts\/27564\/revisions\/29097"}],"wp:featuredmedia":[{"embeddable":true,"href":"https:\/\/dokdoc.eu\/fr\/wp-json\/wp\/v2\/media\/27333"}],"wp:attachment":[{"href":"https:\/\/dokdoc.eu\/fr\/wp-json\/wp\/v2\/media?parent=27564"}],"wp:term":[{"taxonomy":"category","embeddable":true,"href":"https:\/\/dokdoc.eu\/fr\/wp-json\/wp\/v2\/categories?post=27564"},{"taxonomy":"post_tag","embeddable":true,"href":"https:\/\/dokdoc.eu\/fr\/wp-json\/wp\/v2\/tags?post=27564"},{"taxonomy":"author","embeddable":true,"href":"https:\/\/dokdoc.eu\/fr\/wp-json\/wp\/v2\/ppma_author?post=27564"}],"curies":[{"name":"wp","href":"https:\/\/api.w.org\/{rel}","templated":true}]}}