{"id":27567,"date":"2024-10-14T16:59:55","date_gmt":"2024-10-14T14:59:55","guid":{"rendered":"https:\/\/dokdoc.eu\/2024\/10\/14\/monsieur-geisel-que-pense-le-bsw-de-la-france\/"},"modified":"2025-04-24T16:46:17","modified_gmt":"2025-04-24T14:46:17","slug":"monsieur-geisel-que-pense-le-bsw-de-la-france","status":"publish","type":"post","link":"https:\/\/dokdoc.eu\/fr\/2024\/10\/14\/monsieur-geisel-que-pense-le-bsw-de-la-france\/","title":{"rendered":"\u00ab\u00a0Monsieur Geisel, que pense le BSW de la France ?\u00a0\u00bb"},"content":{"rendered":"\r\n<figure id=\"attachment_27333\" aria-describedby=\"caption-attachment-27333\" style=\"width: 1024px\" class=\"wp-caption aligncenter\"><img fetchpriority=\"high\" decoding=\"async\" class=\"wp-image-27333\" src=\"https:\/\/dokdoc.eu\/wp-content\/uploads\/2024\/10\/1_imago0536143307h-scaled-1-300x200.jpg\" alt=\"\" width=\"1024\" height=\"681\" srcset=\"https:\/\/dokdoc.eu\/wp-content\/uploads\/2024\/10\/1_imago0536143307h-scaled-1-300x200.jpg 300w, https:\/\/dokdoc.eu\/wp-content\/uploads\/2024\/10\/1_imago0536143307h-scaled-1-1024x681.jpg 1024w, https:\/\/dokdoc.eu\/wp-content\/uploads\/2024\/10\/1_imago0536143307h-scaled-1-768x511.jpg 768w, https:\/\/dokdoc.eu\/wp-content\/uploads\/2024\/10\/1_imago0536143307h-scaled-1-1536x1022.jpg 1536w, https:\/\/dokdoc.eu\/wp-content\/uploads\/2024\/10\/1_imago0536143307h-scaled-1-2048x1362.jpg 2048w\" sizes=\"(max-width: 1024px) 100vw, 1024px\" \/><figcaption id=\"caption-attachment-27333\" class=\"wp-caption-text\">Copyright: Imago<\/figcaption><\/figure>\r\n<p><strong>Maire de D\u00fcsseldorf de 2014 \u00e0 2020, Thomas Geisel a longtemps \u00e9t\u00e9 membre du SPD. Il fait aujourd\u2019hui partie de l\u2019Alliance Sahra Wagenknecht. Nous avons discut\u00e9 avec lui des relations franco-allemandes et de la guerre contre l\u2019Ukraine. <\/strong><!--more--><\/p>\r\n<p>&nbsp;<\/p>\r\n<p><em>dokdoc : Monsieur Geisel, le 5 juillet 2019, l\u2019ambassadrice de France en Allemagne vous a remis les insignes de chevalier dans l\u2019ordre national du M\u00e9rite. Dans son discours, l\u2019ambassadrice a soulign\u00e9 votre engagement en faveur de l\u2019amiti\u00e9 franco-allemande et a d\u00e9clar\u00e9 : \u00ab en tant que maire, vous avez r\u00e9solument contribu\u00e9 \u00e0 rapprocher votre ville, vos citoyens de la France \u00bb (NDLR : Toulouse, ville avec laquelle D\u00fcsseldorf est jumel\u00e9e depuis 2003). Que signifiait cette distinction pour vous \u00e0 l\u2019\u00e9poque ? Et aujourd\u2019hui ? <\/em><\/p>\r\n<p>&nbsp;<\/p>\r\n<p>Geisel : cette distinction a \u00e9t\u00e9 quelque chose de tr\u00e8s important pour moi. J\u2019ai \u00e9t\u00e9 d\u00e9cor\u00e9 en ma qualit\u00e9 de maire de D\u00fcsseldorf. Historiquement, la ville a toujours entretenu des relations particuli\u00e8res avec la France. Je rappelle que c\u2019est \u00e0 D\u00fcsseldorf que Napol\u00e9on a \u00e9t\u00e9 accueilli avec enthousiasme. D\u00fcsseldorf est fi\u00e8re d\u2019\u00eatre appel\u00e9e le <em>Petit Paris<\/em>. C\u2019est aussi ce qui nous lie \u00e0 la France et c\u2019est pr\u00e9cis\u00e9ment pour cette raison que j\u2019ai fait venir le Tour de France en 2017. Le Tour, \u00e7a n\u2019a pas seulement \u00e9t\u00e9 un \u00e9v\u00e9nement sportif qui a permis \u00e0 la capitale du Land de briller. \u00c7a a \u00e9t\u00e9 aussi un \u00e9v\u00e9nement qui nous a permis de c\u00e9l\u00e9brer l\u2019amiti\u00e9 franco-allemande et en particulier l\u2019amiti\u00e9 entre D\u00fcsseldorf et la France.<\/p>\r\n<p>&nbsp;<\/p>\r\n<p><em>dokdoc : et qu\u2019en reste-t-il aujourd\u2019hui ?<\/em><\/p>\r\n<p>&nbsp;<\/p>\r\n<p>Geisel : Le Grand D\u00e9part a montr\u00e9 que D\u00fcsseldorf avait les moyens d\u2019organiser des \u00e9v\u00e9nements de ce calibre, avec professionnalisme, enthousiasme et une forte participation de la soci\u00e9t\u00e9. Et cela a \u00e9galement permis \u00e0 D\u00fcsseldorf de consolider son image de m\u00e9tropole du sport mais aussi de m\u00e9tropole culturelle. Je me permets de rappeler que le soir du contre-la-montre individuel, le groupe Kraftwerk a jou\u00e9 son album \u00ab Tour de France \u00bb dans le Hofgarten. Je suis certain que sans le succ\u00e8s du <em>Grand D\u00e9part<\/em>, nous n\u2019aurions pas \u00e9t\u00e9 retenus pour accueillir l\u2019Euro en 2024. Dans la foul\u00e9e, nous avons fait venir les <em>Invictus Games<\/em> (2023), les grands jeux des mutil\u00e9s de guerre.<\/p>\r\n<p>&nbsp;<\/p>\r\n<figure id=\"attachment_27334\" aria-describedby=\"caption-attachment-27334\" style=\"width: 1024px\" class=\"wp-caption aligncenter\"><img decoding=\"async\" class=\"wp-image-27334\" src=\"https:\/\/dokdoc.eu\/wp-content\/uploads\/2024\/10\/2_1200px-Grand_depart_2017_027-300x199.jpg\" alt=\"Le Grand D\u00e9part \u00e0 D\u00fcsseldorf, 29.06.2024 (Copyright: Wikimedia)\" width=\"1024\" height=\"680\" srcset=\"https:\/\/dokdoc.eu\/wp-content\/uploads\/2024\/10\/2_1200px-Grand_depart_2017_027-300x199.jpg 300w, https:\/\/dokdoc.eu\/wp-content\/uploads\/2024\/10\/2_1200px-Grand_depart_2017_027-1024x680.jpg 1024w, https:\/\/dokdoc.eu\/wp-content\/uploads\/2024\/10\/2_1200px-Grand_depart_2017_027-768x510.jpg 768w, https:\/\/dokdoc.eu\/wp-content\/uploads\/2024\/10\/2_1200px-Grand_depart_2017_027.jpg 1200w\" sizes=\"(max-width: 1024px) 100vw, 1024px\" \/><figcaption id=\"caption-attachment-27334\" class=\"wp-caption-text\">Le Grand D\u00e9part \u00e0 D\u00fcsseldorf, 29.06.2024 (Copyright: Wikimedia)<\/figcaption><\/figure>\r\n<p>&nbsp;<\/p>\r\n<p><em>dokdoc : vous avez \u00e9t\u00e9 maire pendant six ans. Aujourd\u2019hui, vous si\u00e9gez au Parlement europ\u00e9en. Quels sont vos objectifs, les v\u00f4tres et ceux de votre parti ? <\/em><\/p>\r\n<p>&nbsp;<\/p>\r\n<p>Geisel : dans son manifeste, notre parti s\u2019est engag\u00e9 \u00e0 militer en faveur de quatre grands principes : la justice sociale, le principe de rationalit\u00e9 \u00e9conomique, la libert\u00e9 et la paix. Actuellement, la paix est le th\u00e8me qui rencontre le plus large \u00e9cho. Concr\u00e8tement, cela signifie : nous avons toujours condamn\u00e9 sans \u00e9quivoque la guerre d\u2019agression contre l\u2019Ukraine. Elle est contraire au droit international et rien ne la justifie. Mais nous sommes d\u2019avis qu\u2019il est n\u00e9cessaire de r\u00e9fl\u00e9chir \u00e0 la fa\u00e7on dont elle pourrait se terminer. Continuer \u00e0 fournir des armes ne fera qu\u2019aggraver la situation. Plut\u00f4t que de faire de la Russie l\u2019ennemi principal de l\u2019Europe, nous devrions renouer avec les id\u00e9es et visions qui ont permis la r\u00e9unification de l\u2019Allemagne et la chute du Rideau de fer, \u00e0 savoir l\u2019id\u00e9e d\u2019une \u00ab grande maison europ\u00e9enne \u00bb telle que voulue en son temps par Michael Gorbatchev, ou d\u2019un syst\u00e8me de s\u00e9curit\u00e9 collective impliquant la Russie. Maintenant, on voit bien que la guerre d\u00e9clench\u00e9e par Poutine va encore durer. Mais je dis aussi : un jour, Poutine appartiendra au pass\u00e9 ; la Russie restera notre voisin et reviendra peut-\u00eatre notre partenaire, du moins je l\u2019esp\u00e8re : nos liens historiques, culturels et \u00e9conomiques l\u2019imposent. C\u2019est pourquoi nous devons tout faire pour que la diplomatie reprenne le dessus. La France et l\u2019Allemagne ont un r\u00f4le cl\u00e9 \u00e0 jouer : l\u2019histoire montre qu\u2019\u00e0 chaque fois que les deux pays ont \u00e9t\u00e9 unis, la paix et la d\u00e9tente en Europe et dans le monde y ont gagn\u00e9.<\/p>\r\n<p>&nbsp;<\/p>\r\n<p><em>dokdoc : en mati\u00e8re de politique europ\u00e9enne, le BSW et le Rassemblement National partagent de nombreuses convictions, du moins \u00e0 premi\u00e8re vue. Les deux partis ont par exemple adopt\u00e9 le principe du \u00ab moins faire, pour mieux faire \u00bb et plaident en faveur d\u2019une Europe des \u00c9tats souverains reposant sur une coop\u00e9ration \u00e9quilibr\u00e9e plut\u00f4t que sur \u00ab centralisation \u00bb supranationale. Pourquoi avez-vous, votre coll\u00e8gue Fabio de Masi et vous-m\u00eame, exclu d\u00e8s le d\u00e9part de former un groupe parlementaire avec Marine Le Pen et Jordan Bardella ? <\/em><\/p>\r\n<p>&nbsp;<\/p>\r\n<p>Geisel : Nous sommes effectivement en faveur d\u2019une Europe des \u00c9tats souverains, mais nous ne sommes pas nationalistes. Le nationalisme est l\u2019un des plus grands fl\u00e9aux de notre \u00e9poque. Nous n\u2019invoquons pas la nation, et c\u2019est ce qui nous diff\u00e9rencie du Rassemblement national et, plus encore, de l\u2019AfD. L\u2019AfD est un parti dont l\u2019id\u00e9ologie est tr\u00e8s clairement v\u00f6lkisch-nationaliste. C\u2019est la raison pour laquelle on peut dire que nous nous situons \u00e0 des ann\u00e9es-lumi\u00e8re de ce parti. Il est tout \u00e0 fait correct d\u2019affirmer que les \u00c9tats ont des int\u00e9r\u00eats nationaux et qu\u2019il est l\u00e9gitime de chercher \u00e0 les faire valoir et, dans le cas d\u2019un conflit, de travailler \u00e0 un compromis. Mais d\u00e8s lors que ces questions prennent une tournure nationaliste ou qu\u2019elles sont \u00ab absolutis\u00e9es \u00bb, alors, pour nous, c\u2019est fini.<\/p>\r\n<p>&nbsp;<\/p>\r\n<figure id=\"attachment_27335\" aria-describedby=\"caption-attachment-27335\" style=\"width: 300px\" class=\"wp-caption alignleft\"><img decoding=\"async\" class=\"wp-image-27335 size-medium\" src=\"https:\/\/dokdoc.eu\/wp-content\/uploads\/2024\/10\/3_1726652205159_20240918_EP-171918A_LD2_EG_131_MOBILE-300x200.jpg\" alt=\"Thomas Geisel, 18.09.2024 (Copyright: European Union 2024 - Source EP)\" width=\"300\" height=\"200\" srcset=\"https:\/\/dokdoc.eu\/wp-content\/uploads\/2024\/10\/3_1726652205159_20240918_EP-171918A_LD2_EG_131_MOBILE-300x200.jpg 300w, https:\/\/dokdoc.eu\/wp-content\/uploads\/2024\/10\/3_1726652205159_20240918_EP-171918A_LD2_EG_131_MOBILE.jpg 768w\" sizes=\"(max-width: 300px) 100vw, 300px\" \/><figcaption id=\"caption-attachment-27335\" class=\"wp-caption-text\">Thomas Geisel, 18.09.2024 (Copyright: European Union 2024 &#8211; Source EP)<\/figcaption><\/figure>\r\n<p><em>dokdoc : Dans<\/em> <a href=\"https:\/\/www.thomasgeisel-wasmichumtreibt.de\/post\/europapolitik-mit-vernunft\"><em>un article<\/em><\/a><em> publi\u00e9 sur votre blog le 31 janvier dernier, vous avez \u00e9crit la chose suivante : \u00ab Il serait \u00e0 ce titre raisonnable, d\u2019un point de vue allemand et europ\u00e9en, de faire d\u00e9pendre toutes les aides \u00e0 l\u2019Ukraine, y compris les \u00e9ventuelles livraisons d\u2019armes, d\u2019une condition : \u00e0 savoir que l\u2019Ukraine accepte une proposition de paix pr\u00e9sent\u00e9e par l\u2019Europe \u2013 de pr\u00e9f\u00e9rence (\u2026) l\u2019Allemagne, la France, l\u2019Italie et la Pologne \u2013 et qui soit suffisamment acceptable pour la Russie, pour avoir des chances d\u2019aboutir \u00bb. A quoi pensez-vous tr\u00e8s concr\u00e8tement ? <\/em><\/p>\r\n<p>&nbsp;<\/p>\r\n<p>Geisel : Mon point de vue est le suivant : nous devrions subordonner les livraisons d\u2019armes \u00e0 l\u2019Ukraine \u00e0 la condition que la Russie ne soit pas pr\u00eate \u00e0 s\u2019engager dans des n\u00e9gociations. Une solution acceptable par des deux parties devra \u00eatre conforme au droit international et s\u2019engager sur les points suivants : l\u2019annexion de la Crim\u00e9e, qui est contraire au droit international, pourrait \u00eatre r\u00e9solue dans le cadre d\u2019un r\u00e9f\u00e9rendum sous contr\u00f4le international. Ses habitants devraient d\u00e9cider eux-m\u00eames \u00e0 quel pays ils veulent appartenir. S\u2019agissant du Donbass, il faudrait viser une \u00ab solution Tyrol du Sud \u00bb : la plupart des habitants du Donbass sont Russes. Ils devraient faire partie de l\u2019Ukraine mais b\u00e9n\u00e9ficier d\u2019une large autonomie culturelle et politique au sein d\u2019une f\u00e9d\u00e9ration. L\u2019Ukraine est un \u00c9tat multiethnique de \u00ab facture classique \u00bb. Au lieu de vouloir \u00ab ukrainiser \u00bb l\u2019ensemble du territoire national, il conviendrait de respecter la diversit\u00e9 linguistique et culturelle de ce pays dans le cadre d\u2019une autonomie f\u00e9d\u00e9rale partielle. Cette structure devrait \u00eatre garantie par la communaut\u00e9 internationale. Son maintien adjoint \u00e0 une garantie constitutionnelle devrait \u00eatre par exemple une condition pr\u00e9alable \u00e0 l\u2019adh\u00e9sion de l\u2019Ukraine \u00e0 l\u2019UE.<\/p>\r\n<p>&nbsp;<\/p>\r\n<p><em>dokdoc : Pensez-vous que l\u2019Ukraine accepterait pareil sc\u00e9nario ?<\/em><\/p>\r\n<p>&nbsp;<\/p>\r\n<p>Geisel : on entend souvent dire que la Russie ne veut de toute fa\u00e7on pas n\u00e9gocier. J\u2019ai men\u00e9 de nombreuses n\u00e9gociations au cours de ma vie et j\u2019ai pu constater une chose : vous ne savez si l\u2019autre partie est pr\u00eate \u00e0 n\u00e9gocier qu\u2019\u00e0 partir du moment o\u00f9 vous lui avez fait une offre acceptable. C\u2019est la raison pour laquelle nous devrions exiger un cessez-le-feu imm\u00e9diat et proposer des n\u00e9gociations de paix sans conditions pr\u00e9alables. Et si maintenant on consid\u00e8re la situation des deux parties, il y a de fortes chances que la Russie accepte d\u2019ouvrir des n\u00e9gociations, pour une raison : cette guerre est pour elle un v\u00e9ritable fiasco. D\u2019une part, parce qu\u2019elle n\u2019est pas parvenue conqu\u00e9rir l\u2019Ukraine comme elle l\u2019esp\u00e9rait initialement, d\u2019autre part, parce qu\u2019elle s\u2019accroche \u00e0 cette perspective depuis deux ans et demi maintenant. Pire encore : la Finlande et la Su\u00e8de sont d\u00e9sormais membres de l\u2019OTAN, ce qui resserre encore un peu plus \u00ab l\u2019\u00e9tau \u00bb autour du pays. Je pense que pour toutes ces raisons il est tr\u00e8s probable que la Russie accepte une offre de n\u00e9gociation s\u00e9rieuse et lui permettant de sauver la face.<\/p>\r\n<p>&nbsp;<\/p>\r\n<p><em>dokdoc : au cours des derniers mois, Sahra Wagenknecht a vivement critiqu\u00e9 le chancelier pour sa politique \u00e0 l\u2019\u00e9gard de la Russie. Il est pourtant \u00e0 bien des \u00e9gards beaucoup plus r\u00e9serv\u00e9 qu\u2019Emmanuel Macron, favorable \u00e0 une logique dite du \u00ab whatever it takes \u00bb. La politique du Pr\u00e9sident est-elle irresponsable ? <\/em><\/p>\r\n<p>&nbsp;<\/p>\r\n<p>Geisel : Macron semble en effet vouloir donner l\u2019impression que la France est le pays qui apporte le soutien le plus important \u00e0 l\u2019Ukraine. Mais si on y regarde d\u2019un peu plus pr\u00e8s, on se rend compte que ce n\u2019est pas vrai. S\u2019agissant des armes, la France ne fournit m\u00eame pas un dixi\u00e8me de l\u2019aide que l\u2019Allemagne apporte \u00e0 l\u2019Ukraine. Mais la t\u00e2che de la France et de l\u2019Allemagne ne peut pas \u00eatre se surpasser mutuellement en mati\u00e8re d\u2019aide militaire. Au contraire, il est dans leur int\u00e9r\u00eat, et dans l\u2019int\u00e9r\u00eat de l\u2019Europe, mettre un terme \u00e0 cette guerre par la voie diplomatique.<\/p>\r\n<p>&nbsp;<\/p>\r\n<p><em>dokdoc : que le BSW des relations franco-allemandes ? Le parti a-t-il un programme, un agenda franco-allemand ? Apr\u00e8s tout, derri\u00e8re la fondatrice du parti, Sahra Wagenknecht, il y a son mari, Oskar Lafontaine. En tant que Sarrois, ce dernier a toujours accord\u00e9 une importance particuli\u00e8re aux relations franco-allemandes, pour des raisons historiques, mais aussi sur le plan personnel et politique. <\/em><\/p>\r\n<p>&nbsp;<\/p>\r\n<figure id=\"attachment_27336\" aria-describedby=\"caption-attachment-27336\" style=\"width: 300px\" class=\"wp-caption alignleft\"><img loading=\"lazy\" decoding=\"async\" class=\"wp-image-27336 size-medium\" src=\"https:\/\/dokdoc.eu\/wp-content\/uploads\/2024\/10\/4_2024-08-19_Event_Thueringer_Wahlkampftour-Start_des_BSW_in_Eisenach_STP_3013_by_Stepro-300x200.jpg\" alt=\"Oskar Lafontaine \u00e0 Eisenach, 19.08.2024 (Copyright: Wikimedia)\" width=\"300\" height=\"200\" srcset=\"https:\/\/dokdoc.eu\/wp-content\/uploads\/2024\/10\/4_2024-08-19_Event_Thueringer_Wahlkampftour-Start_des_BSW_in_Eisenach_STP_3013_by_Stepro-300x200.jpg 300w, https:\/\/dokdoc.eu\/wp-content\/uploads\/2024\/10\/4_2024-08-19_Event_Thueringer_Wahlkampftour-Start_des_BSW_in_Eisenach_STP_3013_by_Stepro-1024x683.jpg 1024w, https:\/\/dokdoc.eu\/wp-content\/uploads\/2024\/10\/4_2024-08-19_Event_Thueringer_Wahlkampftour-Start_des_BSW_in_Eisenach_STP_3013_by_Stepro-768x512.jpg 768w, https:\/\/dokdoc.eu\/wp-content\/uploads\/2024\/10\/4_2024-08-19_Event_Thueringer_Wahlkampftour-Start_des_BSW_in_Eisenach_STP_3013_by_Stepro.jpg 1200w\" sizes=\"(max-width: 300px) 100vw, 300px\" \/><figcaption id=\"caption-attachment-27336\" class=\"wp-caption-text\">Oskar Lafontaine \u00e0 Eisenach, 19.08.2024 (Copyright: Wikimedia)<\/figcaption><\/figure>\r\n<p>Geisel : le parti n\u2019a pas encore d\u2019agenda franco-allemand. Mais j\u2019ai clairement indiqu\u00e9, et le BSW sera certainement sur la m\u00eame ligne, que nous sommes convaincus qu\u2019une relation de confiance forte entre la France et l\u2019Allemagne est l\u2019\u00e9pine dorsale de l\u2019Europe. Sahra Wagenknecht vit en Sarre et passe beaucoup de temps de l\u2019autre c\u00f4t\u00e9 de la fronti\u00e8re. Pour elle, le lien avec le voisin n\u2019est pas seulement politique et rationnel, il est aussi \u00e9motionnel.<\/p>\r\n<p>&nbsp;<\/p>\r\n<p><em>dokdoc : vous \u00eates un passionn\u00e9 de marathon. La prochaine \u00e9dition du Marathon de Paris aura lieu le 13 avril. Y participerez-vous ? <\/em><\/p>\r\n<p>&nbsp;<\/p>\r\n<p>Geisel : j\u2019ai d\u00e9j\u00e0 couru \u00e0 Paris en 2012 et, si je me souviens bien, je suis pass\u00e9 sous la barre des 3h30, l\u2019un de mes meilleurs temps sur marathon. Le fait d\u2019avoir couru le <em>Marathon de Paris<\/em> m\u2019a d\u2019ailleurs beaucoup aid\u00e9 \u00e0 faire venir le <em>Grand D\u00e9part<\/em> \u00e0 D\u00fcsseldorf. Car <a href=\"https:\/\/www.aso.fr\/en\/\">ASO<\/a> organise non pas seulement le Tour de France mais aussi le <em>Marathon de Paris<\/em>. Mais pour revenir \u00e0 votre question : je vais probablement courir \u00e0 Tokyo l\u2019ann\u00e9e prochaine. C\u2019est le dernier des grands marathons qui manque encore \u00e0 ma liste. Et apr\u00e8s, je pense que ce sera fini. J\u2019ai plus de 60 ans ; un semi-marathon est suffisamment long.<\/p>\r\n<p>&nbsp;<\/p>\r\n<p><em>dokdoc : Monsieur Geisel, je vous remercie pour cette interview.<\/em><\/p>\r\n<p>&nbsp;<\/p>\r\n<h2><strong>Notre invit\u00e9<\/strong><\/h2>\r\n<figure id=\"attachment_27337\" aria-describedby=\"caption-attachment-27337\" style=\"width: 233px\" class=\"wp-caption alignleft\"><img loading=\"lazy\" decoding=\"async\" class=\"wp-image-27337 size-medium\" src=\"https:\/\/dokdoc.eu\/wp-content\/uploads\/2024\/10\/5_1718810603167_20240619_GEISEL_Thomas_DE_006_MOBILE-233x300.jpg\" alt=\"Thomas Geisel, 18.09.2024 (Copyright European Union 2024 - Source EP)\" width=\"233\" height=\"300\" srcset=\"https:\/\/dokdoc.eu\/wp-content\/uploads\/2024\/10\/5_1718810603167_20240619_GEISEL_Thomas_DE_006_MOBILE-233x300.jpg 233w, https:\/\/dokdoc.eu\/wp-content\/uploads\/2024\/10\/5_1718810603167_20240619_GEISEL_Thomas_DE_006_MOBILE.jpg 398w\" sizes=\"(max-width: 233px) 100vw, 233px\" \/><figcaption id=\"caption-attachment-27337\" class=\"wp-caption-text\">Thomas Geisel, 18.09.2024 (Copyright European Union 2024 &#8211; Source EP)<\/figcaption><\/figure>\r\n<p><em>Thomas Geisel est n\u00e9 en 1963 \u00e0 Ellwangen. Apr\u00e8s avoir obtenu un Master of Arts in Government \u00e0 l\u2019universit\u00e9 de Georgetown, il a pass\u00e9 son premier examen d\u2019\u00c9tat en droit \u00e0 Fribourg (1990). Il est ensuite retourn\u00e9 aux \u00c9tats-Unis pour passer un master en administration publique \u00e0 la Harvard Kennedy School. Deux ans plus tard, il a obtenu son deuxi\u00e8me examen d\u2019\u00c9tat en droit \u00e0 la Cour d\u2019appel de Berlin. En 1990, il a \u00e9t\u00e9 conseiller du groupe parlementaire du SPD \u00e0 la Chambre du peuple de la RDA, puis conseiller personnel du directeur f\u00e9d\u00e9ral du SPD. De 1994 \u00e0 1998, il a \u00e9t\u00e9 chef de d\u00e9partement pour la restructuration des sites chimiques d\u2019Allemagne centrale au sein de la BvS, l\u2019organisation qui a succ\u00e9d\u00e9 \u00e0 la Treuhand. Il a ensuite travaill\u00e9 comme directeur des achats chez Ruhrgas AG et E.ON. De 2014 \u00e0 2020, il a \u00e9t\u00e9 maire de D\u00fcsseldorf. Depuis juillet 2024, il est membre du Parlement europ\u00e9en pour l\u2019\u00ab Alliance Sahra Wagenknecht \u2013 Raison et Justice \u00bb. <\/em><\/p>\r\n<p>&nbsp;<\/p>\r\n<h2>\u00a0<\/h2>\r\n","protected":false},"excerpt":{"rendered":"<p>Maire de D\u00fcsseldorf de 2014 \u00e0 2020, Thomas Geisel a longtemps \u00e9t\u00e9 membre du SPD. Il fait aujourd\u2019hui partie de l\u2019Alliance Sahra Wagenknecht. Nous avons discut\u00e9 avec lui des relations franco-allemandes et de la guerre contre l\u2019Ukraine.<\/p>\n","protected":false},"author":1,"featured_media":27333,"comment_status":"closed","ping_status":"closed","sticky":true,"template":"","format":"standard","meta":{"om_disable_all_campaigns":false,"_monsterinsights_skip_tracking":false,"_monsterinsights_sitenote_active":false,"_monsterinsights_sitenote_note":"","_monsterinsights_sitenote_category":0,"_uf_show_specific_survey":0,"_uf_disable_surveys":false,"footnotes":""},"categories":[114],"tags":[],"ppma_author":[616],"class_list":["post-27567","post","type-post","status-publish","format-standard","has-post-thumbnail","hentry","category-politique-fr-2"],"yoast_head":"<!-- This site is optimized with the Yoast SEO plugin v27.5 - https:\/\/yoast.com\/product\/yoast-seo-wordpress\/ -->\n<title>&quot;Monsieur Geisel, que pense le BSW de la France ?&quot; - dokdoc.eu<\/title>\n<meta name=\"robots\" content=\"index, follow, max-snippet:-1, max-image-preview:large, max-video-preview:-1\" \/>\n<link rel=\"canonical\" href=\"https:\/\/dokdoc.eu\/fr\/2024\/10\/14\/monsieur-geisel-que-pense-le-bsw-de-la-france\/\" \/>\n<meta property=\"og:locale\" content=\"fr_FR\" \/>\n<meta property=\"og:type\" content=\"article\" \/>\n<meta property=\"og:title\" content=\"&quot;Monsieur Geisel, que pense le BSW de la France ?&quot; - dokdoc.eu\" \/>\n<meta property=\"og:description\" content=\"Maire de D\u00fcsseldorf de 2014 \u00e0 2020, Thomas Geisel a longtemps \u00e9t\u00e9 membre du SPD. Il fait aujourd\u2019hui partie de l\u2019Alliance Sahra Wagenknecht. Nous avons discut\u00e9 avec lui des relations franco-allemandes et de la guerre contre l\u2019Ukraine.\" \/>\n<meta property=\"og:url\" content=\"https:\/\/dokdoc.eu\/fr\/2024\/10\/14\/monsieur-geisel-que-pense-le-bsw-de-la-france\/\" \/>\n<meta property=\"og:site_name\" content=\"dokdoc.eu\" \/>\n<meta property=\"article:published_time\" content=\"2024-10-14T14:59:55+00:00\" \/>\n<meta property=\"article:modified_time\" content=\"2025-04-24T14:46:17+00:00\" \/>\n<meta property=\"og:image\" content=\"https:\/\/dokdoc.eu\/wp-content\/uploads\/2024\/10\/1_imago0536143307h-scaled-1.jpg\" \/>\n\t<meta property=\"og:image:width\" content=\"2560\" \/>\n\t<meta property=\"og:image:height\" content=\"1703\" \/>\n\t<meta property=\"og:image:type\" content=\"image\/jpeg\" \/>\n<meta name=\"author\" content=\"Thomas Geisel\" \/>\n<meta name=\"twitter:card\" content=\"summary_large_image\" \/>\n<meta name=\"twitter:label1\" content=\"\u00c9crit par\" \/>\n\t<meta name=\"twitter:data1\" content=\"RochowMedienagentur\" \/>\n\t<meta name=\"twitter:label2\" content=\"Dur\u00e9e de lecture estim\u00e9e\" \/>\n\t<meta name=\"twitter:data2\" content=\"12 minutes\" \/>\n<script type=\"application\/ld+json\" class=\"yoast-schema-graph\">{\"@context\":\"https:\\\/\\\/schema.org\",\"@graph\":[{\"@type\":\"Article\",\"@id\":\"https:\\\/\\\/dokdoc.eu\\\/fr\\\/2024\\\/10\\\/14\\\/monsieur-geisel-que-pense-le-bsw-de-la-france\\\/#article\",\"isPartOf\":{\"@id\":\"https:\\\/\\\/dokdoc.eu\\\/fr\\\/2024\\\/10\\\/14\\\/monsieur-geisel-que-pense-le-bsw-de-la-france\\\/\"},\"author\":{\"name\":\"RochowMedienagentur\",\"@id\":\"https:\\\/\\\/dokdoc.eu\\\/fr\\\/#\\\/schema\\\/person\\\/d760e6e53df901fd9522f1d3a1e46621\"},\"headline\":\"\u00ab\u00a0Monsieur Geisel, que pense le BSW de la France ?\u00a0\u00bb\",\"datePublished\":\"2024-10-14T14:59:55+00:00\",\"dateModified\":\"2025-04-24T14:46:17+00:00\",\"mainEntityOfPage\":{\"@id\":\"https:\\\/\\\/dokdoc.eu\\\/fr\\\/2024\\\/10\\\/14\\\/monsieur-geisel-que-pense-le-bsw-de-la-france\\\/\"},\"wordCount\":2190,\"publisher\":{\"@id\":\"https:\\\/\\\/dokdoc.eu\\\/fr\\\/#organization\"},\"image\":{\"@id\":\"https:\\\/\\\/dokdoc.eu\\\/fr\\\/2024\\\/10\\\/14\\\/monsieur-geisel-que-pense-le-bsw-de-la-france\\\/#primaryimage\"},\"thumbnailUrl\":\"https:\\\/\\\/dokdoc.eu\\\/wp-content\\\/uploads\\\/2024\\\/10\\\/1_imago0536143307h-scaled-1.jpg\",\"articleSection\":[\"Politique\"],\"inLanguage\":\"fr-FR\"},{\"@type\":\"WebPage\",\"@id\":\"https:\\\/\\\/dokdoc.eu\\\/fr\\\/2024\\\/10\\\/14\\\/monsieur-geisel-que-pense-le-bsw-de-la-france\\\/\",\"url\":\"https:\\\/\\\/dokdoc.eu\\\/fr\\\/2024\\\/10\\\/14\\\/monsieur-geisel-que-pense-le-bsw-de-la-france\\\/\",\"name\":\"\\\"Monsieur Geisel, que pense le BSW de la France ?\\\" - dokdoc.eu\",\"isPartOf\":{\"@id\":\"https:\\\/\\\/dokdoc.eu\\\/fr\\\/#website\"},\"primaryImageOfPage\":{\"@id\":\"https:\\\/\\\/dokdoc.eu\\\/fr\\\/2024\\\/10\\\/14\\\/monsieur-geisel-que-pense-le-bsw-de-la-france\\\/#primaryimage\"},\"image\":{\"@id\":\"https:\\\/\\\/dokdoc.eu\\\/fr\\\/2024\\\/10\\\/14\\\/monsieur-geisel-que-pense-le-bsw-de-la-france\\\/#primaryimage\"},\"thumbnailUrl\":\"https:\\\/\\\/dokdoc.eu\\\/wp-content\\\/uploads\\\/2024\\\/10\\\/1_imago0536143307h-scaled-1.jpg\",\"datePublished\":\"2024-10-14T14:59:55+00:00\",\"dateModified\":\"2025-04-24T14:46:17+00:00\",\"breadcrumb\":{\"@id\":\"https:\\\/\\\/dokdoc.eu\\\/fr\\\/2024\\\/10\\\/14\\\/monsieur-geisel-que-pense-le-bsw-de-la-france\\\/#breadcrumb\"},\"inLanguage\":\"fr-FR\",\"potentialAction\":[{\"@type\":\"ReadAction\",\"target\":[\"https:\\\/\\\/dokdoc.eu\\\/fr\\\/2024\\\/10\\\/14\\\/monsieur-geisel-que-pense-le-bsw-de-la-france\\\/\"]}]},{\"@type\":\"ImageObject\",\"inLanguage\":\"fr-FR\",\"@id\":\"https:\\\/\\\/dokdoc.eu\\\/fr\\\/2024\\\/10\\\/14\\\/monsieur-geisel-que-pense-le-bsw-de-la-france\\\/#primaryimage\",\"url\":\"https:\\\/\\\/dokdoc.eu\\\/wp-content\\\/uploads\\\/2024\\\/10\\\/1_imago0536143307h-scaled-1.jpg\",\"contentUrl\":\"https:\\\/\\\/dokdoc.eu\\\/wp-content\\\/uploads\\\/2024\\\/10\\\/1_imago0536143307h-scaled-1.jpg\",\"width\":2560,\"height\":1703,\"caption\":\"Amira Mohamed Ali, Christian Leye, Sahra Wagenknecht, Thomas Geisel und Fabio De Masi bei der Pressekonferenz zur Europawahl 2024 im Haus der Bundespressekonferenz. Berlin, 10.06.2024 *** Amira Mohamed Ali, Christian Leye, Sahra Wagenknecht, Thomas Geisel and Fabio De Masi at the press conference on the 2024 European elections in the Haus der Bundespressekonferenz Berlin, 10 06 2024 Foto:xF.xKernx\\\/xFuturexImagex bsw_pk_4615\"},{\"@type\":\"BreadcrumbList\",\"@id\":\"https:\\\/\\\/dokdoc.eu\\\/fr\\\/2024\\\/10\\\/14\\\/monsieur-geisel-que-pense-le-bsw-de-la-france\\\/#breadcrumb\",\"itemListElement\":[{\"@type\":\"ListItem\",\"position\":1,\"name\":\"Startseite\",\"item\":\"https:\\\/\\\/dokdoc.eu\\\/fr\\\/\"},{\"@type\":\"ListItem\",\"position\":2,\"name\":\"&#8222;Monsieur Geisel, que pense le BSW de la France ?&#8220;\"}]},{\"@type\":\"WebSite\",\"@id\":\"https:\\\/\\\/dokdoc.eu\\\/fr\\\/#website\",\"url\":\"https:\\\/\\\/dokdoc.eu\\\/fr\\\/\",\"name\":\"dokdoc.eu\",\"description\":\"\",\"publisher\":{\"@id\":\"https:\\\/\\\/dokdoc.eu\\\/fr\\\/#organization\"},\"potentialAction\":[{\"@type\":\"SearchAction\",\"target\":{\"@type\":\"EntryPoint\",\"urlTemplate\":\"https:\\\/\\\/dokdoc.eu\\\/fr\\\/?s={search_term_string}\"},\"query-input\":{\"@type\":\"PropertyValueSpecification\",\"valueRequired\":true,\"valueName\":\"search_term_string\"}}],\"inLanguage\":\"fr-FR\"},{\"@type\":\"Organization\",\"@id\":\"https:\\\/\\\/dokdoc.eu\\\/fr\\\/#organization\",\"name\":\"dokdoc.eu\",\"url\":\"https:\\\/\\\/dokdoc.eu\\\/fr\\\/\",\"logo\":{\"@type\":\"ImageObject\",\"inLanguage\":\"fr-FR\",\"@id\":\"https:\\\/\\\/dokdoc.eu\\\/fr\\\/#\\\/schema\\\/logo\\\/image\\\/\",\"url\":\"https:\\\/\\\/dokdoc.eu\\\/wp-content\\\/uploads\\\/2019\\\/08\\\/cropped-logo_dokdoc-e1720795013301.png\",\"contentUrl\":\"https:\\\/\\\/dokdoc.eu\\\/wp-content\\\/uploads\\\/2019\\\/08\\\/cropped-logo_dokdoc-e1720795013301.png\",\"width\":150,\"height\":110,\"caption\":\"dokdoc.eu\"},\"image\":{\"@id\":\"https:\\\/\\\/dokdoc.eu\\\/fr\\\/#\\\/schema\\\/logo\\\/image\\\/\"}},{\"@type\":\"Person\",\"@id\":\"https:\\\/\\\/dokdoc.eu\\\/fr\\\/#\\\/schema\\\/person\\\/d760e6e53df901fd9522f1d3a1e46621\",\"name\":\"RochowMedienagentur\",\"image\":{\"@type\":\"ImageObject\",\"inLanguage\":\"fr-FR\",\"@id\":\"https:\\\/\\\/dokdoc.eu\\\/wp-content\\\/uploads\\\/2019\\\/08\\\/cropped-logo_dokdoc-e1720795013301.png830075fd1c1a1f70247b47fa84cf0f00\",\"url\":\"https:\\\/\\\/dokdoc.eu\\\/wp-content\\\/uploads\\\/2019\\\/08\\\/cropped-logo_dokdoc-e1720795013301.png\",\"contentUrl\":\"https:\\\/\\\/dokdoc.eu\\\/wp-content\\\/uploads\\\/2019\\\/08\\\/cropped-logo_dokdoc-e1720795013301.png\",\"caption\":\"RochowMedienagentur\"},\"sameAs\":[\"https:\\\/\\\/dokdoc.eu\"],\"url\":\"https:\\\/\\\/dokdoc.eu\\\/fr\\\/author\\\/rochowmedienagentur\\\/\"}]}<\/script>\n<!-- \/ Yoast SEO plugin. -->","yoast_head_json":{"title":"\"Monsieur Geisel, que pense le BSW de la France ?\" - dokdoc.eu","robots":{"index":"index","follow":"follow","max-snippet":"max-snippet:-1","max-image-preview":"max-image-preview:large","max-video-preview":"max-video-preview:-1"},"canonical":"https:\/\/dokdoc.eu\/fr\/2024\/10\/14\/monsieur-geisel-que-pense-le-bsw-de-la-france\/","og_locale":"fr_FR","og_type":"article","og_title":"\"Monsieur Geisel, que pense le BSW de la France ?\" - dokdoc.eu","og_description":"Maire de D\u00fcsseldorf de 2014 \u00e0 2020, Thomas Geisel a longtemps \u00e9t\u00e9 membre du SPD. Il fait aujourd\u2019hui partie de l\u2019Alliance Sahra Wagenknecht. Nous avons discut\u00e9 avec lui des relations franco-allemandes et de la guerre contre l\u2019Ukraine.","og_url":"https:\/\/dokdoc.eu\/fr\/2024\/10\/14\/monsieur-geisel-que-pense-le-bsw-de-la-france\/","og_site_name":"dokdoc.eu","article_published_time":"2024-10-14T14:59:55+00:00","article_modified_time":"2025-04-24T14:46:17+00:00","og_image":[{"width":2560,"height":1703,"url":"https:\/\/dokdoc.eu\/wp-content\/uploads\/2024\/10\/1_imago0536143307h-scaled-1.jpg","type":"image\/jpeg"}],"author":"Thomas Geisel","twitter_card":"summary_large_image","twitter_misc":{"\u00c9crit par":"RochowMedienagentur","Dur\u00e9e de lecture estim\u00e9e":"12 minutes"},"schema":{"@context":"https:\/\/schema.org","@graph":[{"@type":"Article","@id":"https:\/\/dokdoc.eu\/fr\/2024\/10\/14\/monsieur-geisel-que-pense-le-bsw-de-la-france\/#article","isPartOf":{"@id":"https:\/\/dokdoc.eu\/fr\/2024\/10\/14\/monsieur-geisel-que-pense-le-bsw-de-la-france\/"},"author":{"name":"RochowMedienagentur","@id":"https:\/\/dokdoc.eu\/fr\/#\/schema\/person\/d760e6e53df901fd9522f1d3a1e46621"},"headline":"\u00ab\u00a0Monsieur Geisel, que pense le BSW de la France ?\u00a0\u00bb","datePublished":"2024-10-14T14:59:55+00:00","dateModified":"2025-04-24T14:46:17+00:00","mainEntityOfPage":{"@id":"https:\/\/dokdoc.eu\/fr\/2024\/10\/14\/monsieur-geisel-que-pense-le-bsw-de-la-france\/"},"wordCount":2190,"publisher":{"@id":"https:\/\/dokdoc.eu\/fr\/#organization"},"image":{"@id":"https:\/\/dokdoc.eu\/fr\/2024\/10\/14\/monsieur-geisel-que-pense-le-bsw-de-la-france\/#primaryimage"},"thumbnailUrl":"https:\/\/dokdoc.eu\/wp-content\/uploads\/2024\/10\/1_imago0536143307h-scaled-1.jpg","articleSection":["Politique"],"inLanguage":"fr-FR"},{"@type":"WebPage","@id":"https:\/\/dokdoc.eu\/fr\/2024\/10\/14\/monsieur-geisel-que-pense-le-bsw-de-la-france\/","url":"https:\/\/dokdoc.eu\/fr\/2024\/10\/14\/monsieur-geisel-que-pense-le-bsw-de-la-france\/","name":"\"Monsieur Geisel, que pense le BSW de la France ?\" - dokdoc.eu","isPartOf":{"@id":"https:\/\/dokdoc.eu\/fr\/#website"},"primaryImageOfPage":{"@id":"https:\/\/dokdoc.eu\/fr\/2024\/10\/14\/monsieur-geisel-que-pense-le-bsw-de-la-france\/#primaryimage"},"image":{"@id":"https:\/\/dokdoc.eu\/fr\/2024\/10\/14\/monsieur-geisel-que-pense-le-bsw-de-la-france\/#primaryimage"},"thumbnailUrl":"https:\/\/dokdoc.eu\/wp-content\/uploads\/2024\/10\/1_imago0536143307h-scaled-1.jpg","datePublished":"2024-10-14T14:59:55+00:00","dateModified":"2025-04-24T14:46:17+00:00","breadcrumb":{"@id":"https:\/\/dokdoc.eu\/fr\/2024\/10\/14\/monsieur-geisel-que-pense-le-bsw-de-la-france\/#breadcrumb"},"inLanguage":"fr-FR","potentialAction":[{"@type":"ReadAction","target":["https:\/\/dokdoc.eu\/fr\/2024\/10\/14\/monsieur-geisel-que-pense-le-bsw-de-la-france\/"]}]},{"@type":"ImageObject","inLanguage":"fr-FR","@id":"https:\/\/dokdoc.eu\/fr\/2024\/10\/14\/monsieur-geisel-que-pense-le-bsw-de-la-france\/#primaryimage","url":"https:\/\/dokdoc.eu\/wp-content\/uploads\/2024\/10\/1_imago0536143307h-scaled-1.jpg","contentUrl":"https:\/\/dokdoc.eu\/wp-content\/uploads\/2024\/10\/1_imago0536143307h-scaled-1.jpg","width":2560,"height":1703,"caption":"Amira Mohamed Ali, Christian Leye, Sahra Wagenknecht, Thomas Geisel und Fabio De Masi bei der Pressekonferenz zur Europawahl 2024 im Haus der Bundespressekonferenz. Berlin, 10.06.2024 *** Amira Mohamed Ali, Christian Leye, Sahra Wagenknecht, Thomas Geisel and Fabio De Masi at the press conference on the 2024 European elections in the Haus der Bundespressekonferenz Berlin, 10 06 2024 Foto:xF.xKernx\/xFuturexImagex bsw_pk_4615"},{"@type":"BreadcrumbList","@id":"https:\/\/dokdoc.eu\/fr\/2024\/10\/14\/monsieur-geisel-que-pense-le-bsw-de-la-france\/#breadcrumb","itemListElement":[{"@type":"ListItem","position":1,"name":"Startseite","item":"https:\/\/dokdoc.eu\/fr\/"},{"@type":"ListItem","position":2,"name":"&#8222;Monsieur Geisel, que pense le BSW de la France ?&#8220;"}]},{"@type":"WebSite","@id":"https:\/\/dokdoc.eu\/fr\/#website","url":"https:\/\/dokdoc.eu\/fr\/","name":"dokdoc.eu","description":"","publisher":{"@id":"https:\/\/dokdoc.eu\/fr\/#organization"},"potentialAction":[{"@type":"SearchAction","target":{"@type":"EntryPoint","urlTemplate":"https:\/\/dokdoc.eu\/fr\/?s={search_term_string}"},"query-input":{"@type":"PropertyValueSpecification","valueRequired":true,"valueName":"search_term_string"}}],"inLanguage":"fr-FR"},{"@type":"Organization","@id":"https:\/\/dokdoc.eu\/fr\/#organization","name":"dokdoc.eu","url":"https:\/\/dokdoc.eu\/fr\/","logo":{"@type":"ImageObject","inLanguage":"fr-FR","@id":"https:\/\/dokdoc.eu\/fr\/#\/schema\/logo\/image\/","url":"https:\/\/dokdoc.eu\/wp-content\/uploads\/2019\/08\/cropped-logo_dokdoc-e1720795013301.png","contentUrl":"https:\/\/dokdoc.eu\/wp-content\/uploads\/2019\/08\/cropped-logo_dokdoc-e1720795013301.png","width":150,"height":110,"caption":"dokdoc.eu"},"image":{"@id":"https:\/\/dokdoc.eu\/fr\/#\/schema\/logo\/image\/"}},{"@type":"Person","@id":"https:\/\/dokdoc.eu\/fr\/#\/schema\/person\/d760e6e53df901fd9522f1d3a1e46621","name":"RochowMedienagentur","image":{"@type":"ImageObject","inLanguage":"fr-FR","@id":"https:\/\/dokdoc.eu\/wp-content\/uploads\/2019\/08\/cropped-logo_dokdoc-e1720795013301.png830075fd1c1a1f70247b47fa84cf0f00","url":"https:\/\/dokdoc.eu\/wp-content\/uploads\/2019\/08\/cropped-logo_dokdoc-e1720795013301.png","contentUrl":"https:\/\/dokdoc.eu\/wp-content\/uploads\/2019\/08\/cropped-logo_dokdoc-e1720795013301.png","caption":"RochowMedienagentur"},"sameAs":["https:\/\/dokdoc.eu"],"url":"https:\/\/dokdoc.eu\/fr\/author\/rochowmedienagentur\/"}]}},"authors":[{"term_id":616,"user_id":0,"is_guest":1,"slug":"thomas-geisel","display_name":"Thomas Geisel","avatar_url":{"url":"https:\/\/dokdoc.eu\/wp-content\/uploads\/2019\/08\/cropped-logo_dokdoc-e1720795013301.png","url2x":"https:\/\/dokdoc.eu\/wp-content\/uploads\/2019\/08\/cropped-logo_dokdoc-e1720795013301.png"},"0":null,"1":"","2":"","3":"","4":"","5":"","6":"","7":"","8":""}],"_links":{"self":[{"href":"https:\/\/dokdoc.eu\/fr\/wp-json\/wp\/v2\/posts\/27567","targetHints":{"allow":["GET"]}}],"collection":[{"href":"https:\/\/dokdoc.eu\/fr\/wp-json\/wp\/v2\/posts"}],"about":[{"href":"https:\/\/dokdoc.eu\/fr\/wp-json\/wp\/v2\/types\/post"}],"author":[{"embeddable":true,"href":"https:\/\/dokdoc.eu\/fr\/wp-json\/wp\/v2\/users\/1"}],"replies":[{"embeddable":true,"href":"https:\/\/dokdoc.eu\/fr\/wp-json\/wp\/v2\/comments?post=27567"}],"version-history":[{"count":10,"href":"https:\/\/dokdoc.eu\/fr\/wp-json\/wp\/v2\/posts\/27567\/revisions"}],"predecessor-version":[{"id":29831,"href":"https:\/\/dokdoc.eu\/fr\/wp-json\/wp\/v2\/posts\/27567\/revisions\/29831"}],"wp:featuredmedia":[{"embeddable":true,"href":"https:\/\/dokdoc.eu\/fr\/wp-json\/wp\/v2\/media\/27333"}],"wp:attachment":[{"href":"https:\/\/dokdoc.eu\/fr\/wp-json\/wp\/v2\/media?parent=27567"}],"wp:term":[{"taxonomy":"category","embeddable":true,"href":"https:\/\/dokdoc.eu\/fr\/wp-json\/wp\/v2\/categories?post=27567"},{"taxonomy":"post_tag","embeddable":true,"href":"https:\/\/dokdoc.eu\/fr\/wp-json\/wp\/v2\/tags?post=27567"},{"taxonomy":"author","embeddable":true,"href":"https:\/\/dokdoc.eu\/fr\/wp-json\/wp\/v2\/ppma_author?post=27567"}],"curies":[{"name":"wp","href":"https:\/\/api.w.org\/{rel}","templated":true}]}}