{"id":28090,"date":"2024-12-23T18:56:21","date_gmt":"2024-12-23T17:56:21","guid":{"rendered":"https:\/\/dokdoc.eu\/?p=28090"},"modified":"2025-05-02T15:28:40","modified_gmt":"2025-05-02T13:28:40","slug":"le-dernier-des-mohicans","status":"publish","type":"post","link":"https:\/\/dokdoc.eu\/fr\/2024\/12\/23\/le-dernier-des-mohicans\/","title":{"rendered":"Le dernier des Mohicans"},"content":{"rendered":"<figure id=\"attachment_28068\" aria-describedby=\"caption-attachment-28068\" style=\"width: 1024px\" class=\"wp-caption alignnone\"><img fetchpriority=\"high\" decoding=\"async\" class=\"wp-image-28068\" src=\"https:\/\/dokdoc.eu\/wp-content\/uploads\/2024\/12\/1_2R4WXXM-300x200.jpg\" alt=\"Volker Wissing, 30. Mai 2023, Paris (Copyright: Alamy)\" width=\"1024\" height=\"682\" srcset=\"https:\/\/dokdoc.eu\/wp-content\/uploads\/2024\/12\/1_2R4WXXM-300x200.jpg 300w, https:\/\/dokdoc.eu\/wp-content\/uploads\/2024\/12\/1_2R4WXXM-1024x683.jpg 1024w, https:\/\/dokdoc.eu\/wp-content\/uploads\/2024\/12\/1_2R4WXXM-768x512.jpg 768w, https:\/\/dokdoc.eu\/wp-content\/uploads\/2024\/12\/1_2R4WXXM-1536x1024.jpg 1536w, https:\/\/dokdoc.eu\/wp-content\/uploads\/2024\/12\/1_2R4WXXM-2048x1365.jpg 2048w\" sizes=\"(max-width: 1024px) 100vw, 1024px\" \/><figcaption id=\"caption-attachment-28068\" class=\"wp-caption-text\">Volker Wissing, 30. Mai 2023, Paris (Copyright: Alamy)<\/figcaption><\/figure>\n<p><b>La presse allemande a beaucoup parl\u00e9 de Volker Wissing dans la foul\u00e9e de l\u2019effondrement de la coalition \u00ab\u00a0feu tricolore\u00a0\u00bb mais rien sur son attachement \u00e0 la France et sur ce que son d\u00e9part du gouvernement signifiera pour la relation bilat\u00e9rale. \u00a0 <\/b><!--more--><\/p>\n<p>&nbsp;<\/p>\n<p><span style=\"font-weight: 400;\">Plus de deux ans se sont \u00e9coul\u00e9s depuis cette fameuse soir\u00e9e. C\u2019\u00e9tait au d\u00e9but juillet 2022\u00a0; notre \u00e9quipe avait install\u00e9 cam\u00e9ras, lumi\u00e8res et micros dans la salle de conf\u00e9rence du minist\u00e8re f\u00e9d\u00e9ral en charge du Num\u00e9rique et des Transports. Nous \u00e9tions en train de tourner un <\/span><a href=\"https:\/\/educ.arte.tv\/program\/france-allemagne-un-couple-en-therapie\"><span style=\"font-weight: 400;\">documentaire<\/span><\/a><span style=\"font-weight: 400;\"> pour ARTE avec, comme objectif,\u00a0de faire le point sur les relations bilat\u00e9rales 60 ans apr\u00e8s la signature du trait\u00e9 de l\u2019\u00c9lys\u00e9e. Deux membres du FDP nous avaient recommand\u00e9 de parler \u00e0 Volker Wissing\u00a0: \u00ab\u00a0Il aime la France\u00a0\u00bb, nous avait dit l\u2019un d\u2019entre eux.\u00a0<\/span><\/p>\n<p><span style=\"font-weight: 400;\">Lorsque le ministre finit par arriver, nous salua et s\u2019assit sur une chaise, on ne pouvait pas sentir grand-chose de tout cela. Volker Wissing maitrise chacun de ses gestes. Et lorsque je l\u2019interrogeai sur sa relation avec la France, lui qui a grandi \u00e0 Landau, \u00e0 quelques kilom\u00e8tres de la fronti\u00e8re, et qui est bilingue, il se contenta de me donner quelques r\u00e9ponses tr\u00e8s superficielles. Les journalistes aiment parfois \u00e0 jouer aux psychologues amateurs et \u00e0 poser des questions personnelles, cens\u00e9es d\u00e9montrer qu\u2019ils connaissent bien leur interlocuteur. Le but\u00a0: r\u00e9chauffer l&rsquo;atmosph\u00e8re et ce faisant, briser la carapace, tant\u00f4t molle, tant\u00f4t dure, qu\u2019on leur oppose souvent. Je demandai donc au ministre s\u2019il r\u00eavait parfois en fran\u00e7ais, s\u2019il avait un mot pr\u00e9f\u00e9r\u00e9 ou s\u2019il jurait quelquefois dans sa deuxi\u00e8me langue. Mais Wissing ne se prit pas au jeu et resta fid\u00e8le \u00e0 sa ligne de conduite\u00a0: \u00ab\u00a0Oui, de temps en temps\u00a0\u00bb, me r\u00e9pondit-il. La r\u00e9ponse parlait d\u2019elle-m\u00eame\u00a0: la porte \u00e9tait ferm\u00e9e et le ministre venait tourner la clef \u00e0 double tour.\u00a0\u00a0\u00a0\u00a0\u00a0\u00a0<\/span><\/p>\n<p>&nbsp;<\/p>\n<h2><b>Le ministre se r\u00e9v\u00e8le\u00a0<\/b><\/h2>\n<p><span style=\"font-weight: 400;\">Au bout d&rsquo;une demi-heure, la conversation \u00e9tait termin\u00e9e. On lui dit qu\u2019on ferait passer quelques extraits dans le documentaire. On n\u2019avait certes pas perdu notre temps mais la conversation n\u2019avait rien d\u2019exceptionnel. Mes coll\u00e8gues fran\u00e7ais, qui ne comprenaient pas un mot de ce que Wissing avait racont\u00e9, \u00e9taient en train de tapoter sur leur t\u00e9l\u00e9phone. C\u2019est \u00e0 ce moment que le ministre fit tomber le masque. Il nous raconta alors comment il avait appris le fran\u00e7ais, il nous parla de cette ferme situ\u00e9e de l\u2019autre c\u00f4t\u00e9 de la fronti\u00e8re\u00a0: il y avait pass\u00e9 beaucoup de temps, y avait mang\u00e9 du fromage quand il \u00e9tait petit\u00a0; plus tard, il y avait bu du vin. Il y \u00e9tait r\u00e9cemment retourn\u00e9, \u00e0 l\u2019occasion d\u2019un anniversaire. Les hommes politiques du coin \u00e9taient venus avec des discours fin pr\u00eats, lui avait parl\u00e9 librement\u00a0: \u00ab\u00a0Toutes ces rencontres, ces images, ces odeurs. Elles m\u2019accompagnent aujourd\u2019hui encore\u00a0\u00bb. Il resta assis l\u00e0 pendant tout un moment, heureux de pouvoir parler de ses souvenirs. Quant \u00e0 moi, je m\u2019en voulais d\u2019avoir \u00e9teint la cam\u00e9ra.<\/span><\/p>\n<p><span style=\"font-weight: 400;\">La presse allemande a beaucoup parl\u00e9 de Volker Wissing ces derni\u00e8res semaines. Le seul ministre FDP \u00e0 avoir choisi de quitter son parti et de rester en poste, une d\u00e9cision qui lui valut m\u00eame d\u2019\u00eatre qualifi\u00e9 de tra\u00eetre par sa propre secr\u00e9taire d\u2019\u00c9tat. De son c\u00f4t\u00e9, le tablo\u00efd <\/span><i><span style=\"font-weight: 400;\">Bild<\/span><\/i><span style=\"font-weight: 400;\"> n\u2019h\u00e9sita pas \u00e0 parler de \u00ab\u00a0<\/span><a href=\"https:\/\/www.bild.de\/politik\/inland\/weil-er-im-amt-bleibt-wissing-wird-edel-pensionaer-672cd12622619a6bcd1713b6\"><span style=\"font-weight: 400;\">noble retrait\u00e9\u00a0<\/span><\/a><span style=\"font-weight: 400;\">\u00bb faisant par-l\u00e0 allusion \u00e0 ces hommes politiques exclusivement motiv\u00e9s par l\u2019app\u00e2t du gain. Contrairement au reste de la direction du FDP, d\u00e9termin\u00e9e \u00e0 provoquer l\u2019explosion le fameux <\/span><a href=\"https:\/\/www.zeit.de\/politik\/deutschland\/2024-11\/christian-lindner-ampel-aus-fdp-bundesregierung\"><span style=\"font-weight: 400;\">D-Day<\/span><\/a><span style=\"font-weight: 400;\">, Wissing, lui, d\u00e9fendit la coalition jusqu\u2019au bout. Ce qu\u2019il regrette\u00a0? Que les divergences de vues aient donn\u00e9 lieu \u00e0 des controverses publiques et que les acteurs n\u2019aient pas chercher \u00e0 s\u2019entendre l\u00e0 o\u00f9 cela \u00e9tait encore possible.\u00a0\u00a0<\/span><\/p>\n<p>&nbsp;<\/p>\n<h2><b>Un rapport \u00e9motionnel<\/b><\/h2>\n<p><span style=\"font-weight: 400;\">Les nombreux articles consacr\u00e9s au ministre insistent sur son attachement \u00e0 la religion, \u00e0 l\u2019\u00e9glise ainsi que sur ses activit\u00e9s d\u2019organiste. Travail et go\u00fbt de l\u2019effort seraient les \u00ab\u00a0valeurs\u00a0\u00bb \u00e0 m\u00eame de le caract\u00e9riser au plus juste. Mais est-ce aussi ce qui permet de comprendre son r\u00f4le de passeur\u00a0? En partie peut-\u00eatre. Ce r\u00f4le, Wissing le tient aussi au fait qu\u2019il a grandi avec deux langues, deux cultures qui, aujourd\u2019hui encore, cherchent \u00e0 se rapprocher, \u00e0 se comprendre. C\u2019est probablement le seul ministre du gouvernement d\u2019Olaf Scholz qui a non seulement compris l&rsquo;importance de l&rsquo;amiti\u00e9 franco-allemande mais qui la vit aussi sur le plan \u00e9motionnel. Contrairement \u00e0 bien d\u2019autres, il sait aussi \u00e0 quoi ressemble la France rurale, cette \u00ab\u00a0France \u00e9ternelle\u00a0\u00bb dont Pompidou aimait \u00e0 parler. Son d\u00e9part du gouvernement apr\u00e8s les \u00e9lections de f\u00e9vrier 2025 sera une grande perte, pour l\u2019Allemagne et les relations bilat\u00e9rales.\u00a0\u00a0\u00a0\u00a0\u00a0<\/span><\/p>\n<p>&nbsp;<\/p>\n<h2><b>Une nouvelle g\u00e9n\u00e9ration\u00a0<\/b><\/h2>\n<p>&nbsp;<\/p>\n<figure id=\"attachment_28072\" aria-describedby=\"caption-attachment-28072\" style=\"width: 1024px\" class=\"wp-caption alignnone\"><img decoding=\"async\" class=\"wp-image-28072\" src=\"https:\/\/dokdoc.eu\/wp-content\/uploads\/2024\/12\/2_2021-09-12_Politik_TV-Triell_Bundestagswahl_2021_1DX_3820_by_Stepro-300x200.jpg\" alt=\"TV-Triell, Bundestagswahl 2021 \/ D\u00e9bat entre les trois principaux candidats \u00e0 la chancellerie, septembre 2021 (Copyright: Wikimedia Commons)\" width=\"1024\" height=\"683\" srcset=\"https:\/\/dokdoc.eu\/wp-content\/uploads\/2024\/12\/2_2021-09-12_Politik_TV-Triell_Bundestagswahl_2021_1DX_3820_by_Stepro-300x200.jpg 300w, https:\/\/dokdoc.eu\/wp-content\/uploads\/2024\/12\/2_2021-09-12_Politik_TV-Triell_Bundestagswahl_2021_1DX_3820_by_Stepro-1024x683.jpg 1024w, https:\/\/dokdoc.eu\/wp-content\/uploads\/2024\/12\/2_2021-09-12_Politik_TV-Triell_Bundestagswahl_2021_1DX_3820_by_Stepro-768x512.jpg 768w, https:\/\/dokdoc.eu\/wp-content\/uploads\/2024\/12\/2_2021-09-12_Politik_TV-Triell_Bundestagswahl_2021_1DX_3820_by_Stepro.jpg 1200w\" sizes=\"(max-width: 1024px) 100vw, 1024px\" \/><figcaption id=\"caption-attachment-28072\" class=\"wp-caption-text\">D\u00e9bat entre les trois principaux candidats \u00e0 la chancellerie, septembre 2021 (Copyright: Wikimedia Commons)<\/figcaption><\/figure>\n<p>&nbsp;<\/p>\n<p><span style=\"font-weight: 400;\">Au cours des derni\u00e8res ann\u00e9es, une nouvelle g\u00e9n\u00e9ration d\u2019hommes et de femmes politiques a acc\u00e9d\u00e9 aux plus hautes fonctions. Pour elle, l\u2019axe Paris-Berlin n\u2019est plus la mesure de toute chose. La France est certes toujours consid\u00e9r\u00e9e comme un ami de premier ordre mais plus comme un partenaire avec lequel il n\u2019est pas permis de s\u2019affronter. Et l\u00e0, les sujets ne manquent pas\u00a0: nucl\u00e9aire, endettement commun, relations UE-Chine. <\/span><span style=\"font-weight: 400;\">BILD 2<\/span><span style=\"font-weight: 400;\"> On se souviendra \u00e0 cet endroit de cette \u00e9mission du mois de septembre 2021 \u2013 nous \u00e9tions en pleine campagne \u00e9lectorale \u2013 dans laquelle le pr\u00e9sentateur demanda aux candidats \u00e0 la chancellerie dans quel pays ils se rendraient en premier s\u2019ils venaient \u00e0 \u00eatre \u00e9lus\u00a0: Olaf Scholz r\u00e9pondit Paris\u00a0; surpris, Armin Laschet esquiva\u00a0; Annalena Baerbock, bien plus jeune que ses deux concurrents, d\u00e9clara\u00a0: Bruxelles. Ind\u00e9pendamment de savoir qui la future ministre des Affaires \u00e9trang\u00e8res souhaitait rencontrer dans la capitale belge, la r\u00e9ponse est l\u2019expression d\u2019un glissement tectonique. Le d\u00e9part prochain de Wissing ne fera que renforcer le mouvement. Dans ce contexte, l\u2019\u00e9lection de Franziska Brantner, l\u2019une des meilleures connaisseuses de la France \u00e0 Berlin, \u00e0 la t\u00eate du parti <\/span><i><span style=\"font-weight: 400;\">B\u00fcndnis90\/Die Gr\u00fcnen<\/span><\/i><span style=\"font-weight: 400;\">,<\/span> <span style=\"font-weight: 400;\">peut \u00eatre vu comme un signe encourageant.<\/span><\/p>\n<p>&nbsp;<\/p>\n<h2><b>Une approche r\u00e9aliste<\/b><\/h2>\n<p><span style=\"font-weight: 400;\">On a souvent parl\u00e9 des tensions entre Paris et Berlin. De son c\u00f4t\u00e9, Wissing s\u2019est toujours bien entendu avec ses interlocuteurs fran\u00e7ais, permettant ainsi de r\u00e9elles avanc\u00e9es, dans le domaine des transports notamment. C\u2019est \u00e0 lui (et \u00e0 son homologue Cl\u00e9ment Beaune) que l\u2019on doit par exemple le passeport de l\u2019amiti\u00e9 franco-allemande propos\u00e9 en 2023 par la DB et \u00e0 la SNCF \u00e0 60 000 jeunes des deux pays. \u00c0 lui aussi, l\u2019extension du <\/span><i><span style=\"font-weight: 400;\">D-Ticket<\/span><\/i><span style=\"font-weight: 400;\"> aux moins de 28 ans r\u00e9sidant dans les r\u00e9gions frontali\u00e8res, sans suppl\u00e9ment de prix et sur un p\u00e9rim\u00e8tre couvrant tout le Grand Est. Quant \u00e0 la liaison directe Paris-Berlin \u2013 il a en a \u00e9t\u00e9 le principal artisan c\u00f4t\u00e9 allemand \u2013, elle entrera en service \u00e0 la fin de l\u2019ann\u00e9e. On s\u2019en f\u00e9licitera m\u00eame si dans les faits, ces id\u00e9es ne sont pas r\u00e9volutionnaires.\u00a0<\/span><\/p>\n<p>&nbsp;<\/p>\n<figure id=\"attachment_28070\" aria-describedby=\"caption-attachment-28070\" style=\"width: 1024px\" class=\"wp-caption alignnone\"><img decoding=\"async\" class=\"wp-image-28070\" src=\"https:\/\/dokdoc.eu\/wp-content\/uploads\/2024\/12\/3_Depositphotos_450559826_XL-300x200.jpg\" alt=\"\" width=\"1024\" height=\"683\" srcset=\"https:\/\/dokdoc.eu\/wp-content\/uploads\/2024\/12\/3_Depositphotos_450559826_XL-300x200.jpg 300w, https:\/\/dokdoc.eu\/wp-content\/uploads\/2024\/12\/3_Depositphotos_450559826_XL-1024x683.jpg 1024w, https:\/\/dokdoc.eu\/wp-content\/uploads\/2024\/12\/3_Depositphotos_450559826_XL-768x512.jpg 768w, https:\/\/dokdoc.eu\/wp-content\/uploads\/2024\/12\/3_Depositphotos_450559826_XL-1536x1024.jpg 1536w, https:\/\/dokdoc.eu\/wp-content\/uploads\/2024\/12\/3_Depositphotos_450559826_XL-2048x1365.jpg 2048w\" sizes=\"(max-width: 1024px) 100vw, 1024px\" \/><figcaption id=\"caption-attachment-28070\" class=\"wp-caption-text\">Paris, juillet 2019 (Copyright : Depositphotos)<\/figcaption><\/figure>\n<p>&nbsp;<\/p>\n<p><span style=\"font-weight: 400;\">J\u2019ai de nouveau pu interviewer Volker Wissing en avril dernier, cette fois au Palais d&rsquo;Egmont \u00e0 Bruxelles, lors d&rsquo;une r\u00e9union des ministres europ\u00e9ens des Transports. Il ne fut pas tr\u00e8s loquace, \u00ab\u00a0comme \u00e0 son habitude\u00a0\u00bb. Je lui ai demand\u00e9 si l\u2019Allemagne n\u2019avait pas int\u00e9r\u00eat \u00e0 s\u2019inspirer de la France dans le domaine du transport ferroviaire. Le r\u00e9seau fran\u00e7ais est organis\u00e9 autour de Paris, le TGV a sa propre ligne. L&rsquo;Allemagne, quant \u00e0 elle, est un pays de transit : \u00ab\u00a0Comparer la France et l&rsquo;Allemagne, c&rsquo;est comme comparer des pommes avec des poires\u00a0\u00bb, me dit-il en secouant la t\u00eate. Wissing a toujours \u00e9t\u00e9 r\u00e9aliste, il pense pr\u00e9cis\u00e9ment savoir ce qu\u2019il peut imposer \u00e0 la population. \u00ab\u00a0En France, le TGV traverse plusieurs r\u00e9gions sans s&rsquo;arr\u00eater une seule fois. En Allemagne, ce serait tout simplement impossible.\u00a0\u00bb<\/span><\/p>\n<p><span style=\"font-weight: 400;\">Une fois le micro coup\u00e9, Wissing se laissa de nouveau aller. Il me parla de ses vacances d&rsquo;\u00e9t\u00e9 dans le Vaucluse, pr\u00e8s du Mont Ventoux. Lui et sa famille ont \u00e9t\u00e9 s\u00e9duits par la nature. Ils s\u2019y rendent presque chaque ann\u00e9e. Le \u00ab\u00a0G\u00e9ant de Provence\u00a0\u00bb est aussi connu pour avoir accueilli plusieurs \u00e9tapes du Tour de France. Wissing poss\u00e8de bien un v\u00e9lo \u00e9lectrique, il ne s&rsquo;est toutefois pas encore essay\u00e9 \u00e0 l\u2019ascension. Et ce n\u2019est pas un hasard\u00a0: il sait mieux que quiconque o\u00f9 sont ses forces et ses faiblesses.<\/span><\/p>\n<p>&nbsp;<\/p>\n<h2><b>L\u2018auteur<\/b><\/h2>\n<figure id=\"attachment_27217\" aria-describedby=\"caption-attachment-27217\" style=\"width: 225px\" class=\"wp-caption alignleft\"><img loading=\"lazy\" decoding=\"async\" class=\"size-medium wp-image-27217\" src=\"https:\/\/dokdoc.eu\/wp-content\/uploads\/2024\/07\/5-edited-225x300.jpg\" alt=\"Jean-Marie Magro\" width=\"225\" height=\"300\" srcset=\"https:\/\/dokdoc.eu\/wp-content\/uploads\/2024\/07\/5-edited-225x300.jpg 225w, https:\/\/dokdoc.eu\/wp-content\/uploads\/2024\/07\/5-edited-767x1024.jpg 767w, https:\/\/dokdoc.eu\/wp-content\/uploads\/2024\/07\/5-edited-768x1025.jpg 768w, https:\/\/dokdoc.eu\/wp-content\/uploads\/2024\/07\/5-edited-1151x1536.jpg 1151w, https:\/\/dokdoc.eu\/wp-content\/uploads\/2024\/07\/5-edited-1535x2048.jpg 1535w, https:\/\/dokdoc.eu\/wp-content\/uploads\/2024\/07\/5-edited.jpg 1915w\" sizes=\"(max-width: 225px) 100vw, 225px\" \/><figcaption id=\"caption-attachment-27217\" class=\"wp-caption-text\">Jean-Marie Magro (Copyright: Jean-Marie Magro)<\/figcaption><\/figure>\n<p><i><span style=\"font-weight: 400;\">Jean-Marie Magro est n\u00e9 \u00e0 Munich d\u2019une m\u00e8re allemande et d\u2019un p\u00e8re fran\u00e7ais. Il a grandi \u00e0 Munich, y a \u00e9tudi\u00e9 l\u2019\u00e9conomie et y a \u00e9galement suivi les cours de l\u2019\u00c9cole allemande de journalisme. Il travaille comme reporter radio au service politique de la cha\u00eene de radio Bayerischer Rundfunk. Dans ses reportages, features et interviews, il traite principalement de sujets relevant de la politique \u00e9trang\u00e8re, avec une attention particuli\u00e8re pour la France.<\/span><\/i> <i><span style=\"font-weight: 400;\">En avril 2025, il publiera son premier livre<\/span><\/i><span style=\"font-weight: 400;\">\u00a0: <\/span><i><span style=\"font-weight: 400;\">Radatouille. Meine Tour de France zu Burgund, Baguette und Banlieues aux \u00e9ditions DTV (en pr\u00e9commande <\/span><\/i><a href=\"https:\/\/www.dtv.de\/buch\/radatouille-44712\"><i><span style=\"font-weight: 400;\">ici<\/span><\/i><\/a><i><span style=\"font-weight: 400;\">).\u00a0<\/span><\/i><\/p>\n<p>&nbsp;<\/p>\n<h2><\/h2>\n","protected":false},"excerpt":{"rendered":"<p>La presse allemande a beaucoup parl\u00e9 de Volker Wissing apr\u00e8s l\u2019effondrement de la coalition \u00ab feu tricolore \u00bb, mais pas de son attachement \u00e0 la France ni de son d\u00e9part.<\/p>\n","protected":false},"author":1,"featured_media":28068,"comment_status":"closed","ping_status":"closed","sticky":false,"template":"","format":"standard","meta":{"om_disable_all_campaigns":false,"_monsterinsights_skip_tracking":false,"_monsterinsights_sitenote_active":false,"_monsterinsights_sitenote_note":"","_monsterinsights_sitenote_category":0,"_uf_show_specific_survey":0,"_uf_disable_surveys":false,"footnotes":""},"categories":[114],"tags":[153,213,226,217,227,210,215,206,154,220,219,212,222,208,232,218,216,229,223,209,233,221,205,230,214,207,224,231,211,225,228,204],"ppma_author":[608],"class_list":["post-28090","post","type-post","status-publish","format-standard","has-post-thumbnail","hentry","category-politique-fr-2","tag-allemagne","tag-bilingue","tag-clement-beaune","tag-culture","tag-d-ticket","tag-depart","tag-emotion","tag-fdp","tag-france","tag-france-eternelle","tag-frontiere","tag-frontieres","tag-generation","tag-gouvernement","tag-interview","tag-landau","tag-ministre","tag-mont-ventoux","tag-paris-berlin","tag-politique","tag-politique-etrangere","tag-pompidou","tag-presse-allemande","tag-realiste","tag-relations","tag-relations-bilaterales","tag-tensions","tag-tgv","tag-traite-de-lelysee","tag-transports","tag-vaucluse","tag-volker-wissing"],"yoast_head":"<!-- This site is optimized with the Yoast SEO plugin v27.5 - https:\/\/yoast.com\/product\/yoast-seo-wordpress\/ -->\n<title>Le dernier des Mohicans - dokdoc.eu<\/title>\n<meta name=\"robots\" content=\"index, follow, max-snippet:-1, max-image-preview:large, max-video-preview:-1\" \/>\n<link rel=\"canonical\" href=\"https:\/\/dokdoc.eu\/fr\/2024\/12\/23\/le-dernier-des-mohicans\/\" \/>\n<meta property=\"og:locale\" content=\"fr_FR\" \/>\n<meta property=\"og:type\" content=\"article\" \/>\n<meta property=\"og:title\" content=\"Le dernier des Mohicans - dokdoc.eu\" \/>\n<meta property=\"og:description\" content=\"La presse allemande a beaucoup parl\u00e9 de Volker Wissing apr\u00e8s l\u2019effondrement de la coalition \u00ab feu tricolore \u00bb, mais pas de son attachement \u00e0 la France ni de son d\u00e9part.\" \/>\n<meta property=\"og:url\" content=\"https:\/\/dokdoc.eu\/fr\/2024\/12\/23\/le-dernier-des-mohicans\/\" \/>\n<meta property=\"og:site_name\" content=\"dokdoc.eu\" \/>\n<meta property=\"article:published_time\" content=\"2024-12-23T17:56:21+00:00\" \/>\n<meta property=\"article:modified_time\" content=\"2025-05-02T13:28:40+00:00\" \/>\n<meta property=\"og:image\" content=\"https:\/\/dokdoc.eu\/wp-content\/uploads\/2024\/12\/1_2R4WXXM-scaled.jpg\" \/>\n\t<meta property=\"og:image:width\" content=\"2560\" \/>\n\t<meta property=\"og:image:height\" content=\"1706\" \/>\n\t<meta property=\"og:image:type\" content=\"image\/jpeg\" \/>\n<meta name=\"author\" content=\"Jean-Marie Magro\" \/>\n<meta name=\"twitter:card\" content=\"summary_large_image\" \/>\n<meta name=\"twitter:label1\" content=\"\u00c9crit par\" \/>\n\t<meta name=\"twitter:data1\" content=\"RochowMedienagentur\" \/>\n\t<meta name=\"twitter:label2\" content=\"Dur\u00e9e de lecture estim\u00e9e\" \/>\n\t<meta name=\"twitter:data2\" content=\"10 minutes\" \/>\n<script type=\"application\/ld+json\" class=\"yoast-schema-graph\">{\"@context\":\"https:\\\/\\\/schema.org\",\"@graph\":[{\"@type\":\"Article\",\"@id\":\"https:\\\/\\\/dokdoc.eu\\\/fr\\\/2024\\\/12\\\/23\\\/le-dernier-des-mohicans\\\/#article\",\"isPartOf\":{\"@id\":\"https:\\\/\\\/dokdoc.eu\\\/fr\\\/2024\\\/12\\\/23\\\/le-dernier-des-mohicans\\\/\"},\"author\":{\"name\":\"RochowMedienagentur\",\"@id\":\"https:\\\/\\\/dokdoc.eu\\\/fr\\\/#\\\/schema\\\/person\\\/d760e6e53df901fd9522f1d3a1e46621\"},\"headline\":\"Le dernier des Mohicans\",\"datePublished\":\"2024-12-23T17:56:21+00:00\",\"dateModified\":\"2025-05-02T13:28:40+00:00\",\"mainEntityOfPage\":{\"@id\":\"https:\\\/\\\/dokdoc.eu\\\/fr\\\/2024\\\/12\\\/23\\\/le-dernier-des-mohicans\\\/\"},\"wordCount\":1646,\"publisher\":{\"@id\":\"https:\\\/\\\/dokdoc.eu\\\/fr\\\/#organization\"},\"image\":{\"@id\":\"https:\\\/\\\/dokdoc.eu\\\/fr\\\/2024\\\/12\\\/23\\\/le-dernier-des-mohicans\\\/#primaryimage\"},\"thumbnailUrl\":\"https:\\\/\\\/dokdoc.eu\\\/wp-content\\\/uploads\\\/2024\\\/12\\\/1_2R4WXXM-scaled.jpg\",\"keywords\":[\"Allemagne\",\"bilingue\",\"Cl\u00e9ment Beaune\",\"culture\",\"D-Ticket\",\"d\u00e9part\",\"\u00e9motion\",\"FDP\",\"France\",\"France \u00e9ternelle\",\"fronti\u00e8re\",\"fronti\u00e8res\",\"g\u00e9n\u00e9ration\",\"gouvernement\",\"interview\",\"Landau\",\"ministre\",\"Mont Ventoux\",\"Paris-Berlin\",\"politique\",\"politique \u00e9trang\u00e8re\",\"Pompidou\",\"presse allemande\",\"r\u00e9aliste\",\"relations\",\"relations bilat\u00e9rales\",\"tensions\",\"TGV\",\"trait\u00e9 de l'\u00c9lys\u00e9e\",\"transports\",\"Vaucluse\",\"Volker Wissing\"],\"articleSection\":[\"Politique\"],\"inLanguage\":\"fr-FR\"},{\"@type\":\"WebPage\",\"@id\":\"https:\\\/\\\/dokdoc.eu\\\/fr\\\/2024\\\/12\\\/23\\\/le-dernier-des-mohicans\\\/\",\"url\":\"https:\\\/\\\/dokdoc.eu\\\/fr\\\/2024\\\/12\\\/23\\\/le-dernier-des-mohicans\\\/\",\"name\":\"Le dernier des Mohicans - dokdoc.eu\",\"isPartOf\":{\"@id\":\"https:\\\/\\\/dokdoc.eu\\\/fr\\\/#website\"},\"primaryImageOfPage\":{\"@id\":\"https:\\\/\\\/dokdoc.eu\\\/fr\\\/2024\\\/12\\\/23\\\/le-dernier-des-mohicans\\\/#primaryimage\"},\"image\":{\"@id\":\"https:\\\/\\\/dokdoc.eu\\\/fr\\\/2024\\\/12\\\/23\\\/le-dernier-des-mohicans\\\/#primaryimage\"},\"thumbnailUrl\":\"https:\\\/\\\/dokdoc.eu\\\/wp-content\\\/uploads\\\/2024\\\/12\\\/1_2R4WXXM-scaled.jpg\",\"datePublished\":\"2024-12-23T17:56:21+00:00\",\"dateModified\":\"2025-05-02T13:28:40+00:00\",\"breadcrumb\":{\"@id\":\"https:\\\/\\\/dokdoc.eu\\\/fr\\\/2024\\\/12\\\/23\\\/le-dernier-des-mohicans\\\/#breadcrumb\"},\"inLanguage\":\"fr-FR\",\"potentialAction\":[{\"@type\":\"ReadAction\",\"target\":[\"https:\\\/\\\/dokdoc.eu\\\/fr\\\/2024\\\/12\\\/23\\\/le-dernier-des-mohicans\\\/\"]}]},{\"@type\":\"ImageObject\",\"inLanguage\":\"fr-FR\",\"@id\":\"https:\\\/\\\/dokdoc.eu\\\/fr\\\/2024\\\/12\\\/23\\\/le-dernier-des-mohicans\\\/#primaryimage\",\"url\":\"https:\\\/\\\/dokdoc.eu\\\/wp-content\\\/uploads\\\/2024\\\/12\\\/1_2R4WXXM-scaled.jpg\",\"contentUrl\":\"https:\\\/\\\/dokdoc.eu\\\/wp-content\\\/uploads\\\/2024\\\/12\\\/1_2R4WXXM-scaled.jpg\",\"width\":2560,\"height\":1706,\"caption\":\"Volker Wissing, 30. Mai 2023, Paris (Copyright: Alamy)\"},{\"@type\":\"BreadcrumbList\",\"@id\":\"https:\\\/\\\/dokdoc.eu\\\/fr\\\/2024\\\/12\\\/23\\\/le-dernier-des-mohicans\\\/#breadcrumb\",\"itemListElement\":[{\"@type\":\"ListItem\",\"position\":1,\"name\":\"Startseite\",\"item\":\"https:\\\/\\\/dokdoc.eu\\\/fr\\\/\"},{\"@type\":\"ListItem\",\"position\":2,\"name\":\"Le dernier des Mohicans\"}]},{\"@type\":\"WebSite\",\"@id\":\"https:\\\/\\\/dokdoc.eu\\\/fr\\\/#website\",\"url\":\"https:\\\/\\\/dokdoc.eu\\\/fr\\\/\",\"name\":\"dokdoc.eu\",\"description\":\"\",\"publisher\":{\"@id\":\"https:\\\/\\\/dokdoc.eu\\\/fr\\\/#organization\"},\"potentialAction\":[{\"@type\":\"SearchAction\",\"target\":{\"@type\":\"EntryPoint\",\"urlTemplate\":\"https:\\\/\\\/dokdoc.eu\\\/fr\\\/?s={search_term_string}\"},\"query-input\":{\"@type\":\"PropertyValueSpecification\",\"valueRequired\":true,\"valueName\":\"search_term_string\"}}],\"inLanguage\":\"fr-FR\"},{\"@type\":\"Organization\",\"@id\":\"https:\\\/\\\/dokdoc.eu\\\/fr\\\/#organization\",\"name\":\"dokdoc.eu\",\"url\":\"https:\\\/\\\/dokdoc.eu\\\/fr\\\/\",\"logo\":{\"@type\":\"ImageObject\",\"inLanguage\":\"fr-FR\",\"@id\":\"https:\\\/\\\/dokdoc.eu\\\/fr\\\/#\\\/schema\\\/logo\\\/image\\\/\",\"url\":\"https:\\\/\\\/dokdoc.eu\\\/wp-content\\\/uploads\\\/2019\\\/08\\\/cropped-logo_dokdoc-e1720795013301.png\",\"contentUrl\":\"https:\\\/\\\/dokdoc.eu\\\/wp-content\\\/uploads\\\/2019\\\/08\\\/cropped-logo_dokdoc-e1720795013301.png\",\"width\":150,\"height\":110,\"caption\":\"dokdoc.eu\"},\"image\":{\"@id\":\"https:\\\/\\\/dokdoc.eu\\\/fr\\\/#\\\/schema\\\/logo\\\/image\\\/\"}},{\"@type\":\"Person\",\"@id\":\"https:\\\/\\\/dokdoc.eu\\\/fr\\\/#\\\/schema\\\/person\\\/d760e6e53df901fd9522f1d3a1e46621\",\"name\":\"RochowMedienagentur\",\"image\":{\"@type\":\"ImageObject\",\"inLanguage\":\"fr-FR\",\"@id\":\"https:\\\/\\\/dokdoc.eu\\\/wp-content\\\/uploads\\\/2019\\\/08\\\/cropped-logo_dokdoc-e1720795013301.png830075fd1c1a1f70247b47fa84cf0f00\",\"url\":\"https:\\\/\\\/dokdoc.eu\\\/wp-content\\\/uploads\\\/2019\\\/08\\\/cropped-logo_dokdoc-e1720795013301.png\",\"contentUrl\":\"https:\\\/\\\/dokdoc.eu\\\/wp-content\\\/uploads\\\/2019\\\/08\\\/cropped-logo_dokdoc-e1720795013301.png\",\"caption\":\"RochowMedienagentur\"},\"sameAs\":[\"https:\\\/\\\/dokdoc.eu\"],\"url\":\"https:\\\/\\\/dokdoc.eu\\\/fr\\\/author\\\/rochowmedienagentur\\\/\"}]}<\/script>\n<!-- \/ Yoast SEO plugin. -->","yoast_head_json":{"title":"Le dernier des Mohicans - dokdoc.eu","robots":{"index":"index","follow":"follow","max-snippet":"max-snippet:-1","max-image-preview":"max-image-preview:large","max-video-preview":"max-video-preview:-1"},"canonical":"https:\/\/dokdoc.eu\/fr\/2024\/12\/23\/le-dernier-des-mohicans\/","og_locale":"fr_FR","og_type":"article","og_title":"Le dernier des Mohicans - dokdoc.eu","og_description":"La presse allemande a beaucoup parl\u00e9 de Volker Wissing apr\u00e8s l\u2019effondrement de la coalition \u00ab feu tricolore \u00bb, mais pas de son attachement \u00e0 la France ni de son d\u00e9part.","og_url":"https:\/\/dokdoc.eu\/fr\/2024\/12\/23\/le-dernier-des-mohicans\/","og_site_name":"dokdoc.eu","article_published_time":"2024-12-23T17:56:21+00:00","article_modified_time":"2025-05-02T13:28:40+00:00","og_image":[{"width":2560,"height":1706,"url":"https:\/\/dokdoc.eu\/wp-content\/uploads\/2024\/12\/1_2R4WXXM-scaled.jpg","type":"image\/jpeg"}],"author":"Jean-Marie Magro","twitter_card":"summary_large_image","twitter_misc":{"\u00c9crit par":"RochowMedienagentur","Dur\u00e9e de lecture estim\u00e9e":"10 minutes"},"schema":{"@context":"https:\/\/schema.org","@graph":[{"@type":"Article","@id":"https:\/\/dokdoc.eu\/fr\/2024\/12\/23\/le-dernier-des-mohicans\/#article","isPartOf":{"@id":"https:\/\/dokdoc.eu\/fr\/2024\/12\/23\/le-dernier-des-mohicans\/"},"author":{"name":"RochowMedienagentur","@id":"https:\/\/dokdoc.eu\/fr\/#\/schema\/person\/d760e6e53df901fd9522f1d3a1e46621"},"headline":"Le dernier des Mohicans","datePublished":"2024-12-23T17:56:21+00:00","dateModified":"2025-05-02T13:28:40+00:00","mainEntityOfPage":{"@id":"https:\/\/dokdoc.eu\/fr\/2024\/12\/23\/le-dernier-des-mohicans\/"},"wordCount":1646,"publisher":{"@id":"https:\/\/dokdoc.eu\/fr\/#organization"},"image":{"@id":"https:\/\/dokdoc.eu\/fr\/2024\/12\/23\/le-dernier-des-mohicans\/#primaryimage"},"thumbnailUrl":"https:\/\/dokdoc.eu\/wp-content\/uploads\/2024\/12\/1_2R4WXXM-scaled.jpg","keywords":["Allemagne","bilingue","Cl\u00e9ment Beaune","culture","D-Ticket","d\u00e9part","\u00e9motion","FDP","France","France \u00e9ternelle","fronti\u00e8re","fronti\u00e8res","g\u00e9n\u00e9ration","gouvernement","interview","Landau","ministre","Mont Ventoux","Paris-Berlin","politique","politique \u00e9trang\u00e8re","Pompidou","presse allemande","r\u00e9aliste","relations","relations bilat\u00e9rales","tensions","TGV","trait\u00e9 de l'\u00c9lys\u00e9e","transports","Vaucluse","Volker Wissing"],"articleSection":["Politique"],"inLanguage":"fr-FR"},{"@type":"WebPage","@id":"https:\/\/dokdoc.eu\/fr\/2024\/12\/23\/le-dernier-des-mohicans\/","url":"https:\/\/dokdoc.eu\/fr\/2024\/12\/23\/le-dernier-des-mohicans\/","name":"Le dernier des Mohicans - dokdoc.eu","isPartOf":{"@id":"https:\/\/dokdoc.eu\/fr\/#website"},"primaryImageOfPage":{"@id":"https:\/\/dokdoc.eu\/fr\/2024\/12\/23\/le-dernier-des-mohicans\/#primaryimage"},"image":{"@id":"https:\/\/dokdoc.eu\/fr\/2024\/12\/23\/le-dernier-des-mohicans\/#primaryimage"},"thumbnailUrl":"https:\/\/dokdoc.eu\/wp-content\/uploads\/2024\/12\/1_2R4WXXM-scaled.jpg","datePublished":"2024-12-23T17:56:21+00:00","dateModified":"2025-05-02T13:28:40+00:00","breadcrumb":{"@id":"https:\/\/dokdoc.eu\/fr\/2024\/12\/23\/le-dernier-des-mohicans\/#breadcrumb"},"inLanguage":"fr-FR","potentialAction":[{"@type":"ReadAction","target":["https:\/\/dokdoc.eu\/fr\/2024\/12\/23\/le-dernier-des-mohicans\/"]}]},{"@type":"ImageObject","inLanguage":"fr-FR","@id":"https:\/\/dokdoc.eu\/fr\/2024\/12\/23\/le-dernier-des-mohicans\/#primaryimage","url":"https:\/\/dokdoc.eu\/wp-content\/uploads\/2024\/12\/1_2R4WXXM-scaled.jpg","contentUrl":"https:\/\/dokdoc.eu\/wp-content\/uploads\/2024\/12\/1_2R4WXXM-scaled.jpg","width":2560,"height":1706,"caption":"Volker Wissing, 30. Mai 2023, Paris (Copyright: Alamy)"},{"@type":"BreadcrumbList","@id":"https:\/\/dokdoc.eu\/fr\/2024\/12\/23\/le-dernier-des-mohicans\/#breadcrumb","itemListElement":[{"@type":"ListItem","position":1,"name":"Startseite","item":"https:\/\/dokdoc.eu\/fr\/"},{"@type":"ListItem","position":2,"name":"Le dernier des Mohicans"}]},{"@type":"WebSite","@id":"https:\/\/dokdoc.eu\/fr\/#website","url":"https:\/\/dokdoc.eu\/fr\/","name":"dokdoc.eu","description":"","publisher":{"@id":"https:\/\/dokdoc.eu\/fr\/#organization"},"potentialAction":[{"@type":"SearchAction","target":{"@type":"EntryPoint","urlTemplate":"https:\/\/dokdoc.eu\/fr\/?s={search_term_string}"},"query-input":{"@type":"PropertyValueSpecification","valueRequired":true,"valueName":"search_term_string"}}],"inLanguage":"fr-FR"},{"@type":"Organization","@id":"https:\/\/dokdoc.eu\/fr\/#organization","name":"dokdoc.eu","url":"https:\/\/dokdoc.eu\/fr\/","logo":{"@type":"ImageObject","inLanguage":"fr-FR","@id":"https:\/\/dokdoc.eu\/fr\/#\/schema\/logo\/image\/","url":"https:\/\/dokdoc.eu\/wp-content\/uploads\/2019\/08\/cropped-logo_dokdoc-e1720795013301.png","contentUrl":"https:\/\/dokdoc.eu\/wp-content\/uploads\/2019\/08\/cropped-logo_dokdoc-e1720795013301.png","width":150,"height":110,"caption":"dokdoc.eu"},"image":{"@id":"https:\/\/dokdoc.eu\/fr\/#\/schema\/logo\/image\/"}},{"@type":"Person","@id":"https:\/\/dokdoc.eu\/fr\/#\/schema\/person\/d760e6e53df901fd9522f1d3a1e46621","name":"RochowMedienagentur","image":{"@type":"ImageObject","inLanguage":"fr-FR","@id":"https:\/\/dokdoc.eu\/wp-content\/uploads\/2019\/08\/cropped-logo_dokdoc-e1720795013301.png830075fd1c1a1f70247b47fa84cf0f00","url":"https:\/\/dokdoc.eu\/wp-content\/uploads\/2019\/08\/cropped-logo_dokdoc-e1720795013301.png","contentUrl":"https:\/\/dokdoc.eu\/wp-content\/uploads\/2019\/08\/cropped-logo_dokdoc-e1720795013301.png","caption":"RochowMedienagentur"},"sameAs":["https:\/\/dokdoc.eu"],"url":"https:\/\/dokdoc.eu\/fr\/author\/rochowmedienagentur\/"}]}},"authors":[{"term_id":608,"user_id":0,"is_guest":1,"slug":"jean-marie-magro","display_name":"Jean-Marie Magro","avatar_url":{"url":"https:\/\/dokdoc.eu\/wp-content\/uploads\/2025\/11\/5-klein-3.jpg","url2x":"https:\/\/dokdoc.eu\/wp-content\/uploads\/2025\/11\/5-klein-3.jpg"},"0":null,"1":"","2":"","3":"","4":"","5":"","6":"","7":"","8":""}],"_links":{"self":[{"href":"https:\/\/dokdoc.eu\/fr\/wp-json\/wp\/v2\/posts\/28090","targetHints":{"allow":["GET"]}}],"collection":[{"href":"https:\/\/dokdoc.eu\/fr\/wp-json\/wp\/v2\/posts"}],"about":[{"href":"https:\/\/dokdoc.eu\/fr\/wp-json\/wp\/v2\/types\/post"}],"author":[{"embeddable":true,"href":"https:\/\/dokdoc.eu\/fr\/wp-json\/wp\/v2\/users\/1"}],"replies":[{"embeddable":true,"href":"https:\/\/dokdoc.eu\/fr\/wp-json\/wp\/v2\/comments?post=28090"}],"version-history":[{"count":5,"href":"https:\/\/dokdoc.eu\/fr\/wp-json\/wp\/v2\/posts\/28090\/revisions"}],"predecessor-version":[{"id":29964,"href":"https:\/\/dokdoc.eu\/fr\/wp-json\/wp\/v2\/posts\/28090\/revisions\/29964"}],"wp:featuredmedia":[{"embeddable":true,"href":"https:\/\/dokdoc.eu\/fr\/wp-json\/wp\/v2\/media\/28068"}],"wp:attachment":[{"href":"https:\/\/dokdoc.eu\/fr\/wp-json\/wp\/v2\/media?parent=28090"}],"wp:term":[{"taxonomy":"category","embeddable":true,"href":"https:\/\/dokdoc.eu\/fr\/wp-json\/wp\/v2\/categories?post=28090"},{"taxonomy":"post_tag","embeddable":true,"href":"https:\/\/dokdoc.eu\/fr\/wp-json\/wp\/v2\/tags?post=28090"},{"taxonomy":"author","embeddable":true,"href":"https:\/\/dokdoc.eu\/fr\/wp-json\/wp\/v2\/ppma_author?post=28090"}],"curies":[{"name":"wp","href":"https:\/\/api.w.org\/{rel}","templated":true}]}}