{"id":28589,"date":"2025-01-10T15:47:16","date_gmt":"2025-01-10T14:47:16","guid":{"rendered":"https:\/\/dokdoc.eu\/?p=28589"},"modified":"2025-02-14T12:15:22","modified_gmt":"2025-02-14T11:15:22","slug":"jumelages-en-temps-de-guerre","status":"publish","type":"post","link":"https:\/\/dokdoc.eu\/fr\/2025\/01\/10\/jumelages-en-temps-de-guerre\/","title":{"rendered":"Jumelages en temps de guerre"},"content":{"rendered":"<figure id=\"attachment_28578\" aria-describedby=\"caption-attachment-28578\" style=\"width: 1024px\" class=\"wp-caption aligncenter\"><img fetchpriority=\"high\" decoding=\"async\" class=\"wp-image-28578\" src=\"https:\/\/dokdoc.eu\/wp-content\/uploads\/2025\/01\/1_Depositphotos_622083216_XL-1024x473.jpg\" alt=\"Chernihiv w\u00e4hrend der Stadtbelagerung, Fr\u00fchjahr 2022 \/ Tchernihiv pendant le si\u00e8ge de la ville, d\u00e9but 2022\" width=\"1024\" height=\"473\" srcset=\"https:\/\/dokdoc.eu\/wp-content\/uploads\/2025\/01\/1_Depositphotos_622083216_XL-1024x473.jpg 1024w, https:\/\/dokdoc.eu\/wp-content\/uploads\/2025\/01\/1_Depositphotos_622083216_XL-300x139.jpg 300w, https:\/\/dokdoc.eu\/wp-content\/uploads\/2025\/01\/1_Depositphotos_622083216_XL-768x355.jpg 768w, https:\/\/dokdoc.eu\/wp-content\/uploads\/2025\/01\/1_Depositphotos_622083216_XL-1536x710.jpg 1536w, https:\/\/dokdoc.eu\/wp-content\/uploads\/2025\/01\/1_Depositphotos_622083216_XL-2048x946.jpg 2048w\" sizes=\"(max-width: 1024px) 100vw, 1024px\" \/><figcaption id=\"caption-attachment-28578\" class=\"wp-caption-text\">Tchernihiv pendant le si\u00e8ge de la ville, d\u00e9but 2022 (Copyright Depositphotos)<\/figcaption><\/figure>\n<p><strong>Aix-la-Chapelle et Reims sont synonymes de r\u00e9conciliation, de paix et d\u2019engagement en faveur de l\u2019Europe. Les deux villes ont r\u00e9cemment \u00e9tabli un partenariat avec Tchernihiv, au nord de l\u2019Ukraine. Nous en avons parl\u00e9 avec Sibylle Keupen et Dimitri Oudin.<\/strong><\/p>\n<p><!--more--><\/p>\n<p>&nbsp;<\/p>\n<p><em>dokdoc\u00a0: Tchernihiv a \u00e9t\u00e9 assi\u00e9g\u00e9e d\u00e8s le d\u00e9but de l\u2019invasion russe. Elle a \u00e9t\u00e9 ensuite le th\u00e9\u00e2tre de combats acharn\u00e9s et de destructions \u00e0 grande \u00e9chelle. Monsieur Oudin, Reims a conclu en mai 2023 un partenariat avec Tchernihiv. Quel est a \u00e9t\u00e9 le moteur de votre d\u00e9marche\u00a0?<\/em><\/p>\n<p>&nbsp;<\/p>\n<p>Dimitri Oudin : La ville de Reims s\u2019est rapidement engag\u00e9e dans le soutien \u00e0 l\u2019Ukraine\u00a0: d\u2019abord en accompagnant les familles r\u00e9fugi\u00e9es, ensuite par une aide financi\u00e8re. L\u2019histoire de notre ville est profond\u00e9ment marqu\u00e9e par la solidarit\u00e9 dont elle a b\u00e9n\u00e9fici\u00e9 apr\u00e8s la Grande Guerre. Son histoire est \u00e9galement \u00e9troitement li\u00e9e \u00e0 la fin de la Seconde Guerre mondiale ainsi qu\u2019\u00e0 la r\u00e9conciliation franco-allemande. En ce sens, Reims a un message de paix et de r\u00e9silience \u00e0 porter en Europe et dans le monde. Le concr\u00e9tiser au travers d\u2019un partenariat avec une ville ukrainienne, confront\u00e9e \u00e0 un traumatisme semblable \u00e0 celui que nous avons v\u00e9cu au d\u00e9but du 20<sup>\u00e8me<\/sup> si\u00e8cle, s\u2019inscrit dans cette logique.<\/p>\n<p>&nbsp;<\/p>\n<p><em>dokdoc\u00a0: Madame Keupen, quelques jours seulement apr\u00e8s la conclusion du partenariat entre Reims et Tchernihiv, Aix-la-Chapelle a \u00e9galement conclu un partenariat de solidarit\u00e9 avec Tchernihiv. Comment les choses se sont-elles d\u00e9roul\u00e9es\u00a0?<\/em><\/p>\n<p>&nbsp;<\/p>\n<p>Sibylle Keupen : Le lien est plut\u00f4t fortuit. En automne 2022, l&rsquo;association \u00ab\u00a0<a href=\"https:\/\/www.ukrainer-in-aachen.de\/\">Ukrainer in Aachen\u00a0<\/a>\u00bb a approch\u00e9 notre ville et lui a propos\u00e9 un jumelage avec une ville ukrainienne. L&rsquo;association est compos\u00e9e d&rsquo;Ukrainiens vivant depuis longtemps en Allemagne mais aussi de personnes ayant fui le pays du fait de la guerre. Ce sont eux qui ont propos\u00e9 Tchernihiv, la taille et la structure de la ville \u00e9tant similaires \u00e0 celles d&rsquo;Aix-la-Chapelle. En d\u00e9cembre 2022, cette initiative a re\u00e7u un large soutien\u00a0; le partenariat a ensuite \u00e9t\u00e9 adopt\u00e9 \u00e0 l&rsquo;unanimit\u00e9.<\/p>\n<p>&nbsp;<\/p>\n<p><em>dokdoc\u00a0: Aix-la-Chapelle et Reims sont li\u00e9es par un jumelage depuis 1967. Quel r\u00f4le ce partenariat joue-t-il dans vos relations avec Tchernihiv ?<\/em><\/p>\n<p>&nbsp;<\/p>\n<p>Keupen : Nous sommes fiers que nos deux villes entretiennent des liens \u00e9troits avec Tchernihiv. Cette proximit\u00e9 nous permet de mettre en \u0153uvre des projets avec efficacit\u00e9 et de nous soutenir mutuellement. La structure des jumelages en Allemagne repose avant tout sur l\u2019engagement de la soci\u00e9t\u00e9 civile. <a href=\"https:\/\/aachen-reims.de\/\">L&rsquo;association Aix-la-Chapelle-Reims<\/a> et \u00ab\u00a0Ukrainer in Aachen\u00a0\u00bb ont des \u00e9changes tr\u00e8s \u00e9troits. Cette coop\u00e9ration constitue une base solide pour des partenariats durables et efficaces. Il est \u00e9mouvant de voir des personnes de diff\u00e9rentes villes se r\u00e9unir pour d\u00e9fendre une cause commune\u00a0: c\u2019est cela qui au final fait la diff\u00e9rence.<\/p>\n<p>&nbsp;<\/p>\n<p>Oudin\u00a0: La mise en place de notre partenariat avec Tchernihiv s\u2019est faite parall\u00e8lement \u00e0 la d\u00e9marche d\u2019Aix-la-Chapelle. On rel\u00e8vera d\u2019ailleurs que les deux villes ont d\u00e9j\u00e0 un jumelage commun avec Arlington (Virginie) aux Etats-Unis. Nous r\u00e9fl\u00e9chissons maintenant \u00e0 la fa\u00e7on de d\u00e9velopper des projets \u00e0 trois, notamment dans le domaine culturel. La coop\u00e9ration franco-allemande peut \u00eatre un puissant instrument permettant d\u2019ancrer nos amis ukrainiens dans notre projet europ\u00e9en.<\/p>\n<p>&nbsp;<\/p>\n<p><em>dokdoc\u00a0: \u00c0 quelles difficult\u00e9s avez-vous \u00e9t\u00e9 confront\u00e9es lors de la mise en place du partenariat avec Tchernihiv ?<\/em><\/p>\n<p>&nbsp;<\/p>\n<p>Oudin\u00a0: Tchernihiv fait encore r\u00e9guli\u00e8rement l\u2019objet de bombardements. S\u2019agissant du montage de projets, le calendrier n\u2019est absolument pas entre nos mains. Il en va de m\u00eame des contenus\u00a0: ils doivent \u00eatre r\u00e9guli\u00e8rement actualis\u00e9s. Se rendre en Ukraine n\u2019est pas non plus possible compte tenu du contexte s\u00e9curitaire. Or, on le sait, les \u00e9changes humains sont la base des jumelages. C\u2019est \u00e0 nous de faire preuve d\u2019adaptation.<\/p>\n<p>&nbsp;<\/p>\n<figure id=\"attachment_28581\" aria-describedby=\"caption-attachment-28581\" style=\"width: 2560px\" class=\"wp-caption aligncenter\"><img decoding=\"async\" class=\"wp-image-28581 size-full\" src=\"https:\/\/dokdoc.eu\/wp-content\/uploads\/2025\/01\/2_Unterzeichung_Staedtepartnerschaft_KP_2023-scaled.jpg\" alt=\"Sibylle Keupen et Akexander Lomako, maire de Tchernihiv, 13 mai 2023\" width=\"2560\" height=\"1920\" srcset=\"https:\/\/dokdoc.eu\/wp-content\/uploads\/2025\/01\/2_Unterzeichung_Staedtepartnerschaft_KP_2023-scaled.jpg 2560w, https:\/\/dokdoc.eu\/wp-content\/uploads\/2025\/01\/2_Unterzeichung_Staedtepartnerschaft_KP_2023-300x225.jpg 300w, https:\/\/dokdoc.eu\/wp-content\/uploads\/2025\/01\/2_Unterzeichung_Staedtepartnerschaft_KP_2023-1024x768.jpg 1024w, https:\/\/dokdoc.eu\/wp-content\/uploads\/2025\/01\/2_Unterzeichung_Staedtepartnerschaft_KP_2023-768x576.jpg 768w, https:\/\/dokdoc.eu\/wp-content\/uploads\/2025\/01\/2_Unterzeichung_Staedtepartnerschaft_KP_2023-1536x1152.jpg 1536w, https:\/\/dokdoc.eu\/wp-content\/uploads\/2025\/01\/2_Unterzeichung_Staedtepartnerschaft_KP_2023-2048x1536.jpg 2048w\" sizes=\"(max-width: 2560px) 100vw, 2560px\" \/><figcaption id=\"caption-attachment-28581\" class=\"wp-caption-text\">Sibylle Keupen et Akexander Lomako, maire de Tchernihiv, 13 mai 2023 (Copyright: Ville d&rsquo;Aix-la-Chapelle)<\/figcaption><\/figure>\n<p>&nbsp;<\/p>\n<p>Keupen : Le conseil municipal a vot\u00e9 \u00e0 l&rsquo;unanimit\u00e9 en faveur du partenariat. La population, de son c\u00f4t\u00e9, a fait preuve d&rsquo;un grand esprit d\u2019entraide. Nombreux sont d\u2019ailleurs ceux qui ont accueilli des r\u00e9fugi\u00e9s chez eux et ont fait don de meubles, v\u00eatements et chaussures. La mise en \u0153uvre du partenariat se d\u00e9ploie \u00e0 diff\u00e9rents niveaux. Nous avons par exemple transf\u00e9r\u00e9 des v\u00e9hicules de gestion des d\u00e9chets et de construction \u00e0 Tchernihiv. C&rsquo;\u00e9tait un d\u00e9fi logistique que nous avons r\u00e9ussi \u00e0 relever. Nous sommes \u00e9galement actifs dans le domaine culturel : une <a href=\"https:\/\/centre-charlemagne.eu\/ausstellungen\/2-096-km-fern-und-doch-so-nah-fotoausstellung-aachen-chernihiv\/\">exposition<\/a> de photos autour de Tchernihiv et d\u2019Aix-la-Chapelle a fait clairement appara\u00eetre ce que la mise en r\u00e9seau num\u00e9rique permet de faire au plan culturel.<\/p>\n<p>&nbsp;<\/p>\n<p><em>dokdoc\u00a0: Quel r\u00f4le ont jou\u00e9 l\u2019opinion publique et la m\u00e9moire de la guerre\u00a0?<\/em><\/p>\n<p>&nbsp;<\/p>\n<p>Keupen : Aix-la-Chapelle a \u00e9t\u00e9 fortement d\u00e9truite pendant la Seconde Guerre mondiale et ses habitants ont subi de grandes pertes collectives et personnelles. Cette exp\u00e9rience a \u00e9t\u00e9 le point de d\u00e9part de notre lien avec l&rsquo;Ukraine, un pays qui vit aujourd\u2019hui une situation similaire. Lorsque les premiers r\u00e9fugi\u00e9s sont arriv\u00e9s, c\u2019\u00e9tait en f\u00e9vrier 2022, beaucoup d\u2019entre nous ont repens\u00e9 \u00e0 cette p\u00e9riode. Cette exp\u00e9rience nous oblige.<\/p>\n<p>&nbsp;<\/p>\n<p>Oudin\u00a0: La population r\u00e9moise a r\u00e9serv\u00e9 un bon accueil \u00e0 ce partenariat du fait du traumatisme collectif li\u00e9 \u00e0 la Grande Guerre et du soutien international dont nous avons ensuite b\u00e9n\u00e9fici\u00e9. Nous avons notamment organis\u00e9 une <a href=\"https:\/\/www.leparisien.fr\/marne-51\/reims-et-tchernihiv-en-ukraine-main-dans-la-main-pour-les-celebrations-du-8-mai-nous-avons-aussi-ete-bombardes-08-05-2023-VBDV37ZLWRA7VGOJE345VZBQNA.php\">exposition photos<\/a> mettant en regard les ruines de notre ville et celle de Tchernihiv. Le parall\u00e8le entre 14-18 et aujourd\u2019hui est saisissant.<\/p>\n<p>&nbsp;<\/p>\n<figure id=\"attachment_28583\" aria-describedby=\"caption-attachment-28583\" style=\"width: 936px\" class=\"wp-caption aligncenter\"><img decoding=\"async\" class=\"wp-image-28583 size-full\" src=\"https:\/\/dokdoc.eu\/wp-content\/uploads\/2025\/01\/3_346260398_9444803045592239_908574279601903031_n.jpg\" alt=\"Inauguration de l'exposition de photos Reims\/Tchernihiv, 8 mai 2023\" width=\"936\" height=\"960\" srcset=\"https:\/\/dokdoc.eu\/wp-content\/uploads\/2025\/01\/3_346260398_9444803045592239_908574279601903031_n.jpg 936w, https:\/\/dokdoc.eu\/wp-content\/uploads\/2025\/01\/3_346260398_9444803045592239_908574279601903031_n-293x300.jpg 293w, https:\/\/dokdoc.eu\/wp-content\/uploads\/2025\/01\/3_346260398_9444803045592239_908574279601903031_n-768x788.jpg 768w\" sizes=\"(max-width: 936px) 100vw, 936px\" \/><figcaption id=\"caption-attachment-28583\" class=\"wp-caption-text\">Inauguration de l&rsquo;exposition de photos Reims\/Tchernihiv, 8 mai 2023 (Copyright: Ville de Reims)<\/figcaption><\/figure>\n<p>&nbsp;<\/p>\n<p><em>dokdoc\u00a0: D&rsquo;autres municipalit\u00e9s ont \u00e9galement d\u00e9velopp\u00e9 ou \u00e9tabli des relations avec l&rsquo;Ukraine. Quel r\u00f4le jouent des r\u00e9seaux locaux et r\u00e9gionaux tels que le Conseil des Communes et R\u00e9gions d&rsquo;Europe (CCRE) ou des acteurs comme la Gesellschaft f\u00fcr Internationale Zusammenarbeit (GIZ) et l&rsquo;Agence fran\u00e7aise de d\u00e9veloppement (AFD)\u00a0?<\/em><\/p>\n<p>&nbsp;<\/p>\n<p>Oudin\u00a0: C\u2019est par l\u2019interm\u00e9diaire du programme <a href=\"https:\/\/u-lead.org.ua\/en\">U-LEAD<\/a>, dont l\u2019un de nos r\u00e9fugi\u00e9s ukrainiens a \u00e9t\u00e9 salari\u00e9, que nous avons identifi\u00e9 le partenariat avec Tchernihiv. S\u2019agissant du CCRE, nous sommes actuellement en discussion pour la r\u00e9alisation d\u2019un projet autour de la probl\u00e9matique de l\u2019eau, qui est l\u2019un des axes de notre partenariat avec l\u2019Ukraine.<\/p>\n<p>&nbsp;<\/p>\n<p>Keupen : Au niveau communal, la coop\u00e9ration avec l&rsquo;Ukraine b\u00e9n\u00e9ficie d&rsquo;un soutien important. Les subventions peuvent \u00eatre demand\u00e9es via <a href=\"https:\/\/skew.engagement-global.de\/ukraine.html\">Engagement global<\/a>. Cette organisation qui travaille pour le compte du gouvernement f\u00e9d\u00e9ral est financ\u00e9e par le minist\u00e8re f\u00e9d\u00e9ral de la Coop\u00e9ration \u00e9conomique et du D\u00e9veloppement. Sous son toit, un important r\u00e9seau de villes jumel\u00e9es a vu le jour. \u00c0 Aix-la-Chapelle, nous avons d\u00e9j\u00e0 re\u00e7u des subventions pour l\u2019accueil de d\u00e9l\u00e9gations et le transfert de v\u00e9hicules \u00e0 Tchernihiv. La ville participe \u00e9galement \u00e0 un programme de protection des populations propos\u00e9 par la GIZ et pourra bient\u00f4t transf\u00e9rer des biens d&rsquo;une valeur de 120 000 euros \u00e0 Tchernihiv.<\/p>\n<p>&nbsp;<\/p>\n<p><em>dokdoc\u00a0: Que pourrait-on encore mieux faire\u00a0? Et qu&rsquo;est-ce que cela signifie pour Tchernihiv ?<\/em><\/p>\n<p>&nbsp;<\/p>\n<p>Keupen\u00a0: Nous travaillons de ville \u00e0 ville et avons beaucoup \u00e0 apprendre les uns des autres. Des sujets tels que la lutte contre le changement climatique et les nouvelles formes de mobilit\u00e9 sont d&rsquo;une grande importance. Gr\u00e2ce \u00e0 nos partenariats avec des universit\u00e9s, des entreprises et des institutions sociales, nous pouvons soutenir Tchernihiv de fa\u00e7on tr\u00e8s cibl\u00e9e. Cette coop\u00e9ration est tr\u00e8s pr\u00e9cieuse en temps de guerre. Elle offre de nouvelles perspectives et opportunit\u00e9s aux deux villes.<\/p>\n<p>&nbsp;<\/p>\n<p>Oudin\u00a0: Nous disposons d\u2019une expertise que d\u2019autres \u00e9chelons de l\u2019action publique n\u2019ont pas, que ce soit dans le domaine de la jeunesse, de la culture ou de la gestion de l\u2019eau. Et surtout, l\u2019ADN de notre territoire nous am\u00e8ne naturellement \u00e0 nous int\u00e9resser \u00e0 des sujets qui touchent aussi nos amis ukrainiens\u00a0: la m\u00e9moire de la guerre et son traitement mus\u00e9al notamment.<\/p>\n<p>&nbsp;<\/p>\n<p><em>dokdoc\u00a0: Comment envisagez-vous l\u2019avenir ?<\/em><\/p>\n<p>&nbsp;<\/p>\n<p>Oudin\u00a0: Nous souhaitons ancrer ce partenariat sur le long terme et c\u00e9l\u00e9brer la paix retrouv\u00e9e\u00a0avec Tchernihiv !<\/p>\n<p>&nbsp;<\/p>\n<p>Keupen : D&rsquo;un point de vue strictement formel, le jumelage avec Tchernihiv est actuellement g\u00e9r\u00e9 comme un partenariat de solidarit\u00e9 limit\u00e9 dans le temps. Je pars du principe que nous allons convenir d&rsquo;un jumelage \u00e0 long terme et cr\u00e9er ainsi une base pour des projets et des \u00e9changes communs, y compris avec des \u00e9coles.<\/p>\n<p>&nbsp;<\/p>\n<p><em>dokdoc\u00a0: Vous abordez l\u00e0 un point central puisque par d\u00e9finition, un jumelage est avant tout marqu\u00e9 par des rencontres. Outre la reconstruction mat\u00e9rielle, comment pouvez-vous renforcer la dimension humaine ?<\/em><\/p>\n<p>&nbsp;<\/p>\n<p>Oudin\u00a0: Les programmes europ\u00e9ens, dans toutes leurs diversit\u00e9s, facilitent la mobilit\u00e9, en particulier entrante. Nous avons d\u00e9j\u00e0 commenc\u00e9 \u00e0 int\u00e9grer des Ukrainiens dans diff\u00e9rents projets et continuerons \u00e0 le faire.<\/p>\n<p>&nbsp;<\/p>\n<p>Keupen : Nous esp\u00e9rons sinc\u00e8rement que la guerre se terminera bient\u00f4t et que nous pourrons nous rencontrer. En attendant, les projets virtuels peuvent permettre de renforcer les liens humains. R\u00e9cemment, nous avons organis\u00e9 une exposition photos commune avec Tchernihiv\u00a0: j\u2019en parlais \u00e0 l\u2019instant. Cette coop\u00e9ration artistique a donn\u00e9 lieu \u00e0 des \u00e9changes qui ont, par ricochet, fortement consolid\u00e9 les relations personnelles. Des projets de ce type montrent que la culture peut permettre de jeter des ponts et de mettre en relation les populations, m\u00eame dans les moments difficiles.<\/p>\n<p>&nbsp;<\/p>\n<p style=\"text-align: right;\"><em>Interview : Andreas Marchetti<\/em><\/p>\n<p>&nbsp;<\/p>\n<h2><strong>D\u00e9claration de Nataliia Kholchenkova, directrice du d\u00e9partement des Relations internationales et des investissements de Tchernihiv<\/strong><\/h2>\n<figure id=\"attachment_28585\" aria-describedby=\"caption-attachment-28585\" style=\"width: 254px\" class=\"wp-caption alignleft\"><img loading=\"lazy\" decoding=\"async\" class=\"wp-image-28585 size-medium\" src=\"https:\/\/dokdoc.eu\/wp-content\/uploads\/2025\/01\/4_\u0424\u043e\u0442\u043e-254x300.jpg\" alt=\"Nataliia Kholchenkova\" width=\"254\" height=\"300\" srcset=\"https:\/\/dokdoc.eu\/wp-content\/uploads\/2025\/01\/4_\u0424\u043e\u0442\u043e-254x300.jpg 254w, https:\/\/dokdoc.eu\/wp-content\/uploads\/2025\/01\/4_\u0424\u043e\u0442\u043e-866x1024.jpg 866w, https:\/\/dokdoc.eu\/wp-content\/uploads\/2025\/01\/4_\u0424\u043e\u0442\u043e-768x909.jpg 768w, https:\/\/dokdoc.eu\/wp-content\/uploads\/2025\/01\/4_\u0424\u043e\u0442\u043e.jpg 1082w\" sizes=\"(max-width: 254px) 100vw, 254px\" \/><figcaption id=\"caption-attachment-28585\" class=\"wp-caption-text\">Nataliia Kholchenkova (Copyright: Nataliia Kholchenkova)<\/figcaption><\/figure>\n<p><em>Le partenariat avec des villes aussi importantes qu&rsquo;Aix-la-Chapelle et Reims est extr\u00eamement pr\u00e9cieux pour Tchernihiv. Malheureusement, nous nous trouvons aujourd&rsquo;hui dans une situation tr\u00e8s difficile du fait de la guerre totale men\u00e9e par la Russie contre l&rsquo;Ukraine. Chaque jour, nous nous battons pour la d\u00e9mocratie et les valeurs europ\u00e9ennes et nous le payons tr\u00e8s cher. Le soutien que nous apportent Aix-la-Chapelle et Reims montre que nous ne sommes pas seuls dans cette trag\u00e9die. C&rsquo;est un signal fort pour nos habitants, et cela leur donne la force et l&rsquo;inspiration de poursuivre le combat.<\/em><\/p>\n<p>&nbsp;<\/p>\n<p><em>Tchernihiv a beaucoup en commun avec Aix-la-Chapelle et Reims : une longue histoire, un patrimoine culturel et architectural unique et des traditions in\u00e9branlables. Les trois villes sont li\u00e9es par l\u2019importance qu\u2019elles ont eu par le pass\u00e9 comme centres culturels et spirituels europ\u00e9ens. Elles ont \u00e9galement jou\u00e9 un r\u00f4le cl\u00e9 dans la formation de leurs \u00c9tats respectifs, ont \u00e9t\u00e9 le th\u00e9\u00e2tre de couronnements et d&rsquo;\u00e9v\u00e9nements politiques et sociaux de grande importance. Leur patrimoine architectural, notamment leurs cath\u00e9drales et autres \u00e9difices religieux, refl\u00e8te la grandeur de l&rsquo;Europe m\u00e9di\u00e9vale.<\/em><\/p>\n<p>&nbsp;<\/p>\n<p><em>Il est pour nous extr\u00eamement important d&rsquo;apprendre des exp\u00e9riences et des bonnes pratiques de nos amis europ\u00e9ens car la reconstruction prendra du temps mais aussi parce que nous souhaitons en m\u00eame temps nous moderniser et faire les choses mieux que par le pass\u00e9. <\/em><\/p>\n<p>&nbsp;<\/p>\n<p><em>Nous sommes tr\u00e8s reconnaissants du soutien et de l&rsquo;aide que nous apportent Aix-la-Chapelle et Reims. Nous souhaitons \u00e9galement remercier les habitants des deux villes. J&rsquo;ai bon espoir qu&rsquo;ensemble, nous pourrons construire un partenariat fructueux, autour de projets en faveur de nos populations et construire des amiti\u00e9s fortes entre nos peuples.<\/em><\/p>\n","protected":false},"excerpt":{"rendered":"<p>Aix-la-Chapelle et Reims sont synonymes de r\u00e9conciliation, de paix et d\u2019engagement en faveur de l\u2019Europe. Les deux villes ont r\u00e9cemment \u00e9tabli un partenariat avec Tchernihiv, au nord de l\u2019Ukraine. Nous en avons parl\u00e9 avec Sibylle Keupen et Dimitri Oudin.<\/p>\n","protected":false},"author":1,"featured_media":28578,"comment_status":"closed","ping_status":"closed","sticky":false,"template":"","format":"standard","meta":{"om_disable_all_campaigns":false,"_monsterinsights_skip_tracking":false,"_monsterinsights_sitenote_active":false,"_monsterinsights_sitenote_note":"","_monsterinsights_sitenote_category":0,"_uf_show_specific_survey":0,"_uf_disable_surveys":false,"footnotes":""},"categories":[115],"tags":[402,418,163,414,217,411,415,412,400,397,406,410,419,405,416,398,404,413,399,417,408,420,407,403,409,401,170],"ppma_author":[603],"class_list":["post-28589","post","type-post","status-publish","format-standard","has-post-thumbnail","hentry","category-societe-fr-2","tag-aix-la-chapelle","tag-amities","tag-cooperation","tag-cooperation-franco-allemande","tag-culture","tag-destruction","tag-developpement","tag-echanges","tag-europe","tag-guerre","tag-guerre-mondiale","tag-histoire","tag-jumelages","tag-memoire","tag-modernisation","tag-paix","tag-partenariat","tag-projets","tag-reconciliation","tag-reconstruction","tag-refugies","tag-reims-fr","tag-resilience","tag-solidarite","tag-soutien","tag-tchernihiv","tag-ukraine-fr"],"yoast_head":"<!-- This site is optimized with the Yoast SEO plugin v27.5 - https:\/\/yoast.com\/product\/yoast-seo-wordpress\/ -->\n<title>Jumelages en temps de guerre - dokdoc.eu<\/title>\n<meta name=\"robots\" content=\"index, follow, max-snippet:-1, max-image-preview:large, max-video-preview:-1\" \/>\n<link rel=\"canonical\" href=\"https:\/\/dokdoc.eu\/fr\/2025\/01\/10\/jumelages-en-temps-de-guerre\/\" \/>\n<meta property=\"og:locale\" content=\"fr_FR\" \/>\n<meta property=\"og:type\" content=\"article\" \/>\n<meta property=\"og:title\" content=\"Jumelages en temps de guerre - dokdoc.eu\" \/>\n<meta property=\"og:description\" content=\"Aix-la-Chapelle et Reims sont synonymes de r\u00e9conciliation, de paix et d\u2019engagement en faveur de l\u2019Europe. Les deux villes ont r\u00e9cemment \u00e9tabli un partenariat avec Tchernihiv, au nord de l\u2019Ukraine. Nous en avons parl\u00e9 avec Sibylle Keupen et Dimitri Oudin.\" \/>\n<meta property=\"og:url\" content=\"https:\/\/dokdoc.eu\/fr\/2025\/01\/10\/jumelages-en-temps-de-guerre\/\" \/>\n<meta property=\"og:site_name\" content=\"dokdoc.eu\" \/>\n<meta property=\"article:published_time\" content=\"2025-01-10T14:47:16+00:00\" \/>\n<meta property=\"article:modified_time\" content=\"2025-02-14T11:15:22+00:00\" \/>\n<meta property=\"og:image\" content=\"https:\/\/dokdoc.eu\/wp-content\/uploads\/2025\/01\/1_Depositphotos_622083216_XL-scaled.jpg\" \/>\n\t<meta property=\"og:image:width\" content=\"2560\" \/>\n\t<meta property=\"og:image:height\" content=\"1183\" \/>\n\t<meta property=\"og:image:type\" content=\"image\/jpeg\" \/>\n<meta name=\"author\" content=\"Andreas Marchetti\" \/>\n<meta name=\"twitter:card\" content=\"summary_large_image\" \/>\n<meta name=\"twitter:label1\" content=\"\u00c9crit par\" \/>\n\t<meta name=\"twitter:data1\" content=\"RochowMedienagentur\" \/>\n\t<meta name=\"twitter:label2\" content=\"Dur\u00e9e de lecture estim\u00e9e\" \/>\n\t<meta name=\"twitter:data2\" content=\"11 minutes\" \/>\n<script type=\"application\/ld+json\" class=\"yoast-schema-graph\">{\"@context\":\"https:\\\/\\\/schema.org\",\"@graph\":[{\"@type\":\"Article\",\"@id\":\"https:\\\/\\\/dokdoc.eu\\\/fr\\\/2025\\\/01\\\/10\\\/jumelages-en-temps-de-guerre\\\/#article\",\"isPartOf\":{\"@id\":\"https:\\\/\\\/dokdoc.eu\\\/fr\\\/2025\\\/01\\\/10\\\/jumelages-en-temps-de-guerre\\\/\"},\"author\":{\"name\":\"RochowMedienagentur\",\"@id\":\"https:\\\/\\\/dokdoc.eu\\\/fr\\\/#\\\/schema\\\/person\\\/d760e6e53df901fd9522f1d3a1e46621\"},\"headline\":\"Jumelages en temps de guerre\",\"datePublished\":\"2025-01-10T14:47:16+00:00\",\"dateModified\":\"2025-02-14T11:15:22+00:00\",\"mainEntityOfPage\":{\"@id\":\"https:\\\/\\\/dokdoc.eu\\\/fr\\\/2025\\\/01\\\/10\\\/jumelages-en-temps-de-guerre\\\/\"},\"wordCount\":2028,\"publisher\":{\"@id\":\"https:\\\/\\\/dokdoc.eu\\\/fr\\\/#organization\"},\"image\":{\"@id\":\"https:\\\/\\\/dokdoc.eu\\\/fr\\\/2025\\\/01\\\/10\\\/jumelages-en-temps-de-guerre\\\/#primaryimage\"},\"thumbnailUrl\":\"https:\\\/\\\/dokdoc.eu\\\/wp-content\\\/uploads\\\/2025\\\/01\\\/1_Depositphotos_622083216_XL-scaled.jpg\",\"keywords\":[\"Aix-la-Chapelle\",\"amiti\u00e9s\",\"coop\u00e9ration\",\"coop\u00e9ration franco-allemande\",\"culture\",\"destruction\",\"d\u00e9veloppement\",\"\u00e9changes\",\"Europe\",\"guerre\",\"guerre mondiale\",\"histoire\",\"jumelages\",\"m\u00e9moire\",\"modernisation\",\"paix\",\"partenariat\",\"projets\",\"r\u00e9conciliation\",\"reconstruction\",\"r\u00e9fugi\u00e9s\",\"Reims\",\"r\u00e9silience\",\"solidarit\u00e9\",\"soutien\",\"Tchernihiv\",\"Ukraine\"],\"articleSection\":[\"Soci\u00e9t\u00e9\"],\"inLanguage\":\"fr-FR\"},{\"@type\":\"WebPage\",\"@id\":\"https:\\\/\\\/dokdoc.eu\\\/fr\\\/2025\\\/01\\\/10\\\/jumelages-en-temps-de-guerre\\\/\",\"url\":\"https:\\\/\\\/dokdoc.eu\\\/fr\\\/2025\\\/01\\\/10\\\/jumelages-en-temps-de-guerre\\\/\",\"name\":\"Jumelages en temps de guerre - dokdoc.eu\",\"isPartOf\":{\"@id\":\"https:\\\/\\\/dokdoc.eu\\\/fr\\\/#website\"},\"primaryImageOfPage\":{\"@id\":\"https:\\\/\\\/dokdoc.eu\\\/fr\\\/2025\\\/01\\\/10\\\/jumelages-en-temps-de-guerre\\\/#primaryimage\"},\"image\":{\"@id\":\"https:\\\/\\\/dokdoc.eu\\\/fr\\\/2025\\\/01\\\/10\\\/jumelages-en-temps-de-guerre\\\/#primaryimage\"},\"thumbnailUrl\":\"https:\\\/\\\/dokdoc.eu\\\/wp-content\\\/uploads\\\/2025\\\/01\\\/1_Depositphotos_622083216_XL-scaled.jpg\",\"datePublished\":\"2025-01-10T14:47:16+00:00\",\"dateModified\":\"2025-02-14T11:15:22+00:00\",\"breadcrumb\":{\"@id\":\"https:\\\/\\\/dokdoc.eu\\\/fr\\\/2025\\\/01\\\/10\\\/jumelages-en-temps-de-guerre\\\/#breadcrumb\"},\"inLanguage\":\"fr-FR\",\"potentialAction\":[{\"@type\":\"ReadAction\",\"target\":[\"https:\\\/\\\/dokdoc.eu\\\/fr\\\/2025\\\/01\\\/10\\\/jumelages-en-temps-de-guerre\\\/\"]}]},{\"@type\":\"ImageObject\",\"inLanguage\":\"fr-FR\",\"@id\":\"https:\\\/\\\/dokdoc.eu\\\/fr\\\/2025\\\/01\\\/10\\\/jumelages-en-temps-de-guerre\\\/#primaryimage\",\"url\":\"https:\\\/\\\/dokdoc.eu\\\/wp-content\\\/uploads\\\/2025\\\/01\\\/1_Depositphotos_622083216_XL-scaled.jpg\",\"contentUrl\":\"https:\\\/\\\/dokdoc.eu\\\/wp-content\\\/uploads\\\/2025\\\/01\\\/1_Depositphotos_622083216_XL-scaled.jpg\",\"width\":2560,\"height\":1183,\"caption\":\"Chernihiv w\u00e4hrend der Stadtbelagerung, Fr\u00fchjahr 2022 (Copyright Depositphotos)\"},{\"@type\":\"BreadcrumbList\",\"@id\":\"https:\\\/\\\/dokdoc.eu\\\/fr\\\/2025\\\/01\\\/10\\\/jumelages-en-temps-de-guerre\\\/#breadcrumb\",\"itemListElement\":[{\"@type\":\"ListItem\",\"position\":1,\"name\":\"Startseite\",\"item\":\"https:\\\/\\\/dokdoc.eu\\\/fr\\\/\"},{\"@type\":\"ListItem\",\"position\":2,\"name\":\"Jumelages en temps de guerre\"}]},{\"@type\":\"WebSite\",\"@id\":\"https:\\\/\\\/dokdoc.eu\\\/fr\\\/#website\",\"url\":\"https:\\\/\\\/dokdoc.eu\\\/fr\\\/\",\"name\":\"dokdoc.eu\",\"description\":\"\",\"publisher\":{\"@id\":\"https:\\\/\\\/dokdoc.eu\\\/fr\\\/#organization\"},\"potentialAction\":[{\"@type\":\"SearchAction\",\"target\":{\"@type\":\"EntryPoint\",\"urlTemplate\":\"https:\\\/\\\/dokdoc.eu\\\/fr\\\/?s={search_term_string}\"},\"query-input\":{\"@type\":\"PropertyValueSpecification\",\"valueRequired\":true,\"valueName\":\"search_term_string\"}}],\"inLanguage\":\"fr-FR\"},{\"@type\":\"Organization\",\"@id\":\"https:\\\/\\\/dokdoc.eu\\\/fr\\\/#organization\",\"name\":\"dokdoc.eu\",\"url\":\"https:\\\/\\\/dokdoc.eu\\\/fr\\\/\",\"logo\":{\"@type\":\"ImageObject\",\"inLanguage\":\"fr-FR\",\"@id\":\"https:\\\/\\\/dokdoc.eu\\\/fr\\\/#\\\/schema\\\/logo\\\/image\\\/\",\"url\":\"https:\\\/\\\/dokdoc.eu\\\/wp-content\\\/uploads\\\/2019\\\/08\\\/cropped-logo_dokdoc-e1720795013301.png\",\"contentUrl\":\"https:\\\/\\\/dokdoc.eu\\\/wp-content\\\/uploads\\\/2019\\\/08\\\/cropped-logo_dokdoc-e1720795013301.png\",\"width\":150,\"height\":110,\"caption\":\"dokdoc.eu\"},\"image\":{\"@id\":\"https:\\\/\\\/dokdoc.eu\\\/fr\\\/#\\\/schema\\\/logo\\\/image\\\/\"}},{\"@type\":\"Person\",\"@id\":\"https:\\\/\\\/dokdoc.eu\\\/fr\\\/#\\\/schema\\\/person\\\/d760e6e53df901fd9522f1d3a1e46621\",\"name\":\"RochowMedienagentur\",\"image\":{\"@type\":\"ImageObject\",\"inLanguage\":\"fr-FR\",\"@id\":\"https:\\\/\\\/dokdoc.eu\\\/wp-content\\\/uploads\\\/2019\\\/08\\\/cropped-logo_dokdoc-e1720795013301.png830075fd1c1a1f70247b47fa84cf0f00\",\"url\":\"https:\\\/\\\/dokdoc.eu\\\/wp-content\\\/uploads\\\/2019\\\/08\\\/cropped-logo_dokdoc-e1720795013301.png\",\"contentUrl\":\"https:\\\/\\\/dokdoc.eu\\\/wp-content\\\/uploads\\\/2019\\\/08\\\/cropped-logo_dokdoc-e1720795013301.png\",\"caption\":\"RochowMedienagentur\"},\"sameAs\":[\"https:\\\/\\\/dokdoc.eu\"],\"url\":\"https:\\\/\\\/dokdoc.eu\\\/fr\\\/author\\\/rochowmedienagentur\\\/\"}]}<\/script>\n<!-- \/ Yoast SEO plugin. -->","yoast_head_json":{"title":"Jumelages en temps de guerre - dokdoc.eu","robots":{"index":"index","follow":"follow","max-snippet":"max-snippet:-1","max-image-preview":"max-image-preview:large","max-video-preview":"max-video-preview:-1"},"canonical":"https:\/\/dokdoc.eu\/fr\/2025\/01\/10\/jumelages-en-temps-de-guerre\/","og_locale":"fr_FR","og_type":"article","og_title":"Jumelages en temps de guerre - dokdoc.eu","og_description":"Aix-la-Chapelle et Reims sont synonymes de r\u00e9conciliation, de paix et d\u2019engagement en faveur de l\u2019Europe. Les deux villes ont r\u00e9cemment \u00e9tabli un partenariat avec Tchernihiv, au nord de l\u2019Ukraine. Nous en avons parl\u00e9 avec Sibylle Keupen et Dimitri Oudin.","og_url":"https:\/\/dokdoc.eu\/fr\/2025\/01\/10\/jumelages-en-temps-de-guerre\/","og_site_name":"dokdoc.eu","article_published_time":"2025-01-10T14:47:16+00:00","article_modified_time":"2025-02-14T11:15:22+00:00","og_image":[{"width":2560,"height":1183,"url":"https:\/\/dokdoc.eu\/wp-content\/uploads\/2025\/01\/1_Depositphotos_622083216_XL-scaled.jpg","type":"image\/jpeg"}],"author":"Andreas Marchetti","twitter_card":"summary_large_image","twitter_misc":{"\u00c9crit par":"RochowMedienagentur","Dur\u00e9e de lecture estim\u00e9e":"11 minutes"},"schema":{"@context":"https:\/\/schema.org","@graph":[{"@type":"Article","@id":"https:\/\/dokdoc.eu\/fr\/2025\/01\/10\/jumelages-en-temps-de-guerre\/#article","isPartOf":{"@id":"https:\/\/dokdoc.eu\/fr\/2025\/01\/10\/jumelages-en-temps-de-guerre\/"},"author":{"name":"RochowMedienagentur","@id":"https:\/\/dokdoc.eu\/fr\/#\/schema\/person\/d760e6e53df901fd9522f1d3a1e46621"},"headline":"Jumelages en temps de guerre","datePublished":"2025-01-10T14:47:16+00:00","dateModified":"2025-02-14T11:15:22+00:00","mainEntityOfPage":{"@id":"https:\/\/dokdoc.eu\/fr\/2025\/01\/10\/jumelages-en-temps-de-guerre\/"},"wordCount":2028,"publisher":{"@id":"https:\/\/dokdoc.eu\/fr\/#organization"},"image":{"@id":"https:\/\/dokdoc.eu\/fr\/2025\/01\/10\/jumelages-en-temps-de-guerre\/#primaryimage"},"thumbnailUrl":"https:\/\/dokdoc.eu\/wp-content\/uploads\/2025\/01\/1_Depositphotos_622083216_XL-scaled.jpg","keywords":["Aix-la-Chapelle","amiti\u00e9s","coop\u00e9ration","coop\u00e9ration franco-allemande","culture","destruction","d\u00e9veloppement","\u00e9changes","Europe","guerre","guerre mondiale","histoire","jumelages","m\u00e9moire","modernisation","paix","partenariat","projets","r\u00e9conciliation","reconstruction","r\u00e9fugi\u00e9s","Reims","r\u00e9silience","solidarit\u00e9","soutien","Tchernihiv","Ukraine"],"articleSection":["Soci\u00e9t\u00e9"],"inLanguage":"fr-FR"},{"@type":"WebPage","@id":"https:\/\/dokdoc.eu\/fr\/2025\/01\/10\/jumelages-en-temps-de-guerre\/","url":"https:\/\/dokdoc.eu\/fr\/2025\/01\/10\/jumelages-en-temps-de-guerre\/","name":"Jumelages en temps de guerre - dokdoc.eu","isPartOf":{"@id":"https:\/\/dokdoc.eu\/fr\/#website"},"primaryImageOfPage":{"@id":"https:\/\/dokdoc.eu\/fr\/2025\/01\/10\/jumelages-en-temps-de-guerre\/#primaryimage"},"image":{"@id":"https:\/\/dokdoc.eu\/fr\/2025\/01\/10\/jumelages-en-temps-de-guerre\/#primaryimage"},"thumbnailUrl":"https:\/\/dokdoc.eu\/wp-content\/uploads\/2025\/01\/1_Depositphotos_622083216_XL-scaled.jpg","datePublished":"2025-01-10T14:47:16+00:00","dateModified":"2025-02-14T11:15:22+00:00","breadcrumb":{"@id":"https:\/\/dokdoc.eu\/fr\/2025\/01\/10\/jumelages-en-temps-de-guerre\/#breadcrumb"},"inLanguage":"fr-FR","potentialAction":[{"@type":"ReadAction","target":["https:\/\/dokdoc.eu\/fr\/2025\/01\/10\/jumelages-en-temps-de-guerre\/"]}]},{"@type":"ImageObject","inLanguage":"fr-FR","@id":"https:\/\/dokdoc.eu\/fr\/2025\/01\/10\/jumelages-en-temps-de-guerre\/#primaryimage","url":"https:\/\/dokdoc.eu\/wp-content\/uploads\/2025\/01\/1_Depositphotos_622083216_XL-scaled.jpg","contentUrl":"https:\/\/dokdoc.eu\/wp-content\/uploads\/2025\/01\/1_Depositphotos_622083216_XL-scaled.jpg","width":2560,"height":1183,"caption":"Chernihiv w\u00e4hrend der Stadtbelagerung, Fr\u00fchjahr 2022 (Copyright Depositphotos)"},{"@type":"BreadcrumbList","@id":"https:\/\/dokdoc.eu\/fr\/2025\/01\/10\/jumelages-en-temps-de-guerre\/#breadcrumb","itemListElement":[{"@type":"ListItem","position":1,"name":"Startseite","item":"https:\/\/dokdoc.eu\/fr\/"},{"@type":"ListItem","position":2,"name":"Jumelages en temps de guerre"}]},{"@type":"WebSite","@id":"https:\/\/dokdoc.eu\/fr\/#website","url":"https:\/\/dokdoc.eu\/fr\/","name":"dokdoc.eu","description":"","publisher":{"@id":"https:\/\/dokdoc.eu\/fr\/#organization"},"potentialAction":[{"@type":"SearchAction","target":{"@type":"EntryPoint","urlTemplate":"https:\/\/dokdoc.eu\/fr\/?s={search_term_string}"},"query-input":{"@type":"PropertyValueSpecification","valueRequired":true,"valueName":"search_term_string"}}],"inLanguage":"fr-FR"},{"@type":"Organization","@id":"https:\/\/dokdoc.eu\/fr\/#organization","name":"dokdoc.eu","url":"https:\/\/dokdoc.eu\/fr\/","logo":{"@type":"ImageObject","inLanguage":"fr-FR","@id":"https:\/\/dokdoc.eu\/fr\/#\/schema\/logo\/image\/","url":"https:\/\/dokdoc.eu\/wp-content\/uploads\/2019\/08\/cropped-logo_dokdoc-e1720795013301.png","contentUrl":"https:\/\/dokdoc.eu\/wp-content\/uploads\/2019\/08\/cropped-logo_dokdoc-e1720795013301.png","width":150,"height":110,"caption":"dokdoc.eu"},"image":{"@id":"https:\/\/dokdoc.eu\/fr\/#\/schema\/logo\/image\/"}},{"@type":"Person","@id":"https:\/\/dokdoc.eu\/fr\/#\/schema\/person\/d760e6e53df901fd9522f1d3a1e46621","name":"RochowMedienagentur","image":{"@type":"ImageObject","inLanguage":"fr-FR","@id":"https:\/\/dokdoc.eu\/wp-content\/uploads\/2019\/08\/cropped-logo_dokdoc-e1720795013301.png830075fd1c1a1f70247b47fa84cf0f00","url":"https:\/\/dokdoc.eu\/wp-content\/uploads\/2019\/08\/cropped-logo_dokdoc-e1720795013301.png","contentUrl":"https:\/\/dokdoc.eu\/wp-content\/uploads\/2019\/08\/cropped-logo_dokdoc-e1720795013301.png","caption":"RochowMedienagentur"},"sameAs":["https:\/\/dokdoc.eu"],"url":"https:\/\/dokdoc.eu\/fr\/author\/rochowmedienagentur\/"}]}},"authors":[{"term_id":603,"user_id":0,"is_guest":1,"slug":"andreas-marchetti","display_name":"Andreas Marchetti","avatar_url":{"url":"https:\/\/dokdoc.eu\/wp-content\/uploads\/2025\/11\/5_politglott_marchetti-klein.jpg","url2x":"https:\/\/dokdoc.eu\/wp-content\/uploads\/2025\/11\/5_politglott_marchetti-klein.jpg"},"0":null,"1":"","2":"","3":"","4":"","5":"","6":"","7":"","8":""}],"_links":{"self":[{"href":"https:\/\/dokdoc.eu\/fr\/wp-json\/wp\/v2\/posts\/28589","targetHints":{"allow":["GET"]}}],"collection":[{"href":"https:\/\/dokdoc.eu\/fr\/wp-json\/wp\/v2\/posts"}],"about":[{"href":"https:\/\/dokdoc.eu\/fr\/wp-json\/wp\/v2\/types\/post"}],"author":[{"embeddable":true,"href":"https:\/\/dokdoc.eu\/fr\/wp-json\/wp\/v2\/users\/1"}],"replies":[{"embeddable":true,"href":"https:\/\/dokdoc.eu\/fr\/wp-json\/wp\/v2\/comments?post=28589"}],"version-history":[{"count":6,"href":"https:\/\/dokdoc.eu\/fr\/wp-json\/wp\/v2\/posts\/28589\/revisions"}],"predecessor-version":[{"id":28598,"href":"https:\/\/dokdoc.eu\/fr\/wp-json\/wp\/v2\/posts\/28589\/revisions\/28598"}],"wp:featuredmedia":[{"embeddable":true,"href":"https:\/\/dokdoc.eu\/fr\/wp-json\/wp\/v2\/media\/28578"}],"wp:attachment":[{"href":"https:\/\/dokdoc.eu\/fr\/wp-json\/wp\/v2\/media?parent=28589"}],"wp:term":[{"taxonomy":"category","embeddable":true,"href":"https:\/\/dokdoc.eu\/fr\/wp-json\/wp\/v2\/categories?post=28589"},{"taxonomy":"post_tag","embeddable":true,"href":"https:\/\/dokdoc.eu\/fr\/wp-json\/wp\/v2\/tags?post=28589"},{"taxonomy":"author","embeddable":true,"href":"https:\/\/dokdoc.eu\/fr\/wp-json\/wp\/v2\/ppma_author?post=28589"}],"curies":[{"name":"wp","href":"https:\/\/api.w.org\/{rel}","templated":true}]}}