{"id":28923,"date":"2025-01-28T20:44:42","date_gmt":"2025-01-28T19:44:42","guid":{"rendered":"https:\/\/dokdoc.eu\/?p=28923"},"modified":"2025-02-21T15:09:37","modified_gmt":"2025-02-21T14:09:37","slug":"plus-deurope-plutot-quune-nouvelle-voie-particuliere","status":"publish","type":"post","link":"https:\/\/dokdoc.eu\/fr\/2025\/01\/28\/plus-deurope-plutot-quune-nouvelle-voie-particuliere\/","title":{"rendered":"Plus d\u2019Europe plut\u00f4t qu\u2019une nouvelle voie particuli\u00e8re"},"content":{"rendered":"<figure id=\"attachment_28924\" aria-describedby=\"caption-attachment-28924\" style=\"width: 1024px\" class=\"wp-caption aligncenter\"><img fetchpriority=\"high\" decoding=\"async\" class=\"wp-image-28924\" src=\"https:\/\/dokdoc.eu\/wp-content\/uploads\/2025\/01\/1_\u00a9-European-Union-2023-Source-EP_-29062023-scaled.jpg\" alt=\"Olaf Scholz, 29.06.2023\" width=\"1024\" height=\"682\" srcset=\"https:\/\/dokdoc.eu\/wp-content\/uploads\/2025\/01\/1_\u00a9-European-Union-2023-Source-EP_-29062023-scaled.jpg 2560w, https:\/\/dokdoc.eu\/wp-content\/uploads\/2025\/01\/1_\u00a9-European-Union-2023-Source-EP_-29062023-300x200.jpg 300w, https:\/\/dokdoc.eu\/wp-content\/uploads\/2025\/01\/1_\u00a9-European-Union-2023-Source-EP_-29062023-1024x681.jpg 1024w, https:\/\/dokdoc.eu\/wp-content\/uploads\/2025\/01\/1_\u00a9-European-Union-2023-Source-EP_-29062023-768x511.jpg 768w, https:\/\/dokdoc.eu\/wp-content\/uploads\/2025\/01\/1_\u00a9-European-Union-2023-Source-EP_-29062023-1536x1022.jpg 1536w, https:\/\/dokdoc.eu\/wp-content\/uploads\/2025\/01\/1_\u00a9-European-Union-2023-Source-EP_-29062023-2048x1363.jpg 2048w\" sizes=\"(max-width: 1024px) 100vw, 1024px\" \/><figcaption id=\"caption-attachment-28924\" class=\"wp-caption-text\">Olaf Scholz, 29.06.2023 (Copyright: European Union 2023 &#8211; Source : EP)<\/figcaption><\/figure>\n<p><strong>\u00ab\u00a0Zeitenwende\u00a0\u00bb \u2013 pr\u00e8s de trois ans apr\u00e8s le discours d\u2019Olaf Scholz au Bundestag, tout le monde semble savoir de quoi il s\u2019agit. Mais la dimension europ\u00e9enne \u2013 qui devrait \u00eatre un \u00e9l\u00e9ment fondamental du changement de paradigme voulu par le chancelier \u2013 reste toutefois la grande absente.<\/strong><!--more--><\/p>\n<p>&nbsp;<\/p>\n<p>Le \u00ab\u00a0Zeitenwende\u00a0\u00bb a \u00e9t\u00e9 jusqu\u2019\u00e0 pr\u00e9sent surtout d\u00e9crit comme un projet national, une mise \u00e0 niveau de la <em>Bundeswehr<\/em>. Nombreux sont encore ceux qui le r\u00e9duisent au fonds sp\u00e9cial de 100 milliards d\u2019Euro propos\u00e9 par le chancelier Scholz en 2022 et aux 2% du PIB que l\u2019Allemagne dit vouloir enfin consacrer \u00e0 la d\u00e9fense afin d\u2019atteindre les objectifs de l\u2019OTAN. Mais depuis le 24 f\u00e9vrier 2022 et l\u2019agression de la Russie contre l\u2019Ukraine, il est devenu \u00e9vident que cette contribution devra \u00eatre p\u00e9rennis\u00e9e apr\u00e8s \u00e9puisement du fonds sp\u00e9cial et que l\u2019Allemagne devra contribuer \u00e0 int\u00e9grer l\u2019Ukraine dans la strat\u00e9gie de d\u00e9fense de l\u2019Occident de telle sorte qu\u2019elle devienne un pourvoyeur de s\u00e9curit\u00e9. Pour Berlin, l\u2019enjeu sera \u00e9galement de se mettre en situation de coop\u00e9rer davantage avec ses partenaires de l\u2019OTAN et de faciliter leur coop\u00e9ration.<\/p>\n<p>&nbsp;<\/p>\n<h2><strong>Deux pas en arri\u00e8re<\/strong><\/h2>\n<p>Alors que les deux premiers points sont connus, m\u00eame si la mise en \u0153uvre et le volume de la contribution allemande restent en de\u00e7\u00e0 des exigences, le troisi\u00e8me, lui, est souvent laiss\u00e9 de c\u00f4t\u00e9. Or, c\u2019est justement dans ce domaine que l\u2019Allemagne peine, voire fait marche arri\u00e8re. Le constat est dramatique car la capacit\u00e9 de d\u00e9fense des Europ\u00e9ens est conditionn\u00e9e au renforcement de leur poids politique et militaire selon une logique misant \u00e0 la fois sur la coop\u00e9ration et la coh\u00e9sion. Car que \u00e7a soit pour d\u00e9ployer les capacit\u00e9s dont l\u2019OTAN a besoin afin de renforcer sa posture de dissuasion et de d\u00e9fense ou pour surveiller la mer Baltique\u00a0: c\u2019est l\u00b4ensemble des alli\u00e9s qui doit \u00eatre mis \u00e0 contribution.<\/p>\n<p>La coop\u00e9ration au niveau politico-strat\u00e9gique est cependant au plus bas. Depuis le d\u00e9but de la guerre, l\u2019Allemagne r\u00e9p\u00e8te \u00e0 qui veut l\u2019entendre que le soutien qu\u2019elle apporte \u00e0 l\u2019Ukraine est le plus important d\u2019Europe. Son argumentaire se base sur les chiffres absolus des volumes qu\u2019elle a fournis, il ne prend toutefois pas en compte la puissance \u00e9conomique du pays (donc le rapport entre volume et PIB), ni l\u00b4effet sur le terrain des \u00e9quipements livr\u00e9s \u00e0 l\u00b4Ukraine. Les relations avec les principaux partenaires de l\u2019Allemagne en Europe sont en berne\u00a0: avec la France, c\u2019est silence radio et l\u2019occasion de relancer les relations avec la Pologne n\u2019a pas \u00e9t\u00e9 saisie. Aujourd\u2019hui, Berlin n\u2019est m\u00eame plus invit\u00e9e \u00e0 participer \u00e0 des r\u00e9unions comme celles qui ont eu derni\u00e8rement lieu avec les pays nordiques et baltes.<\/p>\n<p>&nbsp;<\/p>\n<h2><strong>Les alli\u00e9s de l\u2019Allemagne s\u2019organisent sans elle<\/strong><\/h2>\n<p>Dans les faits, l\u2019Allemagne risque aujourd\u2019hui un \u00ab\u00a0Sonderweg\u00a0\u00bb. Elle est fi\u00e8re de sa contribution \u00e0 l\u2019Alliance mais ses partenaires d\u00e9sesp\u00e8rent de son ent\u00eatement : d\u2019une part, parce que le soutien que Berlin apporte n\u2019est pas suffisant, d\u2019autre part parce que sans lui, il sera difficile d\u2019assurer la s\u00e9curit\u00e9 de l\u2019Europe. Ce cercle vicieux m\u00ealant autosatisfaction, r\u00e9ticences (\u00e0 faire plus) et arrogance (l\u2019Allemagne aime \u00e0 dire \u00e0 ses partenaires ce qu\u2019ils devraient faire) engendre non seulement de la frustration \u2013 il est aussi de plus en plus nuisible \u00e0 la s\u00e9curit\u00e9 du continent. Pour \u00e9viter que la situation ne s&rsquo;aggrave, les alli\u00e9s de Berlin ont pris le parti de s\u2019organiser sans l&rsquo;Allemagne. Au final, tout le monde y perd (sauf la Russie).<\/p>\n<p>&nbsp;<\/p>\n<figure id=\"attachment_28926\" aria-describedby=\"caption-attachment-28926\" style=\"width: 2007px\" class=\"wp-caption aligncenter\"><img decoding=\"async\" class=\"size-full wp-image-28926\" src=\"https:\/\/dokdoc.eu\/wp-content\/uploads\/2025\/01\/2_Trilateral_Meeting_Between_Volodymyr_Zelenskyy_Emmanuel_Macron_and_Donald_Trump_in_Paris_France_on_7_December_2024.jpg\" alt=\"Olaf Scholz, grand absent de la rencontre Zelensky-Trump-Macron du 8 d\u00e9cembre 2024 \u00e0 Paris\" width=\"2007\" height=\"2001\" srcset=\"https:\/\/dokdoc.eu\/wp-content\/uploads\/2025\/01\/2_Trilateral_Meeting_Between_Volodymyr_Zelenskyy_Emmanuel_Macron_and_Donald_Trump_in_Paris_France_on_7_December_2024.jpg 2007w, https:\/\/dokdoc.eu\/wp-content\/uploads\/2025\/01\/2_Trilateral_Meeting_Between_Volodymyr_Zelenskyy_Emmanuel_Macron_and_Donald_Trump_in_Paris_France_on_7_December_2024-300x300.jpg 300w, https:\/\/dokdoc.eu\/wp-content\/uploads\/2025\/01\/2_Trilateral_Meeting_Between_Volodymyr_Zelenskyy_Emmanuel_Macron_and_Donald_Trump_in_Paris_France_on_7_December_2024-1024x1021.jpg 1024w, https:\/\/dokdoc.eu\/wp-content\/uploads\/2025\/01\/2_Trilateral_Meeting_Between_Volodymyr_Zelenskyy_Emmanuel_Macron_and_Donald_Trump_in_Paris_France_on_7_December_2024-150x150.jpg 150w, https:\/\/dokdoc.eu\/wp-content\/uploads\/2025\/01\/2_Trilateral_Meeting_Between_Volodymyr_Zelenskyy_Emmanuel_Macron_and_Donald_Trump_in_Paris_France_on_7_December_2024-768x766.jpg 768w, https:\/\/dokdoc.eu\/wp-content\/uploads\/2025\/01\/2_Trilateral_Meeting_Between_Volodymyr_Zelenskyy_Emmanuel_Macron_and_Donald_Trump_in_Paris_France_on_7_December_2024-1536x1531.jpg 1536w, https:\/\/dokdoc.eu\/wp-content\/uploads\/2025\/01\/2_Trilateral_Meeting_Between_Volodymyr_Zelenskyy_Emmanuel_Macron_and_Donald_Trump_in_Paris_France_on_7_December_2024-96x96.jpg 96w\" sizes=\"(max-width: 2007px) 100vw, 2007px\" \/><figcaption id=\"caption-attachment-28926\" class=\"wp-caption-text\">Olaf Scholz, grand absent de la rencontre Zelensky-Trump-Macron du 8 d\u00e9cembre 2024 \u00e0 Paris (Copyright Wikimedia Commons)<\/figcaption><\/figure>\n<p>&nbsp;<\/p>\n<p>L\u2019Allemagne est d\u00e9sormais confront\u00e9e \u00e0 une double difficult\u00e9. Marqu\u00e9es par une intense coop\u00e9ration au plan bilat\u00e9ral, les ann\u00e9es Biden seront bient\u00f4t r\u00e9volues. L\u2019Europe devra peut-\u00eatre alors assurer seule sa s\u00e9curit\u00e9, mais l\u2019Allemagne, elle, sera isol\u00e9e pour avoir par trop n\u00e9glig\u00e9 ses partenaires. Et tandis que d\u2019autres chercheront \u00e0 conclure un deal avec les \u00c9tats-Unis (notamment en raison de la passivit\u00e9 allemande), l\u2019Allemagne, pour isol\u00e9e qu\u2019elle sera, pourrait se retrouver sous le feu des critiques de la nouvelle administration Trump.<\/p>\n<p>&nbsp;<\/p>\n<h2><strong>Un danger pour l\u2019Europe <\/strong><\/h2>\n<p>La coalition \u00ab\u00a0feu tricolore\u00a0\u00bb avait pourtant promis d\u00b4agir diff\u00e9remment et insist\u00e9 dans l\u2019accord de coalition de 2021 sur le fait qu\u2019elle prenait tr\u00e8s \u00ab\u00a0au s\u00e9rieux les pr\u00e9occupations de ses partenaires, notamment d&rsquo;Europe centrale et orientale \u00bb. Et m\u00eame si les propositions allemandes quant \u00e0 la mani\u00e8re de maintenir la paix et d\u2019\u00e9viter la guerre se sont finalement av\u00e9r\u00e9es erron\u00e9es, au plus tard avec l\u2019invasion russe, l\u2019Allemagne est aujourd\u2019hui encore convaincue qu\u2019elle peut expliquer \u00e0 ses alli\u00e9s, du nord au sud-est de l&rsquo;Europe, ce dont ils ont besoin sur le plan militaire. Et que dialogue et d\u00e9tente sont une alternative cr\u00e9dible \u00e0 une politique de dissuasion. Dans les faits, pourtant, le dialogue n\u2019est possible qu\u2019\u00e0 partir du moment o\u00f9 il est fond\u00e9 sur une dissuasion digne de ce nom.<\/p>\n<p>Nous touchons l\u00e0 un point crucial, \u00e0 savoir les r\u00e9ticences de l\u2019Allemagne \u00e0 pratiquer une v\u00e9ritable politique de coop\u00e9ration\u00a0: <em>in fine<\/em>, Berlin fait beaucoup plus confiance \u00e0 son interpr\u00e9tation (erron\u00e9e) du pass\u00e9 qu\u2019aux \u00e9vidences du moment ainsi qu\u2019aux arguments de ses partenaires. Berlin esp\u00e8re que l\u2019Europe d\u2019hier n\u2019est pas encore pass\u00e9e \u2013 en r\u00e9alit\u00e9, elle est depuis longtemps r\u00e9volue. Pour l\u00b4Europe de demain, une telle Allemagne repr\u00e9sente n\u00e9anmoins un danger : elle ne g\u00e9n\u00e8re aucune dynamique cr\u00e9atrice, seulement du d\u00e9pit li\u00e9 \u00e0 la voie qu\u2019elle a choisi d\u2019emprunter \u2013 une voie que beaucoup qualifierait de \u00ab\u00a0Sonderweg\u00a0\u00bb. Pour que le \u00ab\u00a0Zeitenwende\u00a0\u00bb apporte une r\u00e9elle plus-value, il faudrait que l\u2019Allemagne cesse de vouloir donner \u00e0 tout prix des le\u00e7ons \u00e0 ses partenaires et s\u2019efforce de devenir un r\u00e9el partenaire de coop\u00e9ration.<\/p>\n<p>&nbsp;<\/p>\n<p style=\"text-align: right;\"><em>Cet article est la version fran\u00e7aise d\u2019un <\/em><a href=\"https:\/\/table.media\/security\/standpunkt\/zeitenwende-mehr-europa-wagen-statt-neuer-deutscher-sonderwege\/\"><em>article<\/em><\/a><em> paru dans l\u2019\u00e9dition du 2 janvier 2025 de Table Briefings.<\/em><\/p>\n<p><em>\u00a0<\/em><\/p>\n<h2><strong>Les auteurs<\/strong><\/h2>\n<figure id=\"attachment_28928\" aria-describedby=\"caption-attachment-28928\" style=\"width: 119px\" class=\"wp-caption alignleft\"><img decoding=\"async\" class=\" wp-image-28928\" src=\"https:\/\/dokdoc.eu\/wp-content\/uploads\/2025\/01\/Claudia_Major_by-Axel-Martens-225x300.jpeg\" alt=\"Claudia Major\" width=\"119\" height=\"159\" srcset=\"https:\/\/dokdoc.eu\/wp-content\/uploads\/2025\/01\/Claudia_Major_by-Axel-Martens-225x300.jpeg 225w, https:\/\/dokdoc.eu\/wp-content\/uploads\/2025\/01\/Claudia_Major_by-Axel-Martens.jpeg 480w\" sizes=\"(max-width: 119px) 100vw, 119px\" \/><figcaption id=\"caption-attachment-28928\" class=\"wp-caption-text\">Claudia Major (Copyright: Axel Martens)<\/figcaption><\/figure>\n<figure id=\"attachment_28930\" aria-describedby=\"caption-attachment-28930\" style=\"width: 155px\" class=\"wp-caption alignright\"><img loading=\"lazy\" decoding=\"async\" class=\"wp-image-28930 \" src=\"https:\/\/dokdoc.eu\/wp-content\/uploads\/2025\/01\/csm_Moelling_Christian_s_01_b5880c5045-e1738092921804-300x236.jpg\" alt=\"Christian M\u00f6lling\" width=\"155\" height=\"122\" srcset=\"https:\/\/dokdoc.eu\/wp-content\/uploads\/2025\/01\/csm_Moelling_Christian_s_01_b5880c5045-e1738092921804-300x236.jpg 300w, https:\/\/dokdoc.eu\/wp-content\/uploads\/2025\/01\/csm_Moelling_Christian_s_01_b5880c5045-e1738092921804.jpg 652w\" sizes=\"(max-width: 155px) 100vw, 155px\" \/><figcaption id=\"caption-attachment-28930\" class=\"wp-caption-text\">Christian M\u00f6lling (Copyright: DGAP\/ Zs\u00f3fia P\u00f6l\u00f6ske)<\/figcaption><\/figure>\n<p><em>Claudia Major dirige le d\u00e9partement de recherche sur la politique de s\u00e9curit\u00e9 \u00e0 l\u00b4Institut allemand pour les affaires internationales et de s\u00e9curit\u00e9 (SWP) \u00e0 Berlin. Elle est membre du comit\u00e9 consultatif sur la \u00ab\u00a0Conduite int\u00e9rieure\u00a0\u00bb du minist\u00e8re de la D\u00e9fense.<\/em><\/p>\n<p><em>Christian M\u00f6lling dirige le programme europ\u00e9en de la Fondation Bertelsmann. Il travaille sur les questions de s\u00e9curit\u00e9, de d\u00e9fense, d&rsquo;armement et de technologie depuis 25 ans.<\/em><\/p>\n<p>&nbsp;<\/p>\n<h2><\/h2>\n","protected":false},"excerpt":{"rendered":"<p>\u00ab\u00a0Zeitenwende\u00a0\u00bb \u2013 pr\u00e8s de trois ans apr\u00e8s le discours d\u2019Olaf Scholz au Bundestag, tout le monde semble savoir de quoi il s\u2019agit. Mais la dimension europ\u00e9enne \u2013 qui devrait \u00eatre un \u00e9l\u00e9ment fondamental du changement de paradigme voulu par le chancelier \u2013 reste toutefois la grande absente.<\/p>\n","protected":false},"author":1,"featured_media":28924,"comment_status":"closed","ping_status":"closed","sticky":false,"template":"","format":"standard","meta":{"om_disable_all_campaigns":false,"_monsterinsights_skip_tracking":false,"_monsterinsights_sitenote_active":false,"_monsterinsights_sitenote_note":"","_monsterinsights_sitenote_category":0,"_uf_show_specific_survey":0,"_uf_disable_surveys":false,"footnotes":""},"categories":[114],"tags":[153,655,646,654,651,163,653,645,657,551,152,400,154,172,161,648,404,649,155,647,150,149,652,656,650,224,171,170],"ppma_author":[658],"class_list":["post-28923","post","type-post","status-publish","format-standard","has-post-thumbnail","hentry","category-politique-fr-2","tag-allemagne","tag-biden","tag-bundeswehr","tag-coalition","tag-contribution","tag-cooperation","tag-crise","tag-defense","tag-defense-europeenne","tag-dissuasion","tag-etats-unis","tag-europe","tag-france","tag-olaf-scholz-fr","tag-otan","tag-partenaires","tag-partenariat","tag-politique-de-securite","tag-pologne","tag-relations-internationales","tag-russie","tag-securite","tag-situation-geopolitique","tag-sonderweg","tag-strategie","tag-tensions","tag-trump-fr","tag-ukraine-fr"],"yoast_head":"<!-- This site is optimized with the Yoast SEO plugin v27.5 - https:\/\/yoast.com\/product\/yoast-seo-wordpress\/ -->\n<title>Plus d\u2019Europe plut\u00f4t qu\u2019une nouvelle voie particuli\u00e8re - dokdoc.eu<\/title>\n<meta name=\"robots\" content=\"index, follow, max-snippet:-1, max-image-preview:large, max-video-preview:-1\" \/>\n<link rel=\"canonical\" href=\"https:\/\/dokdoc.eu\/fr\/2025\/01\/28\/plus-deurope-plutot-quune-nouvelle-voie-particuliere\/\" \/>\n<meta property=\"og:locale\" content=\"fr_FR\" \/>\n<meta property=\"og:type\" content=\"article\" \/>\n<meta property=\"og:title\" content=\"Plus d\u2019Europe plut\u00f4t qu\u2019une nouvelle voie particuli\u00e8re - dokdoc.eu\" \/>\n<meta property=\"og:description\" content=\"\u00ab\u00a0Zeitenwende\u00a0\u00bb \u2013 pr\u00e8s de trois ans apr\u00e8s le discours d\u2019Olaf Scholz au Bundestag, tout le monde semble savoir de quoi il s\u2019agit. Mais la dimension europ\u00e9enne \u2013 qui devrait \u00eatre un \u00e9l\u00e9ment fondamental du changement de paradigme voulu par le chancelier \u2013 reste toutefois la grande absente.\" \/>\n<meta property=\"og:url\" content=\"https:\/\/dokdoc.eu\/fr\/2025\/01\/28\/plus-deurope-plutot-quune-nouvelle-voie-particuliere\/\" \/>\n<meta property=\"og:site_name\" content=\"dokdoc.eu\" \/>\n<meta property=\"article:published_time\" content=\"2025-01-28T19:44:42+00:00\" \/>\n<meta property=\"article:modified_time\" content=\"2025-02-21T14:09:37+00:00\" \/>\n<meta property=\"og:image\" content=\"https:\/\/dokdoc.eu\/wp-content\/uploads\/2025\/01\/1_\u00a9-European-Union-2023-Source-EP_-29062023-scaled.jpg\" \/>\n\t<meta property=\"og:image:width\" content=\"2560\" \/>\n\t<meta property=\"og:image:height\" content=\"1704\" \/>\n\t<meta property=\"og:image:type\" content=\"image\/jpeg\" \/>\n<meta name=\"author\" content=\"Claudia Major &amp; Christian M\u00f6lling\" \/>\n<meta name=\"twitter:card\" content=\"summary_large_image\" \/>\n<meta name=\"twitter:label1\" content=\"\u00c9crit par\" \/>\n\t<meta name=\"twitter:data1\" content=\"RochowMedienagentur\" \/>\n\t<meta name=\"twitter:label2\" content=\"Dur\u00e9e de lecture estim\u00e9e\" \/>\n\t<meta name=\"twitter:data2\" content=\"7 minutes\" \/>\n<script type=\"application\/ld+json\" class=\"yoast-schema-graph\">{\"@context\":\"https:\\\/\\\/schema.org\",\"@graph\":[{\"@type\":\"Article\",\"@id\":\"https:\\\/\\\/dokdoc.eu\\\/fr\\\/2025\\\/01\\\/28\\\/plus-deurope-plutot-quune-nouvelle-voie-particuliere\\\/#article\",\"isPartOf\":{\"@id\":\"https:\\\/\\\/dokdoc.eu\\\/fr\\\/2025\\\/01\\\/28\\\/plus-deurope-plutot-quune-nouvelle-voie-particuliere\\\/\"},\"author\":{\"name\":\"RochowMedienagentur\",\"@id\":\"https:\\\/\\\/dokdoc.eu\\\/fr\\\/#\\\/schema\\\/person\\\/d760e6e53df901fd9522f1d3a1e46621\"},\"headline\":\"Plus d\u2019Europe plut\u00f4t qu\u2019une nouvelle voie particuli\u00e8re\",\"datePublished\":\"2025-01-28T19:44:42+00:00\",\"dateModified\":\"2025-02-21T14:09:37+00:00\",\"mainEntityOfPage\":{\"@id\":\"https:\\\/\\\/dokdoc.eu\\\/fr\\\/2025\\\/01\\\/28\\\/plus-deurope-plutot-quune-nouvelle-voie-particuliere\\\/\"},\"wordCount\":1220,\"publisher\":{\"@id\":\"https:\\\/\\\/dokdoc.eu\\\/fr\\\/#organization\"},\"image\":{\"@id\":\"https:\\\/\\\/dokdoc.eu\\\/fr\\\/2025\\\/01\\\/28\\\/plus-deurope-plutot-quune-nouvelle-voie-particuliere\\\/#primaryimage\"},\"thumbnailUrl\":\"https:\\\/\\\/dokdoc.eu\\\/wp-content\\\/uploads\\\/2025\\\/01\\\/1_\u00a9-European-Union-2023-Source-EP_-29062023-scaled.jpg\",\"keywords\":[\"Allemagne\",\"Biden\",\"Bundeswehr\",\"coalition\",\"contribution\",\"coop\u00e9ration\",\"crise\",\"d\u00e9fense\",\"d\u00e9fense europ\u00e9enne\",\"dissuasion\",\"\u00c9tats-Unis\",\"Europe\",\"France\",\"Olaf Scholz\",\"OTAN\",\"partenaires\",\"partenariat\",\"politique de s\u00e9curit\u00e9\",\"Pologne\",\"relations internationales\",\"Russie\",\"S\u00e9curit\u00e9\",\"situation g\u00e9opolitique\",\"Sonderweg\",\"strat\u00e9gie\",\"tensions\",\"Trump\",\"Ukraine\"],\"articleSection\":[\"Politique\"],\"inLanguage\":\"fr-FR\"},{\"@type\":\"WebPage\",\"@id\":\"https:\\\/\\\/dokdoc.eu\\\/fr\\\/2025\\\/01\\\/28\\\/plus-deurope-plutot-quune-nouvelle-voie-particuliere\\\/\",\"url\":\"https:\\\/\\\/dokdoc.eu\\\/fr\\\/2025\\\/01\\\/28\\\/plus-deurope-plutot-quune-nouvelle-voie-particuliere\\\/\",\"name\":\"Plus d\u2019Europe plut\u00f4t qu\u2019une nouvelle voie particuli\u00e8re - dokdoc.eu\",\"isPartOf\":{\"@id\":\"https:\\\/\\\/dokdoc.eu\\\/fr\\\/#website\"},\"primaryImageOfPage\":{\"@id\":\"https:\\\/\\\/dokdoc.eu\\\/fr\\\/2025\\\/01\\\/28\\\/plus-deurope-plutot-quune-nouvelle-voie-particuliere\\\/#primaryimage\"},\"image\":{\"@id\":\"https:\\\/\\\/dokdoc.eu\\\/fr\\\/2025\\\/01\\\/28\\\/plus-deurope-plutot-quune-nouvelle-voie-particuliere\\\/#primaryimage\"},\"thumbnailUrl\":\"https:\\\/\\\/dokdoc.eu\\\/wp-content\\\/uploads\\\/2025\\\/01\\\/1_\u00a9-European-Union-2023-Source-EP_-29062023-scaled.jpg\",\"datePublished\":\"2025-01-28T19:44:42+00:00\",\"dateModified\":\"2025-02-21T14:09:37+00:00\",\"breadcrumb\":{\"@id\":\"https:\\\/\\\/dokdoc.eu\\\/fr\\\/2025\\\/01\\\/28\\\/plus-deurope-plutot-quune-nouvelle-voie-particuliere\\\/#breadcrumb\"},\"inLanguage\":\"fr-FR\",\"potentialAction\":[{\"@type\":\"ReadAction\",\"target\":[\"https:\\\/\\\/dokdoc.eu\\\/fr\\\/2025\\\/01\\\/28\\\/plus-deurope-plutot-quune-nouvelle-voie-particuliere\\\/\"]}]},{\"@type\":\"ImageObject\",\"inLanguage\":\"fr-FR\",\"@id\":\"https:\\\/\\\/dokdoc.eu\\\/fr\\\/2025\\\/01\\\/28\\\/plus-deurope-plutot-quune-nouvelle-voie-particuliere\\\/#primaryimage\",\"url\":\"https:\\\/\\\/dokdoc.eu\\\/wp-content\\\/uploads\\\/2025\\\/01\\\/1_\u00a9-European-Union-2023-Source-EP_-29062023-scaled.jpg\",\"contentUrl\":\"https:\\\/\\\/dokdoc.eu\\\/wp-content\\\/uploads\\\/2025\\\/01\\\/1_\u00a9-European-Union-2023-Source-EP_-29062023-scaled.jpg\",\"width\":2560,\"height\":1704,\"caption\":\"Olaf Scholz, 29.06.2023 (Copyright: European Union 2023 - Source : EP)\"},{\"@type\":\"BreadcrumbList\",\"@id\":\"https:\\\/\\\/dokdoc.eu\\\/fr\\\/2025\\\/01\\\/28\\\/plus-deurope-plutot-quune-nouvelle-voie-particuliere\\\/#breadcrumb\",\"itemListElement\":[{\"@type\":\"ListItem\",\"position\":1,\"name\":\"Startseite\",\"item\":\"https:\\\/\\\/dokdoc.eu\\\/fr\\\/\"},{\"@type\":\"ListItem\",\"position\":2,\"name\":\"Plus d\u2019Europe plut\u00f4t qu\u2019une nouvelle voie particuli\u00e8re\"}]},{\"@type\":\"WebSite\",\"@id\":\"https:\\\/\\\/dokdoc.eu\\\/fr\\\/#website\",\"url\":\"https:\\\/\\\/dokdoc.eu\\\/fr\\\/\",\"name\":\"dokdoc.eu\",\"description\":\"\",\"publisher\":{\"@id\":\"https:\\\/\\\/dokdoc.eu\\\/fr\\\/#organization\"},\"potentialAction\":[{\"@type\":\"SearchAction\",\"target\":{\"@type\":\"EntryPoint\",\"urlTemplate\":\"https:\\\/\\\/dokdoc.eu\\\/fr\\\/?s={search_term_string}\"},\"query-input\":{\"@type\":\"PropertyValueSpecification\",\"valueRequired\":true,\"valueName\":\"search_term_string\"}}],\"inLanguage\":\"fr-FR\"},{\"@type\":\"Organization\",\"@id\":\"https:\\\/\\\/dokdoc.eu\\\/fr\\\/#organization\",\"name\":\"dokdoc.eu\",\"url\":\"https:\\\/\\\/dokdoc.eu\\\/fr\\\/\",\"logo\":{\"@type\":\"ImageObject\",\"inLanguage\":\"fr-FR\",\"@id\":\"https:\\\/\\\/dokdoc.eu\\\/fr\\\/#\\\/schema\\\/logo\\\/image\\\/\",\"url\":\"https:\\\/\\\/dokdoc.eu\\\/wp-content\\\/uploads\\\/2019\\\/08\\\/cropped-logo_dokdoc-e1720795013301.png\",\"contentUrl\":\"https:\\\/\\\/dokdoc.eu\\\/wp-content\\\/uploads\\\/2019\\\/08\\\/cropped-logo_dokdoc-e1720795013301.png\",\"width\":150,\"height\":110,\"caption\":\"dokdoc.eu\"},\"image\":{\"@id\":\"https:\\\/\\\/dokdoc.eu\\\/fr\\\/#\\\/schema\\\/logo\\\/image\\\/\"}},{\"@type\":\"Person\",\"@id\":\"https:\\\/\\\/dokdoc.eu\\\/fr\\\/#\\\/schema\\\/person\\\/d760e6e53df901fd9522f1d3a1e46621\",\"name\":\"RochowMedienagentur\",\"image\":{\"@type\":\"ImageObject\",\"inLanguage\":\"fr-FR\",\"@id\":\"https:\\\/\\\/dokdoc.eu\\\/wp-content\\\/uploads\\\/2019\\\/08\\\/cropped-logo_dokdoc-e1720795013301.png830075fd1c1a1f70247b47fa84cf0f00\",\"url\":\"https:\\\/\\\/dokdoc.eu\\\/wp-content\\\/uploads\\\/2019\\\/08\\\/cropped-logo_dokdoc-e1720795013301.png\",\"contentUrl\":\"https:\\\/\\\/dokdoc.eu\\\/wp-content\\\/uploads\\\/2019\\\/08\\\/cropped-logo_dokdoc-e1720795013301.png\",\"caption\":\"RochowMedienagentur\"},\"sameAs\":[\"https:\\\/\\\/dokdoc.eu\"],\"url\":\"https:\\\/\\\/dokdoc.eu\\\/fr\\\/author\\\/rochowmedienagentur\\\/\"}]}<\/script>\n<!-- \/ Yoast SEO plugin. -->","yoast_head_json":{"title":"Plus d\u2019Europe plut\u00f4t qu\u2019une nouvelle voie particuli\u00e8re - dokdoc.eu","robots":{"index":"index","follow":"follow","max-snippet":"max-snippet:-1","max-image-preview":"max-image-preview:large","max-video-preview":"max-video-preview:-1"},"canonical":"https:\/\/dokdoc.eu\/fr\/2025\/01\/28\/plus-deurope-plutot-quune-nouvelle-voie-particuliere\/","og_locale":"fr_FR","og_type":"article","og_title":"Plus d\u2019Europe plut\u00f4t qu\u2019une nouvelle voie particuli\u00e8re - dokdoc.eu","og_description":"\u00ab\u00a0Zeitenwende\u00a0\u00bb \u2013 pr\u00e8s de trois ans apr\u00e8s le discours d\u2019Olaf Scholz au Bundestag, tout le monde semble savoir de quoi il s\u2019agit. Mais la dimension europ\u00e9enne \u2013 qui devrait \u00eatre un \u00e9l\u00e9ment fondamental du changement de paradigme voulu par le chancelier \u2013 reste toutefois la grande absente.","og_url":"https:\/\/dokdoc.eu\/fr\/2025\/01\/28\/plus-deurope-plutot-quune-nouvelle-voie-particuliere\/","og_site_name":"dokdoc.eu","article_published_time":"2025-01-28T19:44:42+00:00","article_modified_time":"2025-02-21T14:09:37+00:00","og_image":[{"width":2560,"height":1704,"url":"https:\/\/dokdoc.eu\/wp-content\/uploads\/2025\/01\/1_\u00a9-European-Union-2023-Source-EP_-29062023-scaled.jpg","type":"image\/jpeg"}],"author":"Claudia Major &amp; Christian M\u00f6lling","twitter_card":"summary_large_image","twitter_misc":{"\u00c9crit par":"RochowMedienagentur","Dur\u00e9e de lecture estim\u00e9e":"7 minutes"},"schema":{"@context":"https:\/\/schema.org","@graph":[{"@type":"Article","@id":"https:\/\/dokdoc.eu\/fr\/2025\/01\/28\/plus-deurope-plutot-quune-nouvelle-voie-particuliere\/#article","isPartOf":{"@id":"https:\/\/dokdoc.eu\/fr\/2025\/01\/28\/plus-deurope-plutot-quune-nouvelle-voie-particuliere\/"},"author":{"name":"RochowMedienagentur","@id":"https:\/\/dokdoc.eu\/fr\/#\/schema\/person\/d760e6e53df901fd9522f1d3a1e46621"},"headline":"Plus d\u2019Europe plut\u00f4t qu\u2019une nouvelle voie particuli\u00e8re","datePublished":"2025-01-28T19:44:42+00:00","dateModified":"2025-02-21T14:09:37+00:00","mainEntityOfPage":{"@id":"https:\/\/dokdoc.eu\/fr\/2025\/01\/28\/plus-deurope-plutot-quune-nouvelle-voie-particuliere\/"},"wordCount":1220,"publisher":{"@id":"https:\/\/dokdoc.eu\/fr\/#organization"},"image":{"@id":"https:\/\/dokdoc.eu\/fr\/2025\/01\/28\/plus-deurope-plutot-quune-nouvelle-voie-particuliere\/#primaryimage"},"thumbnailUrl":"https:\/\/dokdoc.eu\/wp-content\/uploads\/2025\/01\/1_\u00a9-European-Union-2023-Source-EP_-29062023-scaled.jpg","keywords":["Allemagne","Biden","Bundeswehr","coalition","contribution","coop\u00e9ration","crise","d\u00e9fense","d\u00e9fense europ\u00e9enne","dissuasion","\u00c9tats-Unis","Europe","France","Olaf Scholz","OTAN","partenaires","partenariat","politique de s\u00e9curit\u00e9","Pologne","relations internationales","Russie","S\u00e9curit\u00e9","situation g\u00e9opolitique","Sonderweg","strat\u00e9gie","tensions","Trump","Ukraine"],"articleSection":["Politique"],"inLanguage":"fr-FR"},{"@type":"WebPage","@id":"https:\/\/dokdoc.eu\/fr\/2025\/01\/28\/plus-deurope-plutot-quune-nouvelle-voie-particuliere\/","url":"https:\/\/dokdoc.eu\/fr\/2025\/01\/28\/plus-deurope-plutot-quune-nouvelle-voie-particuliere\/","name":"Plus d\u2019Europe plut\u00f4t qu\u2019une nouvelle voie particuli\u00e8re - dokdoc.eu","isPartOf":{"@id":"https:\/\/dokdoc.eu\/fr\/#website"},"primaryImageOfPage":{"@id":"https:\/\/dokdoc.eu\/fr\/2025\/01\/28\/plus-deurope-plutot-quune-nouvelle-voie-particuliere\/#primaryimage"},"image":{"@id":"https:\/\/dokdoc.eu\/fr\/2025\/01\/28\/plus-deurope-plutot-quune-nouvelle-voie-particuliere\/#primaryimage"},"thumbnailUrl":"https:\/\/dokdoc.eu\/wp-content\/uploads\/2025\/01\/1_\u00a9-European-Union-2023-Source-EP_-29062023-scaled.jpg","datePublished":"2025-01-28T19:44:42+00:00","dateModified":"2025-02-21T14:09:37+00:00","breadcrumb":{"@id":"https:\/\/dokdoc.eu\/fr\/2025\/01\/28\/plus-deurope-plutot-quune-nouvelle-voie-particuliere\/#breadcrumb"},"inLanguage":"fr-FR","potentialAction":[{"@type":"ReadAction","target":["https:\/\/dokdoc.eu\/fr\/2025\/01\/28\/plus-deurope-plutot-quune-nouvelle-voie-particuliere\/"]}]},{"@type":"ImageObject","inLanguage":"fr-FR","@id":"https:\/\/dokdoc.eu\/fr\/2025\/01\/28\/plus-deurope-plutot-quune-nouvelle-voie-particuliere\/#primaryimage","url":"https:\/\/dokdoc.eu\/wp-content\/uploads\/2025\/01\/1_\u00a9-European-Union-2023-Source-EP_-29062023-scaled.jpg","contentUrl":"https:\/\/dokdoc.eu\/wp-content\/uploads\/2025\/01\/1_\u00a9-European-Union-2023-Source-EP_-29062023-scaled.jpg","width":2560,"height":1704,"caption":"Olaf Scholz, 29.06.2023 (Copyright: European Union 2023 - Source : EP)"},{"@type":"BreadcrumbList","@id":"https:\/\/dokdoc.eu\/fr\/2025\/01\/28\/plus-deurope-plutot-quune-nouvelle-voie-particuliere\/#breadcrumb","itemListElement":[{"@type":"ListItem","position":1,"name":"Startseite","item":"https:\/\/dokdoc.eu\/fr\/"},{"@type":"ListItem","position":2,"name":"Plus d\u2019Europe plut\u00f4t qu\u2019une nouvelle voie particuli\u00e8re"}]},{"@type":"WebSite","@id":"https:\/\/dokdoc.eu\/fr\/#website","url":"https:\/\/dokdoc.eu\/fr\/","name":"dokdoc.eu","description":"","publisher":{"@id":"https:\/\/dokdoc.eu\/fr\/#organization"},"potentialAction":[{"@type":"SearchAction","target":{"@type":"EntryPoint","urlTemplate":"https:\/\/dokdoc.eu\/fr\/?s={search_term_string}"},"query-input":{"@type":"PropertyValueSpecification","valueRequired":true,"valueName":"search_term_string"}}],"inLanguage":"fr-FR"},{"@type":"Organization","@id":"https:\/\/dokdoc.eu\/fr\/#organization","name":"dokdoc.eu","url":"https:\/\/dokdoc.eu\/fr\/","logo":{"@type":"ImageObject","inLanguage":"fr-FR","@id":"https:\/\/dokdoc.eu\/fr\/#\/schema\/logo\/image\/","url":"https:\/\/dokdoc.eu\/wp-content\/uploads\/2019\/08\/cropped-logo_dokdoc-e1720795013301.png","contentUrl":"https:\/\/dokdoc.eu\/wp-content\/uploads\/2019\/08\/cropped-logo_dokdoc-e1720795013301.png","width":150,"height":110,"caption":"dokdoc.eu"},"image":{"@id":"https:\/\/dokdoc.eu\/fr\/#\/schema\/logo\/image\/"}},{"@type":"Person","@id":"https:\/\/dokdoc.eu\/fr\/#\/schema\/person\/d760e6e53df901fd9522f1d3a1e46621","name":"RochowMedienagentur","image":{"@type":"ImageObject","inLanguage":"fr-FR","@id":"https:\/\/dokdoc.eu\/wp-content\/uploads\/2019\/08\/cropped-logo_dokdoc-e1720795013301.png830075fd1c1a1f70247b47fa84cf0f00","url":"https:\/\/dokdoc.eu\/wp-content\/uploads\/2019\/08\/cropped-logo_dokdoc-e1720795013301.png","contentUrl":"https:\/\/dokdoc.eu\/wp-content\/uploads\/2019\/08\/cropped-logo_dokdoc-e1720795013301.png","caption":"RochowMedienagentur"},"sameAs":["https:\/\/dokdoc.eu"],"url":"https:\/\/dokdoc.eu\/fr\/author\/rochowmedienagentur\/"}]}},"authors":[{"term_id":658,"user_id":0,"is_guest":1,"slug":"claudia-major-christian-moelling","display_name":"Claudia Major &amp; Christian M\u00f6lling","avatar_url":{"url":"https:\/\/dokdoc.eu\/wp-content\/uploads\/2019\/08\/cropped-logo_dokdoc-e1720795013301.png","url2x":"https:\/\/dokdoc.eu\/wp-content\/uploads\/2019\/08\/cropped-logo_dokdoc-e1720795013301.png"},"0":null,"1":"","2":"","3":"","4":"","5":"","6":"","7":"","8":""}],"_links":{"self":[{"href":"https:\/\/dokdoc.eu\/fr\/wp-json\/wp\/v2\/posts\/28923","targetHints":{"allow":["GET"]}}],"collection":[{"href":"https:\/\/dokdoc.eu\/fr\/wp-json\/wp\/v2\/posts"}],"about":[{"href":"https:\/\/dokdoc.eu\/fr\/wp-json\/wp\/v2\/types\/post"}],"author":[{"embeddable":true,"href":"https:\/\/dokdoc.eu\/fr\/wp-json\/wp\/v2\/users\/1"}],"replies":[{"embeddable":true,"href":"https:\/\/dokdoc.eu\/fr\/wp-json\/wp\/v2\/comments?post=28923"}],"version-history":[{"count":4,"href":"https:\/\/dokdoc.eu\/fr\/wp-json\/wp\/v2\/posts\/28923\/revisions"}],"predecessor-version":[{"id":28935,"href":"https:\/\/dokdoc.eu\/fr\/wp-json\/wp\/v2\/posts\/28923\/revisions\/28935"}],"wp:featuredmedia":[{"embeddable":true,"href":"https:\/\/dokdoc.eu\/fr\/wp-json\/wp\/v2\/media\/28924"}],"wp:attachment":[{"href":"https:\/\/dokdoc.eu\/fr\/wp-json\/wp\/v2\/media?parent=28923"}],"wp:term":[{"taxonomy":"category","embeddable":true,"href":"https:\/\/dokdoc.eu\/fr\/wp-json\/wp\/v2\/categories?post=28923"},{"taxonomy":"post_tag","embeddable":true,"href":"https:\/\/dokdoc.eu\/fr\/wp-json\/wp\/v2\/tags?post=28923"},{"taxonomy":"author","embeddable":true,"href":"https:\/\/dokdoc.eu\/fr\/wp-json\/wp\/v2\/ppma_author?post=28923"}],"curies":[{"name":"wp","href":"https:\/\/api.w.org\/{rel}","templated":true}]}}