{"id":29228,"date":"2025-02-11T16:08:22","date_gmt":"2025-02-11T15:08:22","guid":{"rendered":"https:\/\/dokdoc.eu\/?p=29228"},"modified":"2025-02-11T16:48:39","modified_gmt":"2025-02-11T15:48:39","slug":"dis-moi-ou-tu-vis","status":"publish","type":"post","link":"https:\/\/dokdoc.eu\/fr\/2025\/02\/11\/dis-moi-ou-tu-vis\/","title":{"rendered":"Dis-moi o\u00f9 tu vis et je te dirai pour qui tu votes"},"content":{"rendered":"<figure id=\"attachment_29229\" aria-describedby=\"caption-attachment-29229\" style=\"width: 1024px\" class=\"wp-caption aligncenter\"><img fetchpriority=\"high\" decoding=\"async\" class=\"wp-image-29229\" src=\"https:\/\/dokdoc.eu\/wp-content\/uploads\/2025\/02\/1_imago0765986678h-300x200.jpg\" alt=\"Dans le nord-est du Brandebourg\" width=\"1024\" height=\"683\" srcset=\"https:\/\/dokdoc.eu\/wp-content\/uploads\/2025\/02\/1_imago0765986678h-300x200.jpg 300w, https:\/\/dokdoc.eu\/wp-content\/uploads\/2025\/02\/1_imago0765986678h-1024x683.jpg 1024w, https:\/\/dokdoc.eu\/wp-content\/uploads\/2025\/02\/1_imago0765986678h-768x512.jpg 768w, https:\/\/dokdoc.eu\/wp-content\/uploads\/2025\/02\/1_imago0765986678h-1536x1024.jpg 1536w, https:\/\/dokdoc.eu\/wp-content\/uploads\/2025\/02\/1_imago0765986678h-2048x1365.jpg 2048w\" sizes=\"(max-width: 1024px) 100vw, 1024px\" \/><figcaption id=\"caption-attachment-29229\" class=\"wp-caption-text\">Dans le nord-est du Brandebourg (Copyright: Imago)<\/figcaption><\/figure>\n<p><strong>Le lieu de vie joue un r\u00f4le de premier plan dans le vote populiste, mais dans quelle mesure exactement\u00a0? Theresa Bernemann nous l\u2019explique \u00e0 partir de l\u2019exemple de l\u2019AfD.<\/strong><!--more--><\/p>\n<p>&nbsp;<\/p>\n<p>Le concept du \u00ab\u00a0lieu de vie\u00a0\u00bb a pris une importance consid\u00e9rable dans la recherche sur les attitudes populistes de droite. Les r\u00e9sultats \u00e9lectoraux en Allemagne ainsi que dans d&rsquo;autres d\u00e9mocraties occidentales mettent au jour des occurrences frappantes. Les chercheurs peinent toutefois encore \u00e0 s\u2019accorder sur une explication. Dans une <a href=\"https:\/\/www.cambridge.org\/core\/journals\/european-political-science-review\/article\/place-does-matter-for-populist-radical-right-sentiment-but-how-evidence-from-germany\/7C639AAC5F6B1BC2F6324F7D57136827\">\u00e9tude<\/a> publi\u00e9e \u00e0 l\u2019automne dernier, Kai Arzheimer et Theresa Bernemann se sont pench\u00e9s sur la question en prenant pour angle de r\u00e9flexion l&rsquo;influence de l&rsquo;environnement sur les attitudes populistes. Les \u00e9lections du 23 f\u00e9vrier sont l\u2019occasion d\u2019en mettre en avant les principales conclusions.<\/p>\n<p>&nbsp;<\/p>\n<h2><strong>\u00c9tudier le populisme de droite en Allemagne<\/strong><\/h2>\n<p>Le populisme de droite est un ph\u00e9nom\u00e8ne complexe qui se compose des \u00e9l\u00e9ments suivants\u00a0: nativisme (une combinaison de x\u00e9nophobie et de nationalisme), autoritarisme (la tendance \u00e0 se soumettre \u00e0 l&rsquo;autorit\u00e9, un go\u00fbt prononc\u00e9 pour l&rsquo;ob\u00e9issance et l&rsquo;ordre) et populisme (caract\u00e9ris\u00e9 par son anti-pluralisme et anti-\u00e9litisme). L&rsquo;Allemagne se pr\u00eate particuli\u00e8rement bien \u00e0 une \u00e9tude sur la question du fait des diff\u00e9rences r\u00e9gionales en mati\u00e8re de d\u00e9veloppement socio-\u00e9conomique et politique. L\u2019\u00e9tude de Kai Arzheimer et Theresa Bernemann met sur l\u2019\u00e9tabli quatre explications possibles, souvent reprises dans la litt\u00e9rature scientifique ainsi que dans le d\u00e9bat public et m\u00e9diatique\u00a0: la composition sociod\u00e9mographique de la population ; les attitudes li\u00e9es au lieu de vie (attachement \u00e9motionnel, sentiment d\u2019exclusion), les conditions de vie locales ; les \u00ab\u00a0particularit\u00e9s\u00a0\u00bb en termes de d\u2019histoire et de culture. Pour ce faire, les auteurs ont interrog\u00e9 les attitudes de personnes partout en Allemagne tout en accordant une importance particuli\u00e8re \u00e0 leur lieu de vie.<\/p>\n<p>&nbsp;<\/p>\n<h2><strong>D\u2019importantes in\u00e9galit\u00e9s spatiales<\/strong><\/h2>\n<p>L&rsquo;analyse fait appara\u00eetre une r\u00e9partition spatiale tr\u00e8s claire. \u00c0 ce titre, il convient de souligner la forte pr\u00e9valence du populisme de droite dans les L\u00e4nder de l\u2019est, la Thuringe et la Saxe notamment. Environ 60% des personnes interrog\u00e9es affirment se sentir menac\u00e9s (avec, toutefois, des diff\u00e9rences d\u2019intensit\u00e9) par les migrants. Des attitudes similaires ont pu \u00eatre \u00e9galement observ\u00e9es dans certaines r\u00e9gions de Bavi\u00e8re, plus particuli\u00e8rement \u00e0 l\u2019est m\u00eame si, dans une moindre mesure que dans l\u2019est du pays. <em>A contrario<\/em>, les r\u00e9gions du nord et du nord-ouest de l\u2019Allemagne, comme Hambourg, le M\u00fcnsterland et l\u2019Emsland, affichent des scores particuli\u00e8rement bas. \u00c0 Hambourg par exemple, \u00ab\u00a0seuls\u00a0\u00bb 35% des sond\u00e9s se disent d\u2019accord \u2013 en partie ou compl\u00e8tement \u2013 avec les id\u00e9es d\u2019extr\u00eame droite.<\/p>\n<p>&nbsp;<\/p>\n<h2><strong>Diff\u00e9rentes explications<\/strong><\/h2>\n<p>Quatre facteurs permettent d\u2019expliquer la r\u00e9partition spatiale du populisme de droite\u00a0:<\/p>\n<p>1. la composition sociod\u00e9mographique. Une part importante des diff\u00e9rences r\u00e9gionales observ\u00e9es s\u2019explique par la d\u00e9mographie. Les r\u00e9gions o\u00f9 la proportion de personnes peu dipl\u00f4m\u00e9es et en emploi pr\u00e9caire est plus \u00e9lev\u00e9e semblent plus vuln\u00e9rables au populisme de droite. C\u2019est particuli\u00e8rement vrai dans les zones rurales de l\u2019est du pays \u2013 les monts M\u00e9tallif\u00e8res par exemple \u2013 o\u00f9 la population est plus \u00e2g\u00e9e et la situation \u00e9conomique plus d\u00e9licate. L\u2019\u00e9tude montre que les attitudes x\u00e9nophobes, autoritaires et populistes y sont beaucoup plus r\u00e9pandues qu\u2019ailleurs en Allemagne.<\/p>\n<p>2. l\u2019influence du lieu de vie. L\u2019\u00e9tude montre \u00e9galement \u2013 c\u2019est l\u2019un des points les plus importants \u2013 que le populisme de droite est \u00e9troitement li\u00e9 \u00e0 un sentiment d\u2019exclusion, au sentiment que son lieu de vie est n\u00e9glig\u00e9 des politiques et de la soci\u00e9t\u00e9. Le ph\u00e9nom\u00e8ne est l\u00e0 encore tr\u00e8s marqu\u00e9 en Allemagne de l\u2019est. Il s\u2019accompagne souvent d\u2019une m\u00e9fiance exacerb\u00e9e \u00e0 l&rsquo;\u00e9gard des \u00e9lites et des immigr\u00e9s, consid\u00e9r\u00e9s comme responsables de la situation ressentie. Le sentiment d&rsquo;injustice et de sous-repr\u00e9sentation est \u00e9galement prononc\u00e9 dans les r\u00e9gions rurales. En revanche, le localisme, d\u00e9fini comme l&rsquo;attachement \u00e9motionnel \u00e0 son lieu de vie, a un impact plus faible qu\u2019attendu sur les attitudes populistes (de l\u2019ordre de 0,3 sur une \u00e9chelle de 7).<\/p>\n<p>3. les conditions de vie locales : alors que des facteurs tels que le pourcentage de b\u00e9n\u00e9ficiaires des aides sociales ou la part des \u00e9trangers dans la population locale ont peu ou pas d\u2019impact direct sur le populisme de droite, la localisation de la r\u00e9sidence, \u00e0 l\u2019est ou l\u2019ouest de l\u2019Allemagne, influe, quant \u00e0 elle, sur les r\u00e9sultats. L\u2019\u00ab exp\u00e9rience de la RDA \u00bb, les bouleversements qui ont suivi la R\u00e9unification et les diff\u00e9rences persistantes entre l\u2019est et l\u2019ouest, pour ce qui est des salaires notamment, renforcent le sentiment d&rsquo;exclusion sociale.<\/p>\n<p>4. les caract\u00e9ristiques du lieu de vie : enfin, l\u2019\u00e9tude montre que la culture et l\u2019histoire de certains lieux consid\u00e9r\u00e9s comme remarquables n\u2019ont pas d\u2019influence directe sur les attitudes populistes. Il appara\u00eet toutefois que la RDA, en tant qu\u2019entit\u00e9 historique, joue encore un r\u00f4le essentiel dans la formation des attitudes politiques en Allemagne, ce qui souligne l&rsquo;influence durable de la division historique sur le paysage politique actuel.<\/p>\n<p><strong>\u00a0<\/strong><\/p>\n<h2><strong>Implications politiques<\/strong><\/h2>\n<p>L&rsquo;\u00e9tude apporte des \u00e9clairages et conclusions dont la politique pourrait se saisir. En d\u00e9pit des investissements et politiques d\u00e9ploy\u00e9es dans les r\u00e9gions de l\u2019est de l\u2019Allemagne, pr\u00e9cis\u00e9ment celles confront\u00e9es \u00e0 des probl\u00e8mes structurels, le sentiment de marginalisation a reste encore tr\u00e8s marqu\u00e9. Ce sentiment n\u2019est pas seulement li\u00e9 \u00e0 des difficult\u00e9s \u00e9conomiques. Il tient aussi \u00e0 un autre facteur\u00a0: le sentiment d\u2019exclusion politique et culturelle.<\/p>\n<p>Il appara\u00eet clairement qu\u2019investir dans ces r\u00e9gions ne suffira pas \u00e0 endiguer durablement la tentation populiste. C\u2019est surtout le facteur sociod\u00e9mographique qui est ici d\u00e9terminant. M\u00eame s\u2019il est difficile \u00e0 influencer \u00e0 court terme, les r\u00e9sultats soulignent l&rsquo;importance de la planification d\u00e9mographique et structurelle sur le long terme.<\/p>\n<p>Il est en outre important que la politique s\u2019empare du sentiment de marginalisation tr\u00e8s r\u00e9pandu, on l\u2019a vu, \u00e0 l\u2019est du pays, de m\u00eame qu\u2019aux besoins symboliques et culturels qui y sont li\u00e9s\u00a0: en d\u2019autres termes, elle doit prendre les \u00e9motions des populations beaucoup plus au s\u00e9rieux qu\u2019elle ne le fait actuellement et agir en cons\u00e9quence. Un renforcement de la repr\u00e9sentation politique et culturelle, ainsi qu\u2019une meilleure prise en compte des besoins et int\u00e9r\u00eats des r\u00e9gions en difficult\u00e9, pourraient restaurer la confiance dans les institutions et, par ricochet, freiner la progression du populisme.<\/p>\n<p>&nbsp;<\/p>\n<h2><strong>L\u2018auteure<\/strong><\/h2>\n<figure id=\"attachment_29231\" aria-describedby=\"caption-attachment-29231\" style=\"width: 225px\" class=\"wp-caption alignleft\"><img decoding=\"async\" class=\"size-medium wp-image-29231\" src=\"https:\/\/dokdoc.eu\/wp-content\/uploads\/2025\/02\/2_Bild_Theresa-Bernemann-225x300.jpg\" alt=\"Theresa Bernemann (Copyright: privat)\" width=\"225\" height=\"300\" srcset=\"https:\/\/dokdoc.eu\/wp-content\/uploads\/2025\/02\/2_Bild_Theresa-Bernemann-225x300.jpg 225w, https:\/\/dokdoc.eu\/wp-content\/uploads\/2025\/02\/2_Bild_Theresa-Bernemann-768x1024.jpg 768w, https:\/\/dokdoc.eu\/wp-content\/uploads\/2025\/02\/2_Bild_Theresa-Bernemann-1152x1536.jpg 1152w, https:\/\/dokdoc.eu\/wp-content\/uploads\/2025\/02\/2_Bild_Theresa-Bernemann-1536x2048.jpg 1536w, https:\/\/dokdoc.eu\/wp-content\/uploads\/2025\/02\/2_Bild_Theresa-Bernemann-scaled.jpg 1920w\" sizes=\"(max-width: 225px) 100vw, 225px\" \/><figcaption id=\"caption-attachment-29231\" class=\"wp-caption-text\">Theresa Bernemann (Copyright: privat)<\/figcaption><\/figure>\n<p><em>Theresa Bernemann est chercheuse \u00e0 l&rsquo;Institut de sciences politiques de l&rsquo;Universit\u00e9 Johannes Gutenberg (Mayence). Elle y m\u00e8ne des recherches sur le populisme de droite, les disparit\u00e9s r\u00e9gionales, les attitudes politiques et le comportement \u00e9lectoral. <\/em><\/p>\n<p>&nbsp;<\/p>\n<h2><\/h2>\n","protected":false},"excerpt":{"rendered":"<p>Le lieu de vie joue un r\u00f4le de premier plan dans le vote populiste, mais dans quelle mesure exactement\u00a0? Theresa Bernemann nous l\u2019explique \u00e0 partir de l\u2019exemple de l\u2019AfD.<\/p>\n","protected":false},"author":1,"featured_media":29229,"comment_status":"closed","ping_status":"closed","sticky":false,"template":"","format":"standard","meta":{"om_disable_all_campaigns":false,"_monsterinsights_skip_tracking":false,"_monsterinsights_sitenote_active":false,"_monsterinsights_sitenote_note":"","_monsterinsights_sitenote_category":0,"_uf_show_specific_survey":0,"_uf_disable_surveys":false,"footnotes":""},"categories":[115],"tags":[765,153,772,771,768,777,786,781,778,779,782,775,763,780,770,767,788,766,776,783,787,774,784,785,773,764,769],"ppma_author":[762],"class_list":["post-29228","post","type-post","status-publish","format-standard","has-post-thumbnail","hentry","category-societe-fr-2","tag-afd","tag-allemagne","tag-anti-elitisme","tag-anti-pluralisme","tag-autoritarisme","tag-composition-sociodemographique","tag-conditions-de-vie-locales","tag-elites","tag-environnement","tag-exclusion","tag-immigres","tag-inegalites-spatiales","tag-lieu-de-vie","tag-mefiance","tag-nationalisme","tag-nativisme","tag-politiques-publiques","tag-populisme-de-droite","tag-populisme-de-droite-en-allemagne","tag-regions-rurales","tag-repartition-spatiale","tag-saxe","tag-sentiment-dinjustice","tag-sous-representation","tag-thuringe","tag-vote-populiste","tag-xenophobie"],"yoast_head":"<!-- This site is optimized with the Yoast SEO plugin v27.5 - https:\/\/yoast.com\/product\/yoast-seo-wordpress\/ -->\n<title>Dis-moi o\u00f9 tu vis et je te dirai pour qui tu votes - dokdoc.eu<\/title>\n<meta name=\"robots\" content=\"index, follow, max-snippet:-1, max-image-preview:large, max-video-preview:-1\" \/>\n<link rel=\"canonical\" href=\"https:\/\/dokdoc.eu\/fr\/2025\/02\/11\/dis-moi-ou-tu-vis\/\" \/>\n<meta property=\"og:locale\" content=\"fr_FR\" \/>\n<meta property=\"og:type\" content=\"article\" \/>\n<meta property=\"og:title\" content=\"Dis-moi o\u00f9 tu vis et je te dirai pour qui tu votes - dokdoc.eu\" \/>\n<meta property=\"og:description\" content=\"Le lieu de vie joue un r\u00f4le de premier plan dans le vote populiste, mais dans quelle mesure exactement\u00a0? Theresa Bernemann nous l\u2019explique \u00e0 partir de l\u2019exemple de l\u2019AfD.\" \/>\n<meta property=\"og:url\" content=\"https:\/\/dokdoc.eu\/fr\/2025\/02\/11\/dis-moi-ou-tu-vis\/\" \/>\n<meta property=\"og:site_name\" content=\"dokdoc.eu\" \/>\n<meta property=\"article:published_time\" content=\"2025-02-11T15:08:22+00:00\" \/>\n<meta property=\"article:modified_time\" content=\"2025-02-11T15:48:39+00:00\" \/>\n<meta property=\"og:image\" content=\"https:\/\/dokdoc.eu\/wp-content\/uploads\/2025\/02\/1_imago0765986678h-scaled.jpg\" \/>\n\t<meta property=\"og:image:width\" content=\"2560\" \/>\n\t<meta property=\"og:image:height\" content=\"1707\" \/>\n\t<meta property=\"og:image:type\" content=\"image\/jpeg\" \/>\n<meta name=\"author\" content=\"Theresa Bernemann\" \/>\n<meta name=\"twitter:card\" content=\"summary_large_image\" \/>\n<meta name=\"twitter:label1\" content=\"\u00c9crit par\" \/>\n\t<meta name=\"twitter:data1\" content=\"RochowMedienagentur\" \/>\n\t<meta name=\"twitter:label2\" content=\"Dur\u00e9e de lecture estim\u00e9e\" \/>\n\t<meta name=\"twitter:data2\" content=\"7 minutes\" \/>\n<script type=\"application\/ld+json\" class=\"yoast-schema-graph\">{\"@context\":\"https:\\\/\\\/schema.org\",\"@graph\":[{\"@type\":\"Article\",\"@id\":\"https:\\\/\\\/dokdoc.eu\\\/fr\\\/2025\\\/02\\\/11\\\/dis-moi-ou-tu-vis\\\/#article\",\"isPartOf\":{\"@id\":\"https:\\\/\\\/dokdoc.eu\\\/fr\\\/2025\\\/02\\\/11\\\/dis-moi-ou-tu-vis\\\/\"},\"author\":{\"name\":\"RochowMedienagentur\",\"@id\":\"https:\\\/\\\/dokdoc.eu\\\/fr\\\/#\\\/schema\\\/person\\\/d760e6e53df901fd9522f1d3a1e46621\"},\"headline\":\"Dis-moi o\u00f9 tu vis et je te dirai pour qui tu votes\",\"datePublished\":\"2025-02-11T15:08:22+00:00\",\"dateModified\":\"2025-02-11T15:48:39+00:00\",\"mainEntityOfPage\":{\"@id\":\"https:\\\/\\\/dokdoc.eu\\\/fr\\\/2025\\\/02\\\/11\\\/dis-moi-ou-tu-vis\\\/\"},\"wordCount\":1232,\"publisher\":{\"@id\":\"https:\\\/\\\/dokdoc.eu\\\/fr\\\/#organization\"},\"image\":{\"@id\":\"https:\\\/\\\/dokdoc.eu\\\/fr\\\/2025\\\/02\\\/11\\\/dis-moi-ou-tu-vis\\\/#primaryimage\"},\"thumbnailUrl\":\"https:\\\/\\\/dokdoc.eu\\\/wp-content\\\/uploads\\\/2025\\\/02\\\/1_imago0765986678h-scaled.jpg\",\"keywords\":[\"AfD\",\"Allemagne\",\"anti-\u00e9litisme\",\"anti-pluralisme\",\"autoritarisme\",\"composition sociod\u00e9mographique\",\"conditions de vie locales\",\"\u00e9lites\",\"environnement\",\"exclusion\",\"immigr\u00e9s\",\"in\u00e9galit\u00e9s spatiales\",\"lieu de vie\",\"m\u00e9fiance\",\"nationalisme\",\"nativisme\",\"politiques publiques\",\"populisme de droite\",\"populisme de droite en Allemagne\",\"r\u00e9gions rurales\",\"r\u00e9partition spatiale\",\"Saxe\",\"sentiment d\u2019injustice\",\"sous-repr\u00e9sentation\",\"Thuringe\",\"vote populiste\",\"x\u00e9nophobie\"],\"articleSection\":[\"Soci\u00e9t\u00e9\"],\"inLanguage\":\"fr-FR\"},{\"@type\":\"WebPage\",\"@id\":\"https:\\\/\\\/dokdoc.eu\\\/fr\\\/2025\\\/02\\\/11\\\/dis-moi-ou-tu-vis\\\/\",\"url\":\"https:\\\/\\\/dokdoc.eu\\\/fr\\\/2025\\\/02\\\/11\\\/dis-moi-ou-tu-vis\\\/\",\"name\":\"Dis-moi o\u00f9 tu vis et je te dirai pour qui tu votes - dokdoc.eu\",\"isPartOf\":{\"@id\":\"https:\\\/\\\/dokdoc.eu\\\/fr\\\/#website\"},\"primaryImageOfPage\":{\"@id\":\"https:\\\/\\\/dokdoc.eu\\\/fr\\\/2025\\\/02\\\/11\\\/dis-moi-ou-tu-vis\\\/#primaryimage\"},\"image\":{\"@id\":\"https:\\\/\\\/dokdoc.eu\\\/fr\\\/2025\\\/02\\\/11\\\/dis-moi-ou-tu-vis\\\/#primaryimage\"},\"thumbnailUrl\":\"https:\\\/\\\/dokdoc.eu\\\/wp-content\\\/uploads\\\/2025\\\/02\\\/1_imago0765986678h-scaled.jpg\",\"datePublished\":\"2025-02-11T15:08:22+00:00\",\"dateModified\":\"2025-02-11T15:48:39+00:00\",\"breadcrumb\":{\"@id\":\"https:\\\/\\\/dokdoc.eu\\\/fr\\\/2025\\\/02\\\/11\\\/dis-moi-ou-tu-vis\\\/#breadcrumb\"},\"inLanguage\":\"fr-FR\",\"potentialAction\":[{\"@type\":\"ReadAction\",\"target\":[\"https:\\\/\\\/dokdoc.eu\\\/fr\\\/2025\\\/02\\\/11\\\/dis-moi-ou-tu-vis\\\/\"]}]},{\"@type\":\"ImageObject\",\"inLanguage\":\"fr-FR\",\"@id\":\"https:\\\/\\\/dokdoc.eu\\\/fr\\\/2025\\\/02\\\/11\\\/dis-moi-ou-tu-vis\\\/#primaryimage\",\"url\":\"https:\\\/\\\/dokdoc.eu\\\/wp-content\\\/uploads\\\/2025\\\/02\\\/1_imago0765986678h-scaled.jpg\",\"contentUrl\":\"https:\\\/\\\/dokdoc.eu\\\/wp-content\\\/uploads\\\/2025\\\/02\\\/1_imago0765986678h-scaled.jpg\",\"width\":2560,\"height\":1707,\"caption\":\"Dans le nord-est du Brandebourg (Copyright: Imago)\"},{\"@type\":\"BreadcrumbList\",\"@id\":\"https:\\\/\\\/dokdoc.eu\\\/fr\\\/2025\\\/02\\\/11\\\/dis-moi-ou-tu-vis\\\/#breadcrumb\",\"itemListElement\":[{\"@type\":\"ListItem\",\"position\":1,\"name\":\"Startseite\",\"item\":\"https:\\\/\\\/dokdoc.eu\\\/fr\\\/\"},{\"@type\":\"ListItem\",\"position\":2,\"name\":\"Dis-moi o\u00f9 tu vis et je te dirai pour qui tu votes\"}]},{\"@type\":\"WebSite\",\"@id\":\"https:\\\/\\\/dokdoc.eu\\\/fr\\\/#website\",\"url\":\"https:\\\/\\\/dokdoc.eu\\\/fr\\\/\",\"name\":\"dokdoc.eu\",\"description\":\"\",\"publisher\":{\"@id\":\"https:\\\/\\\/dokdoc.eu\\\/fr\\\/#organization\"},\"potentialAction\":[{\"@type\":\"SearchAction\",\"target\":{\"@type\":\"EntryPoint\",\"urlTemplate\":\"https:\\\/\\\/dokdoc.eu\\\/fr\\\/?s={search_term_string}\"},\"query-input\":{\"@type\":\"PropertyValueSpecification\",\"valueRequired\":true,\"valueName\":\"search_term_string\"}}],\"inLanguage\":\"fr-FR\"},{\"@type\":\"Organization\",\"@id\":\"https:\\\/\\\/dokdoc.eu\\\/fr\\\/#organization\",\"name\":\"dokdoc.eu\",\"url\":\"https:\\\/\\\/dokdoc.eu\\\/fr\\\/\",\"logo\":{\"@type\":\"ImageObject\",\"inLanguage\":\"fr-FR\",\"@id\":\"https:\\\/\\\/dokdoc.eu\\\/fr\\\/#\\\/schema\\\/logo\\\/image\\\/\",\"url\":\"https:\\\/\\\/dokdoc.eu\\\/wp-content\\\/uploads\\\/2019\\\/08\\\/cropped-logo_dokdoc-e1720795013301.png\",\"contentUrl\":\"https:\\\/\\\/dokdoc.eu\\\/wp-content\\\/uploads\\\/2019\\\/08\\\/cropped-logo_dokdoc-e1720795013301.png\",\"width\":150,\"height\":110,\"caption\":\"dokdoc.eu\"},\"image\":{\"@id\":\"https:\\\/\\\/dokdoc.eu\\\/fr\\\/#\\\/schema\\\/logo\\\/image\\\/\"}},{\"@type\":\"Person\",\"@id\":\"https:\\\/\\\/dokdoc.eu\\\/fr\\\/#\\\/schema\\\/person\\\/d760e6e53df901fd9522f1d3a1e46621\",\"name\":\"RochowMedienagentur\",\"image\":{\"@type\":\"ImageObject\",\"inLanguage\":\"fr-FR\",\"@id\":\"https:\\\/\\\/dokdoc.eu\\\/wp-content\\\/uploads\\\/2019\\\/08\\\/cropped-logo_dokdoc-e1720795013301.png830075fd1c1a1f70247b47fa84cf0f00\",\"url\":\"https:\\\/\\\/dokdoc.eu\\\/wp-content\\\/uploads\\\/2019\\\/08\\\/cropped-logo_dokdoc-e1720795013301.png\",\"contentUrl\":\"https:\\\/\\\/dokdoc.eu\\\/wp-content\\\/uploads\\\/2019\\\/08\\\/cropped-logo_dokdoc-e1720795013301.png\",\"caption\":\"RochowMedienagentur\"},\"sameAs\":[\"https:\\\/\\\/dokdoc.eu\"],\"url\":\"https:\\\/\\\/dokdoc.eu\\\/fr\\\/author\\\/rochowmedienagentur\\\/\"}]}<\/script>\n<!-- \/ Yoast SEO plugin. -->","yoast_head_json":{"title":"Dis-moi o\u00f9 tu vis et je te dirai pour qui tu votes - dokdoc.eu","robots":{"index":"index","follow":"follow","max-snippet":"max-snippet:-1","max-image-preview":"max-image-preview:large","max-video-preview":"max-video-preview:-1"},"canonical":"https:\/\/dokdoc.eu\/fr\/2025\/02\/11\/dis-moi-ou-tu-vis\/","og_locale":"fr_FR","og_type":"article","og_title":"Dis-moi o\u00f9 tu vis et je te dirai pour qui tu votes - dokdoc.eu","og_description":"Le lieu de vie joue un r\u00f4le de premier plan dans le vote populiste, mais dans quelle mesure exactement\u00a0? Theresa Bernemann nous l\u2019explique \u00e0 partir de l\u2019exemple de l\u2019AfD.","og_url":"https:\/\/dokdoc.eu\/fr\/2025\/02\/11\/dis-moi-ou-tu-vis\/","og_site_name":"dokdoc.eu","article_published_time":"2025-02-11T15:08:22+00:00","article_modified_time":"2025-02-11T15:48:39+00:00","og_image":[{"width":2560,"height":1707,"url":"https:\/\/dokdoc.eu\/wp-content\/uploads\/2025\/02\/1_imago0765986678h-scaled.jpg","type":"image\/jpeg"}],"author":"Theresa Bernemann","twitter_card":"summary_large_image","twitter_misc":{"\u00c9crit par":"RochowMedienagentur","Dur\u00e9e de lecture estim\u00e9e":"7 minutes"},"schema":{"@context":"https:\/\/schema.org","@graph":[{"@type":"Article","@id":"https:\/\/dokdoc.eu\/fr\/2025\/02\/11\/dis-moi-ou-tu-vis\/#article","isPartOf":{"@id":"https:\/\/dokdoc.eu\/fr\/2025\/02\/11\/dis-moi-ou-tu-vis\/"},"author":{"name":"RochowMedienagentur","@id":"https:\/\/dokdoc.eu\/fr\/#\/schema\/person\/d760e6e53df901fd9522f1d3a1e46621"},"headline":"Dis-moi o\u00f9 tu vis et je te dirai pour qui tu votes","datePublished":"2025-02-11T15:08:22+00:00","dateModified":"2025-02-11T15:48:39+00:00","mainEntityOfPage":{"@id":"https:\/\/dokdoc.eu\/fr\/2025\/02\/11\/dis-moi-ou-tu-vis\/"},"wordCount":1232,"publisher":{"@id":"https:\/\/dokdoc.eu\/fr\/#organization"},"image":{"@id":"https:\/\/dokdoc.eu\/fr\/2025\/02\/11\/dis-moi-ou-tu-vis\/#primaryimage"},"thumbnailUrl":"https:\/\/dokdoc.eu\/wp-content\/uploads\/2025\/02\/1_imago0765986678h-scaled.jpg","keywords":["AfD","Allemagne","anti-\u00e9litisme","anti-pluralisme","autoritarisme","composition sociod\u00e9mographique","conditions de vie locales","\u00e9lites","environnement","exclusion","immigr\u00e9s","in\u00e9galit\u00e9s spatiales","lieu de vie","m\u00e9fiance","nationalisme","nativisme","politiques publiques","populisme de droite","populisme de droite en Allemagne","r\u00e9gions rurales","r\u00e9partition spatiale","Saxe","sentiment d\u2019injustice","sous-repr\u00e9sentation","Thuringe","vote populiste","x\u00e9nophobie"],"articleSection":["Soci\u00e9t\u00e9"],"inLanguage":"fr-FR"},{"@type":"WebPage","@id":"https:\/\/dokdoc.eu\/fr\/2025\/02\/11\/dis-moi-ou-tu-vis\/","url":"https:\/\/dokdoc.eu\/fr\/2025\/02\/11\/dis-moi-ou-tu-vis\/","name":"Dis-moi o\u00f9 tu vis et je te dirai pour qui tu votes - dokdoc.eu","isPartOf":{"@id":"https:\/\/dokdoc.eu\/fr\/#website"},"primaryImageOfPage":{"@id":"https:\/\/dokdoc.eu\/fr\/2025\/02\/11\/dis-moi-ou-tu-vis\/#primaryimage"},"image":{"@id":"https:\/\/dokdoc.eu\/fr\/2025\/02\/11\/dis-moi-ou-tu-vis\/#primaryimage"},"thumbnailUrl":"https:\/\/dokdoc.eu\/wp-content\/uploads\/2025\/02\/1_imago0765986678h-scaled.jpg","datePublished":"2025-02-11T15:08:22+00:00","dateModified":"2025-02-11T15:48:39+00:00","breadcrumb":{"@id":"https:\/\/dokdoc.eu\/fr\/2025\/02\/11\/dis-moi-ou-tu-vis\/#breadcrumb"},"inLanguage":"fr-FR","potentialAction":[{"@type":"ReadAction","target":["https:\/\/dokdoc.eu\/fr\/2025\/02\/11\/dis-moi-ou-tu-vis\/"]}]},{"@type":"ImageObject","inLanguage":"fr-FR","@id":"https:\/\/dokdoc.eu\/fr\/2025\/02\/11\/dis-moi-ou-tu-vis\/#primaryimage","url":"https:\/\/dokdoc.eu\/wp-content\/uploads\/2025\/02\/1_imago0765986678h-scaled.jpg","contentUrl":"https:\/\/dokdoc.eu\/wp-content\/uploads\/2025\/02\/1_imago0765986678h-scaled.jpg","width":2560,"height":1707,"caption":"Dans le nord-est du Brandebourg (Copyright: Imago)"},{"@type":"BreadcrumbList","@id":"https:\/\/dokdoc.eu\/fr\/2025\/02\/11\/dis-moi-ou-tu-vis\/#breadcrumb","itemListElement":[{"@type":"ListItem","position":1,"name":"Startseite","item":"https:\/\/dokdoc.eu\/fr\/"},{"@type":"ListItem","position":2,"name":"Dis-moi o\u00f9 tu vis et je te dirai pour qui tu votes"}]},{"@type":"WebSite","@id":"https:\/\/dokdoc.eu\/fr\/#website","url":"https:\/\/dokdoc.eu\/fr\/","name":"dokdoc.eu","description":"","publisher":{"@id":"https:\/\/dokdoc.eu\/fr\/#organization"},"potentialAction":[{"@type":"SearchAction","target":{"@type":"EntryPoint","urlTemplate":"https:\/\/dokdoc.eu\/fr\/?s={search_term_string}"},"query-input":{"@type":"PropertyValueSpecification","valueRequired":true,"valueName":"search_term_string"}}],"inLanguage":"fr-FR"},{"@type":"Organization","@id":"https:\/\/dokdoc.eu\/fr\/#organization","name":"dokdoc.eu","url":"https:\/\/dokdoc.eu\/fr\/","logo":{"@type":"ImageObject","inLanguage":"fr-FR","@id":"https:\/\/dokdoc.eu\/fr\/#\/schema\/logo\/image\/","url":"https:\/\/dokdoc.eu\/wp-content\/uploads\/2019\/08\/cropped-logo_dokdoc-e1720795013301.png","contentUrl":"https:\/\/dokdoc.eu\/wp-content\/uploads\/2019\/08\/cropped-logo_dokdoc-e1720795013301.png","width":150,"height":110,"caption":"dokdoc.eu"},"image":{"@id":"https:\/\/dokdoc.eu\/fr\/#\/schema\/logo\/image\/"}},{"@type":"Person","@id":"https:\/\/dokdoc.eu\/fr\/#\/schema\/person\/d760e6e53df901fd9522f1d3a1e46621","name":"RochowMedienagentur","image":{"@type":"ImageObject","inLanguage":"fr-FR","@id":"https:\/\/dokdoc.eu\/wp-content\/uploads\/2019\/08\/cropped-logo_dokdoc-e1720795013301.png830075fd1c1a1f70247b47fa84cf0f00","url":"https:\/\/dokdoc.eu\/wp-content\/uploads\/2019\/08\/cropped-logo_dokdoc-e1720795013301.png","contentUrl":"https:\/\/dokdoc.eu\/wp-content\/uploads\/2019\/08\/cropped-logo_dokdoc-e1720795013301.png","caption":"RochowMedienagentur"},"sameAs":["https:\/\/dokdoc.eu"],"url":"https:\/\/dokdoc.eu\/fr\/author\/rochowmedienagentur\/"}]}},"authors":[{"term_id":762,"user_id":0,"is_guest":1,"slug":"theresa-bernemann","display_name":"Theresa Bernemann","avatar_url":{"url":"https:\/\/dokdoc.eu\/wp-content\/uploads\/2019\/08\/cropped-logo_dokdoc-e1720795013301.png","url2x":"https:\/\/dokdoc.eu\/wp-content\/uploads\/2019\/08\/cropped-logo_dokdoc-e1720795013301.png"},"0":null,"1":"","2":"","3":"","4":"","5":"","6":"","7":"","8":""}],"_links":{"self":[{"href":"https:\/\/dokdoc.eu\/fr\/wp-json\/wp\/v2\/posts\/29228","targetHints":{"allow":["GET"]}}],"collection":[{"href":"https:\/\/dokdoc.eu\/fr\/wp-json\/wp\/v2\/posts"}],"about":[{"href":"https:\/\/dokdoc.eu\/fr\/wp-json\/wp\/v2\/types\/post"}],"author":[{"embeddable":true,"href":"https:\/\/dokdoc.eu\/fr\/wp-json\/wp\/v2\/users\/1"}],"replies":[{"embeddable":true,"href":"https:\/\/dokdoc.eu\/fr\/wp-json\/wp\/v2\/comments?post=29228"}],"version-history":[{"count":3,"href":"https:\/\/dokdoc.eu\/fr\/wp-json\/wp\/v2\/posts\/29228\/revisions"}],"predecessor-version":[{"id":29249,"href":"https:\/\/dokdoc.eu\/fr\/wp-json\/wp\/v2\/posts\/29228\/revisions\/29249"}],"wp:featuredmedia":[{"embeddable":true,"href":"https:\/\/dokdoc.eu\/fr\/wp-json\/wp\/v2\/media\/29229"}],"wp:attachment":[{"href":"https:\/\/dokdoc.eu\/fr\/wp-json\/wp\/v2\/media?parent=29228"}],"wp:term":[{"taxonomy":"category","embeddable":true,"href":"https:\/\/dokdoc.eu\/fr\/wp-json\/wp\/v2\/categories?post=29228"},{"taxonomy":"post_tag","embeddable":true,"href":"https:\/\/dokdoc.eu\/fr\/wp-json\/wp\/v2\/tags?post=29228"},{"taxonomy":"author","embeddable":true,"href":"https:\/\/dokdoc.eu\/fr\/wp-json\/wp\/v2\/ppma_author?post=29228"}],"curies":[{"name":"wp","href":"https:\/\/api.w.org\/{rel}","templated":true}]}}