{"id":29243,"date":"2024-05-14T10:35:03","date_gmt":"2024-05-14T08:35:03","guid":{"rendered":"https:\/\/dokdoc.eu\/?p=29243"},"modified":"2025-02-11T16:36:00","modified_gmt":"2025-02-11T15:36:00","slug":"les-relations-franco-allemandes-meritent-mieux-que-cela","status":"publish","type":"post","link":"https:\/\/dokdoc.eu\/fr\/2024\/05\/14\/les-relations-franco-allemandes-meritent-mieux-que-cela\/","title":{"rendered":"Les relations franco-allemandes m\u00e9ritent mieux que cela !"},"content":{"rendered":"<figure id=\"attachment_27146\" aria-describedby=\"caption-attachment-27146\" style=\"width: 1024px\" class=\"wp-caption aligncenter\"><img fetchpriority=\"high\" decoding=\"async\" class=\"wp-image-27146\" src=\"https:\/\/dokdoc.eu\/wp-content\/uploads\/2024\/05\/1_imago0198186134m-300x200.jpg\" alt=\"Copyright: Imago\" width=\"1024\" height=\"683\" srcset=\"https:\/\/dokdoc.eu\/wp-content\/uploads\/2024\/05\/1_imago0198186134m-300x200.jpg 300w, https:\/\/dokdoc.eu\/wp-content\/uploads\/2024\/05\/1_imago0198186134m-768x512.jpg 768w, https:\/\/dokdoc.eu\/wp-content\/uploads\/2024\/05\/1_imago0198186134m.jpg 1000w\" sizes=\"(max-width: 1024px) 100vw, 1024px\" \/><figcaption id=\"caption-attachment-27146\" class=\"wp-caption-text\">Copyright: Imago<\/figcaption><\/figure>\n<p><strong>Quiconque s\u2019int\u00e9resse de pr\u00e8s ou de loin aux relations franco-allemandes a certainement souvent secou\u00e9 au cours des derniers mois. La mani\u00e8re dont on parle du voisin au plus haut niveau politique, mais aussi dans les d\u00e9bats publics, ne fait pas honneur \u00e0 la cause europ\u00e9enne. Tr\u00e8s souvent, Fran\u00e7ais et Allemands n\u2019ont plus qu\u2019une vision caricaturale les uns des autres. \u00a0<\/strong><!--more--><\/p>\n<p>J\u2019\u00e9coute tous les jours des \u00e9missions radio du service public fran\u00e7ais. Travaillant moi-m\u00eame comme journaliste pour des cha\u00eenes de radio publiques de l\u2019ARD, je suis tr\u00e8s envieux de la qualit\u00e9 d\u2019\u00e9missions telles que \u00ab\u00a0C dans l\u2019air\u00a0\u00bb, \u00ab\u00a0C ce soir\u00a0\u00bb, \u00ab\u00a0Affaires \u00e9trang\u00e8res\u00a0\u00bb ou \u00ab\u00a0L\u2019Esprit public\u00a0\u00bb. Mon impression est que l\u2019opinion publique fran\u00e7aise d\u00e9bat de questions complexes \u00e0 un niveau plus \u00e9lev\u00e9 qu\u2019en Allemagne \u2013 mais cela se limite peut-\u00eatre aux \u00e9missions que j\u2019ai moi-m\u00eame s\u00e9lectionn\u00e9es.<\/p>\n<p>Pourtant, ces \u00e9missions ne font malheureusement pas exception quand il s\u2019agit de porter un regard critique sur l\u2019actualit\u00e9 allemande. On a pu de nouveau le constater \u00e0 la suite des d\u00e9clarations d\u2019Emmanuel Macron en f\u00e9vrier dernier \u00e0 propos de la guerre en Ukraine\u00a0: on ne doit plus rien exclure, pas m\u00eame l\u2019envoi de troupes au sol \u2013 des propos fortement critiqu\u00e9s m\u00eame en France, Pascal Boniface allant m\u00eame jusqu\u2019\u00e0 d\u00e9clarer qu&rsquo;il ne voulait pas mourir pour le Donbass. Dans le m\u00eame temps, certains intellectuels tr\u00e8s en vue, le th\u00e9ologien et \u00e9diteur Jean-Fran\u00e7ois Colosimo par exemple, ont soutenu que le v\u00e9ritable probl\u00e8me \u00e9tait l\u2019Allemagne du fait, notamment, de son refus de livrer le <em>Taurus<\/em> \u00e0 Kiev.<\/p>\n<p>&nbsp;<\/p>\n<h2><strong>L\u2019Ukraine comme r\u00e9v\u00e9lateur<\/strong><\/h2>\n<p>\u00c0 Berlin, en revanche, politiques et journalistes n\u2019ont de cesse de rappeler qu\u2019avec environ 14,5 milliards d&rsquo;euros, l\u2019Allemagne est le pays qui, apr\u00e8s les \u00c9tats-Unis, soutient le plus l\u2019Ukraine. La France, elle, n&rsquo;arriverait qu&rsquo;en sixi\u00e8me position avec 3,8 milliards d&rsquo;euros. C\u2019est du moins ce que dit l\u2019Institut d&rsquo;\u00e9conomie mondiale de Kiel. La France ne lui fait que partiellement confiance et souligne \u00e0 l\u2019envi que l\u2019Allemagne promet beaucoup mais qu\u2019elle ne tient pas toujours ses engagements, contrairement \u00e0 Paris.<\/p>\n<figure id=\"attachment_27142\" aria-describedby=\"caption-attachment-27142\" style=\"width: 300px\" class=\"wp-caption alignleft\"><img decoding=\"async\" class=\"wp-image-27142 size-medium\" src=\"https:\/\/dokdoc.eu\/wp-content\/uploads\/2024\/05\/2_imago0445625909h-scaled-1-300x200.jpg\" alt=\"Le g\u00e9n\u00e9ral Trinquand au Salon du livre de Paris, 13 avril 2024 (Copyright : Imago)\" width=\"300\" height=\"200\" srcset=\"https:\/\/dokdoc.eu\/wp-content\/uploads\/2024\/05\/2_imago0445625909h-scaled-1-300x200.jpg 300w, https:\/\/dokdoc.eu\/wp-content\/uploads\/2024\/05\/2_imago0445625909h-scaled-1-1024x684.jpg 1024w, https:\/\/dokdoc.eu\/wp-content\/uploads\/2024\/05\/2_imago0445625909h-scaled-1-768x513.jpg 768w, https:\/\/dokdoc.eu\/wp-content\/uploads\/2024\/05\/2_imago0445625909h-scaled-1-1536x1026.jpg 1536w, https:\/\/dokdoc.eu\/wp-content\/uploads\/2024\/05\/2_imago0445625909h-scaled-1-2048x1368.jpg 2048w\" sizes=\"(max-width: 300px) 100vw, 300px\" \/><figcaption id=\"caption-attachment-27142\" class=\"wp-caption-text\">Le g\u00e9n\u00e9ral Trinquand au Salon du livre de Paris, 13 avril 2024 (Copyright : Imago)<\/figcaption><\/figure>\n<p>J\u2019ai eu r\u00e9cemment un entretien tr\u00e8s instructif avec le g\u00e9n\u00e9ral Dominique Trinquand, un militaire aux multiples d\u00e9corations et qui a travaill\u00e9 pour la France aux Nations unies, \u00e0 l\u2019OTAN et \u00e0 l\u2019Union europ\u00e9enne. Le g\u00e9n\u00e9ral Trinquand est un analyste calme et pond\u00e9r\u00e9, et qui a de surcro\u00eet la capacit\u00e9, si rare de nos jours, \u00e0 se mettre \u00e0 la place de l\u2019autre. Lui aussi m\u2019a dit que Kiel \u00e9tait en grande partie responsable des difficult\u00e9s auxquelles la relation franco-allemande \u00e9tait aujourd\u2019hui confront\u00e9e (\u00ab\u00a0Il y est pour beaucoup\u00a0\u00bb). D\u2019autres sont all\u00e9s jusqu\u2019\u00e0 s\u2019insurger : la France a mis \u00e0 la disposition de l\u2019Ukraine une grande partie de son artillerie, ainsi que des missiles de croisi\u00e8re \u00e0 longue port\u00e9e. De plus, contrairement \u00e0 la <em>Bundeswehr<\/em>, les troupes fran\u00e7aises sont engag\u00e9es dans de <em>vraies<\/em> op\u00e9rations, elles ont donc besoin de mat\u00e9riel. C\u2019est l\u00e0 que la discussion prend un tout autre caract\u00e8re.<\/p>\n<p>Ne pensez surtout pas qu\u2019en tant que Fran\u00e7ais n\u00e9 en Allemagne, je vais m\u2019\u00e9riger en d\u00e9fenseur du gouvernement f\u00e9d\u00e9ral\u00a0: lui aussi aura droit \u00e0 son lot de critiques.<\/p>\n<p>On a suffisamment insist\u00e9 sur le fait qu\u2019Angela Merkel n\u2019avait pas r\u00e9pondu au premier discours de la Sorbonne, laissant le Pr\u00e9sident sur sa faim. L\u2019actuel gouvernement n\u2019a pas contribu\u00e9 non plus au d\u00e9gel tant attendu. C\u2019est l\u2019incompr\u00e9hension, voire m\u00eame le d\u00e9sint\u00e9r\u00eat, qui semble aujourd\u2019hui dominer. Tout le contraire des \u00e9lites fran\u00e7aises, comme j\u2019ai pu le remarquer \u00e0 plusieurs reprises \u00e0 Paris. Monique Dagnaud, chercheuse en sciences sociales avec qui je discutais r\u00e9cemment de la formation des \u00e9lites fran\u00e7aises, me dit apr\u00e8s notre entretien\u00a0: \u00ab\u00a0L&rsquo;Allemagne est une \u00e9nigme pour nous\u00a0\u00bb. Journaliste au <em>Monde<\/em>, Sylvie Kaufmann me dit m\u00eame qu\u2019\u00e0 Paris, elle observait une v\u00e9ritable <em>obsession<\/em> \u00e0 vouloir comprendre les Allemands.<\/p>\n<p>&nbsp;<\/p>\n<figure id=\"attachment_27143\" aria-describedby=\"caption-attachment-27143\" style=\"width: 211px\" class=\"wp-caption alignleft\"><img decoding=\"async\" class=\"size-medium wp-image-27143\" src=\"https:\/\/dokdoc.eu\/wp-content\/uploads\/2024\/05\/3-211x300.jpg\" alt=\"Sylvie Kauffmann (Copyright: Wikimedia Commons)\" width=\"211\" height=\"300\" srcset=\"https:\/\/dokdoc.eu\/wp-content\/uploads\/2024\/05\/3-211x300.jpg 211w, https:\/\/dokdoc.eu\/wp-content\/uploads\/2024\/05\/3-722x1024.jpg 722w, https:\/\/dokdoc.eu\/wp-content\/uploads\/2024\/05\/3-768x1090.jpg 768w, https:\/\/dokdoc.eu\/wp-content\/uploads\/2024\/05\/3.jpg 800w\" sizes=\"(max-width: 211px) 100vw, 211px\" \/><figcaption id=\"caption-attachment-27143\" class=\"wp-caption-text\">Sylvie Kauffmann (Copyright: Wikimedia Commons)<\/figcaption><\/figure>\n<h2><strong>Se parlent-ils encore\u00a0?<\/strong><\/h2>\n<p>Les deux parties semblent souvent s\u2019ignorer, voire m\u00eame ne plus communiquer. En avril 2023, dans l\u2019avion qui le ramenait de Chine, Macron a d\u00e9clar\u00e9 que l\u2019Europe devait devenir un troisi\u00e8me p\u00f4le dans le monde multipolaire, aux c\u00f4t\u00e9s des \u00c9tats-Unis et de la Chine \u2013 et qu\u2019elle ne devait pas devenir le vassal de Washington. Nombreux furent alors ceux qui, \u00e0 Berlin, en eurent le souffle coup\u00e9. Pas l\u2019un d\u2019entre eux n\u2019a toutefois indiqu\u00e9 comment ils comptaient soutenir Ta\u00efwan en cas de blocus maritime. Ce faisant, une chose est de nouveau clairement apparue lors de la visite du chancelier Scholz \u00e0 Paris en avril dernier\u00a0: l\u2019importance de la Chine pour l\u2019industrie allemande.<\/p>\n<p>La guerre de Gaza donne elle aussi \u00e0 voir de nombreuses incompr\u00e9hensions franco-allemandes. Apr\u00e8s l\u2019attaque du 7 octobre, Macron a cherch\u00e9 \u00e0 former une alliance anti-Hamas\u00a0et a d\u00fb essuyer un cuisant \u00e9chec. Mi-novembre, le pr\u00e9sident fran\u00e7ais s\u2019est prononc\u00e9 en faveur d\u2019un cessez-le-feu\u00a0; la ministre allemande des Affaires \u00e9trang\u00e8res, Annalena Baerbock s\u2019y est promptement oppos\u00e9e. D\u00e9but d\u00e9cembre, Macron a demand\u00e9 aux autorit\u00e9s isra\u00e9liennes de d\u00e9finir leurs objectifs militaires \u00e0 Gaza. Peu apr\u00e8s, Robert Habeck, le ministre de l\u2019\u00c9conomie, a d\u00e9clar\u00e9 dans une \u00e9mission de t\u00e9l\u00e9vision tr\u00e8s populaire en Allemagne (<em>Anne Will<\/em>, 2007-2023)\u00a0: \u00ab\u00a0Je ne sais pas o\u00f9 Macron voulait exactement en venir. S\u2019il voulait dire par-l\u00e0 qu\u2019Isra\u00ebl doit accepter les bombardements du Hamas, je ne partage pas son avis\u00a0\u00bb. De deux choses l\u2019une\u00a0: soit Habeck voulait nuire \u00e0 son au pr\u00e9sident fran\u00e7ais, soit il ne l\u2019a pas compris.<\/p>\n<p>Ce furent ensuite les d\u00e9clarations de Macron concernant l\u2019envoi \u00e9ventuel de troupes au sol en Ukraine. Une grande partie de l\u2019opinion publique allemande y a vu une tentative du pr\u00e9sident fran\u00e7ais de plonger l\u2019Europe dans la guerre. L\u00e0 encore, rares furent ceux qui tent\u00e8rent de comprendre le point de vue fran\u00e7ais. La politologue Lova Rinel (Fondation pour la Recherche Strat\u00e9gique) a compar\u00e9 les propos de Macron \u00e0 une sc\u00e8ne de la deuxi\u00e8me partie de la s\u00e9rie <em>Harry Potter<\/em>, \u00ab\u00a0La Chambre des Secrets\u00a0\u00bb. Dans cette sc\u00e8ne, Harry parle \u00e0 un serpent en Fourchelang, une langue que seuls lui et le m\u00e9chant Lord Voldemort comprennent. Harry tente d&#8217;emp\u00eacher le serpent d\u2019attaquer un \u00e9l\u00e8ve, mais le public ne comprend pas ce qui se passe. Au lieu de cela, les camarades de classe de Harry pensent qu\u2019il cherche \u00e0 exciter le serpent. La comparaison est on ne peut plus pertinente\u00a0: les puissances nucl\u00e9aires parlent une langue que beaucoup, en Allemagne et dans le reste de l\u2019Europe, ne comprennent pas. Ce que Macron a voulu faire, c&rsquo;est de montrer \u00e0 Poutine qu\u2019il ne veut certes pas aller jusqu\u2019\u00e0 prendre pareille d\u00e9cision mais que s\u2019il le fallait, il aurait les moyens de le faire. L&rsquo;Allemagne n\u2019a pas r\u00e9ussi \u00e0 faire passer ce message, peut-\u00eatre par que c\u2019\u00e9tait moins risqu\u00e9 mais peut-\u00eatre aussi par peur des cons\u00e9quences. Il n\u2019en reste qu\u2019en France aussi, de nombreux citoyens s&rsquo;interrogent sur la strat\u00e9gie de leur pr\u00e9sident.<\/p>\n<p>&nbsp;<\/p>\n<h2><strong>Sur l\u2019\u00e9nergie, des dissonances pouss\u00e9es \u00e0 l\u2019extr\u00eame<\/strong><\/h2>\n<figure id=\"attachment_27144\" aria-describedby=\"caption-attachment-27144\" style=\"width: 1024px\" class=\"wp-caption aligncenter\"><img loading=\"lazy\" decoding=\"async\" class=\"wp-image-27144\" src=\"https:\/\/dokdoc.eu\/wp-content\/uploads\/2024\/05\/4-1-300x225.jpg\" alt=\"Vue sur Nogent-sur-Seine (Copyright: Wikimedia Commons)\" width=\"1024\" height=\"768\" srcset=\"https:\/\/dokdoc.eu\/wp-content\/uploads\/2024\/05\/4-1-300x225.jpg 300w, https:\/\/dokdoc.eu\/wp-content\/uploads\/2024\/05\/4-1-1024x768.jpg 1024w, https:\/\/dokdoc.eu\/wp-content\/uploads\/2024\/05\/4-1-768x576.jpg 768w, https:\/\/dokdoc.eu\/wp-content\/uploads\/2024\/05\/4-1.jpg 1200w\" sizes=\"(max-width: 1024px) 100vw, 1024px\" \/><figcaption id=\"caption-attachment-27144\" class=\"wp-caption-text\">Vue sur Nogent-sur-Seine (Copyright: Wikimedia Commons)<\/figcaption><\/figure>\n<p>Il semble malheureusement que les accusations mutuelles, les malentendus et les insinuations ne vont pas en diminuant. Cela fait maintenant des ann\u00e9es que les deux amis ne parviennent pas \u00e0 mettre un terme \u00e0 leur dispute pour ce qui est de la classification du nucl\u00e9aire. Certains Fran\u00e7ais sont d\u2019avis que les Allemands cherchent \u00e0 affaiblir la fili\u00e8re fran\u00e7aise et qu\u2019il leur est pr\u00e9f\u00e9rable de continuer \u00e0 polluer avec leurs centrales \u00e0 gaz et \u00e0 charbon. Le r\u00e9cit prend. Je me suis r\u00e9cemment rendu dans la ville de Nogent-sur-Seine (6000 habitants), au sud-est de Paris, une ville qui profite de la centrale situ\u00e9e sur la Seine depuis les ann\u00e9es 80. C\u2019est l\u00e0 que le propri\u00e9taire d\u2019un magasin d&rsquo;outillage m\u2019a dit : \u00ab\u00a0Gr\u00e2ce au nucl\u00e9aire, je payais 50 euros par mois d\u2019\u00e9lectricit\u00e9\u00a0; \u00e0 cause de l&rsquo;Allemagne, je devrai bient\u00f4t en d\u00e9bourser 200. Vive l&rsquo;Europe\u00a0!\u00a0\u00bb Un sentiment dont les extr\u00eames, le Rassemblement national, a fait son lit\u00a0!<\/p>\n<p>Repassons le Rhin. Pour l\u2019avoir couvert, je me souviens tr\u00e8s bien du congr\u00e8s des Verts organis\u00e9 \u00e0 Bonn en octobre 2022. Il avait \u00e9t\u00e9 organis\u00e9 peu apr\u00e8s que le gouvernement f\u00e9d\u00e9ral a d\u00e9cid\u00e9 de prolonger de quatre mois le fonctionnement des trois derni\u00e8res centrales nucl\u00e9aires du pays. Durant tout le congr\u00e8s, il n\u2019a \u00e9t\u00e9 question que d\u2019une seule chose\u00a0: le nucl\u00e9aire fran\u00e7ais. Ce n\u2019est pas parce que la moiti\u00e9 des 56 centrales fran\u00e7aises ont \u00e9t\u00e9 ferm\u00e9es cet \u00e9t\u00e9 qu\u2019il faut renoncer \u00e0 prendre une d\u00e9cision qui fera date dans l\u2019histoire du parti et \u00e0 ne pas acter la fermeture de nos derni\u00e8res centrales. C\u2019est ce que j\u2019ai entendu\u00a0! Un d\u00e9bat constructif ressemble \u00e0 autre chose, me dit Camille Defard. Experte en \u00e9nergie \u00e0 l\u2019Institut Jacques Delors de Paris, elle affirme que la France et l\u2019Allemagne pourraient constituer l\u2019\u00e9pine dorsale du secteur \u00e9nerg\u00e9tique europ\u00e9en\u00a0: l\u2019Allemagne du fait du niveau qu\u2019elle a atteint dans les \u00e9nergies renouvelables, la France dans le nucl\u00e9aire.<\/p>\n<p>&nbsp;<\/p>\n<h2><strong>Construire des ponts <\/strong><\/h2>\n<p>L\u2019\u00e9nergie n\u2019est qu\u2019un exemple parmi d\u2019autres. Berlin ne fait finalement que rarement des propositions et quand c&rsquo;est le cas, personne n\u2019entend le chancelier. Ainsi le discours sur l\u2019Europe qu\u2019il a donn\u00e9 \u00e0 Prague en ao\u00fbt 2022. Alors que Berlin rechigne encore \u00e0 discuter publiquement de ce qui pourrait advenir dans le cas o\u00f9 Donald Trump viendrait \u00e0 \u00eatre r\u00e9\u00e9lu, Macron lui parle depuis des ann\u00e9es de souverainet\u00e9 europ\u00e9enne. Et le pr\u00e9sident fran\u00e7ais va de plus en plus loin\u00a0: son souhait \u00ab\u00a0d&rsquo;ouvrir le d\u00e9bat\u00a0\u00bb d&rsquo;une d\u00e9fense europ\u00e9enne qui comprendrait aussi l\u2019arme nucl\u00e9aire s\u2019inscrit dans cette dynamique. Au Bundestag, nombreux sont ceux qui pensent qu\u2019il s\u2019agit l\u00e0 d\u2019une offre empoisonn\u00e9e. Leur conviction\u00a0: Macron veut en r\u00e9alit\u00e9 que Berlin paie pour l\u2019arsenal fran\u00e7ais. Pourtant, il n\u2019est ni question de partager la d\u00e9cision ultime, ni les co\u00fbts qui sont li\u00e9s \u00e0 l\u2019arme nucl\u00e9aire. Macron se situe plut\u00f4t dans le sillage de ces pr\u00e9d\u00e9cesseurs, dont le G\u00e9n\u00e9ral de Gaulle qui d\u00e9clara un jour\u00a0: \u00ab\u00a0La France se sentira menac\u00e9e d\u00e9s lors que l\u2019Allemagne le sera\u00a0\u00bb.<\/p>\n<p>La France et l\u2019Allemagne sont tout \u00e0 fait en droit d\u2019avoir des int\u00e9r\u00eats diff\u00e9rents. Mais ce qu\u2019il faut \u00e0 tout prix \u00e9viter, c\u2019est de sombrer dans la m\u00e9diocrit\u00e9, de caricaturer l\u2019autre ou bien encore de le rejeter. Emmanuel Macron et Olaf Scholz sont certes diff\u00e9rents. Mais quel autre chef de gouvernement ou d\u2019\u00c9tat europ\u00e9en est capable de tenir un discours tel celui qu\u2019il a donn\u00e9 \u00e0 la Sorbonne\u00a0? Et si on change la perspective\u00a0: dans certaines parties du monde, en Afrique en particulier, le style allemand, plus discret, est mieux per\u00e7u que la \u00ab\u00a0diplomatie du m\u00e9gaphone\u00a0\u00bb pratiqu\u00e9e par la France. L\u00e0 encore, les deux pourraient utilement se compl\u00e9ter.<\/p>\n<p>Les d\u00e9cideurs politiques ne sont pas les seuls \u00e0 qui je souhaite ici m\u2019adresser\u00a0:\u00a0 professionnels des m\u00e9dias et scientifiques devraient \u00e9galement en tenir compte lorsqu&rsquo;il s&rsquo;agit de pr\u00e9parer une \u00e9mission ou un d\u00e9bat. Nombreux sont les experts qui s\u2019efforcent de comprendre les deux c\u00f4t\u00e9s, qui parlent les deux langues et qui peuvent et veulent \u0153uvrer \u00e0 une meilleure connaissance de l\u2019autre. Au lieu de s\u2019invectiver par-dessus le Rhin, il conviendrait de leur donner la chance de construire des ponts intellectuels par-dessus le fleuve.<\/p>\n<p>&nbsp;<\/p>\n<p style=\"text-align: right;\"><em>Cette contribution fait partie d\u2019une discussion ouverte par <\/em><a href=\"https:\/\/dokdoc.eu\/politik\/22685\/warum-frankreich-mit-dem-deutsch-franzoesischen-paar-schluss-machen-muss\/\"><em>G\u00e9rard Araud<\/em><\/a><em> et <\/em><a href=\"https:\/\/dokdoc.eu\/fr\/politique\/22726\/une-revendication-qui-ne-profite-a-personne-reponse-a-gerard-araud\/\"><em>Ulrike Franke<\/em><\/a><em>. Elle sera poursuivie au cours des prochaines semaines.<\/em><\/p>\n<p><strong>\u00a0<\/strong><\/p>\n<h2><strong>L\u2019auteur<\/strong><\/h2>\n<figure id=\"attachment_27145\" aria-describedby=\"caption-attachment-27145\" style=\"width: 300px\" class=\"wp-caption alignleft\"><img loading=\"lazy\" decoding=\"async\" class=\"size-medium wp-image-27145\" src=\"https:\/\/dokdoc.eu\/wp-content\/uploads\/2024\/05\/5-scaled-1-300x200.jpg\" alt=\"Jean-Marie Magro (Copyright: Jean-Marie Magro)\" width=\"300\" height=\"200\" srcset=\"https:\/\/dokdoc.eu\/wp-content\/uploads\/2024\/05\/5-scaled-1-300x200.jpg 300w, https:\/\/dokdoc.eu\/wp-content\/uploads\/2024\/05\/5-scaled-1-1024x681.jpg 1024w, https:\/\/dokdoc.eu\/wp-content\/uploads\/2024\/05\/5-scaled-1-768x511.jpg 768w, https:\/\/dokdoc.eu\/wp-content\/uploads\/2024\/05\/5-scaled-1-1536x1022.jpg 1536w, https:\/\/dokdoc.eu\/wp-content\/uploads\/2024\/05\/5-scaled-1-2048x1362.jpg 2048w\" sizes=\"(max-width: 300px) 100vw, 300px\" \/><figcaption id=\"caption-attachment-27145\" class=\"wp-caption-text\">Jean-Marie Magro (Copyright: Jean-Marie Magro)<\/figcaption><\/figure>\n<p><em>N\u00e9 \u00e0 Munich, Jean-Marie Magro a une m\u00e8re allemande et un p\u00e8re fran\u00e7ais. Il a grandi \u00e0 Munich, y a \u00e9tudi\u00e9 l\u2019\u00e9conomie et y a \u00e9galement suivi les cours de l\u2019\u00c9cole allemande de journalisme. Il travaille comme reporter radio au service politique de la cha\u00eene de radio Bayerischer Rundfunk. Dans ses reportages, features et interviews, il traite principalement de sujets relevant de la politique \u00e9trang\u00e8re, avec une attention particuli\u00e8re pour la France. <\/em><\/p>\n<p>&nbsp;<\/p>\n<h2><\/h2>\n","protected":false},"excerpt":{"rendered":"<p>Quiconque s\u2019int\u00e9resse de pr\u00e8s ou de loin aux relations franco-allemandes a certainement souvent secou\u00e9 au cours des derniers mois. La mani\u00e8re dont on parle du voisin au plus haut niveau politique, mais aussi dans les d\u00e9bats publics, ne fait pas honneur \u00e0 la cause europ\u00e9enne. Tr\u00e8s souvent, Fran\u00e7ais et Allemands n\u2019ont plus qu\u2019une vision caricaturale [&hellip;]<\/p>\n","protected":false},"author":1,"featured_media":27146,"comment_status":"closed","ping_status":"closed","sticky":true,"template":"","format":"standard","meta":{"om_disable_all_campaigns":false,"_monsterinsights_skip_tracking":false,"_monsterinsights_sitenote_active":false,"_monsterinsights_sitenote_note":"","_monsterinsights_sitenote_category":0,"_uf_show_specific_survey":0,"_uf_disable_surveys":false,"footnotes":""},"categories":[114],"tags":[],"ppma_author":[608],"class_list":["post-29243","post","type-post","status-publish","format-standard","has-post-thumbnail","hentry","category-politique-fr-2"],"yoast_head":"<!-- This site is optimized with the Yoast SEO plugin v27.5 - https:\/\/yoast.com\/product\/yoast-seo-wordpress\/ -->\n<title>Les relations franco-allemandes m\u00e9ritent mieux que cela ! - dokdoc.eu<\/title>\n<meta name=\"robots\" content=\"index, follow, max-snippet:-1, max-image-preview:large, max-video-preview:-1\" \/>\n<link rel=\"canonical\" href=\"https:\/\/dokdoc.eu\/fr\/2024\/05\/14\/les-relations-franco-allemandes-meritent-mieux-que-cela\/\" \/>\n<meta property=\"og:locale\" content=\"fr_FR\" \/>\n<meta property=\"og:type\" content=\"article\" \/>\n<meta property=\"og:title\" content=\"Les relations franco-allemandes m\u00e9ritent mieux que cela ! - dokdoc.eu\" \/>\n<meta property=\"og:description\" content=\"Quiconque s\u2019int\u00e9resse de pr\u00e8s ou de loin aux relations franco-allemandes a certainement souvent secou\u00e9 au cours des derniers mois. La mani\u00e8re dont on parle du voisin au plus haut niveau politique, mais aussi dans les d\u00e9bats publics, ne fait pas honneur \u00e0 la cause europ\u00e9enne. Tr\u00e8s souvent, Fran\u00e7ais et Allemands n\u2019ont plus qu\u2019une vision caricaturale [&hellip;]\" \/>\n<meta property=\"og:url\" content=\"https:\/\/dokdoc.eu\/fr\/2024\/05\/14\/les-relations-franco-allemandes-meritent-mieux-que-cela\/\" \/>\n<meta property=\"og:site_name\" content=\"dokdoc.eu\" \/>\n<meta property=\"article:published_time\" content=\"2024-05-14T08:35:03+00:00\" \/>\n<meta property=\"article:modified_time\" content=\"2025-02-11T15:36:00+00:00\" \/>\n<meta property=\"og:image\" content=\"https:\/\/dokdoc.eu\/wp-content\/uploads\/2024\/05\/1_imago0198186134m.jpg\" \/>\n\t<meta property=\"og:image:width\" content=\"1000\" \/>\n\t<meta property=\"og:image:height\" content=\"667\" \/>\n\t<meta property=\"og:image:type\" content=\"image\/jpeg\" \/>\n<meta name=\"author\" content=\"Jean-Marie Magro\" \/>\n<meta name=\"twitter:card\" content=\"summary_large_image\" \/>\n<meta name=\"twitter:label1\" content=\"\u00c9crit par\" \/>\n\t<meta name=\"twitter:data1\" content=\"RochowMedienagentur\" \/>\n\t<meta name=\"twitter:label2\" content=\"Dur\u00e9e de lecture estim\u00e9e\" \/>\n\t<meta name=\"twitter:data2\" content=\"12 minutes\" \/>\n<script type=\"application\/ld+json\" class=\"yoast-schema-graph\">{\"@context\":\"https:\\\/\\\/schema.org\",\"@graph\":[{\"@type\":\"Article\",\"@id\":\"https:\\\/\\\/dokdoc.eu\\\/fr\\\/2024\\\/05\\\/14\\\/les-relations-franco-allemandes-meritent-mieux-que-cela\\\/#article\",\"isPartOf\":{\"@id\":\"https:\\\/\\\/dokdoc.eu\\\/fr\\\/2024\\\/05\\\/14\\\/les-relations-franco-allemandes-meritent-mieux-que-cela\\\/\"},\"author\":{\"name\":\"RochowMedienagentur\",\"@id\":\"https:\\\/\\\/dokdoc.eu\\\/fr\\\/#\\\/schema\\\/person\\\/d760e6e53df901fd9522f1d3a1e46621\"},\"headline\":\"Les relations franco-allemandes m\u00e9ritent mieux que cela !\",\"datePublished\":\"2024-05-14T08:35:03+00:00\",\"dateModified\":\"2025-02-11T15:36:00+00:00\",\"mainEntityOfPage\":{\"@id\":\"https:\\\/\\\/dokdoc.eu\\\/fr\\\/2024\\\/05\\\/14\\\/les-relations-franco-allemandes-meritent-mieux-que-cela\\\/\"},\"wordCount\":2244,\"publisher\":{\"@id\":\"https:\\\/\\\/dokdoc.eu\\\/fr\\\/#organization\"},\"image\":{\"@id\":\"https:\\\/\\\/dokdoc.eu\\\/fr\\\/2024\\\/05\\\/14\\\/les-relations-franco-allemandes-meritent-mieux-que-cela\\\/#primaryimage\"},\"thumbnailUrl\":\"https:\\\/\\\/dokdoc.eu\\\/wp-content\\\/uploads\\\/2024\\\/05\\\/1_imago0198186134m.jpg\",\"articleSection\":[\"Politique\"],\"inLanguage\":\"fr-FR\"},{\"@type\":\"WebPage\",\"@id\":\"https:\\\/\\\/dokdoc.eu\\\/fr\\\/2024\\\/05\\\/14\\\/les-relations-franco-allemandes-meritent-mieux-que-cela\\\/\",\"url\":\"https:\\\/\\\/dokdoc.eu\\\/fr\\\/2024\\\/05\\\/14\\\/les-relations-franco-allemandes-meritent-mieux-que-cela\\\/\",\"name\":\"Les relations franco-allemandes m\u00e9ritent mieux que cela ! - dokdoc.eu\",\"isPartOf\":{\"@id\":\"https:\\\/\\\/dokdoc.eu\\\/fr\\\/#website\"},\"primaryImageOfPage\":{\"@id\":\"https:\\\/\\\/dokdoc.eu\\\/fr\\\/2024\\\/05\\\/14\\\/les-relations-franco-allemandes-meritent-mieux-que-cela\\\/#primaryimage\"},\"image\":{\"@id\":\"https:\\\/\\\/dokdoc.eu\\\/fr\\\/2024\\\/05\\\/14\\\/les-relations-franco-allemandes-meritent-mieux-que-cela\\\/#primaryimage\"},\"thumbnailUrl\":\"https:\\\/\\\/dokdoc.eu\\\/wp-content\\\/uploads\\\/2024\\\/05\\\/1_imago0198186134m.jpg\",\"datePublished\":\"2024-05-14T08:35:03+00:00\",\"dateModified\":\"2025-02-11T15:36:00+00:00\",\"breadcrumb\":{\"@id\":\"https:\\\/\\\/dokdoc.eu\\\/fr\\\/2024\\\/05\\\/14\\\/les-relations-franco-allemandes-meritent-mieux-que-cela\\\/#breadcrumb\"},\"inLanguage\":\"fr-FR\",\"potentialAction\":[{\"@type\":\"ReadAction\",\"target\":[\"https:\\\/\\\/dokdoc.eu\\\/fr\\\/2024\\\/05\\\/14\\\/les-relations-franco-allemandes-meritent-mieux-que-cela\\\/\"]}]},{\"@type\":\"ImageObject\",\"inLanguage\":\"fr-FR\",\"@id\":\"https:\\\/\\\/dokdoc.eu\\\/fr\\\/2024\\\/05\\\/14\\\/les-relations-franco-allemandes-meritent-mieux-que-cela\\\/#primaryimage\",\"url\":\"https:\\\/\\\/dokdoc.eu\\\/wp-content\\\/uploads\\\/2024\\\/05\\\/1_imago0198186134m.jpg\",\"contentUrl\":\"https:\\\/\\\/dokdoc.eu\\\/wp-content\\\/uploads\\\/2024\\\/05\\\/1_imago0198186134m.jpg\",\"width\":1000,\"height\":667,\"caption\":\"Copyright: Imago\"},{\"@type\":\"BreadcrumbList\",\"@id\":\"https:\\\/\\\/dokdoc.eu\\\/fr\\\/2024\\\/05\\\/14\\\/les-relations-franco-allemandes-meritent-mieux-que-cela\\\/#breadcrumb\",\"itemListElement\":[{\"@type\":\"ListItem\",\"position\":1,\"name\":\"Startseite\",\"item\":\"https:\\\/\\\/dokdoc.eu\\\/fr\\\/\"},{\"@type\":\"ListItem\",\"position\":2,\"name\":\"Les relations franco-allemandes m\u00e9ritent mieux que cela !\"}]},{\"@type\":\"WebSite\",\"@id\":\"https:\\\/\\\/dokdoc.eu\\\/fr\\\/#website\",\"url\":\"https:\\\/\\\/dokdoc.eu\\\/fr\\\/\",\"name\":\"dokdoc.eu\",\"description\":\"\",\"publisher\":{\"@id\":\"https:\\\/\\\/dokdoc.eu\\\/fr\\\/#organization\"},\"potentialAction\":[{\"@type\":\"SearchAction\",\"target\":{\"@type\":\"EntryPoint\",\"urlTemplate\":\"https:\\\/\\\/dokdoc.eu\\\/fr\\\/?s={search_term_string}\"},\"query-input\":{\"@type\":\"PropertyValueSpecification\",\"valueRequired\":true,\"valueName\":\"search_term_string\"}}],\"inLanguage\":\"fr-FR\"},{\"@type\":\"Organization\",\"@id\":\"https:\\\/\\\/dokdoc.eu\\\/fr\\\/#organization\",\"name\":\"dokdoc.eu\",\"url\":\"https:\\\/\\\/dokdoc.eu\\\/fr\\\/\",\"logo\":{\"@type\":\"ImageObject\",\"inLanguage\":\"fr-FR\",\"@id\":\"https:\\\/\\\/dokdoc.eu\\\/fr\\\/#\\\/schema\\\/logo\\\/image\\\/\",\"url\":\"https:\\\/\\\/dokdoc.eu\\\/wp-content\\\/uploads\\\/2019\\\/08\\\/cropped-logo_dokdoc-e1720795013301.png\",\"contentUrl\":\"https:\\\/\\\/dokdoc.eu\\\/wp-content\\\/uploads\\\/2019\\\/08\\\/cropped-logo_dokdoc-e1720795013301.png\",\"width\":150,\"height\":110,\"caption\":\"dokdoc.eu\"},\"image\":{\"@id\":\"https:\\\/\\\/dokdoc.eu\\\/fr\\\/#\\\/schema\\\/logo\\\/image\\\/\"}},{\"@type\":\"Person\",\"@id\":\"https:\\\/\\\/dokdoc.eu\\\/fr\\\/#\\\/schema\\\/person\\\/d760e6e53df901fd9522f1d3a1e46621\",\"name\":\"RochowMedienagentur\",\"image\":{\"@type\":\"ImageObject\",\"inLanguage\":\"fr-FR\",\"@id\":\"https:\\\/\\\/dokdoc.eu\\\/wp-content\\\/uploads\\\/2019\\\/08\\\/cropped-logo_dokdoc-e1720795013301.png830075fd1c1a1f70247b47fa84cf0f00\",\"url\":\"https:\\\/\\\/dokdoc.eu\\\/wp-content\\\/uploads\\\/2019\\\/08\\\/cropped-logo_dokdoc-e1720795013301.png\",\"contentUrl\":\"https:\\\/\\\/dokdoc.eu\\\/wp-content\\\/uploads\\\/2019\\\/08\\\/cropped-logo_dokdoc-e1720795013301.png\",\"caption\":\"RochowMedienagentur\"},\"sameAs\":[\"https:\\\/\\\/dokdoc.eu\"],\"url\":\"https:\\\/\\\/dokdoc.eu\\\/fr\\\/author\\\/rochowmedienagentur\\\/\"}]}<\/script>\n<!-- \/ Yoast SEO plugin. -->","yoast_head_json":{"title":"Les relations franco-allemandes m\u00e9ritent mieux que cela ! - dokdoc.eu","robots":{"index":"index","follow":"follow","max-snippet":"max-snippet:-1","max-image-preview":"max-image-preview:large","max-video-preview":"max-video-preview:-1"},"canonical":"https:\/\/dokdoc.eu\/fr\/2024\/05\/14\/les-relations-franco-allemandes-meritent-mieux-que-cela\/","og_locale":"fr_FR","og_type":"article","og_title":"Les relations franco-allemandes m\u00e9ritent mieux que cela ! - dokdoc.eu","og_description":"Quiconque s\u2019int\u00e9resse de pr\u00e8s ou de loin aux relations franco-allemandes a certainement souvent secou\u00e9 au cours des derniers mois. La mani\u00e8re dont on parle du voisin au plus haut niveau politique, mais aussi dans les d\u00e9bats publics, ne fait pas honneur \u00e0 la cause europ\u00e9enne. Tr\u00e8s souvent, Fran\u00e7ais et Allemands n\u2019ont plus qu\u2019une vision caricaturale [&hellip;]","og_url":"https:\/\/dokdoc.eu\/fr\/2024\/05\/14\/les-relations-franco-allemandes-meritent-mieux-que-cela\/","og_site_name":"dokdoc.eu","article_published_time":"2024-05-14T08:35:03+00:00","article_modified_time":"2025-02-11T15:36:00+00:00","og_image":[{"width":1000,"height":667,"url":"https:\/\/dokdoc.eu\/wp-content\/uploads\/2024\/05\/1_imago0198186134m.jpg","type":"image\/jpeg"}],"author":"Jean-Marie Magro","twitter_card":"summary_large_image","twitter_misc":{"\u00c9crit par":"RochowMedienagentur","Dur\u00e9e de lecture estim\u00e9e":"12 minutes"},"schema":{"@context":"https:\/\/schema.org","@graph":[{"@type":"Article","@id":"https:\/\/dokdoc.eu\/fr\/2024\/05\/14\/les-relations-franco-allemandes-meritent-mieux-que-cela\/#article","isPartOf":{"@id":"https:\/\/dokdoc.eu\/fr\/2024\/05\/14\/les-relations-franco-allemandes-meritent-mieux-que-cela\/"},"author":{"name":"RochowMedienagentur","@id":"https:\/\/dokdoc.eu\/fr\/#\/schema\/person\/d760e6e53df901fd9522f1d3a1e46621"},"headline":"Les relations franco-allemandes m\u00e9ritent mieux que cela !","datePublished":"2024-05-14T08:35:03+00:00","dateModified":"2025-02-11T15:36:00+00:00","mainEntityOfPage":{"@id":"https:\/\/dokdoc.eu\/fr\/2024\/05\/14\/les-relations-franco-allemandes-meritent-mieux-que-cela\/"},"wordCount":2244,"publisher":{"@id":"https:\/\/dokdoc.eu\/fr\/#organization"},"image":{"@id":"https:\/\/dokdoc.eu\/fr\/2024\/05\/14\/les-relations-franco-allemandes-meritent-mieux-que-cela\/#primaryimage"},"thumbnailUrl":"https:\/\/dokdoc.eu\/wp-content\/uploads\/2024\/05\/1_imago0198186134m.jpg","articleSection":["Politique"],"inLanguage":"fr-FR"},{"@type":"WebPage","@id":"https:\/\/dokdoc.eu\/fr\/2024\/05\/14\/les-relations-franco-allemandes-meritent-mieux-que-cela\/","url":"https:\/\/dokdoc.eu\/fr\/2024\/05\/14\/les-relations-franco-allemandes-meritent-mieux-que-cela\/","name":"Les relations franco-allemandes m\u00e9ritent mieux que cela ! - dokdoc.eu","isPartOf":{"@id":"https:\/\/dokdoc.eu\/fr\/#website"},"primaryImageOfPage":{"@id":"https:\/\/dokdoc.eu\/fr\/2024\/05\/14\/les-relations-franco-allemandes-meritent-mieux-que-cela\/#primaryimage"},"image":{"@id":"https:\/\/dokdoc.eu\/fr\/2024\/05\/14\/les-relations-franco-allemandes-meritent-mieux-que-cela\/#primaryimage"},"thumbnailUrl":"https:\/\/dokdoc.eu\/wp-content\/uploads\/2024\/05\/1_imago0198186134m.jpg","datePublished":"2024-05-14T08:35:03+00:00","dateModified":"2025-02-11T15:36:00+00:00","breadcrumb":{"@id":"https:\/\/dokdoc.eu\/fr\/2024\/05\/14\/les-relations-franco-allemandes-meritent-mieux-que-cela\/#breadcrumb"},"inLanguage":"fr-FR","potentialAction":[{"@type":"ReadAction","target":["https:\/\/dokdoc.eu\/fr\/2024\/05\/14\/les-relations-franco-allemandes-meritent-mieux-que-cela\/"]}]},{"@type":"ImageObject","inLanguage":"fr-FR","@id":"https:\/\/dokdoc.eu\/fr\/2024\/05\/14\/les-relations-franco-allemandes-meritent-mieux-que-cela\/#primaryimage","url":"https:\/\/dokdoc.eu\/wp-content\/uploads\/2024\/05\/1_imago0198186134m.jpg","contentUrl":"https:\/\/dokdoc.eu\/wp-content\/uploads\/2024\/05\/1_imago0198186134m.jpg","width":1000,"height":667,"caption":"Copyright: Imago"},{"@type":"BreadcrumbList","@id":"https:\/\/dokdoc.eu\/fr\/2024\/05\/14\/les-relations-franco-allemandes-meritent-mieux-que-cela\/#breadcrumb","itemListElement":[{"@type":"ListItem","position":1,"name":"Startseite","item":"https:\/\/dokdoc.eu\/fr\/"},{"@type":"ListItem","position":2,"name":"Les relations franco-allemandes m\u00e9ritent mieux que cela !"}]},{"@type":"WebSite","@id":"https:\/\/dokdoc.eu\/fr\/#website","url":"https:\/\/dokdoc.eu\/fr\/","name":"dokdoc.eu","description":"","publisher":{"@id":"https:\/\/dokdoc.eu\/fr\/#organization"},"potentialAction":[{"@type":"SearchAction","target":{"@type":"EntryPoint","urlTemplate":"https:\/\/dokdoc.eu\/fr\/?s={search_term_string}"},"query-input":{"@type":"PropertyValueSpecification","valueRequired":true,"valueName":"search_term_string"}}],"inLanguage":"fr-FR"},{"@type":"Organization","@id":"https:\/\/dokdoc.eu\/fr\/#organization","name":"dokdoc.eu","url":"https:\/\/dokdoc.eu\/fr\/","logo":{"@type":"ImageObject","inLanguage":"fr-FR","@id":"https:\/\/dokdoc.eu\/fr\/#\/schema\/logo\/image\/","url":"https:\/\/dokdoc.eu\/wp-content\/uploads\/2019\/08\/cropped-logo_dokdoc-e1720795013301.png","contentUrl":"https:\/\/dokdoc.eu\/wp-content\/uploads\/2019\/08\/cropped-logo_dokdoc-e1720795013301.png","width":150,"height":110,"caption":"dokdoc.eu"},"image":{"@id":"https:\/\/dokdoc.eu\/fr\/#\/schema\/logo\/image\/"}},{"@type":"Person","@id":"https:\/\/dokdoc.eu\/fr\/#\/schema\/person\/d760e6e53df901fd9522f1d3a1e46621","name":"RochowMedienagentur","image":{"@type":"ImageObject","inLanguage":"fr-FR","@id":"https:\/\/dokdoc.eu\/wp-content\/uploads\/2019\/08\/cropped-logo_dokdoc-e1720795013301.png830075fd1c1a1f70247b47fa84cf0f00","url":"https:\/\/dokdoc.eu\/wp-content\/uploads\/2019\/08\/cropped-logo_dokdoc-e1720795013301.png","contentUrl":"https:\/\/dokdoc.eu\/wp-content\/uploads\/2019\/08\/cropped-logo_dokdoc-e1720795013301.png","caption":"RochowMedienagentur"},"sameAs":["https:\/\/dokdoc.eu"],"url":"https:\/\/dokdoc.eu\/fr\/author\/rochowmedienagentur\/"}]}},"authors":[{"term_id":608,"user_id":0,"is_guest":1,"slug":"jean-marie-magro","display_name":"Jean-Marie Magro","avatar_url":{"url":"https:\/\/dokdoc.eu\/wp-content\/uploads\/2025\/11\/5-klein-3.jpg","url2x":"https:\/\/dokdoc.eu\/wp-content\/uploads\/2025\/11\/5-klein-3.jpg"},"0":null,"1":"","2":"","3":"","4":"","5":"","6":"","7":"","8":""}],"_links":{"self":[{"href":"https:\/\/dokdoc.eu\/fr\/wp-json\/wp\/v2\/posts\/29243","targetHints":{"allow":["GET"]}}],"collection":[{"href":"https:\/\/dokdoc.eu\/fr\/wp-json\/wp\/v2\/posts"}],"about":[{"href":"https:\/\/dokdoc.eu\/fr\/wp-json\/wp\/v2\/types\/post"}],"author":[{"embeddable":true,"href":"https:\/\/dokdoc.eu\/fr\/wp-json\/wp\/v2\/users\/1"}],"replies":[{"embeddable":true,"href":"https:\/\/dokdoc.eu\/fr\/wp-json\/wp\/v2\/comments?post=29243"}],"version-history":[{"count":1,"href":"https:\/\/dokdoc.eu\/fr\/wp-json\/wp\/v2\/posts\/29243\/revisions"}],"predecessor-version":[{"id":29244,"href":"https:\/\/dokdoc.eu\/fr\/wp-json\/wp\/v2\/posts\/29243\/revisions\/29244"}],"wp:featuredmedia":[{"embeddable":true,"href":"https:\/\/dokdoc.eu\/fr\/wp-json\/wp\/v2\/media\/27146"}],"wp:attachment":[{"href":"https:\/\/dokdoc.eu\/fr\/wp-json\/wp\/v2\/media?parent=29243"}],"wp:term":[{"taxonomy":"category","embeddable":true,"href":"https:\/\/dokdoc.eu\/fr\/wp-json\/wp\/v2\/categories?post=29243"},{"taxonomy":"post_tag","embeddable":true,"href":"https:\/\/dokdoc.eu\/fr\/wp-json\/wp\/v2\/tags?post=29243"},{"taxonomy":"author","embeddable":true,"href":"https:\/\/dokdoc.eu\/fr\/wp-json\/wp\/v2\/ppma_author?post=29243"}],"curies":[{"name":"wp","href":"https:\/\/api.w.org\/{rel}","templated":true}]}}