{"id":29266,"date":"2024-09-18T15:53:05","date_gmt":"2024-09-18T13:53:05","guid":{"rendered":"https:\/\/dokdoc.eu\/?p=29266"},"modified":"2025-02-14T09:49:02","modified_gmt":"2025-02-14T08:49:02","slug":"cest-la-securite-de-lallemagne-que-lon-met-est-en-danger","status":"publish","type":"post","link":"https:\/\/dokdoc.eu\/fr\/2024\/09\/18\/cest-la-securite-de-lallemagne-que-lon-met-est-en-danger\/","title":{"rendered":"\u201eC\u2019est la s\u00e9curit\u00e9 de l\u2019Allemagne que l\u2019on met est en danger\u201c"},"content":{"rendered":"<figure id=\"attachment_27298\" aria-describedby=\"caption-attachment-27298\" style=\"width: 1024px\" class=\"wp-caption aligncenter\"><img fetchpriority=\"high\" decoding=\"async\" class=\"wp-image-27298\" src=\"https:\/\/dokdoc.eu\/wp-content\/uploads\/2024\/09\/1_csm_20221019_zeitenwende_mainz_2611__1__f4b079e13d-scaled-1-300x214.jpg\" alt=\"\" width=\"1024\" height=\"732\" srcset=\"https:\/\/dokdoc.eu\/wp-content\/uploads\/2024\/09\/1_csm_20221019_zeitenwende_mainz_2611__1__f4b079e13d-scaled-1-300x214.jpg 300w, https:\/\/dokdoc.eu\/wp-content\/uploads\/2024\/09\/1_csm_20221019_zeitenwende_mainz_2611__1__f4b079e13d-scaled-1-1024x732.jpg 1024w, https:\/\/dokdoc.eu\/wp-content\/uploads\/2024\/09\/1_csm_20221019_zeitenwende_mainz_2611__1__f4b079e13d-scaled-1-768x549.jpg 768w, https:\/\/dokdoc.eu\/wp-content\/uploads\/2024\/09\/1_csm_20221019_zeitenwende_mainz_2611__1__f4b079e13d-scaled-1-1536x1097.jpg 1536w, https:\/\/dokdoc.eu\/wp-content\/uploads\/2024\/09\/1_csm_20221019_zeitenwende_mainz_2611__1__f4b079e13d-scaled-1-2048x1463.jpg 2048w\" sizes=\"(max-width: 1024px) 100vw, 1024px\" \/><figcaption id=\"caption-attachment-27298\" class=\"wp-caption-text\">Christoph Heusgen (Copyright: MSC\/Kuhlmann)<\/figcaption><\/figure>\n<p><strong>Christoph Heusgen a \u00e9t\u00e9 pendant treize ans conseiller diplomatique d\u2019Angela Merkel Merkel. Il est aujourd\u2019hui pr\u00e9sident de la prestigieuse Conf\u00e9rence de Munich sur la s\u00e9curit\u00e9. Dans un entretien avec dokdoc, il jette un regard sur les relations franco-allemandes et revient sur la situation en Ukraine, la Zeitenwende ainsi que la politique du chancelier Scholz. <\/strong><!--more--><\/p>\n<p>&nbsp;<\/p>\n<p><em>dokodoc : Monsieur l&rsquo;ambassadeur, vous avez c\u00f4toy\u00e9 plusieurs pr\u00e9sidents fran\u00e7ais de pr\u00e8s, de Jacques Chirac \u00e0 Emmanuel Macron, en passant par Nicolas Sarkozy et Fran\u00e7ois Hollande. Qu&rsquo;est-ce qui vous a particuli\u00e8rement frapp\u00e9 chez Emmanuel Macron ?<\/em><\/p>\n<p>&nbsp;<\/p>\n<p>Christoph Heusgen : j\u2019ai rencontr\u00e9 Emmanuel Macron lorsqu\u2019il \u00e9tait conseiller \u00e9conomique du pr\u00e9sident Hollande et il m\u2019a tout de suite fait une tr\u00e8s bonne impression. J\u2019ai aussi tr\u00e8s vite compris qu\u2019il est plein d&rsquo;\u00e9nergie, impatient et mu par la volont\u00e9 d\u2019agir.<\/p>\n<p>&nbsp;<\/p>\n<p><em>dokdoc : dans votre livre publi\u00e9 en 2023 (NDLR\u00a0: \u00ab\u00a0F\u00fchrung und Verantwortung\u00a0\u00bb), vous d\u00eetes : \u00ab\u00a0En politique \u00e9trang\u00e8re, Macron s\u2019est montr\u00e9 moins engag\u00e9 sur l&rsquo;Europe\u00a0\u00bb. Qu\u2019entendez-vous par-l\u00e0\u00a0?<\/em><\/p>\n<p>&nbsp;<\/p>\n<p>Heusgen : \u00e7a ne semble effectivement pas tr\u00e8s logique. Lorsqu\u2019Emmanuel Macron est devenu pr\u00e9sident, j&rsquo;\u00e9tais ambassadeur aupr\u00e8s des Nations unies. J&rsquo;ai \u00e9t\u00e9 surpris de constater que c\u2019\u00e9tait pr\u00e9cis\u00e9ment la France qui freinait des quatre fers lorsqu&rsquo;il s&rsquo;agissait de faire entendre la voix de l&rsquo;Europe. Cela n&rsquo;a gu\u00e8re chang\u00e9 depuis. Les \u00c9tats d\u2019Afrique par exemple ont toujours trois membres au Conseil de s\u00e9curit\u00e9\u00a0: eux parlent d&rsquo;une seule voix sur la plupart des dossiers, alors que nous autres, Europ\u00e9ens, ne pouvons le faire, notamment en raison des r\u00e9ticences fran\u00e7aises.<\/p>\n<p>&nbsp;<\/p>\n<p><em>dokdoc : dans son premier discours de la Sorbonne, le pr\u00e9sident Macron avait pourtant plaid\u00e9 pour une Europe forte, capable de jouer un r\u00f4le de poids sur la sc\u00e8ne internationale.\u00a0 <\/em><\/p>\n<p>&nbsp;<\/p>\n<p>Heusgen : ce discours est tr\u00e8s riche mais si vous y regardez de plus pr\u00e8s, vous verrez qu&rsquo;il visait avant tout \u00e0 instaurer une union financi\u00e8re europ\u00e9enne, un ministre europ\u00e9en des finances, et c&rsquo;est pr\u00e9cis\u00e9ment l\u00e0 que l&rsquo;impatience de Macron lui a jou\u00e9 un tour. La chanceli\u00e8re attendait que le pr\u00e9sident fasse d&rsquo;abord des r\u00e9formes en France, ce qui lui aurait ensuite permis d\u2019obtenir plus facilement une majorit\u00e9 au Bundestag. Avec un peu plus de patience, il aurait certainement \u00e9t\u00e9 possible d\u2019obtenir beaucoup plus, si l&rsquo;on excepte le fonds Corona.<\/p>\n<p>&nbsp;<\/p>\n<p><em>dokdoc : vous \u00eates particuli\u00e8rement prudent s\u2019agissant de la politique fran\u00e7aise d\u2019Angela Merkel. La chanceli\u00e8re a-t-elle fait ce qu&rsquo;il fallait, Helmut Schmidt dirait, ce qui \u00e9tait n\u00e9cessaire\u00a0?<\/em><\/p>\n<p>&nbsp;<\/p>\n<p>Heusgen : j\u2018ai accompagn\u00e9 la chanceli\u00e8re pendant douze ans. Je me souviens tr\u00e8s bien de sa premi\u00e8re journ\u00e9e dans ses nouvelles fonctions. Tout le monde s&rsquo;attendait \u00e0 ce qu&rsquo;elle aille en Grande-Bretagne voir son ami Tony Blair. Elle ne l\u2019a pas fait, mais s&rsquo;est rendue \u00e0 Paris. Les relations franco-allemandes \u2013 elle le tient de Helmut Kohl \u2013 ont toujours \u00e9t\u00e9 sa priorit\u00e9 : en mati\u00e8re de politique russe, o\u00f9 l&rsquo;Allemagne et la France ont r\u00e9ussi en 2014-2015 \u00e0 stopper l\u2019agression de Moscou \u2013 m\u00eame si cela n\u2019a finalement \u00e9t\u00e9 que temporaire, comme on le sait depuis le 24 f\u00e9vrier 2022. Mais aussi, pour prendre un autre exemple, au moment de la crise financi\u00e8re\u00a0: la chanceli\u00e8re a toujours essay\u00e9 de travailler \u00e0 une position commune avec Paris. Elle a donc fait de mon point de vue, et pour rester avec Helmut Schmidt, ce qui \u00e9tait n\u00e9cessaire mais elle a aussi, et cela est important, forg\u00e9 de v\u00e9ritables compromis franco-allemands qui ont ensuite, comme dans le cas du fonds Corona, ouvert la voie au niveau europ\u00e9en.<\/p>\n<p>&nbsp;<\/p>\n<figure id=\"attachment_27296\" aria-describedby=\"caption-attachment-27296\" style=\"width: 1024px\" class=\"wp-caption aligncenter\"><img decoding=\"async\" class=\"wp-image-27296\" src=\"https:\/\/dokdoc.eu\/wp-content\/uploads\/2024\/09\/2_Bruessel_17.03.2016-scaled-1-300x176.jpg\" alt=\"Bruxelles, 17 mars 2016\" width=\"1024\" height=\"601\" srcset=\"https:\/\/dokdoc.eu\/wp-content\/uploads\/2024\/09\/2_Bruessel_17.03.2016-scaled-1-300x176.jpg 300w, https:\/\/dokdoc.eu\/wp-content\/uploads\/2024\/09\/2_Bruessel_17.03.2016-scaled-1-1024x601.jpg 1024w, https:\/\/dokdoc.eu\/wp-content\/uploads\/2024\/09\/2_Bruessel_17.03.2016-scaled-1-768x451.jpg 768w, https:\/\/dokdoc.eu\/wp-content\/uploads\/2024\/09\/2_Bruessel_17.03.2016-scaled-1-1536x902.jpg 1536w, https:\/\/dokdoc.eu\/wp-content\/uploads\/2024\/09\/2_Bruessel_17.03.2016-scaled-1-2048x1202.jpg 2048w\" sizes=\"(max-width: 1024px) 100vw, 1024px\" \/><figcaption id=\"caption-attachment-27296\" class=\"wp-caption-text\">Bruxelles, 17 mars 2016 (Copyright: Depositphoto)<\/figcaption><\/figure>\n<p>&nbsp;<\/p>\n<p><em>dokdoc : vous d\u00eetes dans votre livre\u00a0: \u00ab la relation franco-allemande est depuis toujours la condition sine qua non au fonctionnement de l&rsquo;UE\u00a0\u00bb. Que se passerait-il si les difficult\u00e9s auxquelles la France est aux prises sur le plan int\u00e9rieur l\u2019emp\u00eachait d\u2019agir sur une longue p\u00e9riode ?<\/em><\/p>\n<p>&nbsp;<\/p>\n<p>Heusgen : Emmanuel Macron et Olaf Scholz sont certes fragilis\u00e9s mais il ne faut pas en conclure qu\u2019ils ne peuvent plus prendre d\u2019initiatives communes. Je pense notamment \u00e0 la Russie\u00a0: ici, il serait important que les deux pays agissent de concert, ainsi que nous l&rsquo;avons fait il y a dix ans.<\/p>\n<p>&nbsp;<\/p>\n<p><em>dokdoc : \u00ab\u00a0nous ne pouvons pas nous permettre d\u2019attendre trop longtemps si la France est occup\u00e9e avec elle-m\u00eame\u00a0\u00bb, a r\u00e9cemment d\u00e9clar\u00e9 un ancien poids lourd de la politique allemande. Sa proposition : l&rsquo;Allemagne doit maintenant consolider ses relations avec d\u2019autres pays et travailler \u00e0 faire avancer l&rsquo;UE dans des domaines choisis. L&rsquo;Allemagne peut-elle exercer un leadership en Europe ? Rares sont ceux qui y croient encore aujourd\u2019hui. Que faire dans ce cas ? Ne serait-il pas temps de reconna\u00eetre que l&rsquo;Allemagne ne veut pas, ne peut pas et n&rsquo;assumera pas ce r\u00f4le ?<\/em><\/p>\n<p>&nbsp;<\/p>\n<p>Heusgen : j\u2019ai justement \u00e9crit un livre sur ces questions, sur le fait que l\u2019Allemagne doit maintenant faire preuve de leadership, \u00eatre \u00e0 la hauteur de ses responsabilit\u00e9s et ne plus se d\u00e9rober. Je pense donc qu&rsquo;il serait important que Berlin prenne l\u2019initiative. Ce n&rsquo;est pas comme s&rsquo;il y avait encore des r\u00e9ticences quant au leadership allemand ; cette \u00e9poque est r\u00e9volue. Bien s\u00fbr, le lien avec les \u00c9tats-Unis reste important et il est bon que les Am\u00e9ricains s&rsquo;engagent une nouvelle fois en Europe pour assurer la s\u00e9curit\u00e9 du continent. Mais il ne faut pas partir du principe que cela toujours le cas. Se cacher derri\u00e8re les Am\u00e9ricains, n\u2019est pas la solution. Nous, c\u2019est-\u00e0-dire l&rsquo;Allemagne et la France, devons penser de mani\u00e8re beaucoup plus europ\u00e9enne en mati\u00e8re de politique de s\u00e9curit\u00e9, de concert avec les Britanniques. Ce n&rsquo;est malheureusement pas le cas. Et c\u2019est maintenant \u00e0 un pays comme les Pays-Bas d\u2019en tirer les cons\u00e9quences et de lever ses restrictions quant \u00e0 l\u2019utilisation des armes fournies l&rsquo;Ukraine, au lieu que ce soit la Grande-Bretagne, l&rsquo;Allemagne et la France qui le fassent.<\/p>\n<p>&nbsp;<\/p>\n<p><em>dokdoc : apr\u00e8s l&rsquo;\u00e9lection de Joe Biden, de nombreux observateurs et analystes fran\u00e7ais ont parl\u00e9 d&rsquo;un possible \u00ab\u00a0effet d&rsquo;anesth\u00e9sie\u00a0\u00bb : Scholz allait se tourner d\u00e9sormais davantage vers les \u00c9tats-Unis et d\u00e9laisser le projet d\u2019autonomie europ\u00e9enne. La guerre contre l&rsquo;Ukraine a montr\u00e9 que l&rsquo;analyse n&rsquo;\u00e9tait pas fausse. Pourquoi le chancelier a-t-il toujours autant de mal \u00e0 penser et agir en Europ\u00e9en ?<\/em><\/p>\n<p><em>\u00a0<\/em><\/p>\n<p>Heusgen : le chancelier n&rsquo;a pas seulement du mal \u00e0 agir en Europ\u00e9en. Il a aussi du mal \u00e0 s\u2019affirmer et \u00e0 agir avec d\u00e9termination dans le domaine de la s\u00e9curit\u00e9 et de la d\u00e9fense. Le discours de la <em>Zeitenwende<\/em> devant le <em>Bundestag<\/em> \u00e9tait certes juste et empreint de courage. Deux ans plus tard, on voit n\u00e9anmoins que le rythme est encore trop lent. Le Fonds sp\u00e9cial allou\u00e9 \u00e0 la <em>Bundeswehr<\/em> \u00e9tait une bonne mesure, mais nous avons \u00e9galement besoin \u00e0 long terme d&rsquo;une augmentation du budget de la d\u00e9fense.<\/p>\n<p>&nbsp;<\/p>\n<p><em>dokdoc : d\u2019autres au sein du gouvernement montrent pourtant que c\u2019est possible\u2026<\/em><\/p>\n<figure id=\"attachment_27297\" aria-describedby=\"caption-attachment-27297\" style=\"width: 1024px\" class=\"wp-caption aligncenter\"><img decoding=\"async\" class=\"wp-image-27297\" src=\"https:\/\/dokdoc.eu\/wp-content\/uploads\/2024\/09\/3_Depositphotos_658257816_XL-scaled-1-300x200.jpg\" alt=\"Ministre de la D\u00e9fense Boris Pistorius, 23 mai 2023\" width=\"1024\" height=\"683\" srcset=\"https:\/\/dokdoc.eu\/wp-content\/uploads\/2024\/09\/3_Depositphotos_658257816_XL-scaled-1-300x200.jpg 300w, https:\/\/dokdoc.eu\/wp-content\/uploads\/2024\/09\/3_Depositphotos_658257816_XL-scaled-1-1024x683.jpg 1024w, https:\/\/dokdoc.eu\/wp-content\/uploads\/2024\/09\/3_Depositphotos_658257816_XL-scaled-1-768x512.jpg 768w, https:\/\/dokdoc.eu\/wp-content\/uploads\/2024\/09\/3_Depositphotos_658257816_XL-scaled-1-1536x1024.jpg 1536w, https:\/\/dokdoc.eu\/wp-content\/uploads\/2024\/09\/3_Depositphotos_658257816_XL-scaled-1-2048x1366.jpg 2048w\" sizes=\"(max-width: 1024px) 100vw, 1024px\" \/><figcaption id=\"caption-attachment-27297\" class=\"wp-caption-text\">Ministre de la D\u00e9fense Boris Pistorius, 23 mai 2023 (Copyright: Depositphotos)<\/figcaption><\/figure>\n<p>&nbsp;<\/p>\n<p>Heusgen : vous pensez \u00e0 Boris Pistorius ? Pistorius est clair sur toutes ces questions, il est tr\u00e8s actif et agit sur le terrain. C\u2019est la raison pour laquelle il est tr\u00e8s populaire, non seulement \u00e0 l&rsquo;Ouest, mais aussi \u00e0 l\u2019Est. Cela montre bien que ce que les gens attendent, c\u2019est ce leadership et cette fa\u00e7on de communiquer.<\/p>\n<p>&nbsp;<\/p>\n<p><em>dokdoc : la campagne \u00e9lectorale en Saxe, en Thuringe et dans le Brandebourg a une fois de plus mis en \u00e9vidence ce qui diff\u00e9rencie l\u2019Est de l\u2019Ouest, principalement pour des raisons historiques. Quelles cons\u00e9quences ces diff\u00e9rences ont-elles sur la conduite des affaires \u00e9trang\u00e8res \u2013 et au final, la volont\u00e9 de l\u2019Allemagne de s\u2019engager sur la sc\u00e8ne internationale\u00a0? La question est rarement abord\u00e9e en France.<\/em><\/p>\n<p>&nbsp;<\/p>\n<p>Heusgen : nombreux sont ceux, qui \u00e0 l\u2019Est de l\u2019Allemagne, placent la question de la paix avant celle de la s\u00e9curit\u00e9 \u2013 pour des raisons historiques, vous avez raison de le souligner. Mais c&rsquo;est aussi li\u00e9 \u00e0 la communication ambivalente de la SPD sur l\u2019Ukraine. Il manque aujourd\u2019hui un message clair, celui-l\u00e0 m\u00eame que le chancelier avait pourtant fait passer dans son discours sur la <em>Zeitenwende<\/em>. On r\u00e9colte toujours ce que l\u2019on s\u00e8me et c\u2019est que l\u2019on voit aujourd\u2019hui du fait de l\u2019absence d\u2019une ligne claire face \u00e0 l\u2019agression russe. Cela a des cons\u00e9quences dramatiques, surtout \u00e0 l&rsquo;Est. Il faudrait que le chancelier communique de fa\u00e7on beaucoup plus claire sur la menace que repr\u00e9sente la Russie.<\/p>\n<p>&nbsp;<\/p>\n<p><em>dokdoc : vous appelez \u00e0 une paix de n\u00e9gociation. L&rsquo;histoire montre pourtant que Poutine n\u2019a que faire des accords et autres arrangements internationaux\u00a0: on l\u2019a vu avec les accords de Minsk. Que proposez-vous\u00a0? Comment faire pour que l\u2019Ukraine puisse ouvrir de telles n\u00e9gociations dans une position de force\u00a0? Avons-nous une strat\u00e9gie pour y parvenir\u00a0? <\/em><\/p>\n<p>&nbsp;<\/p>\n<p>Heusgen : je pense qu&rsquo;il est absolument justifi\u00e9 de r\u00e9fl\u00e9chir nuit et jour \u00e0 la fa\u00e7on de parvenir \u00e0 une paix n\u00e9goci\u00e9e. Nous le devons aux personnes qui se battent chaque jour pour la survie de leur pays et qui, indirectement, d\u00e9fendent notre libert\u00e9. C\u2019est la raison pour laquelle nous ne pouvons nous permettre de faire preuve de r\u00e9ticences quant \u00e0 la livraison d\u2019armes \u00e0 l\u2019Ukraine. Car une chose est claire : on ne peut n\u00e9gocier avec succ\u00e8s avec la Russie que si l\u2019on op\u00e8re depuis une position de force. Et oui : l\u2019histoire nous enseigne que Moscou ne respecte aucun accord, les accords de Minsk le montrent. Un trait\u00e9 de paix devra \u00eatre n\u00e9cessairement \u00eatre assorti de garanties allant bien au-del\u00e0 de celles qui ont \u00e9t\u00e9 donn\u00e9es \u00e0 l&rsquo;Ukraine en 1994. Dans ce contexte, je pense qu&rsquo;il est indispensable que Kiev int\u00e8gre l\u2019OTAN, afin que Poutine, s\u2019il lui prenait \u00e0 nouveau l&rsquo;envie de lancer une guerre de conqu\u00eate, soit aussit\u00f4t confront\u00e9 au feu de l\u2019Alliance, dans sa globalit\u00e9.<\/p>\n<p>&nbsp;<\/p>\n<p><em>dokdoc : les sommes d\u00e9volues au budget de la d\u00e9fense devraient rester constantes au cours des trois prochaines ann\u00e9es, le grand \u00ab\u00a0bond en avant\u00a0\u00bb intervenant en 2028 avec un budget de 80 milliards d&rsquo;euros. Certains experts parlent d&rsquo;un \u00ab\u00a0\u00e9chec\u00a0\u00bb et expliquent que cette politique pourrait avoir des cons\u00e9quences graves, non seulement pour l&rsquo;Ukraine, mais aussi pour toute l&rsquo;Europe. Partagez-vous cette opinion\u00a0?<\/em><\/p>\n<p><em>\u00a0<\/em><\/p>\n<p>Heusgen : nous atteignons cette ann\u00e9e l\u2019objectif des 2 % gr\u00e2ce au Fonds sp\u00e9cial allou\u00e9 \u00e0 la <em>Bundeswehr<\/em>. Mais sa dur\u00e9e est limit\u00e9e et lorsqu\u2019il arrivera \u00e0 \u00e9ch\u00e9ance, nous serons renvoy\u00e9s au budget tel qu\u2019il \u00e9tait jusqu\u2019alors, \u00e0 savoir environ 1,5 %. Avec ce budget, c\u2019est la s\u00e9curit\u00e9 de l&rsquo;Allemagne que l\u2019on met en danger. Je pense que la d\u00e9fense, la s\u00e9curit\u00e9 et la libert\u00e9 sont plus importantes que le respect du frein \u00e0 l\u2019endettement (NDLR\u00a0: <em>Schuldenbremse<\/em>). Poutine dit explicitement que son objectif est de restaurer l&#8217;empire russe. Cela signifie qu&rsquo;il menace ouvertement d&rsquo;attaquer les \u00c9tats baltes ou le territoire de l&rsquo;OTAN. C\u2019est irresponsable de ne pas agir en cons\u00e9quence, de pratiquer la politique de l&rsquo;autruche et d\u2019esp\u00e9rer que le prochain gouvernement rem\u00e9diera \u00e0 cela. Nous devons d\u00e8s \u00e0 pr\u00e9sent avoir un dialogue courageux et ouvert sur nos priorit\u00e9s budg\u00e9taires et la valeur de notre s\u00e9curit\u00e9.<\/p>\n<p>&nbsp;<\/p>\n<p><em>dokdoc : Monsieur l&rsquo;ambassadeur, vous aimez parler fran\u00e7ais. Avez-vous encore l&rsquo;occasion de le faire ?<\/em><\/p>\n<p>&nbsp;<\/p>\n<p>Heusgen : Pour moi, c\u2019est toujours un grand plaisir de parler fran\u00e7ais, notamment avec mes amis Maurice Gourdault-Montagne, Jean-David Levitte, Jacques Audibert, et Philippe \u00c9tienne. Durant nos \u00e9changes, nous nous sommes toujours battus pour savoir quelle langue on allait parler. Mes amis fran\u00e7ais ont toujours insist\u00e9 pour parler allemand, et moi, fran\u00e7ais. Aujourd\u2019hui, nous sommes toujours en contact. Nous avons toujours eu une relation de confiance entre conseillers et \u00e7a, c\u2019est la meilleure base de travail\u00a0!<\/p>\n<p>&nbsp;<\/p>\n<p style=\"text-align: right;\"><em>Interview : Landry Charrier<\/em><\/p>\n<p><strong>\u00a0<\/strong><\/p>\n<h2><strong>Notre invit\u00e9<\/strong><\/h2>\n<p><em>L\u2019ambassadeur Christoph Heusgen est pr\u00e9sident de la Conf\u00e9rence de Munich sur la s\u00e9curit\u00e9 (MSC) depuis 2022. Il est entr\u00e9 au service des affaires \u00e9trang\u00e8res en 1980. Apr\u00e8s avoir travaill\u00e9 au consulat allemand de Chicago et \u00e0 l&rsquo;ambassade d&rsquo;Allemagne \u00e0 Paris, il a \u00e9t\u00e9 nomm\u00e9 en 1988 conseiller personnel du coordinateur de la coop\u00e9ration franco-allemande. De 1993 \u00e0 1997, il a travaill\u00e9 au bureau minist\u00e9riel du ministre des Affaires \u00e9trang\u00e8res Klaus Kinkel. Il a ensuite pris la t\u00eate de la sous-direction Europe du minist\u00e8re des Affaires \u00e9trang\u00e8res (1997-1999). De 1999 \u00e0 2005, Christoph Heusgen a dirig\u00e9 l&rsquo;\u00e9quipe politique du Haut Repr\u00e9sentant pour la politique \u00e9trang\u00e8re et de s\u00e9curit\u00e9 de l\u2019UE, Javier Solana. Entre 2005 et 2017, il a conseill\u00e9 la Chanceli\u00e8re Merkel sur les questions de politique \u00e9trang\u00e8re et de s\u00e9curit\u00e9 et a dirig\u00e9 le d\u00e9partement de politique \u00e9trang\u00e8re de la Chancellerie f\u00e9d\u00e9rale en tant que directeur minist\u00e9riel. Avant de prendre la pr\u00e9sidence du MSC, l\u2019ambassadeur Heusgen a \u00e9t\u00e9 repr\u00e9sentant permanent de la R\u00e9publique f\u00e9d\u00e9rale d&rsquo;Allemagne aupr\u00e8s des Nations unies \u00e0 New York (2017-2021). Il a \u00e9galement pr\u00e9sid\u00e9 le Conseil de s\u00e9curit\u00e9 de l&rsquo;ONU en avril 2019 et juillet 2020.<\/em><\/p>\n","protected":false},"excerpt":{"rendered":"<p>Christoph Heusgen a \u00e9t\u00e9 pendant treize ans conseiller diplomatique d\u2019Angela Merkel Merkel. Il est aujourd\u2019hui pr\u00e9sident de la prestigieuse Conf\u00e9rence de Munich sur la s\u00e9curit\u00e9. Dans un entretien avec dokdoc, il jette un regard sur les relations franco-allemandes et revient sur la situation en Ukraine, la Zeitenwende ainsi que la politique du chancelier Scholz.<\/p>\n","protected":false},"author":1,"featured_media":27298,"comment_status":"closed","ping_status":"closed","sticky":true,"template":"","format":"standard","meta":{"om_disable_all_campaigns":false,"_monsterinsights_skip_tracking":false,"_monsterinsights_sitenote_active":false,"_monsterinsights_sitenote_note":"","_monsterinsights_sitenote_category":0,"_uf_show_specific_survey":0,"_uf_disable_surveys":false,"footnotes":""},"categories":[114],"tags":[173,756],"ppma_author":[624],"class_list":["post-29266","post","type-post","status-publish","format-standard","has-post-thumbnail","hentry","category-politique-fr-2","tag-macron-fr","tag-merkel-fr"],"yoast_head":"<!-- This site is optimized with the Yoast SEO plugin v27.5 - https:\/\/yoast.com\/product\/yoast-seo-wordpress\/ -->\n<title>\u201eC\u2019est la s\u00e9curit\u00e9 de l\u2019Allemagne que l\u2019on met est en danger\u201c - dokdoc.eu<\/title>\n<meta name=\"robots\" content=\"index, follow, max-snippet:-1, max-image-preview:large, max-video-preview:-1\" \/>\n<link rel=\"canonical\" href=\"https:\/\/dokdoc.eu\/fr\/2024\/09\/18\/cest-la-securite-de-lallemagne-que-lon-met-est-en-danger\/\" \/>\n<meta property=\"og:locale\" content=\"fr_FR\" \/>\n<meta property=\"og:type\" content=\"article\" \/>\n<meta property=\"og:title\" content=\"\u201eC\u2019est la s\u00e9curit\u00e9 de l\u2019Allemagne que l\u2019on met est en danger\u201c - dokdoc.eu\" \/>\n<meta property=\"og:description\" content=\"Christoph Heusgen a \u00e9t\u00e9 pendant treize ans conseiller diplomatique d\u2019Angela Merkel Merkel. Il est aujourd\u2019hui pr\u00e9sident de la prestigieuse Conf\u00e9rence de Munich sur la s\u00e9curit\u00e9. Dans un entretien avec dokdoc, il jette un regard sur les relations franco-allemandes et revient sur la situation en Ukraine, la Zeitenwende ainsi que la politique du chancelier Scholz.\" \/>\n<meta property=\"og:url\" content=\"https:\/\/dokdoc.eu\/fr\/2024\/09\/18\/cest-la-securite-de-lallemagne-que-lon-met-est-en-danger\/\" \/>\n<meta property=\"og:site_name\" content=\"dokdoc.eu\" \/>\n<meta property=\"article:published_time\" content=\"2024-09-18T13:53:05+00:00\" \/>\n<meta property=\"article:modified_time\" content=\"2025-02-14T08:49:02+00:00\" \/>\n<meta property=\"og:image\" content=\"https:\/\/dokdoc.eu\/wp-content\/uploads\/2024\/09\/1_csm_20221019_zeitenwende_mainz_2611__1__f4b079e13d-scaled-1.jpg\" \/>\n\t<meta property=\"og:image:width\" content=\"2560\" \/>\n\t<meta property=\"og:image:height\" content=\"1829\" \/>\n\t<meta property=\"og:image:type\" content=\"image\/jpeg\" \/>\n<meta name=\"author\" content=\"Christoph Heusgen\" \/>\n<meta name=\"twitter:card\" content=\"summary_large_image\" \/>\n<meta name=\"twitter:label1\" content=\"\u00c9crit par\" \/>\n\t<meta name=\"twitter:data1\" content=\"RochowMedienagentur\" \/>\n\t<meta name=\"twitter:label2\" content=\"Dur\u00e9e de lecture estim\u00e9e\" \/>\n\t<meta name=\"twitter:data2\" content=\"13 minutes\" \/>\n<script type=\"application\/ld+json\" class=\"yoast-schema-graph\">{\"@context\":\"https:\\\/\\\/schema.org\",\"@graph\":[{\"@type\":\"Article\",\"@id\":\"https:\\\/\\\/dokdoc.eu\\\/fr\\\/2024\\\/09\\\/18\\\/cest-la-securite-de-lallemagne-que-lon-met-est-en-danger\\\/#article\",\"isPartOf\":{\"@id\":\"https:\\\/\\\/dokdoc.eu\\\/fr\\\/2024\\\/09\\\/18\\\/cest-la-securite-de-lallemagne-que-lon-met-est-en-danger\\\/\"},\"author\":{\"name\":\"RochowMedienagentur\",\"@id\":\"https:\\\/\\\/dokdoc.eu\\\/fr\\\/#\\\/schema\\\/person\\\/d760e6e53df901fd9522f1d3a1e46621\"},\"headline\":\"\u201eC\u2019est la s\u00e9curit\u00e9 de l\u2019Allemagne que l\u2019on met est en danger\u201c\",\"datePublished\":\"2024-09-18T13:53:05+00:00\",\"dateModified\":\"2025-02-14T08:49:02+00:00\",\"mainEntityOfPage\":{\"@id\":\"https:\\\/\\\/dokdoc.eu\\\/fr\\\/2024\\\/09\\\/18\\\/cest-la-securite-de-lallemagne-que-lon-met-est-en-danger\\\/\"},\"wordCount\":2364,\"publisher\":{\"@id\":\"https:\\\/\\\/dokdoc.eu\\\/fr\\\/#organization\"},\"image\":{\"@id\":\"https:\\\/\\\/dokdoc.eu\\\/fr\\\/2024\\\/09\\\/18\\\/cest-la-securite-de-lallemagne-que-lon-met-est-en-danger\\\/#primaryimage\"},\"thumbnailUrl\":\"https:\\\/\\\/dokdoc.eu\\\/wp-content\\\/uploads\\\/2024\\\/09\\\/1_csm_20221019_zeitenwende_mainz_2611__1__f4b079e13d-scaled-1.jpg\",\"keywords\":[\"Macron\",\"Merkel\"],\"articleSection\":[\"Politique\"],\"inLanguage\":\"fr-FR\"},{\"@type\":\"WebPage\",\"@id\":\"https:\\\/\\\/dokdoc.eu\\\/fr\\\/2024\\\/09\\\/18\\\/cest-la-securite-de-lallemagne-que-lon-met-est-en-danger\\\/\",\"url\":\"https:\\\/\\\/dokdoc.eu\\\/fr\\\/2024\\\/09\\\/18\\\/cest-la-securite-de-lallemagne-que-lon-met-est-en-danger\\\/\",\"name\":\"\u201eC\u2019est la s\u00e9curit\u00e9 de l\u2019Allemagne que l\u2019on met est en danger\u201c - dokdoc.eu\",\"isPartOf\":{\"@id\":\"https:\\\/\\\/dokdoc.eu\\\/fr\\\/#website\"},\"primaryImageOfPage\":{\"@id\":\"https:\\\/\\\/dokdoc.eu\\\/fr\\\/2024\\\/09\\\/18\\\/cest-la-securite-de-lallemagne-que-lon-met-est-en-danger\\\/#primaryimage\"},\"image\":{\"@id\":\"https:\\\/\\\/dokdoc.eu\\\/fr\\\/2024\\\/09\\\/18\\\/cest-la-securite-de-lallemagne-que-lon-met-est-en-danger\\\/#primaryimage\"},\"thumbnailUrl\":\"https:\\\/\\\/dokdoc.eu\\\/wp-content\\\/uploads\\\/2024\\\/09\\\/1_csm_20221019_zeitenwende_mainz_2611__1__f4b079e13d-scaled-1.jpg\",\"datePublished\":\"2024-09-18T13:53:05+00:00\",\"dateModified\":\"2025-02-14T08:49:02+00:00\",\"breadcrumb\":{\"@id\":\"https:\\\/\\\/dokdoc.eu\\\/fr\\\/2024\\\/09\\\/18\\\/cest-la-securite-de-lallemagne-que-lon-met-est-en-danger\\\/#breadcrumb\"},\"inLanguage\":\"fr-FR\",\"potentialAction\":[{\"@type\":\"ReadAction\",\"target\":[\"https:\\\/\\\/dokdoc.eu\\\/fr\\\/2024\\\/09\\\/18\\\/cest-la-securite-de-lallemagne-que-lon-met-est-en-danger\\\/\"]}]},{\"@type\":\"ImageObject\",\"inLanguage\":\"fr-FR\",\"@id\":\"https:\\\/\\\/dokdoc.eu\\\/fr\\\/2024\\\/09\\\/18\\\/cest-la-securite-de-lallemagne-que-lon-met-est-en-danger\\\/#primaryimage\",\"url\":\"https:\\\/\\\/dokdoc.eu\\\/wp-content\\\/uploads\\\/2024\\\/09\\\/1_csm_20221019_zeitenwende_mainz_2611__1__f4b079e13d-scaled-1.jpg\",\"contentUrl\":\"https:\\\/\\\/dokdoc.eu\\\/wp-content\\\/uploads\\\/2024\\\/09\\\/1_csm_20221019_zeitenwende_mainz_2611__1__f4b079e13d-scaled-1.jpg\",\"width\":2560,\"height\":1829,\"caption\":\"Christoph Heusgen (Copyright: MSC\\\/Kuhlmann)\"},{\"@type\":\"BreadcrumbList\",\"@id\":\"https:\\\/\\\/dokdoc.eu\\\/fr\\\/2024\\\/09\\\/18\\\/cest-la-securite-de-lallemagne-que-lon-met-est-en-danger\\\/#breadcrumb\",\"itemListElement\":[{\"@type\":\"ListItem\",\"position\":1,\"name\":\"Startseite\",\"item\":\"https:\\\/\\\/dokdoc.eu\\\/fr\\\/\"},{\"@type\":\"ListItem\",\"position\":2,\"name\":\"\u201eC\u2019est la s\u00e9curit\u00e9 de l\u2019Allemagne que l\u2019on met est en danger\u201c\"}]},{\"@type\":\"WebSite\",\"@id\":\"https:\\\/\\\/dokdoc.eu\\\/fr\\\/#website\",\"url\":\"https:\\\/\\\/dokdoc.eu\\\/fr\\\/\",\"name\":\"dokdoc.eu\",\"description\":\"\",\"publisher\":{\"@id\":\"https:\\\/\\\/dokdoc.eu\\\/fr\\\/#organization\"},\"potentialAction\":[{\"@type\":\"SearchAction\",\"target\":{\"@type\":\"EntryPoint\",\"urlTemplate\":\"https:\\\/\\\/dokdoc.eu\\\/fr\\\/?s={search_term_string}\"},\"query-input\":{\"@type\":\"PropertyValueSpecification\",\"valueRequired\":true,\"valueName\":\"search_term_string\"}}],\"inLanguage\":\"fr-FR\"},{\"@type\":\"Organization\",\"@id\":\"https:\\\/\\\/dokdoc.eu\\\/fr\\\/#organization\",\"name\":\"dokdoc.eu\",\"url\":\"https:\\\/\\\/dokdoc.eu\\\/fr\\\/\",\"logo\":{\"@type\":\"ImageObject\",\"inLanguage\":\"fr-FR\",\"@id\":\"https:\\\/\\\/dokdoc.eu\\\/fr\\\/#\\\/schema\\\/logo\\\/image\\\/\",\"url\":\"https:\\\/\\\/dokdoc.eu\\\/wp-content\\\/uploads\\\/2019\\\/08\\\/cropped-logo_dokdoc-e1720795013301.png\",\"contentUrl\":\"https:\\\/\\\/dokdoc.eu\\\/wp-content\\\/uploads\\\/2019\\\/08\\\/cropped-logo_dokdoc-e1720795013301.png\",\"width\":150,\"height\":110,\"caption\":\"dokdoc.eu\"},\"image\":{\"@id\":\"https:\\\/\\\/dokdoc.eu\\\/fr\\\/#\\\/schema\\\/logo\\\/image\\\/\"}},{\"@type\":\"Person\",\"@id\":\"https:\\\/\\\/dokdoc.eu\\\/fr\\\/#\\\/schema\\\/person\\\/d760e6e53df901fd9522f1d3a1e46621\",\"name\":\"RochowMedienagentur\",\"image\":{\"@type\":\"ImageObject\",\"inLanguage\":\"fr-FR\",\"@id\":\"https:\\\/\\\/dokdoc.eu\\\/wp-content\\\/uploads\\\/2019\\\/08\\\/cropped-logo_dokdoc-e1720795013301.png830075fd1c1a1f70247b47fa84cf0f00\",\"url\":\"https:\\\/\\\/dokdoc.eu\\\/wp-content\\\/uploads\\\/2019\\\/08\\\/cropped-logo_dokdoc-e1720795013301.png\",\"contentUrl\":\"https:\\\/\\\/dokdoc.eu\\\/wp-content\\\/uploads\\\/2019\\\/08\\\/cropped-logo_dokdoc-e1720795013301.png\",\"caption\":\"RochowMedienagentur\"},\"sameAs\":[\"https:\\\/\\\/dokdoc.eu\"],\"url\":\"https:\\\/\\\/dokdoc.eu\\\/fr\\\/author\\\/rochowmedienagentur\\\/\"}]}<\/script>\n<!-- \/ Yoast SEO plugin. -->","yoast_head_json":{"title":"\u201eC\u2019est la s\u00e9curit\u00e9 de l\u2019Allemagne que l\u2019on met est en danger\u201c - dokdoc.eu","robots":{"index":"index","follow":"follow","max-snippet":"max-snippet:-1","max-image-preview":"max-image-preview:large","max-video-preview":"max-video-preview:-1"},"canonical":"https:\/\/dokdoc.eu\/fr\/2024\/09\/18\/cest-la-securite-de-lallemagne-que-lon-met-est-en-danger\/","og_locale":"fr_FR","og_type":"article","og_title":"\u201eC\u2019est la s\u00e9curit\u00e9 de l\u2019Allemagne que l\u2019on met est en danger\u201c - dokdoc.eu","og_description":"Christoph Heusgen a \u00e9t\u00e9 pendant treize ans conseiller diplomatique d\u2019Angela Merkel Merkel. Il est aujourd\u2019hui pr\u00e9sident de la prestigieuse Conf\u00e9rence de Munich sur la s\u00e9curit\u00e9. Dans un entretien avec dokdoc, il jette un regard sur les relations franco-allemandes et revient sur la situation en Ukraine, la Zeitenwende ainsi que la politique du chancelier Scholz.","og_url":"https:\/\/dokdoc.eu\/fr\/2024\/09\/18\/cest-la-securite-de-lallemagne-que-lon-met-est-en-danger\/","og_site_name":"dokdoc.eu","article_published_time":"2024-09-18T13:53:05+00:00","article_modified_time":"2025-02-14T08:49:02+00:00","og_image":[{"width":2560,"height":1829,"url":"https:\/\/dokdoc.eu\/wp-content\/uploads\/2024\/09\/1_csm_20221019_zeitenwende_mainz_2611__1__f4b079e13d-scaled-1.jpg","type":"image\/jpeg"}],"author":"Christoph Heusgen","twitter_card":"summary_large_image","twitter_misc":{"\u00c9crit par":"RochowMedienagentur","Dur\u00e9e de lecture estim\u00e9e":"13 minutes"},"schema":{"@context":"https:\/\/schema.org","@graph":[{"@type":"Article","@id":"https:\/\/dokdoc.eu\/fr\/2024\/09\/18\/cest-la-securite-de-lallemagne-que-lon-met-est-en-danger\/#article","isPartOf":{"@id":"https:\/\/dokdoc.eu\/fr\/2024\/09\/18\/cest-la-securite-de-lallemagne-que-lon-met-est-en-danger\/"},"author":{"name":"RochowMedienagentur","@id":"https:\/\/dokdoc.eu\/fr\/#\/schema\/person\/d760e6e53df901fd9522f1d3a1e46621"},"headline":"\u201eC\u2019est la s\u00e9curit\u00e9 de l\u2019Allemagne que l\u2019on met est en danger\u201c","datePublished":"2024-09-18T13:53:05+00:00","dateModified":"2025-02-14T08:49:02+00:00","mainEntityOfPage":{"@id":"https:\/\/dokdoc.eu\/fr\/2024\/09\/18\/cest-la-securite-de-lallemagne-que-lon-met-est-en-danger\/"},"wordCount":2364,"publisher":{"@id":"https:\/\/dokdoc.eu\/fr\/#organization"},"image":{"@id":"https:\/\/dokdoc.eu\/fr\/2024\/09\/18\/cest-la-securite-de-lallemagne-que-lon-met-est-en-danger\/#primaryimage"},"thumbnailUrl":"https:\/\/dokdoc.eu\/wp-content\/uploads\/2024\/09\/1_csm_20221019_zeitenwende_mainz_2611__1__f4b079e13d-scaled-1.jpg","keywords":["Macron","Merkel"],"articleSection":["Politique"],"inLanguage":"fr-FR"},{"@type":"WebPage","@id":"https:\/\/dokdoc.eu\/fr\/2024\/09\/18\/cest-la-securite-de-lallemagne-que-lon-met-est-en-danger\/","url":"https:\/\/dokdoc.eu\/fr\/2024\/09\/18\/cest-la-securite-de-lallemagne-que-lon-met-est-en-danger\/","name":"\u201eC\u2019est la s\u00e9curit\u00e9 de l\u2019Allemagne que l\u2019on met est en danger\u201c - dokdoc.eu","isPartOf":{"@id":"https:\/\/dokdoc.eu\/fr\/#website"},"primaryImageOfPage":{"@id":"https:\/\/dokdoc.eu\/fr\/2024\/09\/18\/cest-la-securite-de-lallemagne-que-lon-met-est-en-danger\/#primaryimage"},"image":{"@id":"https:\/\/dokdoc.eu\/fr\/2024\/09\/18\/cest-la-securite-de-lallemagne-que-lon-met-est-en-danger\/#primaryimage"},"thumbnailUrl":"https:\/\/dokdoc.eu\/wp-content\/uploads\/2024\/09\/1_csm_20221019_zeitenwende_mainz_2611__1__f4b079e13d-scaled-1.jpg","datePublished":"2024-09-18T13:53:05+00:00","dateModified":"2025-02-14T08:49:02+00:00","breadcrumb":{"@id":"https:\/\/dokdoc.eu\/fr\/2024\/09\/18\/cest-la-securite-de-lallemagne-que-lon-met-est-en-danger\/#breadcrumb"},"inLanguage":"fr-FR","potentialAction":[{"@type":"ReadAction","target":["https:\/\/dokdoc.eu\/fr\/2024\/09\/18\/cest-la-securite-de-lallemagne-que-lon-met-est-en-danger\/"]}]},{"@type":"ImageObject","inLanguage":"fr-FR","@id":"https:\/\/dokdoc.eu\/fr\/2024\/09\/18\/cest-la-securite-de-lallemagne-que-lon-met-est-en-danger\/#primaryimage","url":"https:\/\/dokdoc.eu\/wp-content\/uploads\/2024\/09\/1_csm_20221019_zeitenwende_mainz_2611__1__f4b079e13d-scaled-1.jpg","contentUrl":"https:\/\/dokdoc.eu\/wp-content\/uploads\/2024\/09\/1_csm_20221019_zeitenwende_mainz_2611__1__f4b079e13d-scaled-1.jpg","width":2560,"height":1829,"caption":"Christoph Heusgen (Copyright: MSC\/Kuhlmann)"},{"@type":"BreadcrumbList","@id":"https:\/\/dokdoc.eu\/fr\/2024\/09\/18\/cest-la-securite-de-lallemagne-que-lon-met-est-en-danger\/#breadcrumb","itemListElement":[{"@type":"ListItem","position":1,"name":"Startseite","item":"https:\/\/dokdoc.eu\/fr\/"},{"@type":"ListItem","position":2,"name":"\u201eC\u2019est la s\u00e9curit\u00e9 de l\u2019Allemagne que l\u2019on met est en danger\u201c"}]},{"@type":"WebSite","@id":"https:\/\/dokdoc.eu\/fr\/#website","url":"https:\/\/dokdoc.eu\/fr\/","name":"dokdoc.eu","description":"","publisher":{"@id":"https:\/\/dokdoc.eu\/fr\/#organization"},"potentialAction":[{"@type":"SearchAction","target":{"@type":"EntryPoint","urlTemplate":"https:\/\/dokdoc.eu\/fr\/?s={search_term_string}"},"query-input":{"@type":"PropertyValueSpecification","valueRequired":true,"valueName":"search_term_string"}}],"inLanguage":"fr-FR"},{"@type":"Organization","@id":"https:\/\/dokdoc.eu\/fr\/#organization","name":"dokdoc.eu","url":"https:\/\/dokdoc.eu\/fr\/","logo":{"@type":"ImageObject","inLanguage":"fr-FR","@id":"https:\/\/dokdoc.eu\/fr\/#\/schema\/logo\/image\/","url":"https:\/\/dokdoc.eu\/wp-content\/uploads\/2019\/08\/cropped-logo_dokdoc-e1720795013301.png","contentUrl":"https:\/\/dokdoc.eu\/wp-content\/uploads\/2019\/08\/cropped-logo_dokdoc-e1720795013301.png","width":150,"height":110,"caption":"dokdoc.eu"},"image":{"@id":"https:\/\/dokdoc.eu\/fr\/#\/schema\/logo\/image\/"}},{"@type":"Person","@id":"https:\/\/dokdoc.eu\/fr\/#\/schema\/person\/d760e6e53df901fd9522f1d3a1e46621","name":"RochowMedienagentur","image":{"@type":"ImageObject","inLanguage":"fr-FR","@id":"https:\/\/dokdoc.eu\/wp-content\/uploads\/2019\/08\/cropped-logo_dokdoc-e1720795013301.png830075fd1c1a1f70247b47fa84cf0f00","url":"https:\/\/dokdoc.eu\/wp-content\/uploads\/2019\/08\/cropped-logo_dokdoc-e1720795013301.png","contentUrl":"https:\/\/dokdoc.eu\/wp-content\/uploads\/2019\/08\/cropped-logo_dokdoc-e1720795013301.png","caption":"RochowMedienagentur"},"sameAs":["https:\/\/dokdoc.eu"],"url":"https:\/\/dokdoc.eu\/fr\/author\/rochowmedienagentur\/"}]}},"authors":[{"term_id":624,"user_id":0,"is_guest":1,"slug":"christoph-heusgen","display_name":"Christoph Heusgen","avatar_url":{"url":"https:\/\/dokdoc.eu\/wp-content\/uploads\/2019\/08\/cropped-logo_dokdoc-e1720795013301.png","url2x":"https:\/\/dokdoc.eu\/wp-content\/uploads\/2019\/08\/cropped-logo_dokdoc-e1720795013301.png"},"0":null,"1":"","2":"","3":"","4":"","5":"","6":"","7":"","8":""}],"_links":{"self":[{"href":"https:\/\/dokdoc.eu\/fr\/wp-json\/wp\/v2\/posts\/29266","targetHints":{"allow":["GET"]}}],"collection":[{"href":"https:\/\/dokdoc.eu\/fr\/wp-json\/wp\/v2\/posts"}],"about":[{"href":"https:\/\/dokdoc.eu\/fr\/wp-json\/wp\/v2\/types\/post"}],"author":[{"embeddable":true,"href":"https:\/\/dokdoc.eu\/fr\/wp-json\/wp\/v2\/users\/1"}],"replies":[{"embeddable":true,"href":"https:\/\/dokdoc.eu\/fr\/wp-json\/wp\/v2\/comments?post=29266"}],"version-history":[{"count":1,"href":"https:\/\/dokdoc.eu\/fr\/wp-json\/wp\/v2\/posts\/29266\/revisions"}],"predecessor-version":[{"id":29267,"href":"https:\/\/dokdoc.eu\/fr\/wp-json\/wp\/v2\/posts\/29266\/revisions\/29267"}],"wp:featuredmedia":[{"embeddable":true,"href":"https:\/\/dokdoc.eu\/fr\/wp-json\/wp\/v2\/media\/27298"}],"wp:attachment":[{"href":"https:\/\/dokdoc.eu\/fr\/wp-json\/wp\/v2\/media?parent=29266"}],"wp:term":[{"taxonomy":"category","embeddable":true,"href":"https:\/\/dokdoc.eu\/fr\/wp-json\/wp\/v2\/categories?post=29266"},{"taxonomy":"post_tag","embeddable":true,"href":"https:\/\/dokdoc.eu\/fr\/wp-json\/wp\/v2\/tags?post=29266"},{"taxonomy":"author","embeddable":true,"href":"https:\/\/dokdoc.eu\/fr\/wp-json\/wp\/v2\/ppma_author?post=29266"}],"curies":[{"name":"wp","href":"https:\/\/api.w.org\/{rel}","templated":true}]}}