{"id":29295,"date":"2025-02-18T16:11:52","date_gmt":"2025-02-18T15:11:52","guid":{"rendered":"https:\/\/dokdoc.eu\/?p=29295"},"modified":"2025-02-21T15:08:29","modified_gmt":"2025-02-21T14:08:29","slug":"la-france-attend-elle-friedrich-merz","status":"publish","type":"post","link":"https:\/\/dokdoc.eu\/fr\/2025\/02\/18\/la-france-attend-elle-friedrich-merz\/","title":{"rendered":"La France attend-elle Friedrich Merz ?"},"content":{"rendered":"<figure id=\"attachment_29287\" aria-describedby=\"caption-attachment-29287\" style=\"width: 1024px\" class=\"wp-caption aligncenter\"><img fetchpriority=\"high\" decoding=\"async\" class=\"wp-image-29287\" src=\"https:\/\/dokdoc.eu\/wp-content\/uploads\/2025\/02\/1_imago0797079335h-300x200.jpg\" alt=\"Friedrich Merz \u00e0 la Fondation K\u00f6rber, le 23 janvier 2025 (Copyright: Imago)\" width=\"1024\" height=\"681\" srcset=\"https:\/\/dokdoc.eu\/wp-content\/uploads\/2025\/02\/1_imago0797079335h-300x200.jpg 300w, https:\/\/dokdoc.eu\/wp-content\/uploads\/2025\/02\/1_imago0797079335h-1024x681.jpg 1024w, https:\/\/dokdoc.eu\/wp-content\/uploads\/2025\/02\/1_imago0797079335h-768x511.jpg 768w, https:\/\/dokdoc.eu\/wp-content\/uploads\/2025\/02\/1_imago0797079335h-1536x1022.jpg 1536w, https:\/\/dokdoc.eu\/wp-content\/uploads\/2025\/02\/1_imago0797079335h-2048x1362.jpg 2048w\" sizes=\"(max-width: 1024px) 100vw, 1024px\" \/><figcaption id=\"caption-attachment-29287\" class=\"wp-caption-text\">Friedrich Merz \u00e0 la Fondation K\u00f6rber, le 23 janvier 2025 (Copyright: Imago)<\/figcaption><\/figure>\n<p><strong>En appelant \u00e0 un \u00ab renouvellement et un approfondissement \u00bb des relations avec la France, Friedrich Merz entend insuffler un nouvel \u00e9lan \u00e0 la relation bilat\u00e9rale.<\/strong><!--more--><\/p>\n<p>&nbsp;<\/p>\n<p>Lors de son discours sur la politique \u00e9trang\u00e8re \u00e0 la <a href=\"https:\/\/koerber-stiftung.de\/mediathek\/friedrich-merz-zu-aussen-und-europapolitischen-prioritaeten-fuer-deutschland\/\">K\u00f6rber Stiftung<\/a> \u00e0 Berlin le 23 janvier 2025, le candidat chr\u00e9tien-d\u00e9mocrate (CDU) \u00e0 la chancellerie, Friedrich Merz, a appel\u00e9 de ses v\u0153ux un \u00ab\u00a0renouvellement et un approfondissement\u00a0\u00bb des relations de l\u2019Allemagne avec la France afin que les deux pays portent \u00e0 nouveau des positions similaires au Conseil europ\u00e9en. Ce discours tr\u00e8s \u00ab\u00a0francophile\u00a0\u00bb intervient alors que les relations franco-allemandes ne sont pas au beau fixe. Avec le \u00ab\u00a0d\u00e9fi\u00a0\u00bb de la pr\u00e9sidence de Donald Trump et les inqui\u00e9tudes quant \u00e0 sa politique \u00e9trang\u00e8re (sur l\u2019Ukraine et le Moyen-Orient) ou commerciale (face \u00e0 l\u2019Europe ou \u00e0 la Chine), les regards se tournent davantage vers l\u2019Est de l\u2019Europe et la pr\u00e9sidence polonaise du Conseil de l\u2019Union europ\u00e9enne. Dans ce contexte, la possible arriv\u00e9e \u00e0 la chancellerie de Friedrich Merz, r\u00e9put\u00e9 davantage francophile que le chancelier Olaf Scholz, pourrait rassurer \u00e0 <a href=\"https:\/\/www.ifri.org\/fr\/editoriaux\/lallemagne-en-campagne-pour-les-elections-anticipees-du-23-fevrier-enjeux-dun-scrutin\">Paris<\/a>.<\/p>\n<p>&nbsp;<\/p>\n<h2><strong>Retour aux fondamentaux ?<\/strong><\/h2>\n<p>Friedrich Merz, comme catholique rh\u00e9nan, est un h\u00e9ritier de la politique franco-allemande de la CDU, de Konrad Adenauer \u00e0 Helmut Kohl en passant par Wolfgang Sch\u00e4uble. Il a d\u2019ailleurs souvent reproch\u00e9 au chancelier et au gouvernement de la coalition \u00ab\u00a0feu tricolore\u00a0\u00bb de ne pas faire grand cas de la relation franco-allemande. Le chef de la CDU est tr\u00e8s critique des relations du chancelier Olaf Scholz avec le pr\u00e9sident Emmanuel Macron, leur reprochant le \u00ab\u00a0manque d\u2019alchimie\u00a0\u00bb tout en promettant de faire mieux, notamment en raison, selon lui, du fort potentiel \u00e9conomique, g\u00e9opolitique et culturel. La critique est probablement acerbe car le pr\u00e9sident de la R\u00e9publique et le chancelier ont \u00ab\u00a0jou\u00e9 le jeu\u00a0\u00bb de la relation franco-allemande. Ils se sont consult\u00e9s tr\u00e8s r\u00e9guli\u00e8rement avant de prendre des d\u00e9cisions lors des crises majeures (r\u00e9cemment encore sur la Syrie). Mais quelques \u00ab\u00a0fausses notes\u00a0\u00bb ont alert\u00e9 le public, comme l\u2019annonce non concert\u00e9e de la <em>European Sky Shield Initiative<\/em> ou l\u2019annonce d\u2019un plan de soutien de 200 milliards d\u2019euros pour prot\u00e9ger l\u2019\u00e9conomie allemande face \u00e0 la crise \u00e9nerg\u00e9tique en octobre 2022. La France et l\u2019Allemagne n\u2019ont par ailleurs pas su anticiper le retour de Donald Trump et abordent le d\u00e9but de son mandat dans une situation de faiblesse. Si l\u2019arriv\u00e9e \u00e0 la chancellerie d\u2019une personnalit\u00e9 plus \u00ab\u00a0francophile\u00a0\u00bb comme Friedrich Merz serait un signal favorable pour les relations franco-allemandes, il faudra qu\u2019il fasse ses preuves rapidement. En son temps, le pourtant tr\u00e8s francophile Wolfgang Sch\u00e4uble avait eu des relations tendues avec la France.<\/p>\n<p>&nbsp;<\/p>\n<h2><strong>Le changement dans la continuit\u00e9\u00a0?<\/strong><\/h2>\n<p>Si le discours et les r\u00e9flexes franco-allemands sont plus ancr\u00e9s chez Friedrich Merz, il faut n\u00e9anmoins les relativiser. Tout d\u2019abord car pour le pr\u00e9sident de la CDU, la relation \u00e0 la France n\u2019est qu\u2019une pi\u00e8ce \u2013 certes non n\u00e9gligeable \u2013 dans le grand puzzle de la <em>Westbindung<\/em> de l\u2019Allemagne. Cet \u00ab\u00a0ancrage \u00e0 l\u2019ouest\u00a0\u00bb, ADN g\u00e9opolitique de la CDU depuis la cr\u00e9ation de la RFA (1949,) passe simultan\u00e9ment par le renforcement du lien transatlantique, de l\u2019int\u00e9gration europ\u00e9enne et de la relation franco-allemande. Friedrich Merz chancelier, ne remettrait pas en cause les fondements de cette relation sp\u00e9ciale de l\u2019Allemagne avec les \u00c9tats-Unis, m\u00eame dirig\u00e9s par Donald Trump. Par ailleurs, comme il l\u2019affirmait lui-m\u00eame \u00e0 la <em>K\u00f6rber Stiftung<\/em>\u00a0: \u00ab\u00a0l\u2019Atlantique Sud fait \u00e9galement partie de nos relations transatlantiques \u2014 l\u2019accord de libre-\u00e9change entre l\u2019Union europ\u00e9enne et le Mercosur doit vraiment voir le jour\u00a0\u00bb. Sur ce dossier, d\u00e9saccord structurel de la politique commerciale europ\u00e9enne entre la France et l\u2019Allemagne, Friedrich Merz s\u2019inscrira dans la continuit\u00e9 d\u2019Olaf Scholz, d\u2019autant plus s\u2019il doit gouverner en coalition avec le SPD.<\/p>\n<p>&nbsp;<\/p>\n<h2><strong>Merz l\u2019Europ\u00e9en\u00a0?<\/strong><\/h2>\n<p>S\u2019il est souvent rappel\u00e9 que Friedrich Merz n\u2019a jamais exerc\u00e9 de fonctions ex\u00e9cutives en Allemagne, on oublie souvent que sa premi\u00e8re fonction \u00e9lective fut celle de d\u00e9put\u00e9 europ\u00e9en (1989-1994). De cette \u00e9poque, il a gard\u00e9 un v\u00e9ritable engagement europ\u00e9en. Pour Matthias <a href=\"https:\/\/www.zeit.de\/politik\/ausland\/2025-02\/deutsch-franzoesische-beziehungen-bundestagswahl-paris-5vor8\">Krupa<\/a>, \u00ab\u00a0rares sont les chanceliers qui ont aussi peu marqu\u00e9 la politique europ\u00e9enne qu\u2019Olaf Scholz. \u00c0 Paris, on esp\u00e8re un nouveau d\u00e9part \u2013 et un successeur plus ambitieux\u00a0\u00bb. Pour la politique europ\u00e9enne, le contexte lui est donc plut\u00f4t favorable. D\u2019abord, car son \u00e9lection entrainerait un basculement de l\u2019Allemagne dans le camp des dirigeants affili\u00e9s PPE au Conseil europ\u00e9en (Parti populaire europ\u00e9en de centre droit). L\u2019Allemagne serait politiquement align\u00e9e sur la couleur de la Pr\u00e9sidente de la Commission, du groupe majoritaire au Parlement europ\u00e9en ainsi que sur son voisin, le Premier ministre polonais Donald Tusk, dont le pays pr\u00e9side depuis le 1<sup>er<\/sup> janvier le Conseil de l\u2019UE.<\/p>\n<p>&nbsp;<\/p>\n<figure id=\"attachment_29289\" aria-describedby=\"caption-attachment-29289\" style=\"width: 1024px\" class=\"wp-caption aligncenter\"><img decoding=\"async\" class=\"wp-image-29289\" src=\"https:\/\/dokdoc.eu\/wp-content\/uploads\/2025\/02\/2_Wikimedia_Leaders_Retreat_54271961628-300x201.jpg\" alt=\"Ursula von der Leyen, Manfred Weber et Friedrich Merz \u00e0 Berlin, 17 janvier 2025 (Copyright: Wikimedia Commons)\" width=\"1024\" height=\"684\" srcset=\"https:\/\/dokdoc.eu\/wp-content\/uploads\/2025\/02\/2_Wikimedia_Leaders_Retreat_54271961628-300x201.jpg 300w, https:\/\/dokdoc.eu\/wp-content\/uploads\/2025\/02\/2_Wikimedia_Leaders_Retreat_54271961628-1024x684.jpg 1024w, https:\/\/dokdoc.eu\/wp-content\/uploads\/2025\/02\/2_Wikimedia_Leaders_Retreat_54271961628-768x513.jpg 768w, https:\/\/dokdoc.eu\/wp-content\/uploads\/2025\/02\/2_Wikimedia_Leaders_Retreat_54271961628.jpg 1200w\" sizes=\"(max-width: 1024px) 100vw, 1024px\" \/><figcaption id=\"caption-attachment-29289\" class=\"wp-caption-text\">Ursula von der Leyen, Manfred Weber et Friedrich Merz \u00e0 Berlin, 17 janvier 2025 (Copyright: Wikimedia Commons)<\/figcaption><\/figure>\n<p>&nbsp;<\/p>\n<p>Par ailleurs, lors du Conseil des ministres franco-allemand de Meseberg le 28 mai 2024, la France et l\u2019Allemagne ont produit une initiative commune pour la comp\u00e9titivit\u00e9 de l\u2019Union europ\u00e9enne et qui a largement \u00e9t\u00e9 int\u00e9gr\u00e9e depuis dans le programme de travail de la nouvelle Commission europ\u00e9enne. Pour garantir la comp\u00e9titivit\u00e9, la prosp\u00e9rit\u00e9 et le r\u00f4le mondial de l\u2019Europe en tant qu\u2019acteur g\u00e9opolitique \u00e0 long terme, des efforts devront \u00eatre d\u00e9ploy\u00e9s pour combler les \u00e9carts de croissance, de productivit\u00e9, d\u2019investissement et d\u2019innovation entre l\u2019UE, ses partenaires internationaux et principaux concurrents. Dans leurs rapports respectifs, Mario Draghi et Enrico Letta ont alert\u00e9 sur les d\u00e9fis de l\u2019Europe face \u00e0 la concurrence des \u00c9tats-Unis et de la Chine. Face au risque de d\u00e9crochage de l\u2019UE, trois d\u00e9fis sont \u00e0 relever autour des transitions \u00e9nerg\u00e9tique, num\u00e9rique (et notamment le quantique, l\u2019Intelligence artificielle) et de s\u00e9curit\u00e9. Toutefois, cela n\u00e9cessiterait probablement un assouplissement de la r\u00e8gle constitutionnelle du frein \u00e0 l\u2019endettement afin de favoriser les investissements dans les infrastructures, ce qu\u2019\u00e9voque tr\u00e8s timidement la CDU.<\/p>\n<p>Enfin, sur les deux sujets centraux qui ont \u00e9t\u00e9 les symboles des difficult\u00e9s entre la France et l\u2019Allemagne ces derni\u00e8res ann\u00e9es, Friedrich Merz semble pr\u00eat \u00e0 des concessions qui le rapprocheraient de certaines vues fran\u00e7aises. Dans le domaine de la d\u00e9fense, il s\u2019est dit \u00ab\u00a0ouvert\u00a0\u00bb \u00e0 un endettement commun de l\u2019Union europ\u00e9enne, alors que le gouvernement d\u2019Olaf Scholz \u00e9tait jusqu\u2019\u00e0 pr\u00e9sent oppos\u00e9 \u00e0 une nouvelle dette commune. L\u2019Allemagne et la France pourraient enfin se rapprocher \u00e0 nouveau sur les questions \u00e9nerg\u00e9tiques. Le programme de la CDU appelle explicitement \u00e0 la recherche sur la technologie nucl\u00e9aire de la prochaine g\u00e9n\u00e9ration, y compris les petits r\u00e9acteurs modulaires (<a href=\"https:\/\/www.politico.eu\/article\/germany-election-jens-spahn-nuclear-energy-comeback\/\">SMR<\/a>). Friedrich Merz a pour objectif de stimuler la croissance allemande, \u00e0 2% par an selon son programme, et pour cela il a besoin d\u2019une \u00e9nergie moins ch\u00e8re et doit se montrer pragmatique.<\/p>\n<p>Le pr\u00e9sident de la R\u00e9publique et le probable futur chancelier se sont rencontr\u00e9s en d\u00e9cembre 2023 \u00e0 l\u2019Elys\u00e9e et semble s\u2019appr\u00e9cier. Mais cette \u00ab\u00a0alchimie\u00a0\u00bb suffira-t-elle \u00e0 relever les d\u00e9fis vitaux pour l\u2019Europe\u00a0?<\/p>\n<p>&nbsp;<\/p>\n<h2><strong>L\u2019auteur <\/strong><\/h2>\n<figure id=\"attachment_29291\" aria-describedby=\"caption-attachment-29291\" style=\"width: 244px\" class=\"wp-caption alignleft\"><img decoding=\"async\" class=\"wp-image-29291 size-medium\" src=\"https:\/\/dokdoc.eu\/wp-content\/uploads\/2025\/02\/3_paul_couleur_2-2-244x300.jpg\" alt=\"Paul Maurice (Copyright: priv\u00e9)\" width=\"244\" height=\"300\" srcset=\"https:\/\/dokdoc.eu\/wp-content\/uploads\/2025\/02\/3_paul_couleur_2-2-244x300.jpg 244w, https:\/\/dokdoc.eu\/wp-content\/uploads\/2025\/02\/3_paul_couleur_2-2-831x1024.jpg 831w, https:\/\/dokdoc.eu\/wp-content\/uploads\/2025\/02\/3_paul_couleur_2-2-768x946.jpg 768w, https:\/\/dokdoc.eu\/wp-content\/uploads\/2025\/02\/3_paul_couleur_2-2.jpg 1165w\" sizes=\"(max-width: 244px) 100vw, 244px\" \/><figcaption id=\"caption-attachment-29291\" class=\"wp-caption-text\">Paul Maurice (Copyright: priv\u00e9)<\/figcaption><\/figure>\n<p><em>Paul Maurice<\/em><em>\u00a0est Secr\u00e9taire g\u00e9n\u00e9ral du Comit\u00e9 d\u2019\u00e9tudes des relations franco-allemandes (Cerfa) \u00e0 l\u2019Institut fran\u00e7ais des relations internationales (Ifri). Il a auparavant \u00e9t\u00e9 chef de la Mission de l\u2019Allemagne, de l\u2019Europe alpine et adriatique \u00e0 la Direction de l\u2019Union europ\u00e9enne du Minist\u00e8re de l\u2019Europe et des affaires \u00e9trang\u00e8res. Il travaille en particulier sur les questions de politique int\u00e9rieure allemande, de politique \u00e9trang\u00e8re et de s\u00e9curit\u00e9 de la R\u00e9publique f\u00e9d\u00e9rale d\u2019Allemagne et sur les relations franco-allemandes dans le cadre de la construction europ\u00e9enne.<\/em><em>\u00a0Il enseigne \u00e9galement \u00e0 Sciences Po et est membre du comit\u00e9 de r\u00e9daction de la revue\u00a0Allemagne d\u2019aujourd\u2019hui.<\/em><\/p>\n<p>&nbsp;<\/p>\n<h2><\/h2>\n","protected":false},"excerpt":{"rendered":"<p>En appelant \u00e0 un \u00ab renouvellement et un approfondissement \u00bb des relations avec la France, Friedrich Merz entend insuffler un nouvel \u00e9lan \u00e0 la relation bilat\u00e9rale.<\/p>\n","protected":false},"author":1,"featured_media":29287,"comment_status":"closed","ping_status":"closed","sticky":false,"template":"","format":"standard","meta":{"om_disable_all_campaigns":false,"_monsterinsights_skip_tracking":false,"_monsterinsights_sitenote_active":false,"_monsterinsights_sitenote_note":"","_monsterinsights_sitenote_category":0,"_uf_show_specific_survey":0,"_uf_disable_surveys":false,"footnotes":""},"categories":[114],"tags":[862,473,864,874,645,752,753,866,878,868,491,869,865,871,578,877,876,172,872,233,568,867,873,870,863,861,875,879],"ppma_author":[839],"class_list":["post-29295","post","type-post","status-publish","format-standard","has-post-thumbnail","hentry","category-politique-fr-2","tag-approfondissement","tag-cdu","tag-chancelier","tag-competitivite","tag-defense","tag-donald-trump-fr","tag-emmanuel-macron-fr","tag-francophile","tag-friedrich-merz-fr","tag-geopolitique","tag-helmut-kohl","tag-integration-europeenne","tag-konrad-adenauer","tag-libre-echange","tag-mercosur","tag-nucleaire","tag-numerique","tag-olaf-scholz-fr","tag-politique-commerciale","tag-politique-etrangere","tag-politique-europeenne","tag-potentiel-economique","tag-ppe","tag-relation-transatlantique","tag-relations-franco-allemandes","tag-renouvellement","tag-transition-energetique","tag-wolfgang-schaeuble-fr"],"yoast_head":"<!-- This site is optimized with the Yoast SEO plugin v27.5 - https:\/\/yoast.com\/product\/yoast-seo-wordpress\/ -->\n<title>La France attend-elle Friedrich Merz ? - dokdoc.eu<\/title>\n<meta name=\"robots\" content=\"index, follow, max-snippet:-1, max-image-preview:large, max-video-preview:-1\" \/>\n<link rel=\"canonical\" href=\"https:\/\/dokdoc.eu\/fr\/2025\/02\/18\/la-france-attend-elle-friedrich-merz\/\" \/>\n<meta property=\"og:locale\" content=\"fr_FR\" \/>\n<meta property=\"og:type\" content=\"article\" \/>\n<meta property=\"og:title\" content=\"La France attend-elle Friedrich Merz ? - dokdoc.eu\" \/>\n<meta property=\"og:description\" content=\"En appelant \u00e0 un \u00ab renouvellement et un approfondissement \u00bb des relations avec la France, Friedrich Merz entend insuffler un nouvel \u00e9lan \u00e0 la relation bilat\u00e9rale.\" \/>\n<meta property=\"og:url\" content=\"https:\/\/dokdoc.eu\/fr\/2025\/02\/18\/la-france-attend-elle-friedrich-merz\/\" \/>\n<meta property=\"og:site_name\" content=\"dokdoc.eu\" \/>\n<meta property=\"article:published_time\" content=\"2025-02-18T15:11:52+00:00\" \/>\n<meta property=\"article:modified_time\" content=\"2025-02-21T14:08:29+00:00\" \/>\n<meta property=\"og:image\" content=\"https:\/\/dokdoc.eu\/wp-content\/uploads\/2025\/02\/1_imago0797079335h-scaled.jpg\" \/>\n\t<meta property=\"og:image:width\" content=\"2560\" \/>\n\t<meta property=\"og:image:height\" content=\"1703\" \/>\n\t<meta property=\"og:image:type\" content=\"image\/jpeg\" \/>\n<meta name=\"author\" content=\"Paul Maurice\" \/>\n<meta name=\"twitter:card\" content=\"summary_large_image\" \/>\n<meta name=\"twitter:label1\" content=\"\u00c9crit par\" \/>\n\t<meta name=\"twitter:data1\" content=\"RochowMedienagentur\" \/>\n\t<meta name=\"twitter:label2\" content=\"Dur\u00e9e de lecture estim\u00e9e\" \/>\n\t<meta name=\"twitter:data2\" content=\"8 minutes\" \/>\n<script type=\"application\/ld+json\" class=\"yoast-schema-graph\">{\"@context\":\"https:\\\/\\\/schema.org\",\"@graph\":[{\"@type\":\"Article\",\"@id\":\"https:\\\/\\\/dokdoc.eu\\\/fr\\\/2025\\\/02\\\/18\\\/la-france-attend-elle-friedrich-merz\\\/#article\",\"isPartOf\":{\"@id\":\"https:\\\/\\\/dokdoc.eu\\\/fr\\\/2025\\\/02\\\/18\\\/la-france-attend-elle-friedrich-merz\\\/\"},\"author\":{\"name\":\"RochowMedienagentur\",\"@id\":\"https:\\\/\\\/dokdoc.eu\\\/fr\\\/#\\\/schema\\\/person\\\/d760e6e53df901fd9522f1d3a1e46621\"},\"headline\":\"La France attend-elle Friedrich Merz ?\",\"datePublished\":\"2025-02-18T15:11:52+00:00\",\"dateModified\":\"2025-02-21T14:08:29+00:00\",\"mainEntityOfPage\":{\"@id\":\"https:\\\/\\\/dokdoc.eu\\\/fr\\\/2025\\\/02\\\/18\\\/la-france-attend-elle-friedrich-merz\\\/\"},\"wordCount\":1407,\"publisher\":{\"@id\":\"https:\\\/\\\/dokdoc.eu\\\/fr\\\/#organization\"},\"image\":{\"@id\":\"https:\\\/\\\/dokdoc.eu\\\/fr\\\/2025\\\/02\\\/18\\\/la-france-attend-elle-friedrich-merz\\\/#primaryimage\"},\"thumbnailUrl\":\"https:\\\/\\\/dokdoc.eu\\\/wp-content\\\/uploads\\\/2025\\\/02\\\/1_imago0797079335h-scaled.jpg\",\"keywords\":[\"approfondissement\",\"CDU\",\"chancelier\",\"comp\u00e9titivit\u00e9\",\"d\u00e9fense\",\"Donald Trump\",\"Emmanuel Macron\",\"francophile\",\"Friedrich Merz\",\"g\u00e9opolitique\",\"Helmut Kohl\",\"int\u00e9gration europ\u00e9enne\",\"Konrad Adenauer\",\"libre-\u00e9change\",\"MERCOSUR\",\"nucl\u00e9aire\",\"num\u00e9rique\",\"Olaf Scholz\",\"politique commerciale\",\"politique \u00e9trang\u00e8re\",\"politique europ\u00e9enne\",\"potentiel \u00e9conomique\",\"PPE\",\"relation transatlantique\",\"relations franco-allemandes\",\"renouvellement\",\"transition \u00e9nerg\u00e9tique\",\"Wolfgang Sch\u00e4uble\"],\"articleSection\":[\"Politique\"],\"inLanguage\":\"fr-FR\"},{\"@type\":\"WebPage\",\"@id\":\"https:\\\/\\\/dokdoc.eu\\\/fr\\\/2025\\\/02\\\/18\\\/la-france-attend-elle-friedrich-merz\\\/\",\"url\":\"https:\\\/\\\/dokdoc.eu\\\/fr\\\/2025\\\/02\\\/18\\\/la-france-attend-elle-friedrich-merz\\\/\",\"name\":\"La France attend-elle Friedrich Merz ? - dokdoc.eu\",\"isPartOf\":{\"@id\":\"https:\\\/\\\/dokdoc.eu\\\/fr\\\/#website\"},\"primaryImageOfPage\":{\"@id\":\"https:\\\/\\\/dokdoc.eu\\\/fr\\\/2025\\\/02\\\/18\\\/la-france-attend-elle-friedrich-merz\\\/#primaryimage\"},\"image\":{\"@id\":\"https:\\\/\\\/dokdoc.eu\\\/fr\\\/2025\\\/02\\\/18\\\/la-france-attend-elle-friedrich-merz\\\/#primaryimage\"},\"thumbnailUrl\":\"https:\\\/\\\/dokdoc.eu\\\/wp-content\\\/uploads\\\/2025\\\/02\\\/1_imago0797079335h-scaled.jpg\",\"datePublished\":\"2025-02-18T15:11:52+00:00\",\"dateModified\":\"2025-02-21T14:08:29+00:00\",\"breadcrumb\":{\"@id\":\"https:\\\/\\\/dokdoc.eu\\\/fr\\\/2025\\\/02\\\/18\\\/la-france-attend-elle-friedrich-merz\\\/#breadcrumb\"},\"inLanguage\":\"fr-FR\",\"potentialAction\":[{\"@type\":\"ReadAction\",\"target\":[\"https:\\\/\\\/dokdoc.eu\\\/fr\\\/2025\\\/02\\\/18\\\/la-france-attend-elle-friedrich-merz\\\/\"]}]},{\"@type\":\"ImageObject\",\"inLanguage\":\"fr-FR\",\"@id\":\"https:\\\/\\\/dokdoc.eu\\\/fr\\\/2025\\\/02\\\/18\\\/la-france-attend-elle-friedrich-merz\\\/#primaryimage\",\"url\":\"https:\\\/\\\/dokdoc.eu\\\/wp-content\\\/uploads\\\/2025\\\/02\\\/1_imago0797079335h-scaled.jpg\",\"contentUrl\":\"https:\\\/\\\/dokdoc.eu\\\/wp-content\\\/uploads\\\/2025\\\/02\\\/1_imago0797079335h-scaled.jpg\",\"width\":2560,\"height\":1703,\"caption\":\"Friedrich Merz bei der K\u00f6rber-Stiftung, 23. Januar 2025 (Copyright: Imago)\"},{\"@type\":\"BreadcrumbList\",\"@id\":\"https:\\\/\\\/dokdoc.eu\\\/fr\\\/2025\\\/02\\\/18\\\/la-france-attend-elle-friedrich-merz\\\/#breadcrumb\",\"itemListElement\":[{\"@type\":\"ListItem\",\"position\":1,\"name\":\"Startseite\",\"item\":\"https:\\\/\\\/dokdoc.eu\\\/fr\\\/\"},{\"@type\":\"ListItem\",\"position\":2,\"name\":\"La France attend-elle Friedrich Merz ?\"}]},{\"@type\":\"WebSite\",\"@id\":\"https:\\\/\\\/dokdoc.eu\\\/fr\\\/#website\",\"url\":\"https:\\\/\\\/dokdoc.eu\\\/fr\\\/\",\"name\":\"dokdoc.eu\",\"description\":\"\",\"publisher\":{\"@id\":\"https:\\\/\\\/dokdoc.eu\\\/fr\\\/#organization\"},\"potentialAction\":[{\"@type\":\"SearchAction\",\"target\":{\"@type\":\"EntryPoint\",\"urlTemplate\":\"https:\\\/\\\/dokdoc.eu\\\/fr\\\/?s={search_term_string}\"},\"query-input\":{\"@type\":\"PropertyValueSpecification\",\"valueRequired\":true,\"valueName\":\"search_term_string\"}}],\"inLanguage\":\"fr-FR\"},{\"@type\":\"Organization\",\"@id\":\"https:\\\/\\\/dokdoc.eu\\\/fr\\\/#organization\",\"name\":\"dokdoc.eu\",\"url\":\"https:\\\/\\\/dokdoc.eu\\\/fr\\\/\",\"logo\":{\"@type\":\"ImageObject\",\"inLanguage\":\"fr-FR\",\"@id\":\"https:\\\/\\\/dokdoc.eu\\\/fr\\\/#\\\/schema\\\/logo\\\/image\\\/\",\"url\":\"https:\\\/\\\/dokdoc.eu\\\/wp-content\\\/uploads\\\/2019\\\/08\\\/cropped-logo_dokdoc-e1720795013301.png\",\"contentUrl\":\"https:\\\/\\\/dokdoc.eu\\\/wp-content\\\/uploads\\\/2019\\\/08\\\/cropped-logo_dokdoc-e1720795013301.png\",\"width\":150,\"height\":110,\"caption\":\"dokdoc.eu\"},\"image\":{\"@id\":\"https:\\\/\\\/dokdoc.eu\\\/fr\\\/#\\\/schema\\\/logo\\\/image\\\/\"}},{\"@type\":\"Person\",\"@id\":\"https:\\\/\\\/dokdoc.eu\\\/fr\\\/#\\\/schema\\\/person\\\/d760e6e53df901fd9522f1d3a1e46621\",\"name\":\"RochowMedienagentur\",\"image\":{\"@type\":\"ImageObject\",\"inLanguage\":\"fr-FR\",\"@id\":\"https:\\\/\\\/dokdoc.eu\\\/wp-content\\\/uploads\\\/2019\\\/08\\\/cropped-logo_dokdoc-e1720795013301.png830075fd1c1a1f70247b47fa84cf0f00\",\"url\":\"https:\\\/\\\/dokdoc.eu\\\/wp-content\\\/uploads\\\/2019\\\/08\\\/cropped-logo_dokdoc-e1720795013301.png\",\"contentUrl\":\"https:\\\/\\\/dokdoc.eu\\\/wp-content\\\/uploads\\\/2019\\\/08\\\/cropped-logo_dokdoc-e1720795013301.png\",\"caption\":\"RochowMedienagentur\"},\"sameAs\":[\"https:\\\/\\\/dokdoc.eu\"],\"url\":\"https:\\\/\\\/dokdoc.eu\\\/fr\\\/author\\\/rochowmedienagentur\\\/\"}]}<\/script>\n<!-- \/ Yoast SEO plugin. -->","yoast_head_json":{"title":"La France attend-elle Friedrich Merz ? - dokdoc.eu","robots":{"index":"index","follow":"follow","max-snippet":"max-snippet:-1","max-image-preview":"max-image-preview:large","max-video-preview":"max-video-preview:-1"},"canonical":"https:\/\/dokdoc.eu\/fr\/2025\/02\/18\/la-france-attend-elle-friedrich-merz\/","og_locale":"fr_FR","og_type":"article","og_title":"La France attend-elle Friedrich Merz ? - dokdoc.eu","og_description":"En appelant \u00e0 un \u00ab renouvellement et un approfondissement \u00bb des relations avec la France, Friedrich Merz entend insuffler un nouvel \u00e9lan \u00e0 la relation bilat\u00e9rale.","og_url":"https:\/\/dokdoc.eu\/fr\/2025\/02\/18\/la-france-attend-elle-friedrich-merz\/","og_site_name":"dokdoc.eu","article_published_time":"2025-02-18T15:11:52+00:00","article_modified_time":"2025-02-21T14:08:29+00:00","og_image":[{"width":2560,"height":1703,"url":"https:\/\/dokdoc.eu\/wp-content\/uploads\/2025\/02\/1_imago0797079335h-scaled.jpg","type":"image\/jpeg"}],"author":"Paul Maurice","twitter_card":"summary_large_image","twitter_misc":{"\u00c9crit par":"RochowMedienagentur","Dur\u00e9e de lecture estim\u00e9e":"8 minutes"},"schema":{"@context":"https:\/\/schema.org","@graph":[{"@type":"Article","@id":"https:\/\/dokdoc.eu\/fr\/2025\/02\/18\/la-france-attend-elle-friedrich-merz\/#article","isPartOf":{"@id":"https:\/\/dokdoc.eu\/fr\/2025\/02\/18\/la-france-attend-elle-friedrich-merz\/"},"author":{"name":"RochowMedienagentur","@id":"https:\/\/dokdoc.eu\/fr\/#\/schema\/person\/d760e6e53df901fd9522f1d3a1e46621"},"headline":"La France attend-elle Friedrich Merz ?","datePublished":"2025-02-18T15:11:52+00:00","dateModified":"2025-02-21T14:08:29+00:00","mainEntityOfPage":{"@id":"https:\/\/dokdoc.eu\/fr\/2025\/02\/18\/la-france-attend-elle-friedrich-merz\/"},"wordCount":1407,"publisher":{"@id":"https:\/\/dokdoc.eu\/fr\/#organization"},"image":{"@id":"https:\/\/dokdoc.eu\/fr\/2025\/02\/18\/la-france-attend-elle-friedrich-merz\/#primaryimage"},"thumbnailUrl":"https:\/\/dokdoc.eu\/wp-content\/uploads\/2025\/02\/1_imago0797079335h-scaled.jpg","keywords":["approfondissement","CDU","chancelier","comp\u00e9titivit\u00e9","d\u00e9fense","Donald Trump","Emmanuel Macron","francophile","Friedrich Merz","g\u00e9opolitique","Helmut Kohl","int\u00e9gration europ\u00e9enne","Konrad Adenauer","libre-\u00e9change","MERCOSUR","nucl\u00e9aire","num\u00e9rique","Olaf Scholz","politique commerciale","politique \u00e9trang\u00e8re","politique europ\u00e9enne","potentiel \u00e9conomique","PPE","relation transatlantique","relations franco-allemandes","renouvellement","transition \u00e9nerg\u00e9tique","Wolfgang Sch\u00e4uble"],"articleSection":["Politique"],"inLanguage":"fr-FR"},{"@type":"WebPage","@id":"https:\/\/dokdoc.eu\/fr\/2025\/02\/18\/la-france-attend-elle-friedrich-merz\/","url":"https:\/\/dokdoc.eu\/fr\/2025\/02\/18\/la-france-attend-elle-friedrich-merz\/","name":"La France attend-elle Friedrich Merz ? - dokdoc.eu","isPartOf":{"@id":"https:\/\/dokdoc.eu\/fr\/#website"},"primaryImageOfPage":{"@id":"https:\/\/dokdoc.eu\/fr\/2025\/02\/18\/la-france-attend-elle-friedrich-merz\/#primaryimage"},"image":{"@id":"https:\/\/dokdoc.eu\/fr\/2025\/02\/18\/la-france-attend-elle-friedrich-merz\/#primaryimage"},"thumbnailUrl":"https:\/\/dokdoc.eu\/wp-content\/uploads\/2025\/02\/1_imago0797079335h-scaled.jpg","datePublished":"2025-02-18T15:11:52+00:00","dateModified":"2025-02-21T14:08:29+00:00","breadcrumb":{"@id":"https:\/\/dokdoc.eu\/fr\/2025\/02\/18\/la-france-attend-elle-friedrich-merz\/#breadcrumb"},"inLanguage":"fr-FR","potentialAction":[{"@type":"ReadAction","target":["https:\/\/dokdoc.eu\/fr\/2025\/02\/18\/la-france-attend-elle-friedrich-merz\/"]}]},{"@type":"ImageObject","inLanguage":"fr-FR","@id":"https:\/\/dokdoc.eu\/fr\/2025\/02\/18\/la-france-attend-elle-friedrich-merz\/#primaryimage","url":"https:\/\/dokdoc.eu\/wp-content\/uploads\/2025\/02\/1_imago0797079335h-scaled.jpg","contentUrl":"https:\/\/dokdoc.eu\/wp-content\/uploads\/2025\/02\/1_imago0797079335h-scaled.jpg","width":2560,"height":1703,"caption":"Friedrich Merz bei der K\u00f6rber-Stiftung, 23. Januar 2025 (Copyright: Imago)"},{"@type":"BreadcrumbList","@id":"https:\/\/dokdoc.eu\/fr\/2025\/02\/18\/la-france-attend-elle-friedrich-merz\/#breadcrumb","itemListElement":[{"@type":"ListItem","position":1,"name":"Startseite","item":"https:\/\/dokdoc.eu\/fr\/"},{"@type":"ListItem","position":2,"name":"La France attend-elle Friedrich Merz ?"}]},{"@type":"WebSite","@id":"https:\/\/dokdoc.eu\/fr\/#website","url":"https:\/\/dokdoc.eu\/fr\/","name":"dokdoc.eu","description":"","publisher":{"@id":"https:\/\/dokdoc.eu\/fr\/#organization"},"potentialAction":[{"@type":"SearchAction","target":{"@type":"EntryPoint","urlTemplate":"https:\/\/dokdoc.eu\/fr\/?s={search_term_string}"},"query-input":{"@type":"PropertyValueSpecification","valueRequired":true,"valueName":"search_term_string"}}],"inLanguage":"fr-FR"},{"@type":"Organization","@id":"https:\/\/dokdoc.eu\/fr\/#organization","name":"dokdoc.eu","url":"https:\/\/dokdoc.eu\/fr\/","logo":{"@type":"ImageObject","inLanguage":"fr-FR","@id":"https:\/\/dokdoc.eu\/fr\/#\/schema\/logo\/image\/","url":"https:\/\/dokdoc.eu\/wp-content\/uploads\/2019\/08\/cropped-logo_dokdoc-e1720795013301.png","contentUrl":"https:\/\/dokdoc.eu\/wp-content\/uploads\/2019\/08\/cropped-logo_dokdoc-e1720795013301.png","width":150,"height":110,"caption":"dokdoc.eu"},"image":{"@id":"https:\/\/dokdoc.eu\/fr\/#\/schema\/logo\/image\/"}},{"@type":"Person","@id":"https:\/\/dokdoc.eu\/fr\/#\/schema\/person\/d760e6e53df901fd9522f1d3a1e46621","name":"RochowMedienagentur","image":{"@type":"ImageObject","inLanguage":"fr-FR","@id":"https:\/\/dokdoc.eu\/wp-content\/uploads\/2019\/08\/cropped-logo_dokdoc-e1720795013301.png830075fd1c1a1f70247b47fa84cf0f00","url":"https:\/\/dokdoc.eu\/wp-content\/uploads\/2019\/08\/cropped-logo_dokdoc-e1720795013301.png","contentUrl":"https:\/\/dokdoc.eu\/wp-content\/uploads\/2019\/08\/cropped-logo_dokdoc-e1720795013301.png","caption":"RochowMedienagentur"},"sameAs":["https:\/\/dokdoc.eu"],"url":"https:\/\/dokdoc.eu\/fr\/author\/rochowmedienagentur\/"}]}},"authors":[{"term_id":839,"user_id":0,"is_guest":1,"slug":"paul-maurice","display_name":"Paul Maurice","avatar_url":{"url":"https:\/\/dokdoc.eu\/wp-content\/uploads\/2019\/08\/cropped-logo_dokdoc-e1720795013301.png","url2x":"https:\/\/dokdoc.eu\/wp-content\/uploads\/2019\/08\/cropped-logo_dokdoc-e1720795013301.png"},"0":null,"1":"","2":"","3":"","4":"","5":"","6":"","7":"","8":""}],"_links":{"self":[{"href":"https:\/\/dokdoc.eu\/fr\/wp-json\/wp\/v2\/posts\/29295","targetHints":{"allow":["GET"]}}],"collection":[{"href":"https:\/\/dokdoc.eu\/fr\/wp-json\/wp\/v2\/posts"}],"about":[{"href":"https:\/\/dokdoc.eu\/fr\/wp-json\/wp\/v2\/types\/post"}],"author":[{"embeddable":true,"href":"https:\/\/dokdoc.eu\/fr\/wp-json\/wp\/v2\/users\/1"}],"replies":[{"embeddable":true,"href":"https:\/\/dokdoc.eu\/fr\/wp-json\/wp\/v2\/comments?post=29295"}],"version-history":[{"count":1,"href":"https:\/\/dokdoc.eu\/fr\/wp-json\/wp\/v2\/posts\/29295\/revisions"}],"predecessor-version":[{"id":29296,"href":"https:\/\/dokdoc.eu\/fr\/wp-json\/wp\/v2\/posts\/29295\/revisions\/29296"}],"wp:featuredmedia":[{"embeddable":true,"href":"https:\/\/dokdoc.eu\/fr\/wp-json\/wp\/v2\/media\/29287"}],"wp:attachment":[{"href":"https:\/\/dokdoc.eu\/fr\/wp-json\/wp\/v2\/media?parent=29295"}],"wp:term":[{"taxonomy":"category","embeddable":true,"href":"https:\/\/dokdoc.eu\/fr\/wp-json\/wp\/v2\/categories?post=29295"},{"taxonomy":"post_tag","embeddable":true,"href":"https:\/\/dokdoc.eu\/fr\/wp-json\/wp\/v2\/tags?post=29295"},{"taxonomy":"author","embeddable":true,"href":"https:\/\/dokdoc.eu\/fr\/wp-json\/wp\/v2\/ppma_author?post=29295"}],"curies":[{"name":"wp","href":"https:\/\/api.w.org\/{rel}","templated":true}]}}