{"id":29454,"date":"2025-03-12T07:20:34","date_gmt":"2025-03-12T06:20:34","guid":{"rendered":"https:\/\/dokdoc.eu\/2025\/03\/12\/vichy-sortir-des-embarras-de-la-memoire\/"},"modified":"2025-04-04T11:58:01","modified_gmt":"2025-04-04T09:58:01","slug":"vichy-sortir-des-embarras-de-la-memoire","status":"publish","type":"post","link":"https:\/\/dokdoc.eu\/fr\/2025\/03\/12\/vichy-sortir-des-embarras-de-la-memoire\/","title":{"rendered":"Vichy : sortir des embarras de la m\u00e9moire"},"content":{"rendered":"<figure id=\"attachment_29445\" aria-describedby=\"caption-attachment-29445\" style=\"width: 2000px\" class=\"wp-caption aligncenter\"><img fetchpriority=\"high\" decoding=\"async\" class=\"size-full wp-image-29445\" src=\"https:\/\/dokdoc.eu\/wp-content\/uploads\/2025\/03\/1_Ville-de-Vichy.jpg\" alt=\"Inauguration du nouveau monument \u00e0 la R\u00e9sistance (Copyright: Ville de Vichy)\" width=\"2000\" height=\"1331\" srcset=\"https:\/\/dokdoc.eu\/wp-content\/uploads\/2025\/03\/1_Ville-de-Vichy.jpg 2000w, https:\/\/dokdoc.eu\/wp-content\/uploads\/2025\/03\/1_Ville-de-Vichy-300x200.jpg 300w, https:\/\/dokdoc.eu\/wp-content\/uploads\/2025\/03\/1_Ville-de-Vichy-1024x681.jpg 1024w, https:\/\/dokdoc.eu\/wp-content\/uploads\/2025\/03\/1_Ville-de-Vichy-768x511.jpg 768w, https:\/\/dokdoc.eu\/wp-content\/uploads\/2025\/03\/1_Ville-de-Vichy-1536x1022.jpg 1536w\" sizes=\"(max-width: 2000px) 100vw, 2000px\" \/><figcaption id=\"caption-attachment-29445\" class=\"wp-caption-text\">Inauguration du nouveau monument \u00e0 la R\u00e9sistance (Copyright: Ville de Vichy)<\/figcaption><\/figure>\n<p><strong>La Ville de Vichy a renomm\u00e9 l\u2019an dernier six rues en hommage \u00e0 des r\u00e9sistants locaux : un geste qui t\u00e9moigne d\u2019une \u00e9volution significative de la strat\u00e9gie des \u00e9diles vichyssois concernant la gestion de la <\/strong><strong>m\u00e9moire des ann\u00e9es 1940-1944.<\/strong><\/p>\n<p><!--more--><\/p>\n<p>&nbsp;<\/p>\n<p>Depuis 1944, Vichy fait face \u00e0 une m\u00e9moire encombrante : celle de la pr\u00e9sence, pendant quatre ans, du gouvernement dirig\u00e9 par le mar\u00e9chal P\u00e9tain, engag\u00e9 dans une politique de collaboration avec l\u2019occupant. Ainsi, \u00e0 la Lib\u00e9ration, la ville demeure associ\u00e9e, voire assimil\u00e9e, \u00e0 un r\u00e9gime autoritaire. Le terme Vichy devient alors une m\u00e9tonymie d\u00e9signant les \u00ab ann\u00e9es noires \u00bb. Pour contrer cette association n\u00e9gative, les habitants comme les \u00e9diles ont mis en \u0153uvre deux strat\u00e9gies successives. D\u2019abord, entre 1944 et 1949, une tentative de disculpation de la ville de toute compromission, par l\u2019exaltation des actes de r\u00e9sistants locaux auxquels sont rendus de multiples hommages : pose de plaques comm\u00e9moratives, c\u00e9r\u00e9monies patriotiques, en phase avec une m\u00e9moire nationale glorifiant alors l\u2019h\u00e9ro\u00efsme de la R\u00e9sistance. Le conseil municipal issu de la Lib\u00e9ration va m\u00eame jusqu\u2019\u00e0 diffuser une proclamation officielle intitul\u00e9e : \u00ab\u00a0Vichy n&rsquo;est pas le si\u00e8ge d&rsquo;un gouvernement traitre \u00e0 la Patrie mais la Reine des Villes d&rsquo;Eaux \u00a0\u00bb (novembre 1944).<\/p>\n<p>\u00c0 partir des ann\u00e9es cinquante, cette strat\u00e9gie s\u2019efface au profit d\u2019une volont\u00e9 implicite de jeter le manteau de No\u00e9 sur ces ann\u00e9es sombres. Les municipalit\u00e9s successives s\u2019emploient alors \u00e0 insuffler un nouvel \u00e9lan \u00e0 la cit\u00e9 en cherchant \u00e0 compenser le d\u00e9clin du thermalisme par le d\u00e9veloppement d\u2019activit\u00e9s li\u00e9es \u00e0 la sant\u00e9 et au sport, dans l\u2019espoir de redonner \u00e0 Vichy une image tourn\u00e9e vers la jeunesse, et ainsi tourner la page d\u2019un pass\u00e9 r\u00e9cent et encore douloureux. D\u2019o\u00f9, pendant plusieurs d\u00e9cennies, <a href=\"https:\/\/www.dokumente-documents.info\/fileadmin\/sec_uploads\/tx_ewsdokumente\/dd-2017-1-artikel11.pdf\">l\u2019absence d\u2019une v\u00e9ritable politique m\u00e9morielle<\/a> concernant les ann\u00e9es d\u2019Occupation et le gouvernement p\u00e9tainiste. Peu de manifestations comm\u00e9moratives, refus r\u00e9p\u00e9t\u00e9 de tout projet de mus\u00e9e abordant cette p\u00e9riode, protestation syst\u00e9matique contre l\u2019usage de l\u2019adjectif \u00ab vichyste \u00bb ou m\u00eame <em>de la<\/em> m\u00e9tonymie Vichy pour d\u00e9signer les ann\u00e9es 1940 en France.<\/p>\n<p>&nbsp;<\/p>\n<figure id=\"attachment_29439\" aria-describedby=\"caption-attachment-29439\" style=\"width: 1024px\" class=\"wp-caption aligncenter\"><img decoding=\"async\" class=\"wp-image-29439\" src=\"https:\/\/dokdoc.eu\/wp-content\/uploads\/2025\/03\/2_1200px-Second_cabinet_of_Philippe_Petain_1940-300x214.jpg\" alt=\"Le premier gouvernement du R\u00e9gime de Vichy, 1940 (Copyright : Wikimedia Commons)\" width=\"1024\" height=\"729\" srcset=\"https:\/\/dokdoc.eu\/wp-content\/uploads\/2025\/03\/2_1200px-Second_cabinet_of_Philippe_Petain_1940-300x214.jpg 300w, https:\/\/dokdoc.eu\/wp-content\/uploads\/2025\/03\/2_1200px-Second_cabinet_of_Philippe_Petain_1940-1024x729.jpg 1024w, https:\/\/dokdoc.eu\/wp-content\/uploads\/2025\/03\/2_1200px-Second_cabinet_of_Philippe_Petain_1940-768x547.jpg 768w, https:\/\/dokdoc.eu\/wp-content\/uploads\/2025\/03\/2_1200px-Second_cabinet_of_Philippe_Petain_1940.jpg 1200w\" sizes=\"(max-width: 1024px) 100vw, 1024px\" \/><figcaption id=\"caption-attachment-29439\" class=\"wp-caption-text\">Le premier gouvernement du R\u00e9gime de Vichy, 1940 (Copyright : Wikimedia Commons)<\/figcaption><\/figure>\n<p>&nbsp;<\/p>\n<p>Il en r\u00e9sulte un d\u00e9calage flagrant entre la gestion locale de la m\u00e9moire, marqu\u00e9e par le silence, et l\u2019\u00e9volution de la m\u00e9moire nationale qui, \u00e0 partir des ann\u00e9es 1970-1980 \u2013 en lien avec les avanc\u00e9es historiographiques, notamment les travaux de Robert Paxton publi\u00e9s en 1973 \u2013, voit se multiplier les m\u00e9moriaux et les mus\u00e9es, jusqu\u2019\u00e0 aboutir en 1995 \u00e0 la reconnaissance, par Jacques Chirac dans son discours du <em>Vel d\u2019Hiv<\/em>, de la responsabilit\u00e9 de Fran\u00e7ais ayant \u00ab commis l\u2019irr\u00e9parable \u00bb. Recluse dans son silence, Vichy appara\u00eet jusqu\u2019au d\u00e9but du XXIe si\u00e8cle comme une \u00ab Atlantide de la m\u00e9moire \u00bb, selon l\u2019expression de Marc Lambron.<\/p>\n<p>&nbsp;<\/p>\n<h2><strong>Une politique m\u00e9morielle plus active<\/strong><\/h2>\n<p>\u00c0 partir des ann\u00e9es 2010, des inflexions de plus en plus nettes apparaissent. L\u2019\u00e9loignement temporel, le renouvellement g\u00e9n\u00e9rationnel, les transformations de la structure de la population et le d\u00e9calage croissant avec ce qui se passe ailleurs en France font na\u00eetre une demande grandissante de connaissance, tant de la part des Vichyssois que des visiteurs ext\u00e9rieurs, souvent \u00e9tonn\u00e9s par l\u2019absence criante de toute indication relative aux quatre ann\u00e9es du r\u00e9gime p\u00e9tainiste. Cette demande sociale s\u2019exprime \u00e0 plusieurs reprises : mise en place d\u2019un parcours par l\u2019Office de tourisme, qui rencontre imm\u00e9diatement son public ; succ\u00e8s du livre <em>Vichy contre Vichy<\/em> publi\u00e9 en 2019 par l\u2019historienne locale Audrey Mallet ; cr\u00e9ation, en 2016, d\u2019une association \u2013 le <a href=\"https:\/\/cierv-vichy.fr\/\"><em>CIERV<\/em><\/a> (<em>Centre International d\u2019\u00c9tudes et de Recherches de Vichy<\/em>) \u2013 qui se donne pour objectif d\u2019organiser conf\u00e9rences et rencontres d\u2019historiens. D\u00e8s sa premi\u00e8re manifestation, celle-ci r\u00e9unit plus de 300 auditeurs ; depuis, elle a accueilli plus de 70 \u00e9v\u00e9nements suivis par un public nombreux.<\/p>\n<p>Cons\u00e9quence ou simple concomitance ? En 2017, un changement de municipalit\u00e9 se produit. L\u2019arriv\u00e9e d\u2019un nouveau maire, Fr\u00e9d\u00e9ric Aguilera, issu d\u2019une nouvelle g\u00e9n\u00e9ration, permet des inflexions notables. Deux ans plus tard, dans le cadre d\u2019une candidature \u00e0 l\u2019UNESCO, une exposition consacr\u00e9e \u00e0 l\u2019histoire de la ville est organis\u00e9e. Elle comprend \u2013 pour la premi\u00e8re fois \u2013 une section d\u00e9di\u00e9e aux ann\u00e9es quarante. De nouvelles d\u00e9nominations sont attribu\u00e9es \u00e0 des squares, esplanades et rues, qui portent d\u00e9sormais les noms de r\u00e9sistants ou de victimes de la Shoah.<\/p>\n<p>&nbsp;<\/p>\n<figure id=\"attachment_29441\" aria-describedby=\"caption-attachment-29441\" style=\"width: 1024px\" class=\"wp-caption aligncenter\"><img decoding=\"async\" class=\"wp-image-29441\" src=\"https:\/\/dokdoc.eu\/wp-content\/uploads\/2025\/03\/3_Allee_Helene_et_Gaston_Regnier_Vichy_plaque_2024-08-26.jpg\" alt=\"Plaque de l'all\u00e9e H\u00e9l\u00e8ne et Gaston Regnier \u00e0 Vichy (Copyright : Wikimedia Commons)\" width=\"1024\" height=\"683\" srcset=\"https:\/\/dokdoc.eu\/wp-content\/uploads\/2025\/03\/3_Allee_Helene_et_Gaston_Regnier_Vichy_plaque_2024-08-26.jpg 640w, https:\/\/dokdoc.eu\/wp-content\/uploads\/2025\/03\/3_Allee_Helene_et_Gaston_Regnier_Vichy_plaque_2024-08-26-300x200.jpg 300w\" sizes=\"(max-width: 1024px) 100vw, 1024px\" \/><figcaption id=\"caption-attachment-29441\" class=\"wp-caption-text\">Plaque de l&rsquo;all\u00e9e H\u00e9l\u00e8ne et Gaston Regnier \u00e0 Vichy (Copyright : Wikimedia Commons)<\/figcaption><\/figure>\n<p>&nbsp;<\/p>\n<p>Des plaques \u2013 certes discr\u00e8tes \u2013 sont appos\u00e9es sur certains b\u00e2timents ayant eu une fonction entre 1940 et 1944 ; un QR code y est associ\u00e9, permettant aux visiteurs d\u2019acc\u00e9der \u00e0 une information plus substantielle. En 2022, en partenariat avec le <em>M\u00e9morial de la Shoah<\/em>, une semaine m\u00e9morielle consacr\u00e9e \u00e0 la Shoah et aux g\u00e9nocides est organis\u00e9e. Depuis, elle a lieu chaque ann\u00e9e. Enfin, un projet de mus\u00e9e d\u2019histoire de la ville, dans lequel les ann\u00e9es 1940 seraient abord\u00e9es, est mis en \u0153uvre. Initialement pr\u00e9vue pour 2026, son ouverture a toutefois \u00e9t\u00e9 report\u00e9e \u00e0 2030.<\/p>\n<p>&nbsp;<\/p>\n<h2><strong>Une certaine d\u00e9tente<\/strong><\/h2>\n<p>Longtemps marqu\u00e9 par un silence pesant, le sujet est d\u00e9sormais port\u00e9 \u00e0 la fois par la municipalit\u00e9 et par des associations locales, s\u2019int\u00e9grant peu \u00e0 peu \u00e0 la m\u00e9moire collective de fa\u00e7on plus apais\u00e9e. Cela ne signifie pas pour autant que la question m\u00e9morielle est enti\u00e8rement r\u00e9solue.<br \/>\nSi la m\u00e9moire p\u00e9tainiste est aujourd\u2019hui tr\u00e8s marginale \u2013 l\u2019Association pour la D\u00e9fense de la M\u00e9moire de P\u00e9tain, propri\u00e9taire de l\u2019appartement \u00e0 <em>l\u2019h\u00f4tel du Parc<\/em>, n\u2019a plus qu\u2019une activit\u00e9 tr\u00e8s r\u00e9duite \u2013, les r\u00e9ticences \u00e0 \u00e9voquer cette p\u00e9riode demeurent encore vives. Le projet de mus\u00e9e avance lentement : si la th\u00e9matique retenue est celle de l\u2019histoire de la ville depuis ses origines, on a du mal \u00e0 percevoir la probl\u00e9matique unificatrice qui lui donnera une coh\u00e9rence intellectuelle, et surtout \u00e0 savoir quelle place y occuperont les ann\u00e9es quarante. Par ailleurs, certaines crispations persistent autour des questions de vocabulaire. L\u2019usage de l\u2019expression \u00ab r\u00e9gime de Vichy \u00bb par la presse, les responsables politiques ou les historiens est per\u00e7u comme irritant, tant par les \u00e9diles que par une partie des habitants qui la jugent stigmatisante. La municipalit\u00e9 \u2013 malgr\u00e9 les \u00e9volutions de ces derni\u00e8res ann\u00e9es \u2013 continue de r\u00e9agir de mani\u00e8re \u00e9pidermique \u00e0 ce qu\u2019elle consid\u00e8re comme un m\u00e9susage, estimant que ce type de formulation revient \u00e0 faire porter \u00e0 la ville de Vichy une responsabilit\u00e9 qui rel\u00e8ve en r\u00e9alit\u00e9 de la nation tout enti\u00e8re. Un argument pour le moins paradoxal, \u00e0 une \u00e9poque o\u00f9 la communaut\u00e9 nationale multiplie les d\u00e9clarations publiques, les actes de repentance, les mus\u00e9es et les expositions \u2013 y compris celles organis\u00e9es par le <em>M\u00e9morial de la Shoah<\/em>, avec lequel Vichy entretient d\u2019ailleurs un partenariat.<br \/>\nC\u2019est probablement par un travail d\u2019histoire approfondi, abordant tous les aspects encore mal connus \u2013 la R\u00e9sistance locale, l\u2019attitude de la municipalit\u00e9 entre 1940 et 1944, celles des Vichyssois et des diff\u00e9rents groupes sociaux face au pouvoir p\u00e9tainiste \u2013 qu\u2019un travail m\u00e9moriel, du reste d\u00e9j\u00e0 bien engag\u00e9, pourra v\u00e9ritablement aboutir. Ce processus doit \u00eatre maintenant prolong\u00e9 et d\u00e9pass\u00e9 les crispations, les postures victimaires et les proc\u00e8s d\u2019intention. C\u2019est \u00e0 cette condition que Vichy pourra envisager sereinement son avenir, tout en faisant face sereinement \u00e0 son pass\u00e9.<\/p>\n<p>&nbsp;<\/p>\n<h2><strong>L&rsquo;auteur<\/strong><\/h2>\n<figure id=\"attachment_29443\" aria-describedby=\"caption-attachment-29443\" style=\"width: 210px\" class=\"wp-caption alignleft\"><img loading=\"lazy\" decoding=\"async\" class=\" wp-image-29443\" src=\"https:\/\/dokdoc.eu\/wp-content\/uploads\/2025\/03\/4_Photo-Promerat.jpg\" alt=\"Michel Prom\u00e9rat (Copyright : priv\u00e9)\" width=\"210\" height=\"284\" srcset=\"https:\/\/dokdoc.eu\/wp-content\/uploads\/2025\/03\/4_Photo-Promerat.jpg 380w, https:\/\/dokdoc.eu\/wp-content\/uploads\/2025\/03\/4_Photo-Promerat-222x300.jpg 222w\" sizes=\"(max-width: 210px) 100vw, 210px\" \/><figcaption id=\"caption-attachment-29443\" class=\"wp-caption-text\">Michel Prom\u00e9rat (Copyright : priv\u00e9)<\/figcaption><\/figure>\n<p><em>Michel Prom\u00e9rat est professeur agr\u00e9g\u00e9 d\u2019histoire. Il a enseign\u00e9 en coll\u00e8ge, lyc\u00e9e et classes pr\u00e9paratoires, avant d\u2019exercer les fonctions d\u2019Inspecteur P\u00e9dagogique R\u00e9gional. Il est actuellement pr\u00e9sident du Centre International d\u2019\u00c9tudes et de Recherches de Vichy (CIERV), une association fond\u00e9e en 2016, qui \u0153uvre localement pour une meilleure prise en compte des ann\u00e9es d\u2019Occupation dans la ville. <\/em><\/p>\n<p>&nbsp;<\/p>\n","protected":false},"excerpt":{"rendered":"<p>La Ville de Vichy a renomm\u00e9 l\u2019an dernier six rues en hommage \u00e0 des r\u00e9sistants locaux : un geste qui t\u00e9moigne d\u2019une \u00e9volution significative de la strat\u00e9gie des \u00e9diles vichyssois concernant la gestion de la m\u00e9moire des ann\u00e9es 1940-1944.<\/p>\n","protected":false},"author":1,"featured_media":29446,"comment_status":"closed","ping_status":"closed","sticky":false,"template":"","format":"standard","meta":{"om_disable_all_campaigns":false,"_monsterinsights_skip_tracking":false,"_monsterinsights_sitenote_active":false,"_monsterinsights_sitenote_note":"","_monsterinsights_sitenote_category":0,"_uf_show_specific_survey":0,"_uf_disable_surveys":false,"footnotes":""},"categories":[114],"tags":[],"ppma_author":[1018],"class_list":["post-29454","post","type-post","status-publish","format-standard","has-post-thumbnail","hentry","category-politique-fr-2"],"yoast_head":"<!-- This site is optimized with the Yoast SEO plugin v27.5 - https:\/\/yoast.com\/product\/yoast-seo-wordpress\/ -->\n<title>Vichy : sortir des embarras de la m\u00e9moire - dokdoc.eu<\/title>\n<meta name=\"robots\" content=\"index, follow, max-snippet:-1, max-image-preview:large, max-video-preview:-1\" \/>\n<link rel=\"canonical\" href=\"https:\/\/dokdoc.eu\/fr\/2025\/03\/12\/vichy-sortir-des-embarras-de-la-memoire\/\" \/>\n<meta property=\"og:locale\" content=\"fr_FR\" \/>\n<meta property=\"og:type\" content=\"article\" \/>\n<meta property=\"og:title\" content=\"Vichy : sortir des embarras de la m\u00e9moire - dokdoc.eu\" \/>\n<meta property=\"og:description\" content=\"La Ville de Vichy a renomm\u00e9 l\u2019an dernier six rues en hommage \u00e0 des r\u00e9sistants locaux : un geste qui t\u00e9moigne d\u2019une \u00e9volution significative de la strat\u00e9gie des \u00e9diles vichyssois concernant la gestion de la m\u00e9moire des ann\u00e9es 1940-1944.\" \/>\n<meta property=\"og:url\" content=\"https:\/\/dokdoc.eu\/fr\/2025\/03\/12\/vichy-sortir-des-embarras-de-la-memoire\/\" \/>\n<meta property=\"og:site_name\" content=\"dokdoc.eu\" \/>\n<meta property=\"article:published_time\" content=\"2025-03-12T06:20:34+00:00\" \/>\n<meta property=\"article:modified_time\" content=\"2025-04-04T09:58:01+00:00\" \/>\n<meta property=\"og:image\" content=\"https:\/\/dokdoc.eu\/wp-content\/uploads\/2025\/03\/1_Ville-de-Vichy-1024x681.jpg\" \/>\n\t<meta property=\"og:image:width\" content=\"1024\" \/>\n\t<meta property=\"og:image:height\" content=\"681\" \/>\n\t<meta property=\"og:image:type\" content=\"image\/jpeg\" \/>\n<meta name=\"author\" content=\"Michel Prom\u00e9rat\" \/>\n<meta name=\"twitter:card\" content=\"summary_large_image\" \/>\n<meta name=\"twitter:label1\" content=\"\u00c9crit par\" \/>\n\t<meta name=\"twitter:data1\" content=\"RochowMedienagentur\" \/>\n\t<meta name=\"twitter:label2\" content=\"Dur\u00e9e de lecture estim\u00e9e\" \/>\n\t<meta name=\"twitter:data2\" content=\"8 minutes\" \/>\n<script type=\"application\/ld+json\" class=\"yoast-schema-graph\">{\"@context\":\"https:\\\/\\\/schema.org\",\"@graph\":[{\"@type\":\"Article\",\"@id\":\"https:\\\/\\\/dokdoc.eu\\\/fr\\\/2025\\\/03\\\/12\\\/vichy-sortir-des-embarras-de-la-memoire\\\/#article\",\"isPartOf\":{\"@id\":\"https:\\\/\\\/dokdoc.eu\\\/fr\\\/2025\\\/03\\\/12\\\/vichy-sortir-des-embarras-de-la-memoire\\\/\"},\"author\":{\"name\":\"RochowMedienagentur\",\"@id\":\"https:\\\/\\\/dokdoc.eu\\\/fr\\\/#\\\/schema\\\/person\\\/d760e6e53df901fd9522f1d3a1e46621\"},\"headline\":\"Vichy : sortir des embarras de la m\u00e9moire\",\"datePublished\":\"2025-03-12T06:20:34+00:00\",\"dateModified\":\"2025-04-04T09:58:01+00:00\",\"mainEntityOfPage\":{\"@id\":\"https:\\\/\\\/dokdoc.eu\\\/fr\\\/2025\\\/03\\\/12\\\/vichy-sortir-des-embarras-de-la-memoire\\\/\"},\"wordCount\":1440,\"publisher\":{\"@id\":\"https:\\\/\\\/dokdoc.eu\\\/fr\\\/#organization\"},\"image\":{\"@id\":\"https:\\\/\\\/dokdoc.eu\\\/fr\\\/2025\\\/03\\\/12\\\/vichy-sortir-des-embarras-de-la-memoire\\\/#primaryimage\"},\"thumbnailUrl\":\"https:\\\/\\\/dokdoc.eu\\\/wp-content\\\/uploads\\\/2025\\\/03\\\/1_Ville-de-Vichy.jpg\",\"articleSection\":[\"Politique\"],\"inLanguage\":\"fr-FR\"},{\"@type\":\"WebPage\",\"@id\":\"https:\\\/\\\/dokdoc.eu\\\/fr\\\/2025\\\/03\\\/12\\\/vichy-sortir-des-embarras-de-la-memoire\\\/\",\"url\":\"https:\\\/\\\/dokdoc.eu\\\/fr\\\/2025\\\/03\\\/12\\\/vichy-sortir-des-embarras-de-la-memoire\\\/\",\"name\":\"Vichy : sortir des embarras de la m\u00e9moire - dokdoc.eu\",\"isPartOf\":{\"@id\":\"https:\\\/\\\/dokdoc.eu\\\/fr\\\/#website\"},\"primaryImageOfPage\":{\"@id\":\"https:\\\/\\\/dokdoc.eu\\\/fr\\\/2025\\\/03\\\/12\\\/vichy-sortir-des-embarras-de-la-memoire\\\/#primaryimage\"},\"image\":{\"@id\":\"https:\\\/\\\/dokdoc.eu\\\/fr\\\/2025\\\/03\\\/12\\\/vichy-sortir-des-embarras-de-la-memoire\\\/#primaryimage\"},\"thumbnailUrl\":\"https:\\\/\\\/dokdoc.eu\\\/wp-content\\\/uploads\\\/2025\\\/03\\\/1_Ville-de-Vichy.jpg\",\"datePublished\":\"2025-03-12T06:20:34+00:00\",\"dateModified\":\"2025-04-04T09:58:01+00:00\",\"breadcrumb\":{\"@id\":\"https:\\\/\\\/dokdoc.eu\\\/fr\\\/2025\\\/03\\\/12\\\/vichy-sortir-des-embarras-de-la-memoire\\\/#breadcrumb\"},\"inLanguage\":\"fr-FR\",\"potentialAction\":[{\"@type\":\"ReadAction\",\"target\":[\"https:\\\/\\\/dokdoc.eu\\\/fr\\\/2025\\\/03\\\/12\\\/vichy-sortir-des-embarras-de-la-memoire\\\/\"]}]},{\"@type\":\"ImageObject\",\"inLanguage\":\"fr-FR\",\"@id\":\"https:\\\/\\\/dokdoc.eu\\\/fr\\\/2025\\\/03\\\/12\\\/vichy-sortir-des-embarras-de-la-memoire\\\/#primaryimage\",\"url\":\"https:\\\/\\\/dokdoc.eu\\\/wp-content\\\/uploads\\\/2025\\\/03\\\/1_Ville-de-Vichy.jpg\",\"contentUrl\":\"https:\\\/\\\/dokdoc.eu\\\/wp-content\\\/uploads\\\/2025\\\/03\\\/1_Ville-de-Vichy.jpg\",\"width\":2000,\"height\":1331,\"caption\":\"Einweihung des Denkmals zu Ehren der Widerstandsk\u00e4mpfer des Zweiten Weltkriegs, Vichy, 26. August 2024 (Copyright: Ville de Vichy) \\\/ Inauguration du nouveau monument \u00e0 la R\u00e9sistance.\"},{\"@type\":\"BreadcrumbList\",\"@id\":\"https:\\\/\\\/dokdoc.eu\\\/fr\\\/2025\\\/03\\\/12\\\/vichy-sortir-des-embarras-de-la-memoire\\\/#breadcrumb\",\"itemListElement\":[{\"@type\":\"ListItem\",\"position\":1,\"name\":\"Startseite\",\"item\":\"https:\\\/\\\/dokdoc.eu\\\/fr\\\/\"},{\"@type\":\"ListItem\",\"position\":2,\"name\":\"Vichy : sortir des embarras de la m\u00e9moire\"}]},{\"@type\":\"WebSite\",\"@id\":\"https:\\\/\\\/dokdoc.eu\\\/fr\\\/#website\",\"url\":\"https:\\\/\\\/dokdoc.eu\\\/fr\\\/\",\"name\":\"dokdoc.eu\",\"description\":\"\",\"publisher\":{\"@id\":\"https:\\\/\\\/dokdoc.eu\\\/fr\\\/#organization\"},\"potentialAction\":[{\"@type\":\"SearchAction\",\"target\":{\"@type\":\"EntryPoint\",\"urlTemplate\":\"https:\\\/\\\/dokdoc.eu\\\/fr\\\/?s={search_term_string}\"},\"query-input\":{\"@type\":\"PropertyValueSpecification\",\"valueRequired\":true,\"valueName\":\"search_term_string\"}}],\"inLanguage\":\"fr-FR\"},{\"@type\":\"Organization\",\"@id\":\"https:\\\/\\\/dokdoc.eu\\\/fr\\\/#organization\",\"name\":\"dokdoc.eu\",\"url\":\"https:\\\/\\\/dokdoc.eu\\\/fr\\\/\",\"logo\":{\"@type\":\"ImageObject\",\"inLanguage\":\"fr-FR\",\"@id\":\"https:\\\/\\\/dokdoc.eu\\\/fr\\\/#\\\/schema\\\/logo\\\/image\\\/\",\"url\":\"https:\\\/\\\/dokdoc.eu\\\/wp-content\\\/uploads\\\/2019\\\/08\\\/cropped-logo_dokdoc-e1720795013301.png\",\"contentUrl\":\"https:\\\/\\\/dokdoc.eu\\\/wp-content\\\/uploads\\\/2019\\\/08\\\/cropped-logo_dokdoc-e1720795013301.png\",\"width\":150,\"height\":110,\"caption\":\"dokdoc.eu\"},\"image\":{\"@id\":\"https:\\\/\\\/dokdoc.eu\\\/fr\\\/#\\\/schema\\\/logo\\\/image\\\/\"}},{\"@type\":\"Person\",\"@id\":\"https:\\\/\\\/dokdoc.eu\\\/fr\\\/#\\\/schema\\\/person\\\/d760e6e53df901fd9522f1d3a1e46621\",\"name\":\"RochowMedienagentur\",\"image\":{\"@type\":\"ImageObject\",\"inLanguage\":\"fr-FR\",\"@id\":\"https:\\\/\\\/dokdoc.eu\\\/wp-content\\\/uploads\\\/2019\\\/08\\\/cropped-logo_dokdoc-e1720795013301.png830075fd1c1a1f70247b47fa84cf0f00\",\"url\":\"https:\\\/\\\/dokdoc.eu\\\/wp-content\\\/uploads\\\/2019\\\/08\\\/cropped-logo_dokdoc-e1720795013301.png\",\"contentUrl\":\"https:\\\/\\\/dokdoc.eu\\\/wp-content\\\/uploads\\\/2019\\\/08\\\/cropped-logo_dokdoc-e1720795013301.png\",\"caption\":\"RochowMedienagentur\"},\"sameAs\":[\"https:\\\/\\\/dokdoc.eu\"],\"url\":\"https:\\\/\\\/dokdoc.eu\\\/fr\\\/author\\\/rochowmedienagentur\\\/\"}]}<\/script>\n<!-- \/ Yoast SEO plugin. -->","yoast_head_json":{"title":"Vichy : sortir des embarras de la m\u00e9moire - dokdoc.eu","robots":{"index":"index","follow":"follow","max-snippet":"max-snippet:-1","max-image-preview":"max-image-preview:large","max-video-preview":"max-video-preview:-1"},"canonical":"https:\/\/dokdoc.eu\/fr\/2025\/03\/12\/vichy-sortir-des-embarras-de-la-memoire\/","og_locale":"fr_FR","og_type":"article","og_title":"Vichy : sortir des embarras de la m\u00e9moire - dokdoc.eu","og_description":"La Ville de Vichy a renomm\u00e9 l\u2019an dernier six rues en hommage \u00e0 des r\u00e9sistants locaux : un geste qui t\u00e9moigne d\u2019une \u00e9volution significative de la strat\u00e9gie des \u00e9diles vichyssois concernant la gestion de la m\u00e9moire des ann\u00e9es 1940-1944.","og_url":"https:\/\/dokdoc.eu\/fr\/2025\/03\/12\/vichy-sortir-des-embarras-de-la-memoire\/","og_site_name":"dokdoc.eu","article_published_time":"2025-03-12T06:20:34+00:00","article_modified_time":"2025-04-04T09:58:01+00:00","og_image":[{"width":1024,"height":681,"url":"https:\/\/dokdoc.eu\/wp-content\/uploads\/2025\/03\/1_Ville-de-Vichy-1024x681.jpg","type":"image\/jpeg"}],"author":"Michel Prom\u00e9rat","twitter_card":"summary_large_image","twitter_misc":{"\u00c9crit par":"RochowMedienagentur","Dur\u00e9e de lecture estim\u00e9e":"8 minutes"},"schema":{"@context":"https:\/\/schema.org","@graph":[{"@type":"Article","@id":"https:\/\/dokdoc.eu\/fr\/2025\/03\/12\/vichy-sortir-des-embarras-de-la-memoire\/#article","isPartOf":{"@id":"https:\/\/dokdoc.eu\/fr\/2025\/03\/12\/vichy-sortir-des-embarras-de-la-memoire\/"},"author":{"name":"RochowMedienagentur","@id":"https:\/\/dokdoc.eu\/fr\/#\/schema\/person\/d760e6e53df901fd9522f1d3a1e46621"},"headline":"Vichy : sortir des embarras de la m\u00e9moire","datePublished":"2025-03-12T06:20:34+00:00","dateModified":"2025-04-04T09:58:01+00:00","mainEntityOfPage":{"@id":"https:\/\/dokdoc.eu\/fr\/2025\/03\/12\/vichy-sortir-des-embarras-de-la-memoire\/"},"wordCount":1440,"publisher":{"@id":"https:\/\/dokdoc.eu\/fr\/#organization"},"image":{"@id":"https:\/\/dokdoc.eu\/fr\/2025\/03\/12\/vichy-sortir-des-embarras-de-la-memoire\/#primaryimage"},"thumbnailUrl":"https:\/\/dokdoc.eu\/wp-content\/uploads\/2025\/03\/1_Ville-de-Vichy.jpg","articleSection":["Politique"],"inLanguage":"fr-FR"},{"@type":"WebPage","@id":"https:\/\/dokdoc.eu\/fr\/2025\/03\/12\/vichy-sortir-des-embarras-de-la-memoire\/","url":"https:\/\/dokdoc.eu\/fr\/2025\/03\/12\/vichy-sortir-des-embarras-de-la-memoire\/","name":"Vichy : sortir des embarras de la m\u00e9moire - dokdoc.eu","isPartOf":{"@id":"https:\/\/dokdoc.eu\/fr\/#website"},"primaryImageOfPage":{"@id":"https:\/\/dokdoc.eu\/fr\/2025\/03\/12\/vichy-sortir-des-embarras-de-la-memoire\/#primaryimage"},"image":{"@id":"https:\/\/dokdoc.eu\/fr\/2025\/03\/12\/vichy-sortir-des-embarras-de-la-memoire\/#primaryimage"},"thumbnailUrl":"https:\/\/dokdoc.eu\/wp-content\/uploads\/2025\/03\/1_Ville-de-Vichy.jpg","datePublished":"2025-03-12T06:20:34+00:00","dateModified":"2025-04-04T09:58:01+00:00","breadcrumb":{"@id":"https:\/\/dokdoc.eu\/fr\/2025\/03\/12\/vichy-sortir-des-embarras-de-la-memoire\/#breadcrumb"},"inLanguage":"fr-FR","potentialAction":[{"@type":"ReadAction","target":["https:\/\/dokdoc.eu\/fr\/2025\/03\/12\/vichy-sortir-des-embarras-de-la-memoire\/"]}]},{"@type":"ImageObject","inLanguage":"fr-FR","@id":"https:\/\/dokdoc.eu\/fr\/2025\/03\/12\/vichy-sortir-des-embarras-de-la-memoire\/#primaryimage","url":"https:\/\/dokdoc.eu\/wp-content\/uploads\/2025\/03\/1_Ville-de-Vichy.jpg","contentUrl":"https:\/\/dokdoc.eu\/wp-content\/uploads\/2025\/03\/1_Ville-de-Vichy.jpg","width":2000,"height":1331,"caption":"Einweihung des Denkmals zu Ehren der Widerstandsk\u00e4mpfer des Zweiten Weltkriegs, Vichy, 26. August 2024 (Copyright: Ville de Vichy) \/ Inauguration du nouveau monument \u00e0 la R\u00e9sistance."},{"@type":"BreadcrumbList","@id":"https:\/\/dokdoc.eu\/fr\/2025\/03\/12\/vichy-sortir-des-embarras-de-la-memoire\/#breadcrumb","itemListElement":[{"@type":"ListItem","position":1,"name":"Startseite","item":"https:\/\/dokdoc.eu\/fr\/"},{"@type":"ListItem","position":2,"name":"Vichy : sortir des embarras de la m\u00e9moire"}]},{"@type":"WebSite","@id":"https:\/\/dokdoc.eu\/fr\/#website","url":"https:\/\/dokdoc.eu\/fr\/","name":"dokdoc.eu","description":"","publisher":{"@id":"https:\/\/dokdoc.eu\/fr\/#organization"},"potentialAction":[{"@type":"SearchAction","target":{"@type":"EntryPoint","urlTemplate":"https:\/\/dokdoc.eu\/fr\/?s={search_term_string}"},"query-input":{"@type":"PropertyValueSpecification","valueRequired":true,"valueName":"search_term_string"}}],"inLanguage":"fr-FR"},{"@type":"Organization","@id":"https:\/\/dokdoc.eu\/fr\/#organization","name":"dokdoc.eu","url":"https:\/\/dokdoc.eu\/fr\/","logo":{"@type":"ImageObject","inLanguage":"fr-FR","@id":"https:\/\/dokdoc.eu\/fr\/#\/schema\/logo\/image\/","url":"https:\/\/dokdoc.eu\/wp-content\/uploads\/2019\/08\/cropped-logo_dokdoc-e1720795013301.png","contentUrl":"https:\/\/dokdoc.eu\/wp-content\/uploads\/2019\/08\/cropped-logo_dokdoc-e1720795013301.png","width":150,"height":110,"caption":"dokdoc.eu"},"image":{"@id":"https:\/\/dokdoc.eu\/fr\/#\/schema\/logo\/image\/"}},{"@type":"Person","@id":"https:\/\/dokdoc.eu\/fr\/#\/schema\/person\/d760e6e53df901fd9522f1d3a1e46621","name":"RochowMedienagentur","image":{"@type":"ImageObject","inLanguage":"fr-FR","@id":"https:\/\/dokdoc.eu\/wp-content\/uploads\/2019\/08\/cropped-logo_dokdoc-e1720795013301.png830075fd1c1a1f70247b47fa84cf0f00","url":"https:\/\/dokdoc.eu\/wp-content\/uploads\/2019\/08\/cropped-logo_dokdoc-e1720795013301.png","contentUrl":"https:\/\/dokdoc.eu\/wp-content\/uploads\/2019\/08\/cropped-logo_dokdoc-e1720795013301.png","caption":"RochowMedienagentur"},"sameAs":["https:\/\/dokdoc.eu"],"url":"https:\/\/dokdoc.eu\/fr\/author\/rochowmedienagentur\/"}]}},"authors":[{"term_id":1018,"user_id":0,"is_guest":1,"slug":"michel-promerat","display_name":"Michel Prom\u00e9rat","avatar_url":{"url":"https:\/\/dokdoc.eu\/wp-content\/uploads\/2019\/08\/cropped-logo_dokdoc-e1720795013301.png","url2x":"https:\/\/dokdoc.eu\/wp-content\/uploads\/2019\/08\/cropped-logo_dokdoc-e1720795013301.png"},"0":null,"1":"","2":"","3":"","4":"","5":"","6":"","7":"","8":""}],"_links":{"self":[{"href":"https:\/\/dokdoc.eu\/fr\/wp-json\/wp\/v2\/posts\/29454","targetHints":{"allow":["GET"]}}],"collection":[{"href":"https:\/\/dokdoc.eu\/fr\/wp-json\/wp\/v2\/posts"}],"about":[{"href":"https:\/\/dokdoc.eu\/fr\/wp-json\/wp\/v2\/types\/post"}],"author":[{"embeddable":true,"href":"https:\/\/dokdoc.eu\/fr\/wp-json\/wp\/v2\/users\/1"}],"replies":[{"embeddable":true,"href":"https:\/\/dokdoc.eu\/fr\/wp-json\/wp\/v2\/comments?post=29454"}],"version-history":[{"count":5,"href":"https:\/\/dokdoc.eu\/fr\/wp-json\/wp\/v2\/posts\/29454\/revisions"}],"predecessor-version":[{"id":29631,"href":"https:\/\/dokdoc.eu\/fr\/wp-json\/wp\/v2\/posts\/29454\/revisions\/29631"}],"wp:featuredmedia":[{"embeddable":true,"href":"https:\/\/dokdoc.eu\/fr\/wp-json\/wp\/v2\/media\/29446"}],"wp:attachment":[{"href":"https:\/\/dokdoc.eu\/fr\/wp-json\/wp\/v2\/media?parent=29454"}],"wp:term":[{"taxonomy":"category","embeddable":true,"href":"https:\/\/dokdoc.eu\/fr\/wp-json\/wp\/v2\/categories?post=29454"},{"taxonomy":"post_tag","embeddable":true,"href":"https:\/\/dokdoc.eu\/fr\/wp-json\/wp\/v2\/tags?post=29454"},{"taxonomy":"author","embeddable":true,"href":"https:\/\/dokdoc.eu\/fr\/wp-json\/wp\/v2\/ppma_author?post=29454"}],"curies":[{"name":"wp","href":"https:\/\/api.w.org\/{rel}","templated":true}]}}