{"id":29592,"date":"2025-03-27T22:24:05","date_gmt":"2025-03-27T21:24:05","guid":{"rendered":"https:\/\/dokdoc.eu\/?p=29592"},"modified":"2025-03-27T22:35:27","modified_gmt":"2025-03-27T21:35:27","slug":"le-modele-melenchon-ne-fonctionne-pas-en-allemagne","status":"publish","type":"post","link":"https:\/\/dokdoc.eu\/fr\/2025\/03\/27\/le-modele-melenchon-ne-fonctionne-pas-en-allemagne\/","title":{"rendered":"\u00ab Le \u2018mod\u00e8le M\u00e9lenchon\u2019 ne fonctionne pas en Allemagne \u00bb"},"content":{"rendered":"<figure id=\"attachment_29583\" aria-describedby=\"caption-attachment-29583\" style=\"width: 1024px\" class=\"wp-caption aligncenter\"><img fetchpriority=\"high\" decoding=\"async\" class=\"wp-image-29583\" src=\"https:\/\/dokdoc.eu\/wp-content\/uploads\/2025\/03\/1_Wahlkampf-Endspurt_im_Kosmos_Berlin_-_54342533515_21-February-2025--300x200.jpg\" alt=\"De gauche \u00e0 droite : Jan van Aken, Ines Schwerdtner, Heidi Reichinnek et Gregor Gysi, Berlin, 21 f\u00e9vrier 2025 (Copyright: Wikimedia Commons)\" width=\"1024\" height=\"683\" srcset=\"https:\/\/dokdoc.eu\/wp-content\/uploads\/2025\/03\/1_Wahlkampf-Endspurt_im_Kosmos_Berlin_-_54342533515_21-February-2025--300x200.jpg 300w, https:\/\/dokdoc.eu\/wp-content\/uploads\/2025\/03\/1_Wahlkampf-Endspurt_im_Kosmos_Berlin_-_54342533515_21-February-2025--1024x683.jpg 1024w, https:\/\/dokdoc.eu\/wp-content\/uploads\/2025\/03\/1_Wahlkampf-Endspurt_im_Kosmos_Berlin_-_54342533515_21-February-2025--768x512.jpg 768w, https:\/\/dokdoc.eu\/wp-content\/uploads\/2025\/03\/1_Wahlkampf-Endspurt_im_Kosmos_Berlin_-_54342533515_21-February-2025-.jpg 1200w\" sizes=\"(max-width: 1024px) 100vw, 1024px\" \/><figcaption id=\"caption-attachment-29583\" class=\"wp-caption-text\">De gauche \u00e0 droite : Jan van Aken, Ines Schwerdtner, Heidi Reichinnek et Gregor Gysi, Berlin, 21 f\u00e9vrier 2025 (Copyright: Wikimedia Commons)<\/figcaption><\/figure>\n<p><strong>Johannes Kuhn a suivi la campagne \u00e9lectorale de Die Linke lors des derni\u00e8res \u00e9lections f\u00e9d\u00e9rales. Avec lui, nous sommes revenus sur le succ\u00e8s inattendu du parti ainsi que sur ses points communs et diff\u00e9rences avec La France Insoumise.\u00a0 <\/strong><!--more--><\/p>\n<p>&nbsp;<\/p>\n<p><em>dokdoc : Die Linke a pratiquement doubl\u00e9 son score lors des \u00e9lections du 23 f\u00e9vrier dernier, passant de 4,9% \u00e0 7,9%. Comment expliquez-vous un tel succ\u00e8s ?<\/em><\/p>\n<p>&nbsp;<\/p>\n<p>Johannes Kuhn : Le v\u00e9ritable catalyseur a \u00e9t\u00e9 le vote commun de la CDU\/CSU et de l&rsquo;AfD en faveur de la motion sur le durcissement de la politique migratoire. La gauche tournait alors autour de 4,5%, dans la foul\u00e9e, les sondages se sont nettement am\u00e9lior\u00e9s. <em>Die Linke<\/em> a \u00e9t\u00e9 le seul parti \u00e0 s\u2019opposer de fa\u00e7on tr\u00e8s claire \u00e0 la proposition de la CDU\/CSU. Pour dire les choses de mani\u00e8re cynique, c\u2019est Friedrich Merz qui a ressuscit\u00e9 le parti. Et si maintenant on regarde l\u2019ensemble de la campagne \u00e9lectorale, on constate que ce qui a aid\u00e9 <em>Die Linke<\/em>, c&rsquo;est qu&rsquo;elle s&rsquo;est concentr\u00e9e sur les th\u00e8mes qui constituent son ADN\u00a0: l&rsquo;inflation, les prix de l\u2019alimentation, les loyers \u00e9lev\u00e9s.<\/p>\n<p><em>\u00a0<\/em><\/p>\n<p><em>dokdoc : Aujourd\u2019hui, la question migratoire n\u2019occupe plus le haut de l\u2019agenda. Dans les derniers sondages, Die Linke pointe pourtant \u00e0 11%, ce qui correspond \u00e0 un gain d&rsquo;environ deux points par rapport aux \u00e9lections f\u00e9d\u00e9rales. Quelles en sont les raisons<\/em>\u00a0?<\/p>\n<p>&nbsp;<\/p>\n<p>Kuhn : <em>Die Linke<\/em> a r\u00e9ussi \u00e0 changer son image. Elle semble d\u00e9sormais plus forte, plus dynamique et revendique haut et fort son r\u00f4le d\u2019opposition au <em>Bundestag<\/em>. L&rsquo;Alliance Sahra Wagenknecht (BSW) et le FDP n\u2019\u00e9tant pas ou plus au <em>Bundestag<\/em>, le parti a d\u00e9sormais les coud\u00e9es franches.<\/p>\n<p><em>\u00a0<\/em><\/p>\n<p><em>dokdoc : Les r\u00e9seaux sociaux jouent un r\u00f4le essentiel dans la strat\u00e9gie de communication et de mobilisation de La France Insoumise (LFI). Le parti a un mod\u00e8le d&rsquo;organisation tr\u00e8s abouti qui encourage la participation de la base et l&rsquo;interaction avec ses partisans, les jeunes et les activistes pour le climat notamment. Qu\u2019en est-il de Die Linke\u00a0?<\/em><\/p>\n<p>&nbsp;<\/p>\n<p>Kuhn : <em>Die Linke <\/em>a longtemps \u00e9t\u00e9 consid\u00e9r\u00e9e comme d\u00e9mod\u00e9e notamment pour ce qui est des <em>r\u00e9seaux <\/em>sociaux. Mais cela a chang\u00e9 gr\u00e2ce, notamment, \u00e0 Heidi Reichinnek et \u00e0 sa pr\u00e9sence accrue sur TikTok et Instagram. Le parti a \u00e9galement engag\u00e9 des personnes qui connaissent bien les r\u00e9seaux sociaux. Tout le monde s&rsquo;y est mis, m\u00eame Gregor Gysi aujourd\u2019hui \u00e2g\u00e9 de 77 ans.<\/p>\n<p>&nbsp;<\/p>\n<p><em>dokdoc : En France, LFI est structur\u00e9e autour d&rsquo;un leader charismatique de 73 ans \u2013 Jean-Luc M\u00e9lenchon. Die Linke est organis\u00e9e de mani\u00e8re diff\u00e9rente. Le parti met en avant de jeunes femmes dynamiques, ce qui n\u2019enl\u00e8ve du reste rien au r\u00f4le de Jan van Aken. Quel regard portez-vous sur ces diff\u00e9rences ?\u00a0 <\/em><\/p>\n<p>&nbsp;<\/p>\n<p>Kuhn : Le \u00ab\u00a0mod\u00e8le M\u00e9lenchon\u00a0\u00bb est beaucoup plus pertinent pour le BSW que pour <em>Die Linke<\/em>. Le BSW repose sur une structure similaire : un leader charismatique, une pr\u00e9sence accrue les m\u00e9dias, un rayonnement d\u00e9passant le seul cadre de ses propres partisans. Mais dans le cas de Sahra Wagenknecht, on le voit, cette strat\u00e9gie n&rsquo;a pas march\u00e9, du moins jusqu&rsquo;\u00e0 pr\u00e9sent. Il y a un an, on aurait pu penser qu\u2019un parti de ce type, organis\u00e9 autour d\u2019une seule et m\u00eame personne, pouvait fonctionner en Allemagne. Aujourd&rsquo;hui, il est clair que ce n&rsquo;est pas le cas.<\/p>\n<p>&nbsp;<\/p>\n<figure id=\"attachment_29585\" aria-describedby=\"caption-attachment-29585\" style=\"width: 1024px\" class=\"wp-caption aligncenter\"><img decoding=\"async\" class=\"wp-image-29585\" src=\"https:\/\/dokdoc.eu\/wp-content\/uploads\/2025\/03\/2_2SA43TE-300x200.jpg\" alt=\"Jean-Luc M\u00e9lenchon le 28 janvier 2025 (Copyright: Alamy)\" width=\"1024\" height=\"683\" srcset=\"https:\/\/dokdoc.eu\/wp-content\/uploads\/2025\/03\/2_2SA43TE-300x200.jpg 300w, https:\/\/dokdoc.eu\/wp-content\/uploads\/2025\/03\/2_2SA43TE-1024x683.jpg 1024w, https:\/\/dokdoc.eu\/wp-content\/uploads\/2025\/03\/2_2SA43TE-768x512.jpg 768w, https:\/\/dokdoc.eu\/wp-content\/uploads\/2025\/03\/2_2SA43TE-1536x1024.jpg 1536w, https:\/\/dokdoc.eu\/wp-content\/uploads\/2025\/03\/2_2SA43TE-2048x1365.jpg 2048w\" sizes=\"(max-width: 1024px) 100vw, 1024px\" \/><figcaption id=\"caption-attachment-29585\" class=\"wp-caption-text\">Jean-Luc M\u00e9lenchon le 28 janvier 2025 (Copyright: Alamy)<\/figcaption><\/figure>\n<p>&nbsp;<\/p>\n<p><em>dokdoc : Quel regard les cercles de gauche portent-ils sur LFI ? <\/em><\/p>\n<p>&nbsp;<\/p>\n<p>Kuhn : Ils le consid\u00e8rent comme un alli\u00e9 naturel. On regarde avec int\u00e9r\u00eat \u2013 et parfois avec admiration \u2013 la capacit\u00e9 de LFI \u00e0 combiner force parlementaire et mobilisation extraparlementaire. La culture fran\u00e7aise de la contestation est pour beaucoup une source d&rsquo;inspiration. En Allemagne, il existe justement \u00e0 gauche un courant qui tente de se rapprocher des mouvements sociaux. Les r\u00e9sultats sont toutefois mitig\u00e9s. L&rsquo;id\u00e9e d&rsquo;unir forces institutionnelles et extra-institutionnelles ne fait pas non plus l&rsquo;unanimit\u00e9 au sein du parti. Pour certains, c\u2019est au <em>Bundestag<\/em> que les choses se jouent\u00a0; pour d\u2019autres, comme Jan van Aken, la force du parti r\u00e9side plut\u00f4t dans sa capacit\u00e9 \u00e0 \u00e9tablir un lien avec la rue.<\/p>\n<p><em>\u00a0<\/em><\/p>\n<p><em>dokdoc : Une chose que la France sait effectivement faire\u2026Quel r\u00f4le la France joue-t-elle d\u2019ailleurs dans les id\u00e9es du parti\u00a0? Die Linke n\u2019y a pas fait explicitement r\u00e9f\u00e9rence dans son programme pour les \u00e9lections f\u00e9d\u00e9rales\u00a0? <\/em><\/p>\n<p>&nbsp;<\/p>\n<p>Kuhn : <em>Die Linke<\/em> est certes paneurop\u00e9enne mais la France n&rsquo;est qu&rsquo;un pays parmi d&rsquo;autres. Pour le parti, le renforcement de la coop\u00e9ration franco-allemande doit \u00eatre en premier lieu mise au service d\u2019une \u00ab\u00a0Europe sociale\u00a0\u00bb.<\/p>\n<p><em>\u00a0<\/em><\/p>\n<p><em>dokdoc :<\/em><em> Et quel regard Die Linke porte-t-elle sur les discussions en cours au sujet du r\u00e9armement de l\u2019Europe\u00a0?<\/em><\/p>\n<p>&nbsp;<\/p>\n<p>Kuhn : Pour <em>Die Linke<\/em>, toute forme de militarisation ne m\u00e8ne \u00e0 rien de bon. Le parti est bien conscient que la situation internationale est\u00a0?en plein bouleversement \u2013 il est toutefois d\u2019avis que l&rsquo;Europe d\u00e9pense d\u00e9j\u00e0 suffisamment pour sa d\u00e9fense. Plut\u00f4t que de r\u00e9clamer plus de moyens, il soutient qu\u2019il conviendrait en premier lieu de veiller \u00e0 ce que l\u2019argent soit investi de mani\u00e8re efficace et que les fonds aillent l\u00e0 o\u00f9 ils sont vraiment n\u00e9cessaires.<\/p>\n<p><em>\u00a0<\/em><\/p>\n<p><em>dokdoc : Le 5 mars, Emmanuel Macron a annonc\u00e9 vouloir ouvrir \u00ab\u00a0le d\u00e9bat strat\u00e9gique sur la protection par notre dissuasion de nos alli\u00e9s du continent europ\u00e9en\u00a0\u00bb \u00ab\u00a0en r\u00e9ponse \u00e0 l\u2019appel historique du prochain chancelier allemand\u00a0\u00bb. Comment Die Linke juge-t-elle cette proposition\u00a0? Jean-Luc M\u00e9lenchon, de son c\u00f4t\u00e9, a parl\u00e9 d\u2019une dangereuse escalade.<\/em><\/p>\n<p><em>\u00a0<\/em><\/p>\n<p>Kuhn : Sur ce point, <em>Die Linke <\/em>partage l\u2019avis de M\u00e9lenchon\u00a0: la dissuasion nucl\u00e9aire conduira in\u00e9vitablement \u00e0 la prochaine escalade. Pour le parti, la diplomatie, les Nations Unies et, si n\u00e9cessaire, les initiatives unilat\u00e9rales sont les seuls instruments capables de garantir la paix. De mon c\u00f4t\u00e9, je n\u2019en suis pas totalement convaincu. C&rsquo;est la raison pour laquelle une figure comme Jan van Aken a un r\u00f4le si important. Dans les m\u00e9dias, van Aken d\u00e9fend des positions qui diff\u00e8rent certes de celles de Sahra Wagenknecht sur de nombreux points \u2013 notamment pour ce qui est de la Russie et de l&rsquo;Ukraine \u2013 mais il souligne en m\u00eame temps que \u00ab\u00a0la logique du r\u00e9armement et des livraisons d&rsquo;armes n&rsquo;est pas la voie\u00a0\u00e0 suivre \u00bb. Au lieu de cela, il appelle \u00e0 mettre davantage l&rsquo;accent sur les efforts de m\u00e9diation et la n\u00e9gociation. De ce point de vue, on peut dire que le parti a vu juste lorsqu\u2019il l\u2019a choisi comme copr\u00e9sident\u00a0: Van Aken assume d\u00e9sormais le r\u00f4le qui \u00e9tait auparavant d\u00e9volu \u00e0 Sahra Wagenknecht au sein du parti.<\/p>\n<p>&nbsp;<\/p>\n<figure id=\"attachment_29587\" aria-describedby=\"caption-attachment-29587\" style=\"width: 1024px\" class=\"wp-caption aligncenter\"><img decoding=\"async\" class=\"wp-image-29587\" src=\"https:\/\/dokdoc.eu\/wp-content\/uploads\/2025\/03\/3_Wahlkampf-Endspurt_im_Kosmos_Berlin_-_54342359163-300x200.jpg\" alt=\"Dernier meeting de campagne, Berlin, 21 f\u00e9vrier 2025 (Copyright: Wikimedia Commons) \" width=\"1024\" height=\"683\" srcset=\"https:\/\/dokdoc.eu\/wp-content\/uploads\/2025\/03\/3_Wahlkampf-Endspurt_im_Kosmos_Berlin_-_54342359163-300x200.jpg 300w, https:\/\/dokdoc.eu\/wp-content\/uploads\/2025\/03\/3_Wahlkampf-Endspurt_im_Kosmos_Berlin_-_54342359163-1024x683.jpg 1024w, https:\/\/dokdoc.eu\/wp-content\/uploads\/2025\/03\/3_Wahlkampf-Endspurt_im_Kosmos_Berlin_-_54342359163-768x512.jpg 768w, https:\/\/dokdoc.eu\/wp-content\/uploads\/2025\/03\/3_Wahlkampf-Endspurt_im_Kosmos_Berlin_-_54342359163.jpg 1200w\" sizes=\"(max-width: 1024px) 100vw, 1024px\" \/><figcaption id=\"caption-attachment-29587\" class=\"wp-caption-text\">Dernier meeting de campagne, Berlin, 21 f\u00e9vrier 2025 (Copyright: Wikimedia Commons)<\/figcaption><\/figure>\n<p>&nbsp;<\/p>\n<p><em>dokdoc : Comment Die Linke envisage-t-elle la future architecture de s\u00e9curit\u00e9 europ\u00e9enne et quelle place la Russie devrait-elle y occuper ? Le 13 mars dernier, Jean-Luc M\u00e9lenchon a r\u00e9affirm\u00e9 sa vision d&rsquo;une Europe de l&rsquo;Atlantique \u00e0 l&rsquo;Oural.<\/em><\/p>\n<p>&nbsp;<\/p>\n<p>Kuhn : <em>Die Linke<\/em> a une vision similaire \u00e0 celle de M\u00e9lenchon. Elle aussi plaide en faveur d\u2019une alliance de s\u00e9curit\u00e9 qui, \u00e0 terme, remplacerait l&rsquo;OTAN et inclurait la Russie. Elle consid\u00e8re n\u00e9anmoins qu\u2019\u00e0 l\u2019heure actuelle, cette id\u00e9e n\u2019est pas r\u00e9aliste. Le parti est d\u2019avis que la future architecture de s\u00e9curit\u00e9 ne pourra \u00eatre \u00e9tablie qu\u2019\u00e0 partir du moment o\u00f9 on r\u00e9duira les tensions en Europe, avec la Russie notamment. En m\u00eame temps, le parti est bien conscient qu&rsquo;une alliance de ce type ne sera pas envisageable aussi longtemps que Poutine sera au pouvoir, et peut-\u00eatre m\u00eame au-del\u00e0. <em>Die Linke<\/em> reconna\u00eet que la Russie est un r\u00e9gime autoritaire mais elle n\u2019est pas encore en mesure d\u2019adopter une position claire sur ce point. En mati\u00e8re de politique \u00e9trang\u00e8re, le parti a encore pas mal de choses \u00e0 clarifier.<\/p>\n<p>&nbsp;<\/p>\n<p><em>dokdoc : Monsieur Kuhn, je vous remercie pour cet entretien. <\/em><\/p>\n<p><strong>\u00a0<\/strong><\/p>\n<h2><strong>L\u2018auteur<\/strong><\/h2>\n<figure id=\"attachment_29589\" aria-describedby=\"caption-attachment-29589\" style=\"width: 200px\" class=\"wp-caption alignleft\"><img loading=\"lazy\" decoding=\"async\" class=\"wp-image-29589 size-medium\" src=\"https:\/\/dokdoc.eu\/wp-content\/uploads\/2025\/03\/4_jokuhn_dlf-200x300.jpg\" alt=\"Johannes Kuhn (Copyright: priv\u00e9)\" width=\"200\" height=\"300\" srcset=\"https:\/\/dokdoc.eu\/wp-content\/uploads\/2025\/03\/4_jokuhn_dlf-200x300.jpg 200w, https:\/\/dokdoc.eu\/wp-content\/uploads\/2025\/03\/4_jokuhn_dlf-683x1024.jpg 683w, https:\/\/dokdoc.eu\/wp-content\/uploads\/2025\/03\/4_jokuhn_dlf-768x1152.jpg 768w, https:\/\/dokdoc.eu\/wp-content\/uploads\/2025\/03\/4_jokuhn_dlf-1024x1536.jpg 1024w, https:\/\/dokdoc.eu\/wp-content\/uploads\/2025\/03\/4_jokuhn_dlf-1366x2048.jpg 1366w, https:\/\/dokdoc.eu\/wp-content\/uploads\/2025\/03\/4_jokuhn_dlf-scaled.jpg 1707w\" sizes=\"(max-width: 200px) 100vw, 200px\" \/><figcaption id=\"caption-attachment-29589\" class=\"wp-caption-text\">Johannes Kuhn (Copyright: priv\u00e9)<\/figcaption><\/figure>\n<p><em>Johannes Kuhn travaille comme correspondant au Deutschlandfunk. Il couvre Die Linke depuis 2019 et depuis quelque temps, le BSW. Auparavant, il a travaill\u00e9 pour le S\u00fcddeutsche Zeitung, notamment comme correspondant aux \u00c9tats-Unis.<\/em><\/p>\n<p>&nbsp;<\/p>\n<h2><\/h2>\n","protected":false},"excerpt":{"rendered":"<p>Johannes Kuhn a suivi la campagne \u00e9lectorale de Die Linke lors des derni\u00e8res \u00e9lections f\u00e9d\u00e9rales. Avec lui, nous sommes revenus sur le succ\u00e8s inattendu du parti ainsi que sur ses points communs et diff\u00e9rences avec La France Insoumise.\u00a0<\/p>\n","protected":false},"author":1,"featured_media":29583,"comment_status":"closed","ping_status":"closed","sticky":false,"template":"","format":"standard","meta":{"om_disable_all_campaigns":false,"_monsterinsights_skip_tracking":false,"_monsterinsights_sitenote_active":false,"_monsterinsights_sitenote_note":"","_monsterinsights_sitenote_category":0,"_uf_show_specific_survey":0,"_uf_disable_surveys":false,"footnotes":""},"categories":[114],"tags":[1111,768,1102,414,1106,1095,476,903,1096,1110,878,1100,1112,1115,1116,1117,1014,1103,1099,1108,570,1104,1105,1109,1097,1098,1107,1101,150,1113,1114],"ppma_author":[1072],"class_list":["post-29592","post","type-post","status-publish","format-standard","has-post-thumbnail","hentry","category-politique-fr-2","tag-architecture-de-securite","tag-autoritarisme","tag-communication-politique","tag-cooperation-franco-allemande","tag-culture-de-la-contestation","tag-die-linke","tag-diplomatie","tag-dissuasion-nucleaire","tag-elections-federales-2025","tag-europe-sociale","tag-friedrich-merz-fr","tag-image","tag-inflation-fr","tag-instagram-fr","tag-jan-van-aken-fr","tag-jean-luc-melenchon-fr","tag-la-france-insoumise-fr","tag-leader-charismatique","tag-loyers-eleves","tag-mediation","tag-migration","tag-mobilisation-extraparlementaire","tag-mouvements-sociaux","tag-nations-unies","tag-politique-migratoire","tag-prix-des-aliments","tag-rearmement","tag-reseaux-sociaux","tag-russie","tag-sahra-wagenknecht-fr","tag-tiktok-fr"],"yoast_head":"<!-- This site is optimized with the Yoast SEO plugin v27.5 - https:\/\/yoast.com\/product\/yoast-seo-wordpress\/ -->\n<title>\u00ab Le \u2018mod\u00e8le M\u00e9lenchon\u2019 ne fonctionne pas en Allemagne \u00bb - dokdoc.eu<\/title>\n<meta name=\"robots\" content=\"index, follow, max-snippet:-1, max-image-preview:large, max-video-preview:-1\" \/>\n<link rel=\"canonical\" href=\"https:\/\/dokdoc.eu\/fr\/2025\/03\/27\/le-modele-melenchon-ne-fonctionne-pas-en-allemagne\/\" \/>\n<meta property=\"og:locale\" content=\"fr_FR\" \/>\n<meta property=\"og:type\" content=\"article\" \/>\n<meta property=\"og:title\" content=\"\u00ab Le \u2018mod\u00e8le M\u00e9lenchon\u2019 ne fonctionne pas en Allemagne \u00bb - dokdoc.eu\" \/>\n<meta property=\"og:description\" content=\"Johannes Kuhn a suivi la campagne \u00e9lectorale de Die Linke lors des derni\u00e8res \u00e9lections f\u00e9d\u00e9rales. Avec lui, nous sommes revenus sur le succ\u00e8s inattendu du parti ainsi que sur ses points communs et diff\u00e9rences avec La France Insoumise.\u00a0\" \/>\n<meta property=\"og:url\" content=\"https:\/\/dokdoc.eu\/fr\/2025\/03\/27\/le-modele-melenchon-ne-fonctionne-pas-en-allemagne\/\" \/>\n<meta property=\"og:site_name\" content=\"dokdoc.eu\" \/>\n<meta property=\"article:published_time\" content=\"2025-03-27T21:24:05+00:00\" \/>\n<meta property=\"article:modified_time\" content=\"2025-03-27T21:35:27+00:00\" \/>\n<meta property=\"og:image\" content=\"https:\/\/dokdoc.eu\/wp-content\/uploads\/2025\/03\/1_Wahlkampf-Endspurt_im_Kosmos_Berlin_-_54342533515_21-February-2025-.jpg\" \/>\n\t<meta property=\"og:image:width\" content=\"1200\" \/>\n\t<meta property=\"og:image:height\" content=\"800\" \/>\n\t<meta property=\"og:image:type\" content=\"image\/jpeg\" \/>\n<meta name=\"author\" content=\"Johannes Kuhn\" \/>\n<meta name=\"twitter:card\" content=\"summary_large_image\" \/>\n<meta name=\"twitter:label1\" content=\"\u00c9crit par\" \/>\n\t<meta name=\"twitter:data1\" content=\"RochowMedienagentur\" \/>\n\t<meta name=\"twitter:label2\" content=\"Dur\u00e9e de lecture estim\u00e9e\" \/>\n\t<meta name=\"twitter:data2\" content=\"9 minutes\" \/>\n<script type=\"application\/ld+json\" class=\"yoast-schema-graph\">{\"@context\":\"https:\\\/\\\/schema.org\",\"@graph\":[{\"@type\":\"Article\",\"@id\":\"https:\\\/\\\/dokdoc.eu\\\/fr\\\/2025\\\/03\\\/27\\\/le-modele-melenchon-ne-fonctionne-pas-en-allemagne\\\/#article\",\"isPartOf\":{\"@id\":\"https:\\\/\\\/dokdoc.eu\\\/fr\\\/2025\\\/03\\\/27\\\/le-modele-melenchon-ne-fonctionne-pas-en-allemagne\\\/\"},\"author\":{\"name\":\"RochowMedienagentur\",\"@id\":\"https:\\\/\\\/dokdoc.eu\\\/fr\\\/#\\\/schema\\\/person\\\/d760e6e53df901fd9522f1d3a1e46621\"},\"headline\":\"\u00ab Le \u2018mod\u00e8le M\u00e9lenchon\u2019 ne fonctionne pas en Allemagne \u00bb\",\"datePublished\":\"2025-03-27T21:24:05+00:00\",\"dateModified\":\"2025-03-27T21:35:27+00:00\",\"mainEntityOfPage\":{\"@id\":\"https:\\\/\\\/dokdoc.eu\\\/fr\\\/2025\\\/03\\\/27\\\/le-modele-melenchon-ne-fonctionne-pas-en-allemagne\\\/\"},\"wordCount\":1499,\"publisher\":{\"@id\":\"https:\\\/\\\/dokdoc.eu\\\/fr\\\/#organization\"},\"image\":{\"@id\":\"https:\\\/\\\/dokdoc.eu\\\/fr\\\/2025\\\/03\\\/27\\\/le-modele-melenchon-ne-fonctionne-pas-en-allemagne\\\/#primaryimage\"},\"thumbnailUrl\":\"https:\\\/\\\/dokdoc.eu\\\/wp-content\\\/uploads\\\/2025\\\/03\\\/1_Wahlkampf-Endspurt_im_Kosmos_Berlin_-_54342533515_21-February-2025-.jpg\",\"keywords\":[\"architecture de s\u00e9curit\u00e9\",\"autoritarisme\",\"communication politique\",\"coop\u00e9ration franco-allemande\",\"culture de la contestation\",\"Die Linke\",\"diplomatie\",\"dissuasion nucl\u00e9aire\",\"\u00e9lections f\u00e9d\u00e9rales 2025\",\"Europe sociale\",\"Friedrich Merz\",\"image\",\"Inflation\",\"Instagram\",\"Jan van Aken\",\"Jean-Luc M\u00e9lenchon\",\"La France Insoumise\",\"leader charismatique\",\"loyers \u00e9lev\u00e9s\",\"m\u00e9diation\",\"migration\",\"mobilisation extraparlementaire\",\"mouvements sociaux\",\"Nations Unies\",\"politique migratoire\",\"prix des aliments\",\"r\u00e9armement\",\"r\u00e9seaux sociaux\",\"Russie\",\"Sahra Wagenknecht\",\"TikTok\"],\"articleSection\":[\"Politique\"],\"inLanguage\":\"fr-FR\"},{\"@type\":\"WebPage\",\"@id\":\"https:\\\/\\\/dokdoc.eu\\\/fr\\\/2025\\\/03\\\/27\\\/le-modele-melenchon-ne-fonctionne-pas-en-allemagne\\\/\",\"url\":\"https:\\\/\\\/dokdoc.eu\\\/fr\\\/2025\\\/03\\\/27\\\/le-modele-melenchon-ne-fonctionne-pas-en-allemagne\\\/\",\"name\":\"\u00ab Le \u2018mod\u00e8le M\u00e9lenchon\u2019 ne fonctionne pas en Allemagne \u00bb - dokdoc.eu\",\"isPartOf\":{\"@id\":\"https:\\\/\\\/dokdoc.eu\\\/fr\\\/#website\"},\"primaryImageOfPage\":{\"@id\":\"https:\\\/\\\/dokdoc.eu\\\/fr\\\/2025\\\/03\\\/27\\\/le-modele-melenchon-ne-fonctionne-pas-en-allemagne\\\/#primaryimage\"},\"image\":{\"@id\":\"https:\\\/\\\/dokdoc.eu\\\/fr\\\/2025\\\/03\\\/27\\\/le-modele-melenchon-ne-fonctionne-pas-en-allemagne\\\/#primaryimage\"},\"thumbnailUrl\":\"https:\\\/\\\/dokdoc.eu\\\/wp-content\\\/uploads\\\/2025\\\/03\\\/1_Wahlkampf-Endspurt_im_Kosmos_Berlin_-_54342533515_21-February-2025-.jpg\",\"datePublished\":\"2025-03-27T21:24:05+00:00\",\"dateModified\":\"2025-03-27T21:35:27+00:00\",\"breadcrumb\":{\"@id\":\"https:\\\/\\\/dokdoc.eu\\\/fr\\\/2025\\\/03\\\/27\\\/le-modele-melenchon-ne-fonctionne-pas-en-allemagne\\\/#breadcrumb\"},\"inLanguage\":\"fr-FR\",\"potentialAction\":[{\"@type\":\"ReadAction\",\"target\":[\"https:\\\/\\\/dokdoc.eu\\\/fr\\\/2025\\\/03\\\/27\\\/le-modele-melenchon-ne-fonctionne-pas-en-allemagne\\\/\"]}]},{\"@type\":\"ImageObject\",\"inLanguage\":\"fr-FR\",\"@id\":\"https:\\\/\\\/dokdoc.eu\\\/fr\\\/2025\\\/03\\\/27\\\/le-modele-melenchon-ne-fonctionne-pas-en-allemagne\\\/#primaryimage\",\"url\":\"https:\\\/\\\/dokdoc.eu\\\/wp-content\\\/uploads\\\/2025\\\/03\\\/1_Wahlkampf-Endspurt_im_Kosmos_Berlin_-_54342533515_21-February-2025-.jpg\",\"contentUrl\":\"https:\\\/\\\/dokdoc.eu\\\/wp-content\\\/uploads\\\/2025\\\/03\\\/1_Wahlkampf-Endspurt_im_Kosmos_Berlin_-_54342533515_21-February-2025-.jpg\",\"width\":1200,\"height\":800,\"caption\":\"Von links nach rechts: Jan van Aken, Ines Schwerdtner, Heidi Reichinnek und Gregor Gysi, Berlin, 21. Februar 2025 (Copyright: Wikimedia Commons)\"},{\"@type\":\"BreadcrumbList\",\"@id\":\"https:\\\/\\\/dokdoc.eu\\\/fr\\\/2025\\\/03\\\/27\\\/le-modele-melenchon-ne-fonctionne-pas-en-allemagne\\\/#breadcrumb\",\"itemListElement\":[{\"@type\":\"ListItem\",\"position\":1,\"name\":\"Startseite\",\"item\":\"https:\\\/\\\/dokdoc.eu\\\/fr\\\/\"},{\"@type\":\"ListItem\",\"position\":2,\"name\":\"\u00ab Le \u2018mod\u00e8le M\u00e9lenchon\u2019 ne fonctionne pas en Allemagne \u00bb\"}]},{\"@type\":\"WebSite\",\"@id\":\"https:\\\/\\\/dokdoc.eu\\\/fr\\\/#website\",\"url\":\"https:\\\/\\\/dokdoc.eu\\\/fr\\\/\",\"name\":\"dokdoc.eu\",\"description\":\"\",\"publisher\":{\"@id\":\"https:\\\/\\\/dokdoc.eu\\\/fr\\\/#organization\"},\"potentialAction\":[{\"@type\":\"SearchAction\",\"target\":{\"@type\":\"EntryPoint\",\"urlTemplate\":\"https:\\\/\\\/dokdoc.eu\\\/fr\\\/?s={search_term_string}\"},\"query-input\":{\"@type\":\"PropertyValueSpecification\",\"valueRequired\":true,\"valueName\":\"search_term_string\"}}],\"inLanguage\":\"fr-FR\"},{\"@type\":\"Organization\",\"@id\":\"https:\\\/\\\/dokdoc.eu\\\/fr\\\/#organization\",\"name\":\"dokdoc.eu\",\"url\":\"https:\\\/\\\/dokdoc.eu\\\/fr\\\/\",\"logo\":{\"@type\":\"ImageObject\",\"inLanguage\":\"fr-FR\",\"@id\":\"https:\\\/\\\/dokdoc.eu\\\/fr\\\/#\\\/schema\\\/logo\\\/image\\\/\",\"url\":\"https:\\\/\\\/dokdoc.eu\\\/wp-content\\\/uploads\\\/2019\\\/08\\\/cropped-logo_dokdoc-e1720795013301.png\",\"contentUrl\":\"https:\\\/\\\/dokdoc.eu\\\/wp-content\\\/uploads\\\/2019\\\/08\\\/cropped-logo_dokdoc-e1720795013301.png\",\"width\":150,\"height\":110,\"caption\":\"dokdoc.eu\"},\"image\":{\"@id\":\"https:\\\/\\\/dokdoc.eu\\\/fr\\\/#\\\/schema\\\/logo\\\/image\\\/\"}},{\"@type\":\"Person\",\"@id\":\"https:\\\/\\\/dokdoc.eu\\\/fr\\\/#\\\/schema\\\/person\\\/d760e6e53df901fd9522f1d3a1e46621\",\"name\":\"RochowMedienagentur\",\"image\":{\"@type\":\"ImageObject\",\"inLanguage\":\"fr-FR\",\"@id\":\"https:\\\/\\\/dokdoc.eu\\\/wp-content\\\/uploads\\\/2019\\\/08\\\/cropped-logo_dokdoc-e1720795013301.png830075fd1c1a1f70247b47fa84cf0f00\",\"url\":\"https:\\\/\\\/dokdoc.eu\\\/wp-content\\\/uploads\\\/2019\\\/08\\\/cropped-logo_dokdoc-e1720795013301.png\",\"contentUrl\":\"https:\\\/\\\/dokdoc.eu\\\/wp-content\\\/uploads\\\/2019\\\/08\\\/cropped-logo_dokdoc-e1720795013301.png\",\"caption\":\"RochowMedienagentur\"},\"sameAs\":[\"https:\\\/\\\/dokdoc.eu\"],\"url\":\"https:\\\/\\\/dokdoc.eu\\\/fr\\\/author\\\/rochowmedienagentur\\\/\"}]}<\/script>\n<!-- \/ Yoast SEO plugin. -->","yoast_head_json":{"title":"\u00ab Le \u2018mod\u00e8le M\u00e9lenchon\u2019 ne fonctionne pas en Allemagne \u00bb - dokdoc.eu","robots":{"index":"index","follow":"follow","max-snippet":"max-snippet:-1","max-image-preview":"max-image-preview:large","max-video-preview":"max-video-preview:-1"},"canonical":"https:\/\/dokdoc.eu\/fr\/2025\/03\/27\/le-modele-melenchon-ne-fonctionne-pas-en-allemagne\/","og_locale":"fr_FR","og_type":"article","og_title":"\u00ab Le \u2018mod\u00e8le M\u00e9lenchon\u2019 ne fonctionne pas en Allemagne \u00bb - dokdoc.eu","og_description":"Johannes Kuhn a suivi la campagne \u00e9lectorale de Die Linke lors des derni\u00e8res \u00e9lections f\u00e9d\u00e9rales. Avec lui, nous sommes revenus sur le succ\u00e8s inattendu du parti ainsi que sur ses points communs et diff\u00e9rences avec La France Insoumise.\u00a0","og_url":"https:\/\/dokdoc.eu\/fr\/2025\/03\/27\/le-modele-melenchon-ne-fonctionne-pas-en-allemagne\/","og_site_name":"dokdoc.eu","article_published_time":"2025-03-27T21:24:05+00:00","article_modified_time":"2025-03-27T21:35:27+00:00","og_image":[{"width":1200,"height":800,"url":"https:\/\/dokdoc.eu\/wp-content\/uploads\/2025\/03\/1_Wahlkampf-Endspurt_im_Kosmos_Berlin_-_54342533515_21-February-2025-.jpg","type":"image\/jpeg"}],"author":"Johannes Kuhn","twitter_card":"summary_large_image","twitter_misc":{"\u00c9crit par":"RochowMedienagentur","Dur\u00e9e de lecture estim\u00e9e":"9 minutes"},"schema":{"@context":"https:\/\/schema.org","@graph":[{"@type":"Article","@id":"https:\/\/dokdoc.eu\/fr\/2025\/03\/27\/le-modele-melenchon-ne-fonctionne-pas-en-allemagne\/#article","isPartOf":{"@id":"https:\/\/dokdoc.eu\/fr\/2025\/03\/27\/le-modele-melenchon-ne-fonctionne-pas-en-allemagne\/"},"author":{"name":"RochowMedienagentur","@id":"https:\/\/dokdoc.eu\/fr\/#\/schema\/person\/d760e6e53df901fd9522f1d3a1e46621"},"headline":"\u00ab Le \u2018mod\u00e8le M\u00e9lenchon\u2019 ne fonctionne pas en Allemagne \u00bb","datePublished":"2025-03-27T21:24:05+00:00","dateModified":"2025-03-27T21:35:27+00:00","mainEntityOfPage":{"@id":"https:\/\/dokdoc.eu\/fr\/2025\/03\/27\/le-modele-melenchon-ne-fonctionne-pas-en-allemagne\/"},"wordCount":1499,"publisher":{"@id":"https:\/\/dokdoc.eu\/fr\/#organization"},"image":{"@id":"https:\/\/dokdoc.eu\/fr\/2025\/03\/27\/le-modele-melenchon-ne-fonctionne-pas-en-allemagne\/#primaryimage"},"thumbnailUrl":"https:\/\/dokdoc.eu\/wp-content\/uploads\/2025\/03\/1_Wahlkampf-Endspurt_im_Kosmos_Berlin_-_54342533515_21-February-2025-.jpg","keywords":["architecture de s\u00e9curit\u00e9","autoritarisme","communication politique","coop\u00e9ration franco-allemande","culture de la contestation","Die Linke","diplomatie","dissuasion nucl\u00e9aire","\u00e9lections f\u00e9d\u00e9rales 2025","Europe sociale","Friedrich Merz","image","Inflation","Instagram","Jan van Aken","Jean-Luc M\u00e9lenchon","La France Insoumise","leader charismatique","loyers \u00e9lev\u00e9s","m\u00e9diation","migration","mobilisation extraparlementaire","mouvements sociaux","Nations Unies","politique migratoire","prix des aliments","r\u00e9armement","r\u00e9seaux sociaux","Russie","Sahra Wagenknecht","TikTok"],"articleSection":["Politique"],"inLanguage":"fr-FR"},{"@type":"WebPage","@id":"https:\/\/dokdoc.eu\/fr\/2025\/03\/27\/le-modele-melenchon-ne-fonctionne-pas-en-allemagne\/","url":"https:\/\/dokdoc.eu\/fr\/2025\/03\/27\/le-modele-melenchon-ne-fonctionne-pas-en-allemagne\/","name":"\u00ab Le \u2018mod\u00e8le M\u00e9lenchon\u2019 ne fonctionne pas en Allemagne \u00bb - dokdoc.eu","isPartOf":{"@id":"https:\/\/dokdoc.eu\/fr\/#website"},"primaryImageOfPage":{"@id":"https:\/\/dokdoc.eu\/fr\/2025\/03\/27\/le-modele-melenchon-ne-fonctionne-pas-en-allemagne\/#primaryimage"},"image":{"@id":"https:\/\/dokdoc.eu\/fr\/2025\/03\/27\/le-modele-melenchon-ne-fonctionne-pas-en-allemagne\/#primaryimage"},"thumbnailUrl":"https:\/\/dokdoc.eu\/wp-content\/uploads\/2025\/03\/1_Wahlkampf-Endspurt_im_Kosmos_Berlin_-_54342533515_21-February-2025-.jpg","datePublished":"2025-03-27T21:24:05+00:00","dateModified":"2025-03-27T21:35:27+00:00","breadcrumb":{"@id":"https:\/\/dokdoc.eu\/fr\/2025\/03\/27\/le-modele-melenchon-ne-fonctionne-pas-en-allemagne\/#breadcrumb"},"inLanguage":"fr-FR","potentialAction":[{"@type":"ReadAction","target":["https:\/\/dokdoc.eu\/fr\/2025\/03\/27\/le-modele-melenchon-ne-fonctionne-pas-en-allemagne\/"]}]},{"@type":"ImageObject","inLanguage":"fr-FR","@id":"https:\/\/dokdoc.eu\/fr\/2025\/03\/27\/le-modele-melenchon-ne-fonctionne-pas-en-allemagne\/#primaryimage","url":"https:\/\/dokdoc.eu\/wp-content\/uploads\/2025\/03\/1_Wahlkampf-Endspurt_im_Kosmos_Berlin_-_54342533515_21-February-2025-.jpg","contentUrl":"https:\/\/dokdoc.eu\/wp-content\/uploads\/2025\/03\/1_Wahlkampf-Endspurt_im_Kosmos_Berlin_-_54342533515_21-February-2025-.jpg","width":1200,"height":800,"caption":"Von links nach rechts: Jan van Aken, Ines Schwerdtner, Heidi Reichinnek und Gregor Gysi, Berlin, 21. Februar 2025 (Copyright: Wikimedia Commons)"},{"@type":"BreadcrumbList","@id":"https:\/\/dokdoc.eu\/fr\/2025\/03\/27\/le-modele-melenchon-ne-fonctionne-pas-en-allemagne\/#breadcrumb","itemListElement":[{"@type":"ListItem","position":1,"name":"Startseite","item":"https:\/\/dokdoc.eu\/fr\/"},{"@type":"ListItem","position":2,"name":"\u00ab Le \u2018mod\u00e8le M\u00e9lenchon\u2019 ne fonctionne pas en Allemagne \u00bb"}]},{"@type":"WebSite","@id":"https:\/\/dokdoc.eu\/fr\/#website","url":"https:\/\/dokdoc.eu\/fr\/","name":"dokdoc.eu","description":"","publisher":{"@id":"https:\/\/dokdoc.eu\/fr\/#organization"},"potentialAction":[{"@type":"SearchAction","target":{"@type":"EntryPoint","urlTemplate":"https:\/\/dokdoc.eu\/fr\/?s={search_term_string}"},"query-input":{"@type":"PropertyValueSpecification","valueRequired":true,"valueName":"search_term_string"}}],"inLanguage":"fr-FR"},{"@type":"Organization","@id":"https:\/\/dokdoc.eu\/fr\/#organization","name":"dokdoc.eu","url":"https:\/\/dokdoc.eu\/fr\/","logo":{"@type":"ImageObject","inLanguage":"fr-FR","@id":"https:\/\/dokdoc.eu\/fr\/#\/schema\/logo\/image\/","url":"https:\/\/dokdoc.eu\/wp-content\/uploads\/2019\/08\/cropped-logo_dokdoc-e1720795013301.png","contentUrl":"https:\/\/dokdoc.eu\/wp-content\/uploads\/2019\/08\/cropped-logo_dokdoc-e1720795013301.png","width":150,"height":110,"caption":"dokdoc.eu"},"image":{"@id":"https:\/\/dokdoc.eu\/fr\/#\/schema\/logo\/image\/"}},{"@type":"Person","@id":"https:\/\/dokdoc.eu\/fr\/#\/schema\/person\/d760e6e53df901fd9522f1d3a1e46621","name":"RochowMedienagentur","image":{"@type":"ImageObject","inLanguage":"fr-FR","@id":"https:\/\/dokdoc.eu\/wp-content\/uploads\/2019\/08\/cropped-logo_dokdoc-e1720795013301.png830075fd1c1a1f70247b47fa84cf0f00","url":"https:\/\/dokdoc.eu\/wp-content\/uploads\/2019\/08\/cropped-logo_dokdoc-e1720795013301.png","contentUrl":"https:\/\/dokdoc.eu\/wp-content\/uploads\/2019\/08\/cropped-logo_dokdoc-e1720795013301.png","caption":"RochowMedienagentur"},"sameAs":["https:\/\/dokdoc.eu"],"url":"https:\/\/dokdoc.eu\/fr\/author\/rochowmedienagentur\/"}]}},"authors":[{"term_id":1072,"user_id":0,"is_guest":1,"slug":"johannes-kuhn","display_name":"Johannes Kuhn","avatar_url":{"url":"https:\/\/dokdoc.eu\/wp-content\/uploads\/2025\/11\/4_jokuhn_dlf-klein.jpg","url2x":"https:\/\/dokdoc.eu\/wp-content\/uploads\/2025\/11\/4_jokuhn_dlf-klein.jpg"},"0":null,"1":"","2":"","3":"","4":"","5":"","6":"","7":"","8":""}],"_links":{"self":[{"href":"https:\/\/dokdoc.eu\/fr\/wp-json\/wp\/v2\/posts\/29592","targetHints":{"allow":["GET"]}}],"collection":[{"href":"https:\/\/dokdoc.eu\/fr\/wp-json\/wp\/v2\/posts"}],"about":[{"href":"https:\/\/dokdoc.eu\/fr\/wp-json\/wp\/v2\/types\/post"}],"author":[{"embeddable":true,"href":"https:\/\/dokdoc.eu\/fr\/wp-json\/wp\/v2\/users\/1"}],"replies":[{"embeddable":true,"href":"https:\/\/dokdoc.eu\/fr\/wp-json\/wp\/v2\/comments?post=29592"}],"version-history":[{"count":1,"href":"https:\/\/dokdoc.eu\/fr\/wp-json\/wp\/v2\/posts\/29592\/revisions"}],"predecessor-version":[{"id":29593,"href":"https:\/\/dokdoc.eu\/fr\/wp-json\/wp\/v2\/posts\/29592\/revisions\/29593"}],"wp:featuredmedia":[{"embeddable":true,"href":"https:\/\/dokdoc.eu\/fr\/wp-json\/wp\/v2\/media\/29583"}],"wp:attachment":[{"href":"https:\/\/dokdoc.eu\/fr\/wp-json\/wp\/v2\/media?parent=29592"}],"wp:term":[{"taxonomy":"category","embeddable":true,"href":"https:\/\/dokdoc.eu\/fr\/wp-json\/wp\/v2\/categories?post=29592"},{"taxonomy":"post_tag","embeddable":true,"href":"https:\/\/dokdoc.eu\/fr\/wp-json\/wp\/v2\/tags?post=29592"},{"taxonomy":"author","embeddable":true,"href":"https:\/\/dokdoc.eu\/fr\/wp-json\/wp\/v2\/ppma_author?post=29592"}],"curies":[{"name":"wp","href":"https:\/\/api.w.org\/{rel}","templated":true}]}}