{"id":29804,"date":"2024-03-28T14:15:00","date_gmt":"2024-03-28T13:15:00","guid":{"rendered":"https:\/\/dokdoc.eu\/?p=29804"},"modified":"2025-04-24T15:50:06","modified_gmt":"2025-04-24T13:50:06","slug":"vous-avez-dit-leadership-une-voix-de-finlande","status":"publish","type":"post","link":"https:\/\/dokdoc.eu\/fr\/2024\/03\/28\/vous-avez-dit-leadership-une-voix-de-finlande\/","title":{"rendered":"Vous avez dit leadership ? Une voix de Finlande"},"content":{"rendered":"<figure id=\"attachment_22738\" aria-describedby=\"caption-attachment-22738\" style=\"width: 1024px\" class=\"wp-caption aligncenter\"><img fetchpriority=\"high\" decoding=\"async\" class=\"wp-image-22738\" src=\"https:\/\/dokdoc.eu\/wp-content\/uploads\/2024\/03\/Depositphotos_551788822_XL-scaled-1-300x200.jpg\" alt=\"Helsinki le 5 mars 2022 (Copyright: Depositphotos)\" width=\"1024\" height=\"683\" srcset=\"https:\/\/dokdoc.eu\/wp-content\/uploads\/2024\/03\/Depositphotos_551788822_XL-scaled-1-300x200.jpg 300w, https:\/\/dokdoc.eu\/wp-content\/uploads\/2024\/03\/Depositphotos_551788822_XL-scaled-1-1024x683.jpg 1024w, https:\/\/dokdoc.eu\/wp-content\/uploads\/2024\/03\/Depositphotos_551788822_XL-scaled-1-768x512.jpg 768w, https:\/\/dokdoc.eu\/wp-content\/uploads\/2024\/03\/Depositphotos_551788822_XL-scaled-1-1536x1024.jpg 1536w, https:\/\/dokdoc.eu\/wp-content\/uploads\/2024\/03\/Depositphotos_551788822_XL-scaled-1-2048x1366.jpg 2048w\" sizes=\"(max-width: 1024px) 100vw, 1024px\" \/><figcaption id=\"caption-attachment-22738\" class=\"wp-caption-text\">Helsinki le 5 mars 2022 (Copyright: Depositphotos)<\/figcaption><\/figure>\n<p><strong>Dans le cinqui\u00e8me \u00e9pisode de notre cycle \u00ab\u00a0Vous avez dit leadership\u00a0?\u00a0\u00bb, Minna \u00c5lander, experte en politique de d\u00e9fense et de s\u00e9curit\u00e9, rend compte de la perspective finlandaise. Elle \u00e9crit\u00a0: \u00ab\u00a0l\u2019Allemagne n\u2019est pas encore pr\u00eate \u00e0 abandonner sa culture de la retenue. La France, de son c\u00f4t\u00e9, doit apprendre \u00e0 mieux entra\u00eener ses partenaires et \u00e0 ne plus les froisser avec des initiatives non coordonn\u00e9es.\u00a0\u00bb<\/strong><!--more--><\/p>\n<p>&nbsp;<\/p>\n<p>Lorsqu\u2019en f\u00e9vrier 2022, la Russie a \u00e9tendu \u00e0 toute l\u2019Ukraine la guerre qu\u2019elle menait depuis 2014 dans l\u2019est du pays, les \u00c9tats-Unis ont d\u00fb une nouvelle fois s\u2019\u00e9riger en d\u00e9fenseurs du continent. Les trois grands pays d\u2019Europe, l\u2019Allemagne, la France et le Royaume-Uni, \u00e9taient \u00e0 leur mani\u00e8re incapables de le faire : le gouvernement allemand, en place depuis trois mois, \u00e9tait d\u00e9pass\u00e9 par la situation ; la capacit\u00e9 d\u2019action du pr\u00e9sident fran\u00e7ais \u00e9tait limit\u00e9e du fait des \u00e9lections pr\u00e9vues quelques semaines plus tard, et le Royaume-Uni \u00e9tait en proie \u00e0 de graves difficult\u00e9s \u00e9conomiques ainsi qu\u2019\u00e0 une forte instabilit\u00e9 politique du fait du Brexit. Deux ans plus tard, la situation n\u2019a gu\u00e8re chang\u00e9, \u00e0 ceci pr\u00e8s que les \u00c9tats-Unis ne sont d\u00e9sormais plus en mesure de jouer le r\u00f4le qui avait \u00e9t\u00e9 le leur depuis 2022 du fait des turbulences g\u00e9n\u00e9r\u00e9es par les \u00e9lections de l\u2019automne prochain.<\/p>\n<p>&nbsp;<\/p>\n<h2 class=\"wp-block-heading\"><strong>Macron a encore \u00e0 apprendre<\/strong><\/h2>\n<p>Si le pr\u00e9sident fran\u00e7ais a pass\u00e9 le cap des \u00e9lections, il ne dispose cependant plus d\u2019une majorit\u00e9 absolue \u00e0 l\u2019Assembl\u00e9e. Apr\u00e8s un d\u00e9part rat\u00e9 \u2013 on se souvient de sa diplomatie du t\u00e9l\u00e9phone au d\u00e9but de la guerre \u2013, il a \u00e9volu\u00e9 de mani\u00e8re impressionnante. Alors qu\u2019il y a encore deux ans, il disait qu\u2019il ne fallait pas humilier la Russie, il parle aujourd\u2019hui de la guerre comme d\u2019une menace \u00ab existentielle \u00bb pour l\u2019Europe : les cyber-attaques contre la France, les mensonges de Poutine et son manque de respect \u00e0 l\u2019\u00e9gard du pr\u00e9sident fran\u00e7ais y ont certainement fait pour beaucoup. On ne peut que saluer l\u2019orientation nouvelle de la politique fran\u00e7aise et ses efforts de coop\u00e9ration avec les pays d\u2019Europe centrale, occidentale et baltes : la France y a beaucoup \u00e0 se faire pardonner. Cependant, force est de constater que Macron manque encore de sensibilit\u00e9 : pour endosser le r\u00f4le de leader et convaincre, il faut d\u2019abord et avant tout s\u2019int\u00e9resser \u00e0 ses partenaires. Le pr\u00e9sident fran\u00e7ais a malheureusement trop longtemps laiss\u00e9 de c\u00f4t\u00e9 les pays du nord-est de l\u2019Europe : la pente sera donc raide.<\/p>\n<p>&nbsp;<\/p>\n<h2 class=\"wp-block-heading\"><strong>L\u2019Allemagne ne quitte pas sa zone de confort<\/strong><\/h2>\n<figure id=\"attachment_22736\" aria-describedby=\"caption-attachment-22736\" style=\"width: 200px\" class=\"wp-caption alignleft\"><img decoding=\"async\" class=\"size-medium wp-image-22736\" src=\"https:\/\/dokdoc.eu\/wp-content\/uploads\/2024\/03\/Alander-scaled-1-200x300.jpg\" alt=\"Minna \u00c5lander \u00a9 Liisa Valonen\" width=\"200\" height=\"300\" srcset=\"https:\/\/dokdoc.eu\/wp-content\/uploads\/2024\/03\/Alander-scaled-1-200x300.jpg 200w, https:\/\/dokdoc.eu\/wp-content\/uploads\/2024\/03\/Alander-scaled-1-683x1024.jpg 683w, https:\/\/dokdoc.eu\/wp-content\/uploads\/2024\/03\/Alander-scaled-1-768x1152.jpg 768w, https:\/\/dokdoc.eu\/wp-content\/uploads\/2024\/03\/Alander-scaled-1-1024x1536.jpg 1024w, https:\/\/dokdoc.eu\/wp-content\/uploads\/2024\/03\/Alander-scaled-1-1366x2048.jpg 1366w, https:\/\/dokdoc.eu\/wp-content\/uploads\/2024\/03\/Alander-scaled-1.jpg 1707w\" sizes=\"(max-width: 200px) 100vw, 200px\" \/><figcaption id=\"caption-attachment-22736\" class=\"wp-caption-text\">Minna \u00c5lander \u00a9 Liisa Valonen<\/figcaption><\/figure>\n<p>De son c\u00f4t\u00e9, l\u2019Allemagne est aujourd\u2019hui, apr\u00e8s les \u00c9tats-Unis, le pays qui apporte le plus grand soutien militaire \u00e0 l\u2019Ukraine (en termes de montant global), sans pour autant se prononcer ouvertement \u2013 et cela m\u00e9rite d\u2019\u00eatre soulign\u00e9 \u2013 en faveur d\u2019une victoire de cette derni\u00e8re.<\/p>\n<p>S\u2019agissant des livraisons d\u2019armes, l\u2019Allemagne se d\u00e9marque des autres pays par la qualit\u00e9 des armes qu\u2019elle a fournies : elle a soutenu la d\u00e9fense a\u00e9rienne ukrainienne avec tout ce qu\u2019elle avait en stock \u2013 et ce dont l\u2019arm\u00e9e allemande elle-m\u00eame ne poss\u00e9dait pas encore (du moins en partie) : le syst\u00e8me IRIS-T. L\u2019Allemagne a \u00e9galement fourni des chars, toutefois apr\u00e8s que les troupes russes ont eu construit des lignes de d\u00e9fense difficiles \u00e0 enfoncer. Livrer des missiles \u00e0 longue port\u00e9e et des avions de combat signifierait cependant sortir de sa zone de confort, et l\u00e0, la r\u00e9ponse est claire : il n\u2019en est pas question. Cela montre que la peur d\u2019une escalade (nucl\u00e9aire) continue d\u2019\u00eatre le moteur des d\u00e9cisions du Chancelier. Dans ce contexte, une victoire de la Russie serait certainement un coup dur mais cela signifierait \u00e9galement que Poutine ne serait alors pas enclin \u00e0 recourir \u00e0 l\u2019arme nucl\u00e9aire.<\/p>\n<p>Contrairement \u00e0 Macron qui a beaucoup \u00e9volu\u00e9 depuis le d\u00e9but de la guerre, Scholz est finalement rest\u00e9 coh\u00e9rent. Son objectif est aujourd\u2019hui toujours le m\u00eame : \u00e9viter l\u2019escalade, c\u2019est-\u00e0-dire une guerre entre la Russie et l\u2019OTAN, et faire en sorte que l\u2019Allemagne ne devienne pas partie prenante du conflit.<\/p>\n<p>Les diff\u00e9rences strat\u00e9giques entre la France et l\u2019Allemagne s\u2019expriment depuis quelques semaines au travers d\u2019un conflit ouvert qui nuit \u00e9norm\u00e9ment \u00e0 l\u2019Ukraine ainsi qu\u2019\u00e0 l\u2019Europe. L\u2019Allemagne n\u2019est pas encore pr\u00eate \u00e0 abandonner sa culture de la retenue. La France, de son c\u00f4t\u00e9, doit apprendre \u00e0 mieux entra\u00eener ses partenaires et \u00e0 ne plus les froisser avec des initiatives non coordonn\u00e9es.<\/p>\n<p>&nbsp;<\/p>\n<h2 class=\"wp-block-heading\"><strong>Plus de leadership mais seulement avec les autres<\/strong><\/h2>\n<p>On ne peut que se r\u00e9jouir des efforts d\u00e9ploy\u00e9s pour relancer le Triangle de Weimar. Entretemps, des pays europ\u00e9ens plus petits ont toutefois pris les devants, et ce essentiellement dans les domaines o\u00f9 la France, l\u2019Allemagne et le Royaume-Uni brillent par leur absence : le Danemark et les Pays-Bas fournissent des F-16, l\u2019Estonie de Kaja Kallas occupe une place de plus en plus importante sur l\u2019\u00e9chiquier europ\u00e9en, et la R\u00e9publique tch\u00e8que a lanc\u00e9 une initiative devant parmettre l\u2019achat de 800 000 obus d\u2019artillerie. Les pays baltes et nordiques sont par ailleurs en t\u00eate du soutien militaire \u00e0 l\u2019Ukraine si on ram\u00e8ne les chiffres \u00e0 leur PIB.<\/p>\n<p>Aujourd\u2019hui, le leadership franco-allemand ne peut plus fonctionner plus sans l\u2019implication d\u2019autres \u00c9tats europ\u00e9ens. Il est par ailleurs imp\u00e9ratif que les deux pays parviennent \u00e0 surmonter leurs diff\u00e9rences et \u00e0 travailler ensemble \u00e0 renforcer la s\u00e9curit\u00e9 de l\u2019Europe. Les temps sont trop graves pour gaspiller de l\u2019\u00e9nergie dans des taquineries.<\/p>\n<p>&nbsp;<\/p>\n<h2 class=\"wp-block-heading\"><strong>L\u2019auteure<\/strong><\/h2>\n<p><em>Minna \u00c5lander est chercheure associ\u00e9e \u00e0 l\u2019Institute of International Affairs de Helsinki et chercheure non-r\u00e9sidente au CEPA \u00e0 Washington D.C. Elle a travaill\u00e9 auparavant pour le compte de la Stiftung Wissenschaft und Politik (Berlin). Ses recherches portent sur la politique \u00e9trang\u00e8re et de s\u00e9curit\u00e9 finlandaise et allemande, l\u2019OTAN et la s\u00e9curit\u00e9 en Europe du Nord ainsi qu\u2019en Arctique, et la coop\u00e9ration en mati\u00e8re de d\u00e9fense entre les pays nordiques.<\/em><\/p>\n<p>&nbsp;<\/p>\n<p><strong>En coop\u00e9ration avec :<\/strong><\/p>\n<p><a href=\"https:\/\/www.asko-europa-stiftung.de\/\"><img decoding=\"async\" class=\"alignleft size-medium wp-image-22487\" src=\"https:\/\/dokdoc.eu\/wp-content\/uploads\/2024\/02\/ASKO-Europa-Stiftung_Logo-300x154.jpg\" alt=\"\" width=\"300\" height=\"154\" srcset=\"https:\/\/dokdoc.eu\/wp-content\/uploads\/2024\/02\/ASKO-Europa-Stiftung_Logo-300x154.jpg 300w, https:\/\/dokdoc.eu\/wp-content\/uploads\/2024\/02\/ASKO-Europa-Stiftung_Logo-1024x525.jpg 1024w, https:\/\/dokdoc.eu\/wp-content\/uploads\/2024\/02\/ASKO-Europa-Stiftung_Logo-768x394.jpg 768w, https:\/\/dokdoc.eu\/wp-content\/uploads\/2024\/02\/ASKO-Europa-Stiftung_Logo.jpg 1440w\" sizes=\"(max-width: 300px) 100vw, 300px\" \/><\/a><a href=\"https:\/\/www.eao-otzenhausen.de\/\"><img loading=\"lazy\" decoding=\"async\" class=\"alignleft  wp-image-22666\" src=\"https:\/\/dokdoc.eu\/wp-content\/uploads\/2024\/03\/Slogan-scaled-1-300x100.jpg\" alt=\"\" width=\"369\" height=\"123\" srcset=\"https:\/\/dokdoc.eu\/wp-content\/uploads\/2024\/03\/Slogan-scaled-1-300x100.jpg 300w, https:\/\/dokdoc.eu\/wp-content\/uploads\/2024\/03\/Slogan-scaled-1-1024x341.jpg 1024w, https:\/\/dokdoc.eu\/wp-content\/uploads\/2024\/03\/Slogan-scaled-1-768x256.jpg 768w, https:\/\/dokdoc.eu\/wp-content\/uploads\/2024\/03\/Slogan-scaled-1-1536x512.jpg 1536w, https:\/\/dokdoc.eu\/wp-content\/uploads\/2024\/03\/Slogan-scaled-1-2048x682.jpg 2048w\" sizes=\"(max-width: 369px) 100vw, 369px\" \/><\/a><\/p>\n","protected":false},"excerpt":{"rendered":"<p>Dans le cinqui\u00e8me \u00e9pisode de notre cycle \u00ab\u00a0Vous avez dit leadership\u00a0?\u00a0\u00bb, Minna \u00c5lander, experte en politique de d\u00e9fense et de s\u00e9curit\u00e9, rend compte de la perspective finlandaise. Elle \u00e9crit\u00a0: \u00ab\u00a0l\u2019Allemagne n\u2019est pas encore pr\u00eate \u00e0 abandonner sa culture de la retenue. La France, de son c\u00f4t\u00e9, doit apprendre \u00e0 mieux entra\u00eener ses partenaires et \u00e0 [&hellip;]<\/p>\n","protected":false},"author":1,"featured_media":22738,"comment_status":"closed","ping_status":"closed","sticky":true,"template":"","format":"standard","meta":{"om_disable_all_campaigns":false,"_monsterinsights_skip_tracking":false,"_monsterinsights_sitenote_active":false,"_monsterinsights_sitenote_note":"","_monsterinsights_sitenote_category":0,"_uf_show_specific_survey":0,"_uf_disable_surveys":false,"footnotes":""},"categories":[114],"tags":[],"ppma_author":[203],"class_list":["post-29804","post","type-post","status-publish","format-standard","has-post-thumbnail","hentry","category-politique-fr-2"],"yoast_head":"<!-- This site is optimized with the Yoast SEO plugin v27.5 - https:\/\/yoast.com\/product\/yoast-seo-wordpress\/ -->\n<title>Vous avez dit leadership ? Une voix de Finlande - dokdoc.eu<\/title>\n<meta name=\"robots\" content=\"index, follow, max-snippet:-1, max-image-preview:large, max-video-preview:-1\" \/>\n<link rel=\"canonical\" href=\"https:\/\/dokdoc.eu\/fr\/2024\/03\/28\/vous-avez-dit-leadership-une-voix-de-finlande\/\" \/>\n<meta property=\"og:locale\" content=\"fr_FR\" \/>\n<meta property=\"og:type\" content=\"article\" \/>\n<meta property=\"og:title\" content=\"Vous avez dit leadership ? Une voix de Finlande - dokdoc.eu\" \/>\n<meta property=\"og:description\" content=\"Dans le cinqui\u00e8me \u00e9pisode de notre cycle \u00ab\u00a0Vous avez dit leadership\u00a0?\u00a0\u00bb, Minna \u00c5lander, experte en politique de d\u00e9fense et de s\u00e9curit\u00e9, rend compte de la perspective finlandaise. Elle \u00e9crit\u00a0: \u00ab\u00a0l\u2019Allemagne n\u2019est pas encore pr\u00eate \u00e0 abandonner sa culture de la retenue. La France, de son c\u00f4t\u00e9, doit apprendre \u00e0 mieux entra\u00eener ses partenaires et \u00e0 [&hellip;]\" \/>\n<meta property=\"og:url\" content=\"https:\/\/dokdoc.eu\/fr\/2024\/03\/28\/vous-avez-dit-leadership-une-voix-de-finlande\/\" \/>\n<meta property=\"og:site_name\" content=\"dokdoc.eu\" \/>\n<meta property=\"article:published_time\" content=\"2024-03-28T13:15:00+00:00\" \/>\n<meta property=\"article:modified_time\" content=\"2025-04-24T13:50:06+00:00\" \/>\n<meta property=\"og:image\" content=\"https:\/\/dokdoc.eu\/wp-content\/uploads\/2024\/03\/Depositphotos_551788822_XL-scaled-1.jpg\" \/>\n\t<meta property=\"og:image:width\" content=\"2560\" \/>\n\t<meta property=\"og:image:height\" content=\"1707\" \/>\n\t<meta property=\"og:image:type\" content=\"image\/jpeg\" \/>\n<meta name=\"author\" content=\"Minna \u00c5lander\" \/>\n<meta name=\"twitter:card\" content=\"summary_large_image\" \/>\n<meta name=\"twitter:label1\" content=\"\u00c9crit par\" \/>\n\t<meta name=\"twitter:data1\" content=\"RochowMedienagentur\" \/>\n\t<meta name=\"twitter:label2\" content=\"Dur\u00e9e de lecture estim\u00e9e\" \/>\n\t<meta name=\"twitter:data2\" content=\"7 minutes\" \/>\n<script type=\"application\/ld+json\" class=\"yoast-schema-graph\">{\"@context\":\"https:\\\/\\\/schema.org\",\"@graph\":[{\"@type\":\"Article\",\"@id\":\"https:\\\/\\\/dokdoc.eu\\\/fr\\\/2024\\\/03\\\/28\\\/vous-avez-dit-leadership-une-voix-de-finlande\\\/#article\",\"isPartOf\":{\"@id\":\"https:\\\/\\\/dokdoc.eu\\\/fr\\\/2024\\\/03\\\/28\\\/vous-avez-dit-leadership-une-voix-de-finlande\\\/\"},\"author\":{\"name\":\"RochowMedienagentur\",\"@id\":\"https:\\\/\\\/dokdoc.eu\\\/fr\\\/#\\\/schema\\\/person\\\/d760e6e53df901fd9522f1d3a1e46621\"},\"headline\":\"Vous avez dit leadership ? Une voix de Finlande\",\"datePublished\":\"2024-03-28T13:15:00+00:00\",\"dateModified\":\"2025-04-24T13:50:06+00:00\",\"mainEntityOfPage\":{\"@id\":\"https:\\\/\\\/dokdoc.eu\\\/fr\\\/2024\\\/03\\\/28\\\/vous-avez-dit-leadership-une-voix-de-finlande\\\/\"},\"wordCount\":1099,\"publisher\":{\"@id\":\"https:\\\/\\\/dokdoc.eu\\\/fr\\\/#organization\"},\"image\":{\"@id\":\"https:\\\/\\\/dokdoc.eu\\\/fr\\\/2024\\\/03\\\/28\\\/vous-avez-dit-leadership-une-voix-de-finlande\\\/#primaryimage\"},\"thumbnailUrl\":\"https:\\\/\\\/dokdoc.eu\\\/wp-content\\\/uploads\\\/2024\\\/03\\\/Depositphotos_551788822_XL-scaled-1.jpg\",\"articleSection\":[\"Politique\"],\"inLanguage\":\"fr-FR\"},{\"@type\":\"WebPage\",\"@id\":\"https:\\\/\\\/dokdoc.eu\\\/fr\\\/2024\\\/03\\\/28\\\/vous-avez-dit-leadership-une-voix-de-finlande\\\/\",\"url\":\"https:\\\/\\\/dokdoc.eu\\\/fr\\\/2024\\\/03\\\/28\\\/vous-avez-dit-leadership-une-voix-de-finlande\\\/\",\"name\":\"Vous avez dit leadership ? Une voix de Finlande - dokdoc.eu\",\"isPartOf\":{\"@id\":\"https:\\\/\\\/dokdoc.eu\\\/fr\\\/#website\"},\"primaryImageOfPage\":{\"@id\":\"https:\\\/\\\/dokdoc.eu\\\/fr\\\/2024\\\/03\\\/28\\\/vous-avez-dit-leadership-une-voix-de-finlande\\\/#primaryimage\"},\"image\":{\"@id\":\"https:\\\/\\\/dokdoc.eu\\\/fr\\\/2024\\\/03\\\/28\\\/vous-avez-dit-leadership-une-voix-de-finlande\\\/#primaryimage\"},\"thumbnailUrl\":\"https:\\\/\\\/dokdoc.eu\\\/wp-content\\\/uploads\\\/2024\\\/03\\\/Depositphotos_551788822_XL-scaled-1.jpg\",\"datePublished\":\"2024-03-28T13:15:00+00:00\",\"dateModified\":\"2025-04-24T13:50:06+00:00\",\"breadcrumb\":{\"@id\":\"https:\\\/\\\/dokdoc.eu\\\/fr\\\/2024\\\/03\\\/28\\\/vous-avez-dit-leadership-une-voix-de-finlande\\\/#breadcrumb\"},\"inLanguage\":\"fr-FR\",\"potentialAction\":[{\"@type\":\"ReadAction\",\"target\":[\"https:\\\/\\\/dokdoc.eu\\\/fr\\\/2024\\\/03\\\/28\\\/vous-avez-dit-leadership-une-voix-de-finlande\\\/\"]}]},{\"@type\":\"ImageObject\",\"inLanguage\":\"fr-FR\",\"@id\":\"https:\\\/\\\/dokdoc.eu\\\/fr\\\/2024\\\/03\\\/28\\\/vous-avez-dit-leadership-une-voix-de-finlande\\\/#primaryimage\",\"url\":\"https:\\\/\\\/dokdoc.eu\\\/wp-content\\\/uploads\\\/2024\\\/03\\\/Depositphotos_551788822_XL-scaled-1.jpg\",\"contentUrl\":\"https:\\\/\\\/dokdoc.eu\\\/wp-content\\\/uploads\\\/2024\\\/03\\\/Depositphotos_551788822_XL-scaled-1.jpg\",\"width\":2560,\"height\":1707,\"caption\":\"Demonstration in Helsiniki am 5. M\u00e4rz 2022 gegen den russischen Angriff auf die Ukraine (Copyright: Depositphotos)\"},{\"@type\":\"BreadcrumbList\",\"@id\":\"https:\\\/\\\/dokdoc.eu\\\/fr\\\/2024\\\/03\\\/28\\\/vous-avez-dit-leadership-une-voix-de-finlande\\\/#breadcrumb\",\"itemListElement\":[{\"@type\":\"ListItem\",\"position\":1,\"name\":\"Startseite\",\"item\":\"https:\\\/\\\/dokdoc.eu\\\/fr\\\/\"},{\"@type\":\"ListItem\",\"position\":2,\"name\":\"Vous avez dit leadership ? Une voix de Finlande\"}]},{\"@type\":\"WebSite\",\"@id\":\"https:\\\/\\\/dokdoc.eu\\\/fr\\\/#website\",\"url\":\"https:\\\/\\\/dokdoc.eu\\\/fr\\\/\",\"name\":\"dokdoc.eu\",\"description\":\"\",\"publisher\":{\"@id\":\"https:\\\/\\\/dokdoc.eu\\\/fr\\\/#organization\"},\"potentialAction\":[{\"@type\":\"SearchAction\",\"target\":{\"@type\":\"EntryPoint\",\"urlTemplate\":\"https:\\\/\\\/dokdoc.eu\\\/fr\\\/?s={search_term_string}\"},\"query-input\":{\"@type\":\"PropertyValueSpecification\",\"valueRequired\":true,\"valueName\":\"search_term_string\"}}],\"inLanguage\":\"fr-FR\"},{\"@type\":\"Organization\",\"@id\":\"https:\\\/\\\/dokdoc.eu\\\/fr\\\/#organization\",\"name\":\"dokdoc.eu\",\"url\":\"https:\\\/\\\/dokdoc.eu\\\/fr\\\/\",\"logo\":{\"@type\":\"ImageObject\",\"inLanguage\":\"fr-FR\",\"@id\":\"https:\\\/\\\/dokdoc.eu\\\/fr\\\/#\\\/schema\\\/logo\\\/image\\\/\",\"url\":\"https:\\\/\\\/dokdoc.eu\\\/wp-content\\\/uploads\\\/2019\\\/08\\\/cropped-logo_dokdoc-e1720795013301.png\",\"contentUrl\":\"https:\\\/\\\/dokdoc.eu\\\/wp-content\\\/uploads\\\/2019\\\/08\\\/cropped-logo_dokdoc-e1720795013301.png\",\"width\":150,\"height\":110,\"caption\":\"dokdoc.eu\"},\"image\":{\"@id\":\"https:\\\/\\\/dokdoc.eu\\\/fr\\\/#\\\/schema\\\/logo\\\/image\\\/\"}},{\"@type\":\"Person\",\"@id\":\"https:\\\/\\\/dokdoc.eu\\\/fr\\\/#\\\/schema\\\/person\\\/d760e6e53df901fd9522f1d3a1e46621\",\"name\":\"RochowMedienagentur\",\"image\":{\"@type\":\"ImageObject\",\"inLanguage\":\"fr-FR\",\"@id\":\"https:\\\/\\\/dokdoc.eu\\\/wp-content\\\/uploads\\\/2019\\\/08\\\/cropped-logo_dokdoc-e1720795013301.png830075fd1c1a1f70247b47fa84cf0f00\",\"url\":\"https:\\\/\\\/dokdoc.eu\\\/wp-content\\\/uploads\\\/2019\\\/08\\\/cropped-logo_dokdoc-e1720795013301.png\",\"contentUrl\":\"https:\\\/\\\/dokdoc.eu\\\/wp-content\\\/uploads\\\/2019\\\/08\\\/cropped-logo_dokdoc-e1720795013301.png\",\"caption\":\"RochowMedienagentur\"},\"sameAs\":[\"https:\\\/\\\/dokdoc.eu\"],\"url\":\"https:\\\/\\\/dokdoc.eu\\\/fr\\\/author\\\/rochowmedienagentur\\\/\"}]}<\/script>\n<!-- \/ Yoast SEO plugin. -->","yoast_head_json":{"title":"Vous avez dit leadership ? Une voix de Finlande - dokdoc.eu","robots":{"index":"index","follow":"follow","max-snippet":"max-snippet:-1","max-image-preview":"max-image-preview:large","max-video-preview":"max-video-preview:-1"},"canonical":"https:\/\/dokdoc.eu\/fr\/2024\/03\/28\/vous-avez-dit-leadership-une-voix-de-finlande\/","og_locale":"fr_FR","og_type":"article","og_title":"Vous avez dit leadership ? Une voix de Finlande - dokdoc.eu","og_description":"Dans le cinqui\u00e8me \u00e9pisode de notre cycle \u00ab\u00a0Vous avez dit leadership\u00a0?\u00a0\u00bb, Minna \u00c5lander, experte en politique de d\u00e9fense et de s\u00e9curit\u00e9, rend compte de la perspective finlandaise. Elle \u00e9crit\u00a0: \u00ab\u00a0l\u2019Allemagne n\u2019est pas encore pr\u00eate \u00e0 abandonner sa culture de la retenue. La France, de son c\u00f4t\u00e9, doit apprendre \u00e0 mieux entra\u00eener ses partenaires et \u00e0 [&hellip;]","og_url":"https:\/\/dokdoc.eu\/fr\/2024\/03\/28\/vous-avez-dit-leadership-une-voix-de-finlande\/","og_site_name":"dokdoc.eu","article_published_time":"2024-03-28T13:15:00+00:00","article_modified_time":"2025-04-24T13:50:06+00:00","og_image":[{"width":2560,"height":1707,"url":"https:\/\/dokdoc.eu\/wp-content\/uploads\/2024\/03\/Depositphotos_551788822_XL-scaled-1.jpg","type":"image\/jpeg"}],"author":"Minna \u00c5lander","twitter_card":"summary_large_image","twitter_misc":{"\u00c9crit par":"RochowMedienagentur","Dur\u00e9e de lecture estim\u00e9e":"7 minutes"},"schema":{"@context":"https:\/\/schema.org","@graph":[{"@type":"Article","@id":"https:\/\/dokdoc.eu\/fr\/2024\/03\/28\/vous-avez-dit-leadership-une-voix-de-finlande\/#article","isPartOf":{"@id":"https:\/\/dokdoc.eu\/fr\/2024\/03\/28\/vous-avez-dit-leadership-une-voix-de-finlande\/"},"author":{"name":"RochowMedienagentur","@id":"https:\/\/dokdoc.eu\/fr\/#\/schema\/person\/d760e6e53df901fd9522f1d3a1e46621"},"headline":"Vous avez dit leadership ? Une voix de Finlande","datePublished":"2024-03-28T13:15:00+00:00","dateModified":"2025-04-24T13:50:06+00:00","mainEntityOfPage":{"@id":"https:\/\/dokdoc.eu\/fr\/2024\/03\/28\/vous-avez-dit-leadership-une-voix-de-finlande\/"},"wordCount":1099,"publisher":{"@id":"https:\/\/dokdoc.eu\/fr\/#organization"},"image":{"@id":"https:\/\/dokdoc.eu\/fr\/2024\/03\/28\/vous-avez-dit-leadership-une-voix-de-finlande\/#primaryimage"},"thumbnailUrl":"https:\/\/dokdoc.eu\/wp-content\/uploads\/2024\/03\/Depositphotos_551788822_XL-scaled-1.jpg","articleSection":["Politique"],"inLanguage":"fr-FR"},{"@type":"WebPage","@id":"https:\/\/dokdoc.eu\/fr\/2024\/03\/28\/vous-avez-dit-leadership-une-voix-de-finlande\/","url":"https:\/\/dokdoc.eu\/fr\/2024\/03\/28\/vous-avez-dit-leadership-une-voix-de-finlande\/","name":"Vous avez dit leadership ? Une voix de Finlande - dokdoc.eu","isPartOf":{"@id":"https:\/\/dokdoc.eu\/fr\/#website"},"primaryImageOfPage":{"@id":"https:\/\/dokdoc.eu\/fr\/2024\/03\/28\/vous-avez-dit-leadership-une-voix-de-finlande\/#primaryimage"},"image":{"@id":"https:\/\/dokdoc.eu\/fr\/2024\/03\/28\/vous-avez-dit-leadership-une-voix-de-finlande\/#primaryimage"},"thumbnailUrl":"https:\/\/dokdoc.eu\/wp-content\/uploads\/2024\/03\/Depositphotos_551788822_XL-scaled-1.jpg","datePublished":"2024-03-28T13:15:00+00:00","dateModified":"2025-04-24T13:50:06+00:00","breadcrumb":{"@id":"https:\/\/dokdoc.eu\/fr\/2024\/03\/28\/vous-avez-dit-leadership-une-voix-de-finlande\/#breadcrumb"},"inLanguage":"fr-FR","potentialAction":[{"@type":"ReadAction","target":["https:\/\/dokdoc.eu\/fr\/2024\/03\/28\/vous-avez-dit-leadership-une-voix-de-finlande\/"]}]},{"@type":"ImageObject","inLanguage":"fr-FR","@id":"https:\/\/dokdoc.eu\/fr\/2024\/03\/28\/vous-avez-dit-leadership-une-voix-de-finlande\/#primaryimage","url":"https:\/\/dokdoc.eu\/wp-content\/uploads\/2024\/03\/Depositphotos_551788822_XL-scaled-1.jpg","contentUrl":"https:\/\/dokdoc.eu\/wp-content\/uploads\/2024\/03\/Depositphotos_551788822_XL-scaled-1.jpg","width":2560,"height":1707,"caption":"Demonstration in Helsiniki am 5. M\u00e4rz 2022 gegen den russischen Angriff auf die Ukraine (Copyright: Depositphotos)"},{"@type":"BreadcrumbList","@id":"https:\/\/dokdoc.eu\/fr\/2024\/03\/28\/vous-avez-dit-leadership-une-voix-de-finlande\/#breadcrumb","itemListElement":[{"@type":"ListItem","position":1,"name":"Startseite","item":"https:\/\/dokdoc.eu\/fr\/"},{"@type":"ListItem","position":2,"name":"Vous avez dit leadership ? Une voix de Finlande"}]},{"@type":"WebSite","@id":"https:\/\/dokdoc.eu\/fr\/#website","url":"https:\/\/dokdoc.eu\/fr\/","name":"dokdoc.eu","description":"","publisher":{"@id":"https:\/\/dokdoc.eu\/fr\/#organization"},"potentialAction":[{"@type":"SearchAction","target":{"@type":"EntryPoint","urlTemplate":"https:\/\/dokdoc.eu\/fr\/?s={search_term_string}"},"query-input":{"@type":"PropertyValueSpecification","valueRequired":true,"valueName":"search_term_string"}}],"inLanguage":"fr-FR"},{"@type":"Organization","@id":"https:\/\/dokdoc.eu\/fr\/#organization","name":"dokdoc.eu","url":"https:\/\/dokdoc.eu\/fr\/","logo":{"@type":"ImageObject","inLanguage":"fr-FR","@id":"https:\/\/dokdoc.eu\/fr\/#\/schema\/logo\/image\/","url":"https:\/\/dokdoc.eu\/wp-content\/uploads\/2019\/08\/cropped-logo_dokdoc-e1720795013301.png","contentUrl":"https:\/\/dokdoc.eu\/wp-content\/uploads\/2019\/08\/cropped-logo_dokdoc-e1720795013301.png","width":150,"height":110,"caption":"dokdoc.eu"},"image":{"@id":"https:\/\/dokdoc.eu\/fr\/#\/schema\/logo\/image\/"}},{"@type":"Person","@id":"https:\/\/dokdoc.eu\/fr\/#\/schema\/person\/d760e6e53df901fd9522f1d3a1e46621","name":"RochowMedienagentur","image":{"@type":"ImageObject","inLanguage":"fr-FR","@id":"https:\/\/dokdoc.eu\/wp-content\/uploads\/2019\/08\/cropped-logo_dokdoc-e1720795013301.png830075fd1c1a1f70247b47fa84cf0f00","url":"https:\/\/dokdoc.eu\/wp-content\/uploads\/2019\/08\/cropped-logo_dokdoc-e1720795013301.png","contentUrl":"https:\/\/dokdoc.eu\/wp-content\/uploads\/2019\/08\/cropped-logo_dokdoc-e1720795013301.png","caption":"RochowMedienagentur"},"sameAs":["https:\/\/dokdoc.eu"],"url":"https:\/\/dokdoc.eu\/fr\/author\/rochowmedienagentur\/"}]}},"authors":[{"term_id":203,"user_id":0,"is_guest":1,"slug":"minna-aalander","display_name":"Minna \u00c5lander","avatar_url":{"url":"https:\/\/dokdoc.eu\/wp-content\/uploads\/2019\/08\/cropped-logo_dokdoc-e1720795013301.png","url2x":"https:\/\/dokdoc.eu\/wp-content\/uploads\/2019\/08\/cropped-logo_dokdoc-e1720795013301.png"},"0":null,"1":"","2":"","3":"","4":"","5":"","6":"","7":"","8":""}],"_links":{"self":[{"href":"https:\/\/dokdoc.eu\/fr\/wp-json\/wp\/v2\/posts\/29804","targetHints":{"allow":["GET"]}}],"collection":[{"href":"https:\/\/dokdoc.eu\/fr\/wp-json\/wp\/v2\/posts"}],"about":[{"href":"https:\/\/dokdoc.eu\/fr\/wp-json\/wp\/v2\/types\/post"}],"author":[{"embeddable":true,"href":"https:\/\/dokdoc.eu\/fr\/wp-json\/wp\/v2\/users\/1"}],"replies":[{"embeddable":true,"href":"https:\/\/dokdoc.eu\/fr\/wp-json\/wp\/v2\/comments?post=29804"}],"version-history":[{"count":1,"href":"https:\/\/dokdoc.eu\/fr\/wp-json\/wp\/v2\/posts\/29804\/revisions"}],"predecessor-version":[{"id":29805,"href":"https:\/\/dokdoc.eu\/fr\/wp-json\/wp\/v2\/posts\/29804\/revisions\/29805"}],"wp:featuredmedia":[{"embeddable":true,"href":"https:\/\/dokdoc.eu\/fr\/wp-json\/wp\/v2\/media\/22738"}],"wp:attachment":[{"href":"https:\/\/dokdoc.eu\/fr\/wp-json\/wp\/v2\/media?parent=29804"}],"wp:term":[{"taxonomy":"category","embeddable":true,"href":"https:\/\/dokdoc.eu\/fr\/wp-json\/wp\/v2\/categories?post=29804"},{"taxonomy":"post_tag","embeddable":true,"href":"https:\/\/dokdoc.eu\/fr\/wp-json\/wp\/v2\/tags?post=29804"},{"taxonomy":"author","embeddable":true,"href":"https:\/\/dokdoc.eu\/fr\/wp-json\/wp\/v2\/ppma_author?post=29804"}],"curies":[{"name":"wp","href":"https:\/\/api.w.org\/{rel}","templated":true}]}}