{"id":29850,"date":"2024-01-22T11:30:57","date_gmt":"2024-01-22T10:30:57","guid":{"rendered":"https:\/\/dokdoc.eu\/?p=29850"},"modified":"2025-04-24T17:35:58","modified_gmt":"2025-04-24T15:35:58","slug":"au-dela-de-la-grande-politique-renforcer-les-relations-franco-allemandes-en-jouant-sur-les-echelons","status":"publish","type":"post","link":"https:\/\/dokdoc.eu\/fr\/2024\/01\/22\/au-dela-de-la-grande-politique-renforcer-les-relations-franco-allemandes-en-jouant-sur-les-echelons\/","title":{"rendered":"Au-del\u00e0 de la \u00ab grande politique \u00bb : renforcer les relations franco-allemandes en jouant sur les \u00e9chelons"},"content":{"rendered":"<figure id=\"attachment_22398\" aria-describedby=\"caption-attachment-22398\" style=\"width: 1024px\" class=\"wp-caption aligncenter\"><img fetchpriority=\"high\" decoding=\"async\" class=\"wp-image-22398\" src=\"https:\/\/dokdoc.eu\/wp-content\/uploads\/2024\/01\/1_20230929_Buergerforum_781-c-Philipp-Kirschner-scaled-1-300x200.jpg\" alt=\"Premier Forum citoyen du Fonds citoyen franco-allemand, Leipzig, 29 septembre 2023 (Copyright : Philipp Kirschner)\" width=\"1024\" height=\"683\" srcset=\"https:\/\/dokdoc.eu\/wp-content\/uploads\/2024\/01\/1_20230929_Buergerforum_781-c-Philipp-Kirschner-scaled-1-300x200.jpg 300w, https:\/\/dokdoc.eu\/wp-content\/uploads\/2024\/01\/1_20230929_Buergerforum_781-c-Philipp-Kirschner-scaled-1-1024x683.jpg 1024w, https:\/\/dokdoc.eu\/wp-content\/uploads\/2024\/01\/1_20230929_Buergerforum_781-c-Philipp-Kirschner-scaled-1-768x512.jpg 768w, https:\/\/dokdoc.eu\/wp-content\/uploads\/2024\/01\/1_20230929_Buergerforum_781-c-Philipp-Kirschner-scaled-1-1536x1025.jpg 1536w, https:\/\/dokdoc.eu\/wp-content\/uploads\/2024\/01\/1_20230929_Buergerforum_781-c-Philipp-Kirschner-scaled-1-2048x1366.jpg 2048w\" sizes=\"(max-width: 1024px) 100vw, 1024px\" \/><figcaption id=\"caption-attachment-22398\" class=\"wp-caption-text\">Premier Forum citoyen du Fonds citoyen franco-allemand, Leipzig, 29 septembre 2023 (Copyright Philipp Kirschner)<\/figcaption><\/figure>\n<p><strong>Le 22 janvier occupe une place centrale dans la m\u00e9moire commune de chaque c\u00f4t\u00e9 du Rhin. Manifestations, c\u00e9r\u00e9monies, rapports et articles foisonnent au moment de l\u2019anniversaire de la signature du trait\u00e9 de coop\u00e9ration franco-allemande. Il en va de m\u00eame pour l\u2019action politique : sign\u00e9 il y a cinq ans, le trait\u00e9 d\u2019Aix-la-Chapelle s\u2019inscrit dans la tradition du trait\u00e9 de l\u2019\u00c9lys\u00e9e, et ce, pas seulement en termes de dates.<\/strong><!--more--><\/p>\n<p>&nbsp;<\/p>\n<p>En tant que journ\u00e9e franco-allemande, le 22 janvier est incontestablement plac\u00e9 sous le signe de l\u2019action pionni\u00e8re de Konrad Adenauer et Charles de Gaulle (1963), compl\u00e9t\u00e9e par celle, modernisatrice, d\u2019Emmanuel Macron et Angela Merkel (2019). Dans une perspective comm\u00e9morative, la \u00ab grande politique \u00bb, celle pratiqu\u00e9e par des hommes et des femmes d\u2019\u00c9tat, passe presque in\u00e9vitablement au premier plan. Une telle vision occulte souvent le r\u00f4le d\u2019autres forces motrices de la relation franco-allemande en Europe. Les initiatives impuls\u00e9es \u00ab par le haut \u00bb sont certes importantes ; sans celles impuls\u00e9es \u00ab par le bas \u00bb, elles resteraient toutefois fragmentaires. Cela s\u2019est d\u00e9j\u00e0 manifest\u00e9 de mani\u00e8re presque dramatique dans le contexte du trait\u00e9 de l\u2019\u00c9lys\u00e9e, contexte sur lequel les signataires du trait\u00e9 d\u2019Aix-la-Chapelle ont d\u00e9lib\u00e9r\u00e9ment mis\u00e9. C\u2019est l\u00e0 le point de d\u00e9part de notre argumentation : quatre th\u00e8ses dont l\u2019objet est de d\u00e9montrer que le renforcement de la coop\u00e9ration franco-allemande n\u00e9cessite une imbrication croissante entre le \u00ab haut \u00bb et le \u00ab bas \u00bb.<\/p>\n<p>&nbsp;<\/p>\n<h2 class=\"wp-block-heading\"><strong>L\u2019impulsion du trait\u00e9 de l\u2019\u00c9lys\u00e9e<\/strong><\/h2>\n<p>Ind\u00e9pendamment de son r\u00f4le fondateur dans l\u2019histoire des relations franco-allemandes en Europe, le trait\u00e9 de l\u2019\u00c9lys\u00e9e est en premier lieu le r\u00e9sultat d\u2019un \u00e9chec : ce n\u2019est que parce que Charles de Gaulle n\u2019\u00e9tait pas parvenu \u00e0 imposer ses id\u00e9es dans la communaut\u00e9 des Six, qu\u2019il accepta l\u2019id\u00e9e d\u2019un trait\u00e9 avec l\u2019Allemagne. Ce trait\u00e9, le trait\u00e9 de l\u2019\u00c9lys\u00e9e, introduit des consultations biannuelles et formula un programme commun dans les domaines des affaires \u00e9trang\u00e8res et de la d\u00e9fense, ainsi que dans les questions relevant de la jeunesse et de l\u2019\u00e9ducation. Le texte se donnait pour objectif d\u2019avoir un impact sur les deux pays mais aussi d\u2019essaimer plus large.<\/p>\n<p>Des divergences apparurent toutefois d\u00e8s le processus de ratification, de sorte que de nombreuses dispositions relevant de la \u00ab grande politique \u00bb \u2013 affaires \u00e9trang\u00e8res et d\u00e9fense \u2013 rest\u00e8rent dans un premier temps lettre morte. Paradoxalement, ces difficult\u00e9s mirent en lumi\u00e8re l\u2019importance de formes tr\u00e8s concr\u00e8tes de \u00ab politique par le bas \u00bb : l\u2019un des grands acquis du trait\u00e9 de l\u2019\u00c9lys\u00e9e est l\u2019Office franco-allemand pour la jeunesse. Institu\u00e9 en juillet 1963, il a lanc\u00e9 une dynamique de rapprochement, d\u2019\u00e9changes et d\u2019amiti\u00e9 sans pr\u00e9c\u00e9dent ; la \u00ab politique \u00e9trang\u00e8re communale \u00bb se d\u00e9veloppa elle aussi de mani\u00e8re consid\u00e9rable et avec elle, le nombre de jumelages entre villes et communes. La coop\u00e9ration franco-allemande ne s\u2019est donc pas densifi\u00e9e d\u2019un seul coup avec le trait\u00e9 de l\u2019\u00c9lys\u00e9e : elle s\u2019est plut\u00f4t d\u00e9velopp\u00e9e \u00e0 petite \u00e9chelle avant de s\u2019ancrer profond\u00e9ment et de d\u00e9ployer ses effets \u00e0 un niveau plus \u00e9lev\u00e9.<\/p>\n<p>&nbsp;<\/p>\n<figure id=\"attachment_22390\" aria-describedby=\"caption-attachment-22390\" style=\"width: 1024px\" class=\"wp-caption aligncenter\"><img decoding=\"async\" class=\"wp-image-22390\" src=\"https:\/\/dokdoc.eu\/wp-content\/uploads\/2024\/01\/2_aachener-vertrag_24-300x200.jpg\" alt=\"Signature du trait\u00e9 d\u2019Aix-la-Chapelle, 22 janvier 2019 (Copyright Stadt Aachen \/ Andreas Herrmann)\" width=\"1024\" height=\"682\" srcset=\"https:\/\/dokdoc.eu\/wp-content\/uploads\/2024\/01\/2_aachener-vertrag_24-300x200.jpg 300w, https:\/\/dokdoc.eu\/wp-content\/uploads\/2024\/01\/2_aachener-vertrag_24-1024x682.jpg 1024w, https:\/\/dokdoc.eu\/wp-content\/uploads\/2024\/01\/2_aachener-vertrag_24-768x512.jpg 768w, https:\/\/dokdoc.eu\/wp-content\/uploads\/2024\/01\/2_aachener-vertrag_24-1536x1024.jpg 1536w, https:\/\/dokdoc.eu\/wp-content\/uploads\/2024\/01\/2_aachener-vertrag_24-2048x1365.jpg 2048w\" sizes=\"(max-width: 1024px) 100vw, 1024px\" \/><figcaption id=\"caption-attachment-22390\" class=\"wp-caption-text\">Signature du trait\u00e9 d\u2019Aix-la-Chapelle, 22 janvier 2019 (Copyright Stadt Aachen \/ Andreas Herrmann)<\/figcaption><\/figure>\n<p>&nbsp;<\/p>\n<h2 class=\"wp-block-heading\"><strong>Consolider le socle<\/strong><\/h2>\n<p>Au plan international, nombreux sont ceux qui, au cours des derni\u00e8res ann\u00e9es et d\u00e9cennies, ont reconnu l\u2019importance de la coop\u00e9ration d\u00e9centralis\u00e9e. Le trait\u00e9 d\u2019Aix-la-Chapelle ne fait pas exception. Bien au contraire. Le pr\u00e9ambule le souligne \u00e0 plusieurs reprises et de nombreuses dispositions visent justement \u00e0 renforcer les approches d\u00e9centralis\u00e9es. Dans ce contexte, quatre points nous semblent particuli\u00e8rement importants parce qu\u2019ils rec\u00e8lent de nombreuses potentialit\u00e9s quant au d\u00e9veloppement des relations franco-allemandes en Europe :<\/p>\n<p>1. les jumelages entre villes et communes \u2013 il en existe environ 2 200 \u2013 sont de v\u00e9ritables caisses de r\u00e9sonance du franco-allemand, un instrument de consolidation de la conscience europ\u00e9enne au plan communal. La mise en place de jumelages fait toutefois partie des t\u00e2ches dites volontaires de sorte que la mise \u00e0 disposition de ressources et de moyens dans un syst\u00e8me \u00e0 plusieurs niveaux o\u00f9 nombre de missions sont d\u00e9l\u00e9gu\u00e9es s\u2019av\u00e8re parfois difficile. Afin que la \u00ab politique \u00e9trang\u00e8re communale \u00bb puisse, premi\u00e8rement, planifier de mani\u00e8re judicieuse au service de l\u2019int\u00e9r\u00eat g\u00e9n\u00e9ral et, deuxi\u00e8mement, poursuivre son d\u00e9veloppement, il faut que des moyens appropri\u00e9s soient allou\u00e9s par des structures supra-communales et que leurs engagements financiers soient p\u00e9rennis\u00e9s. Le Forum pour l\u2019avenir, mis en place par le trait\u00e9 d\u2019Aix-la-Chapelle, s\u2019en fait l\u2019avocat et se r\u00e9f\u00e8re \u00e0 cet endroit aux mesures climatiques \u00e0 prendre \u00e0 l\u2019\u00e9chelon communal.<\/p>\n<p>2. pour avoir un impact sur le terrain dans une perspective franco-allemande et europ\u00e9enne, il est n\u00e9cessaire de mettre en place des structures au-del\u00e0 du niveau communal et qui serviraient de relais entre le \u00ab haut \u00bb et le \u00ab bas \u00bb et entre le \u00ab bas \u00bb et le \u00ab haut \u00bb. Cette mission a \u00e9t\u00e9 explicitement d\u00e9volue au Forum pour l\u2019avenir. Elle incombe \u00e9galement \u00e0 l\u2019Assembl\u00e9e parlementaire franco-allemande (AFPA), cr\u00e9\u00e9e peu apr\u00e8s la signature du trait\u00e9 d\u2019Aix-la-Chapelle. Ses membres jouent un r\u00f4le charni\u00e8re entre les l\u00e9gislatures nationales, les r\u00e9gions, les L\u00e4nder et les circonscriptions \u00e9lectorales. Toutefois, seuls trois membres de l\u2019est de l\u2019Allemagne, Berlin compris, si\u00e8gent dans ladite Assembl\u00e9e. Ce d\u00e9s\u00e9quilibre a des cons\u00e9quences car c\u2019est justement l\u00e0 que le franco-allemand aurait besoin d\u2019interlocuteurs appropri\u00e9s pour s\u2019ancrer plus profond\u00e9ment.<\/p>\n<p>&nbsp;<\/p>\n<figure id=\"attachment_22392\" aria-describedby=\"caption-attachment-22392\" style=\"width: 1024px\" class=\"wp-caption aligncenter\"><img decoding=\"async\" class=\"wp-image-22392\" src=\"https:\/\/dokdoc.eu\/wp-content\/uploads\/2024\/01\/3_imago96761051-scaled-1-300x179.jpg\" alt=\"Session de l\u2019Assembl\u00e9e parlementaire franco-allemande, Strasbourg, 5 f\u00e9vrier 2020 (Copyright Imago)\" width=\"1024\" height=\"612\" srcset=\"https:\/\/dokdoc.eu\/wp-content\/uploads\/2024\/01\/3_imago96761051-scaled-1-300x179.jpg 300w, https:\/\/dokdoc.eu\/wp-content\/uploads\/2024\/01\/3_imago96761051-scaled-1-1024x612.jpg 1024w, https:\/\/dokdoc.eu\/wp-content\/uploads\/2024\/01\/3_imago96761051-scaled-1-768x459.jpg 768w, https:\/\/dokdoc.eu\/wp-content\/uploads\/2024\/01\/3_imago96761051-scaled-1-1536x919.jpg 1536w, https:\/\/dokdoc.eu\/wp-content\/uploads\/2024\/01\/3_imago96761051-scaled-1-2048x1225.jpg 2048w\" sizes=\"(max-width: 1024px) 100vw, 1024px\" \/><figcaption id=\"caption-attachment-22392\" class=\"wp-caption-text\">Session de l\u2019Assembl\u00e9e parlementaire franco-allemande, Strasbourg, 5 f\u00e9vrier 2020 (Copyright Imago)<\/figcaption><\/figure>\n<p>3. la mise en place du Fonds citoyen franco-allemand par le trait\u00e9 d\u2019Aix-la-Chapelle a r\u00e9pondu \u00e0 un besoin de la soci\u00e9t\u00e9 civile, celui de disposer d\u2019un instrument de soutien d\u2019utilisation simple dans le contexte franco-allemand. Le nombre \u00e9lev\u00e9 de demandes et de subventions t\u00e9moigne de son succ\u00e8s. La pratique a d\u00e9montr\u00e9 que ce sont justement les petits projets locaux qui touchent le plus grand nombre de personnes et qui ont un impact important. Lancer des actions \u00e0 petite \u00e9chelle sur des grandes questions de soci\u00e9t\u00e9 n\u2019est certes pas nouveau mais l\u2019approche est porteuse d\u2019avenir. Il convient maintenant d\u2019offrir des perspectives de financement fiables \u00e0 la soci\u00e9t\u00e9 civile \u2013 agissant du reste souvent \u00e0 titre b\u00e9n\u00e9vole \u2013, et de privil\u00e9gier le financement de mesures vari\u00e9es en lieu et place de projets prestigieux ou on\u00e9reux parfois favoris\u00e9s par la politique.<\/p>\n<p>&nbsp;<\/p>\n<figure id=\"attachment_22394\" aria-describedby=\"caption-attachment-22394\" style=\"width: 1024px\" class=\"wp-caption aligncenter\"><img loading=\"lazy\" decoding=\"async\" class=\"wp-image-22394\" src=\"https:\/\/dokdoc.eu\/wp-content\/uploads\/2024\/01\/4_2023-0761-FR_Photo-de-groupe-jumelage-300x239.jpg\" alt=\"Rencontre entre deux associations sportives de Fondettes et de Wiesbaden, juillet 2023 (Copyright Fonds citoyen franco-allemand)\" width=\"1024\" height=\"815\" srcset=\"https:\/\/dokdoc.eu\/wp-content\/uploads\/2024\/01\/4_2023-0761-FR_Photo-de-groupe-jumelage-300x239.jpg 300w, https:\/\/dokdoc.eu\/wp-content\/uploads\/2024\/01\/4_2023-0761-FR_Photo-de-groupe-jumelage-1024x815.jpg 1024w, https:\/\/dokdoc.eu\/wp-content\/uploads\/2024\/01\/4_2023-0761-FR_Photo-de-groupe-jumelage-768x612.jpg 768w, https:\/\/dokdoc.eu\/wp-content\/uploads\/2024\/01\/4_2023-0761-FR_Photo-de-groupe-jumelage-1536x1223.jpg 1536w, https:\/\/dokdoc.eu\/wp-content\/uploads\/2024\/01\/4_2023-0761-FR_Photo-de-groupe-jumelage.jpg 1920w\" sizes=\"(max-width: 1024px) 100vw, 1024px\" \/><figcaption id=\"caption-attachment-22394\" class=\"wp-caption-text\">Rencontre entre deux associations sportives de Fondettes et de Wiesbaden, juillet 2023 (Copyright Fonds citoyen franco-allemand)<\/figcaption><\/figure>\n<p>&nbsp;<\/p>\n<p>4. dans une Europe ouverte, les zones frontali\u00e8res, longtemps n\u00e9glig\u00e9es, peuvent \u00eatre consid\u00e9r\u00e9es comme des laboratoires internationaux d\u2019une coop\u00e9ration approfondie dans un monde de plus en plus interconnect\u00e9. Le trait\u00e9 d\u2019Aix-la-Chapelle pr\u00e9voit \u00e0 cet effet d\u2019adapter, si cela s\u2019av\u00e8re n\u00e9cessaire, les dispositions l\u00e9gislatives et administratives et d\u2019accorder des d\u00e9rogations aux r\u00e9gions frontali\u00e8res. En association avec l\u2019AFPA, le Comit\u00e9 de Coop\u00e9ration Transfrontali\u00e8re, lui aussi cr\u00e9\u00e9 \u00e0 la suite du trait\u00e9 de 2019, a pour mission d\u2019exercer une influence sur le syst\u00e8me multi-niveaux franco-allemand afin que de telles innovations puissent \u00eatre appliqu\u00e9es au plus pr\u00e8s des besoins des soci\u00e9t\u00e9s et de mani\u00e8re juridiquement s\u00fbre.<\/p>\n<p>&nbsp;<\/p>\n<h2 class=\"wp-block-heading\"><strong>Aller plus loin<\/strong><\/h2>\n<p>Les points que nous venons d\u2019esquisser partent tous du m\u00eame constat : beaucoup peut \u00eatre fait au niveau local. Mais pour y parvenir, il faut imp\u00e9rativement impliquer d\u2019autres niveaux car dans le complexe syst\u00e8me f\u00e9d\u00e9ral ou m\u00eame europ\u00e9en, les acteurs \u00e9tatiques et supranationaux ont souvent plus de marges de man\u0153uvre que les communes ou que les petites structures de la soci\u00e9t\u00e9 civile, tant en mati\u00e8re de l\u00e9gislation que d\u2019allocation de ressources. Les instruments mis en place par le trait\u00e9 de l\u2019\u00c9lys\u00e9e et compl\u00e9t\u00e9s par le trait\u00e9 d\u2019Aix-la-Chapelle, doivent \u00eatre maintenant consolid\u00e9s et d\u00e9velopp\u00e9s. L\u2019objectif : faire en sorte que les discussions et les actions men\u00e9es en parall\u00e8le c\u00e8dent la place \u00e0 une multitude d\u2019\u00e9changes personnels et \u00e0 des actions locales. Au fond, ce dont nous avons besoin, c\u2019est un processus fluidifiant le dialogue du \u00ab haut \u00bb vers le \u00ab bas \u00bb et du \u00ab bas \u00bb vers le \u00ab haut \u00bb afin de renforcer mutuellement les possibilit\u00e9s d\u2019action au niveau local, r\u00e9gional, national et supranational.<\/p>\n<p>&nbsp;<\/p>\n<p class=\"has-text-align-right\" style=\"text-align: right;\"><em>NB : Cet article est une version condens\u00e9e d\u2019une conf\u00e9rence donn\u00e9e par l\u2019auteur dans le cadre du colloque \u00ab Les 60 ans du trait\u00e9 de l\u2019\u00c9lys\u00e9e : perspectives rh\u00e9nano-westphaliennes sur les relations franco-allemandes \u00bb, organis\u00e9 par l\u2019<\/em>Institut f\u00fcr Landeskunde und Regionalgeschichte des Landschaftsverbands Rheinland<em> (LVR) les 7 et 8 d\u00e9cembre 2023 \u00e0 Bonn.<\/em><\/p>\n<p>&nbsp;<\/p>\n<h2 class=\"wp-block-heading\"><strong>L&rsquo;auteur<\/strong><\/h2>\n<figure id=\"attachment_22396\" aria-describedby=\"caption-attachment-22396\" style=\"width: 300px\" class=\"wp-caption alignleft\"><img loading=\"lazy\" decoding=\"async\" class=\"size-medium wp-image-22396\" src=\"https:\/\/dokdoc.eu\/wp-content\/uploads\/2024\/01\/5_politglott_marchetti-scaled-1-300x200.jpg\" alt=\"Andreas Marchetti (Copyright Jan Sahm)\" width=\"300\" height=\"200\" srcset=\"https:\/\/dokdoc.eu\/wp-content\/uploads\/2024\/01\/5_politglott_marchetti-scaled-1-300x200.jpg 300w, https:\/\/dokdoc.eu\/wp-content\/uploads\/2024\/01\/5_politglott_marchetti-scaled-1-1024x683.jpg 1024w, https:\/\/dokdoc.eu\/wp-content\/uploads\/2024\/01\/5_politglott_marchetti-scaled-1-768x512.jpg 768w, https:\/\/dokdoc.eu\/wp-content\/uploads\/2024\/01\/5_politglott_marchetti-scaled-1-1536x1024.jpg 1536w, https:\/\/dokdoc.eu\/wp-content\/uploads\/2024\/01\/5_politglott_marchetti-scaled-1-2048x1366.jpg 2048w\" sizes=\"(max-width: 300px) 100vw, 300px\" \/><figcaption id=\"caption-attachment-22396\" class=\"wp-caption-text\">Andreas Marchetti (Copyright Jan Sahm)<\/figcaption><\/figure>\n<p><em>Andreas Marchetti est le fondateur et le directeur g\u00e9n\u00e9ral de politglott GmbH, une entreprise sociale sp\u00e9cialis\u00e9e dans le domaine de l\u2019\u00e9ducation civique et du conseil en politique (Bad Honnef). Il est \u00e9galement professeur honoraire \u00e0 l\u2019Universit\u00e9 de Paderborn et enseigne r\u00e9guli\u00e8rement sur le campus franco-germano-europ\u00e9en de Sciences Po Paris \u00e0 Nancy. En 2021\/2022, il a \u00e9t\u00e9 responsable de l\u2019\u00e9valuation du Fonds citoyen franco-allemand avec une \u00e9quipe franco-allemande.<\/em><\/p>\n<p>&nbsp;<\/p>\n<p>&nbsp;<\/p>\n<p>&nbsp;<\/p>\n<p>&nbsp;<\/p>\n<h2 class=\"wp-block-heading\"><strong>Pour aller plus loin<\/strong><\/h2>\n<ul>\n<li><a href=\"https:\/\/www.ifri.org\/fr\/publications\/notes-de-lifri\/visions-franco-allemandes\/societe-civile-franco-allemande-enjeu-acteur\">Corine Defrance\/Tanja Herrmann : Soci\u00e9t\u00e9 civile franco-allemande : enjeu et acteur des relations bilat\u00e9rales. Bilan et perspectives apr\u00e8s la signature du trait\u00e9 d\u2019Aix-la-Chapelle, Notes de l\u2019Ifri: Visions franco-allemandes 32, Paris, 2021<\/a><\/li>\n<li><a href=\"https:\/\/www.stiftung-genshagen.de\/fileadmin\/Dateien\/Publikationen\/Genshagener_Papiere\/2024\/GP_30\/Genshagener_Papier_No._30_Cinq_ans_apr%C3%A8s_le_trait%C3%A9_d_Aix-la-Chapelle.pdf\">Tobias Koepf\/Martin Koopmann (\u00e9d.) : Cinq ans apr\u00e8s le trait\u00e9 d\u2019Aix-la-Chapelle : bilan d\u2019\u00e9tape, Papier de la Fondation Genshagen 30, Genshagen, 2024<\/a><\/li>\n<li><a href=\"https:\/\/www.kas.de\/documents\/252038\/4521287\/Les+jumelages+de+villes+et+communes+-+Guide+d%E2%80%99%C3%A9ducation.pdf\/9b680201-3364-a565-1ad0-0a6c9c299592?version=1.0&amp;t=1548671758965\">Andreas Marchetti : Les jumelages de villes et de communes. Structures \u2013 pratique \u2013 avenir dans une perspective franco-allemande 26, Fondation Konrad Adenauer, Sankt Augustin\/Berlin, 2019<\/a><\/li>\n<li><a href=\"https:\/\/www.ifri.org\/fr\/publications\/notes-de-lifri\/visions-franco-allemandes\/briser-plafond-de-verre-cooperation-franco\">Andreas Marchetti : Briser le plafond de verre ? La coop\u00e9ration franco-allemande d\u00e9centralis\u00e9e suite au Trait\u00e9 d\u2019Aix-la-Chapelle, Notes de l\u2019Ifri: Visions franco-allemandes 30, Paris, 2020<\/a><\/li>\n<\/ul>\n","protected":false},"excerpt":{"rendered":"<p>Le 22 janvier occupe une place centrale dans la m\u00e9moire commune de chaque c\u00f4t\u00e9 du Rhin. Manifestations, c\u00e9r\u00e9monies, rapports et articles foisonnent au moment de l\u2019anniversaire de la signature du trait\u00e9 de coop\u00e9ration franco-allemande. Il en va de m\u00eame pour l\u2019action politique : sign\u00e9 il y a cinq ans, le trait\u00e9 d\u2019Aix-la-Chapelle s\u2019inscrit dans la [&hellip;]<\/p>\n","protected":false},"author":1,"featured_media":22398,"comment_status":"closed","ping_status":"closed","sticky":true,"template":"","format":"standard","meta":{"om_disable_all_campaigns":false,"_monsterinsights_skip_tracking":false,"_monsterinsights_sitenote_active":false,"_monsterinsights_sitenote_note":"","_monsterinsights_sitenote_category":0,"_uf_show_specific_survey":0,"_uf_disable_surveys":false,"footnotes":""},"categories":[115],"tags":[],"ppma_author":[603],"class_list":["post-29850","post","type-post","status-publish","format-standard","has-post-thumbnail","hentry","category-societe-fr-2"],"yoast_head":"<!-- This site is optimized with the Yoast SEO plugin v27.5 - https:\/\/yoast.com\/product\/yoast-seo-wordpress\/ -->\n<title>Au-del\u00e0 de la \u00ab grande politique \u00bb : renforcer les relations franco-allemandes en jouant sur les \u00e9chelons - dokdoc.eu<\/title>\n<meta name=\"robots\" content=\"index, follow, max-snippet:-1, max-image-preview:large, max-video-preview:-1\" \/>\n<link rel=\"canonical\" href=\"https:\/\/dokdoc.eu\/fr\/2024\/01\/22\/au-dela-de-la-grande-politique-renforcer-les-relations-franco-allemandes-en-jouant-sur-les-echelons\/\" \/>\n<meta property=\"og:locale\" content=\"fr_FR\" \/>\n<meta property=\"og:type\" content=\"article\" \/>\n<meta property=\"og:title\" content=\"Au-del\u00e0 de la \u00ab grande politique \u00bb : renforcer les relations franco-allemandes en jouant sur les \u00e9chelons - dokdoc.eu\" \/>\n<meta property=\"og:description\" content=\"Le 22 janvier occupe une place centrale dans la m\u00e9moire commune de chaque c\u00f4t\u00e9 du Rhin. Manifestations, c\u00e9r\u00e9monies, rapports et articles foisonnent au moment de l\u2019anniversaire de la signature du trait\u00e9 de coop\u00e9ration franco-allemande. Il en va de m\u00eame pour l\u2019action politique : sign\u00e9 il y a cinq ans, le trait\u00e9 d\u2019Aix-la-Chapelle s\u2019inscrit dans la [&hellip;]\" \/>\n<meta property=\"og:url\" content=\"https:\/\/dokdoc.eu\/fr\/2024\/01\/22\/au-dela-de-la-grande-politique-renforcer-les-relations-franco-allemandes-en-jouant-sur-les-echelons\/\" \/>\n<meta property=\"og:site_name\" content=\"dokdoc.eu\" \/>\n<meta property=\"article:published_time\" content=\"2024-01-22T10:30:57+00:00\" \/>\n<meta property=\"article:modified_time\" content=\"2025-04-24T15:35:58+00:00\" \/>\n<meta property=\"og:image\" content=\"https:\/\/dokdoc.eu\/wp-content\/uploads\/2024\/01\/1_20230929_Buergerforum_781-c-Philipp-Kirschner-scaled-1.jpg\" \/>\n\t<meta property=\"og:image:width\" content=\"2560\" \/>\n\t<meta property=\"og:image:height\" content=\"1708\" \/>\n\t<meta property=\"og:image:type\" content=\"image\/jpeg\" \/>\n<meta name=\"author\" content=\"Andreas Marchetti\" \/>\n<meta name=\"twitter:card\" content=\"summary_large_image\" \/>\n<meta name=\"twitter:label1\" content=\"\u00c9crit par\" \/>\n\t<meta name=\"twitter:data1\" content=\"RochowMedienagentur\" \/>\n\t<meta name=\"twitter:label2\" content=\"Dur\u00e9e de lecture estim\u00e9e\" \/>\n\t<meta name=\"twitter:data2\" content=\"10 minutes\" \/>\n<script type=\"application\/ld+json\" class=\"yoast-schema-graph\">{\"@context\":\"https:\\\/\\\/schema.org\",\"@graph\":[{\"@type\":\"Article\",\"@id\":\"https:\\\/\\\/dokdoc.eu\\\/fr\\\/2024\\\/01\\\/22\\\/au-dela-de-la-grande-politique-renforcer-les-relations-franco-allemandes-en-jouant-sur-les-echelons\\\/#article\",\"isPartOf\":{\"@id\":\"https:\\\/\\\/dokdoc.eu\\\/fr\\\/2024\\\/01\\\/22\\\/au-dela-de-la-grande-politique-renforcer-les-relations-franco-allemandes-en-jouant-sur-les-echelons\\\/\"},\"author\":{\"name\":\"RochowMedienagentur\",\"@id\":\"https:\\\/\\\/dokdoc.eu\\\/fr\\\/#\\\/schema\\\/person\\\/d760e6e53df901fd9522f1d3a1e46621\"},\"headline\":\"Au-del\u00e0 de la \u00ab grande politique \u00bb : renforcer les relations franco-allemandes en jouant sur les \u00e9chelons\",\"datePublished\":\"2024-01-22T10:30:57+00:00\",\"dateModified\":\"2025-04-24T15:35:58+00:00\",\"mainEntityOfPage\":{\"@id\":\"https:\\\/\\\/dokdoc.eu\\\/fr\\\/2024\\\/01\\\/22\\\/au-dela-de-la-grande-politique-renforcer-les-relations-franco-allemandes-en-jouant-sur-les-echelons\\\/\"},\"wordCount\":1780,\"publisher\":{\"@id\":\"https:\\\/\\\/dokdoc.eu\\\/fr\\\/#organization\"},\"image\":{\"@id\":\"https:\\\/\\\/dokdoc.eu\\\/fr\\\/2024\\\/01\\\/22\\\/au-dela-de-la-grande-politique-renforcer-les-relations-franco-allemandes-en-jouant-sur-les-echelons\\\/#primaryimage\"},\"thumbnailUrl\":\"https:\\\/\\\/dokdoc.eu\\\/wp-content\\\/uploads\\\/2024\\\/01\\\/1_20230929_Buergerforum_781-c-Philipp-Kirschner-scaled-1.jpg\",\"articleSection\":[\"Soci\u00e9t\u00e9\"],\"inLanguage\":\"fr-FR\"},{\"@type\":\"WebPage\",\"@id\":\"https:\\\/\\\/dokdoc.eu\\\/fr\\\/2024\\\/01\\\/22\\\/au-dela-de-la-grande-politique-renforcer-les-relations-franco-allemandes-en-jouant-sur-les-echelons\\\/\",\"url\":\"https:\\\/\\\/dokdoc.eu\\\/fr\\\/2024\\\/01\\\/22\\\/au-dela-de-la-grande-politique-renforcer-les-relations-franco-allemandes-en-jouant-sur-les-echelons\\\/\",\"name\":\"Au-del\u00e0 de la \u00ab grande politique \u00bb : renforcer les relations franco-allemandes en jouant sur les \u00e9chelons - dokdoc.eu\",\"isPartOf\":{\"@id\":\"https:\\\/\\\/dokdoc.eu\\\/fr\\\/#website\"},\"primaryImageOfPage\":{\"@id\":\"https:\\\/\\\/dokdoc.eu\\\/fr\\\/2024\\\/01\\\/22\\\/au-dela-de-la-grande-politique-renforcer-les-relations-franco-allemandes-en-jouant-sur-les-echelons\\\/#primaryimage\"},\"image\":{\"@id\":\"https:\\\/\\\/dokdoc.eu\\\/fr\\\/2024\\\/01\\\/22\\\/au-dela-de-la-grande-politique-renforcer-les-relations-franco-allemandes-en-jouant-sur-les-echelons\\\/#primaryimage\"},\"thumbnailUrl\":\"https:\\\/\\\/dokdoc.eu\\\/wp-content\\\/uploads\\\/2024\\\/01\\\/1_20230929_Buergerforum_781-c-Philipp-Kirschner-scaled-1.jpg\",\"datePublished\":\"2024-01-22T10:30:57+00:00\",\"dateModified\":\"2025-04-24T15:35:58+00:00\",\"breadcrumb\":{\"@id\":\"https:\\\/\\\/dokdoc.eu\\\/fr\\\/2024\\\/01\\\/22\\\/au-dela-de-la-grande-politique-renforcer-les-relations-franco-allemandes-en-jouant-sur-les-echelons\\\/#breadcrumb\"},\"inLanguage\":\"fr-FR\",\"potentialAction\":[{\"@type\":\"ReadAction\",\"target\":[\"https:\\\/\\\/dokdoc.eu\\\/fr\\\/2024\\\/01\\\/22\\\/au-dela-de-la-grande-politique-renforcer-les-relations-franco-allemandes-en-jouant-sur-les-echelons\\\/\"]}]},{\"@type\":\"ImageObject\",\"inLanguage\":\"fr-FR\",\"@id\":\"https:\\\/\\\/dokdoc.eu\\\/fr\\\/2024\\\/01\\\/22\\\/au-dela-de-la-grande-politique-renforcer-les-relations-franco-allemandes-en-jouant-sur-les-echelons\\\/#primaryimage\",\"url\":\"https:\\\/\\\/dokdoc.eu\\\/wp-content\\\/uploads\\\/2024\\\/01\\\/1_20230929_Buergerforum_781-c-Philipp-Kirschner-scaled-1.jpg\",\"contentUrl\":\"https:\\\/\\\/dokdoc.eu\\\/wp-content\\\/uploads\\\/2024\\\/01\\\/1_20230929_Buergerforum_781-c-Philipp-Kirschner-scaled-1.jpg\",\"width\":2560,\"height\":1708,\"caption\":\"Erstes B\u00fcrgerforum des Deutsch-Franz\u00f6sischen B\u00fcrgerfonds, Leipzig, 29. September 2023 (Copyright: Philipp Kirschner)\"},{\"@type\":\"BreadcrumbList\",\"@id\":\"https:\\\/\\\/dokdoc.eu\\\/fr\\\/2024\\\/01\\\/22\\\/au-dela-de-la-grande-politique-renforcer-les-relations-franco-allemandes-en-jouant-sur-les-echelons\\\/#breadcrumb\",\"itemListElement\":[{\"@type\":\"ListItem\",\"position\":1,\"name\":\"Startseite\",\"item\":\"https:\\\/\\\/dokdoc.eu\\\/fr\\\/\"},{\"@type\":\"ListItem\",\"position\":2,\"name\":\"Au-del\u00e0 de la \u00ab grande politique \u00bb : renforcer les relations franco-allemandes en jouant sur les \u00e9chelons\"}]},{\"@type\":\"WebSite\",\"@id\":\"https:\\\/\\\/dokdoc.eu\\\/fr\\\/#website\",\"url\":\"https:\\\/\\\/dokdoc.eu\\\/fr\\\/\",\"name\":\"dokdoc.eu\",\"description\":\"\",\"publisher\":{\"@id\":\"https:\\\/\\\/dokdoc.eu\\\/fr\\\/#organization\"},\"potentialAction\":[{\"@type\":\"SearchAction\",\"target\":{\"@type\":\"EntryPoint\",\"urlTemplate\":\"https:\\\/\\\/dokdoc.eu\\\/fr\\\/?s={search_term_string}\"},\"query-input\":{\"@type\":\"PropertyValueSpecification\",\"valueRequired\":true,\"valueName\":\"search_term_string\"}}],\"inLanguage\":\"fr-FR\"},{\"@type\":\"Organization\",\"@id\":\"https:\\\/\\\/dokdoc.eu\\\/fr\\\/#organization\",\"name\":\"dokdoc.eu\",\"url\":\"https:\\\/\\\/dokdoc.eu\\\/fr\\\/\",\"logo\":{\"@type\":\"ImageObject\",\"inLanguage\":\"fr-FR\",\"@id\":\"https:\\\/\\\/dokdoc.eu\\\/fr\\\/#\\\/schema\\\/logo\\\/image\\\/\",\"url\":\"https:\\\/\\\/dokdoc.eu\\\/wp-content\\\/uploads\\\/2019\\\/08\\\/cropped-logo_dokdoc-e1720795013301.png\",\"contentUrl\":\"https:\\\/\\\/dokdoc.eu\\\/wp-content\\\/uploads\\\/2019\\\/08\\\/cropped-logo_dokdoc-e1720795013301.png\",\"width\":150,\"height\":110,\"caption\":\"dokdoc.eu\"},\"image\":{\"@id\":\"https:\\\/\\\/dokdoc.eu\\\/fr\\\/#\\\/schema\\\/logo\\\/image\\\/\"}},{\"@type\":\"Person\",\"@id\":\"https:\\\/\\\/dokdoc.eu\\\/fr\\\/#\\\/schema\\\/person\\\/d760e6e53df901fd9522f1d3a1e46621\",\"name\":\"RochowMedienagentur\",\"image\":{\"@type\":\"ImageObject\",\"inLanguage\":\"fr-FR\",\"@id\":\"https:\\\/\\\/dokdoc.eu\\\/wp-content\\\/uploads\\\/2019\\\/08\\\/cropped-logo_dokdoc-e1720795013301.png830075fd1c1a1f70247b47fa84cf0f00\",\"url\":\"https:\\\/\\\/dokdoc.eu\\\/wp-content\\\/uploads\\\/2019\\\/08\\\/cropped-logo_dokdoc-e1720795013301.png\",\"contentUrl\":\"https:\\\/\\\/dokdoc.eu\\\/wp-content\\\/uploads\\\/2019\\\/08\\\/cropped-logo_dokdoc-e1720795013301.png\",\"caption\":\"RochowMedienagentur\"},\"sameAs\":[\"https:\\\/\\\/dokdoc.eu\"],\"url\":\"https:\\\/\\\/dokdoc.eu\\\/fr\\\/author\\\/rochowmedienagentur\\\/\"}]}<\/script>\n<!-- \/ Yoast SEO plugin. -->","yoast_head_json":{"title":"Au-del\u00e0 de la \u00ab grande politique \u00bb : renforcer les relations franco-allemandes en jouant sur les \u00e9chelons - dokdoc.eu","robots":{"index":"index","follow":"follow","max-snippet":"max-snippet:-1","max-image-preview":"max-image-preview:large","max-video-preview":"max-video-preview:-1"},"canonical":"https:\/\/dokdoc.eu\/fr\/2024\/01\/22\/au-dela-de-la-grande-politique-renforcer-les-relations-franco-allemandes-en-jouant-sur-les-echelons\/","og_locale":"fr_FR","og_type":"article","og_title":"Au-del\u00e0 de la \u00ab grande politique \u00bb : renforcer les relations franco-allemandes en jouant sur les \u00e9chelons - dokdoc.eu","og_description":"Le 22 janvier occupe une place centrale dans la m\u00e9moire commune de chaque c\u00f4t\u00e9 du Rhin. Manifestations, c\u00e9r\u00e9monies, rapports et articles foisonnent au moment de l\u2019anniversaire de la signature du trait\u00e9 de coop\u00e9ration franco-allemande. Il en va de m\u00eame pour l\u2019action politique : sign\u00e9 il y a cinq ans, le trait\u00e9 d\u2019Aix-la-Chapelle s\u2019inscrit dans la [&hellip;]","og_url":"https:\/\/dokdoc.eu\/fr\/2024\/01\/22\/au-dela-de-la-grande-politique-renforcer-les-relations-franco-allemandes-en-jouant-sur-les-echelons\/","og_site_name":"dokdoc.eu","article_published_time":"2024-01-22T10:30:57+00:00","article_modified_time":"2025-04-24T15:35:58+00:00","og_image":[{"width":2560,"height":1708,"url":"https:\/\/dokdoc.eu\/wp-content\/uploads\/2024\/01\/1_20230929_Buergerforum_781-c-Philipp-Kirschner-scaled-1.jpg","type":"image\/jpeg"}],"author":"Andreas Marchetti","twitter_card":"summary_large_image","twitter_misc":{"\u00c9crit par":"RochowMedienagentur","Dur\u00e9e de lecture estim\u00e9e":"10 minutes"},"schema":{"@context":"https:\/\/schema.org","@graph":[{"@type":"Article","@id":"https:\/\/dokdoc.eu\/fr\/2024\/01\/22\/au-dela-de-la-grande-politique-renforcer-les-relations-franco-allemandes-en-jouant-sur-les-echelons\/#article","isPartOf":{"@id":"https:\/\/dokdoc.eu\/fr\/2024\/01\/22\/au-dela-de-la-grande-politique-renforcer-les-relations-franco-allemandes-en-jouant-sur-les-echelons\/"},"author":{"name":"RochowMedienagentur","@id":"https:\/\/dokdoc.eu\/fr\/#\/schema\/person\/d760e6e53df901fd9522f1d3a1e46621"},"headline":"Au-del\u00e0 de la \u00ab grande politique \u00bb : renforcer les relations franco-allemandes en jouant sur les \u00e9chelons","datePublished":"2024-01-22T10:30:57+00:00","dateModified":"2025-04-24T15:35:58+00:00","mainEntityOfPage":{"@id":"https:\/\/dokdoc.eu\/fr\/2024\/01\/22\/au-dela-de-la-grande-politique-renforcer-les-relations-franco-allemandes-en-jouant-sur-les-echelons\/"},"wordCount":1780,"publisher":{"@id":"https:\/\/dokdoc.eu\/fr\/#organization"},"image":{"@id":"https:\/\/dokdoc.eu\/fr\/2024\/01\/22\/au-dela-de-la-grande-politique-renforcer-les-relations-franco-allemandes-en-jouant-sur-les-echelons\/#primaryimage"},"thumbnailUrl":"https:\/\/dokdoc.eu\/wp-content\/uploads\/2024\/01\/1_20230929_Buergerforum_781-c-Philipp-Kirschner-scaled-1.jpg","articleSection":["Soci\u00e9t\u00e9"],"inLanguage":"fr-FR"},{"@type":"WebPage","@id":"https:\/\/dokdoc.eu\/fr\/2024\/01\/22\/au-dela-de-la-grande-politique-renforcer-les-relations-franco-allemandes-en-jouant-sur-les-echelons\/","url":"https:\/\/dokdoc.eu\/fr\/2024\/01\/22\/au-dela-de-la-grande-politique-renforcer-les-relations-franco-allemandes-en-jouant-sur-les-echelons\/","name":"Au-del\u00e0 de la \u00ab grande politique \u00bb : renforcer les relations franco-allemandes en jouant sur les \u00e9chelons - dokdoc.eu","isPartOf":{"@id":"https:\/\/dokdoc.eu\/fr\/#website"},"primaryImageOfPage":{"@id":"https:\/\/dokdoc.eu\/fr\/2024\/01\/22\/au-dela-de-la-grande-politique-renforcer-les-relations-franco-allemandes-en-jouant-sur-les-echelons\/#primaryimage"},"image":{"@id":"https:\/\/dokdoc.eu\/fr\/2024\/01\/22\/au-dela-de-la-grande-politique-renforcer-les-relations-franco-allemandes-en-jouant-sur-les-echelons\/#primaryimage"},"thumbnailUrl":"https:\/\/dokdoc.eu\/wp-content\/uploads\/2024\/01\/1_20230929_Buergerforum_781-c-Philipp-Kirschner-scaled-1.jpg","datePublished":"2024-01-22T10:30:57+00:00","dateModified":"2025-04-24T15:35:58+00:00","breadcrumb":{"@id":"https:\/\/dokdoc.eu\/fr\/2024\/01\/22\/au-dela-de-la-grande-politique-renforcer-les-relations-franco-allemandes-en-jouant-sur-les-echelons\/#breadcrumb"},"inLanguage":"fr-FR","potentialAction":[{"@type":"ReadAction","target":["https:\/\/dokdoc.eu\/fr\/2024\/01\/22\/au-dela-de-la-grande-politique-renforcer-les-relations-franco-allemandes-en-jouant-sur-les-echelons\/"]}]},{"@type":"ImageObject","inLanguage":"fr-FR","@id":"https:\/\/dokdoc.eu\/fr\/2024\/01\/22\/au-dela-de-la-grande-politique-renforcer-les-relations-franco-allemandes-en-jouant-sur-les-echelons\/#primaryimage","url":"https:\/\/dokdoc.eu\/wp-content\/uploads\/2024\/01\/1_20230929_Buergerforum_781-c-Philipp-Kirschner-scaled-1.jpg","contentUrl":"https:\/\/dokdoc.eu\/wp-content\/uploads\/2024\/01\/1_20230929_Buergerforum_781-c-Philipp-Kirschner-scaled-1.jpg","width":2560,"height":1708,"caption":"Erstes B\u00fcrgerforum des Deutsch-Franz\u00f6sischen B\u00fcrgerfonds, Leipzig, 29. September 2023 (Copyright: Philipp Kirschner)"},{"@type":"BreadcrumbList","@id":"https:\/\/dokdoc.eu\/fr\/2024\/01\/22\/au-dela-de-la-grande-politique-renforcer-les-relations-franco-allemandes-en-jouant-sur-les-echelons\/#breadcrumb","itemListElement":[{"@type":"ListItem","position":1,"name":"Startseite","item":"https:\/\/dokdoc.eu\/fr\/"},{"@type":"ListItem","position":2,"name":"Au-del\u00e0 de la \u00ab grande politique \u00bb : renforcer les relations franco-allemandes en jouant sur les \u00e9chelons"}]},{"@type":"WebSite","@id":"https:\/\/dokdoc.eu\/fr\/#website","url":"https:\/\/dokdoc.eu\/fr\/","name":"dokdoc.eu","description":"","publisher":{"@id":"https:\/\/dokdoc.eu\/fr\/#organization"},"potentialAction":[{"@type":"SearchAction","target":{"@type":"EntryPoint","urlTemplate":"https:\/\/dokdoc.eu\/fr\/?s={search_term_string}"},"query-input":{"@type":"PropertyValueSpecification","valueRequired":true,"valueName":"search_term_string"}}],"inLanguage":"fr-FR"},{"@type":"Organization","@id":"https:\/\/dokdoc.eu\/fr\/#organization","name":"dokdoc.eu","url":"https:\/\/dokdoc.eu\/fr\/","logo":{"@type":"ImageObject","inLanguage":"fr-FR","@id":"https:\/\/dokdoc.eu\/fr\/#\/schema\/logo\/image\/","url":"https:\/\/dokdoc.eu\/wp-content\/uploads\/2019\/08\/cropped-logo_dokdoc-e1720795013301.png","contentUrl":"https:\/\/dokdoc.eu\/wp-content\/uploads\/2019\/08\/cropped-logo_dokdoc-e1720795013301.png","width":150,"height":110,"caption":"dokdoc.eu"},"image":{"@id":"https:\/\/dokdoc.eu\/fr\/#\/schema\/logo\/image\/"}},{"@type":"Person","@id":"https:\/\/dokdoc.eu\/fr\/#\/schema\/person\/d760e6e53df901fd9522f1d3a1e46621","name":"RochowMedienagentur","image":{"@type":"ImageObject","inLanguage":"fr-FR","@id":"https:\/\/dokdoc.eu\/wp-content\/uploads\/2019\/08\/cropped-logo_dokdoc-e1720795013301.png830075fd1c1a1f70247b47fa84cf0f00","url":"https:\/\/dokdoc.eu\/wp-content\/uploads\/2019\/08\/cropped-logo_dokdoc-e1720795013301.png","contentUrl":"https:\/\/dokdoc.eu\/wp-content\/uploads\/2019\/08\/cropped-logo_dokdoc-e1720795013301.png","caption":"RochowMedienagentur"},"sameAs":["https:\/\/dokdoc.eu"],"url":"https:\/\/dokdoc.eu\/fr\/author\/rochowmedienagentur\/"}]}},"authors":[{"term_id":603,"user_id":0,"is_guest":1,"slug":"andreas-marchetti","display_name":"Andreas Marchetti","avatar_url":{"url":"https:\/\/dokdoc.eu\/wp-content\/uploads\/2025\/11\/5_politglott_marchetti-klein.jpg","url2x":"https:\/\/dokdoc.eu\/wp-content\/uploads\/2025\/11\/5_politglott_marchetti-klein.jpg"},"0":null,"1":"","2":"","3":"","4":"","5":"","6":"","7":"","8":""}],"_links":{"self":[{"href":"https:\/\/dokdoc.eu\/fr\/wp-json\/wp\/v2\/posts\/29850","targetHints":{"allow":["GET"]}}],"collection":[{"href":"https:\/\/dokdoc.eu\/fr\/wp-json\/wp\/v2\/posts"}],"about":[{"href":"https:\/\/dokdoc.eu\/fr\/wp-json\/wp\/v2\/types\/post"}],"author":[{"embeddable":true,"href":"https:\/\/dokdoc.eu\/fr\/wp-json\/wp\/v2\/users\/1"}],"replies":[{"embeddable":true,"href":"https:\/\/dokdoc.eu\/fr\/wp-json\/wp\/v2\/comments?post=29850"}],"version-history":[{"count":3,"href":"https:\/\/dokdoc.eu\/fr\/wp-json\/wp\/v2\/posts\/29850\/revisions"}],"predecessor-version":[{"id":29853,"href":"https:\/\/dokdoc.eu\/fr\/wp-json\/wp\/v2\/posts\/29850\/revisions\/29853"}],"wp:featuredmedia":[{"embeddable":true,"href":"https:\/\/dokdoc.eu\/fr\/wp-json\/wp\/v2\/media\/22398"}],"wp:attachment":[{"href":"https:\/\/dokdoc.eu\/fr\/wp-json\/wp\/v2\/media?parent=29850"}],"wp:term":[{"taxonomy":"category","embeddable":true,"href":"https:\/\/dokdoc.eu\/fr\/wp-json\/wp\/v2\/categories?post=29850"},{"taxonomy":"post_tag","embeddable":true,"href":"https:\/\/dokdoc.eu\/fr\/wp-json\/wp\/v2\/tags?post=29850"},{"taxonomy":"author","embeddable":true,"href":"https:\/\/dokdoc.eu\/fr\/wp-json\/wp\/v2\/ppma_author?post=29850"}],"curies":[{"name":"wp","href":"https:\/\/api.w.org\/{rel}","templated":true}]}}