{"id":30064,"date":"2025-05-15T15:40:55","date_gmt":"2025-05-15T13:40:55","guid":{"rendered":"https:\/\/dokdoc.eu\/?p=30064"},"modified":"2025-05-15T15:45:41","modified_gmt":"2025-05-15T13:45:41","slug":"ombres-et-silences-dune-execution","status":"publish","type":"post","link":"https:\/\/dokdoc.eu\/fr\/2025\/05\/15\/ombres-et-silences-dune-execution\/","title":{"rendered":"Ombres et silences d\u2019une ex\u00e9cution"},"content":{"rendered":"<figure id=\"attachment_30062\" aria-describedby=\"caption-attachment-30062\" style=\"width: 1024px\" class=\"wp-caption aligncenter\"><img fetchpriority=\"high\" decoding=\"async\" class=\"wp-image-30062\" src=\"https:\/\/dokdoc.eu\/wp-content\/uploads\/2025\/05\/1_f595cefd-c553-4563-bb59-313a250919fe-300x175.jpg\" alt=\"Copyright: David Crozat\" width=\"1024\" height=\"598\" srcset=\"https:\/\/dokdoc.eu\/wp-content\/uploads\/2025\/05\/1_f595cefd-c553-4563-bb59-313a250919fe-300x175.jpg 300w, https:\/\/dokdoc.eu\/wp-content\/uploads\/2025\/05\/1_f595cefd-c553-4563-bb59-313a250919fe-1024x598.jpg 1024w, https:\/\/dokdoc.eu\/wp-content\/uploads\/2025\/05\/1_f595cefd-c553-4563-bb59-313a250919fe-768x449.jpg 768w, https:\/\/dokdoc.eu\/wp-content\/uploads\/2025\/05\/1_f595cefd-c553-4563-bb59-313a250919fe-1536x897.jpg 1536w, https:\/\/dokdoc.eu\/wp-content\/uploads\/2025\/05\/1_f595cefd-c553-4563-bb59-313a250919fe.jpg 2048w\" sizes=\"(max-width: 1024px) 100vw, 1024px\" \/><figcaption id=\"caption-attachment-30062\" class=\"wp-caption-text\">Copyright: David Crozat<\/figcaption><\/figure>\n<p><strong>Deux ans apr\u00e8s le d\u00e9but de l\u2019affaire de Meymac, en Corr\u00e8ze, et la prise de parole d\u2019un ancien r\u00e9sistant levant le voile sur l\u2019ex\u00e9cution de 46 soldats allemands et d\u2019une femme en 1944, un livre revient sur ce dossier br\u00fblant de la R\u00e9sistance.<\/strong><!--more--><\/p>\n<p>&nbsp;<\/p>\n<p>C\u2019est un t\u00e9moignage qui a fait date. Le 16 mai 2023, Edmond R\u00e9veil, un ancien r\u00e9sistant FTP (Franc-tireur et partisan) alors \u00e2g\u00e9 de 98 ans, se livrait dans la presse. Dans les colonnes de <em>La Montagne<\/em> et du <em>Parisien<\/em>, il d\u00e9cidait de briser un tabou en r\u00e9v\u00e9lant les circonstances dans lesquelles 46 soldats de la Wehrmacht, faits prisonniers lors de la bataille de Tulle les 7 et 8 juin 1944, ainsi qu\u2019une femme, furent ex\u00e9cut\u00e9s sur les hauteurs de Meymac, en Corr\u00e8ze. Une volont\u00e9 de parler guid\u00e9e par un humanisme et un \u00ab\u00a0pacifisme\u00a0\u00bb revendiqu\u00e9s par l\u2019ancien r\u00e9sistant qui, 80 ans apr\u00e8s les faits, estimait que les familles allemandes avaient \u00ab\u00a0le droit de savoir\u00a0\u00bb. Un pass\u00e9 douloureux qui, en refaisant soudainement surface, suscita de vives pol\u00e9miques. \u00ab\u00a0On veut entacher l\u2019image de la R\u00e9sistance\u00a0\u00bb, craignaient alors les associations m\u00e9morielles. Dans les semaines suivant les confidences de l\u2019ancien r\u00e9sistant, la presse locale, nationale et m\u00eame internationale se pressa dans la petite commune de 2300 habitants et suivit les fouilles men\u00e9es pour retrouver les d\u00e9pouilles des fusill\u00e9s. Ce fut le point de d\u00e9part de <a href=\"https:\/\/dokdoc.eu\/2023\/08\/30\/ein-dunkles-geheimnis-der-resistance\/\">l\u2019affaire de Meymac<\/a>.<\/p>\n<p>&nbsp;<\/p>\n<h2><strong>Un journaliste et un historien croisent leur regard<\/strong><\/h2>\n<p>Deux ans plus tard, presque jour pour jour apr\u00e8s cette prise de parole, un livre, <a href=\"https:\/\/boutique.centrefrance.com\/livres\/meymac-les-ombres-du-bois-d-encaux-2718\"><em>Meymac, les ombres du bois d\u2019Encaux<\/em><\/a> revient sur l\u2019onde de choc de cette affaire. Pierre Vignaud, journaliste ayant couvert le dossier pour le journal <em>La Montagne<\/em>, et Herv\u00e9 Dupuy, historien sp\u00e9cialiste de l\u2019histoire de la R\u00e9sistance en Haute-Corr\u00e8ze, ont crois\u00e9 leur regard sur ces \u00e9v\u00e9nements, qui ont connu plusieurs rebondissements au cours des 80 derni\u00e8res ann\u00e9es\u00a0:<\/p>\n<p>\u00ab\u00a0Le journaliste est plong\u00e9 dans l\u2019actualit\u00e9, le temps pr\u00e9sent, quand l\u2019historien pense l\u2019\u00e9v\u00e9nement dans un temps plus long, le contextualise syst\u00e9matiquement. Le journaliste peut laisser libre cours \u00e0 une forme de subjectivit\u00e9 ma\u00eetris\u00e9e, privil\u00e9gier tel ou tel aspect de l\u2019\u00e9v\u00e9nement. L\u2019historien se doit d\u2019\u00eatre impartial et objectif dans son traitement. Ils l\u2019abordent donc diff\u00e9remment, mais, dans cette affaire o\u00f9 le pass\u00e9 percute le pr\u00e9sent, leurs approches, loin de s\u2019opposer, se conjuguent. Tous les deux sont anim\u00e9s par une m\u00eame volont\u00e9 de comprendre et de transmettre \u00bb, expliquent les auteurs.<\/p>\n<p>&nbsp;<\/p>\n<h2><strong>Contextualiser l\u2019affaire<\/strong><\/h2>\n<p>Dans ce r\u00e9cit \u00e0 la premi\u00e8re personne, le narrateur, journaliste, et son acolyte historien s\u2019attachent \u00e0 comprendre les \u00e9v\u00e9nements qui d\u00e9butent en juin 1944, un mois marqu\u00e9 en Limousin \u2014 que les nazis surnommaient la \u00ab Petite Russie \u00bb \u2014 par une violence port\u00e9e \u00e0 son paroxysme. Ils tentent de r\u00e9pondre aux nombreuses questions soulev\u00e9es par \u00ab ces r\u00e9v\u00e9lations \u00bb : qui \u00e9taient ces Allemands ? Qui \u00e9tait cette femme ex\u00e9cut\u00e9e parmi les prisonniers ? Comment la d\u00e9cision d\u2019en ex\u00e9cuter 46 et d\u2019en \u00e9pargner d\u2019autres a-t-elle \u00e9t\u00e9 prise ?<\/p>\n<p>Le lecteur se perd, avec eux, dans les m\u00e9andres de la recherche historique avec tout ce qu\u2019elle comporte de satisfactions et d\u00e9ceptions. \u00c0 l\u2019instar des fouilles arch\u00e9ologiques men\u00e9es, non sans difficult\u00e9s, par les autorit\u00e9s fran\u00e7aises et allemandes, ils se heurteront \u00e0 des silences. Comme pour les op\u00e9rations de recherche des corps men\u00e9es dans le bois d\u2019Encaux par le VDK (<em>Volksbund Deutsche Kriegsgr\u00e4berf\u00fcrsorge<\/em>), ils devront faire face \u00e0 l\u2019absence d\u2019archives officielles, qui auraient pu orienter et faciliter leurs investigations, ainsi qu\u2019\u00e0 la confiscation de certaines d\u2019entre elles pour de nombreuses ann\u00e9es encore.<\/p>\n<p>Chapitre apr\u00e8s chapitre, on s\u2019attache \u00e0 suivre les parcours d\u2019une s\u00e9rie de personnages ayant marqu\u00e9 de leur empreinte ce territoire et cette \u00e9poque. On trouve parmi eux quelques r\u00e9sistants, \u00e0 l\u2019instar de \u00ab\u00a0Papillon\u00a0\u00bb, le pseudonyme d\u2019Edmond R\u00e9veil dans le maquis, ou de \u00ab\u00a0Hannibal\u00a0\u00bb, ce chef FTP charismatique qui d\u00fbt veiller \u00e0 la bonne application de l\u2019ordre d\u2019ex\u00e9cution. Alsacien, ce responsable FTP insaisissable parla, dit-on, \u00e0 chaque prisonnier quelques minutes avant leur ex\u00e9cution. Alsacien, ce responsable FTP insaisissable aurait, dit-on, parl\u00e9 quelques minutes \u00e0 chacun des prisonniers avant leur ex\u00e9cution. Papillon, alors jeune agent de liaison de 19 ans au sein des FTP, marchait dans les pas de son chef, toujours pr\u00eat \u00e0 distribuer messages, ordres et contre-ordres. Il raconte que, le jour de l\u2019ex\u00e9cution \u2013 le 12 juin 1944 \u2013 cet homme, ancien \u00e9tudiant en droit, habit\u00e9 par un profond sens de la justice, \u00ab pleura comme un b\u00e9b\u00e9 \u00bb. Comment interpr\u00e9ter ces larmes ? Dans cette galerie de personnages figure aussi Johannes Niewels, caporal de l\u2019arm\u00e9e d\u2019occupation et prisonnier du bois d\u2019Encaux. Il n\u2019en est jamais revenu. Sa mort est longtemps rest\u00e9e un myst\u00e8re.<\/p>\n<p>&nbsp;<\/p>\n<h2><strong>Une rencontre forte en \u00e9motion<\/strong><\/h2>\n<p>Les auteurs s\u2019attachent ainsi \u00e0 retranscrire les r\u00e9actions du temps pr\u00e9sent en recueillant les t\u00e9moignages des descendants des acteurs de l\u2019affaire. Ces h\u00e9ritiers, eux aussi, tentent de comprendre les \u00e9v\u00e9nements exhum\u00e9s du pass\u00e9 et livrent leurs r\u00e9cits familiaux, empreints de silences.<\/p>\n<p>&nbsp;<\/p>\n<figure id=\"attachment_26974\" aria-describedby=\"caption-attachment-26974\" style=\"width: 1024px\" class=\"wp-caption aligncenter\"><img decoding=\"async\" class=\"wp-image-26974\" src=\"https:\/\/dokdoc.eu\/wp-content\/uploads\/2023\/12\/E.-Reveil_Para-300x200.jpg\" alt=\"Edmond R\u00e9veil en discussion avec La Montagne, mai 2023 \u00a9 St\u00e9phanie Para\" width=\"1024\" height=\"683\" srcset=\"https:\/\/dokdoc.eu\/wp-content\/uploads\/2023\/12\/E.-Reveil_Para-300x200.jpg 300w, https:\/\/dokdoc.eu\/wp-content\/uploads\/2023\/12\/E.-Reveil_Para-1024x683.jpg 1024w, https:\/\/dokdoc.eu\/wp-content\/uploads\/2023\/12\/E.-Reveil_Para-768x512.jpg 768w, https:\/\/dokdoc.eu\/wp-content\/uploads\/2023\/12\/E.-Reveil_Para.jpg 1417w\" sizes=\"(max-width: 1024px) 100vw, 1024px\" \/><figcaption id=\"caption-attachment-26974\" class=\"wp-caption-text\">Edmond R\u00e9veil en discussion avec La Montagne, mai 2023 \u00a9 St\u00e9phanie Para<\/figcaption><\/figure>\n<p>&nbsp;<\/p>\n<p>Parmi eux, on trouve Birgit Mertens, petite fille de Johannes Niewels, retrouv\u00e9e gr\u00e2ce au travail conjugu\u00e9 des deux auteurs et d\u2019une journaliste allemande, <a href=\"https:\/\/www.zeit.de\/2023\/45\/resistance-frankreich-widerstand-kommunismus-zeitzeuge\/komplettansicht\">Tanja Stelzer<\/a>, r\u00e9dactrice pour l\u2019hebdomadaire <em>Die Zeit<\/em>. Sur la base d\u2019une liste d\u2019identit\u00e9s appartenant \u00e0 des prisonniers dont le corps avait \u00e9t\u00e9 exhum\u00e9 en 1969 (la date reste incertaine), la journaliste allemande avait r\u00e9ussi \u00e0 retrouver cette descendante. Pour elle et sa famille, la mort de son grand-p\u00e8re \u00e9tait rest\u00e9e, au fil des d\u00e9cennies, une \u00e9nigme autant qu\u2019une souffrance. La correspondance de guerre entre ses grands-parents, les squelettes de fleurs s\u00e9ch\u00e9es que le soldat envoyait depuis la France, Birgit a pu les emmener jusqu\u2019\u00e0 Meymac, lors de sa rencontre avec \u00ab\u00a0Papillon\u00a0\u00bb, le dernier des r\u00e9sistants vivant. Une rencontre qui, au-del\u00e0 de l\u2019aspect symbolique, est venue donner un sens \u00e0 la d\u00e9marche d\u2019Edmond R\u00e9veil. \u00ab\u00a0\u00c9crire sur cette ex\u00e9cution de prisonniers allemands, c\u2019est \u00e9videmment parler de la R\u00e9sistance et des r\u00e9sistants, mais c\u2019est aussi poser la question du poids de l\u2019histoire et de la m\u00e9moire sur nos existences. Ce livre est autant consacr\u00e9 aux \u00e9v\u00e9nements et aux acteurs de cette p\u00e9riode qu\u2019\u00e0 ceux qui, comme nous, se sont engag\u00e9s sur le chemin de leur compr\u00e9hension\u00a0\u00bb, expliquent Pierre Vignaud et Herv\u00e9 Dupuy dans leur avant-propos.<\/p>\n<p>\u00c0 travers des allers-retours incessants entre deux \u00e9poques, ces derniers mesurent aussi le traumatisme laiss\u00e9 par l\u2019arm\u00e9e allemande durant l\u2019Occupation. Construit comme une enqu\u00eate, <em>Meymac, les ombres du bois d\u2019Encaux<\/em> r\u00e9pond \u00e0 un besoin de contextualiser les \u00e9v\u00e9nements. L\u2019affaire de ces soldats allemands se situe dans un mois de juin 1944 marqu\u00e9 par les <a href=\"https:\/\/dokdoc.eu\/2024\/06\/11\/tulle-findet-seine-vergessenen-maertyrer-wieder\/\">massacres de Tulle<\/a> (99 pendus), d\u2019Oradour-sur-Glane (643 victimes) et d\u2019Ussel (47 FTP tu\u00e9s par l\u2019arm\u00e9e allemande). Cette violence extr\u00eame contraste \u00e9videmment avec la volont\u00e9 mutuelle des Fran\u00e7ais et des Allemands, qui, 80 ans apr\u00e8s les faits, tentent de solder leur haine pass\u00e9e \u00e0 travers cette affaire\u00a0: \u00ab\u00a0Quand on pense aux circonstances de cette ex\u00e9cution de 1944, qui d\u2019une certaine fa\u00e7on font \u00e9cho \u00e0 ce qui se passe en Ukraine, o\u00f9 l\u2019on devra peut-\u00eatre aussi, dans des dizaines d\u2019ann\u00e9es, en passer par l\u00e0, on se dit que la vie de ces soldats n\u2019a pas tenu \u00e0 grand-chose\u00a0\u00bb, t\u00e9moigne Philippe Brug\u00e8re, maire de Meymac. \u00ab\u00a0On voit \u00e0 quel point la guerre est cruelle. Mais quelques dizaines d\u2019ann\u00e9es apr\u00e8s s\u2019\u00eatre tir\u00e9 dessus, il y a eu ces fouilles et une fraternit\u00e9 entre Fran\u00e7ais et Allemands \u00bb.<\/p>\n","protected":false},"excerpt":{"rendered":"<p>Deux ans apr\u00e8s le d\u00e9but de l\u2019affaire de Meymac, en Corr\u00e8ze, et la prise de parole d\u2019un ancien r\u00e9sistant levant le voile sur l\u2019ex\u00e9cution de 46 soldats allemands et d\u2019une femme en 1944, un livre revient sur ce dossier br\u00fblant de la R\u00e9sistance.<\/p>\n","protected":false},"author":1,"featured_media":30062,"comment_status":"closed","ping_status":"closed","sticky":false,"template":"","format":"standard","meta":{"om_disable_all_campaigns":false,"_monsterinsights_skip_tracking":false,"_monsterinsights_sitenote_active":false,"_monsterinsights_sitenote_note":"","_monsterinsights_sitenote_category":0,"_uf_show_specific_survey":0,"_uf_disable_surveys":false,"footnotes":""},"categories":[115],"tags":[1518,1524,1510,1519,1520,1514,1059,1509,397,1522,410,1516,1523,1515,405,1517,1525,1512,1521,399,1235,1508,1513,1511,1237],"ppma_author":[1486],"class_list":["post-30064","post","type-post","status-publish","format-standard","has-post-thumbnail","hentry","category-societe-fr-2","tag-1944-fr","tag-birgit-mertens-fr","tag-bois-dencaux","tag-correze-fr","tag-edmond-reveil-fr","tag-fouilles","tag-fraternite","tag-ftp","tag-guerre","tag-hannibal-fr","tag-histoire","tag-historiens","tag-johannes-niewels-fr","tag-journalistes","tag-memoire","tag-meymac-fr","tag-oradour-sur-glane-fr","tag-pacifisme","tag-papillon-fr","tag-reconciliation","tag-resistance-fr","tag-soldats-allemands","tag-tabou","tag-temoignage","tag-wehrmacht-fr"],"yoast_head":"<!-- This site is optimized with the Yoast SEO plugin v27.5 - https:\/\/yoast.com\/product\/yoast-seo-wordpress\/ -->\n<title>Ombres et silences d\u2019une ex\u00e9cution - dokdoc.eu<\/title>\n<meta name=\"robots\" content=\"index, follow, max-snippet:-1, max-image-preview:large, max-video-preview:-1\" \/>\n<link rel=\"canonical\" href=\"https:\/\/dokdoc.eu\/fr\/2025\/05\/15\/ombres-et-silences-dune-execution\/\" \/>\n<meta property=\"og:locale\" content=\"fr_FR\" \/>\n<meta property=\"og:type\" content=\"article\" \/>\n<meta property=\"og:title\" content=\"Ombres et silences d\u2019une ex\u00e9cution - dokdoc.eu\" \/>\n<meta property=\"og:description\" content=\"Deux ans apr\u00e8s le d\u00e9but de l\u2019affaire de Meymac, en Corr\u00e8ze, et la prise de parole d\u2019un ancien r\u00e9sistant levant le voile sur l\u2019ex\u00e9cution de 46 soldats allemands et d\u2019une femme en 1944, un livre revient sur ce dossier br\u00fblant de la R\u00e9sistance.\" \/>\n<meta property=\"og:url\" content=\"https:\/\/dokdoc.eu\/fr\/2025\/05\/15\/ombres-et-silences-dune-execution\/\" \/>\n<meta property=\"og:site_name\" content=\"dokdoc.eu\" \/>\n<meta property=\"article:published_time\" content=\"2025-05-15T13:40:55+00:00\" \/>\n<meta property=\"article:modified_time\" content=\"2025-05-15T13:45:41+00:00\" \/>\n<meta property=\"og:image\" content=\"https:\/\/dokdoc.eu\/wp-content\/uploads\/2025\/05\/1_f595cefd-c553-4563-bb59-313a250919fe.jpg\" \/>\n\t<meta property=\"og:image:width\" content=\"2048\" \/>\n\t<meta property=\"og:image:height\" content=\"1196\" \/>\n\t<meta property=\"og:image:type\" content=\"image\/jpeg\" \/>\n<meta name=\"author\" content=\"David Crozat\" \/>\n<meta name=\"twitter:card\" content=\"summary_large_image\" \/>\n<meta name=\"twitter:label1\" content=\"\u00c9crit par\" \/>\n\t<meta name=\"twitter:data1\" content=\"RochowMedienagentur\" \/>\n\t<meta name=\"twitter:label2\" content=\"Dur\u00e9e de lecture estim\u00e9e\" \/>\n\t<meta name=\"twitter:data2\" content=\"8 minutes\" \/>\n<script type=\"application\/ld+json\" class=\"yoast-schema-graph\">{\"@context\":\"https:\\\/\\\/schema.org\",\"@graph\":[{\"@type\":\"Article\",\"@id\":\"https:\\\/\\\/dokdoc.eu\\\/fr\\\/2025\\\/05\\\/15\\\/ombres-et-silences-dune-execution\\\/#article\",\"isPartOf\":{\"@id\":\"https:\\\/\\\/dokdoc.eu\\\/fr\\\/2025\\\/05\\\/15\\\/ombres-et-silences-dune-execution\\\/\"},\"author\":{\"name\":\"RochowMedienagentur\",\"@id\":\"https:\\\/\\\/dokdoc.eu\\\/fr\\\/#\\\/schema\\\/person\\\/d760e6e53df901fd9522f1d3a1e46621\"},\"headline\":\"Ombres et silences d\u2019une ex\u00e9cution\",\"datePublished\":\"2025-05-15T13:40:55+00:00\",\"dateModified\":\"2025-05-15T13:45:41+00:00\",\"mainEntityOfPage\":{\"@id\":\"https:\\\/\\\/dokdoc.eu\\\/fr\\\/2025\\\/05\\\/15\\\/ombres-et-silences-dune-execution\\\/\"},\"wordCount\":1379,\"publisher\":{\"@id\":\"https:\\\/\\\/dokdoc.eu\\\/fr\\\/#organization\"},\"image\":{\"@id\":\"https:\\\/\\\/dokdoc.eu\\\/fr\\\/2025\\\/05\\\/15\\\/ombres-et-silences-dune-execution\\\/#primaryimage\"},\"thumbnailUrl\":\"https:\\\/\\\/dokdoc.eu\\\/wp-content\\\/uploads\\\/2025\\\/05\\\/1_f595cefd-c553-4563-bb59-313a250919fe.jpg\",\"keywords\":[\"1944\",\"Birgit Mertens\",\"bois d\u2019Encaux\",\"Corr\u00e8ze\",\"Edmond R\u00e9veil\",\"fouilles\",\"fraternit\u00e9\",\"FTP\",\"guerre\",\"Hannibal\",\"histoire\",\"historiens\",\"Johannes Niewels\",\"journalistes\",\"m\u00e9moire\",\"Meymac\",\"Oradour-sur-Glane\",\"pacifisme\",\"Papillon\",\"r\u00e9conciliation\",\"Resistance\",\"soldats allemands\",\"tabou\",\"t\u00e9moignage\",\"Wehrmacht\"],\"articleSection\":[\"Soci\u00e9t\u00e9\"],\"inLanguage\":\"fr-FR\"},{\"@type\":\"WebPage\",\"@id\":\"https:\\\/\\\/dokdoc.eu\\\/fr\\\/2025\\\/05\\\/15\\\/ombres-et-silences-dune-execution\\\/\",\"url\":\"https:\\\/\\\/dokdoc.eu\\\/fr\\\/2025\\\/05\\\/15\\\/ombres-et-silences-dune-execution\\\/\",\"name\":\"Ombres et silences d\u2019une ex\u00e9cution - dokdoc.eu\",\"isPartOf\":{\"@id\":\"https:\\\/\\\/dokdoc.eu\\\/fr\\\/#website\"},\"primaryImageOfPage\":{\"@id\":\"https:\\\/\\\/dokdoc.eu\\\/fr\\\/2025\\\/05\\\/15\\\/ombres-et-silences-dune-execution\\\/#primaryimage\"},\"image\":{\"@id\":\"https:\\\/\\\/dokdoc.eu\\\/fr\\\/2025\\\/05\\\/15\\\/ombres-et-silences-dune-execution\\\/#primaryimage\"},\"thumbnailUrl\":\"https:\\\/\\\/dokdoc.eu\\\/wp-content\\\/uploads\\\/2025\\\/05\\\/1_f595cefd-c553-4563-bb59-313a250919fe.jpg\",\"datePublished\":\"2025-05-15T13:40:55+00:00\",\"dateModified\":\"2025-05-15T13:45:41+00:00\",\"breadcrumb\":{\"@id\":\"https:\\\/\\\/dokdoc.eu\\\/fr\\\/2025\\\/05\\\/15\\\/ombres-et-silences-dune-execution\\\/#breadcrumb\"},\"inLanguage\":\"fr-FR\",\"potentialAction\":[{\"@type\":\"ReadAction\",\"target\":[\"https:\\\/\\\/dokdoc.eu\\\/fr\\\/2025\\\/05\\\/15\\\/ombres-et-silences-dune-execution\\\/\"]}]},{\"@type\":\"ImageObject\",\"inLanguage\":\"fr-FR\",\"@id\":\"https:\\\/\\\/dokdoc.eu\\\/fr\\\/2025\\\/05\\\/15\\\/ombres-et-silences-dune-execution\\\/#primaryimage\",\"url\":\"https:\\\/\\\/dokdoc.eu\\\/wp-content\\\/uploads\\\/2025\\\/05\\\/1_f595cefd-c553-4563-bb59-313a250919fe.jpg\",\"contentUrl\":\"https:\\\/\\\/dokdoc.eu\\\/wp-content\\\/uploads\\\/2025\\\/05\\\/1_f595cefd-c553-4563-bb59-313a250919fe.jpg\",\"width\":2048,\"height\":1196,\"caption\":\"Copyright: David Crozat\"},{\"@type\":\"BreadcrumbList\",\"@id\":\"https:\\\/\\\/dokdoc.eu\\\/fr\\\/2025\\\/05\\\/15\\\/ombres-et-silences-dune-execution\\\/#breadcrumb\",\"itemListElement\":[{\"@type\":\"ListItem\",\"position\":1,\"name\":\"Startseite\",\"item\":\"https:\\\/\\\/dokdoc.eu\\\/fr\\\/\"},{\"@type\":\"ListItem\",\"position\":2,\"name\":\"Ombres et silences d\u2019une ex\u00e9cution\"}]},{\"@type\":\"WebSite\",\"@id\":\"https:\\\/\\\/dokdoc.eu\\\/fr\\\/#website\",\"url\":\"https:\\\/\\\/dokdoc.eu\\\/fr\\\/\",\"name\":\"dokdoc.eu\",\"description\":\"\",\"publisher\":{\"@id\":\"https:\\\/\\\/dokdoc.eu\\\/fr\\\/#organization\"},\"potentialAction\":[{\"@type\":\"SearchAction\",\"target\":{\"@type\":\"EntryPoint\",\"urlTemplate\":\"https:\\\/\\\/dokdoc.eu\\\/fr\\\/?s={search_term_string}\"},\"query-input\":{\"@type\":\"PropertyValueSpecification\",\"valueRequired\":true,\"valueName\":\"search_term_string\"}}],\"inLanguage\":\"fr-FR\"},{\"@type\":\"Organization\",\"@id\":\"https:\\\/\\\/dokdoc.eu\\\/fr\\\/#organization\",\"name\":\"dokdoc.eu\",\"url\":\"https:\\\/\\\/dokdoc.eu\\\/fr\\\/\",\"logo\":{\"@type\":\"ImageObject\",\"inLanguage\":\"fr-FR\",\"@id\":\"https:\\\/\\\/dokdoc.eu\\\/fr\\\/#\\\/schema\\\/logo\\\/image\\\/\",\"url\":\"https:\\\/\\\/dokdoc.eu\\\/wp-content\\\/uploads\\\/2019\\\/08\\\/cropped-logo_dokdoc-e1720795013301.png\",\"contentUrl\":\"https:\\\/\\\/dokdoc.eu\\\/wp-content\\\/uploads\\\/2019\\\/08\\\/cropped-logo_dokdoc-e1720795013301.png\",\"width\":150,\"height\":110,\"caption\":\"dokdoc.eu\"},\"image\":{\"@id\":\"https:\\\/\\\/dokdoc.eu\\\/fr\\\/#\\\/schema\\\/logo\\\/image\\\/\"}},{\"@type\":\"Person\",\"@id\":\"https:\\\/\\\/dokdoc.eu\\\/fr\\\/#\\\/schema\\\/person\\\/d760e6e53df901fd9522f1d3a1e46621\",\"name\":\"RochowMedienagentur\",\"image\":{\"@type\":\"ImageObject\",\"inLanguage\":\"fr-FR\",\"@id\":\"https:\\\/\\\/dokdoc.eu\\\/wp-content\\\/uploads\\\/2019\\\/08\\\/cropped-logo_dokdoc-e1720795013301.png830075fd1c1a1f70247b47fa84cf0f00\",\"url\":\"https:\\\/\\\/dokdoc.eu\\\/wp-content\\\/uploads\\\/2019\\\/08\\\/cropped-logo_dokdoc-e1720795013301.png\",\"contentUrl\":\"https:\\\/\\\/dokdoc.eu\\\/wp-content\\\/uploads\\\/2019\\\/08\\\/cropped-logo_dokdoc-e1720795013301.png\",\"caption\":\"RochowMedienagentur\"},\"sameAs\":[\"https:\\\/\\\/dokdoc.eu\"],\"url\":\"https:\\\/\\\/dokdoc.eu\\\/fr\\\/author\\\/rochowmedienagentur\\\/\"}]}<\/script>\n<!-- \/ Yoast SEO plugin. -->","yoast_head_json":{"title":"Ombres et silences d\u2019une ex\u00e9cution - dokdoc.eu","robots":{"index":"index","follow":"follow","max-snippet":"max-snippet:-1","max-image-preview":"max-image-preview:large","max-video-preview":"max-video-preview:-1"},"canonical":"https:\/\/dokdoc.eu\/fr\/2025\/05\/15\/ombres-et-silences-dune-execution\/","og_locale":"fr_FR","og_type":"article","og_title":"Ombres et silences d\u2019une ex\u00e9cution - dokdoc.eu","og_description":"Deux ans apr\u00e8s le d\u00e9but de l\u2019affaire de Meymac, en Corr\u00e8ze, et la prise de parole d\u2019un ancien r\u00e9sistant levant le voile sur l\u2019ex\u00e9cution de 46 soldats allemands et d\u2019une femme en 1944, un livre revient sur ce dossier br\u00fblant de la R\u00e9sistance.","og_url":"https:\/\/dokdoc.eu\/fr\/2025\/05\/15\/ombres-et-silences-dune-execution\/","og_site_name":"dokdoc.eu","article_published_time":"2025-05-15T13:40:55+00:00","article_modified_time":"2025-05-15T13:45:41+00:00","og_image":[{"width":2048,"height":1196,"url":"https:\/\/dokdoc.eu\/wp-content\/uploads\/2025\/05\/1_f595cefd-c553-4563-bb59-313a250919fe.jpg","type":"image\/jpeg"}],"author":"David Crozat","twitter_card":"summary_large_image","twitter_misc":{"\u00c9crit par":"RochowMedienagentur","Dur\u00e9e de lecture estim\u00e9e":"8 minutes"},"schema":{"@context":"https:\/\/schema.org","@graph":[{"@type":"Article","@id":"https:\/\/dokdoc.eu\/fr\/2025\/05\/15\/ombres-et-silences-dune-execution\/#article","isPartOf":{"@id":"https:\/\/dokdoc.eu\/fr\/2025\/05\/15\/ombres-et-silences-dune-execution\/"},"author":{"name":"RochowMedienagentur","@id":"https:\/\/dokdoc.eu\/fr\/#\/schema\/person\/d760e6e53df901fd9522f1d3a1e46621"},"headline":"Ombres et silences d\u2019une ex\u00e9cution","datePublished":"2025-05-15T13:40:55+00:00","dateModified":"2025-05-15T13:45:41+00:00","mainEntityOfPage":{"@id":"https:\/\/dokdoc.eu\/fr\/2025\/05\/15\/ombres-et-silences-dune-execution\/"},"wordCount":1379,"publisher":{"@id":"https:\/\/dokdoc.eu\/fr\/#organization"},"image":{"@id":"https:\/\/dokdoc.eu\/fr\/2025\/05\/15\/ombres-et-silences-dune-execution\/#primaryimage"},"thumbnailUrl":"https:\/\/dokdoc.eu\/wp-content\/uploads\/2025\/05\/1_f595cefd-c553-4563-bb59-313a250919fe.jpg","keywords":["1944","Birgit Mertens","bois d\u2019Encaux","Corr\u00e8ze","Edmond R\u00e9veil","fouilles","fraternit\u00e9","FTP","guerre","Hannibal","histoire","historiens","Johannes Niewels","journalistes","m\u00e9moire","Meymac","Oradour-sur-Glane","pacifisme","Papillon","r\u00e9conciliation","Resistance","soldats allemands","tabou","t\u00e9moignage","Wehrmacht"],"articleSection":["Soci\u00e9t\u00e9"],"inLanguage":"fr-FR"},{"@type":"WebPage","@id":"https:\/\/dokdoc.eu\/fr\/2025\/05\/15\/ombres-et-silences-dune-execution\/","url":"https:\/\/dokdoc.eu\/fr\/2025\/05\/15\/ombres-et-silences-dune-execution\/","name":"Ombres et silences d\u2019une ex\u00e9cution - dokdoc.eu","isPartOf":{"@id":"https:\/\/dokdoc.eu\/fr\/#website"},"primaryImageOfPage":{"@id":"https:\/\/dokdoc.eu\/fr\/2025\/05\/15\/ombres-et-silences-dune-execution\/#primaryimage"},"image":{"@id":"https:\/\/dokdoc.eu\/fr\/2025\/05\/15\/ombres-et-silences-dune-execution\/#primaryimage"},"thumbnailUrl":"https:\/\/dokdoc.eu\/wp-content\/uploads\/2025\/05\/1_f595cefd-c553-4563-bb59-313a250919fe.jpg","datePublished":"2025-05-15T13:40:55+00:00","dateModified":"2025-05-15T13:45:41+00:00","breadcrumb":{"@id":"https:\/\/dokdoc.eu\/fr\/2025\/05\/15\/ombres-et-silences-dune-execution\/#breadcrumb"},"inLanguage":"fr-FR","potentialAction":[{"@type":"ReadAction","target":["https:\/\/dokdoc.eu\/fr\/2025\/05\/15\/ombres-et-silences-dune-execution\/"]}]},{"@type":"ImageObject","inLanguage":"fr-FR","@id":"https:\/\/dokdoc.eu\/fr\/2025\/05\/15\/ombres-et-silences-dune-execution\/#primaryimage","url":"https:\/\/dokdoc.eu\/wp-content\/uploads\/2025\/05\/1_f595cefd-c553-4563-bb59-313a250919fe.jpg","contentUrl":"https:\/\/dokdoc.eu\/wp-content\/uploads\/2025\/05\/1_f595cefd-c553-4563-bb59-313a250919fe.jpg","width":2048,"height":1196,"caption":"Copyright: David Crozat"},{"@type":"BreadcrumbList","@id":"https:\/\/dokdoc.eu\/fr\/2025\/05\/15\/ombres-et-silences-dune-execution\/#breadcrumb","itemListElement":[{"@type":"ListItem","position":1,"name":"Startseite","item":"https:\/\/dokdoc.eu\/fr\/"},{"@type":"ListItem","position":2,"name":"Ombres et silences d\u2019une ex\u00e9cution"}]},{"@type":"WebSite","@id":"https:\/\/dokdoc.eu\/fr\/#website","url":"https:\/\/dokdoc.eu\/fr\/","name":"dokdoc.eu","description":"","publisher":{"@id":"https:\/\/dokdoc.eu\/fr\/#organization"},"potentialAction":[{"@type":"SearchAction","target":{"@type":"EntryPoint","urlTemplate":"https:\/\/dokdoc.eu\/fr\/?s={search_term_string}"},"query-input":{"@type":"PropertyValueSpecification","valueRequired":true,"valueName":"search_term_string"}}],"inLanguage":"fr-FR"},{"@type":"Organization","@id":"https:\/\/dokdoc.eu\/fr\/#organization","name":"dokdoc.eu","url":"https:\/\/dokdoc.eu\/fr\/","logo":{"@type":"ImageObject","inLanguage":"fr-FR","@id":"https:\/\/dokdoc.eu\/fr\/#\/schema\/logo\/image\/","url":"https:\/\/dokdoc.eu\/wp-content\/uploads\/2019\/08\/cropped-logo_dokdoc-e1720795013301.png","contentUrl":"https:\/\/dokdoc.eu\/wp-content\/uploads\/2019\/08\/cropped-logo_dokdoc-e1720795013301.png","width":150,"height":110,"caption":"dokdoc.eu"},"image":{"@id":"https:\/\/dokdoc.eu\/fr\/#\/schema\/logo\/image\/"}},{"@type":"Person","@id":"https:\/\/dokdoc.eu\/fr\/#\/schema\/person\/d760e6e53df901fd9522f1d3a1e46621","name":"RochowMedienagentur","image":{"@type":"ImageObject","inLanguage":"fr-FR","@id":"https:\/\/dokdoc.eu\/wp-content\/uploads\/2019\/08\/cropped-logo_dokdoc-e1720795013301.png830075fd1c1a1f70247b47fa84cf0f00","url":"https:\/\/dokdoc.eu\/wp-content\/uploads\/2019\/08\/cropped-logo_dokdoc-e1720795013301.png","contentUrl":"https:\/\/dokdoc.eu\/wp-content\/uploads\/2019\/08\/cropped-logo_dokdoc-e1720795013301.png","caption":"RochowMedienagentur"},"sameAs":["https:\/\/dokdoc.eu"],"url":"https:\/\/dokdoc.eu\/fr\/author\/rochowmedienagentur\/"}]}},"authors":[{"term_id":1486,"user_id":0,"is_guest":1,"slug":"david-crozat","display_name":"David Crozat","avatar_url":{"url":"https:\/\/dokdoc.eu\/wp-content\/uploads\/2019\/08\/cropped-logo_dokdoc-e1720795013301.png","url2x":"https:\/\/dokdoc.eu\/wp-content\/uploads\/2019\/08\/cropped-logo_dokdoc-e1720795013301.png"},"0":null,"1":"","2":"","3":"","4":"","5":"","6":"","7":"","8":""}],"_links":{"self":[{"href":"https:\/\/dokdoc.eu\/fr\/wp-json\/wp\/v2\/posts\/30064","targetHints":{"allow":["GET"]}}],"collection":[{"href":"https:\/\/dokdoc.eu\/fr\/wp-json\/wp\/v2\/posts"}],"about":[{"href":"https:\/\/dokdoc.eu\/fr\/wp-json\/wp\/v2\/types\/post"}],"author":[{"embeddable":true,"href":"https:\/\/dokdoc.eu\/fr\/wp-json\/wp\/v2\/users\/1"}],"replies":[{"embeddable":true,"href":"https:\/\/dokdoc.eu\/fr\/wp-json\/wp\/v2\/comments?post=30064"}],"version-history":[{"count":1,"href":"https:\/\/dokdoc.eu\/fr\/wp-json\/wp\/v2\/posts\/30064\/revisions"}],"predecessor-version":[{"id":30065,"href":"https:\/\/dokdoc.eu\/fr\/wp-json\/wp\/v2\/posts\/30064\/revisions\/30065"}],"wp:featuredmedia":[{"embeddable":true,"href":"https:\/\/dokdoc.eu\/fr\/wp-json\/wp\/v2\/media\/30062"}],"wp:attachment":[{"href":"https:\/\/dokdoc.eu\/fr\/wp-json\/wp\/v2\/media?parent=30064"}],"wp:term":[{"taxonomy":"category","embeddable":true,"href":"https:\/\/dokdoc.eu\/fr\/wp-json\/wp\/v2\/categories?post=30064"},{"taxonomy":"post_tag","embeddable":true,"href":"https:\/\/dokdoc.eu\/fr\/wp-json\/wp\/v2\/tags?post=30064"},{"taxonomy":"author","embeddable":true,"href":"https:\/\/dokdoc.eu\/fr\/wp-json\/wp\/v2\/ppma_author?post=30064"}],"curies":[{"name":"wp","href":"https:\/\/api.w.org\/{rel}","templated":true}]}}