{"id":30194,"date":"2024-06-18T10:57:09","date_gmt":"2024-06-18T08:57:09","guid":{"rendered":"https:\/\/dokdoc.eu\/?p=30194"},"modified":"2025-05-23T13:19:07","modified_gmt":"2025-05-23T11:19:07","slug":"extreme-droite-ou-extreme-gauche-ou-classer-lantisemitisme","status":"publish","type":"post","link":"https:\/\/dokdoc.eu\/fr\/2024\/06\/18\/extreme-droite-ou-extreme-gauche-ou-classer-lantisemitisme\/","title":{"rendered":"Extr\u00eame droite ou extr\u00eame gauche : o\u00f9 \u00ab classer \u00bb l\u2019antis\u00e9mitisme ?"},"content":{"rendered":"<figure id=\"attachment_27205\" aria-describedby=\"caption-attachment-27205\" style=\"width: 1024px\" class=\"wp-caption aligncenter\"><img fetchpriority=\"high\" decoding=\"async\" class=\"wp-image-27205\" src=\"https:\/\/dokdoc.eu\/wp-content\/uploads\/2024\/06\/1_imago0334416930h-scaled-1-300x200.jpg\" alt=\"Marche contre l'antis\u00e9mitisme, Paris, 12 d\u00e9cembre 2023 (Copyright: Imago)\" width=\"1024\" height=\"683\" srcset=\"https:\/\/dokdoc.eu\/wp-content\/uploads\/2024\/06\/1_imago0334416930h-scaled-1-300x200.jpg 300w, https:\/\/dokdoc.eu\/wp-content\/uploads\/2024\/06\/1_imago0334416930h-scaled-1-1024x683.jpg 1024w, https:\/\/dokdoc.eu\/wp-content\/uploads\/2024\/06\/1_imago0334416930h-scaled-1-768x512.jpg 768w, https:\/\/dokdoc.eu\/wp-content\/uploads\/2024\/06\/1_imago0334416930h-scaled-1-1536x1024.jpg 1536w, https:\/\/dokdoc.eu\/wp-content\/uploads\/2024\/06\/1_imago0334416930h-scaled-1-2048x1366.jpg 2048w\" sizes=\"(max-width: 1024px) 100vw, 1024px\" \/><figcaption id=\"caption-attachment-27205\" class=\"wp-caption-text\">Marche contre l&rsquo;antis\u00e9mitisme, Paris, 12 d\u00e9cembre 2023 (Copyright: Imago)<\/figcaption><\/figure>\n<p><strong>Lors de sa visite d\u2019\u00c9tat en Allemagne (26-28 mai), le pr\u00e9sident Emmanuel Macron a remis \u00e0 Serge Klarsfeld les insignes de grand-croix de la L\u00e9gion d\u2019Honneur et fait son \u00e9pouse Beate grand officier du m\u00eame Ordre. Ainsi, le chef de l\u2019\u00c9tat n\u2019a pas \u00ab tenu rigueur \u00bb aux \u00ab chasseurs de Nazis \u00bb de leurs prises de position \u00ab d\u00e9classifiant \u00bb le Rassemblement National d\u2019\u00eatre un parti d\u2019extr\u00eame droite. <\/strong><!--more--><\/p>\n<p>&nbsp;<\/p>\n<p>L\u2019\u00e9quivalence entre antis\u00e9mitisme et extr\u00eame droite a \u00e9t\u00e9 longtemps un postulat du d\u00e9bat politique en France : au m\u00e9pris des r\u00e9alit\u00e9s sur <a href=\"https:\/\/archive.org\/details\/ladroiterevoluti0000ster\">les origines du fascisme<\/a>, il \u00e9tait de bon ton d\u2019affirmer que l\u2019antis\u00e9mitisme \u00e9tait le \u00ab marqueur g\u00e9n\u00e9tique \u00bb du Front National, devenu en 2018 Rassemblement National.<\/p>\n<p>L\u2019extr\u00eame droite est antis\u00e9mite, or le FN de Jean-Marie Le Pen est antis\u00e9mite, donc le FN est d\u2019extr\u00eame-droite. Ce raisonnement a longtemps fait autorit\u00e9 et conduit aujourd\u2019hui \u00e0 consid\u00e9rer avec Beate et Serge Klarsfeld que, puisque le Rassemblement National n\u2019est pas antis\u00e9mite, il n\u2019appartient pas (ou plus ?) \u00e0 l\u2019extr\u00eame droite. De fait, il doit \u00eatre consid\u00e9r\u00e9 comme un \u00ab <a href=\"https:\/\/www.zeit.de\/2024\/06\/rechtsextremismus-beate-serge-klarsfeld-marine-le-pen-frankreich\">mouvement conservateur, radical et populiste<\/a>. \u00bb Cette articulation id\u00e9ologique m\u00e9rite une analyse.<\/p>\n<p>&nbsp;<\/p>\n<h2 class=\"wp-block-heading\"><strong>Solidarit\u00e9(s)<\/strong><\/h2>\n<p>Les \u00e9v\u00e9nements en Isra\u00ebl et dans la Bande de Gaza ont relanc\u00e9 la querelle sur qui est \/ serait (le plus) antis\u00e9mite en France, les successeurs du FN de Jean-Marie Le Pen ou les diff\u00e9rents groupuscules d\u2019extr\u00eame gauche (comme le NPA d\u2019Olivier Besancenot) ? Les r\u00e9actions \u00e0 la suite de l\u2019attaque du Hamas contre Isra\u00ebl (7 octobre 2023) ont illustr\u00e9 la \u00ab fracture \u00bb :<\/p>\n<ul>\n<li>dans ses efforts de respectabilit\u00e9 et d\u2019attractivit\u00e9 (d\u00e9diabolisation), le RN \u2013 comme la quasi-totalit\u00e9 des autres partis \u2013 a condamn\u00e9 le Hamas comme une organisation \u00ab terroriste \u00bb coupable d\u2019agression g\u00e9nocidaire<em>.<\/em> Dans cette m\u00eame logique, Marine Le Pen a particip\u00e9 \u00e0 la \u00ab Grande Marche \u00bb contre l\u2019antis\u00e9mitisme organis\u00e9e \u00e0 Paris (12 novembre 2023) par la pr\u00e9sidente de l\u2019Assemble nationale Ya\u00ebl Braun-Pivet et le pr\u00e9sident du S\u00e9nat G\u00e9rard Larcher ;<\/li>\n<\/ul>\n<ul class=\"wp-block-list\">\n<li>fid\u00e8le \u00e0 l\u2019h\u00e9ritage de l\u2019\u00e9crivain Jean Genet, ami des <em>f\u00e9dayins <\/em> palestiniens luttant contre l\u2019occupant isra\u00e9lien apr\u00e8s la Guerre de 1967, la France Insoumise (LFI) a refus\u00e9 d\u2019attribuer le qualificatif de \u00ab terroriste \u00bb audit Hamas<em>,<\/em> pr\u00e9f\u00e9rant parler d\u2019un \u00ab mouvement de lib\u00e9ration nationale \u00bb dans la continuit\u00e9 des combats \u00ab anti-colonialistes \u00bb et \u00ab anti-imp\u00e9rialistes \u00bb des ann\u00e9es 60 et 70.<\/li>\n<\/ul>\n<p>En r\u00e9alit\u00e9, Jean-Luc M\u00e9lenchon et ses partisans esp\u00e8rent attirer un \u00e9lectorat consid\u00e9rant Isra\u00ebl comme un \u00ab produit \u00bb du capitalisme occidental : les \u00c9tats-Unis et leurs alli\u00e9s auraient cr\u00e9\u00e9 l\u2019\u00c9tat h\u00e9breu pour \u00e9vacuer le souvenir de la Shoah \u00ab sur le dos \u00bb des populations arabes de Palestine. Au contraire, les critiques de cet \u00ab islamo-gauchisme \u00bb d\u00e9noncent cette synth\u00e8se toxique entre les valeurs traditionnelles de la gauche (pour le droit des peuples \u00e0 disposer d\u2019eux-m\u00eames) et l\u2019appui \u00e0 une expression \u00ab politique \u00bb et \u00ab communautariste \u00bb de l\u2019islam (qui met en danger l\u2019unit\u00e9 de la R\u00e9publique).<\/p>\n<p>&nbsp;<\/p>\n<h2 class=\"wp-block-heading\"><strong>Transfiguration(s)<\/strong><\/h2>\n<p>Ceux qui s\u2019engagent en faveur du droit des Palestiniens \u00e0 vivre dans un \u00c9tat ind\u00e9pendant restent souvent discrets sur les fronti\u00e8res dudit \u00c9tat, et plus encore sur leurs motivations : s\u2019agit-il d\u2019un combat anti-imp\u00e9rialiste et anticapitaliste, ou d\u2019une \u00ab couverture \u00bb pour un \u00ab antis\u00e9mitisme d\u2019extr\u00eame-gauche \u00bb ?<\/p>\n<p>\u00c0 l\u2019autre extr\u00e9mit\u00e9 de l\u2019\u00e9chiquier id\u00e9ologique, la ligne du RN est plus coh\u00e9rente pour l\u2019opinion : Marine Le Pen exprime clairement son soutien \u00e0 Isra\u00ebl et aux juifs fran\u00e7ais, autant par \u00ab pr\u00e9f\u00e9rence nationale \u00bb que par refus de l\u2019immigration \u00ab musulmane \u00bb. Ayant abjur\u00e9 l\u2018antis\u00e9mitisme, le RN r\u00e9clame l\u2019absolution ! Pourtant, ce choix illustre une nouvelle difficult\u00e9 de l\u2019int\u00e9gration civique puisqu\u2019il aboutit \u00e0 une \u00ab ethnicisation \u00bb de la religion, la conviction spirituelle \u00e9tant associ\u00e9e \u00e0 une couleur de peau. Ainsi, sans avoir recours \u00e0 la notion de \u00ab Grand Remplacement \u00bb (popularis\u00e9e par le pol\u00e9miste Renaud Camus), la doctrine du RN permet de combiner la \u00ab d\u00e9fense du clocher \u00bb avec l\u2019affirmation de la la\u00efcit\u00e9 (opportun\u00e9ment red\u00e9couverte dans le legs juridique de la IIIe R\u00e9publique). <em>.<\/em><\/p>\n<p>Aujourd\u2019hui, l\u2019antis\u00e9mitisme de droite est devenu r\u00e9siduel : ce \u00ab label \u00bb ne peut \u00eatre attribu\u00e9 au RN et \u00e0 son avatar Reconqu\u00eate ! (dirig\u00e9 par Eric Zemmour)<em>.<\/em> <em>A contrario<\/em>, la solidarit\u00e9 avec la Palestine \u2013 nouvelle \u00ab Cause du Peuple \u00bb (pour reprendre le titre du journal fond\u00e9 en 1968 par Roland Castro) \u2013 pourrait bel et bien appartenir \u00e0 l\u2019ADN de l\u2019extr\u00eame gauche. Dans la querelle entre \u2018gauchisme\u2019 et \u2018extr\u00eame-gauche\u2019, faut-il oublier Karl Marx (\u00ab La question juive \u00bb, 1844) et Jean-Paul Sartre (\u00ab R\u00e9flexions sur la question juive \u00bb, 1946) ? Contester \u00e0 Isra\u00ebl le droit d\u2019exister en tant qu\u2019\u00c9tat h\u00e9breux aboutit \u00e0 mettre en cause la l\u00e9gitimit\u00e9 du peuple juif \u00e0 se constituer en nation (et \u00e0 b\u00e9n\u00e9ficier d\u2019un \u00c9tat) : en refusant aux Juifs le droit de disposer d\u2019un espace g\u00e9opolitique distinct, les d\u00e9tracteurs du sionisme mettent en cause l\u2019\u00e9galit\u00e9 des fils et des filles d\u2019Abraham (cf. les \u00ab Accords d\u2019Abraham \u00bb, n\u00e9goci\u00e9s sous le mandat de Donald Trump pour \u00e9tablir des relations diplomatiques entre Isra\u00ebl et les pays arabes). D\u2019ailleurs, l\u2019antiam\u00e9ricanisme est aussi un identifiant de l\u2019extr\u00eame-gauche.<\/p>\n<p>&nbsp;<\/p>\n<h2 class=\"wp-block-heading\"><strong>Instrument(s)<\/strong><\/h2>\n<p>En France, la campagne des Europ\u00e9ennes a montr\u00e9 que l\u2019hostilit\u00e9 \u00e0 Isra\u00ebl pouvait mobiliser certains \u00e9lecteurs : l\u2019antisionisme propag\u00e9 par Rima Hassan (\u00e9lue au Parlement europ\u00e9en sur la liste LFI) et les <a href=\"https:\/\/dokdoc.eu\/politik\/23331\/da-gibt-es-absolut-keinen-platz-mehr-fuer-andere-sichtweisen\/\">incidents dans les locaux Sciences Po Paris<\/a> (entre autres) ont d\u00e9fray\u00e9 la chronique et nourri une ambiance d\u00e9l\u00e9t\u00e8re, dont le RN a sans doute su profiter. La guerre en Ukraine n\u2019a pas suscit\u00e9 la m\u00eame \u00e9motion, alors que \u2013 paradoxalement \u2013 le RN et LFI ont \u00e9t\u00e9 accus\u00e9s tous deux de \u00ab mansu\u00e9tude \u00bb et de \u00ab compr\u00e9hension \u00bb pour Vladimir Poutine. L\u00e0 aussi, le RN a prouv\u00e9 son habilit\u00e9, sa t\u00eate de liste Jordan Bardella affirmant son soutien \u00e0 Kiev. Apr\u00e8s une premi\u00e8re salve de commentaires, la reconnaissance de l\u2019\u00c9tat de Palestine par l\u2019Irlande et l\u2019Espagne (28 mai) et la Slov\u00e9nie (4 juin) a \u00e9t\u00e9 vite oubli\u00e9e, l\u2019existence ou non d\u2019une politique \u00e9trang\u00e8re commune de l\u2019UE n\u2019a(urait) qu\u2019un impact limit\u00e9 sur la poursuite de la guerre \u00e0 Gaza.<\/p>\n<p>&nbsp;<\/p>\n<figure id=\"attachment_27204\" aria-describedby=\"caption-attachment-27204\" style=\"width: 1024px\" class=\"wp-caption aligncenter\"><img decoding=\"async\" class=\"wp-image-27204\" src=\"https:\/\/dokdoc.eu\/wp-content\/uploads\/2024\/06\/2_imago0469335730h-scaled-1-300x200.jpg\" alt=\"Rima Hassan lors d\u2019une manifestation pro-palestinienne \u00e0 Sciences Po Paris, 26 avril 2024 (Copyright: Imago)\" width=\"1024\" height=\"684\" srcset=\"https:\/\/dokdoc.eu\/wp-content\/uploads\/2024\/06\/2_imago0469335730h-scaled-1-300x200.jpg 300w, https:\/\/dokdoc.eu\/wp-content\/uploads\/2024\/06\/2_imago0469335730h-scaled-1-1024x684.jpg 1024w, https:\/\/dokdoc.eu\/wp-content\/uploads\/2024\/06\/2_imago0469335730h-scaled-1-768x513.jpg 768w, https:\/\/dokdoc.eu\/wp-content\/uploads\/2024\/06\/2_imago0469335730h-scaled-1-1536x1025.jpg 1536w, https:\/\/dokdoc.eu\/wp-content\/uploads\/2024\/06\/2_imago0469335730h-scaled-1-2048x1367.jpg 2048w\" sizes=\"(max-width: 1024px) 100vw, 1024px\" \/><figcaption id=\"caption-attachment-27204\" class=\"wp-caption-text\">Rima Hassan lors d\u2019une manifestation pro-palestinienne \u00e0 Sciences Po Paris, 26 avril 2024 (Copyright: Imago)<\/figcaption><\/figure>\n","protected":false},"excerpt":{"rendered":"<p>Lors de sa visite d\u2019\u00c9tat en Allemagne (26-28 mai), le pr\u00e9sident Emmanuel Macron a remis \u00e0 Serge Klarsfeld les insignes de grand-croix de la L\u00e9gion d\u2019Honneur et fait son \u00e9pouse Beate grand officier du m\u00eame Ordre. Ainsi, le chef de l\u2019\u00c9tat n\u2019a pas \u00ab tenu rigueur \u00bb aux \u00ab chasseurs de Nazis \u00bb de leurs [&hellip;]<\/p>\n","protected":false},"author":1,"featured_media":27205,"comment_status":"closed","ping_status":"closed","sticky":true,"template":"","format":"standard","meta":{"om_disable_all_campaigns":false,"_monsterinsights_skip_tracking":false,"_monsterinsights_sitenote_active":false,"_monsterinsights_sitenote_note":"","_monsterinsights_sitenote_category":0,"_uf_show_specific_survey":0,"_uf_disable_surveys":false,"footnotes":""},"categories":[115],"tags":[],"ppma_author":[880],"class_list":["post-30194","post","type-post","status-publish","format-standard","has-post-thumbnail","hentry","category-societe-fr-2"],"yoast_head":"<!-- This site is optimized with the Yoast SEO plugin v27.5 - https:\/\/yoast.com\/product\/yoast-seo-wordpress\/ -->\n<title>Extr\u00eame droite ou extr\u00eame gauche : o\u00f9 \u00ab classer \u00bb l\u2019antis\u00e9mitisme ? - dokdoc.eu<\/title>\n<meta name=\"robots\" content=\"index, follow, max-snippet:-1, max-image-preview:large, max-video-preview:-1\" \/>\n<link rel=\"canonical\" href=\"https:\/\/dokdoc.eu\/fr\/2024\/06\/18\/extreme-droite-ou-extreme-gauche-ou-classer-lantisemitisme\/\" \/>\n<meta property=\"og:locale\" content=\"fr_FR\" \/>\n<meta property=\"og:type\" content=\"article\" \/>\n<meta property=\"og:title\" content=\"Extr\u00eame droite ou extr\u00eame gauche : o\u00f9 \u00ab classer \u00bb l\u2019antis\u00e9mitisme ? - dokdoc.eu\" \/>\n<meta property=\"og:description\" content=\"Lors de sa visite d\u2019\u00c9tat en Allemagne (26-28 mai), le pr\u00e9sident Emmanuel Macron a remis \u00e0 Serge Klarsfeld les insignes de grand-croix de la L\u00e9gion d\u2019Honneur et fait son \u00e9pouse Beate grand officier du m\u00eame Ordre. Ainsi, le chef de l\u2019\u00c9tat n\u2019a pas \u00ab tenu rigueur \u00bb aux \u00ab chasseurs de Nazis \u00bb de leurs [&hellip;]\" \/>\n<meta property=\"og:url\" content=\"https:\/\/dokdoc.eu\/fr\/2024\/06\/18\/extreme-droite-ou-extreme-gauche-ou-classer-lantisemitisme\/\" \/>\n<meta property=\"og:site_name\" content=\"dokdoc.eu\" \/>\n<meta property=\"article:published_time\" content=\"2024-06-18T08:57:09+00:00\" \/>\n<meta property=\"article:modified_time\" content=\"2025-05-23T11:19:07+00:00\" \/>\n<meta property=\"og:image\" content=\"https:\/\/dokdoc.eu\/wp-content\/uploads\/2024\/06\/1_imago0334416930h-scaled-1.jpg\" \/>\n\t<meta property=\"og:image:width\" content=\"2560\" \/>\n\t<meta property=\"og:image:height\" content=\"1707\" \/>\n\t<meta property=\"og:image:type\" content=\"image\/jpeg\" \/>\n<meta name=\"author\" content=\"Beno\u00eet Schuman\" \/>\n<meta name=\"twitter:card\" content=\"summary_large_image\" \/>\n<meta name=\"twitter:label1\" content=\"\u00c9crit par\" \/>\n\t<meta name=\"twitter:data1\" content=\"RochowMedienagentur\" \/>\n\t<meta name=\"twitter:label2\" content=\"Dur\u00e9e de lecture estim\u00e9e\" \/>\n\t<meta name=\"twitter:data2\" content=\"6 minutes\" \/>\n<script type=\"application\/ld+json\" class=\"yoast-schema-graph\">{\"@context\":\"https:\\\/\\\/schema.org\",\"@graph\":[{\"@type\":\"Article\",\"@id\":\"https:\\\/\\\/dokdoc.eu\\\/fr\\\/2024\\\/06\\\/18\\\/extreme-droite-ou-extreme-gauche-ou-classer-lantisemitisme\\\/#article\",\"isPartOf\":{\"@id\":\"https:\\\/\\\/dokdoc.eu\\\/fr\\\/2024\\\/06\\\/18\\\/extreme-droite-ou-extreme-gauche-ou-classer-lantisemitisme\\\/\"},\"author\":{\"name\":\"RochowMedienagentur\",\"@id\":\"https:\\\/\\\/dokdoc.eu\\\/fr\\\/#\\\/schema\\\/person\\\/d760e6e53df901fd9522f1d3a1e46621\"},\"headline\":\"Extr\u00eame droite ou extr\u00eame gauche : o\u00f9 \u00ab classer \u00bb l\u2019antis\u00e9mitisme ?\",\"datePublished\":\"2024-06-18T08:57:09+00:00\",\"dateModified\":\"2025-05-23T11:19:07+00:00\",\"mainEntityOfPage\":{\"@id\":\"https:\\\/\\\/dokdoc.eu\\\/fr\\\/2024\\\/06\\\/18\\\/extreme-droite-ou-extreme-gauche-ou-classer-lantisemitisme\\\/\"},\"wordCount\":1133,\"publisher\":{\"@id\":\"https:\\\/\\\/dokdoc.eu\\\/fr\\\/#organization\"},\"image\":{\"@id\":\"https:\\\/\\\/dokdoc.eu\\\/fr\\\/2024\\\/06\\\/18\\\/extreme-droite-ou-extreme-gauche-ou-classer-lantisemitisme\\\/#primaryimage\"},\"thumbnailUrl\":\"https:\\\/\\\/dokdoc.eu\\\/wp-content\\\/uploads\\\/2024\\\/06\\\/1_imago0334416930h-scaled-1.jpg\",\"articleSection\":[\"Soci\u00e9t\u00e9\"],\"inLanguage\":\"fr-FR\"},{\"@type\":\"WebPage\",\"@id\":\"https:\\\/\\\/dokdoc.eu\\\/fr\\\/2024\\\/06\\\/18\\\/extreme-droite-ou-extreme-gauche-ou-classer-lantisemitisme\\\/\",\"url\":\"https:\\\/\\\/dokdoc.eu\\\/fr\\\/2024\\\/06\\\/18\\\/extreme-droite-ou-extreme-gauche-ou-classer-lantisemitisme\\\/\",\"name\":\"Extr\u00eame droite ou extr\u00eame gauche : o\u00f9 \u00ab classer \u00bb l\u2019antis\u00e9mitisme ? - dokdoc.eu\",\"isPartOf\":{\"@id\":\"https:\\\/\\\/dokdoc.eu\\\/fr\\\/#website\"},\"primaryImageOfPage\":{\"@id\":\"https:\\\/\\\/dokdoc.eu\\\/fr\\\/2024\\\/06\\\/18\\\/extreme-droite-ou-extreme-gauche-ou-classer-lantisemitisme\\\/#primaryimage\"},\"image\":{\"@id\":\"https:\\\/\\\/dokdoc.eu\\\/fr\\\/2024\\\/06\\\/18\\\/extreme-droite-ou-extreme-gauche-ou-classer-lantisemitisme\\\/#primaryimage\"},\"thumbnailUrl\":\"https:\\\/\\\/dokdoc.eu\\\/wp-content\\\/uploads\\\/2024\\\/06\\\/1_imago0334416930h-scaled-1.jpg\",\"datePublished\":\"2024-06-18T08:57:09+00:00\",\"dateModified\":\"2025-05-23T11:19:07+00:00\",\"breadcrumb\":{\"@id\":\"https:\\\/\\\/dokdoc.eu\\\/fr\\\/2024\\\/06\\\/18\\\/extreme-droite-ou-extreme-gauche-ou-classer-lantisemitisme\\\/#breadcrumb\"},\"inLanguage\":\"fr-FR\",\"potentialAction\":[{\"@type\":\"ReadAction\",\"target\":[\"https:\\\/\\\/dokdoc.eu\\\/fr\\\/2024\\\/06\\\/18\\\/extreme-droite-ou-extreme-gauche-ou-classer-lantisemitisme\\\/\"]}]},{\"@type\":\"ImageObject\",\"inLanguage\":\"fr-FR\",\"@id\":\"https:\\\/\\\/dokdoc.eu\\\/fr\\\/2024\\\/06\\\/18\\\/extreme-droite-ou-extreme-gauche-ou-classer-lantisemitisme\\\/#primaryimage\",\"url\":\"https:\\\/\\\/dokdoc.eu\\\/wp-content\\\/uploads\\\/2024\\\/06\\\/1_imago0334416930h-scaled-1.jpg\",\"contentUrl\":\"https:\\\/\\\/dokdoc.eu\\\/wp-content\\\/uploads\\\/2024\\\/06\\\/1_imago0334416930h-scaled-1.jpg\",\"width\":2560,\"height\":1707,\"caption\":\"Marsch gegen den Antisemitismus, Paris, 12. Dezember 2023 (Copyright: Imago)\"},{\"@type\":\"BreadcrumbList\",\"@id\":\"https:\\\/\\\/dokdoc.eu\\\/fr\\\/2024\\\/06\\\/18\\\/extreme-droite-ou-extreme-gauche-ou-classer-lantisemitisme\\\/#breadcrumb\",\"itemListElement\":[{\"@type\":\"ListItem\",\"position\":1,\"name\":\"Startseite\",\"item\":\"https:\\\/\\\/dokdoc.eu\\\/fr\\\/\"},{\"@type\":\"ListItem\",\"position\":2,\"name\":\"Extr\u00eame droite ou extr\u00eame gauche : o\u00f9 \u00ab classer \u00bb l\u2019antis\u00e9mitisme ?\"}]},{\"@type\":\"WebSite\",\"@id\":\"https:\\\/\\\/dokdoc.eu\\\/fr\\\/#website\",\"url\":\"https:\\\/\\\/dokdoc.eu\\\/fr\\\/\",\"name\":\"dokdoc.eu\",\"description\":\"\",\"publisher\":{\"@id\":\"https:\\\/\\\/dokdoc.eu\\\/fr\\\/#organization\"},\"potentialAction\":[{\"@type\":\"SearchAction\",\"target\":{\"@type\":\"EntryPoint\",\"urlTemplate\":\"https:\\\/\\\/dokdoc.eu\\\/fr\\\/?s={search_term_string}\"},\"query-input\":{\"@type\":\"PropertyValueSpecification\",\"valueRequired\":true,\"valueName\":\"search_term_string\"}}],\"inLanguage\":\"fr-FR\"},{\"@type\":\"Organization\",\"@id\":\"https:\\\/\\\/dokdoc.eu\\\/fr\\\/#organization\",\"name\":\"dokdoc.eu\",\"url\":\"https:\\\/\\\/dokdoc.eu\\\/fr\\\/\",\"logo\":{\"@type\":\"ImageObject\",\"inLanguage\":\"fr-FR\",\"@id\":\"https:\\\/\\\/dokdoc.eu\\\/fr\\\/#\\\/schema\\\/logo\\\/image\\\/\",\"url\":\"https:\\\/\\\/dokdoc.eu\\\/wp-content\\\/uploads\\\/2019\\\/08\\\/cropped-logo_dokdoc-e1720795013301.png\",\"contentUrl\":\"https:\\\/\\\/dokdoc.eu\\\/wp-content\\\/uploads\\\/2019\\\/08\\\/cropped-logo_dokdoc-e1720795013301.png\",\"width\":150,\"height\":110,\"caption\":\"dokdoc.eu\"},\"image\":{\"@id\":\"https:\\\/\\\/dokdoc.eu\\\/fr\\\/#\\\/schema\\\/logo\\\/image\\\/\"}},{\"@type\":\"Person\",\"@id\":\"https:\\\/\\\/dokdoc.eu\\\/fr\\\/#\\\/schema\\\/person\\\/d760e6e53df901fd9522f1d3a1e46621\",\"name\":\"RochowMedienagentur\",\"image\":{\"@type\":\"ImageObject\",\"inLanguage\":\"fr-FR\",\"@id\":\"https:\\\/\\\/dokdoc.eu\\\/wp-content\\\/uploads\\\/2019\\\/08\\\/cropped-logo_dokdoc-e1720795013301.png830075fd1c1a1f70247b47fa84cf0f00\",\"url\":\"https:\\\/\\\/dokdoc.eu\\\/wp-content\\\/uploads\\\/2019\\\/08\\\/cropped-logo_dokdoc-e1720795013301.png\",\"contentUrl\":\"https:\\\/\\\/dokdoc.eu\\\/wp-content\\\/uploads\\\/2019\\\/08\\\/cropped-logo_dokdoc-e1720795013301.png\",\"caption\":\"RochowMedienagentur\"},\"sameAs\":[\"https:\\\/\\\/dokdoc.eu\"],\"url\":\"https:\\\/\\\/dokdoc.eu\\\/fr\\\/author\\\/rochowmedienagentur\\\/\"}]}<\/script>\n<!-- \/ Yoast SEO plugin. -->","yoast_head_json":{"title":"Extr\u00eame droite ou extr\u00eame gauche : o\u00f9 \u00ab classer \u00bb l\u2019antis\u00e9mitisme ? - dokdoc.eu","robots":{"index":"index","follow":"follow","max-snippet":"max-snippet:-1","max-image-preview":"max-image-preview:large","max-video-preview":"max-video-preview:-1"},"canonical":"https:\/\/dokdoc.eu\/fr\/2024\/06\/18\/extreme-droite-ou-extreme-gauche-ou-classer-lantisemitisme\/","og_locale":"fr_FR","og_type":"article","og_title":"Extr\u00eame droite ou extr\u00eame gauche : o\u00f9 \u00ab classer \u00bb l\u2019antis\u00e9mitisme ? - dokdoc.eu","og_description":"Lors de sa visite d\u2019\u00c9tat en Allemagne (26-28 mai), le pr\u00e9sident Emmanuel Macron a remis \u00e0 Serge Klarsfeld les insignes de grand-croix de la L\u00e9gion d\u2019Honneur et fait son \u00e9pouse Beate grand officier du m\u00eame Ordre. Ainsi, le chef de l\u2019\u00c9tat n\u2019a pas \u00ab tenu rigueur \u00bb aux \u00ab chasseurs de Nazis \u00bb de leurs [&hellip;]","og_url":"https:\/\/dokdoc.eu\/fr\/2024\/06\/18\/extreme-droite-ou-extreme-gauche-ou-classer-lantisemitisme\/","og_site_name":"dokdoc.eu","article_published_time":"2024-06-18T08:57:09+00:00","article_modified_time":"2025-05-23T11:19:07+00:00","og_image":[{"width":2560,"height":1707,"url":"https:\/\/dokdoc.eu\/wp-content\/uploads\/2024\/06\/1_imago0334416930h-scaled-1.jpg","type":"image\/jpeg"}],"author":"Beno\u00eet Schuman","twitter_card":"summary_large_image","twitter_misc":{"\u00c9crit par":"RochowMedienagentur","Dur\u00e9e de lecture estim\u00e9e":"6 minutes"},"schema":{"@context":"https:\/\/schema.org","@graph":[{"@type":"Article","@id":"https:\/\/dokdoc.eu\/fr\/2024\/06\/18\/extreme-droite-ou-extreme-gauche-ou-classer-lantisemitisme\/#article","isPartOf":{"@id":"https:\/\/dokdoc.eu\/fr\/2024\/06\/18\/extreme-droite-ou-extreme-gauche-ou-classer-lantisemitisme\/"},"author":{"name":"RochowMedienagentur","@id":"https:\/\/dokdoc.eu\/fr\/#\/schema\/person\/d760e6e53df901fd9522f1d3a1e46621"},"headline":"Extr\u00eame droite ou extr\u00eame gauche : o\u00f9 \u00ab classer \u00bb l\u2019antis\u00e9mitisme ?","datePublished":"2024-06-18T08:57:09+00:00","dateModified":"2025-05-23T11:19:07+00:00","mainEntityOfPage":{"@id":"https:\/\/dokdoc.eu\/fr\/2024\/06\/18\/extreme-droite-ou-extreme-gauche-ou-classer-lantisemitisme\/"},"wordCount":1133,"publisher":{"@id":"https:\/\/dokdoc.eu\/fr\/#organization"},"image":{"@id":"https:\/\/dokdoc.eu\/fr\/2024\/06\/18\/extreme-droite-ou-extreme-gauche-ou-classer-lantisemitisme\/#primaryimage"},"thumbnailUrl":"https:\/\/dokdoc.eu\/wp-content\/uploads\/2024\/06\/1_imago0334416930h-scaled-1.jpg","articleSection":["Soci\u00e9t\u00e9"],"inLanguage":"fr-FR"},{"@type":"WebPage","@id":"https:\/\/dokdoc.eu\/fr\/2024\/06\/18\/extreme-droite-ou-extreme-gauche-ou-classer-lantisemitisme\/","url":"https:\/\/dokdoc.eu\/fr\/2024\/06\/18\/extreme-droite-ou-extreme-gauche-ou-classer-lantisemitisme\/","name":"Extr\u00eame droite ou extr\u00eame gauche : o\u00f9 \u00ab classer \u00bb l\u2019antis\u00e9mitisme ? - dokdoc.eu","isPartOf":{"@id":"https:\/\/dokdoc.eu\/fr\/#website"},"primaryImageOfPage":{"@id":"https:\/\/dokdoc.eu\/fr\/2024\/06\/18\/extreme-droite-ou-extreme-gauche-ou-classer-lantisemitisme\/#primaryimage"},"image":{"@id":"https:\/\/dokdoc.eu\/fr\/2024\/06\/18\/extreme-droite-ou-extreme-gauche-ou-classer-lantisemitisme\/#primaryimage"},"thumbnailUrl":"https:\/\/dokdoc.eu\/wp-content\/uploads\/2024\/06\/1_imago0334416930h-scaled-1.jpg","datePublished":"2024-06-18T08:57:09+00:00","dateModified":"2025-05-23T11:19:07+00:00","breadcrumb":{"@id":"https:\/\/dokdoc.eu\/fr\/2024\/06\/18\/extreme-droite-ou-extreme-gauche-ou-classer-lantisemitisme\/#breadcrumb"},"inLanguage":"fr-FR","potentialAction":[{"@type":"ReadAction","target":["https:\/\/dokdoc.eu\/fr\/2024\/06\/18\/extreme-droite-ou-extreme-gauche-ou-classer-lantisemitisme\/"]}]},{"@type":"ImageObject","inLanguage":"fr-FR","@id":"https:\/\/dokdoc.eu\/fr\/2024\/06\/18\/extreme-droite-ou-extreme-gauche-ou-classer-lantisemitisme\/#primaryimage","url":"https:\/\/dokdoc.eu\/wp-content\/uploads\/2024\/06\/1_imago0334416930h-scaled-1.jpg","contentUrl":"https:\/\/dokdoc.eu\/wp-content\/uploads\/2024\/06\/1_imago0334416930h-scaled-1.jpg","width":2560,"height":1707,"caption":"Marsch gegen den Antisemitismus, Paris, 12. Dezember 2023 (Copyright: Imago)"},{"@type":"BreadcrumbList","@id":"https:\/\/dokdoc.eu\/fr\/2024\/06\/18\/extreme-droite-ou-extreme-gauche-ou-classer-lantisemitisme\/#breadcrumb","itemListElement":[{"@type":"ListItem","position":1,"name":"Startseite","item":"https:\/\/dokdoc.eu\/fr\/"},{"@type":"ListItem","position":2,"name":"Extr\u00eame droite ou extr\u00eame gauche : o\u00f9 \u00ab classer \u00bb l\u2019antis\u00e9mitisme ?"}]},{"@type":"WebSite","@id":"https:\/\/dokdoc.eu\/fr\/#website","url":"https:\/\/dokdoc.eu\/fr\/","name":"dokdoc.eu","description":"","publisher":{"@id":"https:\/\/dokdoc.eu\/fr\/#organization"},"potentialAction":[{"@type":"SearchAction","target":{"@type":"EntryPoint","urlTemplate":"https:\/\/dokdoc.eu\/fr\/?s={search_term_string}"},"query-input":{"@type":"PropertyValueSpecification","valueRequired":true,"valueName":"search_term_string"}}],"inLanguage":"fr-FR"},{"@type":"Organization","@id":"https:\/\/dokdoc.eu\/fr\/#organization","name":"dokdoc.eu","url":"https:\/\/dokdoc.eu\/fr\/","logo":{"@type":"ImageObject","inLanguage":"fr-FR","@id":"https:\/\/dokdoc.eu\/fr\/#\/schema\/logo\/image\/","url":"https:\/\/dokdoc.eu\/wp-content\/uploads\/2019\/08\/cropped-logo_dokdoc-e1720795013301.png","contentUrl":"https:\/\/dokdoc.eu\/wp-content\/uploads\/2019\/08\/cropped-logo_dokdoc-e1720795013301.png","width":150,"height":110,"caption":"dokdoc.eu"},"image":{"@id":"https:\/\/dokdoc.eu\/fr\/#\/schema\/logo\/image\/"}},{"@type":"Person","@id":"https:\/\/dokdoc.eu\/fr\/#\/schema\/person\/d760e6e53df901fd9522f1d3a1e46621","name":"RochowMedienagentur","image":{"@type":"ImageObject","inLanguage":"fr-FR","@id":"https:\/\/dokdoc.eu\/wp-content\/uploads\/2019\/08\/cropped-logo_dokdoc-e1720795013301.png830075fd1c1a1f70247b47fa84cf0f00","url":"https:\/\/dokdoc.eu\/wp-content\/uploads\/2019\/08\/cropped-logo_dokdoc-e1720795013301.png","contentUrl":"https:\/\/dokdoc.eu\/wp-content\/uploads\/2019\/08\/cropped-logo_dokdoc-e1720795013301.png","caption":"RochowMedienagentur"},"sameAs":["https:\/\/dokdoc.eu"],"url":"https:\/\/dokdoc.eu\/fr\/author\/rochowmedienagentur\/"}]}},"authors":[{"term_id":880,"user_id":0,"is_guest":1,"slug":"benoit-schuman","display_name":"Beno\u00eet Schuman","avatar_url":{"url":"https:\/\/dokdoc.eu\/wp-content\/uploads\/2019\/08\/cropped-logo_dokdoc-e1720795013301.png","url2x":"https:\/\/dokdoc.eu\/wp-content\/uploads\/2019\/08\/cropped-logo_dokdoc-e1720795013301.png"},"0":null,"1":"","2":"","3":"","4":"","5":"","6":"","7":"","8":""}],"_links":{"self":[{"href":"https:\/\/dokdoc.eu\/fr\/wp-json\/wp\/v2\/posts\/30194","targetHints":{"allow":["GET"]}}],"collection":[{"href":"https:\/\/dokdoc.eu\/fr\/wp-json\/wp\/v2\/posts"}],"about":[{"href":"https:\/\/dokdoc.eu\/fr\/wp-json\/wp\/v2\/types\/post"}],"author":[{"embeddable":true,"href":"https:\/\/dokdoc.eu\/fr\/wp-json\/wp\/v2\/users\/1"}],"replies":[{"embeddable":true,"href":"https:\/\/dokdoc.eu\/fr\/wp-json\/wp\/v2\/comments?post=30194"}],"version-history":[{"count":1,"href":"https:\/\/dokdoc.eu\/fr\/wp-json\/wp\/v2\/posts\/30194\/revisions"}],"predecessor-version":[{"id":30195,"href":"https:\/\/dokdoc.eu\/fr\/wp-json\/wp\/v2\/posts\/30194\/revisions\/30195"}],"wp:featuredmedia":[{"embeddable":true,"href":"https:\/\/dokdoc.eu\/fr\/wp-json\/wp\/v2\/media\/27205"}],"wp:attachment":[{"href":"https:\/\/dokdoc.eu\/fr\/wp-json\/wp\/v2\/media?parent=30194"}],"wp:term":[{"taxonomy":"category","embeddable":true,"href":"https:\/\/dokdoc.eu\/fr\/wp-json\/wp\/v2\/categories?post=30194"},{"taxonomy":"post_tag","embeddable":true,"href":"https:\/\/dokdoc.eu\/fr\/wp-json\/wp\/v2\/tags?post=30194"},{"taxonomy":"author","embeddable":true,"href":"https:\/\/dokdoc.eu\/fr\/wp-json\/wp\/v2\/ppma_author?post=30194"}],"curies":[{"name":"wp","href":"https:\/\/api.w.org\/{rel}","templated":true}]}}