{"id":30311,"date":"2025-06-11T20:03:05","date_gmt":"2025-06-11T18:03:05","guid":{"rendered":"https:\/\/dokdoc.eu\/?p=30311"},"modified":"2026-02-07T19:12:52","modified_gmt":"2026-02-07T18:12:52","slug":"il-y-a-80-ans-le-premier-pont-de-papier-entre-la-france-et-lallemagne","status":"publish","type":"post","link":"https:\/\/dokdoc.eu\/fr\/2025\/06\/11\/il-y-a-80-ans-le-premier-pont-de-papier-entre-la-france-et-lallemagne\/","title":{"rendered":"Il y a 80 ans, le premier pont de papier"},"content":{"rendered":"<figure id=\"attachment_30304\" aria-describedby=\"caption-attachment-30304\" style=\"width: 1024px\" class=\"wp-caption aligncenter\"><img fetchpriority=\"high\" decoding=\"async\" class=\"wp-image-30304\" src=\"https:\/\/dokdoc.eu\/wp-content\/uploads\/2025\/06\/1_Bundesarchiv_Bild_121-0476_Gesprengte_Rheinbruecke_bei_Kehl-300x208.jpg\" alt=\"Le pont de Kehl sur le Rhin en 1945 (Copyright: Wikimedia Commons) \" width=\"1024\" height=\"708\" srcset=\"https:\/\/dokdoc.eu\/wp-content\/uploads\/2025\/06\/1_Bundesarchiv_Bild_121-0476_Gesprengte_Rheinbruecke_bei_Kehl-300x208.jpg 300w, https:\/\/dokdoc.eu\/wp-content\/uploads\/2025\/06\/1_Bundesarchiv_Bild_121-0476_Gesprengte_Rheinbruecke_bei_Kehl-768x531.jpg 768w, https:\/\/dokdoc.eu\/wp-content\/uploads\/2025\/06\/1_Bundesarchiv_Bild_121-0476_Gesprengte_Rheinbruecke_bei_Kehl.jpg 798w\" sizes=\"(max-width: 1024px) 100vw, 1024px\" \/><figcaption id=\"caption-attachment-30304\" class=\"wp-caption-text\">Le pont de Kehl sur le Rhin en 1945 (Copyright: Wikimedia Commons)<\/figcaption><\/figure>\n<p><strong>Il y a 80 ans paraissaient les premiers exemplaires de Documents et Dokumente \u2013 un pont de papier qui, au fil du temps, est devenu un pilier du dialogue franco-allemand. L\u2019histoire de la revue est bien plus qu\u2019un symbole.<\/strong><!--more--><\/p>\n<p>&nbsp;<\/p>\n<p>Comme souvent, l\u2019histoire commence par une anecdote. Plus qu\u2019une anecdote, une parabole presque. Nomm\u00e9 aum\u00f4nier militaire aupr\u00e8s de la garnison fran\u00e7aise stationn\u00e9e \u00e0 Offenburg en 1944, c\u2019est dans cette ville proche de la fronti\u00e8re franco-allemande, en zone d\u2019occupation fran\u00e7aise donc, que le P\u00e8re Jean du Rivau (1903-1970), ordonn\u00e9 pr\u00eatre en 1936, r\u00e9sistant de la premi\u00e8re heure, d\u00e9port\u00e9 \u00e0 Mauthausen et \u00e0 Dachau, avait \u00e9t\u00e9 t\u00e9moin des dures r\u00e9alit\u00e9s de la vie quotidienne dans une Allemagne vaincue, d\u00e9truite et ruin\u00e9e. Selon une premi\u00e8re version, il aurait rencontr\u00e9 un soldat fran\u00e7ais communiste d\u00e9sireux de traverser le Rhin de Ludwigshafen vers Mannheim pour voir s\u2019il y avait d\u2019autres communistes de l\u2019autre c\u00f4t\u00e9. L\u2019autre version fait \u00e9tat d\u2019une rencontre de deux soldats sur ce m\u00eame pont, se saluant en sifflotant l\u2019Internationale. Pourquoi laisser aux seuls communistes le privil\u00e8ge de renouer le dialogue entre Fran\u00e7ais et Allemands ? se serait alors demand\u00e9 l\u2019aum\u00f4nier fran\u00e7ais. Peu importe de savoir si cette anecdote est v\u00e9ridique. Elle traduit sans conteste un nouvel \u00e9tat d\u2019esprit. Ce sera en effet le d\u00e9but d\u2019une belle aventure, avec la publication d\u00e8s l\u2019automne 1945, moins de quatre mois apr\u00e8s la fin des hostilit\u00e9s, de cahiers d\u00e9tachables, intitul\u00e9s respectivement <em>Documents<\/em> et <em>Dokumente<\/em>, mais aussi, un peu plus tard, avec l\u2019envoi d\u2019enfants de r\u00e9fugi\u00e9s allemands dans des familles fran\u00e7aises et l\u2019ouverture d\u2019une librairie \u00e0 Offenburg pour faire conna\u00eetre la production litt\u00e9raire fran\u00e7aise et d\u2019une autre \u00e0 Strasbourg pour la production allemande.<\/p>\n<p>&nbsp;<\/p>\n<h2><strong>Deux revues, une m\u00eame mission<\/strong><\/h2>\n<p>D\u2019aucuns soulignent, avec raison, que <em>Documents<\/em> et <em>Dokumente<\/em> \u00e9taient, d\u00e8s leur cr\u00e9ation, de \u00ab faux jumeaux \u00bb, car les contenus de ces deux revues parall\u00e8les \u00e9taient diff\u00e9rents. N\u00e9anmoins l\u2019intention, elle, \u00e9tait la m\u00eame. Il s&rsquo;agissait avant toute chose d&rsquo;aller \u00e0 la rencontre des adversaires d&rsquo;hier, d\u2019engager le dialogue avec eux pour \u00e9voquer et comparer les exp\u00e9riences des uns et des autres, sans ignorer pour autant les drames v\u00e9cus dans chacun des deux pays par des populations que l\u2019Histoire qualifiait d\u2019ennemis h\u00e9r\u00e9ditaires. Pour le P\u00e8re du Rivau, le pardon chr\u00e9tien se devait d\u2019\u00eatre \u00e0 la base d\u2019une volont\u00e9, pas forc\u00e9ment \u00e9vidente en 1945, de r\u00e9conciliation politique.<\/p>\n<figure id=\"attachment_30316\" aria-describedby=\"caption-attachment-30316\" style=\"width: 212px\" class=\"wp-caption alignleft\"><img decoding=\"async\" class=\"size-medium wp-image-30316\" src=\"https:\/\/dokdoc.eu\/wp-content\/uploads\/2025\/06\/Jean-du-Riveau-212x300.jpg\" alt=\"Jean du Rivau (Copyright: G\u00fcZ)\" width=\"212\" height=\"300\" srcset=\"https:\/\/dokdoc.eu\/wp-content\/uploads\/2025\/06\/Jean-du-Riveau-212x300.jpg 212w, https:\/\/dokdoc.eu\/wp-content\/uploads\/2025\/06\/Jean-du-Riveau-724x1024.jpg 724w, https:\/\/dokdoc.eu\/wp-content\/uploads\/2025\/06\/Jean-du-Riveau-768x1087.jpg 768w, https:\/\/dokdoc.eu\/wp-content\/uploads\/2025\/06\/Jean-du-Riveau-1086x1536.jpg 1086w, https:\/\/dokdoc.eu\/wp-content\/uploads\/2025\/06\/Jean-du-Riveau-1448x2048.jpg 1448w, https:\/\/dokdoc.eu\/wp-content\/uploads\/2025\/06\/Jean-du-Riveau.jpg 1753w\" sizes=\"(max-width: 212px) 100vw, 212px\" \/><figcaption id=\"caption-attachment-30316\" class=\"wp-caption-text\">Jean du Rivau (Copyright: G\u00fcZ)<\/figcaption><\/figure>\n<p>La premi\u00e8re structure cr\u00e9\u00e9e en 1945 \u00e0 Offenburg s\u2019appelait le Centre d\u2019Information et de Documentation \u00c9conomiques et Sociales (CIDES) avant de devenir l\u2019ann\u00e9e suivante le Centre d\u2019\u00c9tudes Culturelles, \u00c9conomiques et Sociales (CECES). En 1949, ce Centre obtient un statut juridique et devient bic\u00e9phale \u2013 en France sous le nom de <a href=\"http:\/\/bild-documents.org\/\">Bureau International de Liaison et de Documentation<\/a> (B.I.L.D.) et en Allemagne sous le nom de <a href=\"https:\/\/www.guez-dokumente.org\/%C3%BCber-uns\/\"><em>Gesellschaft f\u00fcr \u00fcbernationale Zusammenarbeit<\/em><\/a> (G\u00fcZ). Ces deux institutions sont aujourd\u2019hui les plus vieilles r\u00e9f\u00e9rences du franco-allemand d\u2019apr\u00e8s-guerre, pourtant rien n\u2019indique dans leur intitul\u00e9 qu\u2019elles visent \u00e0 un rapprochement entre la France et l\u2019Allemagne. Il est surprenant d\u2019ailleurs de constater que B.I.L.D. et G\u00fcz, depuis leur Centre commun d\u2019Offenburg, n\u2019ont rien fait pour mettre en valeur leurs ressemblance, lorsqu\u2019ils se sont baptis\u00e9s de la sorte, alors que dans le m\u00eame temps, ne serait-ce que par leur titre, <em>Documents<\/em> et <em>Dokumente<\/em> donnaient, \u00e0 tort, l\u2019impression d\u2019\u00eatre une seule et m\u00eame revue. De m\u00eame, il est permis de philosopher sur les intentions des initiateurs, lorsqu\u2019en allemand ils ont pr\u00e9f\u00e9r\u00e9 le \u00fc (<em>\u00fcbernational<\/em>) au i (<em>international<\/em>) de la partie fran\u00e7aise, mettant ainsi en exergue la vocation \u00ab supranationale \u00bb de l\u2019association. Peut-\u00eatre que le choix fran\u00e7ais ob\u00e9issait \u00e0 la tentation bien l\u00e9gitime d\u2019associer l\u2019institution \u00e0 un mot allemand (<em>Bild<\/em>, image) qui caract\u00e9risait \u00e0 cette \u00e9poque l\u2019apparition d\u2019une presse domin\u00e9e par l\u2019image (le quotidien populaire \u00e0 grand tirage <em>Bild-Zeitung<\/em>, a \u00e9t\u00e9 fond\u00e9 la m\u00eame ann\u00e9e en Allemagne).<\/p>\n<p>D\u2019abord r\u00e9unies sous un m\u00eame toit \u00e0 Offenburg, les deux r\u00e9dactions d\u00e9m\u00e9nagent \u00e0 Cologne en 1956, ville dans lequel le directeur administratif s\u2019appelait Max Adenauer, fils de Konrad le chancelier, bien avant donc que le g\u00e9n\u00e9ral de Gaulle, revenu au pouvoir en 1958, ne lance avec le vieux chancelier le processus de r\u00e9conciliation historique scell\u00e9 en 1963 par le Trait\u00e9 de l\u2019Elys\u00e9e. Finalement, la G\u00fcZ s\u2019installe avec la r\u00e9daction de <em>Dokumente<\/em> \u00e0 Bonn, pendant que le B.I.L.D., apr\u00e8s de longues ann\u00e9es \u00e0 Strasbourg, s\u2019installe en 1976 avec <em>Documents<\/em> \u00e0 Paris. Deux adresses, deux revues \u2013 pourtant les efforts d\u2019harmonisation, apr\u00e8s une longue p\u00e9riode d\u2019autonomie \u00e9ditoriale, seront de plus en plus nombreux, les responsables des deux associations estimant que le rapprochement n\u2019\u00e9tait pas l\u2019apanage des seules ann\u00e9es d\u2019apr\u00e8s-guerre.<\/p>\n<p>Suite \u00e0 un douloureux d\u00e9sengagement unilat\u00e9ral du minist\u00e8re fran\u00e7ais des Affaires \u00e9trang\u00e8res, les deux revues d\u00e9cident en 2010 de fusionner. Ainsi, sous un seul titre, <em>Dokumente<\/em>\/<em>Documents<\/em> reprend le flambeau, avec le pr\u00e9cieux soutien financier du minist\u00e8re allemand des Affaires \u00e9trang\u00e8res, tout en restant fid\u00e8le \u00e0 sa vocation : informer en fran\u00e7ais sur l\u2019Allemagne, informer en allemand sur la France.<\/p>\n<p>&nbsp;<\/p>\n<h2><strong>Questionner, dialoguer<\/strong><\/h2>\n<p>Con\u00e7ue d\u00e8s 1945 pour que les Fran\u00e7ais apprennent \u00e0 ne plus craindre l\u2019Allemagne apr\u00e8s la d\u00e9faite nazie, la revue fran\u00e7aise \u00e9tait devenue au fil des ans non plus seulement une <em>Revue des questions allemandes<\/em>, mais avant tout une <em>Revue du dialogue franco-allemand<\/em>, comme sa cons\u0153ur allemande. <em>Dokumente<\/em>, \u00e0 ses d\u00e9buts, \u00e9tait une revue con\u00e7ue et r\u00e9alis\u00e9e par des Fran\u00e7ais qui traduisaient des textes allemands, pour la plupart d\u00e9j\u00e0 publi\u00e9s dans certains organes de presse. Avant la fondation de la R\u00e9publique f\u00e9d\u00e9rale d\u2019Allemagne en 1949, seules les instances d\u2019occupation alli\u00e9e avaient pouvoir de d\u00e9cision. Et il n\u2019est de secret pour personne que les activit\u00e9s du P\u00e8re du Rivau n\u2019ont pas toujours \u00e9t\u00e9 du go\u00fbt des autorit\u00e9s fran\u00e7aises, qui ne cachaient gu\u00e8re leur volont\u00e9 d\u2019affaiblir l\u2019Allemagne nouvelle, quand d\u2019autres pr\u00f4naient une d\u00e9mocratisation de la soci\u00e9t\u00e9 allemande. Face au soutien frileux, notamment financier, de la politique fran\u00e7aise, l\u2019aide de l\u2019Eglise pouvait appara\u00eetre comme un pr\u00e9cieux recours. Mais les rapports difficiles et tendus entre les j\u00e9suites allemands et la Compagnie de J\u00e9sus ont compliqu\u00e9 le travail du P\u00e8re du Rivau, qui a d\u00fb se battre pour que la Compagnie ne cesse pas son soutien au Centre d\u2019Offenburg.<\/p>\n<p>C\u2019est s\u00fbrement une des raisons pour lesquelles la double revue, cr\u00e9\u00e9e dans un esprit d\u2019ouverture fortement marqu\u00e9 par les r\u00e9seaux catholiques, avec pour auteurs des religieux essentiellement, a rapidement instaur\u00e9 le dialogue avec les la\u00efcs en nommant d\u00e8s 1950 un Alsacien \u00e0 la t\u00eate de la r\u00e9daction, qui saura avec plusieurs personnalit\u00e9s faire entrer la publication dans un processus de s\u00e9cularisation, aussi bien dans le choix des auteurs que dans celui des th\u00e8mes abord\u00e9s.<\/p>\n<p>Au fil des ans, les responsables ont poursuivi le dialogue intens\u00e9ment intellectuel dans les milieux universitaires et associ\u00e9 d\u00e9sormais chercheurs, experts et journalistes dans un m\u00eame effort d\u2019information sur ce qui rapproche (et s\u00e9pare) Fran\u00e7ais et Allemands. La revue a par cons\u00e9quent toujours pris garde de g\u00e9rer sa mutation et son adaptation aux incessants changements de la soci\u00e9t\u00e9 et des rapports bilat\u00e9raux. Mais l\u2019ambition est la m\u00eame qu\u2019en 1945. Jean du Rivau l\u2019affirmait : \u00ab Notre but en publiant ces divers documents est uniquement de servir et de renseigner de part et d\u2019autre sur les faits et gestes de l\u2019un et l\u2019autre. Nous ne voulons pas prendre parti, nous d\u00e9sirons simplement \u00e9clairer les uns et les autres par des textes et permettre un jour venant de commencer \u00e0 parler. \u00bb Le dialogue donc pour mieux lutter contre la propagande des ann\u00e9es de guerre.<\/p>\n<p>&nbsp;<\/p>\n<h2><strong>Ouvrir le bilat\u00e9ral<\/strong><\/h2>\n<p>Tr\u00e8s vite, la vocation des deux revues d\u00e9passera la seule relation franco-allemande pour pr\u00f4ner une dimension europ\u00e9enne. \u00ab La r\u00e9conciliation faite, l\u2019accent franco-allemand n\u2019a de sens que s\u2019il sert de moteur, d\u2019acc\u00e9l\u00e9rateur \u00e0 l\u2019Europe \u00bb, \u00e9crira Joseph Rovan, pr\u00e9sident du B.I.L.D. (de 1985 \u00e0 2001), r\u00e9sumant ainsi les premi\u00e8res ann\u00e9es d\u2019activit\u00e9s dans un num\u00e9ro sp\u00e9cial intitul\u00e9 \u00ab Un h\u00e9ritage au service de l\u2019Europe \u00bb. Jean du Rivau quant \u00e0 lui reste le symbole de cette initiative : premier Fran\u00e7ais \u00e0 avoir \u00e9t\u00e9 d\u00e9cor\u00e9 (en 1954) de la Grande Croix de l\u2019Ordre du M\u00e9rite de la R\u00e9publique f\u00e9d\u00e9rale d\u2019Allemagne, d\u00e9cor\u00e9 de la L\u00e9gion d\u2019Honneur par Robert Schuman, c\u2019est lui qui a c\u00e9l\u00e9br\u00e9 une messe \u00e0 la m\u00e9moire de l\u2019ancien chancelier Konrad Adenauer en la cath\u00e9drale Notre-Dame de Paris en 1967, geste symbolique certes, mais d\u00e9passant le seul caract\u00e8re religieux de la c\u00e9r\u00e9monie.<\/p>\n<p>&nbsp;<\/p>\n<figure id=\"attachment_30308\" aria-describedby=\"caption-attachment-30308\" style=\"width: 1024px\" class=\"wp-caption aligncenter\"><img decoding=\"async\" class=\"wp-image-30308\" src=\"https:\/\/dokdoc.eu\/wp-content\/uploads\/2025\/06\/3_Screenshot-2025-06-08-191202-300x100.jpg\" alt=\"Copyright: G\u00e9rard Foussier\" width=\"1024\" height=\"342\" srcset=\"https:\/\/dokdoc.eu\/wp-content\/uploads\/2025\/06\/3_Screenshot-2025-06-08-191202-300x100.jpg 300w, https:\/\/dokdoc.eu\/wp-content\/uploads\/2025\/06\/3_Screenshot-2025-06-08-191202-1024x342.jpg 1024w, https:\/\/dokdoc.eu\/wp-content\/uploads\/2025\/06\/3_Screenshot-2025-06-08-191202-768x257.jpg 768w, https:\/\/dokdoc.eu\/wp-content\/uploads\/2025\/06\/3_Screenshot-2025-06-08-191202.jpg 1483w\" sizes=\"(max-width: 1024px) 100vw, 1024px\" \/><figcaption id=\"caption-attachment-30308\" class=\"wp-caption-text\">Copyright: G\u00e9rard Foussier<\/figcaption><\/figure>\n<p>&nbsp;<\/p>\n<p>Depuis 2018, une version en ligne sur Internet (dokdoc.eu) remplace la version papier de la revue (devenue bilingue en 2010 sous le nom de <em>Dokumente<\/em>&#8211;<em>Documents<\/em>). Ce nouveau chapitre de l\u2019\u00e9volution des relations franco-allemandes ne se limite pas aux diff\u00e9rents formats successifs de la plus ancienne des publications franco-allemandes. L\u2019autre volet de la r\u00e9conciliation lanc\u00e9e en 1945 concerne en effet les rencontres de jeunes organis\u00e9es par les deux associations BILD et G\u00fcZ dans le but d\u2019informer, de r\u00e9unir et de coop\u00e9rer en assurant la promotion de l\u2019apprentissage linguistique tout en favorisant les activit\u00e9s de loisir, afin de procurer aux jeunes des deux pays de vivre des vacances studieuses ensemble tout en d\u00e9couvrant la langue et la culture du partenaire &#8211; pour ainsi mieux le comprendre au travers de ce qu\u2019il vit et de ce qu\u2019il r\u00e9alise. Les deux associations proposent sur plusieurs sites en France et en Allemagne 15 s\u00e9jours pour jeunes de 9 \u00e0 18 ans, ainsi que deux programmes de formation pour jeunes adultes, tous encadr\u00e9s par des \u00e9quipes d\u2019animation franco-allemandes. Ces activit\u00e9s sont d\u2019ailleurs reconnues par l\u2019Office franco-allemand pour la Jeunesse (OFAJ) qui apporte son soutien depuis sa cr\u00e9ation en 1963. A juste titre, le couple BILD-G\u00fcZ peut s\u2019enorgueillir d\u2019avoir montr\u00e9 l\u2019exemple en \u00e9tant le pr\u00e9curseur de l\u2019OFAJ. Paris et Berlin auraient tort aujourd\u2019hui de sous-estimer l\u2019importance de cette histoire binationale, qui n\u2019a rien d\u2019une anecdote.<\/p>\n<p>&nbsp;<\/p>\n<h2><strong>L\u2019auteur<\/strong><\/h2>\n<figure id=\"attachment_26844\" aria-describedby=\"caption-attachment-26844\" style=\"width: 207px\" class=\"wp-caption alignleft\"><img loading=\"lazy\" decoding=\"async\" class=\"wp-image-26844 size-medium\" src=\"https:\/\/dokdoc.eu\/wp-content\/uploads\/2023\/08\/GerardFoussier1-3-207x300.jpg\" alt=\"\" width=\"207\" height=\"300\" srcset=\"https:\/\/dokdoc.eu\/wp-content\/uploads\/2023\/08\/GerardFoussier1-3-207x300.jpg 207w, https:\/\/dokdoc.eu\/wp-content\/uploads\/2023\/08\/GerardFoussier1-3.jpg 653w\" sizes=\"(max-width: 207px) 100vw, 207px\" \/><figcaption id=\"caption-attachment-26844\" class=\"wp-caption-text\">G\u00e9rard Foussier (Copyright: priv\u00e9)<\/figcaption><\/figure>\n<p><em>Licenci\u00e9 d\u2019allemand \u00e0 l\u2019universit\u00e9 de sa ville natale Orl\u00e9ans en 1969, G\u00e9rard Foussier a d\u00e9couvert sa passion pour les relations franco-allemandes gr\u00e2ce au jumelage avec M\u00fcnster en Westphalie. Apr\u00e8s une formation de journaliste au quotidien Westf\u00e4lische Nachrichten, il a travaill\u00e9 pendant trois d\u00e9cennies \u00e0 la radio allemande Deutsche Welle \u00e0 Cologne puis \u00e0 Bonn, avant d\u2019\u00eatre \u00e9lu en 2005 pr\u00e9sident du Bureau International de Liaison et de Documentation (B.I.L.D.). R\u00e9dacteur en chef de la revue bilingue Dokumente\/Documents pendant 13 ans, il est aussi l\u2019auteur de plusieurs ouvrages. Son dernier livre, Allemanderies, est sorti en janvier 2023. Il d\u00e9tient la double nationalit\u00e9 et est d\u00e9tenteur de l\u2019Ordre du M\u00e9rite allemand (Bundesverdienstkreuz).<\/em><\/p>\n<p>&nbsp;<\/p>\n<h2><\/h2>\n","protected":false},"excerpt":{"rendered":"<p>Il y a 80 ans paraissaient les premiers exemplaires de Documents et Dokumente \u2013 un pont de papier qui, au fil du temps, est devenu un pilier du dialogue franco-allemand. L\u2019histoire de la revue est bien plus qu\u2019un symbole.<\/p>\n","protected":false},"author":1,"featured_media":30304,"comment_status":"closed","ping_status":"closed","sticky":false,"template":"","format":"standard","meta":{"om_disable_all_campaigns":false,"_monsterinsights_skip_tracking":false,"_monsterinsights_sitenote_active":false,"_monsterinsights_sitenote_note":"","_monsterinsights_sitenote_category":0,"_uf_show_specific_survey":0,"_uf_disable_surveys":false,"footnotes":""},"categories":[115],"tags":[1768,1761,1782,1769,1763,163,1774,1760,1776,1780,1777,1765,400,1781,1778,1775,1767,1108,1296,1770,1773,1779,1772,1764,1771,399,207,1762,1766],"ppma_author":[1735],"class_list":["post-30311","post","type-post","status-publish","format-standard","has-post-thumbnail","hentry","category-societe-fr-2","tag-apprentissage-linguistique","tag-bild","tag-bureau-international-de-liaison-et-de-documentation-fr","tag-centre-cides","tag-comprehension-mutuelle","tag-cooperation","tag-dfjw","tag-dialogue-franco-allemand","tag-documents-fr","tag-dokdoc-eu-fr","tag-dokumente-fr","tag-echanges-culturels","tag-europe","tag-gesellschaft-fuer-uebernationale-zusammenarbeit-fr","tag-guez-fr","tag-jean-du-rivau-fr","tag-joseph-rovan","tag-mediation","tag-memoire-historique","tag-notre-dame-de-paris","tag-ofaj","tag-offenburg-fr","tag-office-franco-allemand-pour-la-jeunesse","tag-pardon-chretien","tag-presse-dapres-guerre","tag-reconciliation","tag-relations-bilaterales","tag-rencontres-de-jeunes","tag-revue-bilingue"],"yoast_head":"<!-- This site is optimized with the Yoast SEO plugin v27.5 - https:\/\/yoast.com\/product\/yoast-seo-wordpress\/ -->\n<title>Il y a 80 ans, le premier pont de papier - dokdoc.eu<\/title>\n<meta name=\"robots\" content=\"index, follow, max-snippet:-1, max-image-preview:large, max-video-preview:-1\" \/>\n<link rel=\"canonical\" href=\"https:\/\/dokdoc.eu\/fr\/2025\/06\/11\/il-y-a-80-ans-le-premier-pont-de-papier-entre-la-france-et-lallemagne\/\" \/>\n<meta property=\"og:locale\" content=\"fr_FR\" \/>\n<meta property=\"og:type\" content=\"article\" \/>\n<meta property=\"og:title\" content=\"Il y a 80 ans, le premier pont de papier - dokdoc.eu\" \/>\n<meta property=\"og:description\" content=\"Il y a 80 ans paraissaient les premiers exemplaires de Documents et Dokumente \u2013 un pont de papier qui, au fil du temps, est devenu un pilier du dialogue franco-allemand. L\u2019histoire de la revue est bien plus qu\u2019un symbole.\" \/>\n<meta property=\"og:url\" content=\"https:\/\/dokdoc.eu\/fr\/2025\/06\/11\/il-y-a-80-ans-le-premier-pont-de-papier-entre-la-france-et-lallemagne\/\" \/>\n<meta property=\"og:site_name\" content=\"dokdoc.eu\" \/>\n<meta property=\"article:published_time\" content=\"2025-06-11T18:03:05+00:00\" \/>\n<meta property=\"article:modified_time\" content=\"2026-02-07T18:12:52+00:00\" \/>\n<meta property=\"og:image\" content=\"https:\/\/dokdoc.eu\/wp-content\/uploads\/2025\/06\/1_Bundesarchiv_Bild_121-0476_Gesprengte_Rheinbruecke_bei_Kehl.jpg\" \/>\n\t<meta property=\"og:image:width\" content=\"798\" \/>\n\t<meta property=\"og:image:height\" content=\"552\" \/>\n\t<meta property=\"og:image:type\" content=\"image\/jpeg\" \/>\n<meta name=\"author\" content=\"G\u00e9rard Foussier\" \/>\n<meta name=\"twitter:card\" content=\"summary_large_image\" \/>\n<meta name=\"twitter:label1\" content=\"\u00c9crit par\" \/>\n\t<meta name=\"twitter:data1\" content=\"RochowMedienagentur\" \/>\n\t<meta name=\"twitter:label2\" content=\"Dur\u00e9e de lecture estim\u00e9e\" \/>\n\t<meta name=\"twitter:data2\" content=\"11 minutes\" \/>\n<script type=\"application\/ld+json\" class=\"yoast-schema-graph\">{\"@context\":\"https:\\\/\\\/schema.org\",\"@graph\":[{\"@type\":\"Article\",\"@id\":\"https:\\\/\\\/dokdoc.eu\\\/fr\\\/2025\\\/06\\\/11\\\/il-y-a-80-ans-le-premier-pont-de-papier-entre-la-france-et-lallemagne\\\/#article\",\"isPartOf\":{\"@id\":\"https:\\\/\\\/dokdoc.eu\\\/fr\\\/2025\\\/06\\\/11\\\/il-y-a-80-ans-le-premier-pont-de-papier-entre-la-france-et-lallemagne\\\/\"},\"author\":{\"name\":\"RochowMedienagentur\",\"@id\":\"https:\\\/\\\/dokdoc.eu\\\/fr\\\/#\\\/schema\\\/person\\\/d760e6e53df901fd9522f1d3a1e46621\"},\"headline\":\"Il y a 80 ans, le premier pont de papier\",\"datePublished\":\"2025-06-11T18:03:05+00:00\",\"dateModified\":\"2026-02-07T18:12:52+00:00\",\"mainEntityOfPage\":{\"@id\":\"https:\\\/\\\/dokdoc.eu\\\/fr\\\/2025\\\/06\\\/11\\\/il-y-a-80-ans-le-premier-pont-de-papier-entre-la-france-et-lallemagne\\\/\"},\"wordCount\":2051,\"publisher\":{\"@id\":\"https:\\\/\\\/dokdoc.eu\\\/fr\\\/#organization\"},\"image\":{\"@id\":\"https:\\\/\\\/dokdoc.eu\\\/fr\\\/2025\\\/06\\\/11\\\/il-y-a-80-ans-le-premier-pont-de-papier-entre-la-france-et-lallemagne\\\/#primaryimage\"},\"thumbnailUrl\":\"https:\\\/\\\/dokdoc.eu\\\/wp-content\\\/uploads\\\/2025\\\/06\\\/1_Bundesarchiv_Bild_121-0476_Gesprengte_Rheinbruecke_bei_Kehl.jpg\",\"keywords\":[\"apprentissage linguistique\",\"BILD\",\"Bureau International de Liaison et de Documentation\",\"Centre CIDES\",\"compr\u00e9hension mutuelle\",\"coop\u00e9ration\",\"DFJW\",\"dialogue franco-allemand\",\"Documents\",\"dokdoc.eu\",\"Dokumente\",\"\u00e9changes culturels\",\"Europe\",\"Gesellschaft f\u00fcr \u00fcbernationale Zusammenarbeit\",\"G\u00fcZ\",\"Jean du Rivau\",\"Joseph Rovan\",\"m\u00e9diation\",\"m\u00e9moire historique\",\"Notre-Dame de Paris\",\"OFAJ\",\"Offenburg\",\"Office franco-allemand pour la Jeunesse\",\"pardon chr\u00e9tien\",\"presse d\u2019apr\u00e8s-guerre\",\"r\u00e9conciliation\",\"relations bilat\u00e9rales\",\"rencontres de jeunes\",\"revue bilingue\"],\"articleSection\":[\"Soci\u00e9t\u00e9\"],\"inLanguage\":\"fr-FR\"},{\"@type\":\"WebPage\",\"@id\":\"https:\\\/\\\/dokdoc.eu\\\/fr\\\/2025\\\/06\\\/11\\\/il-y-a-80-ans-le-premier-pont-de-papier-entre-la-france-et-lallemagne\\\/\",\"url\":\"https:\\\/\\\/dokdoc.eu\\\/fr\\\/2025\\\/06\\\/11\\\/il-y-a-80-ans-le-premier-pont-de-papier-entre-la-france-et-lallemagne\\\/\",\"name\":\"Il y a 80 ans, le premier pont de papier - dokdoc.eu\",\"isPartOf\":{\"@id\":\"https:\\\/\\\/dokdoc.eu\\\/fr\\\/#website\"},\"primaryImageOfPage\":{\"@id\":\"https:\\\/\\\/dokdoc.eu\\\/fr\\\/2025\\\/06\\\/11\\\/il-y-a-80-ans-le-premier-pont-de-papier-entre-la-france-et-lallemagne\\\/#primaryimage\"},\"image\":{\"@id\":\"https:\\\/\\\/dokdoc.eu\\\/fr\\\/2025\\\/06\\\/11\\\/il-y-a-80-ans-le-premier-pont-de-papier-entre-la-france-et-lallemagne\\\/#primaryimage\"},\"thumbnailUrl\":\"https:\\\/\\\/dokdoc.eu\\\/wp-content\\\/uploads\\\/2025\\\/06\\\/1_Bundesarchiv_Bild_121-0476_Gesprengte_Rheinbruecke_bei_Kehl.jpg\",\"datePublished\":\"2025-06-11T18:03:05+00:00\",\"dateModified\":\"2026-02-07T18:12:52+00:00\",\"breadcrumb\":{\"@id\":\"https:\\\/\\\/dokdoc.eu\\\/fr\\\/2025\\\/06\\\/11\\\/il-y-a-80-ans-le-premier-pont-de-papier-entre-la-france-et-lallemagne\\\/#breadcrumb\"},\"inLanguage\":\"fr-FR\",\"potentialAction\":[{\"@type\":\"ReadAction\",\"target\":[\"https:\\\/\\\/dokdoc.eu\\\/fr\\\/2025\\\/06\\\/11\\\/il-y-a-80-ans-le-premier-pont-de-papier-entre-la-france-et-lallemagne\\\/\"]}]},{\"@type\":\"ImageObject\",\"inLanguage\":\"fr-FR\",\"@id\":\"https:\\\/\\\/dokdoc.eu\\\/fr\\\/2025\\\/06\\\/11\\\/il-y-a-80-ans-le-premier-pont-de-papier-entre-la-france-et-lallemagne\\\/#primaryimage\",\"url\":\"https:\\\/\\\/dokdoc.eu\\\/wp-content\\\/uploads\\\/2025\\\/06\\\/1_Bundesarchiv_Bild_121-0476_Gesprengte_Rheinbruecke_bei_Kehl.jpg\",\"contentUrl\":\"https:\\\/\\\/dokdoc.eu\\\/wp-content\\\/uploads\\\/2025\\\/06\\\/1_Bundesarchiv_Bild_121-0476_Gesprengte_Rheinbruecke_bei_Kehl.jpg\",\"width\":798,\"height\":552,\"caption\":\"Gesprengte Rheinbr\u00fccke bei Kehl\"},{\"@type\":\"BreadcrumbList\",\"@id\":\"https:\\\/\\\/dokdoc.eu\\\/fr\\\/2025\\\/06\\\/11\\\/il-y-a-80-ans-le-premier-pont-de-papier-entre-la-france-et-lallemagne\\\/#breadcrumb\",\"itemListElement\":[{\"@type\":\"ListItem\",\"position\":1,\"name\":\"Startseite\",\"item\":\"https:\\\/\\\/dokdoc.eu\\\/fr\\\/\"},{\"@type\":\"ListItem\",\"position\":2,\"name\":\"Il y a 80 ans, le premier pont de papier\"}]},{\"@type\":\"WebSite\",\"@id\":\"https:\\\/\\\/dokdoc.eu\\\/fr\\\/#website\",\"url\":\"https:\\\/\\\/dokdoc.eu\\\/fr\\\/\",\"name\":\"dokdoc.eu\",\"description\":\"\",\"publisher\":{\"@id\":\"https:\\\/\\\/dokdoc.eu\\\/fr\\\/#organization\"},\"potentialAction\":[{\"@type\":\"SearchAction\",\"target\":{\"@type\":\"EntryPoint\",\"urlTemplate\":\"https:\\\/\\\/dokdoc.eu\\\/fr\\\/?s={search_term_string}\"},\"query-input\":{\"@type\":\"PropertyValueSpecification\",\"valueRequired\":true,\"valueName\":\"search_term_string\"}}],\"inLanguage\":\"fr-FR\"},{\"@type\":\"Organization\",\"@id\":\"https:\\\/\\\/dokdoc.eu\\\/fr\\\/#organization\",\"name\":\"dokdoc.eu\",\"url\":\"https:\\\/\\\/dokdoc.eu\\\/fr\\\/\",\"logo\":{\"@type\":\"ImageObject\",\"inLanguage\":\"fr-FR\",\"@id\":\"https:\\\/\\\/dokdoc.eu\\\/fr\\\/#\\\/schema\\\/logo\\\/image\\\/\",\"url\":\"https:\\\/\\\/dokdoc.eu\\\/wp-content\\\/uploads\\\/2019\\\/08\\\/cropped-logo_dokdoc-e1720795013301.png\",\"contentUrl\":\"https:\\\/\\\/dokdoc.eu\\\/wp-content\\\/uploads\\\/2019\\\/08\\\/cropped-logo_dokdoc-e1720795013301.png\",\"width\":150,\"height\":110,\"caption\":\"dokdoc.eu\"},\"image\":{\"@id\":\"https:\\\/\\\/dokdoc.eu\\\/fr\\\/#\\\/schema\\\/logo\\\/image\\\/\"}},{\"@type\":\"Person\",\"@id\":\"https:\\\/\\\/dokdoc.eu\\\/fr\\\/#\\\/schema\\\/person\\\/d760e6e53df901fd9522f1d3a1e46621\",\"name\":\"RochowMedienagentur\",\"image\":{\"@type\":\"ImageObject\",\"inLanguage\":\"fr-FR\",\"@id\":\"https:\\\/\\\/dokdoc.eu\\\/wp-content\\\/uploads\\\/2019\\\/08\\\/cropped-logo_dokdoc-e1720795013301.png830075fd1c1a1f70247b47fa84cf0f00\",\"url\":\"https:\\\/\\\/dokdoc.eu\\\/wp-content\\\/uploads\\\/2019\\\/08\\\/cropped-logo_dokdoc-e1720795013301.png\",\"contentUrl\":\"https:\\\/\\\/dokdoc.eu\\\/wp-content\\\/uploads\\\/2019\\\/08\\\/cropped-logo_dokdoc-e1720795013301.png\",\"caption\":\"RochowMedienagentur\"},\"sameAs\":[\"https:\\\/\\\/dokdoc.eu\"],\"url\":\"https:\\\/\\\/dokdoc.eu\\\/fr\\\/author\\\/rochowmedienagentur\\\/\"}]}<\/script>\n<!-- \/ Yoast SEO plugin. -->","yoast_head_json":{"title":"Il y a 80 ans, le premier pont de papier - dokdoc.eu","robots":{"index":"index","follow":"follow","max-snippet":"max-snippet:-1","max-image-preview":"max-image-preview:large","max-video-preview":"max-video-preview:-1"},"canonical":"https:\/\/dokdoc.eu\/fr\/2025\/06\/11\/il-y-a-80-ans-le-premier-pont-de-papier-entre-la-france-et-lallemagne\/","og_locale":"fr_FR","og_type":"article","og_title":"Il y a 80 ans, le premier pont de papier - dokdoc.eu","og_description":"Il y a 80 ans paraissaient les premiers exemplaires de Documents et Dokumente \u2013 un pont de papier qui, au fil du temps, est devenu un pilier du dialogue franco-allemand. L\u2019histoire de la revue est bien plus qu\u2019un symbole.","og_url":"https:\/\/dokdoc.eu\/fr\/2025\/06\/11\/il-y-a-80-ans-le-premier-pont-de-papier-entre-la-france-et-lallemagne\/","og_site_name":"dokdoc.eu","article_published_time":"2025-06-11T18:03:05+00:00","article_modified_time":"2026-02-07T18:12:52+00:00","og_image":[{"width":798,"height":552,"url":"https:\/\/dokdoc.eu\/wp-content\/uploads\/2025\/06\/1_Bundesarchiv_Bild_121-0476_Gesprengte_Rheinbruecke_bei_Kehl.jpg","type":"image\/jpeg"}],"author":"G\u00e9rard Foussier","twitter_card":"summary_large_image","twitter_misc":{"\u00c9crit par":"RochowMedienagentur","Dur\u00e9e de lecture estim\u00e9e":"11 minutes"},"schema":{"@context":"https:\/\/schema.org","@graph":[{"@type":"Article","@id":"https:\/\/dokdoc.eu\/fr\/2025\/06\/11\/il-y-a-80-ans-le-premier-pont-de-papier-entre-la-france-et-lallemagne\/#article","isPartOf":{"@id":"https:\/\/dokdoc.eu\/fr\/2025\/06\/11\/il-y-a-80-ans-le-premier-pont-de-papier-entre-la-france-et-lallemagne\/"},"author":{"name":"RochowMedienagentur","@id":"https:\/\/dokdoc.eu\/fr\/#\/schema\/person\/d760e6e53df901fd9522f1d3a1e46621"},"headline":"Il y a 80 ans, le premier pont de papier","datePublished":"2025-06-11T18:03:05+00:00","dateModified":"2026-02-07T18:12:52+00:00","mainEntityOfPage":{"@id":"https:\/\/dokdoc.eu\/fr\/2025\/06\/11\/il-y-a-80-ans-le-premier-pont-de-papier-entre-la-france-et-lallemagne\/"},"wordCount":2051,"publisher":{"@id":"https:\/\/dokdoc.eu\/fr\/#organization"},"image":{"@id":"https:\/\/dokdoc.eu\/fr\/2025\/06\/11\/il-y-a-80-ans-le-premier-pont-de-papier-entre-la-france-et-lallemagne\/#primaryimage"},"thumbnailUrl":"https:\/\/dokdoc.eu\/wp-content\/uploads\/2025\/06\/1_Bundesarchiv_Bild_121-0476_Gesprengte_Rheinbruecke_bei_Kehl.jpg","keywords":["apprentissage linguistique","BILD","Bureau International de Liaison et de Documentation","Centre CIDES","compr\u00e9hension mutuelle","coop\u00e9ration","DFJW","dialogue franco-allemand","Documents","dokdoc.eu","Dokumente","\u00e9changes culturels","Europe","Gesellschaft f\u00fcr \u00fcbernationale Zusammenarbeit","G\u00fcZ","Jean du Rivau","Joseph Rovan","m\u00e9diation","m\u00e9moire historique","Notre-Dame de Paris","OFAJ","Offenburg","Office franco-allemand pour la Jeunesse","pardon chr\u00e9tien","presse d\u2019apr\u00e8s-guerre","r\u00e9conciliation","relations bilat\u00e9rales","rencontres de jeunes","revue bilingue"],"articleSection":["Soci\u00e9t\u00e9"],"inLanguage":"fr-FR"},{"@type":"WebPage","@id":"https:\/\/dokdoc.eu\/fr\/2025\/06\/11\/il-y-a-80-ans-le-premier-pont-de-papier-entre-la-france-et-lallemagne\/","url":"https:\/\/dokdoc.eu\/fr\/2025\/06\/11\/il-y-a-80-ans-le-premier-pont-de-papier-entre-la-france-et-lallemagne\/","name":"Il y a 80 ans, le premier pont de papier - dokdoc.eu","isPartOf":{"@id":"https:\/\/dokdoc.eu\/fr\/#website"},"primaryImageOfPage":{"@id":"https:\/\/dokdoc.eu\/fr\/2025\/06\/11\/il-y-a-80-ans-le-premier-pont-de-papier-entre-la-france-et-lallemagne\/#primaryimage"},"image":{"@id":"https:\/\/dokdoc.eu\/fr\/2025\/06\/11\/il-y-a-80-ans-le-premier-pont-de-papier-entre-la-france-et-lallemagne\/#primaryimage"},"thumbnailUrl":"https:\/\/dokdoc.eu\/wp-content\/uploads\/2025\/06\/1_Bundesarchiv_Bild_121-0476_Gesprengte_Rheinbruecke_bei_Kehl.jpg","datePublished":"2025-06-11T18:03:05+00:00","dateModified":"2026-02-07T18:12:52+00:00","breadcrumb":{"@id":"https:\/\/dokdoc.eu\/fr\/2025\/06\/11\/il-y-a-80-ans-le-premier-pont-de-papier-entre-la-france-et-lallemagne\/#breadcrumb"},"inLanguage":"fr-FR","potentialAction":[{"@type":"ReadAction","target":["https:\/\/dokdoc.eu\/fr\/2025\/06\/11\/il-y-a-80-ans-le-premier-pont-de-papier-entre-la-france-et-lallemagne\/"]}]},{"@type":"ImageObject","inLanguage":"fr-FR","@id":"https:\/\/dokdoc.eu\/fr\/2025\/06\/11\/il-y-a-80-ans-le-premier-pont-de-papier-entre-la-france-et-lallemagne\/#primaryimage","url":"https:\/\/dokdoc.eu\/wp-content\/uploads\/2025\/06\/1_Bundesarchiv_Bild_121-0476_Gesprengte_Rheinbruecke_bei_Kehl.jpg","contentUrl":"https:\/\/dokdoc.eu\/wp-content\/uploads\/2025\/06\/1_Bundesarchiv_Bild_121-0476_Gesprengte_Rheinbruecke_bei_Kehl.jpg","width":798,"height":552,"caption":"Gesprengte Rheinbr\u00fccke bei Kehl"},{"@type":"BreadcrumbList","@id":"https:\/\/dokdoc.eu\/fr\/2025\/06\/11\/il-y-a-80-ans-le-premier-pont-de-papier-entre-la-france-et-lallemagne\/#breadcrumb","itemListElement":[{"@type":"ListItem","position":1,"name":"Startseite","item":"https:\/\/dokdoc.eu\/fr\/"},{"@type":"ListItem","position":2,"name":"Il y a 80 ans, le premier pont de papier"}]},{"@type":"WebSite","@id":"https:\/\/dokdoc.eu\/fr\/#website","url":"https:\/\/dokdoc.eu\/fr\/","name":"dokdoc.eu","description":"","publisher":{"@id":"https:\/\/dokdoc.eu\/fr\/#organization"},"potentialAction":[{"@type":"SearchAction","target":{"@type":"EntryPoint","urlTemplate":"https:\/\/dokdoc.eu\/fr\/?s={search_term_string}"},"query-input":{"@type":"PropertyValueSpecification","valueRequired":true,"valueName":"search_term_string"}}],"inLanguage":"fr-FR"},{"@type":"Organization","@id":"https:\/\/dokdoc.eu\/fr\/#organization","name":"dokdoc.eu","url":"https:\/\/dokdoc.eu\/fr\/","logo":{"@type":"ImageObject","inLanguage":"fr-FR","@id":"https:\/\/dokdoc.eu\/fr\/#\/schema\/logo\/image\/","url":"https:\/\/dokdoc.eu\/wp-content\/uploads\/2019\/08\/cropped-logo_dokdoc-e1720795013301.png","contentUrl":"https:\/\/dokdoc.eu\/wp-content\/uploads\/2019\/08\/cropped-logo_dokdoc-e1720795013301.png","width":150,"height":110,"caption":"dokdoc.eu"},"image":{"@id":"https:\/\/dokdoc.eu\/fr\/#\/schema\/logo\/image\/"}},{"@type":"Person","@id":"https:\/\/dokdoc.eu\/fr\/#\/schema\/person\/d760e6e53df901fd9522f1d3a1e46621","name":"RochowMedienagentur","image":{"@type":"ImageObject","inLanguage":"fr-FR","@id":"https:\/\/dokdoc.eu\/wp-content\/uploads\/2019\/08\/cropped-logo_dokdoc-e1720795013301.png830075fd1c1a1f70247b47fa84cf0f00","url":"https:\/\/dokdoc.eu\/wp-content\/uploads\/2019\/08\/cropped-logo_dokdoc-e1720795013301.png","contentUrl":"https:\/\/dokdoc.eu\/wp-content\/uploads\/2019\/08\/cropped-logo_dokdoc-e1720795013301.png","caption":"RochowMedienagentur"},"sameAs":["https:\/\/dokdoc.eu"],"url":"https:\/\/dokdoc.eu\/fr\/author\/rochowmedienagentur\/"}]}},"authors":[{"term_id":1735,"user_id":0,"is_guest":1,"slug":"gerard-foussier","display_name":"G\u00e9rard Foussier","avatar_url":{"url":"https:\/\/dokdoc.eu\/wp-content\/uploads\/2025\/08\/Foussier-klein.png","url2x":"https:\/\/dokdoc.eu\/wp-content\/uploads\/2025\/08\/Foussier-klein.png"},"0":null,"1":"","2":"","3":"","4":"","5":"","6":"","7":"","8":""}],"_links":{"self":[{"href":"https:\/\/dokdoc.eu\/fr\/wp-json\/wp\/v2\/posts\/30311","targetHints":{"allow":["GET"]}}],"collection":[{"href":"https:\/\/dokdoc.eu\/fr\/wp-json\/wp\/v2\/posts"}],"about":[{"href":"https:\/\/dokdoc.eu\/fr\/wp-json\/wp\/v2\/types\/post"}],"author":[{"embeddable":true,"href":"https:\/\/dokdoc.eu\/fr\/wp-json\/wp\/v2\/users\/1"}],"replies":[{"embeddable":true,"href":"https:\/\/dokdoc.eu\/fr\/wp-json\/wp\/v2\/comments?post=30311"}],"version-history":[{"count":3,"href":"https:\/\/dokdoc.eu\/fr\/wp-json\/wp\/v2\/posts\/30311\/revisions"}],"predecessor-version":[{"id":32069,"href":"https:\/\/dokdoc.eu\/fr\/wp-json\/wp\/v2\/posts\/30311\/revisions\/32069"}],"wp:featuredmedia":[{"embeddable":true,"href":"https:\/\/dokdoc.eu\/fr\/wp-json\/wp\/v2\/media\/30304"}],"wp:attachment":[{"href":"https:\/\/dokdoc.eu\/fr\/wp-json\/wp\/v2\/media?parent=30311"}],"wp:term":[{"taxonomy":"category","embeddable":true,"href":"https:\/\/dokdoc.eu\/fr\/wp-json\/wp\/v2\/categories?post=30311"},{"taxonomy":"post_tag","embeddable":true,"href":"https:\/\/dokdoc.eu\/fr\/wp-json\/wp\/v2\/tags?post=30311"},{"taxonomy":"author","embeddable":true,"href":"https:\/\/dokdoc.eu\/fr\/wp-json\/wp\/v2\/ppma_author?post=30311"}],"curies":[{"name":"wp","href":"https:\/\/api.w.org\/{rel}","templated":true}]}}