{"id":30389,"date":"2023-12-22T10:20:05","date_gmt":"2023-12-22T09:20:05","guid":{"rendered":"https:\/\/dokdoc.eu\/?p=30389"},"modified":"2025-06-20T17:11:45","modified_gmt":"2025-06-20T15:11:45","slug":"ce-nest-pas-parce-que-nous-sommes-a-la-frontiere-que-la-cooperation-transfrontaliere-va-de-soi","status":"publish","type":"post","link":"https:\/\/dokdoc.eu\/fr\/2023\/12\/22\/ce-nest-pas-parce-que-nous-sommes-a-la-frontiere-que-la-cooperation-transfrontaliere-va-de-soi\/","title":{"rendered":"\u00ab Ce n&rsquo;est pas parce que nous sommes \u00e0 la fronti\u00e8re que la coop\u00e9ration transfrontali\u00e8re va de soi \u00bb"},"content":{"rendered":"<figure id=\"attachment_22313\" aria-describedby=\"caption-attachment-22313\" style=\"width: 1024px\" class=\"wp-caption aligncenter\"><img fetchpriority=\"high\" decoding=\"async\" class=\"wp-image-22313\" src=\"https:\/\/dokdoc.eu\/wp-content\/uploads\/2023\/12\/1_AdobeStock_550142020-scaled-1-300x149.jpeg\" alt=\"Die Br\u00fccke der zwei Ufer zwischen Stra\u00dfburg und Kehl (Copyright Adobe Stock)\" width=\"1024\" height=\"509\" srcset=\"https:\/\/dokdoc.eu\/wp-content\/uploads\/2023\/12\/1_AdobeStock_550142020-scaled-1-300x149.jpeg 300w, https:\/\/dokdoc.eu\/wp-content\/uploads\/2023\/12\/1_AdobeStock_550142020-scaled-1-1024x509.jpeg 1024w, https:\/\/dokdoc.eu\/wp-content\/uploads\/2023\/12\/1_AdobeStock_550142020-scaled-1-768x382.jpeg 768w, https:\/\/dokdoc.eu\/wp-content\/uploads\/2023\/12\/1_AdobeStock_550142020-scaled-1-1536x764.jpeg 1536w, https:\/\/dokdoc.eu\/wp-content\/uploads\/2023\/12\/1_AdobeStock_550142020-scaled-1-2048x1018.jpeg 2048w\" sizes=\"(max-width: 1024px) 100vw, 1024px\" \/><figcaption id=\"caption-attachment-22313\" class=\"wp-caption-text\">Copyright Adobe Stock<\/figcaption><\/figure>\r\n<p><strong>La \u00ab Chapelle de la Rencontre \u00bb n\u2019est pas un simple b\u00e2timent : c&rsquo;est \u00e9galement un projet bilingue et transfrontalier, lanc\u00e9 en d\u00e9cembre 2017. Le pasteur de Kehl, G\u00fcnter Ihle, et la pasteure de Strasbourg, Roos Van De Keere, s\u2019y sont donn\u00e9s pour mission de favoriser les \u00e9changes entre les deux rives. Pour la premi\u00e8re fois dans l\u2018histoire des relations franco-allemandes, ils partagent un poste pastoral.<\/strong><!--more--><\/p>\r\n<p>&nbsp;<\/p>\r\n<p><em>dokdoc : votre Chapelle se situe dans le quartier Port du Rhin, \u00e0 quelques encablures du pont qui m\u00e8ne \u00e0 Kehl. Quels sont vos projets ? \u00a0<\/em><\/p>\r\n<p>&nbsp;<\/p>\r\n<p>G\u00fcnter Ihle : un nouveau quartier est en train de na\u00eetre \u00e0 la fronti\u00e8re franco-allemande : environ 15 000 personnes y sont attendues. Les \u00e9glises protestantes de chaque c\u00f4t\u00e9 du Rhin travaillent ensemble depuis longtemps et ont souhait\u00e9, d\u00e8s le d\u00e9but, accompagner les habitants de ce quartier. Un groupe de travail s&rsquo;est alors constitu\u00e9. Au d\u00e9part, la Chapelle ne faisait pas vraiment partie du projet : il s\u2019agissait d\u2018abord de trouver une mani\u00e8re d\u2019avancer conjointement. ancienne chapelle du Port du Rhin, alors en mauvais \u00e9tat, est rapidement tomb\u00e9 dans notre viseur. C&rsquo;est ainsi qu&rsquo;est n\u00e9 le projet qui a donn\u00e9 lieu au poste pastoral partag\u00e9. \u00a0<\/p>\r\n<p>&nbsp;<\/p>\r\n<p>Roos Van De Keere : on souhaitait travailler plus souvent ensemble et c&rsquo;est ce que nous faisons maintenant au quotidien. Nous avons d&rsquo;abord cherch\u00e9 \u00e0 \u00e9tablir de bons contacts avec les diff\u00e9rentes associations et institutions locales : en France, en tant qu&rsquo;\u00e9glise, il n&rsquo;est pas \u00e9vident de travailler avec d\u2019autres partenaires dans le domaine public. Tout cela a pris deux ans. Aujourd\u2019hui, nous sommes consid\u00e9r\u00e9s comme des interlocuteurs fiables. \u00a0<\/p>\r\n<p>&nbsp;<\/p>\r\n<!-- \/wp:post-content -->\r\n\r\n<!-- wp:paragraph {\"translatedWithWPMLTM\":\"1\"} -->\r\n<p><em>dokdoc : que proposez-vous aux populations de mani\u00e8re tr\u00e8s concr\u00e8te ?<\/em> \u00a0<\/p>\r\n<p>&nbsp;<\/p>\r\n<p>Roos Van De Keere : des projets locaux, r\u00e9gionaux et interr\u00e9gionaux. Dans la Chapelle, il y a des choses pour les enfants et les familles, comme par exemple les cultes \u00e0 quatre pattes.<\/p>\r\n<figure id=\"attachment_22305\" aria-describedby=\"caption-attachment-22305\" style=\"width: 225px\" class=\"wp-caption alignleft\"><img decoding=\"async\" class=\"wp-image-22305 size-medium\" src=\"https:\/\/dokdoc.eu\/wp-content\/uploads\/2023\/12\/2_Culte-4-pattes-mars-2023-@Jacky-Landmann-2-scaled-1-225x300.jpg\" alt=\"Culte 4 pattes \u00a9 Jacky Landmann\" width=\"225\" height=\"300\" srcset=\"https:\/\/dokdoc.eu\/wp-content\/uploads\/2023\/12\/2_Culte-4-pattes-mars-2023-@Jacky-Landmann-2-scaled-1-225x300.jpg 225w, https:\/\/dokdoc.eu\/wp-content\/uploads\/2023\/12\/2_Culte-4-pattes-mars-2023-@Jacky-Landmann-2-scaled-1-768x1023.jpg 768w, https:\/\/dokdoc.eu\/wp-content\/uploads\/2023\/12\/2_Culte-4-pattes-mars-2023-@Jacky-Landmann-2-scaled-1-1153x1536.jpg 1153w, https:\/\/dokdoc.eu\/wp-content\/uploads\/2023\/12\/2_Culte-4-pattes-mars-2023-@Jacky-Landmann-2-scaled-1-1537x2048.jpg 1537w, https:\/\/dokdoc.eu\/wp-content\/uploads\/2023\/12\/2_Culte-4-pattes-mars-2023-@Jacky-Landmann-2-scaled-1.jpg 1921w\" sizes=\"(max-width: 225px) 100vw, 225px\" \/><figcaption id=\"caption-attachment-22305\" class=\"wp-caption-text\">Culte 4 pattes \u00a9 Jacky Landmann<\/figcaption><\/figure>\r\n<!-- \/wp:paragraph -->\r\n\r\n<!-- wp:paragraph {\"translatedWithWPMLTM\":\"1\"} -->\r\n<p>Les familles viennent parfois de loin. Il y a les pri\u00e8res de Taiz\u00e9 et au moins une fois par mois, une messe franco-allemande. Nous proposons \u00e9galement des concerts et des expositions. La Chapelle est aussi utilis\u00e9e par des associations locales, par exemple une chorale de gospel et une troupe de th\u00e9\u00e2tre. Un exemple concret d\u2019offre non religieuse est l\u2019apr\u00e8s-midi bricolage que nous proposons au d\u00e9but de l\u2019Avent afin de d\u00e9corer le sapin sur la place devant la Chapelle. \u00a0<\/p>\r\n<p>&nbsp;<\/p>\r\n<p>G\u00fcnter Ihle : notre souci est de promouvoir le bilinguisme. C\u2019est pourquoi nos offres sont g\u00e9n\u00e9ralement bilingues. Il y a beaucoup de familles dans la zone frontali\u00e8re qui recherchent des offres religieuses et culturelles dans les deux langues et qui, tout naturellement, se rapprochent de nous. S\u2019agissant du reste, les gens du quartier du Port viennent directement sur place. \u00a0 Roos Van De Keere : les personnes sur place sont justement celles qui ne connaissent pas l\u2019allemand. Pour elles, le franco-allemand ne joue aucun r\u00f4le dans leur quotidien. Dans leur quartier, les fronti\u00e8res g\u00e9ographiques ne sont pas le plus important. Ce sont plut\u00f4t les fronti\u00e8res entre ceux qui viennent d\u2019arriver et ceux qui \u00e9taient d\u00e9j\u00e0 l\u00e0, et les fronti\u00e8res entre riches et pauvres. L\u00e0 aussi, il y a un travail de r\u00e9conciliation \u00e0 faire, et le chemin est long. Nous le savons si nous regardons l\u2018histoire. \u00c0 cet endroit, notre regard et notre exp\u00e9rience pourraient \u00eatre utiles. La chose la plus simple est peut-\u00eatre de leur faciliter l\u2019acc\u00e8s \u00e0 l\u2018Allemagne. Ainsi, \u00e0 partir de 2024, nous proposerons une sorte de cours d&rsquo;allemand de base pour permettre \u00e0 la population de faire plus facilement ses courses \u00e0 Kehl, et nous aiderons les enfants \u00e0 faire leurs devoirs en allemand. \u00a0<\/p>\r\n<p>&nbsp;<\/p>\r\n<!-- \/wp:paragraph -->\r\n\r\n<!-- wp:paragraph {\"translatedWithWPMLTM\":\"1\"} -->\r\n<p>G\u00fcnter Ihle : Enfin, nous avons les offres interr\u00e9gionales. Nous sommes n\u00e9s sur le terreau de la r\u00e9conciliation franco-allemande et faisons partie d\u2018un chemin de la r\u00e9conciliation transfrontalier qui longe le Rhin sur deux kilom\u00e8tres. Ce chemin illustre les diff\u00e9rentes \u00e9tapes de notre histoire commune, le pass\u00e9 guerrier, les premi\u00e8res rencontres dans les ann\u00e9es qui ont suivi et le pr\u00e9sent. Nous le parcourons avec des jeunes mais aussi avec d\u2019autres groupes qui ont fait de la r\u00e9conciliation leur cheval de bataille. Nous avons la visite de groupes fran\u00e7ais et allemands mais aussi de groupes internationaux qui viennent voir comment on a r\u00e9ussi \u00e0 vivre et \u00e0 travailler ensemble sur une fronti\u00e8re qui a \u00e9t\u00e9 le th\u00e9\u00e2tre de trois guerres. \u00a0<\/p>\r\n<p>&nbsp;<\/p>\r\n<!-- \/wp:paragraph -->\r\n\r\n<!-- wp:paragraph {\"translatedWithWPMLTM\":\"1\"} -->\r\n<p><em>dokdoc : Le quartier du Port du Rhin est un quartier tr\u00e8s interculturel, mais aussi assez pauvre. La part de la population musulmane y est en outre tr\u00e8s importante. Comment la petite Chapelle protestante s&rsquo;inscrit-elle dans ce contexte ?<\/em> \u00a0<\/p>\r\n<p>&nbsp;<\/p>\r\n<figure id=\"attachment_22307\" aria-describedby=\"caption-attachment-22307\" style=\"width: 300px\" class=\"wp-caption alignleft\"><img decoding=\"async\" class=\"size-medium wp-image-22307\" src=\"https:\/\/dokdoc.eu\/wp-content\/uploads\/2023\/12\/3_Roos-Van-De-Keere_@Roos-Van-De-Keere-300x200.jpg\" alt=\"Roos Van De Keere \u00a9 Roos Van De Keere\" width=\"300\" height=\"200\" srcset=\"https:\/\/dokdoc.eu\/wp-content\/uploads\/2023\/12\/3_Roos-Van-De-Keere_@Roos-Van-De-Keere-300x200.jpg 300w, https:\/\/dokdoc.eu\/wp-content\/uploads\/2023\/12\/3_Roos-Van-De-Keere_@Roos-Van-De-Keere-1024x683.jpg 1024w, https:\/\/dokdoc.eu\/wp-content\/uploads\/2023\/12\/3_Roos-Van-De-Keere_@Roos-Van-De-Keere-768x512.jpg 768w, https:\/\/dokdoc.eu\/wp-content\/uploads\/2023\/12\/3_Roos-Van-De-Keere_@Roos-Van-De-Keere-1536x1025.jpg 1536w, https:\/\/dokdoc.eu\/wp-content\/uploads\/2023\/12\/3_Roos-Van-De-Keere_@Roos-Van-De-Keere-2048x1366.jpg 2048w\" sizes=\"(max-width: 300px) 100vw, 300px\" \/><figcaption id=\"caption-attachment-22307\" class=\"wp-caption-text\">Roos Van De Keere \u00a9 Roos Van De Keere<\/figcaption><\/figure>\r\n<!-- \/wp:paragraph -->\r\n\r\n<!-- wp:paragraph {\"translatedWithWPMLTM\":\"1\"} -->\r\n<p>Roos Van De Keere : au tout d\u00e9but, nous avons parl\u00e9 \u00e0 un pr\u00eatre car nous \u00e9tions un peu inquiets quant \u00e0 la mani\u00e8re dont l\u2019\u00c9glise \u00e9tait per\u00e7ue. Il nous a dit qu&rsquo;il y avait tellement de probl\u00e8mes dans ce quartier que la religion ne pouvait pas en \u00eatre un de plus. Il avait tout \u00e0 fait raison. C\u2019est ce que nous constatons dans notre travail et c\u2019est ce que disent aussi les diff\u00e9rentes associations locales. Il y a beaucoup de gens dans le besoin mais heureusement, il y a une grande solidarit\u00e9 entre ceux qui travaillent sur place. \u00a0<\/p>\r\n<p>&nbsp;<\/p>\r\n<p>G\u00fcnter Ihle : notre Chapelle protestante ne r\u00e9soudra certainement pas les probl\u00e8mes du monde, mais nous pouvons contribuer \u00e0 ce que la coexistence sur place et \u00e0 la fronti\u00e8re, fonctionne mieux. Nous sommes certes pasteurs mais nous le sommes en toute ouverture, c&rsquo;est-\u00e0-dire \u00e0 la fois de mani\u00e8re \u0153cum\u00e9nique et interreligieuse. Je pense que le message passe. C\u2019est ce qui explique que nous puissions coop\u00e9rer avec diff\u00e9rents partenaires. \u00a0<\/p>\r\n<p>&nbsp;<\/p>\r\n<!-- \/wp:paragraph -->\r\n\r\n<!-- wp:paragraph {\"translatedWithWPMLTM\":\"1\"} -->\r\n<p>Roos Van De Keere : Nous proposons \u00e9galement de temps \u00e0 autre des projets interreligieux. L&rsquo;ann\u00e9e derni\u00e8re, nous avons men\u00e9 un projet pilote \u00e0 l&rsquo;\u00e9cole pour parler des religions locales, l\u2019id\u00e9e \u00e9tait de lutter contre les pr\u00e9jug\u00e9s envers les autres. \u00c0 la fin, nous avons aussi visit\u00e9 les lieux de culte du quartier, c\u2019\u00e9tait une belle coop\u00e9ration entre l&rsquo;\u00e9cole, les \u00e9glises chr\u00e9tiennes et la mosqu\u00e9e. Lorsqu&rsquo;il y a eu cet attentat \u00e0 la basilique Notre-Dame de Nice \u00e0 l&rsquo;automne 2020, quelques jours apr\u00e8s le meurtre de Samuel Paty, la communaut\u00e9 musulmane s\u2018est adress\u00e9e \u00e0 nous pour savoir comment faire pour t\u00e9moigner sa solidarit\u00e9 envers la communaut\u00e9 catholique. C\u2018\u00e9tait tr\u00e8s \u00e9mouvant et a \u00e9t\u00e9 en premier lieu possible gr\u00e2ce aux bons contacts que nous avions \u00e9tablis. \u00a0<\/p>\r\n<p>&nbsp;<\/p>\r\n<!-- \/wp:paragraph -->\r\n\r\n<!-- wp:paragraph {\"translatedWithWPMLTM\":\"1\"} -->\r\n<figure id=\"attachment_22309\" aria-describedby=\"caption-attachment-22309\" style=\"width: 225px\" class=\"wp-caption alignleft\"><img loading=\"lazy\" decoding=\"async\" class=\"size-medium wp-image-22309\" src=\"https:\/\/dokdoc.eu\/wp-content\/uploads\/2023\/12\/4_Gunther-Ihle_-Copyright-Gunther-Ihle-scaled-1-225x300.jpg\" alt=\"G\u00fcnter Ihle \u00a9 G\u00fcnter Ihle\" width=\"225\" height=\"300\" srcset=\"https:\/\/dokdoc.eu\/wp-content\/uploads\/2023\/12\/4_Gunther-Ihle_-Copyright-Gunther-Ihle-scaled-1-225x300.jpg 225w, https:\/\/dokdoc.eu\/wp-content\/uploads\/2023\/12\/4_Gunther-Ihle_-Copyright-Gunther-Ihle-scaled-1-768x1024.jpg 768w, https:\/\/dokdoc.eu\/wp-content\/uploads\/2023\/12\/4_Gunther-Ihle_-Copyright-Gunther-Ihle-scaled-1-1152x1536.jpg 1152w, https:\/\/dokdoc.eu\/wp-content\/uploads\/2023\/12\/4_Gunther-Ihle_-Copyright-Gunther-Ihle-scaled-1-1536x2048.jpg 1536w, https:\/\/dokdoc.eu\/wp-content\/uploads\/2023\/12\/4_Gunther-Ihle_-Copyright-Gunther-Ihle-scaled-1.jpg 1920w\" sizes=\"(max-width: 225px) 100vw, 225px\" \/><figcaption id=\"caption-attachment-22309\" class=\"wp-caption-text\">G\u00fcnter Ihle \u00a9 G\u00fcnter Ihle<\/figcaption><\/figure>\r\n<p><em>dokdoc : la France est un pays la\u00efc. Comment percevez-vous le travail commun dans les deux pays ? Y a-t-il des diff\u00e9rences ?<\/em> \u00a0<\/p>\r\n<p>&nbsp;<\/p>\r\n<!-- \/wp:paragraph -->\r\n\r\n<!-- wp:paragraph {\"translatedWithWPMLTM\":\"1\"} -->\r\n<p>G\u00fcnter Ihle : je crois en fait qu\u2019il y a peu de diff\u00e9rences. Bien s\u00fbr, les syst\u00e8mes sont diff\u00e9rents. Il en va peut-\u00eatre de m\u00eame de la position et de la perception de l&rsquo;\u00c9glise dans les deux soci\u00e9t\u00e9s. N\u00e9anmoins, les exemples dont nous avons parl\u00e9 \u00e0 l\u2019instant montrent tous que la coexistence et la coop\u00e9ration d\u00e9pendent fortement de la mani\u00e8re dont nous rencontrons les gens. Il s&rsquo;agit d&rsquo;\u00e9tablir de la confiance, et l\u00e0, je ne vois pas vraiment de diff\u00e9rence des deux c\u00f4t\u00e9s. Dans les deux pays, on regarde notre projet comme quelque chose de particulier. \u00a0<\/p>\r\n<p>&nbsp;<\/p>\r\n<!-- \/wp:paragraph -->\r\n\r\n<!-- wp:paragraph {\"translatedWithWPMLTM\":\"1\"} -->\r\n<p><em>dokdoc:<\/em> <em>L&rsquo;Allemagne a annonc\u00e9 cette ann\u00e9e un nouveau record de sorties d&rsquo;\u00c9glise. En France, ces chiffres ne sont pas enregistr\u00e9s mais tout laisse \u00e0 penser que le pays fait face \u00e0 une d\u00e9saffection du m\u00eame ordre. La soci\u00e9t\u00e9 actuelle a-t-elle encore besoin de la religion et de l&rsquo;\u00c9glise ?<\/em> \u00a0<\/p>\r\n<p>&nbsp;<\/p>\r\n<p>G\u00fcnter Ihle : lorsque les gens se rendent compte que ce que nous leur proposons peut jouer un r\u00f4le dans leur vie, alors l&rsquo;\u00c9glise devient un interlocuteur. Quelle que soit la forme. Nous avons une offre tr\u00e8s large et ne sommes pas une paroisse, mais un projet de rencontre. L&rsquo;\u00c9glise est accept\u00e9e d\u00e8s lors qu\u2019elle fait quelque chose pour et avec les gens. \u00a0<\/p>\r\n<p>&nbsp;<\/p>\r\n<figure id=\"attachment_22311\" aria-describedby=\"caption-attachment-22311\" style=\"width: 225px\" class=\"wp-caption alignleft\"><img loading=\"lazy\" decoding=\"async\" class=\"wp-image-22311 size-medium\" src=\"https:\/\/dokdoc.eu\/wp-content\/uploads\/2023\/12\/5_Kapelle-der-Begegnung_@Jacky-Landmann-scaled-1-225x300.jpg\" alt=\"La Chapelle de la Rencontre \u00a9 Jacky Landmann\" width=\"225\" height=\"300\" srcset=\"https:\/\/dokdoc.eu\/wp-content\/uploads\/2023\/12\/5_Kapelle-der-Begegnung_@Jacky-Landmann-scaled-1-225x300.jpg 225w, https:\/\/dokdoc.eu\/wp-content\/uploads\/2023\/12\/5_Kapelle-der-Begegnung_@Jacky-Landmann-scaled-1-768x1024.jpg 768w, https:\/\/dokdoc.eu\/wp-content\/uploads\/2023\/12\/5_Kapelle-der-Begegnung_@Jacky-Landmann-scaled-1-1152x1536.jpg 1152w, https:\/\/dokdoc.eu\/wp-content\/uploads\/2023\/12\/5_Kapelle-der-Begegnung_@Jacky-Landmann-scaled-1-1536x2048.jpg 1536w, https:\/\/dokdoc.eu\/wp-content\/uploads\/2023\/12\/5_Kapelle-der-Begegnung_@Jacky-Landmann-scaled-1.jpg 1920w\" sizes=\"(max-width: 225px) 100vw, 225px\" \/><figcaption id=\"caption-attachment-22311\" class=\"wp-caption-text\">La Chapelle de la Rencontre \u00a9 Jacky Landmann<\/figcaption><\/figure>\r\n<!-- \/wp:paragraph -->\r\n\r\n<!-- wp:paragraph {\"translatedWithWPMLTM\":\"1\"} -->\r\n<p><em>dokdoc : pour de nombreuses personnes, l&rsquo;\u00e9glise et la religion jouent un r\u00f4le important \u00e0 ce moment de l&rsquo;ann\u00e9e. Y a-t-il des diff\u00e9rences dans la fa\u00e7on dont Fran\u00e7ais et Allemands c\u00e9l\u00e8brent cette f\u00eate, \u00e9galement d&rsquo;un point de vue religieux ? <\/em> \u00a0<\/p>\r\n<p>&nbsp;<\/p>\r\n<!-- \/wp:paragraph -->\r\n\r\n<!-- wp:paragraph {\"translatedWithWPMLTM\":\"1\"} -->\r\n<p>Roos Van De Keere : Je suis toujours \u00e9tonn\u00e9 de voir que les enfants des \u00e9coles fran\u00e7aises, lorsqu&rsquo;on leur demande ce que signifie No\u00ebl, l\u2019associent syst\u00e9matiquement aux cadeaux et au P\u00e8re No\u00ebl. Presque aucun d&rsquo;entre eux ne sait que nous f\u00eatons la naissance du Christ. \u00a0<\/p>\r\n<p>&nbsp;<\/p>\r\n<!-- \/wp:paragraph -->\r\n\r\n<!-- wp:paragraph {\"translatedWithWPMLTM\":\"1\"} -->\r\n<p>G\u00fcnter Ihle : No\u00ebl est d&rsquo;abord une f\u00eate familiale et cela est profond\u00e9ment ancr\u00e9 dans toutes les couches culturelles et religieuses. Les musulmans f\u00eatent \u00e9galement No\u00ebl. En ce qui concerne la religiosit\u00e9, on constate qu&rsquo;un nombre toujours plus important de personnes se rendent dans les \u00e9glises \u00e0 No\u00ebl. Et pas seulement pour l\u2019office religieux, mais aussi pour chanter et jouer de la musique. Malgr\u00e9 le d\u00e9clin de la religiosit\u00e9, il y a encore des choses qui sont tr\u00e8s recherch\u00e9es et notre offre attire de nombreuses personnes. \u00a0<\/p>\r\n<p>&nbsp;<\/p>\r\n<!-- \/wp:paragraph -->\r\n\r\n<!-- wp:paragraph {\"translatedWithWPMLTM\":\"1\"} -->\r\n<p><em>dokdoc<\/em> : <em>quels sont vos ambitions pour la Chapelle ?<\/em> \u00a0<\/p>\r\n<p>&nbsp;<\/p>\r\n<!-- \/wp:paragraph -->\r\n\r\n<!-- wp:paragraph {\"translatedWithWPMLTM\":\"1\"} -->\r\n<p>G\u00fcnter Ihle : nous avons plein de projets. Le plus gros probl\u00e8me, la r\u00e9novation, est derri\u00e8re nous. Nous recevons actuellement tellement de demandes que nous devons faire des choix. R\u00e9cemment, nous avons par exemple d\u00e9velopp\u00e9 les pri\u00e8res de Taiz\u00e9 franco-allemandes. Personnellement, j&rsquo;aimerais travailler davantage dans le domaine de la r\u00e9conciliation. On nous appelle parfois par erreur la Chapelle de la r\u00e9conciliation, mais finalement, ce n\u2018est pas si faux que cela. Ce n&rsquo;est pas parce que nous sommes \u00e0 la fronti\u00e8re que la coop\u00e9ration transfrontali\u00e8re va de soi. \u00a0<\/p>\r\n<!-- \/wp:paragraph -->\r\n\r\n<!-- wp:paragraph {\"align\":\"right\",\"translatedWithWPMLTM\":\"1\"} -->\r\n<p>&nbsp;<\/p>\r\n<p class=\"has-text-align-right\" style=\"text-align: right;\"><em>Interview : Tanja Herrmann<\/em><\/p>\r\n<p>&nbsp;<\/p>\r\n<!-- \/wp:paragraph -->\r\n\r\n<!-- wp:heading {\"translatedWithWPMLTM\":\"1\"} -->\r\n<h2 class=\"wp-block-heading\"><strong>Nos invit\u00e9s<\/strong><\/h2>\r\n<!-- \/wp:heading -->\r\n\r\n<!-- wp:paragraph {\"translatedWithWPMLTM\":\"1\"} -->\r\n<p><em>Roos Van De Keere est pasteure de l&rsquo;\u00c9glise protestante d&rsquo;Alsace-Lorraine (UEPAL). Apr\u00e8s une formation d&rsquo;institutrice aux Pays-Bas, elle s&rsquo;est tourn\u00e9e vers les sciences religieuses, les langues anciennes, la th\u00e9ologie catholique puis protestante, d&rsquo;abord en Belgique, puis en Allemagne et enfin en France. Elle se concentre sur le travail communautaire avec les enfants et les familles. D\u2019origine belge, elle apprend actuellement sa cinqui\u00e8me langue vivante. <\/em><\/p>\r\n<!-- \/wp:paragraph -->\r\n\r\n<!-- wp:paragraph {\"translatedWithWPMLTM\":\"1\"} -->\r\n<p><em>G\u00fcnter Ihle est pasteur de l\u2018\u00c9glise \u00e9vang\u00e9lique du Bade. Apr\u00e8s avoir \u00e9t\u00e9 pasteur de paroisse pendant dix ans dans le sud du Bade et doyen de Kehl pendant quinze ans, il est depuis 2021 pasteur responsable des \u00e9glises dans les nouveaux quartiers urbains. Ses domaines de pr\u00e9dilection sont l&rsquo;\u0153cum\u00e9nisme europ\u00e9en et la coop\u00e9ration transfrontali\u00e8re. Il est membre du comit\u00e9 de la Conf\u00e9rence des \u00c9glises riveraines du Rhin.<\/em><\/p>","protected":false},"excerpt":{"rendered":"<p>La \u00ab Chapelle de la Rencontre \u00bb n\u2019est pas un simple b\u00e2timent : c&rsquo;est \u00e9galement un projet bilingue et transfrontalier, lanc\u00e9 en d\u00e9cembre 2017. Le pasteur de Kehl, G\u00fcnter Ihle, et la pasteure de Strasbourg, Roos Van De Keere, s\u2019y sont donn\u00e9s pour mission de favoriser les \u00e9changes entre les deux rives. Pour la premi\u00e8re [&hellip;]<\/p>\n","protected":false},"author":1,"featured_media":22313,"comment_status":"closed","ping_status":"closed","sticky":false,"template":"","format":"standard","meta":{"om_disable_all_campaigns":false,"_monsterinsights_skip_tracking":false,"_monsterinsights_sitenote_active":false,"_monsterinsights_sitenote_note":"","_monsterinsights_sitenote_category":0,"_uf_show_specific_survey":0,"_uf_disable_surveys":false,"footnotes":""},"categories":[115],"tags":[],"ppma_author":[1899],"class_list":["post-30389","post","type-post","status-publish","format-standard","has-post-thumbnail","hentry","category-societe-fr-2"],"yoast_head":"<!-- This site is optimized with the Yoast SEO plugin v27.4 - https:\/\/yoast.com\/product\/yoast-seo-wordpress\/ -->\n<title>\u00ab Ce n&#039;est pas parce que nous sommes \u00e0 la fronti\u00e8re que la coop\u00e9ration transfrontali\u00e8re va de soi \u00bb - dokdoc.eu<\/title>\n<meta name=\"robots\" content=\"index, follow, max-snippet:-1, max-image-preview:large, max-video-preview:-1\" \/>\n<link rel=\"canonical\" href=\"https:\/\/dokdoc.eu\/fr\/2023\/12\/22\/ce-nest-pas-parce-que-nous-sommes-a-la-frontiere-que-la-cooperation-transfrontaliere-va-de-soi\/\" \/>\n<meta property=\"og:locale\" content=\"fr_FR\" \/>\n<meta property=\"og:type\" content=\"article\" \/>\n<meta property=\"og:title\" content=\"\u00ab Ce n&#039;est pas parce que nous sommes \u00e0 la fronti\u00e8re que la coop\u00e9ration transfrontali\u00e8re va de soi \u00bb - dokdoc.eu\" \/>\n<meta property=\"og:description\" content=\"La \u00ab Chapelle de la Rencontre \u00bb n\u2019est pas un simple b\u00e2timent : c&rsquo;est \u00e9galement un projet bilingue et transfrontalier, lanc\u00e9 en d\u00e9cembre 2017. Le pasteur de Kehl, G\u00fcnter Ihle, et la pasteure de Strasbourg, Roos Van De Keere, s\u2019y sont donn\u00e9s pour mission de favoriser les \u00e9changes entre les deux rives. Pour la premi\u00e8re [&hellip;]\" \/>\n<meta property=\"og:url\" content=\"https:\/\/dokdoc.eu\/fr\/2023\/12\/22\/ce-nest-pas-parce-que-nous-sommes-a-la-frontiere-que-la-cooperation-transfrontaliere-va-de-soi\/\" \/>\n<meta property=\"og:site_name\" content=\"dokdoc.eu\" \/>\n<meta property=\"article:published_time\" content=\"2023-12-22T09:20:05+00:00\" \/>\n<meta property=\"article:modified_time\" content=\"2025-06-20T15:11:45+00:00\" \/>\n<meta property=\"og:image\" content=\"https:\/\/dokdoc.eu\/wp-content\/uploads\/2023\/12\/1_AdobeStock_550142020-scaled-1.jpeg\" \/>\n\t<meta property=\"og:image:width\" content=\"2560\" \/>\n\t<meta property=\"og:image:height\" content=\"1273\" \/>\n\t<meta property=\"og:image:type\" content=\"image\/jpeg\" \/>\n<meta name=\"author\" content=\"Roos Van De Keere &amp; G\u00fcnter Ihle\" \/>\n<meta name=\"twitter:card\" content=\"summary_large_image\" \/>\n<meta name=\"twitter:label1\" content=\"\u00c9crit par\" \/>\n\t<meta name=\"twitter:data1\" content=\"RochowMedienagentur\" \/>\n\t<meta name=\"twitter:label2\" content=\"Dur\u00e9e de lecture estim\u00e9e\" \/>\n\t<meta name=\"twitter:data2\" content=\"11 minutes\" \/>\n<script type=\"application\/ld+json\" class=\"yoast-schema-graph\">{\"@context\":\"https:\\\/\\\/schema.org\",\"@graph\":[{\"@type\":\"Article\",\"@id\":\"https:\\\/\\\/dokdoc.eu\\\/fr\\\/2023\\\/12\\\/22\\\/ce-nest-pas-parce-que-nous-sommes-a-la-frontiere-que-la-cooperation-transfrontaliere-va-de-soi\\\/#article\",\"isPartOf\":{\"@id\":\"https:\\\/\\\/dokdoc.eu\\\/fr\\\/2023\\\/12\\\/22\\\/ce-nest-pas-parce-que-nous-sommes-a-la-frontiere-que-la-cooperation-transfrontaliere-va-de-soi\\\/\"},\"author\":{\"name\":\"RochowMedienagentur\",\"@id\":\"https:\\\/\\\/dokdoc.eu\\\/fr\\\/#\\\/schema\\\/person\\\/d760e6e53df901fd9522f1d3a1e46621\"},\"headline\":\"\u00ab Ce n&rsquo;est pas parce que nous sommes \u00e0 la fronti\u00e8re que la coop\u00e9ration transfrontali\u00e8re va de soi \u00bb\",\"datePublished\":\"2023-12-22T09:20:05+00:00\",\"dateModified\":\"2025-06-20T15:11:45+00:00\",\"mainEntityOfPage\":{\"@id\":\"https:\\\/\\\/dokdoc.eu\\\/fr\\\/2023\\\/12\\\/22\\\/ce-nest-pas-parce-que-nous-sommes-a-la-frontiere-que-la-cooperation-transfrontaliere-va-de-soi\\\/\"},\"wordCount\":1955,\"publisher\":{\"@id\":\"https:\\\/\\\/dokdoc.eu\\\/fr\\\/#organization\"},\"image\":{\"@id\":\"https:\\\/\\\/dokdoc.eu\\\/fr\\\/2023\\\/12\\\/22\\\/ce-nest-pas-parce-que-nous-sommes-a-la-frontiere-que-la-cooperation-transfrontaliere-va-de-soi\\\/#primaryimage\"},\"thumbnailUrl\":\"https:\\\/\\\/dokdoc.eu\\\/wp-content\\\/uploads\\\/2023\\\/12\\\/1_AdobeStock_550142020-scaled-1.jpeg\",\"articleSection\":[\"Soci\u00e9t\u00e9\"],\"inLanguage\":\"fr-FR\"},{\"@type\":\"WebPage\",\"@id\":\"https:\\\/\\\/dokdoc.eu\\\/fr\\\/2023\\\/12\\\/22\\\/ce-nest-pas-parce-que-nous-sommes-a-la-frontiere-que-la-cooperation-transfrontaliere-va-de-soi\\\/\",\"url\":\"https:\\\/\\\/dokdoc.eu\\\/fr\\\/2023\\\/12\\\/22\\\/ce-nest-pas-parce-que-nous-sommes-a-la-frontiere-que-la-cooperation-transfrontaliere-va-de-soi\\\/\",\"name\":\"\u00ab Ce n'est pas parce que nous sommes \u00e0 la fronti\u00e8re que la coop\u00e9ration transfrontali\u00e8re va de soi \u00bb - dokdoc.eu\",\"isPartOf\":{\"@id\":\"https:\\\/\\\/dokdoc.eu\\\/fr\\\/#website\"},\"primaryImageOfPage\":{\"@id\":\"https:\\\/\\\/dokdoc.eu\\\/fr\\\/2023\\\/12\\\/22\\\/ce-nest-pas-parce-que-nous-sommes-a-la-frontiere-que-la-cooperation-transfrontaliere-va-de-soi\\\/#primaryimage\"},\"image\":{\"@id\":\"https:\\\/\\\/dokdoc.eu\\\/fr\\\/2023\\\/12\\\/22\\\/ce-nest-pas-parce-que-nous-sommes-a-la-frontiere-que-la-cooperation-transfrontaliere-va-de-soi\\\/#primaryimage\"},\"thumbnailUrl\":\"https:\\\/\\\/dokdoc.eu\\\/wp-content\\\/uploads\\\/2023\\\/12\\\/1_AdobeStock_550142020-scaled-1.jpeg\",\"datePublished\":\"2023-12-22T09:20:05+00:00\",\"dateModified\":\"2025-06-20T15:11:45+00:00\",\"breadcrumb\":{\"@id\":\"https:\\\/\\\/dokdoc.eu\\\/fr\\\/2023\\\/12\\\/22\\\/ce-nest-pas-parce-que-nous-sommes-a-la-frontiere-que-la-cooperation-transfrontaliere-va-de-soi\\\/#breadcrumb\"},\"inLanguage\":\"fr-FR\",\"potentialAction\":[{\"@type\":\"ReadAction\",\"target\":[\"https:\\\/\\\/dokdoc.eu\\\/fr\\\/2023\\\/12\\\/22\\\/ce-nest-pas-parce-que-nous-sommes-a-la-frontiere-que-la-cooperation-transfrontaliere-va-de-soi\\\/\"]}]},{\"@type\":\"ImageObject\",\"inLanguage\":\"fr-FR\",\"@id\":\"https:\\\/\\\/dokdoc.eu\\\/fr\\\/2023\\\/12\\\/22\\\/ce-nest-pas-parce-que-nous-sommes-a-la-frontiere-que-la-cooperation-transfrontaliere-va-de-soi\\\/#primaryimage\",\"url\":\"https:\\\/\\\/dokdoc.eu\\\/wp-content\\\/uploads\\\/2023\\\/12\\\/1_AdobeStock_550142020-scaled-1.jpeg\",\"contentUrl\":\"https:\\\/\\\/dokdoc.eu\\\/wp-content\\\/uploads\\\/2023\\\/12\\\/1_AdobeStock_550142020-scaled-1.jpeg\",\"width\":2560,\"height\":1273,\"caption\":\"Die Br\u00fccke der zwei Ufer zwischen Stra\u00dfburg und Kehl (Copyright Adobe Stock)\"},{\"@type\":\"BreadcrumbList\",\"@id\":\"https:\\\/\\\/dokdoc.eu\\\/fr\\\/2023\\\/12\\\/22\\\/ce-nest-pas-parce-que-nous-sommes-a-la-frontiere-que-la-cooperation-transfrontaliere-va-de-soi\\\/#breadcrumb\",\"itemListElement\":[{\"@type\":\"ListItem\",\"position\":1,\"name\":\"Startseite\",\"item\":\"https:\\\/\\\/dokdoc.eu\\\/fr\\\/\"},{\"@type\":\"ListItem\",\"position\":2,\"name\":\"\u00ab Ce n&#8217;est pas parce que nous sommes \u00e0 la fronti\u00e8re que la coop\u00e9ration transfrontali\u00e8re va de soi \u00bb\"}]},{\"@type\":\"WebSite\",\"@id\":\"https:\\\/\\\/dokdoc.eu\\\/fr\\\/#website\",\"url\":\"https:\\\/\\\/dokdoc.eu\\\/fr\\\/\",\"name\":\"dokdoc.eu\",\"description\":\"\",\"publisher\":{\"@id\":\"https:\\\/\\\/dokdoc.eu\\\/fr\\\/#organization\"},\"potentialAction\":[{\"@type\":\"SearchAction\",\"target\":{\"@type\":\"EntryPoint\",\"urlTemplate\":\"https:\\\/\\\/dokdoc.eu\\\/fr\\\/?s={search_term_string}\"},\"query-input\":{\"@type\":\"PropertyValueSpecification\",\"valueRequired\":true,\"valueName\":\"search_term_string\"}}],\"inLanguage\":\"fr-FR\"},{\"@type\":\"Organization\",\"@id\":\"https:\\\/\\\/dokdoc.eu\\\/fr\\\/#organization\",\"name\":\"dokdoc.eu\",\"url\":\"https:\\\/\\\/dokdoc.eu\\\/fr\\\/\",\"logo\":{\"@type\":\"ImageObject\",\"inLanguage\":\"fr-FR\",\"@id\":\"https:\\\/\\\/dokdoc.eu\\\/fr\\\/#\\\/schema\\\/logo\\\/image\\\/\",\"url\":\"https:\\\/\\\/dokdoc.eu\\\/wp-content\\\/uploads\\\/2019\\\/08\\\/cropped-logo_dokdoc-e1720795013301.png\",\"contentUrl\":\"https:\\\/\\\/dokdoc.eu\\\/wp-content\\\/uploads\\\/2019\\\/08\\\/cropped-logo_dokdoc-e1720795013301.png\",\"width\":150,\"height\":110,\"caption\":\"dokdoc.eu\"},\"image\":{\"@id\":\"https:\\\/\\\/dokdoc.eu\\\/fr\\\/#\\\/schema\\\/logo\\\/image\\\/\"}},{\"@type\":\"Person\",\"@id\":\"https:\\\/\\\/dokdoc.eu\\\/fr\\\/#\\\/schema\\\/person\\\/d760e6e53df901fd9522f1d3a1e46621\",\"name\":\"RochowMedienagentur\",\"image\":{\"@type\":\"ImageObject\",\"inLanguage\":\"fr-FR\",\"@id\":\"https:\\\/\\\/dokdoc.eu\\\/wp-content\\\/uploads\\\/2019\\\/08\\\/cropped-logo_dokdoc-e1720795013301.png830075fd1c1a1f70247b47fa84cf0f00\",\"url\":\"https:\\\/\\\/dokdoc.eu\\\/wp-content\\\/uploads\\\/2019\\\/08\\\/cropped-logo_dokdoc-e1720795013301.png\",\"contentUrl\":\"https:\\\/\\\/dokdoc.eu\\\/wp-content\\\/uploads\\\/2019\\\/08\\\/cropped-logo_dokdoc-e1720795013301.png\",\"caption\":\"RochowMedienagentur\"},\"sameAs\":[\"https:\\\/\\\/dokdoc.eu\"],\"url\":\"https:\\\/\\\/dokdoc.eu\\\/fr\\\/author\\\/rochowmedienagentur\\\/\"}]}<\/script>\n<!-- \/ Yoast SEO plugin. -->","yoast_head_json":{"title":"\u00ab Ce n'est pas parce que nous sommes \u00e0 la fronti\u00e8re que la coop\u00e9ration transfrontali\u00e8re va de soi \u00bb - dokdoc.eu","robots":{"index":"index","follow":"follow","max-snippet":"max-snippet:-1","max-image-preview":"max-image-preview:large","max-video-preview":"max-video-preview:-1"},"canonical":"https:\/\/dokdoc.eu\/fr\/2023\/12\/22\/ce-nest-pas-parce-que-nous-sommes-a-la-frontiere-que-la-cooperation-transfrontaliere-va-de-soi\/","og_locale":"fr_FR","og_type":"article","og_title":"\u00ab Ce n'est pas parce que nous sommes \u00e0 la fronti\u00e8re que la coop\u00e9ration transfrontali\u00e8re va de soi \u00bb - dokdoc.eu","og_description":"La \u00ab Chapelle de la Rencontre \u00bb n\u2019est pas un simple b\u00e2timent : c&rsquo;est \u00e9galement un projet bilingue et transfrontalier, lanc\u00e9 en d\u00e9cembre 2017. Le pasteur de Kehl, G\u00fcnter Ihle, et la pasteure de Strasbourg, Roos Van De Keere, s\u2019y sont donn\u00e9s pour mission de favoriser les \u00e9changes entre les deux rives. Pour la premi\u00e8re [&hellip;]","og_url":"https:\/\/dokdoc.eu\/fr\/2023\/12\/22\/ce-nest-pas-parce-que-nous-sommes-a-la-frontiere-que-la-cooperation-transfrontaliere-va-de-soi\/","og_site_name":"dokdoc.eu","article_published_time":"2023-12-22T09:20:05+00:00","article_modified_time":"2025-06-20T15:11:45+00:00","og_image":[{"width":2560,"height":1273,"url":"https:\/\/dokdoc.eu\/wp-content\/uploads\/2023\/12\/1_AdobeStock_550142020-scaled-1.jpeg","type":"image\/jpeg"}],"author":"Roos Van De Keere &amp; G\u00fcnter Ihle","twitter_card":"summary_large_image","twitter_misc":{"\u00c9crit par":"RochowMedienagentur","Dur\u00e9e de lecture estim\u00e9e":"11 minutes"},"schema":{"@context":"https:\/\/schema.org","@graph":[{"@type":"Article","@id":"https:\/\/dokdoc.eu\/fr\/2023\/12\/22\/ce-nest-pas-parce-que-nous-sommes-a-la-frontiere-que-la-cooperation-transfrontaliere-va-de-soi\/#article","isPartOf":{"@id":"https:\/\/dokdoc.eu\/fr\/2023\/12\/22\/ce-nest-pas-parce-que-nous-sommes-a-la-frontiere-que-la-cooperation-transfrontaliere-va-de-soi\/"},"author":{"name":"RochowMedienagentur","@id":"https:\/\/dokdoc.eu\/fr\/#\/schema\/person\/d760e6e53df901fd9522f1d3a1e46621"},"headline":"\u00ab Ce n&rsquo;est pas parce que nous sommes \u00e0 la fronti\u00e8re que la coop\u00e9ration transfrontali\u00e8re va de soi \u00bb","datePublished":"2023-12-22T09:20:05+00:00","dateModified":"2025-06-20T15:11:45+00:00","mainEntityOfPage":{"@id":"https:\/\/dokdoc.eu\/fr\/2023\/12\/22\/ce-nest-pas-parce-que-nous-sommes-a-la-frontiere-que-la-cooperation-transfrontaliere-va-de-soi\/"},"wordCount":1955,"publisher":{"@id":"https:\/\/dokdoc.eu\/fr\/#organization"},"image":{"@id":"https:\/\/dokdoc.eu\/fr\/2023\/12\/22\/ce-nest-pas-parce-que-nous-sommes-a-la-frontiere-que-la-cooperation-transfrontaliere-va-de-soi\/#primaryimage"},"thumbnailUrl":"https:\/\/dokdoc.eu\/wp-content\/uploads\/2023\/12\/1_AdobeStock_550142020-scaled-1.jpeg","articleSection":["Soci\u00e9t\u00e9"],"inLanguage":"fr-FR"},{"@type":"WebPage","@id":"https:\/\/dokdoc.eu\/fr\/2023\/12\/22\/ce-nest-pas-parce-que-nous-sommes-a-la-frontiere-que-la-cooperation-transfrontaliere-va-de-soi\/","url":"https:\/\/dokdoc.eu\/fr\/2023\/12\/22\/ce-nest-pas-parce-que-nous-sommes-a-la-frontiere-que-la-cooperation-transfrontaliere-va-de-soi\/","name":"\u00ab Ce n'est pas parce que nous sommes \u00e0 la fronti\u00e8re que la coop\u00e9ration transfrontali\u00e8re va de soi \u00bb - dokdoc.eu","isPartOf":{"@id":"https:\/\/dokdoc.eu\/fr\/#website"},"primaryImageOfPage":{"@id":"https:\/\/dokdoc.eu\/fr\/2023\/12\/22\/ce-nest-pas-parce-que-nous-sommes-a-la-frontiere-que-la-cooperation-transfrontaliere-va-de-soi\/#primaryimage"},"image":{"@id":"https:\/\/dokdoc.eu\/fr\/2023\/12\/22\/ce-nest-pas-parce-que-nous-sommes-a-la-frontiere-que-la-cooperation-transfrontaliere-va-de-soi\/#primaryimage"},"thumbnailUrl":"https:\/\/dokdoc.eu\/wp-content\/uploads\/2023\/12\/1_AdobeStock_550142020-scaled-1.jpeg","datePublished":"2023-12-22T09:20:05+00:00","dateModified":"2025-06-20T15:11:45+00:00","breadcrumb":{"@id":"https:\/\/dokdoc.eu\/fr\/2023\/12\/22\/ce-nest-pas-parce-que-nous-sommes-a-la-frontiere-que-la-cooperation-transfrontaliere-va-de-soi\/#breadcrumb"},"inLanguage":"fr-FR","potentialAction":[{"@type":"ReadAction","target":["https:\/\/dokdoc.eu\/fr\/2023\/12\/22\/ce-nest-pas-parce-que-nous-sommes-a-la-frontiere-que-la-cooperation-transfrontaliere-va-de-soi\/"]}]},{"@type":"ImageObject","inLanguage":"fr-FR","@id":"https:\/\/dokdoc.eu\/fr\/2023\/12\/22\/ce-nest-pas-parce-que-nous-sommes-a-la-frontiere-que-la-cooperation-transfrontaliere-va-de-soi\/#primaryimage","url":"https:\/\/dokdoc.eu\/wp-content\/uploads\/2023\/12\/1_AdobeStock_550142020-scaled-1.jpeg","contentUrl":"https:\/\/dokdoc.eu\/wp-content\/uploads\/2023\/12\/1_AdobeStock_550142020-scaled-1.jpeg","width":2560,"height":1273,"caption":"Die Br\u00fccke der zwei Ufer zwischen Stra\u00dfburg und Kehl (Copyright Adobe Stock)"},{"@type":"BreadcrumbList","@id":"https:\/\/dokdoc.eu\/fr\/2023\/12\/22\/ce-nest-pas-parce-que-nous-sommes-a-la-frontiere-que-la-cooperation-transfrontaliere-va-de-soi\/#breadcrumb","itemListElement":[{"@type":"ListItem","position":1,"name":"Startseite","item":"https:\/\/dokdoc.eu\/fr\/"},{"@type":"ListItem","position":2,"name":"\u00ab Ce n&#8217;est pas parce que nous sommes \u00e0 la fronti\u00e8re que la coop\u00e9ration transfrontali\u00e8re va de soi \u00bb"}]},{"@type":"WebSite","@id":"https:\/\/dokdoc.eu\/fr\/#website","url":"https:\/\/dokdoc.eu\/fr\/","name":"dokdoc.eu","description":"","publisher":{"@id":"https:\/\/dokdoc.eu\/fr\/#organization"},"potentialAction":[{"@type":"SearchAction","target":{"@type":"EntryPoint","urlTemplate":"https:\/\/dokdoc.eu\/fr\/?s={search_term_string}"},"query-input":{"@type":"PropertyValueSpecification","valueRequired":true,"valueName":"search_term_string"}}],"inLanguage":"fr-FR"},{"@type":"Organization","@id":"https:\/\/dokdoc.eu\/fr\/#organization","name":"dokdoc.eu","url":"https:\/\/dokdoc.eu\/fr\/","logo":{"@type":"ImageObject","inLanguage":"fr-FR","@id":"https:\/\/dokdoc.eu\/fr\/#\/schema\/logo\/image\/","url":"https:\/\/dokdoc.eu\/wp-content\/uploads\/2019\/08\/cropped-logo_dokdoc-e1720795013301.png","contentUrl":"https:\/\/dokdoc.eu\/wp-content\/uploads\/2019\/08\/cropped-logo_dokdoc-e1720795013301.png","width":150,"height":110,"caption":"dokdoc.eu"},"image":{"@id":"https:\/\/dokdoc.eu\/fr\/#\/schema\/logo\/image\/"}},{"@type":"Person","@id":"https:\/\/dokdoc.eu\/fr\/#\/schema\/person\/d760e6e53df901fd9522f1d3a1e46621","name":"RochowMedienagentur","image":{"@type":"ImageObject","inLanguage":"fr-FR","@id":"https:\/\/dokdoc.eu\/wp-content\/uploads\/2019\/08\/cropped-logo_dokdoc-e1720795013301.png830075fd1c1a1f70247b47fa84cf0f00","url":"https:\/\/dokdoc.eu\/wp-content\/uploads\/2019\/08\/cropped-logo_dokdoc-e1720795013301.png","contentUrl":"https:\/\/dokdoc.eu\/wp-content\/uploads\/2019\/08\/cropped-logo_dokdoc-e1720795013301.png","caption":"RochowMedienagentur"},"sameAs":["https:\/\/dokdoc.eu"],"url":"https:\/\/dokdoc.eu\/fr\/author\/rochowmedienagentur\/"}]}},"authors":[{"term_id":1899,"user_id":0,"is_guest":1,"slug":"roos-van-de-keere-guenter-ihle","display_name":"Roos Van De Keere &amp; G\u00fcnter Ihle","avatar_url":{"url":"https:\/\/dokdoc.eu\/wp-content\/uploads\/2019\/08\/cropped-logo_dokdoc-e1720795013301.png","url2x":"https:\/\/dokdoc.eu\/wp-content\/uploads\/2019\/08\/cropped-logo_dokdoc-e1720795013301.png"},"0":null,"1":"","2":"","3":"","4":"","5":"","6":"","7":"","8":""}],"_links":{"self":[{"href":"https:\/\/dokdoc.eu\/fr\/wp-json\/wp\/v2\/posts\/30389","targetHints":{"allow":["GET"]}}],"collection":[{"href":"https:\/\/dokdoc.eu\/fr\/wp-json\/wp\/v2\/posts"}],"about":[{"href":"https:\/\/dokdoc.eu\/fr\/wp-json\/wp\/v2\/types\/post"}],"author":[{"embeddable":true,"href":"https:\/\/dokdoc.eu\/fr\/wp-json\/wp\/v2\/users\/1"}],"replies":[{"embeddable":true,"href":"https:\/\/dokdoc.eu\/fr\/wp-json\/wp\/v2\/comments?post=30389"}],"version-history":[{"count":4,"href":"https:\/\/dokdoc.eu\/fr\/wp-json\/wp\/v2\/posts\/30389\/revisions"}],"predecessor-version":[{"id":30393,"href":"https:\/\/dokdoc.eu\/fr\/wp-json\/wp\/v2\/posts\/30389\/revisions\/30393"}],"wp:featuredmedia":[{"embeddable":true,"href":"https:\/\/dokdoc.eu\/fr\/wp-json\/wp\/v2\/media\/22313"}],"wp:attachment":[{"href":"https:\/\/dokdoc.eu\/fr\/wp-json\/wp\/v2\/media?parent=30389"}],"wp:term":[{"taxonomy":"category","embeddable":true,"href":"https:\/\/dokdoc.eu\/fr\/wp-json\/wp\/v2\/categories?post=30389"},{"taxonomy":"post_tag","embeddable":true,"href":"https:\/\/dokdoc.eu\/fr\/wp-json\/wp\/v2\/tags?post=30389"},{"taxonomy":"author","embeddable":true,"href":"https:\/\/dokdoc.eu\/fr\/wp-json\/wp\/v2\/ppma_author?post=30389"}],"curies":[{"name":"wp","href":"https:\/\/api.w.org\/{rel}","templated":true}]}}