{"id":30423,"date":"2025-06-23T16:38:46","date_gmt":"2025-06-23T14:38:46","guid":{"rendered":"https:\/\/dokdoc.eu\/?p=30423"},"modified":"2025-06-23T20:31:38","modified_gmt":"2025-06-23T18:31:38","slug":"est-ce-cela-lamitie-franco-allemande","status":"publish","type":"post","link":"https:\/\/dokdoc.eu\/fr\/2025\/06\/23\/est-ce-cela-lamitie-franco-allemande\/","title":{"rendered":"Est-ce cela \u00ab l\u2019amiti\u00e9 franco-allemande \u00bb ?"},"content":{"rendered":"<figure id=\"attachment_30415\" aria-describedby=\"caption-attachment-30415\" style=\"width: 1024px\" class=\"wp-caption aligncenter\"><img fetchpriority=\"high\" decoding=\"async\" class=\"wp-image-30415\" src=\"https:\/\/dokdoc.eu\/wp-content\/uploads\/2025\/06\/1_RM5JMN-300x169.jpg\" alt=\"\u00c0 l'EuroAirport Basel Mulhouse Fribourg (Copyright: Alamy) \" width=\"1024\" height=\"576\" srcset=\"https:\/\/dokdoc.eu\/wp-content\/uploads\/2025\/06\/1_RM5JMN-300x169.jpg 300w, https:\/\/dokdoc.eu\/wp-content\/uploads\/2025\/06\/1_RM5JMN-1024x576.jpg 1024w, https:\/\/dokdoc.eu\/wp-content\/uploads\/2025\/06\/1_RM5JMN-768x432.jpg 768w, https:\/\/dokdoc.eu\/wp-content\/uploads\/2025\/06\/1_RM5JMN-1536x864.jpg 1536w, https:\/\/dokdoc.eu\/wp-content\/uploads\/2025\/06\/1_RM5JMN-2048x1152.jpg 2048w\" sizes=\"(max-width: 1024px) 100vw, 1024px\" \/><figcaption id=\"caption-attachment-30415\" class=\"wp-caption-text\">\u00c0 l&rsquo;EuroAirport Basel Mulhouse Fribourg (Copyright: Alamy)<\/figcaption><\/figure>\n<p><strong>En Suisse, la relation franco-allemande est surtout une histoire de rivalit\u00e9. Berne quant \u00e0 elle, garde ses distances \u2013 souvent au d\u00e9triment de sa politique europ\u00e9enne.<\/strong><!--more--><\/p>\n<p>&nbsp;<\/p>\n<p>Avec la Belgique et le Luxembourg, la Suisse est le seul pays \u00e0 avoir des fronti\u00e8res \u00e0 la fois avec la RFA et la France, et o\u00f9 l\u2019allemand et le fran\u00e7ais sont langues officielles. Mais la comparaison s\u2019arr\u00eate l\u00e0 : le Grand-Duch\u00e9 est beaucoup plus petit que la Conf\u00e9d\u00e9ration, et la minorit\u00e9 germanophone belge ne repr\u00e9sente qu\u20191 % de sa population. Entre le lac de Constance et celui du L\u00e9man, plus de 60 % et pr\u00e8s de 23 % des Suisses parlent respectivement allemand et fran\u00e7ais. Toutefois, ces chiffres masquent la r\u00e9alit\u00e9 : le suisse allemand s\u2019\u00e9loigne souvent du Hochdeutsch, rendant la compr\u00e9hension difficile m\u00eame entre r\u00e9gions suisses. Qu\u2019un habitant de Hambourg ne saisisse pas le dialecte d\u2019un Haut-Valaisan ne surprend personne, et m\u00eame un B\u00e2lois peinera \u00e0 d\u00e9chiffrer un dialecte plus \u00e9loign\u00e9. Les Romands, eux, restent attach\u00e9s \u00e0 leurs usages, pr\u00e9f\u00e9rant d\u00eener \u00e0 midi et souper le soir. Cette r\u00e9alit\u00e9 traduit un orgueil national et cantonal encore tr\u00e8s vivace en Suisse. Malgr\u00e9 ses atouts pour servir de pont culturel entre francophones et germanophones, la Conf\u00e9d\u00e9ration pr\u00e9f\u00e8re pr\u00e9server ses particularismes, pour le pire et le meilleur.<\/p>\n<p>&nbsp;<\/p>\n<h2><strong>Une attitude ambivalente<\/strong><\/h2>\n<p>Il faut le dire clairement : la Suisse n\u2019aime pas le franco-allemand, \u00ab langue \u00bb lui rappelant une double domination mal accept\u00e9e. Tirant les le\u00e7ons de la Premi\u00e8re Guerre mondiale \u2013 o\u00f9, pour la seule fois, son unit\u00e9 fut menac\u00e9e \u2013 elle a soigneusement gard\u00e9 ses distances avec ses deux grands voisins. Entre 1914 et 1918, la Suisse al\u00e9manique pencha pour le II\u1d49 Reich, tandis que la Romandie esp\u00e9rait la victoire fran\u00e7aise. Bien que cela ne soit plus le cas depuis des d\u00e9cennies, la Suisse allemande n&rsquo;exprimant que peu de sympathie envers son voisin allemand, la Conf\u00e9d\u00e9ration respecte la France et l\u2019Allemagne sans jamais s\u2019identifier \u00e0 l\u2019un ou \u00e0 l\u2019autre. Critique envers l\u2019int\u00e9gration europ\u00e9enne, elle se sent traditionnellement plus proche de la Grande-Bretagne. Depuis le fameux discours de Churchill \u00e0 <a href=\"https:\/\/rm.coe.int\/16806981f3\">Zurich<\/a> en 1946, elle privil\u00e9gie Londres \u00e0 Paris, Bonn ou Berlin, et s\u2019en remet \u00e0 une mentalit\u00e9 du \u00ab r\u00e9duit \u00bb, du nom de la forteresse \u00e9rig\u00e9e pendant la Seconde Guerre mondiale pour se prot\u00e9ger des \u00ab puissances ext\u00e9rieures \u00bb, qu&rsquo;elle soup\u00e7onne dans le cas de la France et de l&rsquo;Allemagne, \u00a0souvent \u00e0 tort, de menacer sa souverainet\u00e9, sa neutralit\u00e9 et son confort.<!--steady-paywall--><\/p>\n<p>&nbsp;<\/p>\n<figure id=\"attachment_30417\" aria-describedby=\"caption-attachment-30417\" style=\"width: 1024px\" class=\"wp-caption aligncenter\"><img decoding=\"async\" class=\"wp-image-30417\" src=\"https:\/\/dokdoc.eu\/wp-content\/uploads\/2025\/06\/2_UAZ_E.7.1.187_Churchill02.tif-300x206.jpg\" alt=\"Winston Churchill quitte l\u2019Universit\u00e9 de Zurich, entour\u00e9 d\u2019\u00e9tudiants, 19 septembre 1946 (Copyright: Wikimedia Commons)\" width=\"1024\" height=\"703\" srcset=\"https:\/\/dokdoc.eu\/wp-content\/uploads\/2025\/06\/2_UAZ_E.7.1.187_Churchill02.tif-300x206.jpg 300w, https:\/\/dokdoc.eu\/wp-content\/uploads\/2025\/06\/2_UAZ_E.7.1.187_Churchill02.tif-1024x703.jpg 1024w, https:\/\/dokdoc.eu\/wp-content\/uploads\/2025\/06\/2_UAZ_E.7.1.187_Churchill02.tif-768x527.jpg 768w, https:\/\/dokdoc.eu\/wp-content\/uploads\/2025\/06\/2_UAZ_E.7.1.187_Churchill02.tif.jpg 1200w\" sizes=\"(max-width: 1024px) 100vw, 1024px\" \/><figcaption id=\"caption-attachment-30417\" class=\"wp-caption-text\">Winston Churchill quitte l\u2019Universit\u00e9 de Zurich, entour\u00e9 d\u2019\u00e9tudiants, 19 septembre 1946 (Copyright: Wikimedia Commons)<\/figcaption><\/figure>\n<p>&nbsp;<\/p>\n<h2><strong>Politique, \u00e9ducation et langue<\/strong><\/h2>\n<p>Seul \u00c9tat europ\u00e9en \u00e0 avoir instaur\u00e9 durablement une d\u00e9mocratie lib\u00e9rale apr\u00e8s 1848, la Suisse s\u2019est dot\u00e9e d\u2019un syst\u00e8me parlementaire original, fort diff\u00e9rent de celui de ses voisins\u00a0: elle en est tr\u00e8s fi\u00e8re. Elle refuse d\u2019\u00eatre confondue avec eux. Cela se manifeste en Suisse al\u00e9manique, o\u00f9 les autochtones tiennent \u00e0 parler leur dialecte, surtout face aux Allemands s\u2019exprimant en Hochdeutsch. Ce ph\u00e9nom\u00e8ne, en forte recrudescence, r\u00e9v\u00e8le que les diff\u00e9rences linguistiques cristallisent les tensions les plus vives. L\u2019allemand peine \u00e0 s\u2019imposer dans les cantons francophones, tandis que le fran\u00e7ais recule dans les cantons germanophones. Dernier exemple : la fermeture de classes bilingues dans le canton de Berne, sous l\u2019impulsion d\u2019une \u00e9lue \u00e9cologiste responsable de l\u2019\u00e9ducation.<\/p>\n<p>&nbsp;<\/p>\n<h2><strong>Politique europ\u00e9enne et les relations bilat\u00e9rales<\/strong><\/h2>\n<p>La politique europ\u00e9enne est un autre sujet de friction majeur entre Berne, Berlin et Paris. L\u2019opposition remonte au vote du 6 d\u00e9cembre 1992, lorsque les Suisses rejet\u00e8rent l\u2019adh\u00e9sion \u00e0 l\u2019Espace \u00e9conomique europ\u00e9en (EEE), pr\u00e9alable \u00e0 une possible entr\u00e9e dans l\u2019Union europ\u00e9enne. \u00c0 l\u2019\u00e9poque, les partisans d\u2019un rapprochement avec Bruxelles \u00e9vitaient de trop insister sur l\u2019amiti\u00e9 franco-allemande. Celle-ci n\u2019a du reste jamais r\u00e9ellement eu d\u2019\u00e9cho \u00e0 Berne. Dans un m\u00e9moire de master consacr\u00e9 \u00e0 <em>La Suisse et le trait\u00e9 de l\u2019\u00c9lys\u00e9e <\/em>(2014), C\u00e9cile Blaser relate un \u00e9pisode tendu entre la Conf\u00e9d\u00e9ration et ses deux grands voisins : pour les autorit\u00e9s f\u00e9d\u00e9rales, ce trait\u00e9 n\u2019\u00e9tait qu\u2019un texte sans avenir, sans int\u00e9r\u00eat pour un \u00c9tat tiers. Le chef du D\u00e9partement politique le balaya d\u2019un trait de plume, privil\u00e9giant l\u2019adh\u00e9sion au Conseil de l\u2019Europe, institution d\u2019inspiration britannique. La Suisse concentra ensuite ses efforts sur l\u2019Association europ\u00e9enne de libre-\u00e9change (AELE), dont elle est aujourd\u2019hui encore membre.<\/p>\n<p>Cette lecture erron\u00e9e du trait\u00e9 n\u2019a toutefois produit aucun effet notable. Convaincu d\u2019\u00eatre le seul ma\u00eetre de sa politique europ\u00e9enne, le Conseil f\u00e9d\u00e9ral persiste dans une trajectoire isolationniste, fid\u00e8le \u00e0 la \u00ab voie bilat\u00e9rale \u00bb. Il sait que la majorit\u00e9 des Suisses approuvent : moins d\u2019un cinqui\u00e8me souhaite l\u2019adh\u00e9sion \u00e0 l\u2019UE. L\u2019UE s\u2019en accommode, tandis que Paris et Berlin se f\u00e9licitent des bonnes relations de voisinage. Pour la Suisse, le franco-allemand demeure un objet ext\u00e9rieur, limit\u00e9 \u00e0 la coop\u00e9ration transfrontali\u00e8re dans le <em>Dreil\u00e4ndereck<\/em>, dans la <em>Regio Basiliensis<\/em>.<\/p>\n<p>&nbsp;<\/p>\n<figure id=\"attachment_30419\" aria-describedby=\"caption-attachment-30419\" style=\"width: 1024px\" class=\"wp-caption aligncenter\"><img decoding=\"async\" class=\"wp-image-30419\" src=\"https:\/\/dokdoc.eu\/wp-content\/uploads\/2025\/06\/3_Dreilaenderbruecke_001-300x186.jpg\" alt=\"La passerelle des Trois Pays, entre Weil-am-Rhein et Huningue (Copyright: Wikimedia Commons)\" width=\"1024\" height=\"633\" srcset=\"https:\/\/dokdoc.eu\/wp-content\/uploads\/2025\/06\/3_Dreilaenderbruecke_001-300x186.jpg 300w, https:\/\/dokdoc.eu\/wp-content\/uploads\/2025\/06\/3_Dreilaenderbruecke_001-1024x633.jpg 1024w, https:\/\/dokdoc.eu\/wp-content\/uploads\/2025\/06\/3_Dreilaenderbruecke_001-768x475.jpg 768w, https:\/\/dokdoc.eu\/wp-content\/uploads\/2025\/06\/3_Dreilaenderbruecke_001.jpg 1200w\" sizes=\"(max-width: 1024px) 100vw, 1024px\" \/><figcaption id=\"caption-attachment-30419\" class=\"wp-caption-text\">La passerelle des Trois Pays, entre Weil-am-Rhein et Huningue (Copyright: Wikimedia Commons)<\/figcaption><\/figure>\n<p>&nbsp;<\/p>\n<h2><strong>D\u00e9fis de la coop\u00e9ration franco-allemande<\/strong><\/h2>\n<p>Mais la Suisse n\u2019est pas seule responsable. Les Allemands et les Fran\u00e7ais le sont aussi. En Suisse, le franco-allemand n\u2019existe pas vraiment et n\u2019a jamais su s\u2019imposer, restant une reconnaissance institutionnelle marginale. Les initiatives sont rares et anecdotiques. Conscientes des r\u00e9ticences suisses, souvent tacites mais bien r\u00e9elles, les chancelleries fran\u00e7aise et allemande se tiennent \u00e0 distance. Parfois, elles commettent m\u00eame des maladresses diplomatiques, contournant la Suisse pour traiter avec d\u2019autres partenaires. Ainsi, les dialogues franco-autrichiens sur l\u2019Europe, organis\u00e9s dans la capitale f\u00e9d\u00e9rale avec la participation d\u2019un \u00ab h\u00f4te suisse \u00bb, n\u2019ont r\u00e9uni qu\u2019un public clairsem\u00e9. Le public local, ne saisissant ni le sens ni la port\u00e9e de ces rencontres, ne leur a accord\u00e9 qu\u2019un int\u00e9r\u00eat tr\u00e8s limit\u00e9, y compris dans les milieux politiques et culturels bernois.<\/p>\n<p>La France et l\u2019Allemagne ont en outre des regards tr\u00e8s diff\u00e9rents sur la politique int\u00e9rieure suisse. Les d\u00e9bats autour de l\u2019achat de mat\u00e9riel militaire \u2013 fran\u00e7ais ou allemand \u2013 ont \u00e9t\u00e9 vifs, tout comme ceux entre la tr\u00e8s germanophone <em>Schuldenbremse<\/em> et le tr\u00e8s francophone \u00ab\u00a0service public \u00bb. D\u2019autres divergences sont apparues lors de la controverse sur la participation de la Suisse aux programmes europ\u00e9ens de recherche. Avant de l\u2019autoriser, Paris exigea la signature d\u2019un accord pr\u00e9alable et global entre Berne et Bruxelles. \u00c0 l\u2019inverse, Berlin prit ouvertement parti pour le Conseil f\u00e9d\u00e9ral. Pour le gouvernement allemand, les universit\u00e9s suisses devaient pouvoir b\u00e9n\u00e9ficier de ces fonds sans attendre.<\/p>\n<p>Au-del\u00e0 des entreprises, infrastructures, transports ou m\u00e9decine, les antagonismes franco-allemands s\u2019expriment surtout dans les conflits linguistiques, culturels et universitaires. Ici, il n\u2019est plus question de partenariat, mais bien de rivalit\u00e9. Profitant de la libre circulation en Europe, les Allemands ont investi massivement les universit\u00e9s suisses, allant jusqu\u2019\u00e0 exercer une influence d\u00e9terminante sur certaines d\u2019entre elles \u2013 y compris en Romandie. Certains \u00e9pisodes illustrent particuli\u00e8rement bien cette tension : une rectrice, originaire de Rh\u00e9nanie, aurait ainsi refus\u00e9 \u00e0 Jean-Pierre Chev\u00e8nement le droit de r\u00e9pondre aux questions des \u00e9tudiants ; elle aurait \u00e9galement irrit\u00e9 un ministre fran\u00e7ais de la D\u00e9fense, m\u00e9content de l\u2019accueil re\u00e7u lors d\u2019une c\u00e9r\u00e9monie officielle. Enfin, elle aurait invoqu\u00e9 un emp\u00eachement d\u2019agenda pour \u00e9viter de saluer Jean-Marc Ayrault, alors invit\u00e9 d\u2019honneur d\u2019un colloque tenu dans son \u00e9tablissement.<\/p>\n<p>Ce qui peut pr\u00eater \u00e0 sourire ne doit pas \u00eatre pris \u00e0 la l\u00e9g\u00e8re. \u00c0 force de consid\u00e9rer les universit\u00e9s suisses comme une chasse gard\u00e9e, un nombre non n\u00e9gligeable de professeurs allemands semblent se comporter en territoire conquis. Au-del\u00e0 des nombreuses fonctions qu\u2019ils occupent \u2013 recteurs, vice-recteurs ou doyens \u2013, ils imposent leurs approches professionnelles, leurs r\u00e9f\u00e9rences bibliographiques, et surtout leurs m\u00e9thodes acad\u00e9miques. Profitant d\u2019une pr\u00e9sence d\u00e9sormais pr\u00e9dominante, ils nomment leurs compatriotes \u00e0 divers postes d\u2019enseignement \u2013 y compris pour des cours dispens\u00e9s en fran\u00e7ais \u2013, au grand dam de nombreux Romands, dont certains ont \u00e9tudi\u00e9 \u00e0 Paris. Le fran\u00e7ais s\u2019en trouve affaibli, \u00e9clips\u00e9 par l\u2019allemand et de plus en plus par l\u2019anglais. Est-ce cela \u00ab l\u2019amiti\u00e9 franco-allemande \u00bb ? En Suisse, ce d\u00e9s\u00e9quilibre nourrit un repli critique envers ses deux principaux partenaires europ\u00e9ens, fournissant un argument fort aux partisans de la distance vis-\u00e0-vis de l\u2019Europe.<\/p>\n<p><strong>\u00a0<\/strong><\/p>\n<p style=\"text-align: right;\"><em>Cette contribution fait partie d\u2019une discussion ouverte par\u00a0<\/em><a href=\"https:\/\/dokdoc.eu\/politik\/22685\/warum-frankreich-mit-dem-deutsch-franzoesischen-paar-schluss-machen-muss\/\"><em>G\u00e9rard Araud<\/em><\/a><em>\u00a0et\u00a0<\/em><a href=\"https:\/\/dokdoc.eu\/fr\/politique\/22726\/une-revendication-qui-ne-profite-a-personne-reponse-a-gerard-araud\/\"><em>Ulrike Franke<\/em><\/a><em> et prolong\u00e9e par des articles de <\/em><a href=\"https:\/\/dokdoc.eu\/fr\/politique\/23147\/les-relations-franco-allemandes-meritent-mieux-que-cela\/\"><em>Jean-Marie Magro<\/em><\/a><em> et <\/em><a href=\"https:\/\/dokdoc.eu\/fr\/2024\/05\/27\/un-rapprochement-est-il-encore-possible\/\"><em>Klaus Hofmann<\/em><\/a><em>.<\/em><\/p>\n<p><strong>\u00a0<\/strong><\/p>\n<h2><strong>L\u2019auteur<\/strong><\/h2>\n<figure id=\"attachment_30421\" aria-describedby=\"caption-attachment-30421\" style=\"width: 225px\" class=\"wp-caption alignleft\"><img loading=\"lazy\" decoding=\"async\" class=\"wp-image-30421 size-medium\" src=\"https:\/\/dokdoc.eu\/wp-content\/uploads\/2025\/06\/4_Photo-Gilbert-Casasus-Vanessa-Scarpati-225x300.jpg\" alt=\"Copyright: priv\u00e9\" width=\"225\" height=\"300\" srcset=\"https:\/\/dokdoc.eu\/wp-content\/uploads\/2025\/06\/4_Photo-Gilbert-Casasus-Vanessa-Scarpati-225x300.jpg 225w, https:\/\/dokdoc.eu\/wp-content\/uploads\/2025\/06\/4_Photo-Gilbert-Casasus-Vanessa-Scarpati-768x1024.jpg 768w, https:\/\/dokdoc.eu\/wp-content\/uploads\/2025\/06\/4_Photo-Gilbert-Casasus-Vanessa-Scarpati-1152x1536.jpg 1152w, https:\/\/dokdoc.eu\/wp-content\/uploads\/2025\/06\/4_Photo-Gilbert-Casasus-Vanessa-Scarpati.jpg 1200w\" sizes=\"(max-width: 225px) 100vw, 225px\" \/><figcaption id=\"caption-attachment-30421\" class=\"wp-caption-text\">Copyright: priv\u00e9<\/figcaption><\/figure>\n<p><em>Gilbert Casasus est professeur \u00e9m\u00e9rite en \u00c9tudes europ\u00e9ennes de l\u2019Universit\u00e9 bilingue de Fribourg en Suisse. Politiste franco-suisse, dipl\u00f4m\u00e9 de l\u2019IEP de Lyon et docteur \u00e8s science politique de l\u2019Universit\u00e9 de Munich, il a d\u00e9but\u00e9 sa carri\u00e8re professionnelle au sein d\u2019institutions franco-allemandes, dont l\u2019OFAJ, avant d\u2019entamer une carri\u00e8re universitaire aupr\u00e8s des universit\u00e9s de I\u00e9na, Gen\u00e8ve, Weimar et Grenoble de m\u00eame qu\u2019aupr\u00e8s du Cycle franco-allemand de Sciences Po Paris \u00e0 Nancy. Sp\u00e9cialiste reconnu et critique de la politique europ\u00e9enne, il est l\u2019auteur de plusieurs ouvrages, dont le dernier, paru en 2024 aupr\u00e8s des \u00e9ditions genevoises Slatkine, s\u2019intitule \u00ab\u00a0Suisse \u2013 Europe, Je t\u2019aime, moi non plus\u00a0!\u00a0\u00bb. <\/em><\/p>\n<p>&nbsp;<\/p>\n<h2><\/h2>\n<p>&nbsp;<\/p>\n","protected":false},"excerpt":{"rendered":"<p>En Suisse, la relation franco-allemande est surtout une histoire de rivalit\u00e9. Berne quant \u00e0 elle, garde ses distances \u2013 souvent au d\u00e9triment de sa politique europ\u00e9enne.<\/p>\n","protected":false},"author":1,"featured_media":30415,"comment_status":"closed","ping_status":"closed","sticky":false,"template":"","format":"standard","meta":{"om_disable_all_campaigns":false,"_monsterinsights_skip_tracking":false,"_monsterinsights_sitenote_active":false,"_monsterinsights_sitenote_note":"","_monsterinsights_sitenote_category":0,"_uf_show_specific_survey":0,"_uf_disable_surveys":false,"footnotes":""},"categories":[114],"tags":[1936,1928,1937,1939,1933,1943,1934,1938,1926,1942,869,1868,1929,1932,1931,568,1945,1927,1944,577,1925,1930,1940,1941,1935],"ppma_author":[1903],"class_list":["post-30423","post","type-post","status-publish","format-standard","has-post-thumbnail","hentry","category-politique-fr-2","tag-aele","tag-berne","tag-conseil-de-leurope","tag-cooperation-transfrontaliere","tag-democratie-liberale","tag-desequilibre-culturel","tag-dialectes","tag-dreilaendereck","tag-franco-allemand","tag-influence-allemande","tag-integration-europeenne","tag-langue-francaise","tag-multilinguisme","tag-neutralite","tag-particularisme","tag-politique-europeenne","tag-regio-basiliensis-fr","tag-rivalite","tag-romandie-fr","tag-souverainete","tag-suisse","tag-suisse-allemand","tag-tensions-linguistiques","tag-universites-suisses","tag-voie-bilaterale"],"yoast_head":"<!-- This site is optimized with the Yoast SEO plugin v27.5 - https:\/\/yoast.com\/product\/yoast-seo-wordpress\/ -->\n<title>Est-ce cela \u00ab l\u2019amiti\u00e9 franco-allemande \u00bb ? - dokdoc.eu<\/title>\n<meta name=\"robots\" content=\"index, follow, max-snippet:-1, max-image-preview:large, max-video-preview:-1\" \/>\n<link rel=\"canonical\" href=\"https:\/\/dokdoc.eu\/fr\/2025\/06\/23\/est-ce-cela-lamitie-franco-allemande\/\" \/>\n<meta property=\"og:locale\" content=\"fr_FR\" \/>\n<meta property=\"og:type\" content=\"article\" \/>\n<meta property=\"og:title\" content=\"Est-ce cela \u00ab l\u2019amiti\u00e9 franco-allemande \u00bb ? - dokdoc.eu\" \/>\n<meta property=\"og:description\" content=\"En Suisse, la relation franco-allemande est surtout une histoire de rivalit\u00e9. Berne quant \u00e0 elle, garde ses distances \u2013 souvent au d\u00e9triment de sa politique europ\u00e9enne.\" \/>\n<meta property=\"og:url\" content=\"https:\/\/dokdoc.eu\/fr\/2025\/06\/23\/est-ce-cela-lamitie-franco-allemande\/\" \/>\n<meta property=\"og:site_name\" content=\"dokdoc.eu\" \/>\n<meta property=\"article:published_time\" content=\"2025-06-23T14:38:46+00:00\" \/>\n<meta property=\"article:modified_time\" content=\"2025-06-23T18:31:38+00:00\" \/>\n<meta property=\"og:image\" content=\"https:\/\/dokdoc.eu\/wp-content\/uploads\/2025\/06\/1_RM5JMN-scaled.jpg\" \/>\n\t<meta property=\"og:image:width\" content=\"2560\" \/>\n\t<meta property=\"og:image:height\" content=\"1440\" \/>\n\t<meta property=\"og:image:type\" content=\"image\/jpeg\" \/>\n<meta name=\"author\" content=\"Gilbert Casasus\" \/>\n<meta name=\"twitter:card\" content=\"summary_large_image\" \/>\n<meta name=\"twitter:label1\" content=\"\u00c9crit par\" \/>\n\t<meta name=\"twitter:data1\" content=\"RochowMedienagentur\" \/>\n\t<meta name=\"twitter:label2\" content=\"Dur\u00e9e de lecture estim\u00e9e\" \/>\n\t<meta name=\"twitter:data2\" content=\"9 minutes\" \/>\n<script type=\"application\/ld+json\" class=\"yoast-schema-graph\">{\"@context\":\"https:\\\/\\\/schema.org\",\"@graph\":[{\"@type\":\"Article\",\"@id\":\"https:\\\/\\\/dokdoc.eu\\\/fr\\\/2025\\\/06\\\/23\\\/est-ce-cela-lamitie-franco-allemande\\\/#article\",\"isPartOf\":{\"@id\":\"https:\\\/\\\/dokdoc.eu\\\/fr\\\/2025\\\/06\\\/23\\\/est-ce-cela-lamitie-franco-allemande\\\/\"},\"author\":{\"name\":\"RochowMedienagentur\",\"@id\":\"https:\\\/\\\/dokdoc.eu\\\/fr\\\/#\\\/schema\\\/person\\\/d760e6e53df901fd9522f1d3a1e46621\"},\"headline\":\"Est-ce cela \u00ab l\u2019amiti\u00e9 franco-allemande \u00bb ?\",\"datePublished\":\"2025-06-23T14:38:46+00:00\",\"dateModified\":\"2025-06-23T18:31:38+00:00\",\"mainEntityOfPage\":{\"@id\":\"https:\\\/\\\/dokdoc.eu\\\/fr\\\/2025\\\/06\\\/23\\\/est-ce-cela-lamitie-franco-allemande\\\/\"},\"wordCount\":1687,\"publisher\":{\"@id\":\"https:\\\/\\\/dokdoc.eu\\\/fr\\\/#organization\"},\"image\":{\"@id\":\"https:\\\/\\\/dokdoc.eu\\\/fr\\\/2025\\\/06\\\/23\\\/est-ce-cela-lamitie-franco-allemande\\\/#primaryimage\"},\"thumbnailUrl\":\"https:\\\/\\\/dokdoc.eu\\\/wp-content\\\/uploads\\\/2025\\\/06\\\/1_RM5JMN-scaled.jpg\",\"keywords\":[\"AELE\",\"Berne\",\"Conseil de l\u2019Europe\",\"coop\u00e9ration transfrontali\u00e8re\",\"d\u00e9mocratie lib\u00e9rale\",\"d\u00e9s\u00e9quilibre culturel\",\"dialectes\",\"Dreil\u00e4ndereck\",\"franco-allemand\",\"influence allemande\",\"int\u00e9gration europ\u00e9enne\",\"Langue fran\u00e7aise\",\"multilinguisme\",\"neutralit\u00e9\",\"particularisme\",\"politique europ\u00e9enne\",\"Regio Basiliensis\",\"rivalit\u00e9\",\"Romandie\",\"souverainet\u00e9\",\"Suisse\",\"suisse allemand\",\"tensions linguistiques\",\"universit\u00e9s suisses\",\"voie bilat\u00e9rale\"],\"articleSection\":[\"Politique\"],\"inLanguage\":\"fr-FR\"},{\"@type\":\"WebPage\",\"@id\":\"https:\\\/\\\/dokdoc.eu\\\/fr\\\/2025\\\/06\\\/23\\\/est-ce-cela-lamitie-franco-allemande\\\/\",\"url\":\"https:\\\/\\\/dokdoc.eu\\\/fr\\\/2025\\\/06\\\/23\\\/est-ce-cela-lamitie-franco-allemande\\\/\",\"name\":\"Est-ce cela \u00ab l\u2019amiti\u00e9 franco-allemande \u00bb ? - dokdoc.eu\",\"isPartOf\":{\"@id\":\"https:\\\/\\\/dokdoc.eu\\\/fr\\\/#website\"},\"primaryImageOfPage\":{\"@id\":\"https:\\\/\\\/dokdoc.eu\\\/fr\\\/2025\\\/06\\\/23\\\/est-ce-cela-lamitie-franco-allemande\\\/#primaryimage\"},\"image\":{\"@id\":\"https:\\\/\\\/dokdoc.eu\\\/fr\\\/2025\\\/06\\\/23\\\/est-ce-cela-lamitie-franco-allemande\\\/#primaryimage\"},\"thumbnailUrl\":\"https:\\\/\\\/dokdoc.eu\\\/wp-content\\\/uploads\\\/2025\\\/06\\\/1_RM5JMN-scaled.jpg\",\"datePublished\":\"2025-06-23T14:38:46+00:00\",\"dateModified\":\"2025-06-23T18:31:38+00:00\",\"breadcrumb\":{\"@id\":\"https:\\\/\\\/dokdoc.eu\\\/fr\\\/2025\\\/06\\\/23\\\/est-ce-cela-lamitie-franco-allemande\\\/#breadcrumb\"},\"inLanguage\":\"fr-FR\",\"potentialAction\":[{\"@type\":\"ReadAction\",\"target\":[\"https:\\\/\\\/dokdoc.eu\\\/fr\\\/2025\\\/06\\\/23\\\/est-ce-cela-lamitie-franco-allemande\\\/\"]}]},{\"@type\":\"ImageObject\",\"inLanguage\":\"fr-FR\",\"@id\":\"https:\\\/\\\/dokdoc.eu\\\/fr\\\/2025\\\/06\\\/23\\\/est-ce-cela-lamitie-franco-allemande\\\/#primaryimage\",\"url\":\"https:\\\/\\\/dokdoc.eu\\\/wp-content\\\/uploads\\\/2025\\\/06\\\/1_RM5JMN-scaled.jpg\",\"contentUrl\":\"https:\\\/\\\/dokdoc.eu\\\/wp-content\\\/uploads\\\/2025\\\/06\\\/1_RM5JMN-scaled.jpg\",\"width\":2560,\"height\":1440,\"caption\":\"RM5JMN EuroAirport Basel Mulhouse Freiburg exit to France and Germany to the left or Switzerland to the right, Saint-Louis, France, Europe\"},{\"@type\":\"BreadcrumbList\",\"@id\":\"https:\\\/\\\/dokdoc.eu\\\/fr\\\/2025\\\/06\\\/23\\\/est-ce-cela-lamitie-franco-allemande\\\/#breadcrumb\",\"itemListElement\":[{\"@type\":\"ListItem\",\"position\":1,\"name\":\"Startseite\",\"item\":\"https:\\\/\\\/dokdoc.eu\\\/fr\\\/\"},{\"@type\":\"ListItem\",\"position\":2,\"name\":\"Est-ce cela \u00ab l\u2019amiti\u00e9 franco-allemande \u00bb ?\"}]},{\"@type\":\"WebSite\",\"@id\":\"https:\\\/\\\/dokdoc.eu\\\/fr\\\/#website\",\"url\":\"https:\\\/\\\/dokdoc.eu\\\/fr\\\/\",\"name\":\"dokdoc.eu\",\"description\":\"\",\"publisher\":{\"@id\":\"https:\\\/\\\/dokdoc.eu\\\/fr\\\/#organization\"},\"potentialAction\":[{\"@type\":\"SearchAction\",\"target\":{\"@type\":\"EntryPoint\",\"urlTemplate\":\"https:\\\/\\\/dokdoc.eu\\\/fr\\\/?s={search_term_string}\"},\"query-input\":{\"@type\":\"PropertyValueSpecification\",\"valueRequired\":true,\"valueName\":\"search_term_string\"}}],\"inLanguage\":\"fr-FR\"},{\"@type\":\"Organization\",\"@id\":\"https:\\\/\\\/dokdoc.eu\\\/fr\\\/#organization\",\"name\":\"dokdoc.eu\",\"url\":\"https:\\\/\\\/dokdoc.eu\\\/fr\\\/\",\"logo\":{\"@type\":\"ImageObject\",\"inLanguage\":\"fr-FR\",\"@id\":\"https:\\\/\\\/dokdoc.eu\\\/fr\\\/#\\\/schema\\\/logo\\\/image\\\/\",\"url\":\"https:\\\/\\\/dokdoc.eu\\\/wp-content\\\/uploads\\\/2019\\\/08\\\/cropped-logo_dokdoc-e1720795013301.png\",\"contentUrl\":\"https:\\\/\\\/dokdoc.eu\\\/wp-content\\\/uploads\\\/2019\\\/08\\\/cropped-logo_dokdoc-e1720795013301.png\",\"width\":150,\"height\":110,\"caption\":\"dokdoc.eu\"},\"image\":{\"@id\":\"https:\\\/\\\/dokdoc.eu\\\/fr\\\/#\\\/schema\\\/logo\\\/image\\\/\"}},{\"@type\":\"Person\",\"@id\":\"https:\\\/\\\/dokdoc.eu\\\/fr\\\/#\\\/schema\\\/person\\\/d760e6e53df901fd9522f1d3a1e46621\",\"name\":\"RochowMedienagentur\",\"image\":{\"@type\":\"ImageObject\",\"inLanguage\":\"fr-FR\",\"@id\":\"https:\\\/\\\/dokdoc.eu\\\/wp-content\\\/uploads\\\/2019\\\/08\\\/cropped-logo_dokdoc-e1720795013301.png830075fd1c1a1f70247b47fa84cf0f00\",\"url\":\"https:\\\/\\\/dokdoc.eu\\\/wp-content\\\/uploads\\\/2019\\\/08\\\/cropped-logo_dokdoc-e1720795013301.png\",\"contentUrl\":\"https:\\\/\\\/dokdoc.eu\\\/wp-content\\\/uploads\\\/2019\\\/08\\\/cropped-logo_dokdoc-e1720795013301.png\",\"caption\":\"RochowMedienagentur\"},\"sameAs\":[\"https:\\\/\\\/dokdoc.eu\"],\"url\":\"https:\\\/\\\/dokdoc.eu\\\/fr\\\/author\\\/rochowmedienagentur\\\/\"}]}<\/script>\n<!-- \/ Yoast SEO plugin. -->","yoast_head_json":{"title":"Est-ce cela \u00ab l\u2019amiti\u00e9 franco-allemande \u00bb ? - dokdoc.eu","robots":{"index":"index","follow":"follow","max-snippet":"max-snippet:-1","max-image-preview":"max-image-preview:large","max-video-preview":"max-video-preview:-1"},"canonical":"https:\/\/dokdoc.eu\/fr\/2025\/06\/23\/est-ce-cela-lamitie-franco-allemande\/","og_locale":"fr_FR","og_type":"article","og_title":"Est-ce cela \u00ab l\u2019amiti\u00e9 franco-allemande \u00bb ? - dokdoc.eu","og_description":"En Suisse, la relation franco-allemande est surtout une histoire de rivalit\u00e9. Berne quant \u00e0 elle, garde ses distances \u2013 souvent au d\u00e9triment de sa politique europ\u00e9enne.","og_url":"https:\/\/dokdoc.eu\/fr\/2025\/06\/23\/est-ce-cela-lamitie-franco-allemande\/","og_site_name":"dokdoc.eu","article_published_time":"2025-06-23T14:38:46+00:00","article_modified_time":"2025-06-23T18:31:38+00:00","og_image":[{"width":2560,"height":1440,"url":"https:\/\/dokdoc.eu\/wp-content\/uploads\/2025\/06\/1_RM5JMN-scaled.jpg","type":"image\/jpeg"}],"author":"Gilbert Casasus","twitter_card":"summary_large_image","twitter_misc":{"\u00c9crit par":"RochowMedienagentur","Dur\u00e9e de lecture estim\u00e9e":"9 minutes"},"schema":{"@context":"https:\/\/schema.org","@graph":[{"@type":"Article","@id":"https:\/\/dokdoc.eu\/fr\/2025\/06\/23\/est-ce-cela-lamitie-franco-allemande\/#article","isPartOf":{"@id":"https:\/\/dokdoc.eu\/fr\/2025\/06\/23\/est-ce-cela-lamitie-franco-allemande\/"},"author":{"name":"RochowMedienagentur","@id":"https:\/\/dokdoc.eu\/fr\/#\/schema\/person\/d760e6e53df901fd9522f1d3a1e46621"},"headline":"Est-ce cela \u00ab l\u2019amiti\u00e9 franco-allemande \u00bb ?","datePublished":"2025-06-23T14:38:46+00:00","dateModified":"2025-06-23T18:31:38+00:00","mainEntityOfPage":{"@id":"https:\/\/dokdoc.eu\/fr\/2025\/06\/23\/est-ce-cela-lamitie-franco-allemande\/"},"wordCount":1687,"publisher":{"@id":"https:\/\/dokdoc.eu\/fr\/#organization"},"image":{"@id":"https:\/\/dokdoc.eu\/fr\/2025\/06\/23\/est-ce-cela-lamitie-franco-allemande\/#primaryimage"},"thumbnailUrl":"https:\/\/dokdoc.eu\/wp-content\/uploads\/2025\/06\/1_RM5JMN-scaled.jpg","keywords":["AELE","Berne","Conseil de l\u2019Europe","coop\u00e9ration transfrontali\u00e8re","d\u00e9mocratie lib\u00e9rale","d\u00e9s\u00e9quilibre culturel","dialectes","Dreil\u00e4ndereck","franco-allemand","influence allemande","int\u00e9gration europ\u00e9enne","Langue fran\u00e7aise","multilinguisme","neutralit\u00e9","particularisme","politique europ\u00e9enne","Regio Basiliensis","rivalit\u00e9","Romandie","souverainet\u00e9","Suisse","suisse allemand","tensions linguistiques","universit\u00e9s suisses","voie bilat\u00e9rale"],"articleSection":["Politique"],"inLanguage":"fr-FR"},{"@type":"WebPage","@id":"https:\/\/dokdoc.eu\/fr\/2025\/06\/23\/est-ce-cela-lamitie-franco-allemande\/","url":"https:\/\/dokdoc.eu\/fr\/2025\/06\/23\/est-ce-cela-lamitie-franco-allemande\/","name":"Est-ce cela \u00ab l\u2019amiti\u00e9 franco-allemande \u00bb ? - dokdoc.eu","isPartOf":{"@id":"https:\/\/dokdoc.eu\/fr\/#website"},"primaryImageOfPage":{"@id":"https:\/\/dokdoc.eu\/fr\/2025\/06\/23\/est-ce-cela-lamitie-franco-allemande\/#primaryimage"},"image":{"@id":"https:\/\/dokdoc.eu\/fr\/2025\/06\/23\/est-ce-cela-lamitie-franco-allemande\/#primaryimage"},"thumbnailUrl":"https:\/\/dokdoc.eu\/wp-content\/uploads\/2025\/06\/1_RM5JMN-scaled.jpg","datePublished":"2025-06-23T14:38:46+00:00","dateModified":"2025-06-23T18:31:38+00:00","breadcrumb":{"@id":"https:\/\/dokdoc.eu\/fr\/2025\/06\/23\/est-ce-cela-lamitie-franco-allemande\/#breadcrumb"},"inLanguage":"fr-FR","potentialAction":[{"@type":"ReadAction","target":["https:\/\/dokdoc.eu\/fr\/2025\/06\/23\/est-ce-cela-lamitie-franco-allemande\/"]}]},{"@type":"ImageObject","inLanguage":"fr-FR","@id":"https:\/\/dokdoc.eu\/fr\/2025\/06\/23\/est-ce-cela-lamitie-franco-allemande\/#primaryimage","url":"https:\/\/dokdoc.eu\/wp-content\/uploads\/2025\/06\/1_RM5JMN-scaled.jpg","contentUrl":"https:\/\/dokdoc.eu\/wp-content\/uploads\/2025\/06\/1_RM5JMN-scaled.jpg","width":2560,"height":1440,"caption":"RM5JMN EuroAirport Basel Mulhouse Freiburg exit to France and Germany to the left or Switzerland to the right, Saint-Louis, France, Europe"},{"@type":"BreadcrumbList","@id":"https:\/\/dokdoc.eu\/fr\/2025\/06\/23\/est-ce-cela-lamitie-franco-allemande\/#breadcrumb","itemListElement":[{"@type":"ListItem","position":1,"name":"Startseite","item":"https:\/\/dokdoc.eu\/fr\/"},{"@type":"ListItem","position":2,"name":"Est-ce cela \u00ab l\u2019amiti\u00e9 franco-allemande \u00bb ?"}]},{"@type":"WebSite","@id":"https:\/\/dokdoc.eu\/fr\/#website","url":"https:\/\/dokdoc.eu\/fr\/","name":"dokdoc.eu","description":"","publisher":{"@id":"https:\/\/dokdoc.eu\/fr\/#organization"},"potentialAction":[{"@type":"SearchAction","target":{"@type":"EntryPoint","urlTemplate":"https:\/\/dokdoc.eu\/fr\/?s={search_term_string}"},"query-input":{"@type":"PropertyValueSpecification","valueRequired":true,"valueName":"search_term_string"}}],"inLanguage":"fr-FR"},{"@type":"Organization","@id":"https:\/\/dokdoc.eu\/fr\/#organization","name":"dokdoc.eu","url":"https:\/\/dokdoc.eu\/fr\/","logo":{"@type":"ImageObject","inLanguage":"fr-FR","@id":"https:\/\/dokdoc.eu\/fr\/#\/schema\/logo\/image\/","url":"https:\/\/dokdoc.eu\/wp-content\/uploads\/2019\/08\/cropped-logo_dokdoc-e1720795013301.png","contentUrl":"https:\/\/dokdoc.eu\/wp-content\/uploads\/2019\/08\/cropped-logo_dokdoc-e1720795013301.png","width":150,"height":110,"caption":"dokdoc.eu"},"image":{"@id":"https:\/\/dokdoc.eu\/fr\/#\/schema\/logo\/image\/"}},{"@type":"Person","@id":"https:\/\/dokdoc.eu\/fr\/#\/schema\/person\/d760e6e53df901fd9522f1d3a1e46621","name":"RochowMedienagentur","image":{"@type":"ImageObject","inLanguage":"fr-FR","@id":"https:\/\/dokdoc.eu\/wp-content\/uploads\/2019\/08\/cropped-logo_dokdoc-e1720795013301.png830075fd1c1a1f70247b47fa84cf0f00","url":"https:\/\/dokdoc.eu\/wp-content\/uploads\/2019\/08\/cropped-logo_dokdoc-e1720795013301.png","contentUrl":"https:\/\/dokdoc.eu\/wp-content\/uploads\/2019\/08\/cropped-logo_dokdoc-e1720795013301.png","caption":"RochowMedienagentur"},"sameAs":["https:\/\/dokdoc.eu"],"url":"https:\/\/dokdoc.eu\/fr\/author\/rochowmedienagentur\/"}]}},"authors":[{"term_id":1903,"user_id":0,"is_guest":1,"slug":"gilbert-casasus","display_name":"Gilbert Casasus","avatar_url":{"url":"https:\/\/dokdoc.eu\/wp-content\/uploads\/2025\/11\/4_Photo-Gilbert-Casasus-Vanessa-Scarpati-klein.jpg","url2x":"https:\/\/dokdoc.eu\/wp-content\/uploads\/2025\/11\/4_Photo-Gilbert-Casasus-Vanessa-Scarpati-klein.jpg"},"0":null,"1":"","2":"","3":"","4":"","5":"","6":"","7":"","8":""}],"_links":{"self":[{"href":"https:\/\/dokdoc.eu\/fr\/wp-json\/wp\/v2\/posts\/30423","targetHints":{"allow":["GET"]}}],"collection":[{"href":"https:\/\/dokdoc.eu\/fr\/wp-json\/wp\/v2\/posts"}],"about":[{"href":"https:\/\/dokdoc.eu\/fr\/wp-json\/wp\/v2\/types\/post"}],"author":[{"embeddable":true,"href":"https:\/\/dokdoc.eu\/fr\/wp-json\/wp\/v2\/users\/1"}],"replies":[{"embeddable":true,"href":"https:\/\/dokdoc.eu\/fr\/wp-json\/wp\/v2\/comments?post=30423"}],"version-history":[{"count":3,"href":"https:\/\/dokdoc.eu\/fr\/wp-json\/wp\/v2\/posts\/30423\/revisions"}],"predecessor-version":[{"id":30441,"href":"https:\/\/dokdoc.eu\/fr\/wp-json\/wp\/v2\/posts\/30423\/revisions\/30441"}],"wp:featuredmedia":[{"embeddable":true,"href":"https:\/\/dokdoc.eu\/fr\/wp-json\/wp\/v2\/media\/30415"}],"wp:attachment":[{"href":"https:\/\/dokdoc.eu\/fr\/wp-json\/wp\/v2\/media?parent=30423"}],"wp:term":[{"taxonomy":"category","embeddable":true,"href":"https:\/\/dokdoc.eu\/fr\/wp-json\/wp\/v2\/categories?post=30423"},{"taxonomy":"post_tag","embeddable":true,"href":"https:\/\/dokdoc.eu\/fr\/wp-json\/wp\/v2\/tags?post=30423"},{"taxonomy":"author","embeddable":true,"href":"https:\/\/dokdoc.eu\/fr\/wp-json\/wp\/v2\/ppma_author?post=30423"}],"curies":[{"name":"wp","href":"https:\/\/api.w.org\/{rel}","templated":true}]}}