{"id":30550,"date":"2025-07-07T21:51:21","date_gmt":"2025-07-07T19:51:21","guid":{"rendered":"https:\/\/dokdoc.eu\/?p=30550"},"modified":"2025-08-29T11:32:48","modified_gmt":"2025-08-29T09:32:48","slug":"du-spoutnik-au-franco-allemand","status":"publish","type":"post","link":"https:\/\/dokdoc.eu\/fr\/2025\/07\/07\/du-spoutnik-au-franco-allemand\/","title":{"rendered":"Du Spoutnik au franco-allemand"},"content":{"rendered":"<figure id=\"attachment_30542\" aria-describedby=\"caption-attachment-30542\" style=\"width: 1024px\" class=\"wp-caption aligncenter\"><img fetchpriority=\"high\" decoding=\"async\" class=\"wp-image-30542\" src=\"https:\/\/dokdoc.eu\/wp-content\/uploads\/2025\/07\/1_Ansichten_des_Koeln_Hauptbahnhof_03-300x200.jpg\" alt=\"La gare centrale de Cologne vue de l'int\u00e9rieur (Copyright: Wikimedia Commons)\" width=\"1024\" height=\"683\" srcset=\"https:\/\/dokdoc.eu\/wp-content\/uploads\/2025\/07\/1_Ansichten_des_Koeln_Hauptbahnhof_03-300x200.jpg 300w, https:\/\/dokdoc.eu\/wp-content\/uploads\/2025\/07\/1_Ansichten_des_Koeln_Hauptbahnhof_03-1024x683.jpg 1024w, https:\/\/dokdoc.eu\/wp-content\/uploads\/2025\/07\/1_Ansichten_des_Koeln_Hauptbahnhof_03-768x512.jpg 768w, https:\/\/dokdoc.eu\/wp-content\/uploads\/2025\/07\/1_Ansichten_des_Koeln_Hauptbahnhof_03-1536x1024.jpg 1536w, https:\/\/dokdoc.eu\/wp-content\/uploads\/2025\/07\/1_Ansichten_des_Koeln_Hauptbahnhof_03-2048x1365.jpg 2048w\" sizes=\"(max-width: 1024px) 100vw, 1024px\" \/><figcaption id=\"caption-attachment-30542\" class=\"wp-caption-text\">La gare centrale de Cologne vue de l&rsquo;int\u00e9rieur (Copyright: Wikimedia Commons)<\/figcaption><\/figure>\n<p><strong>Le m\u00e9tier de journaliste offre \u00e0 ceux qui l\u2019embrassent de nombreuses possibilit\u00e9s de contacts et d\u2019\u00e9changes, parfois per\u00e7us comme des privil\u00e8ges. Pourtant, cette profession peut aussi se mettre au service d\u2019autrui \u2013 notamment dans le cadre des relations franco-allemandes. Quel d\u00e9clic initial suscite ces vocations et bouleverse parfois des parcours professionnels ?<\/strong><!--more--><\/p>\n<p>&nbsp;<\/p>\n<p>Pour les uns, un \u00e9v\u00e9nement politique ou sportif peut \u00eatre \u00e0 l\u2019origine d\u2019un engagement personnel. Pour d\u2019autres, la lecture d\u2019un livre original, la projection d\u2019un film ou la rencontre avec une personnalit\u00e9 peuvent \u00eatre d\u00e9terminantes. En ce qui me concerne, le hasard a bien fait les choses\u00a0: une modeste exposition de photos en 1959 \u00e0 Orl\u00e9ans, consacr\u00e9e au premier satellite artificiel <em>Spoutnik<\/em>, envoy\u00e9 deux ans plus t\u00f4t, a provoqu\u00e9 une r\u00e9elle fascination pour les premiers balbutiements de la conqu\u00eate spatiale. Quel rapport avec l\u2019Allemagne\u00a0? \u00c0 l\u2019\u00e2ge de 10 ans, on ne se pose pas de question, mais une d\u00e9cennie plus tard, apr\u00e8s une adolescence marqu\u00e9e par les premiers pas de l\u2019homme sur la Lune, j\u2019en savais un peu plus sur les origines de cette conqu\u00eate prometteuse. Un constructeur allemand, qui avait d\u00e9ploy\u00e9 de nouvelles armes pendant la Seconde Guerre mondiale, avait mis ses visions et ses pr\u00e9visions au service des \u00c9tats-Unis. Son nom : Wernher von Braun (que j\u2019appelais alors, \u00e0 la fran\u00e7aise, \u00ab\u202fWern\u00e8re vonne Bronne\u202f\u00bb).<\/p>\n<p>\u00c0 l\u2019\u00e9poque, je parlais encore un allemand trop scolaire pour comprendre le destin de cet homme. Mais peu \u00e0 peu, je pressentais qu\u2019il se jouait l\u00e0 quelque chose d\u2019essentiel. Je me suis dit que je ferais des \u00e9tudes d\u2019allemand, que je deviendrais journaliste, pour suivre pas \u00e0 pas les \u00e9tapes de cette aventure spatiale, les raconter \u00e0 Monsieur Tout-le-Monde \u2014 et peut-\u00eatre, un jour, voir la plan\u00e8te Terre d\u2019un peu plus haut. On peut r\u00eaver\u2026 Sans vraiment en avoir conscience, j\u2019avais trouv\u00e9 ma voie.<\/p>\n<p>&nbsp;<\/p>\n<h2><strong>Comme l\u2019autre\u00a0?<\/strong><\/h2>\n<p>Non, je n\u2019ai pas eu l\u2019occasion de faire la connaissance de ce c\u00e9l\u00e8bre constructeur allemand. Mais quelle surprise, en pleine \u00e8re des vols Apollo et au d\u00e9but de ma carri\u00e8re de journaliste, de croiser \u00e0 Bonn un diplomate allemand n\u00e9 en 1911. Cet homme charmant et affable, francophile assum\u00e9, avait pass\u00e9 son baccalaur\u00e9at au Lyc\u00e9e fran\u00e7ais de Berlin en 1919. Il exercera par la suite \u00e0 deux reprises les hautes fonctions d\u2019ambassadeur de la R\u00e9publique f\u00e9d\u00e9rale \u00e0 Paris : de 1968 \u00e0 1970, puis de 1972 \u00e0 1976. Apprenant que je suis Fran\u00e7ais, licenci\u00e9 d\u2019allemand et form\u00e9 au journalisme \u00e0 M\u00fcnster, il vient vers moi et se pr\u00e9sente : \u00ab von Braun \u00bb. Je sursaute et ne trouve pour toute r\u00e9ponse qu\u2019une remarque sibylline, gentiment insolente, en forme d\u2019interrogation : \u00ab Comme l\u2019autre ? \u00bb Il sourit : \u00ab Oui, je suis Sigismund von Braun, le fr\u00e8re a\u00een\u00e9 de Wernher. \u00bb<\/p>\n<figure id=\"attachment_30544\" aria-describedby=\"caption-attachment-30544\" style=\"width: 222px\" class=\"wp-caption alignleft\"><img decoding=\"async\" class=\"wp-image-30544 size-medium\" src=\"https:\/\/dokdoc.eu\/wp-content\/uploads\/2025\/07\/2_Presentation-des-lettres-de-creances-de-son-Excellence-Monsieur-le-Baron-Sigismu-222x300.jpeg\" alt=\"Pr\u00e9sentation des lettres de cr\u00e9ances de son Excellence Baron Sigismund von Braun \u00e0 Georges Pompidou, Paris, 16 novembre 1972 (Copyright: MEAE)\" width=\"222\" height=\"300\" srcset=\"https:\/\/dokdoc.eu\/wp-content\/uploads\/2025\/07\/2_Presentation-des-lettres-de-creances-de-son-Excellence-Monsieur-le-Baron-Sigismu-222x300.jpeg 222w, https:\/\/dokdoc.eu\/wp-content\/uploads\/2025\/07\/2_Presentation-des-lettres-de-creances-de-son-Excellence-Monsieur-le-Baron-Sigismu.jpeg 326w\" sizes=\"(max-width: 222px) 100vw, 222px\" \/><figcaption id=\"caption-attachment-30544\" class=\"wp-caption-text\">Pr\u00e9sentation des lettres de cr\u00e9ances de son Excellence Baron Sigismund von Braun \u00e0 Georges Pompidou, Paris, 16 novembre 1972 (Copyright: MEAE)<\/figcaption><\/figure>\n<p>De ce court \u00e9change na\u00eet une sinc\u00e8re amiti\u00e9 et chaque nouvelle rencontre, \u00e0 Bonn, sera l\u2019occasion d\u2019\u00e9voquer, trop rapidement h\u00e9las, des questions, aujourd\u2019hui encore essentielles, comme l\u2019information par les \u00e9changes r\u00e9ciproques, la r\u00e9conciliation par le dialogue, la relativisation des id\u00e9es re\u00e7ues et m\u00eame le difficile sujet du d\u00e9ploiement d\u2019armes de plus en plus sophistiqu\u00e9es au service non plus de la guerre, mais de la d\u00e9fense des peuples avides de paix. C\u2019est gr\u00e2ce \u00e0 lui \u2013 et \u00e0 son \u00e9pouse, qui l\u2019accompagnait souvent dans ses d\u00e9placements \u2013 que j\u2019ai pu, et su, recentrer mes r\u00e9flexions sur d\u2019autres combats que ceux entre \u00ab ennemis h\u00e9r\u00e9ditaires \u00bb et (notamment) concentrer mes observations sur les pr\u00e9jug\u00e9s tenaces qui collent \u00e0 la peau des Fran\u00e7ais et des Allemands, pourtant r\u00e9concili\u00e9s depuis 1963 par le Trait\u00e9 de l\u2019\u00c9lys\u00e9e. Sigismund von Braun favorisait la sinc\u00e9rit\u00e9 des jugements et le respect des opinions de ses interlocuteurs tout en refusant une vision \u00ab\u00a0romantique\u00a0\u00bb de la r\u00e9conciliation franco-allemande.<\/p>\n<p>&nbsp;<\/p>\n<h2><strong>La Marseillaise en gare de Cologne<\/strong><\/h2>\n<p>Lorsque, simple \u00e9colier, je m\u2019\u00e9tais rendu pour la premi\u00e8re fois en Allemagne dans le cadre d\u2019un \u00e9change scolaire (1964), le train qui transportait quelque 150 \u00e0 200 jeunes des lyc\u00e9es de la r\u00e9gion orl\u00e9anaise marqua une halte prolong\u00e9e \u00e0 la gare de Cologne. C\u2019\u00e9tait l\u2019\u00e9poque, o\u00f9 l\u2019on pouvait encore ouvrir les fen\u00eatres des compartiments, ne serait-ce que pour \u00e9vacuer les odeurs de sueurs et se d\u00e9fouler. Ce n\u2019\u00e9tait pas encore 1968, mais ces \u00e9changes constituaient pour la plupart des jeunes participants une occasion inesp\u00e9r\u00e9e de se lib\u00e9rer des contraintes familiales. Et comme ce d\u00e9placement avait lieu \u00e0 la mi-juillet, quoi de plus normal \u2013 normal\u00a0? \u2013 que d\u2019entonner la <em>Marseillaise<\/em>, sans imaginer un seul instant ce que pourrait \u00e9prouver sur le quai de gare un passager allemand vaguement francophone en entendant ainsi ces jeunes, s\u2019\u00e9gosiller et litt\u00e9ralement crier l\u2019hymne national pour le seul plaisir de faire du bruit, en clamant haut et fort \u00ab\u00a0aux armes, citoyens\u00a0\u00bb. Pas un seul recul de d\u00e9cence \u00e0 la seule \u00e9vocation du \u00ab\u00a0sang impur qui abreuve nos sillons\u00a0\u00bb. Aucun \u00ab\u00a0f\u00e9roce soldat\u00a0\u00bb ne mugissait aux abords des wagons du train en route pour de lointaines contr\u00e9es, personne ne mena\u00e7ait \u00ab\u00a0nos fils et nos compagnes\u00a0\u00bb d\u2019\u00e9gorgement. Pour la jeunesse, le jour de gloire \u00e9tait enfin arriv\u00e9 \u2013 vive la libert\u00e9\u00a0!<\/p>\n<p>Provocation\u00a0? M\u00eame pas. Le regard furtif depuis le compartiment permettait tout juste de voir au bout de la gare de Cologne une belle inscription de couleur verte, en allemand certes <em>(Echt K\u00f6lnisch Wasser)<\/em>, mais dont la traduction \u00e9tait tout \u00e0 fait \u00e0 la port\u00e9e des germanistes en herbe\u00a0: <em>Eau de Cologne<\/em>. Les moins bien pr\u00e9par\u00e9s d\u00e9couvraient ainsi que la gare de <em>K\u00f6ln<\/em> rendait hommage \u00e0 une eau de toilette bien connue en France. Et il y avait toujours un accompagnateur ou un enseignant pour expliquer l\u2019imposante inscription surmont\u00e9e du chiffre 4711\u00a0: un officier fran\u00e7ais avait num\u00e9rot\u00e9 les maisons de la ville lorsque les troupes de Napol\u00e9on occupaient la cit\u00e9 rh\u00e9nane \u2013 une \u00e9poque que les Allemands appellent tout simplement la <em>Franzosenzeit<\/em>. Au passage, on oublie souvent de pr\u00e9ciser que le fameux num\u00e9rotage des fa\u00e7ades s\u2019\u00e9tait impos\u00e9 pour permettre aux soldats fran\u00e7ais, sortant ivres des auberges de la ville tard dans la nuit, de retrouver plus facilement leur cantonnement. Affirmer au demeurant que les soldats fran\u00e7ais auraient r\u00e9ussi \u00e0 num\u00e9roter ainsi toute la ville en l\u2019espace d\u2019une seule semaine\u00a0: cela occupe aujourd\u2019hui encore les historiens qui ne savent plus trop si le succ\u00e8s de l\u2019op\u00e9ration est d\u00fb au sens de l\u2019improvisation (que l\u2019on pr\u00eate volontiers aujourd\u2019hui encore aux Fran\u00e7ais) ou au sens de l\u2019organisation (que l\u2019on attribue tout aussi volontiers \u00e0 la r\u00e9putation des Allemands). Premi\u00e8re accumulation d\u2019id\u00e9es re\u00e7ues.<\/p>\n<p>&nbsp;<\/p>\n<h2><strong>\u2026et en haut de la Maison 4711 <\/strong><\/h2>\n<p>Quand je me suis install\u00e9 \u00e0 Cologne, dix ans apr\u00e8s mes premi\u00e8res observations d\u2019\u00e9colier, cette fois pour y travailler comme journaliste radio, mon premier souci a \u00e9t\u00e9 bien \u00e9videmment de m\u2019impr\u00e9gner des principales curiosit\u00e9s locales. Devant l\u2019\u00e9difice embl\u00e9matique de l\u2019Eau de Cologne (4711), mon regard et mes oreilles furent attir\u00e9s, \u00e0 midi pile, par un spectacle pour le moins inattendu. En haut du b\u00e2timent, des personnages, facilement identifiables \u00e0 des soldats de l\u2019\u00e9poque napol\u00e9onienne, fix\u00e9s sur un carillon, tournaient comme si les Colonais \u00e9taient invit\u00e9s \u00e0 la rel\u00e8ve de la garde. Et sur quelle musique\u00a0? La <em>Marseillaise<\/em>. Chaque jour en effet, l\u2019hymne national fran\u00e7ais r\u00e9sonne aux oreilles des passants au c\u0153ur de la vieille ville. Pour autant, le bref interm\u00e8de musical franco-colonais n\u2019a jamais fait l\u2019objet de quelconques critiques. Et personne bien s\u00fbr ne se met au garde-\u00e0-vous. Un pr\u00e9jug\u00e9 de moins.<\/p>\n<p>&nbsp;<\/p>\n<figure id=\"attachment_30941\" aria-describedby=\"caption-attachment-30941\" style=\"width: 1024px\" class=\"wp-caption aligncenter\"><img decoding=\"async\" class=\"wp-image-30941\" src=\"https:\/\/dokdoc.eu\/wp-content\/uploads\/2025\/07\/3_4711-traditionelles-deutsches-eau-de-cologne-4711-flagship-store-mit-historischem-carillon-in-der-glockengasse-4-in-koln-2yk4bbt-1-300x198.jpg\" alt=\"Le carillon en haute de la Maison 4711 \u00e0 Cologne (Copyright: Wikimedia Commons)\" width=\"1024\" height=\"677\" srcset=\"https:\/\/dokdoc.eu\/wp-content\/uploads\/2025\/07\/3_4711-traditionelles-deutsches-eau-de-cologne-4711-flagship-store-mit-historischem-carillon-in-der-glockengasse-4-in-koln-2yk4bbt-1-300x198.jpg 300w, https:\/\/dokdoc.eu\/wp-content\/uploads\/2025\/07\/3_4711-traditionelles-deutsches-eau-de-cologne-4711-flagship-store-mit-historischem-carillon-in-der-glockengasse-4-in-koln-2yk4bbt-1-1024x677.jpg 1024w, https:\/\/dokdoc.eu\/wp-content\/uploads\/2025\/07\/3_4711-traditionelles-deutsches-eau-de-cologne-4711-flagship-store-mit-historischem-carillon-in-der-glockengasse-4-in-koln-2yk4bbt-1-768x508.jpg 768w, https:\/\/dokdoc.eu\/wp-content\/uploads\/2025\/07\/3_4711-traditionelles-deutsches-eau-de-cologne-4711-flagship-store-mit-historischem-carillon-in-der-glockengasse-4-in-koln-2yk4bbt-1.jpg 1300w\" sizes=\"(max-width: 1024px) 100vw, 1024px\" \/><figcaption id=\"caption-attachment-30941\" class=\"wp-caption-text\">Le carillon en haute de la Maison 4711 \u00e0 Cologne (Copyright: Wikimedia Commons)<\/figcaption><\/figure>\n<p>&nbsp;<\/p>\n<h2><strong>Tous les Fran\u00e7ais peuvent devenir allemands<\/strong><\/h2>\n<p>Lors d\u2019un sommet franco-allemand \u00e0 Versailles en 2003 pour le 40<sup>e<\/sup> anniversaire de la signature du Trait\u00e9 de l\u2019\u00c9lys\u00e9e, le pr\u00e9sident Jacques Chirac avait annonc\u00e9 tr\u00e8s officiellement, avec le chancelier Gerhard Schr\u00f6der \u00e0 ses c\u00f4t\u00e9s, que d\u00e9sormais tous les Fran\u00e7ais pourraient devenir des Allemands, et vice-versa. Stup\u00e9faction g\u00e9n\u00e9rale jusque chez le chancelier qui, de toute \u00e9vidence, n\u2019\u00e9tait pas au courant, mais aussi dans le studio de la cha\u00eene de t\u00e9l\u00e9vision <em>Phoenix<\/em> \u00e0 Bonn, qui m\u2019avait sollicit\u00e9 pour commenter ce sommet. Que dire alors\u00a0? Je choisis de faire un pari en direct et promis que je demanderai \u00e0 la mairie de mon quartier d\u2019avoir acc\u00e8s \u00e0 la double nationalit\u00e9. Chose dite, chose faite\u00a0: sceptique et incr\u00e9dule, la fonctionnaire a d\u2019abord h\u00e9sit\u00e9, avant que je ne lui montre la traduction allemande du discours de Chirac. La bureaucratie n\u2019est pas toujours ce que l\u2019on suppose \u00eatre\u2026<\/p>\n<figure id=\"attachment_30548\" aria-describedby=\"caption-attachment-30548\" style=\"width: 300px\" class=\"wp-caption alignleft\"><img loading=\"lazy\" decoding=\"async\" class=\"wp-image-30548 size-medium\" src=\"https:\/\/dokdoc.eu\/wp-content\/uploads\/2025\/07\/4_003TUmoignage4-300x204.jpg\" alt=\"Konrad Adenauer et G\u00e9rard Foussier (Copyright: priv\u00e9)\" width=\"300\" height=\"204\" srcset=\"https:\/\/dokdoc.eu\/wp-content\/uploads\/2025\/07\/4_003TUmoignage4-300x204.jpg 300w, https:\/\/dokdoc.eu\/wp-content\/uploads\/2025\/07\/4_003TUmoignage4-1024x697.jpg 1024w, https:\/\/dokdoc.eu\/wp-content\/uploads\/2025\/07\/4_003TUmoignage4-768x523.jpg 768w, https:\/\/dokdoc.eu\/wp-content\/uploads\/2025\/07\/4_003TUmoignage4-1536x1046.jpg 1536w, https:\/\/dokdoc.eu\/wp-content\/uploads\/2025\/07\/4_003TUmoignage4-2048x1395.jpg 2048w\" sizes=\"(max-width: 300px) 100vw, 300px\" \/><figcaption id=\"caption-attachment-30548\" class=\"wp-caption-text\">Konrad Adenauer et G\u00e9rard Foussier (Copyright: priv\u00e9)<\/figcaption><\/figure>\n<p>Ce n\u2019est vraisemblablement pas ce geste qui a incit\u00e9 Henriette Reker, maire de la ville, \u00e0 me remettre en 2016 l\u2019une des plus importantes distinctions allemandes, le <em>Bundesverdienstkreuz<\/em>, d\u00e9cern\u00e9 par le pr\u00e9sident de la R\u00e9publique f\u00e9d\u00e9rale Joachim Gauck. La c\u00e9r\u00e9monie a \u00e9t\u00e9 simple, un cadre impressionnant, des propos \u00e9logieux \u00e0 en rougir, et des invit\u00e9s prestigieux. Parmi eux, un certain Konrad Adenauer, petit-fils \u00e9ponyme du tout premier chancelier f\u00e9d\u00e9ral allemand. L\u2019heure n\u2019\u00e9tait pas \u00e0 la fausse modestie \u2013 mais aux nombreux souvenirs de rencontres qui ont marqu\u00e9 mes cinq d\u00e9cennies de journaliste.<\/p>\n<p>La liste de mes entretiens, par exemple avec Joseph Rovan et Alfred Grosser, les deux grands pr\u00e9curseurs des relations franco-allemandes, est longue, mais en choisissant pour ce t\u00e9moignage le grand fr\u00e8re von Braun et le petit-fils Adenauer, j\u2019ai le sentiment de pratiquer une forme originale de recherche g\u00e9n\u00e9alogique en marge de l\u2019histoire. Pour parodier Neil Armstrong marchant sur la Lune en 1969, tout ce cheminement personnel n\u2019est peut-\u00eatre qu\u2019un modeste petit pas pour l\u2019\u00e9volution du rapprochement franco-allemand, mais pour moi, il constitue un grand pas dans ma recherche constante d\u2019une meilleure compr\u00e9hension au-del\u00e0 des g\u00e9n\u00e9rations. Et tout cela (et encore davantage) gr\u00e2ce au <em>Spoutnik<\/em>\u2026<\/p>\n<p>&nbsp;<\/p>\n<h2><strong>L\u2019auteur<\/strong><\/h2>\n<figure id=\"attachment_26844\" aria-describedby=\"caption-attachment-26844\" style=\"width: 207px\" class=\"wp-caption alignleft\"><img loading=\"lazy\" decoding=\"async\" class=\"wp-image-26844 size-medium\" src=\"https:\/\/dokdoc.eu\/wp-content\/uploads\/2023\/08\/GerardFoussier1-3-207x300.jpg\" alt=\"\" width=\"207\" height=\"300\" srcset=\"https:\/\/dokdoc.eu\/wp-content\/uploads\/2023\/08\/GerardFoussier1-3-207x300.jpg 207w, https:\/\/dokdoc.eu\/wp-content\/uploads\/2023\/08\/GerardFoussier1-3.jpg 653w\" sizes=\"(max-width: 207px) 100vw, 207px\" \/><figcaption id=\"caption-attachment-26844\" class=\"wp-caption-text\">G\u00e9rard Foussier (Copyright: priv\u00e9)<\/figcaption><\/figure>\n<p><em>Licenci\u00e9 d\u2019allemand \u00e0 l\u2019universit\u00e9 de sa ville natale Orl\u00e9ans en 1969, G\u00e9rard Foussier a d\u00e9couvert sa passion pour les relations franco-allemandes gr\u00e2ce au jumelage avec M\u00fcnster en Westphalie. Apr\u00e8s une formation de journaliste au quotidien Westf\u00e4lische Nachrichten, il a travaill\u00e9 pendant trois d\u00e9cennies \u00e0 la radio allemande Deutsche Welle \u00e0 Cologne puis \u00e0 Bonn, avant d\u2019\u00eatre \u00e9lu en 2005 pr\u00e9sident du Bureau International de Liaison et de Documentation (B.I.L.D.). R\u00e9dacteur en chef de la revue bilingue Dokumente\/Documents pendant 13 ans, il est aussi l\u2019auteur de plusieurs ouvrages. Son dernier livre, Allemanderies, est sorti en janvier 2023. Il d\u00e9tient la double nationalit\u00e9 et est d\u00e9tenteur de l\u2019Ordre du M\u00e9rite allemand (Bundesverdienstkreuz).<\/em><\/p>\n<p>&nbsp;<\/p>\n<h2><\/h2>\n","protected":false},"excerpt":{"rendered":"<p>Le m\u00e9tier de journaliste offre \u00e0 ceux qui l\u2019embrassent de nombreuses possibilit\u00e9s de contacts et d\u2019\u00e9changes, parfois per\u00e7us comme des privil\u00e8ges. Pourtant, cette profession peut aussi se mettre au service d\u2019autrui \u2013 notamment dans le cadre des relations franco-allemandes. Quel d\u00e9clic initial suscite ces vocations et bouleverse parfois des parcours professionnels ?<\/p>\n","protected":false},"author":1,"featured_media":30542,"comment_status":"closed","ping_status":"closed","sticky":false,"template":"","format":"standard","meta":{"om_disable_all_campaigns":false,"_monsterinsights_skip_tracking":false,"_monsterinsights_sitenote_active":false,"_monsterinsights_sitenote_note":"","_monsterinsights_sitenote_category":0,"_uf_show_specific_survey":0,"_uf_disable_surveys":false,"footnotes":""},"categories":[115],"tags":[2120,2122,2123,2124,2108,2116,2113,1777,2111,2109,2107,2110,2112,1650,2105,2119,2114,2121,2115,2106,399,863,2118,2104,2117],"ppma_author":[1735],"class_list":["post-30550","post","type-post","status-publish","format-standard","has-post-thumbnail","hentry","category-societe-fr-2","tag-4711-fr","tag-adenauer-fr","tag-b-i-l-d-fr","tag-bundesverdienstkreuz-fr","tag-cologne","tag-conquete-spatiale","tag-deutsche-welle","tag-dokumente-fr","tag-double-nationalite","tag-eau-de-cologne","tag-echange-scolaire","tag-franzosenzeit","tag-gerhard-schroeder","tag-jacques-chirac-fr","tag-journalisme","tag-marseillaise-fr","tag-muenster","tag-napoleon-fr","tag-orleans","tag-prejuges","tag-reconciliation","tag-relations-franco-allemandes","tag-sigismund-von-braun-fr","tag-spoutnik","tag-wernher-von-braun-fr"],"yoast_head":"<!-- This site is optimized with the Yoast SEO plugin v27.5 - https:\/\/yoast.com\/product\/yoast-seo-wordpress\/ -->\n<title>Du Spoutnik au franco-allemand - dokdoc.eu<\/title>\n<meta name=\"robots\" content=\"index, follow, max-snippet:-1, max-image-preview:large, max-video-preview:-1\" \/>\n<link rel=\"canonical\" href=\"https:\/\/dokdoc.eu\/fr\/2025\/07\/07\/du-spoutnik-au-franco-allemand\/\" \/>\n<meta property=\"og:locale\" content=\"fr_FR\" \/>\n<meta property=\"og:type\" content=\"article\" \/>\n<meta property=\"og:title\" content=\"Du Spoutnik au franco-allemand - dokdoc.eu\" \/>\n<meta property=\"og:description\" content=\"Le m\u00e9tier de journaliste offre \u00e0 ceux qui l\u2019embrassent de nombreuses possibilit\u00e9s de contacts et d\u2019\u00e9changes, parfois per\u00e7us comme des privil\u00e8ges. Pourtant, cette profession peut aussi se mettre au service d\u2019autrui \u2013 notamment dans le cadre des relations franco-allemandes. Quel d\u00e9clic initial suscite ces vocations et bouleverse parfois des parcours professionnels ?\" \/>\n<meta property=\"og:url\" content=\"https:\/\/dokdoc.eu\/fr\/2025\/07\/07\/du-spoutnik-au-franco-allemand\/\" \/>\n<meta property=\"og:site_name\" content=\"dokdoc.eu\" \/>\n<meta property=\"article:published_time\" content=\"2025-07-07T19:51:21+00:00\" \/>\n<meta property=\"article:modified_time\" content=\"2025-08-29T09:32:48+00:00\" \/>\n<meta property=\"og:image\" content=\"https:\/\/dokdoc.eu\/wp-content\/uploads\/2025\/07\/1_Ansichten_des_Koeln_Hauptbahnhof_03-scaled.jpg\" \/>\n\t<meta property=\"og:image:width\" content=\"2560\" \/>\n\t<meta property=\"og:image:height\" content=\"1707\" \/>\n\t<meta property=\"og:image:type\" content=\"image\/jpeg\" \/>\n<meta name=\"author\" content=\"G\u00e9rard Foussier\" \/>\n<meta name=\"twitter:card\" content=\"summary_large_image\" \/>\n<meta name=\"twitter:label1\" content=\"\u00c9crit par\" \/>\n\t<meta name=\"twitter:data1\" content=\"RochowMedienagentur\" \/>\n\t<meta name=\"twitter:label2\" content=\"Dur\u00e9e de lecture estim\u00e9e\" \/>\n\t<meta name=\"twitter:data2\" content=\"11 minutes\" \/>\n<script type=\"application\/ld+json\" class=\"yoast-schema-graph\">{\"@context\":\"https:\\\/\\\/schema.org\",\"@graph\":[{\"@type\":\"Article\",\"@id\":\"https:\\\/\\\/dokdoc.eu\\\/fr\\\/2025\\\/07\\\/07\\\/du-spoutnik-au-franco-allemand\\\/#article\",\"isPartOf\":{\"@id\":\"https:\\\/\\\/dokdoc.eu\\\/fr\\\/2025\\\/07\\\/07\\\/du-spoutnik-au-franco-allemand\\\/\"},\"author\":{\"name\":\"RochowMedienagentur\",\"@id\":\"https:\\\/\\\/dokdoc.eu\\\/fr\\\/#\\\/schema\\\/person\\\/d760e6e53df901fd9522f1d3a1e46621\"},\"headline\":\"Du Spoutnik au franco-allemand\",\"datePublished\":\"2025-07-07T19:51:21+00:00\",\"dateModified\":\"2025-08-29T09:32:48+00:00\",\"mainEntityOfPage\":{\"@id\":\"https:\\\/\\\/dokdoc.eu\\\/fr\\\/2025\\\/07\\\/07\\\/du-spoutnik-au-franco-allemand\\\/\"},\"wordCount\":1949,\"publisher\":{\"@id\":\"https:\\\/\\\/dokdoc.eu\\\/fr\\\/#organization\"},\"image\":{\"@id\":\"https:\\\/\\\/dokdoc.eu\\\/fr\\\/2025\\\/07\\\/07\\\/du-spoutnik-au-franco-allemand\\\/#primaryimage\"},\"thumbnailUrl\":\"https:\\\/\\\/dokdoc.eu\\\/wp-content\\\/uploads\\\/2025\\\/07\\\/1_Ansichten_des_Koeln_Hauptbahnhof_03-scaled.jpg\",\"keywords\":[\"4711\",\"Adenauer\",\"B.I.L.D.\",\"Bundesverdienstkreuz\",\"Cologne\",\"conqu\u00eate spatiale\",\"Deutsche Welle\",\"Dokumente\",\"double nationalit\u00e9\",\"Eau de Cologne\",\"\u00e9change scolaire\",\"Franzosenzeit\",\"Gerhard Schr\u00f6der\",\"Jacques Chirac\",\"journalisme\",\"Marseillaise\",\"M\u00fcnster\",\"Napoleon\",\"Orl\u00e9ans\",\"pr\u00e9jug\u00e9s\",\"r\u00e9conciliation\",\"relations franco-allemandes\",\"Sigismund von Braun\",\"Spoutnik\",\"Wernher von Braun\"],\"articleSection\":[\"Soci\u00e9t\u00e9\"],\"inLanguage\":\"fr-FR\"},{\"@type\":\"WebPage\",\"@id\":\"https:\\\/\\\/dokdoc.eu\\\/fr\\\/2025\\\/07\\\/07\\\/du-spoutnik-au-franco-allemand\\\/\",\"url\":\"https:\\\/\\\/dokdoc.eu\\\/fr\\\/2025\\\/07\\\/07\\\/du-spoutnik-au-franco-allemand\\\/\",\"name\":\"Du Spoutnik au franco-allemand - dokdoc.eu\",\"isPartOf\":{\"@id\":\"https:\\\/\\\/dokdoc.eu\\\/fr\\\/#website\"},\"primaryImageOfPage\":{\"@id\":\"https:\\\/\\\/dokdoc.eu\\\/fr\\\/2025\\\/07\\\/07\\\/du-spoutnik-au-franco-allemand\\\/#primaryimage\"},\"image\":{\"@id\":\"https:\\\/\\\/dokdoc.eu\\\/fr\\\/2025\\\/07\\\/07\\\/du-spoutnik-au-franco-allemand\\\/#primaryimage\"},\"thumbnailUrl\":\"https:\\\/\\\/dokdoc.eu\\\/wp-content\\\/uploads\\\/2025\\\/07\\\/1_Ansichten_des_Koeln_Hauptbahnhof_03-scaled.jpg\",\"datePublished\":\"2025-07-07T19:51:21+00:00\",\"dateModified\":\"2025-08-29T09:32:48+00:00\",\"breadcrumb\":{\"@id\":\"https:\\\/\\\/dokdoc.eu\\\/fr\\\/2025\\\/07\\\/07\\\/du-spoutnik-au-franco-allemand\\\/#breadcrumb\"},\"inLanguage\":\"fr-FR\",\"potentialAction\":[{\"@type\":\"ReadAction\",\"target\":[\"https:\\\/\\\/dokdoc.eu\\\/fr\\\/2025\\\/07\\\/07\\\/du-spoutnik-au-franco-allemand\\\/\"]}]},{\"@type\":\"ImageObject\",\"inLanguage\":\"fr-FR\",\"@id\":\"https:\\\/\\\/dokdoc.eu\\\/fr\\\/2025\\\/07\\\/07\\\/du-spoutnik-au-franco-allemand\\\/#primaryimage\",\"url\":\"https:\\\/\\\/dokdoc.eu\\\/wp-content\\\/uploads\\\/2025\\\/07\\\/1_Ansichten_des_Koeln_Hauptbahnhof_03-scaled.jpg\",\"contentUrl\":\"https:\\\/\\\/dokdoc.eu\\\/wp-content\\\/uploads\\\/2025\\\/07\\\/1_Ansichten_des_Koeln_Hauptbahnhof_03-scaled.jpg\",\"width\":2560,\"height\":1707,\"caption\":\"Innenansicht des K\u00f6lner Hauptbahnhofs (Copyright: Wikimedia Commons)\"},{\"@type\":\"BreadcrumbList\",\"@id\":\"https:\\\/\\\/dokdoc.eu\\\/fr\\\/2025\\\/07\\\/07\\\/du-spoutnik-au-franco-allemand\\\/#breadcrumb\",\"itemListElement\":[{\"@type\":\"ListItem\",\"position\":1,\"name\":\"Startseite\",\"item\":\"https:\\\/\\\/dokdoc.eu\\\/fr\\\/\"},{\"@type\":\"ListItem\",\"position\":2,\"name\":\"Du Spoutnik au franco-allemand\"}]},{\"@type\":\"WebSite\",\"@id\":\"https:\\\/\\\/dokdoc.eu\\\/fr\\\/#website\",\"url\":\"https:\\\/\\\/dokdoc.eu\\\/fr\\\/\",\"name\":\"dokdoc.eu\",\"description\":\"\",\"publisher\":{\"@id\":\"https:\\\/\\\/dokdoc.eu\\\/fr\\\/#organization\"},\"potentialAction\":[{\"@type\":\"SearchAction\",\"target\":{\"@type\":\"EntryPoint\",\"urlTemplate\":\"https:\\\/\\\/dokdoc.eu\\\/fr\\\/?s={search_term_string}\"},\"query-input\":{\"@type\":\"PropertyValueSpecification\",\"valueRequired\":true,\"valueName\":\"search_term_string\"}}],\"inLanguage\":\"fr-FR\"},{\"@type\":\"Organization\",\"@id\":\"https:\\\/\\\/dokdoc.eu\\\/fr\\\/#organization\",\"name\":\"dokdoc.eu\",\"url\":\"https:\\\/\\\/dokdoc.eu\\\/fr\\\/\",\"logo\":{\"@type\":\"ImageObject\",\"inLanguage\":\"fr-FR\",\"@id\":\"https:\\\/\\\/dokdoc.eu\\\/fr\\\/#\\\/schema\\\/logo\\\/image\\\/\",\"url\":\"https:\\\/\\\/dokdoc.eu\\\/wp-content\\\/uploads\\\/2019\\\/08\\\/cropped-logo_dokdoc-e1720795013301.png\",\"contentUrl\":\"https:\\\/\\\/dokdoc.eu\\\/wp-content\\\/uploads\\\/2019\\\/08\\\/cropped-logo_dokdoc-e1720795013301.png\",\"width\":150,\"height\":110,\"caption\":\"dokdoc.eu\"},\"image\":{\"@id\":\"https:\\\/\\\/dokdoc.eu\\\/fr\\\/#\\\/schema\\\/logo\\\/image\\\/\"}},{\"@type\":\"Person\",\"@id\":\"https:\\\/\\\/dokdoc.eu\\\/fr\\\/#\\\/schema\\\/person\\\/d760e6e53df901fd9522f1d3a1e46621\",\"name\":\"RochowMedienagentur\",\"image\":{\"@type\":\"ImageObject\",\"inLanguage\":\"fr-FR\",\"@id\":\"https:\\\/\\\/dokdoc.eu\\\/wp-content\\\/uploads\\\/2019\\\/08\\\/cropped-logo_dokdoc-e1720795013301.png830075fd1c1a1f70247b47fa84cf0f00\",\"url\":\"https:\\\/\\\/dokdoc.eu\\\/wp-content\\\/uploads\\\/2019\\\/08\\\/cropped-logo_dokdoc-e1720795013301.png\",\"contentUrl\":\"https:\\\/\\\/dokdoc.eu\\\/wp-content\\\/uploads\\\/2019\\\/08\\\/cropped-logo_dokdoc-e1720795013301.png\",\"caption\":\"RochowMedienagentur\"},\"sameAs\":[\"https:\\\/\\\/dokdoc.eu\"],\"url\":\"https:\\\/\\\/dokdoc.eu\\\/fr\\\/author\\\/rochowmedienagentur\\\/\"}]}<\/script>\n<!-- \/ Yoast SEO plugin. -->","yoast_head_json":{"title":"Du Spoutnik au franco-allemand - dokdoc.eu","robots":{"index":"index","follow":"follow","max-snippet":"max-snippet:-1","max-image-preview":"max-image-preview:large","max-video-preview":"max-video-preview:-1"},"canonical":"https:\/\/dokdoc.eu\/fr\/2025\/07\/07\/du-spoutnik-au-franco-allemand\/","og_locale":"fr_FR","og_type":"article","og_title":"Du Spoutnik au franco-allemand - dokdoc.eu","og_description":"Le m\u00e9tier de journaliste offre \u00e0 ceux qui l\u2019embrassent de nombreuses possibilit\u00e9s de contacts et d\u2019\u00e9changes, parfois per\u00e7us comme des privil\u00e8ges. Pourtant, cette profession peut aussi se mettre au service d\u2019autrui \u2013 notamment dans le cadre des relations franco-allemandes. Quel d\u00e9clic initial suscite ces vocations et bouleverse parfois des parcours professionnels ?","og_url":"https:\/\/dokdoc.eu\/fr\/2025\/07\/07\/du-spoutnik-au-franco-allemand\/","og_site_name":"dokdoc.eu","article_published_time":"2025-07-07T19:51:21+00:00","article_modified_time":"2025-08-29T09:32:48+00:00","og_image":[{"width":2560,"height":1707,"url":"https:\/\/dokdoc.eu\/wp-content\/uploads\/2025\/07\/1_Ansichten_des_Koeln_Hauptbahnhof_03-scaled.jpg","type":"image\/jpeg"}],"author":"G\u00e9rard Foussier","twitter_card":"summary_large_image","twitter_misc":{"\u00c9crit par":"RochowMedienagentur","Dur\u00e9e de lecture estim\u00e9e":"11 minutes"},"schema":{"@context":"https:\/\/schema.org","@graph":[{"@type":"Article","@id":"https:\/\/dokdoc.eu\/fr\/2025\/07\/07\/du-spoutnik-au-franco-allemand\/#article","isPartOf":{"@id":"https:\/\/dokdoc.eu\/fr\/2025\/07\/07\/du-spoutnik-au-franco-allemand\/"},"author":{"name":"RochowMedienagentur","@id":"https:\/\/dokdoc.eu\/fr\/#\/schema\/person\/d760e6e53df901fd9522f1d3a1e46621"},"headline":"Du Spoutnik au franco-allemand","datePublished":"2025-07-07T19:51:21+00:00","dateModified":"2025-08-29T09:32:48+00:00","mainEntityOfPage":{"@id":"https:\/\/dokdoc.eu\/fr\/2025\/07\/07\/du-spoutnik-au-franco-allemand\/"},"wordCount":1949,"publisher":{"@id":"https:\/\/dokdoc.eu\/fr\/#organization"},"image":{"@id":"https:\/\/dokdoc.eu\/fr\/2025\/07\/07\/du-spoutnik-au-franco-allemand\/#primaryimage"},"thumbnailUrl":"https:\/\/dokdoc.eu\/wp-content\/uploads\/2025\/07\/1_Ansichten_des_Koeln_Hauptbahnhof_03-scaled.jpg","keywords":["4711","Adenauer","B.I.L.D.","Bundesverdienstkreuz","Cologne","conqu\u00eate spatiale","Deutsche Welle","Dokumente","double nationalit\u00e9","Eau de Cologne","\u00e9change scolaire","Franzosenzeit","Gerhard Schr\u00f6der","Jacques Chirac","journalisme","Marseillaise","M\u00fcnster","Napoleon","Orl\u00e9ans","pr\u00e9jug\u00e9s","r\u00e9conciliation","relations franco-allemandes","Sigismund von Braun","Spoutnik","Wernher von Braun"],"articleSection":["Soci\u00e9t\u00e9"],"inLanguage":"fr-FR"},{"@type":"WebPage","@id":"https:\/\/dokdoc.eu\/fr\/2025\/07\/07\/du-spoutnik-au-franco-allemand\/","url":"https:\/\/dokdoc.eu\/fr\/2025\/07\/07\/du-spoutnik-au-franco-allemand\/","name":"Du Spoutnik au franco-allemand - dokdoc.eu","isPartOf":{"@id":"https:\/\/dokdoc.eu\/fr\/#website"},"primaryImageOfPage":{"@id":"https:\/\/dokdoc.eu\/fr\/2025\/07\/07\/du-spoutnik-au-franco-allemand\/#primaryimage"},"image":{"@id":"https:\/\/dokdoc.eu\/fr\/2025\/07\/07\/du-spoutnik-au-franco-allemand\/#primaryimage"},"thumbnailUrl":"https:\/\/dokdoc.eu\/wp-content\/uploads\/2025\/07\/1_Ansichten_des_Koeln_Hauptbahnhof_03-scaled.jpg","datePublished":"2025-07-07T19:51:21+00:00","dateModified":"2025-08-29T09:32:48+00:00","breadcrumb":{"@id":"https:\/\/dokdoc.eu\/fr\/2025\/07\/07\/du-spoutnik-au-franco-allemand\/#breadcrumb"},"inLanguage":"fr-FR","potentialAction":[{"@type":"ReadAction","target":["https:\/\/dokdoc.eu\/fr\/2025\/07\/07\/du-spoutnik-au-franco-allemand\/"]}]},{"@type":"ImageObject","inLanguage":"fr-FR","@id":"https:\/\/dokdoc.eu\/fr\/2025\/07\/07\/du-spoutnik-au-franco-allemand\/#primaryimage","url":"https:\/\/dokdoc.eu\/wp-content\/uploads\/2025\/07\/1_Ansichten_des_Koeln_Hauptbahnhof_03-scaled.jpg","contentUrl":"https:\/\/dokdoc.eu\/wp-content\/uploads\/2025\/07\/1_Ansichten_des_Koeln_Hauptbahnhof_03-scaled.jpg","width":2560,"height":1707,"caption":"Innenansicht des K\u00f6lner Hauptbahnhofs (Copyright: Wikimedia Commons)"},{"@type":"BreadcrumbList","@id":"https:\/\/dokdoc.eu\/fr\/2025\/07\/07\/du-spoutnik-au-franco-allemand\/#breadcrumb","itemListElement":[{"@type":"ListItem","position":1,"name":"Startseite","item":"https:\/\/dokdoc.eu\/fr\/"},{"@type":"ListItem","position":2,"name":"Du Spoutnik au franco-allemand"}]},{"@type":"WebSite","@id":"https:\/\/dokdoc.eu\/fr\/#website","url":"https:\/\/dokdoc.eu\/fr\/","name":"dokdoc.eu","description":"","publisher":{"@id":"https:\/\/dokdoc.eu\/fr\/#organization"},"potentialAction":[{"@type":"SearchAction","target":{"@type":"EntryPoint","urlTemplate":"https:\/\/dokdoc.eu\/fr\/?s={search_term_string}"},"query-input":{"@type":"PropertyValueSpecification","valueRequired":true,"valueName":"search_term_string"}}],"inLanguage":"fr-FR"},{"@type":"Organization","@id":"https:\/\/dokdoc.eu\/fr\/#organization","name":"dokdoc.eu","url":"https:\/\/dokdoc.eu\/fr\/","logo":{"@type":"ImageObject","inLanguage":"fr-FR","@id":"https:\/\/dokdoc.eu\/fr\/#\/schema\/logo\/image\/","url":"https:\/\/dokdoc.eu\/wp-content\/uploads\/2019\/08\/cropped-logo_dokdoc-e1720795013301.png","contentUrl":"https:\/\/dokdoc.eu\/wp-content\/uploads\/2019\/08\/cropped-logo_dokdoc-e1720795013301.png","width":150,"height":110,"caption":"dokdoc.eu"},"image":{"@id":"https:\/\/dokdoc.eu\/fr\/#\/schema\/logo\/image\/"}},{"@type":"Person","@id":"https:\/\/dokdoc.eu\/fr\/#\/schema\/person\/d760e6e53df901fd9522f1d3a1e46621","name":"RochowMedienagentur","image":{"@type":"ImageObject","inLanguage":"fr-FR","@id":"https:\/\/dokdoc.eu\/wp-content\/uploads\/2019\/08\/cropped-logo_dokdoc-e1720795013301.png830075fd1c1a1f70247b47fa84cf0f00","url":"https:\/\/dokdoc.eu\/wp-content\/uploads\/2019\/08\/cropped-logo_dokdoc-e1720795013301.png","contentUrl":"https:\/\/dokdoc.eu\/wp-content\/uploads\/2019\/08\/cropped-logo_dokdoc-e1720795013301.png","caption":"RochowMedienagentur"},"sameAs":["https:\/\/dokdoc.eu"],"url":"https:\/\/dokdoc.eu\/fr\/author\/rochowmedienagentur\/"}]}},"authors":[{"term_id":1735,"user_id":0,"is_guest":1,"slug":"gerard-foussier","display_name":"G\u00e9rard Foussier","avatar_url":{"url":"https:\/\/dokdoc.eu\/wp-content\/uploads\/2025\/08\/Foussier-klein.png","url2x":"https:\/\/dokdoc.eu\/wp-content\/uploads\/2025\/08\/Foussier-klein.png"},"0":null,"1":"","2":"","3":"","4":"","5":"","6":"","7":"","8":""}],"_links":{"self":[{"href":"https:\/\/dokdoc.eu\/fr\/wp-json\/wp\/v2\/posts\/30550","targetHints":{"allow":["GET"]}}],"collection":[{"href":"https:\/\/dokdoc.eu\/fr\/wp-json\/wp\/v2\/posts"}],"about":[{"href":"https:\/\/dokdoc.eu\/fr\/wp-json\/wp\/v2\/types\/post"}],"author":[{"embeddable":true,"href":"https:\/\/dokdoc.eu\/fr\/wp-json\/wp\/v2\/users\/1"}],"replies":[{"embeddable":true,"href":"https:\/\/dokdoc.eu\/fr\/wp-json\/wp\/v2\/comments?post=30550"}],"version-history":[{"count":3,"href":"https:\/\/dokdoc.eu\/fr\/wp-json\/wp\/v2\/posts\/30550\/revisions"}],"predecessor-version":[{"id":30944,"href":"https:\/\/dokdoc.eu\/fr\/wp-json\/wp\/v2\/posts\/30550\/revisions\/30944"}],"wp:featuredmedia":[{"embeddable":true,"href":"https:\/\/dokdoc.eu\/fr\/wp-json\/wp\/v2\/media\/30542"}],"wp:attachment":[{"href":"https:\/\/dokdoc.eu\/fr\/wp-json\/wp\/v2\/media?parent=30550"}],"wp:term":[{"taxonomy":"category","embeddable":true,"href":"https:\/\/dokdoc.eu\/fr\/wp-json\/wp\/v2\/categories?post=30550"},{"taxonomy":"post_tag","embeddable":true,"href":"https:\/\/dokdoc.eu\/fr\/wp-json\/wp\/v2\/tags?post=30550"},{"taxonomy":"author","embeddable":true,"href":"https:\/\/dokdoc.eu\/fr\/wp-json\/wp\/v2\/ppma_author?post=30550"}],"curies":[{"name":"wp","href":"https:\/\/api.w.org\/{rel}","templated":true}]}}