{"id":30572,"date":"2025-07-10T22:16:43","date_gmt":"2025-07-10T20:16:43","guid":{"rendered":"https:\/\/dokdoc.eu\/?p=30572"},"modified":"2025-07-11T08:36:13","modified_gmt":"2025-07-11T06:36:13","slug":"cette-energie-je-lai-trouvee-dans-le-programme-generation-europe","status":"publish","type":"post","link":"https:\/\/dokdoc.eu\/fr\/2025\/07\/10\/cette-energie-je-lai-trouvee-dans-le-programme-generation-europe\/","title":{"rendered":"\u00ab Cette \u00e9nergie, je l\u2019ai trouv\u00e9e dans le programme G\u00e9n\u00e9ration Europe \u00bb"},"content":{"rendered":"<figure id=\"attachment_30555\" aria-describedby=\"caption-attachment-30555\" style=\"width: 1024px\" class=\"wp-caption aligncenter\"><img fetchpriority=\"high\" decoding=\"async\" class=\"wp-image-30555\" src=\"https:\/\/dokdoc.eu\/wp-content\/uploads\/2025\/07\/1_Sanchez_GE25_301-300x169.jpg\" alt=\"La promotion 2025 lors de sa visite au Bundesrat (Copyright: Jennifer Sanchez | vonZynski.com)\" width=\"1024\" height=\"576\" srcset=\"https:\/\/dokdoc.eu\/wp-content\/uploads\/2025\/07\/1_Sanchez_GE25_301-300x169.jpg 300w, https:\/\/dokdoc.eu\/wp-content\/uploads\/2025\/07\/1_Sanchez_GE25_301-1024x576.jpg 1024w, https:\/\/dokdoc.eu\/wp-content\/uploads\/2025\/07\/1_Sanchez_GE25_301-768x432.jpg 768w, https:\/\/dokdoc.eu\/wp-content\/uploads\/2025\/07\/1_Sanchez_GE25_301-1536x864.jpg 1536w, https:\/\/dokdoc.eu\/wp-content\/uploads\/2025\/07\/1_Sanchez_GE25_301-2048x1152.jpg 2048w\" sizes=\"(max-width: 1024px) 100vw, 1024px\" \/><figcaption id=\"caption-attachment-30555\" class=\"wp-caption-text\">La promotion 2025 lors de sa visite au Bundesrat (Copyright: Jennifer Sanchez | vonZynski.com)<\/figcaption><\/figure>\n<p><strong>Le programme G\u00e9n\u00e9ration Europe r\u00e9unit de jeunes professionnels engag\u00e9s d\u2019Allemagne et de France. Son mot d\u2019ordre : l\u2019histoire n\u2019est pas une fatalit\u00e9, l\u2019avenir se construit ensemble. Nous en avons discut\u00e9 avec deux membres de la promotion 2025.<\/strong><!--more--><\/p>\n<p>&nbsp;<\/p>\n<p><em>dokdoc :<\/em><em> Quel est l\u2019objectif principal du programme G\u00e9n\u00e9ration Europe et quelles sont les raisons pour lesquelles vous avez souhait\u00e9 l\u2019int\u00e9grer ? <\/em><\/p>\n<p><em>\u00a0<\/em><\/p>\n<p>Agathe Menetrier : Le programme <em>G\u00e9n\u00e9ration Europe<\/em> est une initiative du pr\u00e9sident Macron et du chancelier Scholz \u00e0 l\u2019occasion du 60<sup>e<\/sup> anniversaire du trait\u00e9 de l\u2019\u00c9lys\u00e9e. Il est financ\u00e9 par des fonds publics (majoritaires) et priv\u00e9s et vise \u00e0 f\u00e9d\u00e9rer de jeunes professionnels fran\u00e7ais et allemands issus de domaines tr\u00e8s vari\u00e9s \u2013 du secteur bancaire au secteur artistique, en passant par la recherche m\u00e9dicale \u2013 afin de leur fournir les instruments leur permettant de promouvoir une approche franco-allemande dans leurs milieux professionnels. Personnellement, j\u2019ai un parcours franco-allemand en sciences politiques et vis aujourd\u2019hui \u00e0 Berlin. Ce qui m\u2019a motiv\u00e9e \u00e0 postuler, c\u2019est le besoin que j\u2019ai ressenti dans le contexte g\u00e9opolitique que nous connaissons tous, de retrouver une forte dynamique franco-allemande pour l\u2019Europe. Cette \u00e9nergie, je l\u2019ai trouv\u00e9e dans le programme <em>G\u00e9n\u00e9ration Europe.<\/em><\/p>\n<p>&nbsp;<\/p>\n<p>Raffael Ruppert : C\u2019est la m\u00eame chose pour moi. Je souhaitais raviver l\u2019engagement qui avait \u00e9t\u00e9 le mien durant mes \u00e9tudes, lorsque j\u2019\u00e9tais \u00e9tudiant \u00e0 Paris et Grenoble. Ce qui m\u2019a particuli\u00e8rement s\u00e9duit, c\u2019est que le programme s\u2019adresse \u00e9galement aux jeunes professionnels. Il existe d\u00e9j\u00e0 de nombreuses initiatives franco-allemandes en direction des \u00e9l\u00e8ves et des \u00e9tudiants \u2013 mais les formats de ce type sont beaucoup plus rares une fois qu\u2019on est entr\u00e9 dans la vie active. <em>G\u00e9n\u00e9ration Europe<\/em> comble ici une lacune importante.<\/p>\n<p>&nbsp;<\/p>\n<p><em>dokdoc :<\/em><em> L\u2019ann\u00e9e 2025 est plac\u00e9e sous le signe de \u00ab l\u2019innovation \u00bb. Qu\u2019entendez-vous exactement par l\u00e0 \u2013 et dans quels domaines souhaitez-vous impulser de nouvelles id\u00e9es ?<\/em><\/p>\n<p>&nbsp;<\/p>\n<p>Agathe : L\u2019innovation ne se limite pas \u00e0 la seule technologie. Dans mon domaine, le secteur du social et de la coop\u00e9ration internationale, ce concept peut parfois susciter de l\u2019inqui\u00e9tude car il est per\u00e7u comme tr\u00e8s \u00e9litiste. Nous en avons longuement discut\u00e9 dans notre cohorte et en avons tir\u00e9 trois messages cl\u00e9s : la coop\u00e9ration franco-allemande n\u2019est pas encore acquise ; il est n\u00e9cessaire de prendre le risque d\u2019investir pour que l\u2019Europe devienne le p\u00f4le d\u2019innovation du monde d\u00e9mocratique face aux menaces russes ainsi qu\u2019aux incertitudes \u00e9tats-uniennes ; enfin, la recherche publique doit jouer un r\u00f4le central pour faire de l\u2019Europe un symbole d\u2019innovation. Nous nous sommes ensuite interrog\u00e9s sur la contribution que nous pouvions apporter et avons d\u00e9fini cinq projets autour des th\u00e9matiques suivantes: le renforcement des offres franco-allemandes pour le Pass Culture ; le partage des savoirs entre entreprises fran\u00e7aises et allemandes ; la mobilit\u00e9 de jeunes peu habitu\u00e9s \u00e0 voyager ; un dialogue entre initiatives solidaires et sociales similaires de part et d\u2019autre de la fronti\u00e8re ; et enfin, le soutien \u00e0 la cr\u00e9ation de start-ups en France et en Allemagne.<\/p>\n<p>&nbsp;<\/p>\n<p><em>dokdoc :<\/em><em> L\u2019une des missions principales de G\u00e9n\u00e9ration Europe est d\u2019\u00e9laborer des propositions concr\u00e8tes afin de dynamiser les relations franco-allemandes dans un contexte europ\u00e9en. \u00c0 premi\u00e8re vue, cette initiative n\u2019a rien de tr\u00e8s original. En quoi se distingue-t-elle des autres\u00a0? <\/em><\/p>\n<p>&nbsp;<\/p>\n<p>Raffael : Les premi\u00e8res propositions ont \u00e9t\u00e9 \u00e9labor\u00e9es par la premi\u00e8re promotion \u00e0 la demande du pr\u00e9sident Macron et du chancelier Scholz. Notre promotion, elle, adopte une autre approche : nous misons avant tout sur des projets tr\u00e8s concrets, ancr\u00e9s dans la pratique. Nous savons qu\u2019il existe d\u00e9j\u00e0 de nombreuses initiatives dans l\u2019espace franco-allemand \u2013 notre objectif n\u2019est pas de les reproduire, mais plut\u00f4t d\u2019apporter notre perspective de jeunes professionnels issus de disciplines et de parcours de vie vari\u00e9s. Notre ambition est de mettre cette diversit\u00e9 au service d\u2019id\u00e9es innovantes et audacieuses pour l\u2019avenir de l\u2019Europe.<\/p>\n<p>&nbsp;<\/p>\n<p><em>dokdoc : Vous venez de dire que vos projets d\u00e9passent le strict cadre franco-allemand. Comment cela se manifeste-t-il concr\u00e8tement dans votre travail ?<\/em><\/p>\n<p>&nbsp;<\/p>\n<p>Raffael : De mani\u00e8re g\u00e9n\u00e9rale, nous avons tous une approche europ\u00e9enne, et non nationale. Le nom du programme, <em>G\u00e9n\u00e9ration Europe<\/em>, l\u2019exprime d\u2019ailleurs de mani\u00e8re tr\u00e8s explicite. Nous voulons nous engager pour l\u2019Europe \u2013 pas seulement pour les relations franco-allemandes. Les relations franco-allemandes sont certes un pilier central de l\u2019Union, mais pour nous, elles sont un tremplin, pas une finalit\u00e9.<\/p>\n<p>&nbsp;<\/p>\n<figure id=\"attachment_30557\" aria-describedby=\"caption-attachment-30557\" style=\"width: 1024px\" class=\"wp-caption aligncenter\"><img decoding=\"async\" class=\"wp-image-30557\" src=\"https:\/\/dokdoc.eu\/wp-content\/uploads\/2025\/07\/2_Sanchez_GE25_167-300x214.jpg\" alt=\"Devant le Bundesrat (Copyright: Jennifer Sanchez | vonZynski.com)\" width=\"1024\" height=\"732\" srcset=\"https:\/\/dokdoc.eu\/wp-content\/uploads\/2025\/07\/2_Sanchez_GE25_167-300x214.jpg 300w, https:\/\/dokdoc.eu\/wp-content\/uploads\/2025\/07\/2_Sanchez_GE25_167-1024x732.jpg 1024w, https:\/\/dokdoc.eu\/wp-content\/uploads\/2025\/07\/2_Sanchez_GE25_167-768x549.jpg 768w, https:\/\/dokdoc.eu\/wp-content\/uploads\/2025\/07\/2_Sanchez_GE25_167-1536x1097.jpg 1536w, https:\/\/dokdoc.eu\/wp-content\/uploads\/2025\/07\/2_Sanchez_GE25_167-2048x1463.jpg 2048w\" sizes=\"(max-width: 1024px) 100vw, 1024px\" \/><figcaption id=\"caption-attachment-30557\" class=\"wp-caption-text\">Devant le Bundesrat (Copyright: Jennifer Sanchez | vonZynski.com)<\/figcaption><\/figure>\n<p>&nbsp;<\/p>\n<p>Agathe : Et c\u2019est pour cette raison que nous irons \u00e0 Varsovie en octobre \u2013 c\u2019est la troisi\u00e8me ville europ\u00e9enne que notre promotion visitera, apr\u00e8s Berlin et Paris.<\/p>\n<p><em>\u00a0<\/em><\/p>\n<p><em>dokdoc :<\/em><em> Quels sont les projets et initiatives de votre promotion qui vous tiennent particuli\u00e8rement \u00e0 c\u0153ur ?<\/em><\/p>\n<p>&nbsp;<\/p>\n<p>Raffael : \u00a0Nous travaillons dans des domaines tr\u00e8s vari\u00e9s. Pour ma part, je fais partie d\u2019une \u00e9quipe qui d\u00e9veloppe ce que nous appelons un \u00ab starterkit \u00bb. Au d\u00e9part, nous nous sommes demand\u00e9 comment l\u2019entrepreneuriat pouvait contribuer \u00e0 l\u2019innovation en Europe \u2013 en particulier dans le contexte des start-ups. Nous avons identifi\u00e9 de nombreux obstacles pour les jeunes cr\u00e9ateurs d\u2019entreprise, notamment la complexit\u00e9 des exigences administratives, tant en France qu\u2019en Allemagne. Nous avons \u00e9galement constat\u00e9 que les fondateurs sont en majorit\u00e9 tr\u00e8s dipl\u00f4m\u00e9s, issus de r\u00e9gions \u00e9conomiquement fortes \u2013 et le plus souvent des hommes. Il y a donc l\u00e0 un fort d\u00e9s\u00e9quilibre social. Notre objectif est de cr\u00e9er un guide pratique, comprenant des instructions \u00e9tape par \u00e9tape, des conseils pour entrer sur les march\u00e9s fran\u00e7ais et allemand, ainsi que des informations juridiques. Nous souhaitons ainsi faciliter l\u2019acc\u00e8s \u00e0 l\u2019entrepreneuriat et renforcer les dynamiques d\u2019innovation transfrontali\u00e8re. Nous pr\u00e9voyons de publier ce guide d\u2019ici la fin de l\u2019ann\u00e9e.<\/p>\n<p><em>\u00a0<\/em><\/p>\n<p><em>dokdoc :<\/em><em> Agathe, vous avez beaucoup travaill\u00e9 sur les questions sociales. Pouvez-vous nous donner un exemple de projets particuli\u00e8rement important pour vous ? <\/em><\/p>\n<p>&nbsp;<\/p>\n<p>Agathe : Je travaille dans un projet autour des solidarit\u00e9s europ\u00e9ennes. L\u2019id\u00e9e est de cr\u00e9er des passerelles entre les acteurs engag\u00e9s dans le domaine social, que ce soit en France, en Allemagne ou ailleurs en Europe. Nous rencontrons des experts sur des th\u00e9matiques sensibles comme les mutilations g\u00e9nitales f\u00e9minines \u2013 un sujet sur lequel j\u2019ai moi-m\u00eame travaill\u00e9 et auquel je suis actuellement confront\u00e9 \u00e0 la Charit\u00e9, o\u00f9 je coordonne un projet d\u2019acc\u00e8s \u00e0 la sant\u00e9 pour les r\u00e9fugi\u00e9s. On sait qu\u2019il existe des cliniques en France et en Allemagne qui accompagnent des r\u00e9fugi\u00e9es qui ont subi ce genre de violences. Notre but est de les mettre en contact, de leur permettre d\u2019\u00e9changer leurs bonnes pratiques et d\u2019apprendre les unes des autres. C\u2019est un projet \u00e0 fort impact social.<\/p>\n<p><em>\u00a0<\/em><\/p>\n<p><em>dokdoc :<\/em><em> Le programme se termine fin d\u00e9cembre. Comment comptez-vous faire pour que vos projets continuent \u00e0 infuser\u00a0? <\/em><\/p>\n<p>&nbsp;<\/p>\n<p>Raffael : Nous nous sommes nous aussi pos\u00e9 la question. Certains de nos projets ont \u00e9t\u00e9 con\u00e7us pour continuer \u00e0 avoir un impact au-del\u00e0 de cette seule ann\u00e9e. Au sein de nos groupes, nous avons d\u2019ailleurs d\u00e9j\u00e0 discut\u00e9 des suites possibles\u00a0: certains se sont tr\u00e8s vite dits pr\u00eats \u00e0 s\u2019engager sur une p\u00e9riode plus longue. La promotion pr\u00e9c\u00e9dente a, de son c\u00f4t\u00e9, lanc\u00e9 des projets de suivi et des \u00e9v\u00e9nements, assurant ainsi une v\u00e9ritable continuit\u00e9. Il existe \u00e9galement un r\u00e9seau d\u2019alumni tr\u00e8s actif. C\u2019est une plateforme extr\u00eamement pr\u00e9cieuse pour rester en contact sur le long terme, s\u2019entraider et d\u00e9velopper de nouvelles id\u00e9es. Un objectif central de <em>G\u00e9n\u00e9ration Europe<\/em> est justement que l\u2019engagement issu du programme ait un impact durable dans nos futurs domaines professionnels.<\/p>\n<p>&nbsp;<\/p>\n<figure id=\"attachment_30559\" aria-describedby=\"caption-attachment-30559\" style=\"width: 1024px\" class=\"wp-caption aligncenter\"><img decoding=\"async\" class=\"wp-image-30559\" src=\"https:\/\/dokdoc.eu\/wp-content\/uploads\/2025\/07\/3_Sanchez_GE25_099-300x214.jpg\" alt=\"Rencontre du r\u00e9seau alumni (Copyright: Jennifer Sanchez | vonZynski.com)\" width=\"1024\" height=\"732\" srcset=\"https:\/\/dokdoc.eu\/wp-content\/uploads\/2025\/07\/3_Sanchez_GE25_099-300x214.jpg 300w, https:\/\/dokdoc.eu\/wp-content\/uploads\/2025\/07\/3_Sanchez_GE25_099-1024x732.jpg 1024w, https:\/\/dokdoc.eu\/wp-content\/uploads\/2025\/07\/3_Sanchez_GE25_099-768x549.jpg 768w, https:\/\/dokdoc.eu\/wp-content\/uploads\/2025\/07\/3_Sanchez_GE25_099-1536x1097.jpg 1536w, https:\/\/dokdoc.eu\/wp-content\/uploads\/2025\/07\/3_Sanchez_GE25_099-2048x1463.jpg 2048w\" sizes=\"(max-width: 1024px) 100vw, 1024px\" \/><figcaption id=\"caption-attachment-30559\" class=\"wp-caption-text\">Rencontre du r\u00e9seau alumni (Copyright: Jennifer Sanchez | vonZynski.com)<\/figcaption><\/figure>\n<p>&nbsp;<\/p>\n<p>Agathe\u00a0: L\u2019\u00e9nergie et la coh\u00e9sion que nous vivons au sein de notre cohorte vont au-del\u00e0 du simple programme.<\/p>\n<p>&nbsp;<\/p>\n<p>Raffael : Exactement ! Le r\u00e9seau des alumni ne cesse de grandir, notamment gr\u00e2ce \u00e0 des \u00e9v\u00e9nements, comme ceux organis\u00e9s \u00e0 Berlin.<\/p>\n<p><em>\u00a0<\/em><\/p>\n<p><em>dokdoc :<\/em><em> Le programme entend promouvoir les \u00e9changes d\u2019\u00e9gal \u00e0 \u00e9gal \u2013 entre jeunes professionnels et d\u00e9cideurs. Comment cela se d\u00e9roule-t-il dans la pratique\u00a0?<\/em><\/p>\n<p>&nbsp;<\/p>\n<p>Agathe\u00a0: Ce dialogue repose d\u2019abord sur un v\u00e9ritable esprit europ\u00e9en, partag\u00e9 par tous les participants. C\u2019est ce qui rend possible la rencontre avec des personnalit\u00e9s politiques de haut niveau \u2013 pas seulement comme invit\u00e9s, mais comme partenaires de discussion. Le programme b\u00e9n\u00e9ficie du formidable r\u00e9seau de l\u2019OFAJ et de ses Secr\u00e9taires G\u00e9n\u00e9raux, Tobias B\u00fctow et Anne Tallineau. Il jouit d\u2019une excellente r\u00e9putation, ce qui facilite l\u2019acc\u00e8s \u00e0 ces \u00e9changes rares, coordonn\u00e9s avec talent par Margot Dufaux, responsable du programme. Pour nous, c\u2019est une chance incroyable !<\/p>\n<p>&nbsp;<\/p>\n<figure id=\"attachment_30561\" aria-describedby=\"caption-attachment-30561\" style=\"width: 1024px\" class=\"wp-caption aligncenter\"><img loading=\"lazy\" decoding=\"async\" class=\"wp-image-30561\" src=\"https:\/\/dokdoc.eu\/wp-content\/uploads\/2025\/07\/4_347356-pgs9d6x84x-whr-300x200.jpg\" alt=\"\u00c9change avec Christine Lagarde \u00e0 l'Ambasse de France \u00e0 Berlin (Copyright: M. Ulrich, Ambassade de France en Allemagne)\" width=\"1024\" height=\"683\" srcset=\"https:\/\/dokdoc.eu\/wp-content\/uploads\/2025\/07\/4_347356-pgs9d6x84x-whr-300x200.jpg 300w, https:\/\/dokdoc.eu\/wp-content\/uploads\/2025\/07\/4_347356-pgs9d6x84x-whr-1024x683.jpg 1024w, https:\/\/dokdoc.eu\/wp-content\/uploads\/2025\/07\/4_347356-pgs9d6x84x-whr-768x512.jpg 768w, https:\/\/dokdoc.eu\/wp-content\/uploads\/2025\/07\/4_347356-pgs9d6x84x-whr.jpg 1200w\" sizes=\"(max-width: 1024px) 100vw, 1024px\" \/><figcaption id=\"caption-attachment-30561\" class=\"wp-caption-text\">\u00c9change avec Christine Lagarde \u00e0 l&rsquo;Ambasse de France \u00e0 Berlin (Copyright: M. Ulrich, Ambassade de France en Allemagne)<\/figcaption><\/figure>\n<p>&nbsp;<\/p>\n<p>Raffael : Pour moi, la rencontre avec Christine Lagarde a \u00e9t\u00e9 un moment fort. Nous l\u2019avons rencontr\u00e9e \u00e0 l\u2019ambassade de France \u00e0 Berlin. C\u2019\u00e9tait tr\u00e8s impressionnant de pouvoir discuter directement avec une personnalit\u00e9 aussi \u00e9minente des enjeux europ\u00e9ens et mondiaux \u2013 tout en ayant la possibilit\u00e9 d\u2019apporter nos propres id\u00e9es, notamment gr\u00e2ce \u00e0 notre travail au sein de <em>G\u00e9n\u00e9ration Europe<\/em>. C\u2019est pr\u00e9cis\u00e9ment ce type d\u2019interactions qui rend le programme vraiment unique.<\/p>\n<p>&nbsp;<\/p>\n<p><em>dokdoc : Pour finir, une question br\u00e8ve mais qui a toute son importance : <\/em><em>\u00a0quelle est votre vision des relations franco-allemandes en 2030 \u2013 et quel r\u00f4le G\u00e9n\u00e9ration Europe devrait-elle y jouer ?<\/em><\/p>\n<p><em>\u00a0<\/em><\/p>\n<p>Agathe : Je suis optimiste. J\u2019imagine des gouvernements fran\u00e7ais et allemand portant une Union sociale et solidaire, investissant dans les biens communs, la recherche fondamentale, la sant\u00e9 et le logement pour tous. Je pense que le r\u00f4le de notre programme est de constamment rappeler aux d\u00e9cideurs fran\u00e7ais et allemands les besoins que nous observons au quotidien dans nos milieux professionnels respectifs, tout en leur montrant que des solutions cr\u00e9atives r\u00e9sident dans une approche franco-allemande.<\/p>\n<p>&nbsp;<\/p>\n<p>Raffael : J\u2019esp\u00e8re que les relations franco-allemandes seront mises au service du rapprochement europ\u00e9en. Il y a actuellement une fen\u00eatre d\u2019opportunit\u00e9, avec de nouvelles configurations politiques et le besoin croissant pour l\u2019UE d\u2019agir de mani\u00e8re plus autonome. S\u2019agissant de <em>G\u00e9n\u00e9ration Europe<\/em>, je souhaite que nous restions un r\u00e9seau solide et que nous puissions int\u00e9grer nos exp\u00e9riences dans nos domaines professionnels afin de promouvoir des initiatives franco-allemandes, o\u00f9 que nous soyons.<\/p>\n<p>&nbsp;<\/p>\n<p style=\"text-align: right;\"><em>Sur le programme\u00a0: <\/em><a href=\"https:\/\/www.ofaj.org\/programmes-formations\/generation-europe#1\"><em>G\u00e9n\u00e9ration Europe | OFAJ<\/em><\/a><\/p>\n<p>&nbsp;<\/p>\n<h2><strong>Unsere G\u00e4ste<\/strong><\/h2>\n<figure id=\"attachment_30563\" aria-describedby=\"caption-attachment-30563\" style=\"width: 202px\" class=\"wp-caption alignleft\"><img loading=\"lazy\" decoding=\"async\" class=\" wp-image-30563\" src=\"https:\/\/dokdoc.eu\/wp-content\/uploads\/2025\/07\/5_portrait-Agathe-janvier-2025-avec-fenetre-en-fond-300x300.jpg\" alt=\"Agathe Menetrier (Copyright: DFJW\/OFAJ)\" width=\"202\" height=\"202\" srcset=\"https:\/\/dokdoc.eu\/wp-content\/uploads\/2025\/07\/5_portrait-Agathe-janvier-2025-avec-fenetre-en-fond-300x300.jpg 300w, https:\/\/dokdoc.eu\/wp-content\/uploads\/2025\/07\/5_portrait-Agathe-janvier-2025-avec-fenetre-en-fond-1024x1024.jpg 1024w, https:\/\/dokdoc.eu\/wp-content\/uploads\/2025\/07\/5_portrait-Agathe-janvier-2025-avec-fenetre-en-fond-150x150.jpg 150w, https:\/\/dokdoc.eu\/wp-content\/uploads\/2025\/07\/5_portrait-Agathe-janvier-2025-avec-fenetre-en-fond-768x768.jpg 768w, https:\/\/dokdoc.eu\/wp-content\/uploads\/2025\/07\/5_portrait-Agathe-janvier-2025-avec-fenetre-en-fond-1536x1536.jpg 1536w, https:\/\/dokdoc.eu\/wp-content\/uploads\/2025\/07\/5_portrait-Agathe-janvier-2025-avec-fenetre-en-fond-2048x2048.jpg 2048w, https:\/\/dokdoc.eu\/wp-content\/uploads\/2025\/07\/5_portrait-Agathe-janvier-2025-avec-fenetre-en-fond-96x96.jpg 96w\" sizes=\"(max-width: 202px) 100vw, 202px\" \/><figcaption id=\"caption-attachment-30563\" class=\"wp-caption-text\">Agathe Menetrier (Copyright: DFJW\/OFAJ)<\/figcaption><\/figure>\n<p><em>Agathe Menetrier dirige un projet d&rsquo;acc\u00e8s \u00e0 la sant\u00e9 pour les femmes r\u00e9fugi\u00e9es \u00e0 la Charit\u00e9 \u00e0 Berlin. Elle conseille \u00e9galement des organisations internationales et ONG, souvent sur des questions de discriminations, de violences li\u00e9es au genre et de migrations forc\u00e9es. Agathe a \u00e9tudi\u00e9 les relations internationales \u00e0 Sciences Po (Paris) et la Humboldt (Berlin), puis effectu\u00e9 un doctorat \u00e0 l&rsquo;\u00c9cole normale sup\u00e9rieure (Paris) et \u00e0 l&rsquo;Institut Max Planck d&rsquo;anthropologie sociale (Halle). Ses terrains de recherche l&rsquo;ont men\u00e9e \u00e0 Dakar, Nouakchott et Banjul. Engag\u00e9e professionnellement et b\u00e9n\u00e9volement pour la protection du droit d&rsquo;asile, elle esp\u00e8re \u0153uvrer au renforcement d&rsquo;initiatives franco-allemandes solidaires.<\/em><\/p>\n<p>&nbsp;<\/p>\n<figure id=\"attachment_30565\" aria-describedby=\"caption-attachment-30565\" style=\"width: 185px\" class=\"wp-caption alignright\"><img loading=\"lazy\" decoding=\"async\" class=\" wp-image-30565\" src=\"https:\/\/dokdoc.eu\/wp-content\/uploads\/2025\/07\/6_raffael_ruppert-300x300.webp\" alt=\"Raffael Ruppert (Copyright: DFJW\/OFAJ)\" width=\"185\" height=\"185\" srcset=\"https:\/\/dokdoc.eu\/wp-content\/uploads\/2025\/07\/6_raffael_ruppert-300x300.webp 300w, https:\/\/dokdoc.eu\/wp-content\/uploads\/2025\/07\/6_raffael_ruppert-150x150.webp 150w, https:\/\/dokdoc.eu\/wp-content\/uploads\/2025\/07\/6_raffael_ruppert-96x96.webp 96w, https:\/\/dokdoc.eu\/wp-content\/uploads\/2025\/07\/6_raffael_ruppert.webp 435w\" sizes=\"(max-width: 185px) 100vw, 185px\" \/><figcaption id=\"caption-attachment-30565\" class=\"wp-caption-text\">Raffael Ruppert (Copyright: DFJW\/OFAJ)<\/figcaption><\/figure>\n<p><em>Raffael Ruppert travaille comme data analyst ind\u00e9pendant pour des organisations du secteur de l\u2019\u00e9ducation et de la soci\u00e9t\u00e9 civile, et se concentre notamment sur les opportunit\u00e9s et les risques que l\u2019intelligence artificielle pr\u00e9sente pour la soci\u00e9t\u00e9 et la d\u00e9mocratie. Parall\u00e8lement, il enseigne le marketing \u00e0 la HWR de Berlin. Auparavant, il a dirig\u00e9 l\u2019\u00e9quipe de recherche chez Civey, une start-up sp\u00e9cialis\u00e9e dans les sondages d\u2019opinion, et a d\u00e9velopp\u00e9 des solutions bas\u00e9es sur les donn\u00e9es au sein du KI-Campus du Stifterverband. Son parcours a d\u00e9but\u00e9 par des \u00e9tudes de sciences politiques \u00e0 Passau, Grenoble, Paris et Berlin.<\/em><\/p>\n<p>&nbsp;<\/p>\n<p>&nbsp;<\/p>\n<p>&nbsp;<\/p>\n<p style=\"text-align: right;\"><em>En coop\u00e9ration avec <\/em><a href=\"https:\/\/www.ofaj.org\/\"><em>L&rsquo;Office franco-allemand pour la Jeunesse (OFAJ)<\/em><\/a><\/p>\n<p>&nbsp;<\/p>\n<p><img loading=\"lazy\" decoding=\"async\" class=\"size-medium wp-image-30567 alignright\" src=\"https:\/\/dokdoc.eu\/wp-content\/uploads\/2025\/07\/LOGO_OFAJ_SANS-CARTOUCHE_AVEC-SIGNATURE_RVB-300x71.jpg\" alt=\"Logo DFJW\" width=\"300\" height=\"71\" srcset=\"https:\/\/dokdoc.eu\/wp-content\/uploads\/2025\/07\/LOGO_OFAJ_SANS-CARTOUCHE_AVEC-SIGNATURE_RVB-300x71.jpg 300w, https:\/\/dokdoc.eu\/wp-content\/uploads\/2025\/07\/LOGO_OFAJ_SANS-CARTOUCHE_AVEC-SIGNATURE_RVB-1024x241.jpg 1024w, https:\/\/dokdoc.eu\/wp-content\/uploads\/2025\/07\/LOGO_OFAJ_SANS-CARTOUCHE_AVEC-SIGNATURE_RVB-768x181.jpg 768w, https:\/\/dokdoc.eu\/wp-content\/uploads\/2025\/07\/LOGO_OFAJ_SANS-CARTOUCHE_AVEC-SIGNATURE_RVB-1536x361.jpg 1536w, https:\/\/dokdoc.eu\/wp-content\/uploads\/2025\/07\/LOGO_OFAJ_SANS-CARTOUCHE_AVEC-SIGNATURE_RVB-2048x481.jpg 2048w\" sizes=\"(max-width: 300px) 100vw, 300px\" \/><\/p>\n","protected":false},"excerpt":{"rendered":"<p>Le programme G\u00e9n\u00e9ration Europe r\u00e9unit de jeunes professionnels engag\u00e9s d\u2019Allemagne et de France. Son mot d\u2019ordre : l\u2019histoire n\u2019est pas une fatalit\u00e9, l\u2019avenir se construit ensemble. Nous en avons discut\u00e9 avec deux membres de la promotion 2025.<\/p>\n","protected":false},"author":1,"featured_media":30555,"comment_status":"closed","ping_status":"closed","sticky":false,"template":"","format":"standard","meta":{"om_disable_all_campaigns":false,"_monsterinsights_skip_tracking":false,"_monsterinsights_sitenote_active":false,"_monsterinsights_sitenote_note":"","_monsterinsights_sitenote_category":0,"_uf_show_specific_survey":0,"_uf_disable_surveys":false,"footnotes":""},"categories":[115],"tags":[896,2161,414,1774,2150,2162,2159,2149,2153,2147,2164,1382,2148,2155,1773,897,2152,2158,2160,2156,2154,2157,2151,2165,211,582,2163],"ppma_author":[2125],"class_list":["post-30572","post","type-post","status-publish","format-standard","has-post-thumbnail","hentry","category-societe-fr-2","tag-berlin-fr","tag-cohorte-2025","tag-cooperation-franco-allemande","tag-dfjw","tag-dialogue-interculturel","tag-dialogue-politique","tag-diversite","tag-engagement-europeen","tag-entrepreneuriat","tag-generation-europe","tag-initiatives-concretes","tag-innovation","tag-jeunes-professionnels","tag-mutilations-genitales-feminines","tag-ofaj","tag-paris-fr","tag-pass-culture","tag-projets-transfrontaliers","tag-recherche-publique","tag-reseau-dalumni","tag-sante-des-refugies","tag-sciences-politiques","tag-solidarite-europeenne","tag-start-ups-fr","tag-traite-de-lelysee","tag-union-europeenne","tag-varsovie"],"yoast_head":"<!-- This site is optimized with the Yoast SEO plugin v27.5 - https:\/\/yoast.com\/product\/yoast-seo-wordpress\/ -->\n<title>\u00ab Cette \u00e9nergie, je l\u2019ai trouv\u00e9e dans le programme G\u00e9n\u00e9ration Europe \u00bb - dokdoc.eu<\/title>\n<meta name=\"robots\" content=\"index, follow, max-snippet:-1, max-image-preview:large, max-video-preview:-1\" \/>\n<link rel=\"canonical\" href=\"https:\/\/dokdoc.eu\/fr\/2025\/07\/10\/cette-energie-je-lai-trouvee-dans-le-programme-generation-europe\/\" \/>\n<meta property=\"og:locale\" content=\"fr_FR\" \/>\n<meta property=\"og:type\" content=\"article\" \/>\n<meta property=\"og:title\" content=\"\u00ab Cette \u00e9nergie, je l\u2019ai trouv\u00e9e dans le programme G\u00e9n\u00e9ration Europe \u00bb - dokdoc.eu\" \/>\n<meta property=\"og:description\" content=\"Le programme G\u00e9n\u00e9ration Europe r\u00e9unit de jeunes professionnels engag\u00e9s d\u2019Allemagne et de France. Son mot d\u2019ordre : l\u2019histoire n\u2019est pas une fatalit\u00e9, l\u2019avenir se construit ensemble. Nous en avons discut\u00e9 avec deux membres de la promotion 2025.\" \/>\n<meta property=\"og:url\" content=\"https:\/\/dokdoc.eu\/fr\/2025\/07\/10\/cette-energie-je-lai-trouvee-dans-le-programme-generation-europe\/\" \/>\n<meta property=\"og:site_name\" content=\"dokdoc.eu\" \/>\n<meta property=\"article:published_time\" content=\"2025-07-10T20:16:43+00:00\" \/>\n<meta property=\"article:modified_time\" content=\"2025-07-11T06:36:13+00:00\" \/>\n<meta property=\"og:image\" content=\"https:\/\/dokdoc.eu\/wp-content\/uploads\/2025\/07\/1_Sanchez_GE25_301-scaled.jpg\" \/>\n\t<meta property=\"og:image:width\" content=\"2560\" \/>\n\t<meta property=\"og:image:height\" content=\"1440\" \/>\n\t<meta property=\"og:image:type\" content=\"image\/jpeg\" \/>\n<meta name=\"author\" content=\"Agathe Menetrier &amp; Raffael Ruppert\" \/>\n<meta name=\"twitter:card\" content=\"summary_large_image\" \/>\n<meta name=\"twitter:label1\" content=\"\u00c9crit par\" \/>\n\t<meta name=\"twitter:data1\" content=\"RochowMedienagentur\" \/>\n\t<meta name=\"twitter:label2\" content=\"Dur\u00e9e de lecture estim\u00e9e\" \/>\n\t<meta name=\"twitter:data2\" content=\"12 minutes\" \/>\n<script type=\"application\/ld+json\" class=\"yoast-schema-graph\">{\"@context\":\"https:\\\/\\\/schema.org\",\"@graph\":[{\"@type\":\"Article\",\"@id\":\"https:\\\/\\\/dokdoc.eu\\\/fr\\\/2025\\\/07\\\/10\\\/cette-energie-je-lai-trouvee-dans-le-programme-generation-europe\\\/#article\",\"isPartOf\":{\"@id\":\"https:\\\/\\\/dokdoc.eu\\\/fr\\\/2025\\\/07\\\/10\\\/cette-energie-je-lai-trouvee-dans-le-programme-generation-europe\\\/\"},\"author\":{\"name\":\"RochowMedienagentur\",\"@id\":\"https:\\\/\\\/dokdoc.eu\\\/fr\\\/#\\\/schema\\\/person\\\/d760e6e53df901fd9522f1d3a1e46621\"},\"headline\":\"\u00ab Cette \u00e9nergie, je l\u2019ai trouv\u00e9e dans le programme G\u00e9n\u00e9ration Europe \u00bb\",\"datePublished\":\"2025-07-10T20:16:43+00:00\",\"dateModified\":\"2025-07-11T06:36:13+00:00\",\"mainEntityOfPage\":{\"@id\":\"https:\\\/\\\/dokdoc.eu\\\/fr\\\/2025\\\/07\\\/10\\\/cette-energie-je-lai-trouvee-dans-le-programme-generation-europe\\\/\"},\"wordCount\":2176,\"publisher\":{\"@id\":\"https:\\\/\\\/dokdoc.eu\\\/fr\\\/#organization\"},\"image\":{\"@id\":\"https:\\\/\\\/dokdoc.eu\\\/fr\\\/2025\\\/07\\\/10\\\/cette-energie-je-lai-trouvee-dans-le-programme-generation-europe\\\/#primaryimage\"},\"thumbnailUrl\":\"https:\\\/\\\/dokdoc.eu\\\/wp-content\\\/uploads\\\/2025\\\/07\\\/1_Sanchez_GE25_301-scaled.jpg\",\"keywords\":[\"Berlin\",\"cohorte 2025\",\"coop\u00e9ration franco-allemande\",\"DFJW\",\"dialogue interculturel\",\"dialogue politique\",\"diversit\u00e9\",\"engagement europ\u00e9en\",\"entrepreneuriat\",\"G\u00e9n\u00e9ration Europe\",\"initiatives concr\u00e8tes\",\"Innovation\",\"jeunes professionnels\",\"mutilations g\u00e9nitales f\u00e9minines\",\"OFAJ\",\"Paris\",\"Pass Culture\",\"projets transfrontaliers\",\"recherche publique\",\"r\u00e9seau d\u2019alumni\",\"sant\u00e9 des r\u00e9fugi\u00e9s\",\"sciences politiques\",\"solidarit\u00e9 europ\u00e9enne\",\"Start-ups\",\"trait\u00e9 de l'\u00c9lys\u00e9e\",\"Union europ\u00e9enne\",\"Varsovie\"],\"articleSection\":[\"Soci\u00e9t\u00e9\"],\"inLanguage\":\"fr-FR\"},{\"@type\":\"WebPage\",\"@id\":\"https:\\\/\\\/dokdoc.eu\\\/fr\\\/2025\\\/07\\\/10\\\/cette-energie-je-lai-trouvee-dans-le-programme-generation-europe\\\/\",\"url\":\"https:\\\/\\\/dokdoc.eu\\\/fr\\\/2025\\\/07\\\/10\\\/cette-energie-je-lai-trouvee-dans-le-programme-generation-europe\\\/\",\"name\":\"\u00ab Cette \u00e9nergie, je l\u2019ai trouv\u00e9e dans le programme G\u00e9n\u00e9ration Europe \u00bb - dokdoc.eu\",\"isPartOf\":{\"@id\":\"https:\\\/\\\/dokdoc.eu\\\/fr\\\/#website\"},\"primaryImageOfPage\":{\"@id\":\"https:\\\/\\\/dokdoc.eu\\\/fr\\\/2025\\\/07\\\/10\\\/cette-energie-je-lai-trouvee-dans-le-programme-generation-europe\\\/#primaryimage\"},\"image\":{\"@id\":\"https:\\\/\\\/dokdoc.eu\\\/fr\\\/2025\\\/07\\\/10\\\/cette-energie-je-lai-trouvee-dans-le-programme-generation-europe\\\/#primaryimage\"},\"thumbnailUrl\":\"https:\\\/\\\/dokdoc.eu\\\/wp-content\\\/uploads\\\/2025\\\/07\\\/1_Sanchez_GE25_301-scaled.jpg\",\"datePublished\":\"2025-07-10T20:16:43+00:00\",\"dateModified\":\"2025-07-11T06:36:13+00:00\",\"breadcrumb\":{\"@id\":\"https:\\\/\\\/dokdoc.eu\\\/fr\\\/2025\\\/07\\\/10\\\/cette-energie-je-lai-trouvee-dans-le-programme-generation-europe\\\/#breadcrumb\"},\"inLanguage\":\"fr-FR\",\"potentialAction\":[{\"@type\":\"ReadAction\",\"target\":[\"https:\\\/\\\/dokdoc.eu\\\/fr\\\/2025\\\/07\\\/10\\\/cette-energie-je-lai-trouvee-dans-le-programme-generation-europe\\\/\"]}]},{\"@type\":\"ImageObject\",\"inLanguage\":\"fr-FR\",\"@id\":\"https:\\\/\\\/dokdoc.eu\\\/fr\\\/2025\\\/07\\\/10\\\/cette-energie-je-lai-trouvee-dans-le-programme-generation-europe\\\/#primaryimage\",\"url\":\"https:\\\/\\\/dokdoc.eu\\\/wp-content\\\/uploads\\\/2025\\\/07\\\/1_Sanchez_GE25_301-scaled.jpg\",\"contentUrl\":\"https:\\\/\\\/dokdoc.eu\\\/wp-content\\\/uploads\\\/2025\\\/07\\\/1_Sanchez_GE25_301-scaled.jpg\",\"width\":2560,\"height\":1440,\"caption\":\"Der Jahrgang 2025 bei seinem Besuch im Bundesrat (Copyright: Jennifer Sanchez | vonZynski.com)\"},{\"@type\":\"BreadcrumbList\",\"@id\":\"https:\\\/\\\/dokdoc.eu\\\/fr\\\/2025\\\/07\\\/10\\\/cette-energie-je-lai-trouvee-dans-le-programme-generation-europe\\\/#breadcrumb\",\"itemListElement\":[{\"@type\":\"ListItem\",\"position\":1,\"name\":\"Startseite\",\"item\":\"https:\\\/\\\/dokdoc.eu\\\/fr\\\/\"},{\"@type\":\"ListItem\",\"position\":2,\"name\":\"\u00ab Cette \u00e9nergie, je l\u2019ai trouv\u00e9e dans le programme G\u00e9n\u00e9ration Europe \u00bb\"}]},{\"@type\":\"WebSite\",\"@id\":\"https:\\\/\\\/dokdoc.eu\\\/fr\\\/#website\",\"url\":\"https:\\\/\\\/dokdoc.eu\\\/fr\\\/\",\"name\":\"dokdoc.eu\",\"description\":\"\",\"publisher\":{\"@id\":\"https:\\\/\\\/dokdoc.eu\\\/fr\\\/#organization\"},\"potentialAction\":[{\"@type\":\"SearchAction\",\"target\":{\"@type\":\"EntryPoint\",\"urlTemplate\":\"https:\\\/\\\/dokdoc.eu\\\/fr\\\/?s={search_term_string}\"},\"query-input\":{\"@type\":\"PropertyValueSpecification\",\"valueRequired\":true,\"valueName\":\"search_term_string\"}}],\"inLanguage\":\"fr-FR\"},{\"@type\":\"Organization\",\"@id\":\"https:\\\/\\\/dokdoc.eu\\\/fr\\\/#organization\",\"name\":\"dokdoc.eu\",\"url\":\"https:\\\/\\\/dokdoc.eu\\\/fr\\\/\",\"logo\":{\"@type\":\"ImageObject\",\"inLanguage\":\"fr-FR\",\"@id\":\"https:\\\/\\\/dokdoc.eu\\\/fr\\\/#\\\/schema\\\/logo\\\/image\\\/\",\"url\":\"https:\\\/\\\/dokdoc.eu\\\/wp-content\\\/uploads\\\/2019\\\/08\\\/cropped-logo_dokdoc-e1720795013301.png\",\"contentUrl\":\"https:\\\/\\\/dokdoc.eu\\\/wp-content\\\/uploads\\\/2019\\\/08\\\/cropped-logo_dokdoc-e1720795013301.png\",\"width\":150,\"height\":110,\"caption\":\"dokdoc.eu\"},\"image\":{\"@id\":\"https:\\\/\\\/dokdoc.eu\\\/fr\\\/#\\\/schema\\\/logo\\\/image\\\/\"}},{\"@type\":\"Person\",\"@id\":\"https:\\\/\\\/dokdoc.eu\\\/fr\\\/#\\\/schema\\\/person\\\/d760e6e53df901fd9522f1d3a1e46621\",\"name\":\"RochowMedienagentur\",\"image\":{\"@type\":\"ImageObject\",\"inLanguage\":\"fr-FR\",\"@id\":\"https:\\\/\\\/dokdoc.eu\\\/wp-content\\\/uploads\\\/2019\\\/08\\\/cropped-logo_dokdoc-e1720795013301.png830075fd1c1a1f70247b47fa84cf0f00\",\"url\":\"https:\\\/\\\/dokdoc.eu\\\/wp-content\\\/uploads\\\/2019\\\/08\\\/cropped-logo_dokdoc-e1720795013301.png\",\"contentUrl\":\"https:\\\/\\\/dokdoc.eu\\\/wp-content\\\/uploads\\\/2019\\\/08\\\/cropped-logo_dokdoc-e1720795013301.png\",\"caption\":\"RochowMedienagentur\"},\"sameAs\":[\"https:\\\/\\\/dokdoc.eu\"],\"url\":\"https:\\\/\\\/dokdoc.eu\\\/fr\\\/author\\\/rochowmedienagentur\\\/\"}]}<\/script>\n<!-- \/ Yoast SEO plugin. -->","yoast_head_json":{"title":"\u00ab Cette \u00e9nergie, je l\u2019ai trouv\u00e9e dans le programme G\u00e9n\u00e9ration Europe \u00bb - dokdoc.eu","robots":{"index":"index","follow":"follow","max-snippet":"max-snippet:-1","max-image-preview":"max-image-preview:large","max-video-preview":"max-video-preview:-1"},"canonical":"https:\/\/dokdoc.eu\/fr\/2025\/07\/10\/cette-energie-je-lai-trouvee-dans-le-programme-generation-europe\/","og_locale":"fr_FR","og_type":"article","og_title":"\u00ab Cette \u00e9nergie, je l\u2019ai trouv\u00e9e dans le programme G\u00e9n\u00e9ration Europe \u00bb - dokdoc.eu","og_description":"Le programme G\u00e9n\u00e9ration Europe r\u00e9unit de jeunes professionnels engag\u00e9s d\u2019Allemagne et de France. Son mot d\u2019ordre : l\u2019histoire n\u2019est pas une fatalit\u00e9, l\u2019avenir se construit ensemble. Nous en avons discut\u00e9 avec deux membres de la promotion 2025.","og_url":"https:\/\/dokdoc.eu\/fr\/2025\/07\/10\/cette-energie-je-lai-trouvee-dans-le-programme-generation-europe\/","og_site_name":"dokdoc.eu","article_published_time":"2025-07-10T20:16:43+00:00","article_modified_time":"2025-07-11T06:36:13+00:00","og_image":[{"width":2560,"height":1440,"url":"https:\/\/dokdoc.eu\/wp-content\/uploads\/2025\/07\/1_Sanchez_GE25_301-scaled.jpg","type":"image\/jpeg"}],"author":"Agathe Menetrier &amp; Raffael Ruppert","twitter_card":"summary_large_image","twitter_misc":{"\u00c9crit par":"RochowMedienagentur","Dur\u00e9e de lecture estim\u00e9e":"12 minutes"},"schema":{"@context":"https:\/\/schema.org","@graph":[{"@type":"Article","@id":"https:\/\/dokdoc.eu\/fr\/2025\/07\/10\/cette-energie-je-lai-trouvee-dans-le-programme-generation-europe\/#article","isPartOf":{"@id":"https:\/\/dokdoc.eu\/fr\/2025\/07\/10\/cette-energie-je-lai-trouvee-dans-le-programme-generation-europe\/"},"author":{"name":"RochowMedienagentur","@id":"https:\/\/dokdoc.eu\/fr\/#\/schema\/person\/d760e6e53df901fd9522f1d3a1e46621"},"headline":"\u00ab Cette \u00e9nergie, je l\u2019ai trouv\u00e9e dans le programme G\u00e9n\u00e9ration Europe \u00bb","datePublished":"2025-07-10T20:16:43+00:00","dateModified":"2025-07-11T06:36:13+00:00","mainEntityOfPage":{"@id":"https:\/\/dokdoc.eu\/fr\/2025\/07\/10\/cette-energie-je-lai-trouvee-dans-le-programme-generation-europe\/"},"wordCount":2176,"publisher":{"@id":"https:\/\/dokdoc.eu\/fr\/#organization"},"image":{"@id":"https:\/\/dokdoc.eu\/fr\/2025\/07\/10\/cette-energie-je-lai-trouvee-dans-le-programme-generation-europe\/#primaryimage"},"thumbnailUrl":"https:\/\/dokdoc.eu\/wp-content\/uploads\/2025\/07\/1_Sanchez_GE25_301-scaled.jpg","keywords":["Berlin","cohorte 2025","coop\u00e9ration franco-allemande","DFJW","dialogue interculturel","dialogue politique","diversit\u00e9","engagement europ\u00e9en","entrepreneuriat","G\u00e9n\u00e9ration Europe","initiatives concr\u00e8tes","Innovation","jeunes professionnels","mutilations g\u00e9nitales f\u00e9minines","OFAJ","Paris","Pass Culture","projets transfrontaliers","recherche publique","r\u00e9seau d\u2019alumni","sant\u00e9 des r\u00e9fugi\u00e9s","sciences politiques","solidarit\u00e9 europ\u00e9enne","Start-ups","trait\u00e9 de l'\u00c9lys\u00e9e","Union europ\u00e9enne","Varsovie"],"articleSection":["Soci\u00e9t\u00e9"],"inLanguage":"fr-FR"},{"@type":"WebPage","@id":"https:\/\/dokdoc.eu\/fr\/2025\/07\/10\/cette-energie-je-lai-trouvee-dans-le-programme-generation-europe\/","url":"https:\/\/dokdoc.eu\/fr\/2025\/07\/10\/cette-energie-je-lai-trouvee-dans-le-programme-generation-europe\/","name":"\u00ab Cette \u00e9nergie, je l\u2019ai trouv\u00e9e dans le programme G\u00e9n\u00e9ration Europe \u00bb - dokdoc.eu","isPartOf":{"@id":"https:\/\/dokdoc.eu\/fr\/#website"},"primaryImageOfPage":{"@id":"https:\/\/dokdoc.eu\/fr\/2025\/07\/10\/cette-energie-je-lai-trouvee-dans-le-programme-generation-europe\/#primaryimage"},"image":{"@id":"https:\/\/dokdoc.eu\/fr\/2025\/07\/10\/cette-energie-je-lai-trouvee-dans-le-programme-generation-europe\/#primaryimage"},"thumbnailUrl":"https:\/\/dokdoc.eu\/wp-content\/uploads\/2025\/07\/1_Sanchez_GE25_301-scaled.jpg","datePublished":"2025-07-10T20:16:43+00:00","dateModified":"2025-07-11T06:36:13+00:00","breadcrumb":{"@id":"https:\/\/dokdoc.eu\/fr\/2025\/07\/10\/cette-energie-je-lai-trouvee-dans-le-programme-generation-europe\/#breadcrumb"},"inLanguage":"fr-FR","potentialAction":[{"@type":"ReadAction","target":["https:\/\/dokdoc.eu\/fr\/2025\/07\/10\/cette-energie-je-lai-trouvee-dans-le-programme-generation-europe\/"]}]},{"@type":"ImageObject","inLanguage":"fr-FR","@id":"https:\/\/dokdoc.eu\/fr\/2025\/07\/10\/cette-energie-je-lai-trouvee-dans-le-programme-generation-europe\/#primaryimage","url":"https:\/\/dokdoc.eu\/wp-content\/uploads\/2025\/07\/1_Sanchez_GE25_301-scaled.jpg","contentUrl":"https:\/\/dokdoc.eu\/wp-content\/uploads\/2025\/07\/1_Sanchez_GE25_301-scaled.jpg","width":2560,"height":1440,"caption":"Der Jahrgang 2025 bei seinem Besuch im Bundesrat (Copyright: Jennifer Sanchez | vonZynski.com)"},{"@type":"BreadcrumbList","@id":"https:\/\/dokdoc.eu\/fr\/2025\/07\/10\/cette-energie-je-lai-trouvee-dans-le-programme-generation-europe\/#breadcrumb","itemListElement":[{"@type":"ListItem","position":1,"name":"Startseite","item":"https:\/\/dokdoc.eu\/fr\/"},{"@type":"ListItem","position":2,"name":"\u00ab Cette \u00e9nergie, je l\u2019ai trouv\u00e9e dans le programme G\u00e9n\u00e9ration Europe \u00bb"}]},{"@type":"WebSite","@id":"https:\/\/dokdoc.eu\/fr\/#website","url":"https:\/\/dokdoc.eu\/fr\/","name":"dokdoc.eu","description":"","publisher":{"@id":"https:\/\/dokdoc.eu\/fr\/#organization"},"potentialAction":[{"@type":"SearchAction","target":{"@type":"EntryPoint","urlTemplate":"https:\/\/dokdoc.eu\/fr\/?s={search_term_string}"},"query-input":{"@type":"PropertyValueSpecification","valueRequired":true,"valueName":"search_term_string"}}],"inLanguage":"fr-FR"},{"@type":"Organization","@id":"https:\/\/dokdoc.eu\/fr\/#organization","name":"dokdoc.eu","url":"https:\/\/dokdoc.eu\/fr\/","logo":{"@type":"ImageObject","inLanguage":"fr-FR","@id":"https:\/\/dokdoc.eu\/fr\/#\/schema\/logo\/image\/","url":"https:\/\/dokdoc.eu\/wp-content\/uploads\/2019\/08\/cropped-logo_dokdoc-e1720795013301.png","contentUrl":"https:\/\/dokdoc.eu\/wp-content\/uploads\/2019\/08\/cropped-logo_dokdoc-e1720795013301.png","width":150,"height":110,"caption":"dokdoc.eu"},"image":{"@id":"https:\/\/dokdoc.eu\/fr\/#\/schema\/logo\/image\/"}},{"@type":"Person","@id":"https:\/\/dokdoc.eu\/fr\/#\/schema\/person\/d760e6e53df901fd9522f1d3a1e46621","name":"RochowMedienagentur","image":{"@type":"ImageObject","inLanguage":"fr-FR","@id":"https:\/\/dokdoc.eu\/wp-content\/uploads\/2019\/08\/cropped-logo_dokdoc-e1720795013301.png830075fd1c1a1f70247b47fa84cf0f00","url":"https:\/\/dokdoc.eu\/wp-content\/uploads\/2019\/08\/cropped-logo_dokdoc-e1720795013301.png","contentUrl":"https:\/\/dokdoc.eu\/wp-content\/uploads\/2019\/08\/cropped-logo_dokdoc-e1720795013301.png","caption":"RochowMedienagentur"},"sameAs":["https:\/\/dokdoc.eu"],"url":"https:\/\/dokdoc.eu\/fr\/author\/rochowmedienagentur\/"}]}},"authors":[{"term_id":2125,"user_id":0,"is_guest":1,"slug":"agathe-menetrier-raffael-ruppert","display_name":"Agathe Menetrier &amp; Raffael Ruppert","avatar_url":{"url":"https:\/\/dokdoc.eu\/wp-content\/uploads\/2019\/08\/cropped-logo_dokdoc-e1720795013301.png","url2x":"https:\/\/dokdoc.eu\/wp-content\/uploads\/2019\/08\/cropped-logo_dokdoc-e1720795013301.png"},"0":null,"1":"","2":"","3":"","4":"","5":"","6":"","7":"","8":""}],"_links":{"self":[{"href":"https:\/\/dokdoc.eu\/fr\/wp-json\/wp\/v2\/posts\/30572","targetHints":{"allow":["GET"]}}],"collection":[{"href":"https:\/\/dokdoc.eu\/fr\/wp-json\/wp\/v2\/posts"}],"about":[{"href":"https:\/\/dokdoc.eu\/fr\/wp-json\/wp\/v2\/types\/post"}],"author":[{"embeddable":true,"href":"https:\/\/dokdoc.eu\/fr\/wp-json\/wp\/v2\/users\/1"}],"replies":[{"embeddable":true,"href":"https:\/\/dokdoc.eu\/fr\/wp-json\/wp\/v2\/comments?post=30572"}],"version-history":[{"count":2,"href":"https:\/\/dokdoc.eu\/fr\/wp-json\/wp\/v2\/posts\/30572\/revisions"}],"predecessor-version":[{"id":30574,"href":"https:\/\/dokdoc.eu\/fr\/wp-json\/wp\/v2\/posts\/30572\/revisions\/30574"}],"wp:featuredmedia":[{"embeddable":true,"href":"https:\/\/dokdoc.eu\/fr\/wp-json\/wp\/v2\/media\/30555"}],"wp:attachment":[{"href":"https:\/\/dokdoc.eu\/fr\/wp-json\/wp\/v2\/media?parent=30572"}],"wp:term":[{"taxonomy":"category","embeddable":true,"href":"https:\/\/dokdoc.eu\/fr\/wp-json\/wp\/v2\/categories?post=30572"},{"taxonomy":"post_tag","embeddable":true,"href":"https:\/\/dokdoc.eu\/fr\/wp-json\/wp\/v2\/tags?post=30572"},{"taxonomy":"author","embeddable":true,"href":"https:\/\/dokdoc.eu\/fr\/wp-json\/wp\/v2\/ppma_author?post=30572"}],"curies":[{"name":"wp","href":"https:\/\/api.w.org\/{rel}","templated":true}]}}