{"id":30776,"date":"2025-08-18T10:00:26","date_gmt":"2025-08-18T08:00:26","guid":{"rendered":"https:\/\/dokdoc.eu\/?p=30776"},"modified":"2025-08-22T10:44:41","modified_gmt":"2025-08-22T08:44:41","slug":"dans-la-tourmente","status":"publish","type":"post","link":"https:\/\/dokdoc.eu\/fr\/2025\/08\/18\/dans-la-tourmente\/","title":{"rendered":"Dans la tourmente"},"content":{"rendered":"<figure id=\"attachment_30764\" aria-describedby=\"caption-attachment-30764\" style=\"width: 1024px\" class=\"wp-caption aligncenter\"><img fetchpriority=\"high\" decoding=\"async\" class=\"wp-image-30764\" src=\"https:\/\/dokdoc.eu\/wp-content\/uploads\/2025\/08\/1_C71TP1-300x200.jpg\" alt=\"Le monument \u00ab Accord de Schengen \u00bb \u00e0 Schengen (Copyright: Alamy)\" width=\"1024\" height=\"681\" srcset=\"https:\/\/dokdoc.eu\/wp-content\/uploads\/2025\/08\/1_C71TP1-300x200.jpg 300w, https:\/\/dokdoc.eu\/wp-content\/uploads\/2025\/08\/1_C71TP1-1024x681.jpg 1024w, https:\/\/dokdoc.eu\/wp-content\/uploads\/2025\/08\/1_C71TP1-768x511.jpg 768w, https:\/\/dokdoc.eu\/wp-content\/uploads\/2025\/08\/1_C71TP1-1536x1022.jpg 1536w, https:\/\/dokdoc.eu\/wp-content\/uploads\/2025\/08\/1_C71TP1-2048x1363.jpg 2048w\" sizes=\"(max-width: 1024px) 100vw, 1024px\" \/><figcaption id=\"caption-attachment-30764\" class=\"wp-caption-text\">Le monument \u00ab Accord de Schengen \u00bb \u00e0 Schengen (Copyright: Alamy)<\/figcaption><\/figure>\n<p><strong>La libre circulation au sein de l\u2019espace Schengen est un symbole fort de l\u2019unit\u00e9 europ\u00e9enne. Pourtant, quarante ans apr\u00e8s la signature de l\u2019accord, le renforcement des contr\u00f4les aux fronti\u00e8res et les pr\u00e9occupations s\u00e9curitaires de nombreux \u00c9tats mettent de plus en plus cet \u00ab\u00a0acquis\u00a0\u00bb sous pression.<\/strong><!--more--><\/p>\n<p>&nbsp;<\/p>\n<p>La libre circulation au sein de l\u2019espace Schengen est consid\u00e9r\u00e9e comme l\u2019une des plus grandes r\u00e9alisations europ\u00e9ennes. L\u2019Allemagne et la France ont jou\u00e9 un r\u00f4le central dans la suppression des contr\u00f4les aux fronti\u00e8res intra-europ\u00e9ennes. Face \u00e0 un processus europ\u00e9en jug\u00e9 trop lent, Helmut Kohl et Fran\u00e7ois Mitterrand prirent les choses en main et convinrent d\u2019assouplir les contr\u00f4les frontaliers entre leurs deux pays lors du sommet franco-allemand des 28 et 29 mai 1984 \u00e0 Rambouillet. Quelques semaines plus tard, lors du Conseil europ\u00e9en de Fontainebleau (25 et 26 juin 1984), un comit\u00e9 <em>ad hoc<\/em> fut cr\u00e9\u00e9, soutenu par cette initiative franco-allemande, avec pour objectif de promouvoir une \u00ab Europe des citoyens \u00bb. Le 13 juillet 1984, l\u2019Allemagne et la France sign\u00e8rent l\u2019accord de Sarrebruck portant sur la suppression progressive des contr\u00f4les \u00e0 leurs fronti\u00e8res communes. La Belgique, les Pays-Bas et le Luxembourg suivirent leur exemple. Le 14 juin 1985, les cinq \u00c9tats sign\u00e8rent l\u2019accord de Schengen, marquant une \u00e9tape majeure vers une Europe sans fronti\u00e8res.<\/p>\n<p>&nbsp;<\/p>\n<figure id=\"attachment_30766\" aria-describedby=\"caption-attachment-30766\" style=\"width: 1024px\" class=\"wp-caption aligncenter\"><img decoding=\"async\" class=\"wp-image-30766\" src=\"https:\/\/dokdoc.eu\/wp-content\/uploads\/2025\/08\/2_Das-Schengen-Abkommen-das-am-14.-Juni-1985_Alamy-300x200.jpg\" alt=\"L'accord de Schengen, 14 juin 1985 (Copyright: Alamy)\" width=\"1024\" height=\"681\" srcset=\"https:\/\/dokdoc.eu\/wp-content\/uploads\/2025\/08\/2_Das-Schengen-Abkommen-das-am-14.-Juni-1985_Alamy-300x200.jpg 300w, https:\/\/dokdoc.eu\/wp-content\/uploads\/2025\/08\/2_Das-Schengen-Abkommen-das-am-14.-Juni-1985_Alamy-1024x681.jpg 1024w, https:\/\/dokdoc.eu\/wp-content\/uploads\/2025\/08\/2_Das-Schengen-Abkommen-das-am-14.-Juni-1985_Alamy-768x511.jpg 768w, https:\/\/dokdoc.eu\/wp-content\/uploads\/2025\/08\/2_Das-Schengen-Abkommen-das-am-14.-Juni-1985_Alamy-1536x1022.jpg 1536w, https:\/\/dokdoc.eu\/wp-content\/uploads\/2025\/08\/2_Das-Schengen-Abkommen-das-am-14.-Juni-1985_Alamy-2048x1363.jpg 2048w\" sizes=\"(max-width: 1024px) 100vw, 1024px\" \/><figcaption id=\"caption-attachment-30766\" class=\"wp-caption-text\">L&rsquo;accord de Schengen, 14 juin 1985 (Copyright: Alamy)<\/figcaption><\/figure>\n<p>&nbsp;<\/p>\n<h2><strong>Inqui\u00e9tudes face \u00e0 la suppression du contr\u00f4le des fronti\u00e8res<\/strong><\/h2>\n<p>Le projet \u00ab Schengen \u00bb fut contest\u00e9 d\u00e8s ses d\u00e9buts, tant en Allemagne qu\u2019en France. Dix ann\u00e9es s\u2019\u00e9coul\u00e8rent entre la signature de l\u2019accord et la suppression effective des contr\u00f4les aux fronti\u00e8res. Les raisons en sont multiples : il fallut d\u2019abord plus de quatre ans aux \u00c9tats participants pour s\u2019accorder sur le texte d\u00e9finitif de la <a href=\"https:\/\/eur-lex.europa.eu\/legal-content\/FR\/TXT\/PDF\/?uri=CELEX:42000A0922(02)&amp;from=nl\">convention d\u2019application de l\u2019accord de Schengen<\/a> (CAAS) ainsi que sur les mesures compensatoires n\u00e9cessaires (d\u00e9cembre 1989). Malgr\u00e9 la fin des n\u00e9gociations, la signature de la CAAS fut retard\u00e9e par des bouleversements historiques majeurs : la chute du mur de Berlin, l\u2019effondrement de la RDA et un contexte g\u00e9opolitique incertain. La convention fut finalement sign\u00e9e en juin 1990.<\/p>\n<p>En Allemagne, le minist\u00e8re f\u00e9d\u00e9ral de l\u2019Int\u00e9rieur consid\u00e9rait la suppression des contr\u00f4les frontaliers comme une atteinte majeure \u00e0 la s\u00e9curit\u00e9. En France, l\u2019inqui\u00e9tude \u00e9tait \u00e9galement forte : entre 1993 et 1997, \u00c9douard Balladur et Alain Jupp\u00e9, premiers ministres issus du Rassemblement pour la R\u00e9publique (RPR), se montr\u00e8rent tr\u00e8s critiques \u00e0 l\u2019\u00e9gard de l\u2019accord. Jacques Chirac, fondateur du parti, d\u00e9clara m\u00eame durant sa campagne pr\u00e9sidentielle, qu\u2019il envisagerait de retirer la France de l\u2019accord en cas de victoire. Cette position faisait notamment \u00e9cho aux attentats terroristes survenus \u00e0 Paris en 1995, ainsi qu\u2019aux d\u00e9bats sur la politique migratoire, qui suscitaient de vives inqui\u00e9tudes dans l\u2019opinion publique fran\u00e7aise. \u00c0 cela s\u2019ajoutaient des mesures de protection jug\u00e9es insuffisantes aux fronti\u00e8res ext\u00e9rieures de l\u2019UE, la crainte d\u2019une augmentation de la criminalit\u00e9, ainsi qu\u2019un refus persistant de renoncer \u00e0 un pan de la souverainet\u00e9 nationale. Ce n\u2019est qu\u2019en 1995 que la France proc\u00e9da \u00e0 la suppression compl\u00e8te des contr\u00f4les aux fronti\u00e8res. Les contr\u00f4les avec la Belgique furent toutefois maintenus jusqu\u2019en 1997, en raison de la politique n\u00e9erlandaise jug\u00e9e trop lib\u00e9rale en mati\u00e8re de drogues.<\/p>\n<p><strong>\u00a0<\/strong><\/p>\n<h2><strong>La crise de l&rsquo;espace Schengen<\/strong><\/h2>\n<p>Quarante ans apr\u00e8s la signature de l\u2019accord, l\u2019espace Schengen reste un symbole embl\u00e9matique de l\u2019int\u00e9gration europ\u00e9enne diff\u00e9renci\u00e9e. Toutefois, les arguments en faveur d\u2019un renforcement de la s\u00e9curit\u00e9 aux fronti\u00e8res int\u00e9rieures \u2013 du reste d\u00e9j\u00e0 avanc\u00e9s lors de sa cr\u00e9ation \u2013 refont surface dans le d\u00e9bat public. Plusieurs \u00c9tats membres renforcent progressivement leurs contr\u00f4les aux fronti\u00e8res intra-europ\u00e9ennes. Avec l\u2019arriv\u00e9e du nouveau gouvernement f\u00e9d\u00e9ral allemand en mai 2025, ces contr\u00f4les ont encore \u00e9t\u00e9 intensifi\u00e9s au nom de la lutte contre l\u2019immigration clandestine. Tous les demandeurs d\u2019asile sont d\u00e9sormais refoul\u00e9s \u00e0 la fronti\u00e8re allemande, \u00e0 l\u2019exception des femmes enceintes, des personnes malades et des mineurs non accompagn\u00e9s. En France, les mesures de contr\u00f4le ont \u00e9galement \u00e9t\u00e9 renforc\u00e9es \u00e0 l\u2019ensemble des fronti\u00e8res, justifi\u00e9es par la persistance de la migration clandestine, l\u2019activit\u00e9 des r\u00e9seaux criminels et les menaces terroristes. En juillet 2025, la Pologne a, de son c\u00f4t\u00e9, annonc\u00e9 la r\u00e9introduction des contr\u00f4les \u00e0 ses fronti\u00e8res, en r\u00e9action aux mesures prises par l\u2019Allemagne. Dans ce contexte, l\u2019espace Schengen appara\u00eet particuli\u00e8rement fragilis\u00e9. En situation de crise, les \u00c9tats membres tendent \u00e0 se replier instinctivement sur leurs structures nationales. La pand\u00e9mie du COVID l\u2019a montr\u00e9 de mani\u00e8re \u00e9clatante.<\/p>\n<p>&nbsp;<\/p>\n<figure id=\"attachment_30768\" aria-describedby=\"caption-attachment-30768\" style=\"width: 1024px\" class=\"wp-caption aligncenter\"><img decoding=\"async\" class=\"wp-image-30768\" src=\"https:\/\/dokdoc.eu\/wp-content\/uploads\/2025\/08\/3_Kehl-Deutschland-16.-Maerz-2020-300x200.jpg\" alt=\"Contr\u00f4le de police \u00e0 la fronti\u00e8re franco-allemande, Kehl, 16 mars 2020 (Copyright: Alamy)\" width=\"1024\" height=\"683\" srcset=\"https:\/\/dokdoc.eu\/wp-content\/uploads\/2025\/08\/3_Kehl-Deutschland-16.-Maerz-2020-300x200.jpg 300w, https:\/\/dokdoc.eu\/wp-content\/uploads\/2025\/08\/3_Kehl-Deutschland-16.-Maerz-2020-1024x683.jpg 1024w, https:\/\/dokdoc.eu\/wp-content\/uploads\/2025\/08\/3_Kehl-Deutschland-16.-Maerz-2020-768x512.jpg 768w, https:\/\/dokdoc.eu\/wp-content\/uploads\/2025\/08\/3_Kehl-Deutschland-16.-Maerz-2020-1536x1024.jpg 1536w, https:\/\/dokdoc.eu\/wp-content\/uploads\/2025\/08\/3_Kehl-Deutschland-16.-Maerz-2020-2048x1365.jpg 2048w\" sizes=\"(max-width: 1024px) 100vw, 1024px\" \/><figcaption id=\"caption-attachment-30768\" class=\"wp-caption-text\">Contr\u00f4le de police \u00e0 la fronti\u00e8re franco-allemande, Kehl, 16 mars 2020 (Copyright: Alamy)<\/figcaption><\/figure>\n<p>&nbsp;<\/p>\n<p>Robert Goebbels, signataire de l\u2019accord de Schengen en 1985 pour le Luxembourg, partage cette inqui\u00e9tude. Dans une interview accord\u00e9e au journal luxembourgeois <a href=\"https:\/\/www.tageblatt.lu\/headlines\/robert-goebbels-die-menschen-werden-sich-wehren-gegen-jene-die-freizuegigkeit-einschraenken-wollen\/\"><em>Tageblatt<\/em><\/a>, il met en garde contre les cons\u00e9quences du r\u00e9tablissement des contr\u00f4les aux fronti\u00e8res : \u00ab Dix des 29 pays membres de l\u2019espace Schengen ont r\u00e9introduit des contr\u00f4les sporadiques aux fronti\u00e8res. Il s\u2019agit de contraintes physiques, mais aussi mentales. Elles alimentent la peur de l\u2019\u00e9tranger, une peur brandie pour faire de la politique. \u00bb<\/p>\n<p>Lors de la c\u00e9r\u00e9monie officielle c\u00e9l\u00e9brant le 40<sup>eme<\/sup> anniversaire de l\u2019accord de Schengen \u00e0 Luxembourg (12-13 juin 2025), de nombreux ministres et repr\u00e9sentants europ\u00e9ens ont appel\u00e9 \u00e0 d\u00e9fendre l\u2019acquis de 1985. Le ministre luxembourgeois des Affaires \u00e9trang\u00e8res, <a href=\"https:\/\/www.sueddeutsche.de\/politik\/geschichte-rehlinger-40-jahre-schengen-ist-mahnung-und-verpflichtung-dpa.urn-newsml-dpa-com-20090101-250614-930-667925\">Xavier Bettel<\/a>, a averti : \u00ab Gagner une libert\u00e9 a \u00e9t\u00e9 un combat. La perdre peut \u00eatre tr\u00e8s rapide. Ne laissons pas faire \u00e7a ! \u00bb Pendant la r\u00e9union des ministres \u00e0 Schengen, de longs embouteillages se sont form\u00e9s au poste-fronti\u00e8re franco-allemand de Goldene Bremm, entre Stiring-Wendel et Sarrebruck. Des militants de l\u2019<em>Europa Union Saar<\/em> ont distribu\u00e9 des caf\u00e9s aux automobilistes arr\u00eat\u00e9s, en guise de protestation silencieuse contre la r\u00e9introduction des contr\u00f4les aux fronti\u00e8res. Si certains conducteurs acceptent ces mesures, voire les soutiennent en raison des arrestations de migrants dits \u00ab ill\u00e9gaux \u00bb, beaucoup les per\u00e7oivent n\u00e9anmoins comme une op\u00e9ration essentiellement symbolique.<\/p>\n<p>En effet, il est possible de franchir la fronti\u00e8re librement \u00e0 quelques m\u00e8tres de l\u00e0, sur une route d\u00e9partementale bien visible. <a href=\"https:\/\/www.tageblatt.lu\/headlines\/robert-goebbels-die-menschen-werden-sich-wehren-gegen-jene-die-freizuegigkeit-einschraenken-wollen\/\">Robert Goebbels<\/a> est convaincu que la population finira par s\u2019opposer \u00e0 ces contr\u00f4les : \u00ab Parce que c\u2019est \u00e9nervant ! Parce que ces contr\u00f4les sont justifi\u00e9s par l\u2019argument de la s\u00e9curit\u00e9, qui n\u2019est en r\u00e9alit\u00e9 qu\u2019une illusion. Les gens se rendent bien compte que cela ne sert \u00e0 rien, que cela ne dissuade personne. L\u2019Allemagne ne peut pas contr\u00f4ler toutes ses fronti\u00e8res, \u00e0 moins de construire un mur. \u00bb L\u2019exemple du Royaume-Uni illustre d\u2019ailleurs que les contr\u00f4les aux fronti\u00e8res ont, en fin de compte, peu d\u2019effet. Ce pays n\u2019a jamais fait partie de l\u2019espace Schengen, et pourtant, l\u2019immigration clandestine ainsi que les taux de criminalit\u00e9 y demeurent \u00e9lev\u00e9s.<\/p>\n<p>&nbsp;<\/p>\n<figure id=\"attachment_30770\" aria-describedby=\"caption-attachment-30770\" style=\"width: 1024px\" class=\"wp-caption aligncenter\"><img loading=\"lazy\" decoding=\"async\" class=\"wp-image-30770\" src=\"https:\/\/dokdoc.eu\/wp-content\/uploads\/2025\/08\/4_Robert_Goebbels_Schengen_40_Wiki-300x200.jpg\" alt=\"Robert Goebbels le 14 juin 2025 - \u00e0 droite sur la photo (Copyright: Wikimedia Commons)\" width=\"1024\" height=\"683\" srcset=\"https:\/\/dokdoc.eu\/wp-content\/uploads\/2025\/08\/4_Robert_Goebbels_Schengen_40_Wiki-300x200.jpg 300w, https:\/\/dokdoc.eu\/wp-content\/uploads\/2025\/08\/4_Robert_Goebbels_Schengen_40_Wiki-1024x683.jpg 1024w, https:\/\/dokdoc.eu\/wp-content\/uploads\/2025\/08\/4_Robert_Goebbels_Schengen_40_Wiki-768x512.jpg 768w, https:\/\/dokdoc.eu\/wp-content\/uploads\/2025\/08\/4_Robert_Goebbels_Schengen_40_Wiki.jpg 1200w\" sizes=\"(max-width: 1024px) 100vw, 1024px\" \/><figcaption id=\"caption-attachment-30770\" class=\"wp-caption-text\">Robert Goebbels le 14 juin 2025 &#8211; \u00e0 droite sur la photo (Copyright: Wikimedia Commons)<\/figcaption><\/figure>\n<p>&nbsp;<\/p>\n<h2><strong>Un avenir incertain<\/strong><\/h2>\n<p>Dans un avenir proche, les frontaliers devraient \u00eatre les premiers concern\u00e9s par les nouvelles mesures de contr\u00f4le, notamment dans la Grande R\u00e9gion, qui comprend la Sarre et la Lorraine et o\u00f9 se sont tiss\u00e9es d\u2019\u00e9troites relations \u00e9conomiques. Une opposition politique s\u2019est d\u00e9j\u00e0 exprim\u00e9e contre les mesures ordonn\u00e9es par le gouvernement f\u00e9d\u00e9ral, en particulier de la part d\u2019Anke Rehlinger, ministre-pr\u00e9sidente de la Sarre. Celle-ci a demand\u00e9 de d\u00e9placer les contr\u00f4les vers l\u2019arri\u00e8re-pays et de privil\u00e9gier des solutions \u00ab plus intelligentes \u00bb, comme, par exemple, la mise en place de patrouilles polici\u00e8res franco-allemandes conjointes.<\/p>\n<p>Pour beaucoup, et notamment pour la jeune g\u00e9n\u00e9ration, les fronti\u00e8res \u00ab ouvertes \u00bb sont depuis longtemps une \u00e9vidence. Pourtant, cette \u00e9vidence est aujourd\u2019hui de plus en plus remise en question. Confront\u00e9 \u00e0 des critiques incessantes, l\u2019espace Schengen se trouve \u00e0 un tournant d\u00e9cisif, et la voie que l\u2019Europe choisira d\u2019emprunter reste incertaine.<\/p>\n<p><strong>\u00a0<\/strong><\/p>\n<h2><strong>L\u2019auteure <\/strong><\/h2>\n<figure id=\"attachment_30772\" aria-describedby=\"caption-attachment-30772\" style=\"width: 300px\" class=\"wp-caption alignleft\"><img loading=\"lazy\" decoding=\"async\" class=\"wp-image-30772 size-medium\" src=\"https:\/\/dokdoc.eu\/wp-content\/uploads\/2025\/08\/5_Foto_Leonie_Staud-300x300.jpg\" alt=\"Leonie Staud (Copyright: privat)\" width=\"300\" height=\"300\" srcset=\"https:\/\/dokdoc.eu\/wp-content\/uploads\/2025\/08\/5_Foto_Leonie_Staud-300x300.jpg 300w, https:\/\/dokdoc.eu\/wp-content\/uploads\/2025\/08\/5_Foto_Leonie_Staud-1024x1024.jpg 1024w, https:\/\/dokdoc.eu\/wp-content\/uploads\/2025\/08\/5_Foto_Leonie_Staud-150x150.jpg 150w, https:\/\/dokdoc.eu\/wp-content\/uploads\/2025\/08\/5_Foto_Leonie_Staud-768x768.jpg 768w, https:\/\/dokdoc.eu\/wp-content\/uploads\/2025\/08\/5_Foto_Leonie_Staud-1536x1536.jpg 1536w, https:\/\/dokdoc.eu\/wp-content\/uploads\/2025\/08\/5_Foto_Leonie_Staud-96x96.jpg 96w, https:\/\/dokdoc.eu\/wp-content\/uploads\/2025\/08\/5_Foto_Leonie_Staud.jpg 1600w\" sizes=\"(max-width: 300px) 100vw, 300px\" \/><figcaption id=\"caption-attachment-30772\" class=\"wp-caption-text\">Leonie Staud (Copyright: priv\u00e9)<\/figcaption><\/figure>\n<p><em>L\u00e9onie Staud a suivi des \u00e9tudes franco-allemandes en \u00ab communication et coop\u00e9ration transfrontali\u00e8res \u00bb \u00e0 l\u2019Universit\u00e9 de la Sarre, \u00e0 l\u2019Universit\u00e9 de Lorraine et \u00e0 l\u2019Universit\u00e9 du Luxembourg. Depuis 2025, elle travaille comme assistante de recherche au sein du groupe de travail \u00ab \u00c9tudes europ\u00e9ennes \u00bb de l\u2019Universit\u00e9 de la Sarre, o\u00f9 elle se sp\u00e9cialise dans l\u2019Europe occidentale et les r\u00e9gions frontali\u00e8res. Ses recherches portent sur les zones frontali\u00e8res europ\u00e9ennes, les discours politiques sur les fronti\u00e8res, l\u2019\u00e9laboration d\u2019une politique europ\u00e9enne des fronti\u00e8res et des migrations, ainsi que sur le r\u00f4le de l\u2019Allemagne et de la France dans la suppression des contr\u00f4les aux fronti\u00e8res int\u00e9rieures en Europe, la cr\u00e9ation de l\u2019espace Schengen et son \u00e9volution jusqu\u2019\u00e0 aujourd\u2019hui.<\/em><\/p>\n<p><em>\u00a0<\/em><\/p>\n<p>&nbsp;<\/p>\n<p>&nbsp;<\/p>\n<p>&nbsp;<\/p>\n<p>&nbsp;<\/p>\n<p style=\"text-align: right;\"><em>Cette contribution a \u00e9t\u00e9 pr\u00e9sent\u00e9e le 8 mars 2025 dans le cadre d\u2019un workshop pour doctorants fran\u00e7ais et allemands conjointement organis\u00e9 par le <\/em><a href=\"https:\/\/www.cassis.uni-bonn.de\/de\"><em>Center for Advanced Security, Strategic and Integration Studies<\/em><\/a><em> (Universit\u00e9 de Bonn) et le <\/em><a href=\"https:\/\/centre-jean-monnet.unistra.fr\/\"><em>Centre d\u2019Excellence Jean Monnet<\/em><\/a><em> (Universit\u00e9 de Strasbourg). <\/em><\/p>\n<p style=\"text-align: right;\"><em>Avec le soutien de <\/em><a href=\"https:\/\/www.dfh-ufa.org\/fr\/?noredirect=fr_FR\"><em>l\u2019Universit\u00e9 Franco-Allemande<\/em><\/a><em> et la <\/em><a href=\"https:\/\/www.sparkassenstiftung.de\/\"><em>Deutsche Sparkassenstiftung f\u00fcr internationale Kooperation e.V.<\/em><\/a><\/p>\n<p>&nbsp;<\/p>\n<table style=\"border-collapse: collapse; width: 100%;\">\n<tbody>\n<tr>\n<td style=\"width: 17.1027%; border-style: hidden;\"><img loading=\"lazy\" decoding=\"async\" class=\"aligncenter wp-image-30327\" src=\"https:\/\/dokdoc.eu\/wp-content\/uploads\/2025\/06\/A_Logo_CASSIS_Standard_Zeichenflaeche-1_L-300x300.png\" alt=\"Logo CASSIS\" width=\"154\" height=\"154\" srcset=\"https:\/\/dokdoc.eu\/wp-content\/uploads\/2025\/06\/A_Logo_CASSIS_Standard_Zeichenflaeche-1_L-300x300.png 300w, https:\/\/dokdoc.eu\/wp-content\/uploads\/2025\/06\/A_Logo_CASSIS_Standard_Zeichenflaeche-1_L-1024x1024.png 1024w, https:\/\/dokdoc.eu\/wp-content\/uploads\/2025\/06\/A_Logo_CASSIS_Standard_Zeichenflaeche-1_L-150x150.png 150w, https:\/\/dokdoc.eu\/wp-content\/uploads\/2025\/06\/A_Logo_CASSIS_Standard_Zeichenflaeche-1_L-768x768.png 768w, https:\/\/dokdoc.eu\/wp-content\/uploads\/2025\/06\/A_Logo_CASSIS_Standard_Zeichenflaeche-1_L-96x96.png 96w, https:\/\/dokdoc.eu\/wp-content\/uploads\/2025\/06\/A_Logo_CASSIS_Standard_Zeichenflaeche-1_L.png 1500w\" sizes=\"(max-width: 154px) 100vw, 154px\" \/><\/td>\n<td style=\"width: 19.1757%; border-style: hidden;\"><img loading=\"lazy\" decoding=\"async\" class=\"aligncenter wp-image-30329\" src=\"https:\/\/dokdoc.eu\/wp-content\/uploads\/2025\/06\/B_CEJM-transparent-png-300x231.png\" alt=\"Logo CJEM\" width=\"189\" height=\"145\" srcset=\"https:\/\/dokdoc.eu\/wp-content\/uploads\/2025\/06\/B_CEJM-transparent-png-300x231.png 300w, https:\/\/dokdoc.eu\/wp-content\/uploads\/2025\/06\/B_CEJM-transparent-png-1024x789.png 1024w, https:\/\/dokdoc.eu\/wp-content\/uploads\/2025\/06\/B_CEJM-transparent-png-768x592.png 768w, https:\/\/dokdoc.eu\/wp-content\/uploads\/2025\/06\/B_CEJM-transparent-png.png 1200w\" sizes=\"(max-width: 189px) 100vw, 189px\" \/><\/td>\n<td style=\"width: 28.5538%; border-style: hidden;\"><img loading=\"lazy\" decoding=\"async\" class=\"aligncenter size-medium wp-image-30331\" src=\"https:\/\/dokdoc.eu\/wp-content\/uploads\/2025\/06\/C_logo_DFH-UFA_cmyk_final-300x148.png\" alt=\"Logo DFH\" width=\"300\" height=\"148\" srcset=\"https:\/\/dokdoc.eu\/wp-content\/uploads\/2025\/06\/C_logo_DFH-UFA_cmyk_final-300x148.png 300w, https:\/\/dokdoc.eu\/wp-content\/uploads\/2025\/06\/C_logo_DFH-UFA_cmyk_final-1024x507.png 1024w, https:\/\/dokdoc.eu\/wp-content\/uploads\/2025\/06\/C_logo_DFH-UFA_cmyk_final-768x380.png 768w, https:\/\/dokdoc.eu\/wp-content\/uploads\/2025\/06\/C_logo_DFH-UFA_cmyk_final-1536x760.png 1536w, https:\/\/dokdoc.eu\/wp-content\/uploads\/2025\/06\/C_logo_DFH-UFA_cmyk_final.png 1969w\" sizes=\"(max-width: 300px) 100vw, 300px\" \/><\/td>\n<td style=\"width: 35.1679%; border-style: hidden;\"><img loading=\"lazy\" decoding=\"async\" class=\"aligncenter size-medium wp-image-30333\" src=\"https:\/\/dokdoc.eu\/wp-content\/uploads\/2025\/06\/D_Stiftung_IntBegegnungDE_4c-300x45.jpg\" alt=\"Logo Sparkassenstiftung\" width=\"300\" height=\"45\" srcset=\"https:\/\/dokdoc.eu\/wp-content\/uploads\/2025\/06\/D_Stiftung_IntBegegnungDE_4c-300x45.jpg 300w, https:\/\/dokdoc.eu\/wp-content\/uploads\/2025\/06\/D_Stiftung_IntBegegnungDE_4c-768x115.jpg 768w, https:\/\/dokdoc.eu\/wp-content\/uploads\/2025\/06\/D_Stiftung_IntBegegnungDE_4c.jpg 810w\" sizes=\"(max-width: 300px) 100vw, 300px\" \/><\/td>\n<\/tr>\n<\/tbody>\n<\/table>\n","protected":false},"excerpt":{"rendered":"<p>La libre circulation au sein de l\u2019espace Schengen est un symbole fort de l\u2019unit\u00e9 europ\u00e9enne. Pourtant, quarante ans apr\u00e8s la signature de l\u2019accord, le renforcement des contr\u00f4les aux fronti\u00e8res et les pr\u00e9occupations s\u00e9curitaires de nombreux \u00c9tats mettent de plus en plus cet \u00ab\u00a0acquis\u00a0\u00bb sous pression.<\/p>\n","protected":false},"author":1,"featured_media":30764,"comment_status":"closed","ping_status":"closed","sticky":false,"template":"","format":"standard","meta":{"om_disable_all_campaigns":false,"_monsterinsights_skip_tracking":false,"_monsterinsights_sitenote_active":false,"_monsterinsights_sitenote_note":"","_monsterinsights_sitenote_category":0,"_uf_show_specific_survey":0,"_uf_disable_surveys":false,"footnotes":""},"categories":[114],"tags":[2422,153,2431,2420,414,888,2423,1302,2297,2430,154,2427,2324,869,2419,2425,570,2421,2429,2432,2428,2426,2424,149,577,2040],"ppma_author":[2402],"class_list":["post-30776","post","type-post","status-publish","format-standard","has-post-thumbnail","hentry","category-politique-fr-2","tag-accord-de-schengen","tag-allemagne","tag-avenir-incertain","tag-controles-aux-frontieres","tag-cooperation-franco-allemande","tag-covid-19","tag-criminalite","tag-discours-politique","tag-espace-schengen","tag-europe-des-citoyens","tag-france","tag-generation-jeune","tag-grande-region","tag-integration-europeenne","tag-libre-circulation","tag-menaces-terroristes","tag-migration","tag-migration-clandestine","tag-mobilite","tag-pandemie-fr","tag-protestation-citoyenne","tag-region-frontaliere","tag-reseaux-criminels","tag-securite","tag-souverainete","tag-symbolisme-politique"],"yoast_head":"<!-- This site is optimized with the Yoast SEO plugin v27.5 - https:\/\/yoast.com\/product\/yoast-seo-wordpress\/ -->\n<title>Dans la tourmente - dokdoc.eu<\/title>\n<meta name=\"robots\" content=\"index, follow, max-snippet:-1, max-image-preview:large, max-video-preview:-1\" \/>\n<link rel=\"canonical\" href=\"https:\/\/dokdoc.eu\/fr\/2025\/08\/18\/dans-la-tourmente\/\" \/>\n<meta property=\"og:locale\" content=\"fr_FR\" \/>\n<meta property=\"og:type\" content=\"article\" \/>\n<meta property=\"og:title\" content=\"Dans la tourmente - dokdoc.eu\" \/>\n<meta property=\"og:description\" content=\"La libre circulation au sein de l\u2019espace Schengen est un symbole fort de l\u2019unit\u00e9 europ\u00e9enne. Pourtant, quarante ans apr\u00e8s la signature de l\u2019accord, le renforcement des contr\u00f4les aux fronti\u00e8res et les pr\u00e9occupations s\u00e9curitaires de nombreux \u00c9tats mettent de plus en plus cet \u00ab\u00a0acquis\u00a0\u00bb sous pression.\" \/>\n<meta property=\"og:url\" content=\"https:\/\/dokdoc.eu\/fr\/2025\/08\/18\/dans-la-tourmente\/\" \/>\n<meta property=\"og:site_name\" content=\"dokdoc.eu\" \/>\n<meta property=\"article:published_time\" content=\"2025-08-18T08:00:26+00:00\" \/>\n<meta property=\"article:modified_time\" content=\"2025-08-22T08:44:41+00:00\" \/>\n<meta property=\"og:image\" content=\"https:\/\/dokdoc.eu\/wp-content\/uploads\/2025\/08\/1_C71TP1-scaled.jpg\" \/>\n\t<meta property=\"og:image:width\" content=\"2560\" \/>\n\t<meta property=\"og:image:height\" content=\"1703\" \/>\n\t<meta property=\"og:image:type\" content=\"image\/jpeg\" \/>\n<meta name=\"author\" content=\"Leonie Staud\" \/>\n<meta name=\"twitter:card\" content=\"summary_large_image\" \/>\n<meta name=\"twitter:label1\" content=\"\u00c9crit par\" \/>\n\t<meta name=\"twitter:data1\" content=\"RochowMedienagentur\" \/>\n\t<meta name=\"twitter:label2\" content=\"Dur\u00e9e de lecture estim\u00e9e\" \/>\n\t<meta name=\"twitter:data2\" content=\"10 minutes\" \/>\n<script type=\"application\/ld+json\" class=\"yoast-schema-graph\">{\"@context\":\"https:\\\/\\\/schema.org\",\"@graph\":[{\"@type\":\"Article\",\"@id\":\"https:\\\/\\\/dokdoc.eu\\\/fr\\\/2025\\\/08\\\/18\\\/dans-la-tourmente\\\/#article\",\"isPartOf\":{\"@id\":\"https:\\\/\\\/dokdoc.eu\\\/fr\\\/2025\\\/08\\\/18\\\/dans-la-tourmente\\\/\"},\"author\":{\"name\":\"RochowMedienagentur\",\"@id\":\"https:\\\/\\\/dokdoc.eu\\\/fr\\\/#\\\/schema\\\/person\\\/d760e6e53df901fd9522f1d3a1e46621\"},\"headline\":\"Dans la tourmente\",\"datePublished\":\"2025-08-18T08:00:26+00:00\",\"dateModified\":\"2025-08-22T08:44:41+00:00\",\"mainEntityOfPage\":{\"@id\":\"https:\\\/\\\/dokdoc.eu\\\/fr\\\/2025\\\/08\\\/18\\\/dans-la-tourmente\\\/\"},\"wordCount\":1659,\"publisher\":{\"@id\":\"https:\\\/\\\/dokdoc.eu\\\/fr\\\/#organization\"},\"image\":{\"@id\":\"https:\\\/\\\/dokdoc.eu\\\/fr\\\/2025\\\/08\\\/18\\\/dans-la-tourmente\\\/#primaryimage\"},\"thumbnailUrl\":\"https:\\\/\\\/dokdoc.eu\\\/wp-content\\\/uploads\\\/2025\\\/08\\\/1_C71TP1-scaled.jpg\",\"keywords\":[\"accord de Schengen\",\"Allemagne\",\"avenir incertain\",\"contr\u00f4les aux fronti\u00e8res\",\"coop\u00e9ration franco-allemande\",\"COVID-19\",\"criminalit\u00e9\",\"discours politique\",\"espace Schengen\",\"Europe des citoyens\",\"France\",\"g\u00e9n\u00e9ration jeune\",\"Grande R\u00e9gion\",\"int\u00e9gration europ\u00e9enne\",\"libre circulation\",\"menaces terroristes\",\"migration\",\"migration clandestine\",\"mobilit\u00e9\",\"Pandemie\",\"protestation citoyenne\",\"r\u00e9gion frontali\u00e8re\",\"r\u00e9seaux criminels\",\"S\u00e9curit\u00e9\",\"souverainet\u00e9\",\"symbolisme politique\"],\"articleSection\":[\"Politique\"],\"inLanguage\":\"fr-FR\"},{\"@type\":\"WebPage\",\"@id\":\"https:\\\/\\\/dokdoc.eu\\\/fr\\\/2025\\\/08\\\/18\\\/dans-la-tourmente\\\/\",\"url\":\"https:\\\/\\\/dokdoc.eu\\\/fr\\\/2025\\\/08\\\/18\\\/dans-la-tourmente\\\/\",\"name\":\"Dans la tourmente - dokdoc.eu\",\"isPartOf\":{\"@id\":\"https:\\\/\\\/dokdoc.eu\\\/fr\\\/#website\"},\"primaryImageOfPage\":{\"@id\":\"https:\\\/\\\/dokdoc.eu\\\/fr\\\/2025\\\/08\\\/18\\\/dans-la-tourmente\\\/#primaryimage\"},\"image\":{\"@id\":\"https:\\\/\\\/dokdoc.eu\\\/fr\\\/2025\\\/08\\\/18\\\/dans-la-tourmente\\\/#primaryimage\"},\"thumbnailUrl\":\"https:\\\/\\\/dokdoc.eu\\\/wp-content\\\/uploads\\\/2025\\\/08\\\/1_C71TP1-scaled.jpg\",\"datePublished\":\"2025-08-18T08:00:26+00:00\",\"dateModified\":\"2025-08-22T08:44:41+00:00\",\"breadcrumb\":{\"@id\":\"https:\\\/\\\/dokdoc.eu\\\/fr\\\/2025\\\/08\\\/18\\\/dans-la-tourmente\\\/#breadcrumb\"},\"inLanguage\":\"fr-FR\",\"potentialAction\":[{\"@type\":\"ReadAction\",\"target\":[\"https:\\\/\\\/dokdoc.eu\\\/fr\\\/2025\\\/08\\\/18\\\/dans-la-tourmente\\\/\"]}]},{\"@type\":\"ImageObject\",\"inLanguage\":\"fr-FR\",\"@id\":\"https:\\\/\\\/dokdoc.eu\\\/fr\\\/2025\\\/08\\\/18\\\/dans-la-tourmente\\\/#primaryimage\",\"url\":\"https:\\\/\\\/dokdoc.eu\\\/wp-content\\\/uploads\\\/2025\\\/08\\\/1_C71TP1-scaled.jpg\",\"contentUrl\":\"https:\\\/\\\/dokdoc.eu\\\/wp-content\\\/uploads\\\/2025\\\/08\\\/1_C71TP1-scaled.jpg\",\"width\":2560,\"height\":1703,\"caption\":\"C71TP1 Monument of the Schengen Agreement of 1985 along the river Moselle at Schengen, Luxembourg\"},{\"@type\":\"BreadcrumbList\",\"@id\":\"https:\\\/\\\/dokdoc.eu\\\/fr\\\/2025\\\/08\\\/18\\\/dans-la-tourmente\\\/#breadcrumb\",\"itemListElement\":[{\"@type\":\"ListItem\",\"position\":1,\"name\":\"Startseite\",\"item\":\"https:\\\/\\\/dokdoc.eu\\\/fr\\\/\"},{\"@type\":\"ListItem\",\"position\":2,\"name\":\"Dans la tourmente\"}]},{\"@type\":\"WebSite\",\"@id\":\"https:\\\/\\\/dokdoc.eu\\\/fr\\\/#website\",\"url\":\"https:\\\/\\\/dokdoc.eu\\\/fr\\\/\",\"name\":\"dokdoc.eu\",\"description\":\"\",\"publisher\":{\"@id\":\"https:\\\/\\\/dokdoc.eu\\\/fr\\\/#organization\"},\"potentialAction\":[{\"@type\":\"SearchAction\",\"target\":{\"@type\":\"EntryPoint\",\"urlTemplate\":\"https:\\\/\\\/dokdoc.eu\\\/fr\\\/?s={search_term_string}\"},\"query-input\":{\"@type\":\"PropertyValueSpecification\",\"valueRequired\":true,\"valueName\":\"search_term_string\"}}],\"inLanguage\":\"fr-FR\"},{\"@type\":\"Organization\",\"@id\":\"https:\\\/\\\/dokdoc.eu\\\/fr\\\/#organization\",\"name\":\"dokdoc.eu\",\"url\":\"https:\\\/\\\/dokdoc.eu\\\/fr\\\/\",\"logo\":{\"@type\":\"ImageObject\",\"inLanguage\":\"fr-FR\",\"@id\":\"https:\\\/\\\/dokdoc.eu\\\/fr\\\/#\\\/schema\\\/logo\\\/image\\\/\",\"url\":\"https:\\\/\\\/dokdoc.eu\\\/wp-content\\\/uploads\\\/2019\\\/08\\\/cropped-logo_dokdoc-e1720795013301.png\",\"contentUrl\":\"https:\\\/\\\/dokdoc.eu\\\/wp-content\\\/uploads\\\/2019\\\/08\\\/cropped-logo_dokdoc-e1720795013301.png\",\"width\":150,\"height\":110,\"caption\":\"dokdoc.eu\"},\"image\":{\"@id\":\"https:\\\/\\\/dokdoc.eu\\\/fr\\\/#\\\/schema\\\/logo\\\/image\\\/\"}},{\"@type\":\"Person\",\"@id\":\"https:\\\/\\\/dokdoc.eu\\\/fr\\\/#\\\/schema\\\/person\\\/d760e6e53df901fd9522f1d3a1e46621\",\"name\":\"RochowMedienagentur\",\"image\":{\"@type\":\"ImageObject\",\"inLanguage\":\"fr-FR\",\"@id\":\"https:\\\/\\\/dokdoc.eu\\\/wp-content\\\/uploads\\\/2019\\\/08\\\/cropped-logo_dokdoc-e1720795013301.png830075fd1c1a1f70247b47fa84cf0f00\",\"url\":\"https:\\\/\\\/dokdoc.eu\\\/wp-content\\\/uploads\\\/2019\\\/08\\\/cropped-logo_dokdoc-e1720795013301.png\",\"contentUrl\":\"https:\\\/\\\/dokdoc.eu\\\/wp-content\\\/uploads\\\/2019\\\/08\\\/cropped-logo_dokdoc-e1720795013301.png\",\"caption\":\"RochowMedienagentur\"},\"sameAs\":[\"https:\\\/\\\/dokdoc.eu\"],\"url\":\"https:\\\/\\\/dokdoc.eu\\\/fr\\\/author\\\/rochowmedienagentur\\\/\"}]}<\/script>\n<!-- \/ Yoast SEO plugin. -->","yoast_head_json":{"title":"Dans la tourmente - dokdoc.eu","robots":{"index":"index","follow":"follow","max-snippet":"max-snippet:-1","max-image-preview":"max-image-preview:large","max-video-preview":"max-video-preview:-1"},"canonical":"https:\/\/dokdoc.eu\/fr\/2025\/08\/18\/dans-la-tourmente\/","og_locale":"fr_FR","og_type":"article","og_title":"Dans la tourmente - dokdoc.eu","og_description":"La libre circulation au sein de l\u2019espace Schengen est un symbole fort de l\u2019unit\u00e9 europ\u00e9enne. Pourtant, quarante ans apr\u00e8s la signature de l\u2019accord, le renforcement des contr\u00f4les aux fronti\u00e8res et les pr\u00e9occupations s\u00e9curitaires de nombreux \u00c9tats mettent de plus en plus cet \u00ab\u00a0acquis\u00a0\u00bb sous pression.","og_url":"https:\/\/dokdoc.eu\/fr\/2025\/08\/18\/dans-la-tourmente\/","og_site_name":"dokdoc.eu","article_published_time":"2025-08-18T08:00:26+00:00","article_modified_time":"2025-08-22T08:44:41+00:00","og_image":[{"width":2560,"height":1703,"url":"https:\/\/dokdoc.eu\/wp-content\/uploads\/2025\/08\/1_C71TP1-scaled.jpg","type":"image\/jpeg"}],"author":"Leonie Staud","twitter_card":"summary_large_image","twitter_misc":{"\u00c9crit par":"RochowMedienagentur","Dur\u00e9e de lecture estim\u00e9e":"10 minutes"},"schema":{"@context":"https:\/\/schema.org","@graph":[{"@type":"Article","@id":"https:\/\/dokdoc.eu\/fr\/2025\/08\/18\/dans-la-tourmente\/#article","isPartOf":{"@id":"https:\/\/dokdoc.eu\/fr\/2025\/08\/18\/dans-la-tourmente\/"},"author":{"name":"RochowMedienagentur","@id":"https:\/\/dokdoc.eu\/fr\/#\/schema\/person\/d760e6e53df901fd9522f1d3a1e46621"},"headline":"Dans la tourmente","datePublished":"2025-08-18T08:00:26+00:00","dateModified":"2025-08-22T08:44:41+00:00","mainEntityOfPage":{"@id":"https:\/\/dokdoc.eu\/fr\/2025\/08\/18\/dans-la-tourmente\/"},"wordCount":1659,"publisher":{"@id":"https:\/\/dokdoc.eu\/fr\/#organization"},"image":{"@id":"https:\/\/dokdoc.eu\/fr\/2025\/08\/18\/dans-la-tourmente\/#primaryimage"},"thumbnailUrl":"https:\/\/dokdoc.eu\/wp-content\/uploads\/2025\/08\/1_C71TP1-scaled.jpg","keywords":["accord de Schengen","Allemagne","avenir incertain","contr\u00f4les aux fronti\u00e8res","coop\u00e9ration franco-allemande","COVID-19","criminalit\u00e9","discours politique","espace Schengen","Europe des citoyens","France","g\u00e9n\u00e9ration jeune","Grande R\u00e9gion","int\u00e9gration europ\u00e9enne","libre circulation","menaces terroristes","migration","migration clandestine","mobilit\u00e9","Pandemie","protestation citoyenne","r\u00e9gion frontali\u00e8re","r\u00e9seaux criminels","S\u00e9curit\u00e9","souverainet\u00e9","symbolisme politique"],"articleSection":["Politique"],"inLanguage":"fr-FR"},{"@type":"WebPage","@id":"https:\/\/dokdoc.eu\/fr\/2025\/08\/18\/dans-la-tourmente\/","url":"https:\/\/dokdoc.eu\/fr\/2025\/08\/18\/dans-la-tourmente\/","name":"Dans la tourmente - dokdoc.eu","isPartOf":{"@id":"https:\/\/dokdoc.eu\/fr\/#website"},"primaryImageOfPage":{"@id":"https:\/\/dokdoc.eu\/fr\/2025\/08\/18\/dans-la-tourmente\/#primaryimage"},"image":{"@id":"https:\/\/dokdoc.eu\/fr\/2025\/08\/18\/dans-la-tourmente\/#primaryimage"},"thumbnailUrl":"https:\/\/dokdoc.eu\/wp-content\/uploads\/2025\/08\/1_C71TP1-scaled.jpg","datePublished":"2025-08-18T08:00:26+00:00","dateModified":"2025-08-22T08:44:41+00:00","breadcrumb":{"@id":"https:\/\/dokdoc.eu\/fr\/2025\/08\/18\/dans-la-tourmente\/#breadcrumb"},"inLanguage":"fr-FR","potentialAction":[{"@type":"ReadAction","target":["https:\/\/dokdoc.eu\/fr\/2025\/08\/18\/dans-la-tourmente\/"]}]},{"@type":"ImageObject","inLanguage":"fr-FR","@id":"https:\/\/dokdoc.eu\/fr\/2025\/08\/18\/dans-la-tourmente\/#primaryimage","url":"https:\/\/dokdoc.eu\/wp-content\/uploads\/2025\/08\/1_C71TP1-scaled.jpg","contentUrl":"https:\/\/dokdoc.eu\/wp-content\/uploads\/2025\/08\/1_C71TP1-scaled.jpg","width":2560,"height":1703,"caption":"C71TP1 Monument of the Schengen Agreement of 1985 along the river Moselle at Schengen, Luxembourg"},{"@type":"BreadcrumbList","@id":"https:\/\/dokdoc.eu\/fr\/2025\/08\/18\/dans-la-tourmente\/#breadcrumb","itemListElement":[{"@type":"ListItem","position":1,"name":"Startseite","item":"https:\/\/dokdoc.eu\/fr\/"},{"@type":"ListItem","position":2,"name":"Dans la tourmente"}]},{"@type":"WebSite","@id":"https:\/\/dokdoc.eu\/fr\/#website","url":"https:\/\/dokdoc.eu\/fr\/","name":"dokdoc.eu","description":"","publisher":{"@id":"https:\/\/dokdoc.eu\/fr\/#organization"},"potentialAction":[{"@type":"SearchAction","target":{"@type":"EntryPoint","urlTemplate":"https:\/\/dokdoc.eu\/fr\/?s={search_term_string}"},"query-input":{"@type":"PropertyValueSpecification","valueRequired":true,"valueName":"search_term_string"}}],"inLanguage":"fr-FR"},{"@type":"Organization","@id":"https:\/\/dokdoc.eu\/fr\/#organization","name":"dokdoc.eu","url":"https:\/\/dokdoc.eu\/fr\/","logo":{"@type":"ImageObject","inLanguage":"fr-FR","@id":"https:\/\/dokdoc.eu\/fr\/#\/schema\/logo\/image\/","url":"https:\/\/dokdoc.eu\/wp-content\/uploads\/2019\/08\/cropped-logo_dokdoc-e1720795013301.png","contentUrl":"https:\/\/dokdoc.eu\/wp-content\/uploads\/2019\/08\/cropped-logo_dokdoc-e1720795013301.png","width":150,"height":110,"caption":"dokdoc.eu"},"image":{"@id":"https:\/\/dokdoc.eu\/fr\/#\/schema\/logo\/image\/"}},{"@type":"Person","@id":"https:\/\/dokdoc.eu\/fr\/#\/schema\/person\/d760e6e53df901fd9522f1d3a1e46621","name":"RochowMedienagentur","image":{"@type":"ImageObject","inLanguage":"fr-FR","@id":"https:\/\/dokdoc.eu\/wp-content\/uploads\/2019\/08\/cropped-logo_dokdoc-e1720795013301.png830075fd1c1a1f70247b47fa84cf0f00","url":"https:\/\/dokdoc.eu\/wp-content\/uploads\/2019\/08\/cropped-logo_dokdoc-e1720795013301.png","contentUrl":"https:\/\/dokdoc.eu\/wp-content\/uploads\/2019\/08\/cropped-logo_dokdoc-e1720795013301.png","caption":"RochowMedienagentur"},"sameAs":["https:\/\/dokdoc.eu"],"url":"https:\/\/dokdoc.eu\/fr\/author\/rochowmedienagentur\/"}]}},"authors":[{"term_id":2402,"user_id":0,"is_guest":1,"slug":"leonie-staud","display_name":"Leonie Staud","avatar_url":{"url":"https:\/\/dokdoc.eu\/wp-content\/uploads\/2025\/08\/Staud-klein.jpg","url2x":"https:\/\/dokdoc.eu\/wp-content\/uploads\/2025\/08\/Staud-klein.jpg"},"0":null,"1":"","2":"","3":"","4":"","5":"","6":"","7":"","8":""}],"_links":{"self":[{"href":"https:\/\/dokdoc.eu\/fr\/wp-json\/wp\/v2\/posts\/30776","targetHints":{"allow":["GET"]}}],"collection":[{"href":"https:\/\/dokdoc.eu\/fr\/wp-json\/wp\/v2\/posts"}],"about":[{"href":"https:\/\/dokdoc.eu\/fr\/wp-json\/wp\/v2\/types\/post"}],"author":[{"embeddable":true,"href":"https:\/\/dokdoc.eu\/fr\/wp-json\/wp\/v2\/users\/1"}],"replies":[{"embeddable":true,"href":"https:\/\/dokdoc.eu\/fr\/wp-json\/wp\/v2\/comments?post=30776"}],"version-history":[{"count":1,"href":"https:\/\/dokdoc.eu\/fr\/wp-json\/wp\/v2\/posts\/30776\/revisions"}],"predecessor-version":[{"id":30777,"href":"https:\/\/dokdoc.eu\/fr\/wp-json\/wp\/v2\/posts\/30776\/revisions\/30777"}],"wp:featuredmedia":[{"embeddable":true,"href":"https:\/\/dokdoc.eu\/fr\/wp-json\/wp\/v2\/media\/30764"}],"wp:attachment":[{"href":"https:\/\/dokdoc.eu\/fr\/wp-json\/wp\/v2\/media?parent=30776"}],"wp:term":[{"taxonomy":"category","embeddable":true,"href":"https:\/\/dokdoc.eu\/fr\/wp-json\/wp\/v2\/categories?post=30776"},{"taxonomy":"post_tag","embeddable":true,"href":"https:\/\/dokdoc.eu\/fr\/wp-json\/wp\/v2\/tags?post=30776"},{"taxonomy":"author","embeddable":true,"href":"https:\/\/dokdoc.eu\/fr\/wp-json\/wp\/v2\/ppma_author?post=30776"}],"curies":[{"name":"wp","href":"https:\/\/api.w.org\/{rel}","templated":true}]}}