{"id":30855,"date":"2025-08-29T11:00:49","date_gmt":"2025-08-29T09:00:49","guid":{"rendered":"https:\/\/dokdoc.eu\/?p=30855"},"modified":"2025-08-29T11:11:54","modified_gmt":"2025-08-29T09:11:54","slug":"quand-la-culture-culinaire-francaise-rencontre-la-gastronomie-allemande","status":"publish","type":"post","link":"https:\/\/dokdoc.eu\/fr\/2025\/08\/29\/quand-la-culture-culinaire-francaise-rencontre-la-gastronomie-allemande\/","title":{"rendered":"Quand la culture culinaire fran\u00e7aise rencontre la gastronomie allemande"},"content":{"rendered":"<figure id=\"attachment_30838\" aria-describedby=\"caption-attachment-30838\" style=\"width: 1024px\" class=\"wp-caption aligncenter\"><img fetchpriority=\"high\" decoding=\"async\" class=\"wp-image-30838\" src=\"https:\/\/dokdoc.eu\/wp-content\/uploads\/2025\/08\/1_nebeneinander_mit_rahmen_highres-300x107.png\" alt=\"\u00c0 gauche : Ventre et dos de thon marin\u00e9s au saindoux de thon, cro\u00fbtons et caviar imp\u00e9rial, salade d\u2019artichauts aux c\u00e2pres et aux anchois. Par Torsten Michel, Schwarzwaldstube (Copyright Rene Riis) \/ \u00c0 droite : Fleurs de courgettes farcies et fleurs de mauve. Par Jany Gleize, La Bonne \u00c9tape (Copyright : Wikimedia Commons)\" width=\"1024\" height=\"364\" srcset=\"https:\/\/dokdoc.eu\/wp-content\/uploads\/2025\/08\/1_nebeneinander_mit_rahmen_highres-300x107.png 300w, https:\/\/dokdoc.eu\/wp-content\/uploads\/2025\/08\/1_nebeneinander_mit_rahmen_highres-1024x364.png 1024w, https:\/\/dokdoc.eu\/wp-content\/uploads\/2025\/08\/1_nebeneinander_mit_rahmen_highres-768x273.png 768w, https:\/\/dokdoc.eu\/wp-content\/uploads\/2025\/08\/1_nebeneinander_mit_rahmen_highres-1536x545.png 1536w, https:\/\/dokdoc.eu\/wp-content\/uploads\/2025\/08\/1_nebeneinander_mit_rahmen_highres-2048x727.png 2048w\" sizes=\"(max-width: 1024px) 100vw, 1024px\" \/><figcaption id=\"caption-attachment-30838\" class=\"wp-caption-text\">\u00c0 gauche : Ventre et dos de thon marin\u00e9s au saindoux de thon, cro\u00fbtons et caviar imp\u00e9rial, salade d\u2019artichauts aux c\u00e2pres et aux anchois. Par Torsten Michel, Schwarzwaldstube (Copyright Rene Riis) \/ \u00c0 droite : Fleurs de courgettes farcies et fleurs de mauve. Par Jany Gleize, La Bonne \u00c9tape (Copyright : Wikimedia Commons)<\/figcaption><\/figure>\n<p>&nbsp;<\/p>\n<p><strong>En France, la gastronomie fait partie int\u00e9grante du patrimoine culturel national, tandis qu\u2019en Allemagne, les restaurants doivent parfois composer avec une image difficile. Pourtant, le nombre de restaurants \u00e9toil\u00e9s y est en hausse.<\/strong><!--more--><\/p>\n<p>&nbsp;<\/p>\n<p>\u00ab Vous avez r\u00e9serv\u00e9 ? \u00bb En France comme en Allemagne, c\u2019est souvent la premi\u00e8re question que les restaurateurs adressent \u00e0 leurs clients lorsqu\u2019ils franchissent la porte de leur \u00e9tablissement. Autre point commun : lorsque le service se fait attendre plus que de coutume, l\u2019excuse du serveur se r\u00e9sume en une seule expression : <em>manque de personnel<\/em>. Mais des diff\u00e9rences demeurent de part et d\u2019autre du Rhin, o\u00f9 l\u2019importance accord\u00e9e \u00e0 la table est d\u2019une exag\u00e9ration proverbiale : les Fran\u00e7ais travailleraient pour manger, tandis que les Allemands se contenteraient de manger pour pouvoir travailler. \u00ab La table est le pivot autour duquel tourne la civilisation \u00bb, affirmait le diplomate fran\u00e7ais Talleyrand (1754-1838).<\/p>\n<p>&nbsp;<\/p>\n<h2><strong>Des racines profondes<\/strong><\/h2>\n<p>Une <a href=\"https:\/\/www.statista.com\/chart\/13226\/where-people-spend-the-most-time-eating-drinking\/?utm_source.com\">\u00e9tude<\/a> de l\u2019Organisation de coop\u00e9ration et de d\u00e9veloppement \u00e9conomiques (OCDE) indique que les Fran\u00e7ais seraient les champions du monde du temps pass\u00e9 \u00e0 table, que ce soit \u00e0 domicile, \u00e0 la cantine ou au restaurant. Ils restent ainsi fid\u00e8les \u00e0 la d\u00e9finition que donnait le c\u00e9l\u00e8bre Curnonsky (1872-1956) de la gastronomie fran\u00e7aise : \u00ab C\u2019est vraiment une religion, dans le grand et noble sens latin de ce mot <em>religio<\/em>, c\u2019est-\u00e0-dire un lien entre les hommes. \u00bb<\/p>\n<p>&nbsp;<\/p>\n<figure id=\"attachment_30840\" aria-describedby=\"caption-attachment-30840\" style=\"width: 886px\" class=\"wp-caption aligncenter\"><img decoding=\"async\" class=\"wp-image-30840 size-full\" src=\"https:\/\/dokdoc.eu\/wp-content\/uploads\/2025\/08\/2_Auguste_Escoffier_et_Curnonsky_Wiki.jpg\" alt=\"Le chef, gastronome et auteur Auguste Escoffier avec Curnonsky (Copyright : Wikimedia Commons)\" width=\"886\" height=\"696\" srcset=\"https:\/\/dokdoc.eu\/wp-content\/uploads\/2025\/08\/2_Auguste_Escoffier_et_Curnonsky_Wiki.jpg 886w, https:\/\/dokdoc.eu\/wp-content\/uploads\/2025\/08\/2_Auguste_Escoffier_et_Curnonsky_Wiki-300x236.jpg 300w, https:\/\/dokdoc.eu\/wp-content\/uploads\/2025\/08\/2_Auguste_Escoffier_et_Curnonsky_Wiki-768x603.jpg 768w\" sizes=\"(max-width: 886px) 100vw, 886px\" \/><figcaption id=\"caption-attachment-30840\" class=\"wp-caption-text\">Le chef, gastronome et auteur Auguste Escoffier avec Curnonsky (Copyright : Wikimedia Commons)<\/figcaption><\/figure>\n<p>&nbsp;<\/p>\n<p>En 1814, les cosaques du tsar Alexandre I\u1d49\u02b3, qui avaient combattu aux c\u00f4t\u00e9s des Prussiens et des Autrichiens lors de la bataille de Paris, avaient pris l\u2019habitude, dans les troquets parisiens, de crier <em>bystro<\/em> (\u00ab vite, vite \u00bb en russe) pour passer commande avant le couvre-feu. Une belle l\u00e9gende, toutefois contest\u00e9e par les Auvergnats et les Poitevins de la capitale. \u00ab Pourquoi pas ? \u00bb (<em>cur non<\/em>, en latin) aurait pu r\u00e9pondre le \u00ab Prince des gastronomes \u00bb en choisissant son pseudonyme \u2014 auquel il ajouta le suffixe <em>-sky<\/em> par plaisanterie \u2014 lors de la venue des officiers russes en France, en 1894. Quoi qu\u2019il en soit, l\u2019anecdote illustre bien l\u2019importance que les Fran\u00e7ais accordent \u00e0 leur patrimoine gastronomique : pas question de laisser l\u2019origine du cassoulet toulousain, de l\u2019aligot d\u2019Auvergne, de la choucroute alsacienne ou du foie gras du P\u00e9rigord \u00eatre disput\u00e9e par qui que ce soit.<\/p>\n<p>&nbsp;<\/p>\n<h2><strong>Fast-foods et fins gourmets<\/strong><\/h2>\n<p>Dans les deux pays, la fr\u00e9quentation des restaurants a chut\u00e9 de plus de 10 % par rapport aux ann\u00e9es pr\u00e9-Covid. La hausse des prix, la baisse du pouvoir d\u2019achat et l\u2019\u00e9volution des habitudes \u2013 avec des consommateurs de plus en plus attir\u00e9s par la restauration rapide \u2013 en sont les principales causes. L\u2019imagination de certains restaurateurs pour r\u00e9sister \u00e0 l\u2019anglo-am\u00e9ricanisme dominant \u2013 <em>Fastfoude<\/em> \u00e0 Tours, <em>FresssCancan<\/em> \u00e0 Berlin \u2013 n\u2019y a rien chang\u00e9. De nombreux clients privil\u00e9gient d\u00e9sormais la livraison de repas \u00e0 domicile plut\u00f4t qu\u2019une sortie au restaurant.<\/p>\n<p>&nbsp;<\/p>\n<figure id=\"attachment_30932\" aria-describedby=\"caption-attachment-30932\" style=\"width: 1024px\" class=\"wp-caption aligncenter\"><img decoding=\"async\" class=\"wp-image-30932\" src=\"https:\/\/dokdoc.eu\/wp-content\/uploads\/2025\/09\/3_DSC05516-\u00a9-Alexandra-Battut-Agence-Camiller-Carlier-300x203.jpg\" alt=\"Supr\u00eame de pigeon de la Maison Mieral, haricots croque-tout, pur\u00e9e de f\u00e8ves, tatin de betterave et jus de r\u00e9glisse, Restaurant Serge Vieria (Copyright: Alexandra Battut\/Agence Camiller Carlier)\" width=\"1024\" height=\"694\" srcset=\"https:\/\/dokdoc.eu\/wp-content\/uploads\/2025\/09\/3_DSC05516-\u00a9-Alexandra-Battut-Agence-Camiller-Carlier-300x203.jpg 300w, https:\/\/dokdoc.eu\/wp-content\/uploads\/2025\/09\/3_DSC05516-\u00a9-Alexandra-Battut-Agence-Camiller-Carlier-1024x694.jpg 1024w, https:\/\/dokdoc.eu\/wp-content\/uploads\/2025\/09\/3_DSC05516-\u00a9-Alexandra-Battut-Agence-Camiller-Carlier-768x521.jpg 768w, https:\/\/dokdoc.eu\/wp-content\/uploads\/2025\/09\/3_DSC05516-\u00a9-Alexandra-Battut-Agence-Camiller-Carlier-1536x1041.jpg 1536w, https:\/\/dokdoc.eu\/wp-content\/uploads\/2025\/09\/3_DSC05516-\u00a9-Alexandra-Battut-Agence-Camiller-Carlier-2048x1388.jpg 2048w\" sizes=\"(max-width: 1024px) 100vw, 1024px\" \/><figcaption id=\"caption-attachment-30932\" class=\"wp-caption-text\">Supr\u00eame de pigeon de la Maison Mieral, haricots croque-tout, pur\u00e9e de f\u00e8ves, tatin de betterave et jus de r\u00e9glisse, Restaurant Serge Vieria (Copyright: Alexandra Battut\/Agence Camiller Carlier)<\/figcaption><\/figure>\n<p>&nbsp;<\/p>\n<p>Les diff\u00e9rences entre la France et l\u2019Allemagne restent notoires, voire proverbiales, en mati\u00e8re de gastronomie. La France, en particulier, n\u2019h\u00e9site pas \u00e0 \u00ab mettre les petits plats dans les grands \u00bb pour promouvoir son art culinaire dans le monde : en 2010, l\u2019UNESCO a inscrit le \u00ab <a href=\"https:\/\/ich.unesco.org\/fr\/RL\/le-repas-gastronomique-des-francais-00437\">repas gastronomique des Fran\u00e7ais<\/a> \u00bb au patrimoine culturel immat\u00e9riel de l\u2019humanit\u00e9, cat\u00e9gorie cr\u00e9\u00e9e en 2003 pour prot\u00e9ger les savoir-faire traditionnels. Cette distinction c\u00e9l\u00e8bre le respect des terroirs et le partage de \u00ab bons petits plats \u00bb entre parents, amis ou coll\u00e8gues autour d\u2019une table conviviale. M\u00eame sans occasion festive, les Fran\u00e7ais restent attach\u00e9s aux repas quotidiens : 54 % s\u2019attablent chaque jour \u00e0 12 h 30, suivant le rythme traditionnel entr\u00e9e \u2013 plat principal \u2013 dessert, selon les statistiques.<\/p>\n<p>&nbsp;<\/p>\n<figure id=\"attachment_30844\" aria-describedby=\"caption-attachment-30844\" style=\"width: 1024px\" class=\"wp-caption aligncenter\"><img loading=\"lazy\" decoding=\"async\" class=\"wp-image-30844 size-full\" src=\"https:\/\/dokdoc.eu\/wp-content\/uploads\/2025\/08\/4_Pierre-Auguste_Renoir_-_Luncheon_of_the_Boating_Party_-_Google_Art_Project.jpg\" alt=\"Pierre-Auguste Renoir, Le d\u00e9jeuner des canotiers (1880-1881) (Copyright : Wikimedia Commons)\" width=\"1024\" height=\"756\" srcset=\"https:\/\/dokdoc.eu\/wp-content\/uploads\/2025\/08\/4_Pierre-Auguste_Renoir_-_Luncheon_of_the_Boating_Party_-_Google_Art_Project.jpg 1024w, https:\/\/dokdoc.eu\/wp-content\/uploads\/2025\/08\/4_Pierre-Auguste_Renoir_-_Luncheon_of_the_Boating_Party_-_Google_Art_Project-300x221.jpg 300w, https:\/\/dokdoc.eu\/wp-content\/uploads\/2025\/08\/4_Pierre-Auguste_Renoir_-_Luncheon_of_the_Boating_Party_-_Google_Art_Project-768x567.jpg 768w\" sizes=\"(max-width: 1024px) 100vw, 1024px\" \/><figcaption id=\"caption-attachment-30844\" class=\"wp-caption-text\">Pierre-Auguste Renoir, Le d\u00e9jeuner des canotiers (1880-1881) (Copyright : Wikimedia Commons)<\/figcaption><\/figure>\n<p>&nbsp;<\/p>\n<p>En 2019, d\u00e9clar\u00e9e Ann\u00e9e de la gastronomie fran\u00e7aise, pas moins de six minist\u00e8res, 5 000 restaurants et 86 \u00e9tablissements scolaires ont particip\u00e9 \u00e0 l\u2019op\u00e9ration <em>Go\u00fbt de France \/ Good France<\/em>, lanc\u00e9e dans le monde entier en partenariat avec l\u2019UNESCO et l\u2019Organisation des Nations unies pour l\u2019alimentation et l\u2019agriculture (FAO). L\u2019initiative a \u00e9t\u00e9 prolong\u00e9e l\u2019ann\u00e9e suivante par le <em>Paris Food Forum<\/em>, colloque international destin\u00e9 \u00e0 r\u00e9fl\u00e9chir aux \u00e9volutions de la gastronomie.<\/p>\n<p>De quoi faire saliver de jalousie les consommateurs allemands\u2026 mais plut\u00f4t d\u2019amertume. Les statistiques sont implacables : 1 475 restaurants, toutes cat\u00e9gories confondues, devraient faire faillite en 2025, soit une hausse de 17 % par rapport \u00e0 2022. Depuis 2020, les prix dans la restauration classique ont bondi de 32,4 %, ceux des fast-foods de pr\u00e8s de 24 % et ceux des cantines d\u2019environ 20 %. Un sondage r\u00e9v\u00e8le m\u00eame que sept Allemands sur dix auraient r\u00e9duit leurs repas au restaurant.<\/p>\n<p>&nbsp;<\/p>\n<h2><strong>Entre clich\u00e9s et chefs \u00e9toil\u00e9s<\/strong><\/h2>\n<p>La r\u00e9putation de la cuisine allemande, souvent r\u00e9duite \u00e0 la caricature des jambonneaux et de la choucroute aux pommes de terre, le tout arros\u00e9 de bi\u00e8re, exasp\u00e8re les gastronomes qui aimeraient plus de reconnaissance \u2013 et d\u2019exigence \u2013 \u00a0de la part des consommateurs, allemands comme \u00e9trangers. La difficult\u00e9 r\u00e9side en grande partie dans le f\u00e9d\u00e9ralisme, qui rime parfois avec chauvinisme r\u00e9gional : Berlin ne saurait admettre que sa <em>Currywurst<\/em> vienne d\u2019ailleurs, pas plus que le Bade-Wurtemberg n\u2019accepterait de voir ses <em>Schw\u00e4bische Maultaschen<\/em> perdre leur authenticit\u00e9. La concurrence ne vient pas seulement des autres r\u00e9gions d\u2019Allemagne, mais aussi de l\u2019\u00e9tranger : la France et la Belgique exportent leurs fromages, les <em>Schnitzel<\/em> viennent d\u2019Autriche, les <em>Kn\u00f6del<\/em> de Boh\u00eame, le D\u00f6ner Kebab de Turquie \u2014 pour ne citer que quelques exemples. L\u2019influence \u00e9trang\u00e8re est ind\u00e9niable, un ph\u00e9nom\u00e8ne comparable \u00e0 celui que conna\u00eet la France avec ses pizzerias italiennes, ses grills balkaniques (<em>Balkan-Grill<\/em>), ses snacks syriens et ses sushi japonais \u2014 sans oublier les plats surgel\u00e9s, symboles de la standardisation culinaire mondialis\u00e9e.<\/p>\n<p>Depuis 1969 \u2013 et 1983 pour l\u2019\u00e9dition allemande \u2013, un guide gastronomique fond\u00e9 par deux journalistes, Henri Gault et Christian Millau, para\u00eet chaque ann\u00e9e pour aider les consommateurs \u00e0 rep\u00e9rer les nouvelles tendances de la haute cuisine et \u00e0 choisir les meilleures adresses\u2026 tout en \u00e9vitant les moins bonnes. Ses commentaires critiques influencent directement la fr\u00e9quentation des \u00e9tablissements. Les notes et les toques attribu\u00e9es par le <em>Gault&amp;Millau<\/em> suscitent parfois la crainte des restaurateurs, qui pr\u00e9f\u00e8rent souvent les \u00e9toiles d\u2019un autre best-seller : le <em>Guide Michelin<\/em>. Cr\u00e9\u00e9 par les fr\u00e8res Michelin en 1900 \u00e0 l\u2019occasion de l\u2019Exposition universelle de Paris, le c\u00e9l\u00e8bre \u00ab guide rouge \u00bb est publi\u00e9 en Allemagne depuis 1964. Il recense et r\u00e9compense chaque ann\u00e9e la haute gastronomie et ses chefs les plus prestigieux.<\/p>\n<p>&nbsp;<\/p>\n<figure id=\"attachment_30846\" aria-describedby=\"caption-attachment-30846\" style=\"width: 1024px\" class=\"wp-caption aligncenter\"><img loading=\"lazy\" decoding=\"async\" class=\"wp-image-30846\" src=\"https:\/\/dokdoc.eu\/wp-content\/uploads\/2025\/08\/5_Die-neue-Schwarzwaldstube-der-Traube-Tonbach-im-wiederaufgebauten-Stammhaus-c-Julian-Beekmann-300x200.jpg\" alt=\"La nouvelle Schwarzwaldstube de la Traube Tonbach dans la maison m\u00e8re reconstruite (Copyright : Julian Beekmann)\" width=\"1024\" height=\"683\" srcset=\"https:\/\/dokdoc.eu\/wp-content\/uploads\/2025\/08\/5_Die-neue-Schwarzwaldstube-der-Traube-Tonbach-im-wiederaufgebauten-Stammhaus-c-Julian-Beekmann-300x200.jpg 300w, https:\/\/dokdoc.eu\/wp-content\/uploads\/2025\/08\/5_Die-neue-Schwarzwaldstube-der-Traube-Tonbach-im-wiederaufgebauten-Stammhaus-c-Julian-Beekmann-1024x683.jpg 1024w, https:\/\/dokdoc.eu\/wp-content\/uploads\/2025\/08\/5_Die-neue-Schwarzwaldstube-der-Traube-Tonbach-im-wiederaufgebauten-Stammhaus-c-Julian-Beekmann-768x512.jpg 768w, https:\/\/dokdoc.eu\/wp-content\/uploads\/2025\/08\/5_Die-neue-Schwarzwaldstube-der-Traube-Tonbach-im-wiederaufgebauten-Stammhaus-c-Julian-Beekmann-1536x1024.jpg 1536w, https:\/\/dokdoc.eu\/wp-content\/uploads\/2025\/08\/5_Die-neue-Schwarzwaldstube-der-Traube-Tonbach-im-wiederaufgebauten-Stammhaus-c-Julian-Beekmann-2048x1365.jpg 2048w\" sizes=\"(max-width: 1024px) 100vw, 1024px\" \/><figcaption id=\"caption-attachment-30846\" class=\"wp-caption-text\">La nouvelle Schwarzwaldstube de la Traube Tonbach dans la maison m\u00e8re reconstruite (Copyright : Julian Beekmann)<\/figcaption><\/figure>\n<p>&nbsp;<\/p>\n<p>Pour 2025, il parle m\u00eame de \u00ab mill\u00e9sime exceptionnel \u00bb : la France compte d\u00e9sormais 654 restaurants \u00e9toil\u00e9s, dont deux nouvelles distinctions 3 \u00e9toiles \u00e0 La Rochelle (Charente-Maritime) et \u00e0 Saint-M\u00e9loir-des-Ondes (Ille-et-Vilaine), soulignant la diversit\u00e9 r\u00e9gionale de sa gastronomie. La cuisine allemande n\u2019est pas en reste : 341 restaurants y sont mentionn\u00e9s, dont deux nouvelles tables 3 \u00e9toiles \u00e0 Hambourg et Berlin, portant \u00e0 12 le nombre d\u2019\u00e9tablissements de cette cat\u00e9gorie.<\/p>\n<p>&nbsp;<\/p>\n<p>&nbsp;<\/p>\n<table style=\"border-collapse: collapse; width: 100%;\">\n<tbody>\n<tr>\n<td style=\"width: 100%;\">\n<h3><strong>Petit glossaire pour ceux qui ont faim (et soif)<\/strong><\/h3>\n<p>Le vocabulaire fran\u00e7ais de la restauration n\u2019est pas toujours facile \u00e0 traduire en allemand. <strong>Restaurant<\/strong> vient de <em>restaurer<\/em> (remettre en \u00e9tat), mais depuis le 16<sup>e<\/sup> si\u00e8cle il d\u00e9signe un \u00ab\u00a0aliment reconstituant\u00a0\u00bb, avant de donner son nom deux si\u00e8cles plus tard au lieu de consommation \u2013 repris d\u2019ailleurs tel quel en allemand. On peut \u00e9galement se restaurer dans un <strong>caf\u00e9<\/strong>, o\u00f9 les sandwichs ont la pr\u00e9f\u00e9rence des consommateurs (m\u00eame quand ils ne boivent pas de caf\u00e9), ou dans une <strong>auberge<\/strong>, un \u00e9tablissement pr\u00e9vu initialement pour <em>h\u00e9berger<\/em> les touristes qui veulent y passer la nuit \u2013 un terme emprunter au langage militaire \u00e0 partir du mot <em>hari<\/em>, proche de l\u2019allemand <em>Heer<\/em> (l\u2019arm\u00e9e) et qui d\u00e9finit le logement sommaire des mercenaires germains de l\u2019arm\u00e9e romaine. Le <strong>troquet<\/strong> et le <strong>bistrot<\/strong> fran\u00e7ais correspondent \u00e0 la <strong>Kneipe<\/strong> allemande. On y vient pour boire un verre, mais on peut aussi se contenter d\u2019un encas. Pour se sustenter, c\u2019est peut-\u00eatre l\u2019espagnol <em>Esta un minuto<\/em> (Reste une minute) qui a donn\u00e9 son nom \u00e0 l\u2019<strong>estaminet<\/strong> que des linguistes verraient plut\u00f4t d\u2019origine wallonne et qui ne d\u00e9signerait que des d\u00e9bits de boissons, de la bi\u00e8re essentiellement (petit indice au passage\u00a0: la Flandre a appartenu \u00e0 l\u2019Espagne au 16<sup>eme<\/sup> si\u00e8cle).<\/p>\n<p>Ceci dit, la langue allemande pr\u00e9f\u00e8re le <strong>Gasthof<\/strong> (litt\u00e9ralement la <em>cour des h\u00f4tes<\/em>, donc l\u2019h\u00f4tel) pour d\u00e9signer des auberges de tradition, l\u00e0 o\u00f9 les parkings ont remplac\u00e9 les lointaines \u00e9tables pour chevaux fatigu\u00e9s. A ne pas confondre avec <strong>Gastst\u00e4tte<\/strong> ou <strong>Gasthaus<\/strong> (la <em>maison des h\u00f4tes<\/em>) qui propose \u00e0 leurs clients \u00e0 la fois menus, lits et parfois places de stationnement. Le <strong>bar<\/strong>, dans les deux langues, est un lieu de rencontres o\u00f9 l\u2019on se distrait entre amis devant un verre. Au 18<sup>e<\/sup> si\u00e8cle, les d\u00e9bits de boisson de la banlieue parisienne ont \u00e9t\u00e9 accompagn\u00e9s de bals musette dans les <strong>guinguettes <\/strong>\u2013 une expression remise \u00e0 la mode un peu partout en France, son nom vient d\u2019un vin blanc sec de petite qualit\u00e9 (tr\u00e8s sec\u2026) et bon march\u00e9, le guinguet, produit en \u00cele-de-France. Une chanson populaire l\u2019a immortalis\u00e9\u00a0: \u00ab\u00a0Ah, le petit vin blanc qu\u2019on boit sous les tonnelles du c\u00f4t\u00e9 de Nogent\u00a0\u00bb. Pour la bi\u00e8re, on parlera de <strong>brasserie<\/strong>, mais pas forc\u00e9ment pour \u00e9voquer un endroit o\u00f9 l\u2019on brasse la bi\u00e8re, comme c\u2019est le plus souvent le cas en Allemagne (<strong>Brauerei<\/strong>), d\u2019o\u00f9 elle est originaire, introduite par les r\u00e9fugi\u00e9s d\u2019Alsace-Lorraine en 1871, qui ont choisi d\u2019\u00e9migrer \u00e0 Paris.<\/td>\n<\/tr>\n<\/tbody>\n<\/table>\n<p>&nbsp;<\/p>\n<p style=\"text-align: right;\"><strong><em>La r\u00e9daction remercie le <\/em><\/strong><strong><em><a href=\"https:\/\/www.sergevieira.com\/\">Restaurant Serge Vieria<\/a><\/em><\/strong><strong><em> (Chaudes-Aigues) et la <\/em><\/strong><strong><em><a href=\"https:\/\/www.traube-tonbach.de\/restaurants-bar\/schwarzwaldstube\/\">Schwarzwaldstube<\/a><\/em><\/strong><strong><em> (Baiersbronn) pour les photos.<\/em><\/strong><\/p>\n<p>&nbsp;<\/p>\n<h2><strong>L\u2019auteur<\/strong><\/h2>\n<figure id=\"attachment_26844\" aria-describedby=\"caption-attachment-26844\" style=\"width: 207px\" class=\"wp-caption alignleft\"><img loading=\"lazy\" decoding=\"async\" class=\"wp-image-26844 size-medium\" src=\"https:\/\/dokdoc.eu\/wp-content\/uploads\/2023\/08\/GerardFoussier1-3-207x300.jpg\" alt=\"\" width=\"207\" height=\"300\" srcset=\"https:\/\/dokdoc.eu\/wp-content\/uploads\/2023\/08\/GerardFoussier1-3-207x300.jpg 207w, https:\/\/dokdoc.eu\/wp-content\/uploads\/2023\/08\/GerardFoussier1-3.jpg 653w\" sizes=\"(max-width: 207px) 100vw, 207px\" \/><figcaption id=\"caption-attachment-26844\" class=\"wp-caption-text\">G\u00e9rard Foussier (Copyright: priv\u00e9)<\/figcaption><\/figure>\n<p><em>Licenci\u00e9 d\u2019allemand \u00e0 l\u2019universit\u00e9 de sa ville natale Orl\u00e9ans en 1969, G\u00e9rard Foussier a d\u00e9couvert sa passion pour les relations franco-allemandes gr\u00e2ce au jumelage avec M\u00fcnster en Westphalie. Apr\u00e8s une formation de journaliste au quotidien Westf\u00e4lische Nachrichten, il a travaill\u00e9 pendant trois d\u00e9cennies \u00e0 la radio allemande Deutsche Welle \u00e0 Cologne puis \u00e0 Bonn, avant d\u2019\u00eatre \u00e9lu en 2005 pr\u00e9sident du Bureau International de Liaison et de Documentation (B.I.L.D.). R\u00e9dacteur en chef de la revue bilingue Dokumente\/Documents pendant 13 ans, il est aussi l\u2019auteur de plusieurs ouvrages. Son dernier livre, Allemanderies, est sorti en janvier 2023. Il d\u00e9tient la double nationalit\u00e9 et est d\u00e9tenteur de l\u2019Ordre du M\u00e9rite allemand (Bundesverdienstkreuz).<\/em><\/p>\n<p>&nbsp;<\/p>\n<h2><\/h2>\n","protected":false},"excerpt":{"rendered":"<p>&nbsp; En France, la gastronomie fait partie int\u00e9grante du patrimoine culturel national, tandis qu\u2019en Allemagne, les restaurants doivent parfois composer avec une image difficile. Pourtant, le nombre de restaurants \u00e9toil\u00e9s y est en hausse.<\/p>\n","protected":false},"author":1,"featured_media":30838,"comment_status":"closed","ping_status":"closed","sticky":false,"template":"","format":"standard","meta":{"om_disable_all_campaigns":false,"_monsterinsights_skip_tracking":false,"_monsterinsights_sitenote_active":false,"_monsterinsights_sitenote_note":"","_monsterinsights_sitenote_category":0,"_uf_show_specific_survey":0,"_uf_disable_surveys":false,"footnotes":""},"categories":[119],"tags":[2538,2549,2548,2544,2535,2537,2527,2545,2541,489,2526,2540,2546,2539,2533,2542,2534,2536,2547,2528,2530,2529,2543,2532,2531],"ppma_author":[1735],"class_list":["post-30855","post","type-post","status-publish","format-standard","has-post-thumbnail","hentry","category-culture-fr-2","tag-art-culinaire","tag-bistrot-fr","tag-brasserie-fr","tag-cassoulet-fr","tag-choucroute","tag-crise-de-la-restauration","tag-cuisine-allemande","tag-currywurst-fr","tag-fast-food-fr","tag-federalisme","tag-gastronomie-francaise","tag-gaultmillau-fr","tag-gout-de-france-fr","tag-guide-michelin-fr","tag-habitudes-alimentaires","tag-haute-cuisine-fr","tag-influence-etrangere","tag-livraison-de-repas","tag-paris-food-forum-fr","tag-patrimoine-culturel","tag-repas-gastronomique","tag-restaurants-etoiles","tag-terroir-fr","tag-traditions-culinaires","tag-unesco"],"yoast_head":"<!-- This site is optimized with the Yoast SEO plugin v27.5 - https:\/\/yoast.com\/product\/yoast-seo-wordpress\/ -->\n<title>Quand la culture culinaire fran\u00e7aise rencontre la gastronomie allemande - dokdoc.eu<\/title>\n<meta name=\"robots\" content=\"index, follow, max-snippet:-1, max-image-preview:large, max-video-preview:-1\" \/>\n<link rel=\"canonical\" href=\"https:\/\/dokdoc.eu\/fr\/2025\/08\/29\/quand-la-culture-culinaire-francaise-rencontre-la-gastronomie-allemande\/\" \/>\n<meta property=\"og:locale\" content=\"fr_FR\" \/>\n<meta property=\"og:type\" content=\"article\" \/>\n<meta property=\"og:title\" content=\"Quand la culture culinaire fran\u00e7aise rencontre la gastronomie allemande - dokdoc.eu\" \/>\n<meta property=\"og:description\" content=\"&nbsp; En France, la gastronomie fait partie int\u00e9grante du patrimoine culturel national, tandis qu\u2019en Allemagne, les restaurants doivent parfois composer avec une image difficile. Pourtant, le nombre de restaurants \u00e9toil\u00e9s y est en hausse.\" \/>\n<meta property=\"og:url\" content=\"https:\/\/dokdoc.eu\/fr\/2025\/08\/29\/quand-la-culture-culinaire-francaise-rencontre-la-gastronomie-allemande\/\" \/>\n<meta property=\"og:site_name\" content=\"dokdoc.eu\" \/>\n<meta property=\"article:published_time\" content=\"2025-08-29T09:00:49+00:00\" \/>\n<meta property=\"article:modified_time\" content=\"2025-08-29T09:11:54+00:00\" \/>\n<meta property=\"og:image\" content=\"https:\/\/dokdoc.eu\/wp-content\/uploads\/2025\/08\/1_nebeneinander_mit_rahmen_highres-1024x364.png\" \/>\n\t<meta property=\"og:image:width\" content=\"1024\" \/>\n\t<meta property=\"og:image:height\" content=\"364\" \/>\n\t<meta property=\"og:image:type\" content=\"image\/png\" \/>\n<meta name=\"author\" content=\"G\u00e9rard Foussier\" \/>\n<meta name=\"twitter:card\" content=\"summary_large_image\" \/>\n<meta name=\"twitter:label1\" content=\"\u00c9crit par\" \/>\n\t<meta name=\"twitter:data1\" content=\"RochowMedienagentur\" \/>\n\t<meta name=\"twitter:label2\" content=\"Dur\u00e9e de lecture estim\u00e9e\" \/>\n\t<meta name=\"twitter:data2\" content=\"12 minutes\" \/>\n<script type=\"application\/ld+json\" class=\"yoast-schema-graph\">{\"@context\":\"https:\\\/\\\/schema.org\",\"@graph\":[{\"@type\":\"Article\",\"@id\":\"https:\\\/\\\/dokdoc.eu\\\/fr\\\/2025\\\/08\\\/29\\\/quand-la-culture-culinaire-francaise-rencontre-la-gastronomie-allemande\\\/#article\",\"isPartOf\":{\"@id\":\"https:\\\/\\\/dokdoc.eu\\\/fr\\\/2025\\\/08\\\/29\\\/quand-la-culture-culinaire-francaise-rencontre-la-gastronomie-allemande\\\/\"},\"author\":{\"name\":\"RochowMedienagentur\",\"@id\":\"https:\\\/\\\/dokdoc.eu\\\/fr\\\/#\\\/schema\\\/person\\\/d760e6e53df901fd9522f1d3a1e46621\"},\"headline\":\"Quand la culture culinaire fran\u00e7aise rencontre la gastronomie allemande\",\"datePublished\":\"2025-08-29T09:00:49+00:00\",\"dateModified\":\"2025-08-29T09:11:54+00:00\",\"mainEntityOfPage\":{\"@id\":\"https:\\\/\\\/dokdoc.eu\\\/fr\\\/2025\\\/08\\\/29\\\/quand-la-culture-culinaire-francaise-rencontre-la-gastronomie-allemande\\\/\"},\"wordCount\":1956,\"publisher\":{\"@id\":\"https:\\\/\\\/dokdoc.eu\\\/fr\\\/#organization\"},\"image\":{\"@id\":\"https:\\\/\\\/dokdoc.eu\\\/fr\\\/2025\\\/08\\\/29\\\/quand-la-culture-culinaire-francaise-rencontre-la-gastronomie-allemande\\\/#primaryimage\"},\"thumbnailUrl\":\"https:\\\/\\\/dokdoc.eu\\\/wp-content\\\/uploads\\\/2025\\\/08\\\/1_nebeneinander_mit_rahmen_highres.png\",\"keywords\":[\"art culinaire\",\"Bistrot\",\"Brasserie\",\"Cassoulet\",\"choucroute\",\"crise de la restauration\",\"cuisine allemande\",\"Currywurst\",\"Fast Food\",\"f\u00e9d\u00e9ralisme\",\"gastronomie fran\u00e7aise\",\"Gault&amp;Millau\",\"Go\u00fbt de France\",\"Guide Michelin\",\"habitudes alimentaires\",\"Haute Cuisine\",\"influence \u00e9trang\u00e8re\",\"livraison de repas\",\"Paris Food Forum\",\"patrimoine culturel\",\"repas gastronomique\",\"restaurants \u00e9toil\u00e9s\",\"Terroir\",\"traditions culinaires\",\"UNESCO\"],\"articleSection\":[\"Culture\"],\"inLanguage\":\"fr-FR\"},{\"@type\":\"WebPage\",\"@id\":\"https:\\\/\\\/dokdoc.eu\\\/fr\\\/2025\\\/08\\\/29\\\/quand-la-culture-culinaire-francaise-rencontre-la-gastronomie-allemande\\\/\",\"url\":\"https:\\\/\\\/dokdoc.eu\\\/fr\\\/2025\\\/08\\\/29\\\/quand-la-culture-culinaire-francaise-rencontre-la-gastronomie-allemande\\\/\",\"name\":\"Quand la culture culinaire fran\u00e7aise rencontre la gastronomie allemande - dokdoc.eu\",\"isPartOf\":{\"@id\":\"https:\\\/\\\/dokdoc.eu\\\/fr\\\/#website\"},\"primaryImageOfPage\":{\"@id\":\"https:\\\/\\\/dokdoc.eu\\\/fr\\\/2025\\\/08\\\/29\\\/quand-la-culture-culinaire-francaise-rencontre-la-gastronomie-allemande\\\/#primaryimage\"},\"image\":{\"@id\":\"https:\\\/\\\/dokdoc.eu\\\/fr\\\/2025\\\/08\\\/29\\\/quand-la-culture-culinaire-francaise-rencontre-la-gastronomie-allemande\\\/#primaryimage\"},\"thumbnailUrl\":\"https:\\\/\\\/dokdoc.eu\\\/wp-content\\\/uploads\\\/2025\\\/08\\\/1_nebeneinander_mit_rahmen_highres.png\",\"datePublished\":\"2025-08-29T09:00:49+00:00\",\"dateModified\":\"2025-08-29T09:11:54+00:00\",\"breadcrumb\":{\"@id\":\"https:\\\/\\\/dokdoc.eu\\\/fr\\\/2025\\\/08\\\/29\\\/quand-la-culture-culinaire-francaise-rencontre-la-gastronomie-allemande\\\/#breadcrumb\"},\"inLanguage\":\"fr-FR\",\"potentialAction\":[{\"@type\":\"ReadAction\",\"target\":[\"https:\\\/\\\/dokdoc.eu\\\/fr\\\/2025\\\/08\\\/29\\\/quand-la-culture-culinaire-francaise-rencontre-la-gastronomie-allemande\\\/\"]}]},{\"@type\":\"ImageObject\",\"inLanguage\":\"fr-FR\",\"@id\":\"https:\\\/\\\/dokdoc.eu\\\/fr\\\/2025\\\/08\\\/29\\\/quand-la-culture-culinaire-francaise-rencontre-la-gastronomie-allemande\\\/#primaryimage\",\"url\":\"https:\\\/\\\/dokdoc.eu\\\/wp-content\\\/uploads\\\/2025\\\/08\\\/1_nebeneinander_mit_rahmen_highres.png\",\"contentUrl\":\"https:\\\/\\\/dokdoc.eu\\\/wp-content\\\/uploads\\\/2025\\\/08\\\/1_nebeneinander_mit_rahmen_highres.png\",\"width\":2366,\"height\":840,\"caption\":\"Links: Gebeizter Thunfischbauch und -ru\u0308cken mit Thunfischschmalz, Crou\u0302tons und Imperialkaviar, Salat von Artischocken mit Kapern und Sardellen. Von Torsten Michel, Schwarzwaldstube (Copyright Rene Riis) \\\/ Rechts: Gef\u00fcllte Zucchinibl\u00fcten und Malvenbl\u00fcten. Von Jany Gleize, La Bonne \u00c9tape (Copyright: Wikimedia Commons)\"},{\"@type\":\"BreadcrumbList\",\"@id\":\"https:\\\/\\\/dokdoc.eu\\\/fr\\\/2025\\\/08\\\/29\\\/quand-la-culture-culinaire-francaise-rencontre-la-gastronomie-allemande\\\/#breadcrumb\",\"itemListElement\":[{\"@type\":\"ListItem\",\"position\":1,\"name\":\"Startseite\",\"item\":\"https:\\\/\\\/dokdoc.eu\\\/fr\\\/\"},{\"@type\":\"ListItem\",\"position\":2,\"name\":\"Quand la culture culinaire fran\u00e7aise rencontre la gastronomie allemande\"}]},{\"@type\":\"WebSite\",\"@id\":\"https:\\\/\\\/dokdoc.eu\\\/fr\\\/#website\",\"url\":\"https:\\\/\\\/dokdoc.eu\\\/fr\\\/\",\"name\":\"dokdoc.eu\",\"description\":\"\",\"publisher\":{\"@id\":\"https:\\\/\\\/dokdoc.eu\\\/fr\\\/#organization\"},\"potentialAction\":[{\"@type\":\"SearchAction\",\"target\":{\"@type\":\"EntryPoint\",\"urlTemplate\":\"https:\\\/\\\/dokdoc.eu\\\/fr\\\/?s={search_term_string}\"},\"query-input\":{\"@type\":\"PropertyValueSpecification\",\"valueRequired\":true,\"valueName\":\"search_term_string\"}}],\"inLanguage\":\"fr-FR\"},{\"@type\":\"Organization\",\"@id\":\"https:\\\/\\\/dokdoc.eu\\\/fr\\\/#organization\",\"name\":\"dokdoc.eu\",\"url\":\"https:\\\/\\\/dokdoc.eu\\\/fr\\\/\",\"logo\":{\"@type\":\"ImageObject\",\"inLanguage\":\"fr-FR\",\"@id\":\"https:\\\/\\\/dokdoc.eu\\\/fr\\\/#\\\/schema\\\/logo\\\/image\\\/\",\"url\":\"https:\\\/\\\/dokdoc.eu\\\/wp-content\\\/uploads\\\/2019\\\/08\\\/cropped-logo_dokdoc-e1720795013301.png\",\"contentUrl\":\"https:\\\/\\\/dokdoc.eu\\\/wp-content\\\/uploads\\\/2019\\\/08\\\/cropped-logo_dokdoc-e1720795013301.png\",\"width\":150,\"height\":110,\"caption\":\"dokdoc.eu\"},\"image\":{\"@id\":\"https:\\\/\\\/dokdoc.eu\\\/fr\\\/#\\\/schema\\\/logo\\\/image\\\/\"}},{\"@type\":\"Person\",\"@id\":\"https:\\\/\\\/dokdoc.eu\\\/fr\\\/#\\\/schema\\\/person\\\/d760e6e53df901fd9522f1d3a1e46621\",\"name\":\"RochowMedienagentur\",\"image\":{\"@type\":\"ImageObject\",\"inLanguage\":\"fr-FR\",\"@id\":\"https:\\\/\\\/dokdoc.eu\\\/wp-content\\\/uploads\\\/2019\\\/08\\\/cropped-logo_dokdoc-e1720795013301.png830075fd1c1a1f70247b47fa84cf0f00\",\"url\":\"https:\\\/\\\/dokdoc.eu\\\/wp-content\\\/uploads\\\/2019\\\/08\\\/cropped-logo_dokdoc-e1720795013301.png\",\"contentUrl\":\"https:\\\/\\\/dokdoc.eu\\\/wp-content\\\/uploads\\\/2019\\\/08\\\/cropped-logo_dokdoc-e1720795013301.png\",\"caption\":\"RochowMedienagentur\"},\"sameAs\":[\"https:\\\/\\\/dokdoc.eu\"],\"url\":\"https:\\\/\\\/dokdoc.eu\\\/fr\\\/author\\\/rochowmedienagentur\\\/\"}]}<\/script>\n<!-- \/ Yoast SEO plugin. -->","yoast_head_json":{"title":"Quand la culture culinaire fran\u00e7aise rencontre la gastronomie allemande - dokdoc.eu","robots":{"index":"index","follow":"follow","max-snippet":"max-snippet:-1","max-image-preview":"max-image-preview:large","max-video-preview":"max-video-preview:-1"},"canonical":"https:\/\/dokdoc.eu\/fr\/2025\/08\/29\/quand-la-culture-culinaire-francaise-rencontre-la-gastronomie-allemande\/","og_locale":"fr_FR","og_type":"article","og_title":"Quand la culture culinaire fran\u00e7aise rencontre la gastronomie allemande - dokdoc.eu","og_description":"&nbsp; En France, la gastronomie fait partie int\u00e9grante du patrimoine culturel national, tandis qu\u2019en Allemagne, les restaurants doivent parfois composer avec une image difficile. Pourtant, le nombre de restaurants \u00e9toil\u00e9s y est en hausse.","og_url":"https:\/\/dokdoc.eu\/fr\/2025\/08\/29\/quand-la-culture-culinaire-francaise-rencontre-la-gastronomie-allemande\/","og_site_name":"dokdoc.eu","article_published_time":"2025-08-29T09:00:49+00:00","article_modified_time":"2025-08-29T09:11:54+00:00","og_image":[{"width":1024,"height":364,"url":"https:\/\/dokdoc.eu\/wp-content\/uploads\/2025\/08\/1_nebeneinander_mit_rahmen_highres-1024x364.png","type":"image\/png"}],"author":"G\u00e9rard Foussier","twitter_card":"summary_large_image","twitter_misc":{"\u00c9crit par":"RochowMedienagentur","Dur\u00e9e de lecture estim\u00e9e":"12 minutes"},"schema":{"@context":"https:\/\/schema.org","@graph":[{"@type":"Article","@id":"https:\/\/dokdoc.eu\/fr\/2025\/08\/29\/quand-la-culture-culinaire-francaise-rencontre-la-gastronomie-allemande\/#article","isPartOf":{"@id":"https:\/\/dokdoc.eu\/fr\/2025\/08\/29\/quand-la-culture-culinaire-francaise-rencontre-la-gastronomie-allemande\/"},"author":{"name":"RochowMedienagentur","@id":"https:\/\/dokdoc.eu\/fr\/#\/schema\/person\/d760e6e53df901fd9522f1d3a1e46621"},"headline":"Quand la culture culinaire fran\u00e7aise rencontre la gastronomie allemande","datePublished":"2025-08-29T09:00:49+00:00","dateModified":"2025-08-29T09:11:54+00:00","mainEntityOfPage":{"@id":"https:\/\/dokdoc.eu\/fr\/2025\/08\/29\/quand-la-culture-culinaire-francaise-rencontre-la-gastronomie-allemande\/"},"wordCount":1956,"publisher":{"@id":"https:\/\/dokdoc.eu\/fr\/#organization"},"image":{"@id":"https:\/\/dokdoc.eu\/fr\/2025\/08\/29\/quand-la-culture-culinaire-francaise-rencontre-la-gastronomie-allemande\/#primaryimage"},"thumbnailUrl":"https:\/\/dokdoc.eu\/wp-content\/uploads\/2025\/08\/1_nebeneinander_mit_rahmen_highres.png","keywords":["art culinaire","Bistrot","Brasserie","Cassoulet","choucroute","crise de la restauration","cuisine allemande","Currywurst","Fast Food","f\u00e9d\u00e9ralisme","gastronomie fran\u00e7aise","Gault&amp;Millau","Go\u00fbt de France","Guide Michelin","habitudes alimentaires","Haute Cuisine","influence \u00e9trang\u00e8re","livraison de repas","Paris Food Forum","patrimoine culturel","repas gastronomique","restaurants \u00e9toil\u00e9s","Terroir","traditions culinaires","UNESCO"],"articleSection":["Culture"],"inLanguage":"fr-FR"},{"@type":"WebPage","@id":"https:\/\/dokdoc.eu\/fr\/2025\/08\/29\/quand-la-culture-culinaire-francaise-rencontre-la-gastronomie-allemande\/","url":"https:\/\/dokdoc.eu\/fr\/2025\/08\/29\/quand-la-culture-culinaire-francaise-rencontre-la-gastronomie-allemande\/","name":"Quand la culture culinaire fran\u00e7aise rencontre la gastronomie allemande - dokdoc.eu","isPartOf":{"@id":"https:\/\/dokdoc.eu\/fr\/#website"},"primaryImageOfPage":{"@id":"https:\/\/dokdoc.eu\/fr\/2025\/08\/29\/quand-la-culture-culinaire-francaise-rencontre-la-gastronomie-allemande\/#primaryimage"},"image":{"@id":"https:\/\/dokdoc.eu\/fr\/2025\/08\/29\/quand-la-culture-culinaire-francaise-rencontre-la-gastronomie-allemande\/#primaryimage"},"thumbnailUrl":"https:\/\/dokdoc.eu\/wp-content\/uploads\/2025\/08\/1_nebeneinander_mit_rahmen_highres.png","datePublished":"2025-08-29T09:00:49+00:00","dateModified":"2025-08-29T09:11:54+00:00","breadcrumb":{"@id":"https:\/\/dokdoc.eu\/fr\/2025\/08\/29\/quand-la-culture-culinaire-francaise-rencontre-la-gastronomie-allemande\/#breadcrumb"},"inLanguage":"fr-FR","potentialAction":[{"@type":"ReadAction","target":["https:\/\/dokdoc.eu\/fr\/2025\/08\/29\/quand-la-culture-culinaire-francaise-rencontre-la-gastronomie-allemande\/"]}]},{"@type":"ImageObject","inLanguage":"fr-FR","@id":"https:\/\/dokdoc.eu\/fr\/2025\/08\/29\/quand-la-culture-culinaire-francaise-rencontre-la-gastronomie-allemande\/#primaryimage","url":"https:\/\/dokdoc.eu\/wp-content\/uploads\/2025\/08\/1_nebeneinander_mit_rahmen_highres.png","contentUrl":"https:\/\/dokdoc.eu\/wp-content\/uploads\/2025\/08\/1_nebeneinander_mit_rahmen_highres.png","width":2366,"height":840,"caption":"Links: Gebeizter Thunfischbauch und -ru\u0308cken mit Thunfischschmalz, Crou\u0302tons und Imperialkaviar, Salat von Artischocken mit Kapern und Sardellen. Von Torsten Michel, Schwarzwaldstube (Copyright Rene Riis) \/ Rechts: Gef\u00fcllte Zucchinibl\u00fcten und Malvenbl\u00fcten. Von Jany Gleize, La Bonne \u00c9tape (Copyright: Wikimedia Commons)"},{"@type":"BreadcrumbList","@id":"https:\/\/dokdoc.eu\/fr\/2025\/08\/29\/quand-la-culture-culinaire-francaise-rencontre-la-gastronomie-allemande\/#breadcrumb","itemListElement":[{"@type":"ListItem","position":1,"name":"Startseite","item":"https:\/\/dokdoc.eu\/fr\/"},{"@type":"ListItem","position":2,"name":"Quand la culture culinaire fran\u00e7aise rencontre la gastronomie allemande"}]},{"@type":"WebSite","@id":"https:\/\/dokdoc.eu\/fr\/#website","url":"https:\/\/dokdoc.eu\/fr\/","name":"dokdoc.eu","description":"","publisher":{"@id":"https:\/\/dokdoc.eu\/fr\/#organization"},"potentialAction":[{"@type":"SearchAction","target":{"@type":"EntryPoint","urlTemplate":"https:\/\/dokdoc.eu\/fr\/?s={search_term_string}"},"query-input":{"@type":"PropertyValueSpecification","valueRequired":true,"valueName":"search_term_string"}}],"inLanguage":"fr-FR"},{"@type":"Organization","@id":"https:\/\/dokdoc.eu\/fr\/#organization","name":"dokdoc.eu","url":"https:\/\/dokdoc.eu\/fr\/","logo":{"@type":"ImageObject","inLanguage":"fr-FR","@id":"https:\/\/dokdoc.eu\/fr\/#\/schema\/logo\/image\/","url":"https:\/\/dokdoc.eu\/wp-content\/uploads\/2019\/08\/cropped-logo_dokdoc-e1720795013301.png","contentUrl":"https:\/\/dokdoc.eu\/wp-content\/uploads\/2019\/08\/cropped-logo_dokdoc-e1720795013301.png","width":150,"height":110,"caption":"dokdoc.eu"},"image":{"@id":"https:\/\/dokdoc.eu\/fr\/#\/schema\/logo\/image\/"}},{"@type":"Person","@id":"https:\/\/dokdoc.eu\/fr\/#\/schema\/person\/d760e6e53df901fd9522f1d3a1e46621","name":"RochowMedienagentur","image":{"@type":"ImageObject","inLanguage":"fr-FR","@id":"https:\/\/dokdoc.eu\/wp-content\/uploads\/2019\/08\/cropped-logo_dokdoc-e1720795013301.png830075fd1c1a1f70247b47fa84cf0f00","url":"https:\/\/dokdoc.eu\/wp-content\/uploads\/2019\/08\/cropped-logo_dokdoc-e1720795013301.png","contentUrl":"https:\/\/dokdoc.eu\/wp-content\/uploads\/2019\/08\/cropped-logo_dokdoc-e1720795013301.png","caption":"RochowMedienagentur"},"sameAs":["https:\/\/dokdoc.eu"],"url":"https:\/\/dokdoc.eu\/fr\/author\/rochowmedienagentur\/"}]}},"authors":[{"term_id":1735,"user_id":0,"is_guest":1,"slug":"gerard-foussier","display_name":"G\u00e9rard Foussier","avatar_url":{"url":"https:\/\/dokdoc.eu\/wp-content\/uploads\/2025\/08\/Foussier-klein.png","url2x":"https:\/\/dokdoc.eu\/wp-content\/uploads\/2025\/08\/Foussier-klein.png"},"0":null,"1":"","2":"","3":"","4":"","5":"","6":"","7":"","8":""}],"_links":{"self":[{"href":"https:\/\/dokdoc.eu\/fr\/wp-json\/wp\/v2\/posts\/30855","targetHints":{"allow":["GET"]}}],"collection":[{"href":"https:\/\/dokdoc.eu\/fr\/wp-json\/wp\/v2\/posts"}],"about":[{"href":"https:\/\/dokdoc.eu\/fr\/wp-json\/wp\/v2\/types\/post"}],"author":[{"embeddable":true,"href":"https:\/\/dokdoc.eu\/fr\/wp-json\/wp\/v2\/users\/1"}],"replies":[{"embeddable":true,"href":"https:\/\/dokdoc.eu\/fr\/wp-json\/wp\/v2\/comments?post=30855"}],"version-history":[{"count":4,"href":"https:\/\/dokdoc.eu\/fr\/wp-json\/wp\/v2\/posts\/30855\/revisions"}],"predecessor-version":[{"id":30938,"href":"https:\/\/dokdoc.eu\/fr\/wp-json\/wp\/v2\/posts\/30855\/revisions\/30938"}],"wp:featuredmedia":[{"embeddable":true,"href":"https:\/\/dokdoc.eu\/fr\/wp-json\/wp\/v2\/media\/30838"}],"wp:attachment":[{"href":"https:\/\/dokdoc.eu\/fr\/wp-json\/wp\/v2\/media?parent=30855"}],"wp:term":[{"taxonomy":"category","embeddable":true,"href":"https:\/\/dokdoc.eu\/fr\/wp-json\/wp\/v2\/categories?post=30855"},{"taxonomy":"post_tag","embeddable":true,"href":"https:\/\/dokdoc.eu\/fr\/wp-json\/wp\/v2\/tags?post=30855"},{"taxonomy":"author","embeddable":true,"href":"https:\/\/dokdoc.eu\/fr\/wp-json\/wp\/v2\/ppma_author?post=30855"}],"curies":[{"name":"wp","href":"https:\/\/api.w.org\/{rel}","templated":true}]}}