{"id":31163,"date":"2025-09-25T10:00:20","date_gmt":"2025-09-25T08:00:20","guid":{"rendered":"https:\/\/dokdoc.eu\/?p=31163"},"modified":"2025-09-24T21:47:36","modified_gmt":"2025-09-24T19:47:36","slug":"le-gout-du-pouvoir-et-du-vin","status":"publish","type":"post","link":"https:\/\/dokdoc.eu\/fr\/2025\/09\/25\/le-gout-du-pouvoir-et-du-vin\/","title":{"rendered":"Le go\u00fbt du pouvoir et du vin"},"content":{"rendered":"<figure id=\"attachment_31164\" aria-describedby=\"caption-attachment-31164\" style=\"width: 1024px\" class=\"wp-caption aligncenter\"><img fetchpriority=\"high\" decoding=\"async\" class=\"wp-image-31164\" src=\"https:\/\/dokdoc.eu\/wp-content\/uploads\/2025\/09\/1_2AGTD52-300x188.jpg\" alt=\"Konrad Adenauer, Heinrich von Brentano et le ministre italien des Affaires \u00e9trang\u00e8res Gaetano Martino, Rome, s.d. (Copyright: Alamy)\" width=\"1024\" height=\"642\" srcset=\"https:\/\/dokdoc.eu\/wp-content\/uploads\/2025\/09\/1_2AGTD52-300x188.jpg 300w, https:\/\/dokdoc.eu\/wp-content\/uploads\/2025\/09\/1_2AGTD52-1024x643.jpg 1024w, https:\/\/dokdoc.eu\/wp-content\/uploads\/2025\/09\/1_2AGTD52-768x482.jpg 768w, https:\/\/dokdoc.eu\/wp-content\/uploads\/2025\/09\/1_2AGTD52-1536x964.jpg 1536w, https:\/\/dokdoc.eu\/wp-content\/uploads\/2025\/09\/1_2AGTD52-2048x1285.jpg 2048w\" sizes=\"(max-width: 1024px) 100vw, 1024px\" \/><figcaption id=\"caption-attachment-31164\" class=\"wp-caption-text\">Konrad Adenauer, Heinrich von Brentano et le ministre italien des Affaires \u00e9trang\u00e8res Gaetano Martino, Rome, s.d. (Copyright: Alamy)<\/figcaption><\/figure>\n<p><strong>Adenauer \u00e9tait un grand amateur de vin. Au cours des quatorze ann\u00e9es qu&rsquo;il passa \u00e0 la chancellerie, il n&rsquo;h\u00e9sita pas \u00e0 faire usage de cette \u00ab arme \u00bb pour s\u00e9duire ses interlocuteurs et arriver \u00e0 ses fins.<\/strong><!--more--><\/p>\n<p>&nbsp;<\/p>\n<p>En 2026, Konrad Adenauer aurait eu 150 ans. Premier chancelier de l\u2019apr\u00e8s-guerre (1949-1963), il a marqu\u00e9 de son empreinte l\u2019histoire de l\u2019Allemagne. Homme de son temps, conservateur certes, mais profond\u00e9ment ancr\u00e9 dans la tradition rh\u00e9nane et catholique, il savait profiter des plaisirs de la vie. Son humour \u00e9tait subtil, bienveillant sans jamais \u00eatre na\u00eff\u00a0: \u00ab Il faut prendre les gens comme ils sont \u2013 il n\u2019y en a pas d\u2019autres\u00a0\u00bb, se plaisait-il \u00e0 r\u00e9p\u00e9ter. L\u2019homme \u00e9tait aussi un grand connaisseur de vin. Maire de Cologne (1917\u20131933), il entretenait une cave remarquable et acqu\u00e9rait r\u00e9guli\u00e8rement de grands crus lors des ench\u00e8res de l\u2019Association des vignerons de vins naturels \u2013 l\u2019anc\u00eatre de l\u2019actuel <a href=\"https:\/\/www.vdp.de\/de\/\">VDP<\/a> (qui r\u00e9unit les meilleurs producteurs de vin d\u2019Allemagne). M\u00eame lorsque les nazis le chass\u00e8rent de Cologne, le pers\u00e9cut\u00e8rent et bloqu\u00e8rent ses comptes, il ne renon\u00e7a pas pour autant au plaisir du vin. En 1934, il acheta notamment 25 bouteilles de <em>Zeltinger Sonnenuhr<\/em> 1931 pour la somme de 811,67 Reichsmarks, ainsi que d\u2019importantes quantit\u00e9s de <em>Schloss Johannisberger<\/em> et de <em>Marcobrunner<\/em> du mill\u00e9sime 1929. Adenauer savait profiter de ce qui \u00e9tait bon, m\u00eame lorsque les temps \u00e9taient sombres.<\/p>\n<p>&nbsp;<\/p>\n<h2><strong>Au service de la n\u00e9gociation<\/strong><\/h2>\n<p>De nombreuses anecdotes le montrent : Adenauer n\u2019\u00e9tait pas seulement un amateur de vin disciplin\u00e9 \u2013 l\u2019ivresse lui \u00e9tait en horreur \u2013, il savait aussi tirer parti des vertus communicatives d\u2019un grand cru, de l\u2019effet qu\u2019une bouteille choisie avec soin peut produire sur son interlocuteur \u2013 sans qu\u2019il soit pour autant besoin d\u2019un mot. Le \u00ab vieux renard \u00bb sut manier cette arme avec pr\u00e9cision et intelligence \u2013 jusque dans la plus haute diplomatie.<\/p>\n<p>Un exemple parmi les plus marquants est son voyage \u00e0 Moscou en 1955. L\u2019objectif, on le sait, \u00e9tait d\u2019\u00e9tablir des relations diplomatiques avec l\u2019URSS et de rapatrier les derniers prisonniers de guerre allemands. Le chancelier et le ministre des Affaires \u00e9trang\u00e8res, Heinrich von Brentano, s\u2019y rendirent \u00e0 bord d\u2019avions de la Lufthansa, tandis que la d\u00e9l\u00e9gation de Bonn, elle, prit le train \u2013 avec dans ses bagages : deux limousines Mercedes 300 pour traverser la Place Rouge jusqu\u2019au Kremlin, ainsi que des vins d\u2019exception choisis personnellement par le chancelier : un <em>Bernkasteler Doctor Sp\u00e4tlese<\/em> des ann\u00e9es 1950, un <em>Kiedricher Gr\u00e4fenberg Auslese<\/em> de 1953 et un mill\u00e9sime de vin mousseux de la <em>Hohen Domkirche<\/em> de Tr\u00e8ves de 1951. Une partie de ces vins fut servie \u00e0 Khrouchtchev, Boulanine et Molotov durant la phase ultime des n\u00e9gociations. Adenauer savait que ses interlocuteurs connaissaient tr\u00e8s bien le prestige de ces crus.<\/p>\n<p>Le vin avait aussi ceci de bon qu\u2019il permettait de flatter les vanit\u00e9s des uns et des autres. Ainsi, apr\u00e8s les premi\u00e8res \u00e9lections f\u00e9d\u00e9rales de 1949, Adenauer invita chez lui les dirigeants de la CDU\/CSU. Il s\u2019agissait alors de d\u00e9terminer qui, parmi eux, allait devenir chancelier f\u00e9d\u00e9ral. Les mets \u00e9taient succulents, les vins de qualit\u00e9, les discussions s\u2019\u00e9ternisaient. Adenauer ouvrit alors sa cave priv\u00e9e et en \u00ab sortit le meilleur du meilleur : des <em>Sp\u00e4tlesen<\/em> et des <em>Auslesen<\/em>, des vins comme je n\u2019en avais jamais encore jamais bu \u00bb, confia plus tard Franz Josef Strau\u00df. C\u2019est le moment que le septuag\u00e9naire choisit pour mentionner, en passant, que son m\u00e9decin n\u2019aurait rien contre le fait qu\u2019il assume pour deux ans la fonction de chancelier. La perspective d\u2019un mandat limit\u00e9 dans le temps facilita l\u2019adh\u00e9sion des invit\u00e9s. Personne ne pouvait alors imaginer qu\u2019il resterait ensuite quatorze ann\u00e9es \u00e0 la chancellerie.<\/p>\n<p>&nbsp;<\/p>\n<h2><strong>Vous prendrez bien un verre, Monsieur le G\u00e9n\u00e9ral\u00a0?<\/strong><\/h2>\n<p>Adenauer n\u2019h\u00e9sita pas non plus \u00e0 utiliser cette \u00ab arme \u00bb lors d\u2019une rencontre avec les ministres-pr\u00e9sidents des <em>L\u00e4nder<\/em>. Le ministre-pr\u00e9sident Kai-Uwe von Hassel (Schleswig-Holstein) raconta plus tard comment le chancelier s\u2019y \u00e9tait pris. Un vin ordinaire fut d\u2019abord servi. Adenauer le commenta en ces termes : \u00ab Ce vin n\u2019est pas particuli\u00e8rement bon. \u00bb Lorsque le second fut amen\u00e9 \u00e0 table, il d\u00e9clara : \u00ab Il existe de meilleurs vins. \u00bb Au troisi\u00e8me vin, il s\u2019adressa \u00e0 son secr\u00e9taire d\u2019\u00c9tat avec une indignation feinte : \u00ab Vous semblez avoir oubli\u00e9 que les ministres-pr\u00e9sidents sont nos invit\u00e9s ! \u00bb Ce n\u2019est qu\u2019alors que les crus les plus fins furent d\u00e9bouch\u00e9s \u2013 chacun se sentit flatt\u00e9.<\/p>\n<p>&nbsp;<\/p>\n<figure id=\"attachment_31166\" aria-describedby=\"caption-attachment-31166\" style=\"width: 1024px\" class=\"wp-caption aligncenter\"><img decoding=\"async\" class=\"wp-image-31166\" src=\"https:\/\/dokdoc.eu\/wp-content\/uploads\/2025\/09\/2_Bundesarchiv_B_145_Bild-F015916-0028_Schloss_Ernich_Charles_de_Gaulle_Konrad_Adenauer-300x219.jpg\" alt=\"Konrad Adenauer et Charles de Gaulle dans le jardin de la r\u00e9sidence de l\u2019ambassadeur de France \u00e0 Bonn, ch\u00e2teau Ernich, 5 juillet 1963 (Copyright: Wikimedia Commons)\" width=\"1024\" height=\"748\" srcset=\"https:\/\/dokdoc.eu\/wp-content\/uploads\/2025\/09\/2_Bundesarchiv_B_145_Bild-F015916-0028_Schloss_Ernich_Charles_de_Gaulle_Konrad_Adenauer-300x219.jpg 300w, https:\/\/dokdoc.eu\/wp-content\/uploads\/2025\/09\/2_Bundesarchiv_B_145_Bild-F015916-0028_Schloss_Ernich_Charles_de_Gaulle_Konrad_Adenauer-1024x748.jpg 1024w, https:\/\/dokdoc.eu\/wp-content\/uploads\/2025\/09\/2_Bundesarchiv_B_145_Bild-F015916-0028_Schloss_Ernich_Charles_de_Gaulle_Konrad_Adenauer-768x561.jpg 768w, https:\/\/dokdoc.eu\/wp-content\/uploads\/2025\/09\/2_Bundesarchiv_B_145_Bild-F015916-0028_Schloss_Ernich_Charles_de_Gaulle_Konrad_Adenauer.jpg 1199w\" sizes=\"(max-width: 1024px) 100vw, 1024px\" \/><figcaption id=\"caption-attachment-31166\" class=\"wp-caption-text\">Konrad Adenauer et Charles de Gaulle dans le jardin de la r\u00e9sidence de l\u2019ambassadeur de France \u00e0 Bonn, ch\u00e2teau Ernich, 5 juillet 1963 (Copyright: Wikimedia Commons)<\/figcaption><\/figure>\n<p>&nbsp;<\/p>\n<p>Le 8 juillet 1962, Charles de Gaulle et Konrad Adenauer c\u00e9l\u00e9br\u00e8rent la messe de la r\u00e9conciliation franco-allemande dans la cath\u00e9drale de Reims. Les jours pr\u00e9c\u00e9dents, le chancelier avait fait \u00e9tape \u00e0 plusieurs endroits. \u00c0 Bordeaux, il visita notamment le Ch\u00e2teau Margaux o\u00f9 l\u2019on appr\u00e9cia ses connaissances approfondies en mati\u00e8re de vin. Pour le d\u00eener officiel \u00e0 Paris, il apporta six bouteilles de vin de glace de sa cave personnelle. \u00ab Monsieur le G\u00e9n\u00e9ral, vous devez go\u00fbter ce vin \u00bb, dit-il \u00e0 de Gaulle, prenant la bouteille des mains du sommelier pour en verser lui-m\u00eame un verre au pr\u00e9sident.<\/p>\n<p>&nbsp;<\/p>\n<h2><strong>Les vignerons mosellans vivent plus longtemps<\/strong><\/h2>\n<p>Ce sont ces petits gestes \u2013 une transgression du protocole \u00e0 la fois cibl\u00e9e et parfaitement dos\u00e9e \u2013 que les gens remarquent et racontent ensuite. Ils restent grav\u00e9s dans les esprits et exercent leur effet bien au-del\u00e0 de l\u2019instant. Et pour ce qui est de cela, Adenauer avait l\u2019art et la mani\u00e8re. Son \u00ab\u00a0arme\u00a0\u00bb favorite\u00a0: le <em>M\u00f6selchen<\/em> ainsi qu\u2019il appelait le Riesling de Moselle.<\/p>\n<p>&nbsp;<\/p>\n<figure id=\"attachment_31168\" aria-describedby=\"caption-attachment-31168\" style=\"width: 1024px\" class=\"wp-caption aligncenter\"><img decoding=\"async\" class=\"wp-image-31168\" src=\"https:\/\/dokdoc.eu\/wp-content\/uploads\/2025\/09\/3_HHE1ED-300x197.jpg\" alt=\"Vue sur les vignobles de la vall\u00e9e de la Moselle, Bernkastel-Kues, Rh\u00e9nanie-Palatinat (Copyright: Alamy)\" width=\"1024\" height=\"674\" srcset=\"https:\/\/dokdoc.eu\/wp-content\/uploads\/2025\/09\/3_HHE1ED-300x197.jpg 300w, https:\/\/dokdoc.eu\/wp-content\/uploads\/2025\/09\/3_HHE1ED-1024x674.jpg 1024w, https:\/\/dokdoc.eu\/wp-content\/uploads\/2025\/09\/3_HHE1ED-768x505.jpg 768w, https:\/\/dokdoc.eu\/wp-content\/uploads\/2025\/09\/3_HHE1ED-1536x1011.jpg 1536w, https:\/\/dokdoc.eu\/wp-content\/uploads\/2025\/09\/3_HHE1ED-2048x1348.jpg 2048w\" sizes=\"(max-width: 1024px) 100vw, 1024px\" \/><figcaption id=\"caption-attachment-31168\" class=\"wp-caption-text\">Vue sur les vignobles de la vall\u00e9e de la Moselle, Bernkastel-Kues, Rh\u00e9nanie-Palatinat (Copyright: Alamy)<\/figcaption><\/figure>\n<p>&nbsp;<\/p>\n<p>Quiconque parcourt les factures et inventaires de la maison Adenauer s\u2019en rendra vite compte : le chancelier \u00e9tait un grand amateur du <em>M\u00f6selchen<\/em>. Le journaliste de Bonn Walter Henkels rapporta qu\u2019Adenauer lui aurait dit un jour : \u00ab Un M\u00f6selchen stimule l\u2019app\u00e9tit, vivifie le sentiment de vie, favorise l\u2019activit\u00e9 intellectuelle, procure du bien-\u00eatre et met le m\u00e9tabolisme en mouvement. \u00bb Et lorsqu\u2019un m\u00e9decin conseilla \u00e0 un amateur de vins de la Moselle de ralentir sa consommation du fait de ses valeurs h\u00e9patiques et r\u00e9nales, Adenauer aurait r\u00e9pondu sobrement : \u00ab Qu\u2019il regarde donc l\u2019\u00e2ge de son chancelier f\u00e9d\u00e9ral \u2013 et d\u2019ailleurs : il y a plus de vieux vignerons de la Moselle que de vieux m\u00e9decins.\u00a0\u00bb<\/p>\n<p>&nbsp;<\/p>\n<p style=\"text-align: right;\"><em>Ce texte a \u00e9t\u00e9 publi\u00e9 pour la premi\u00e8re fois dans le magazine <\/em><a href=\"https:\/\/www.falstaff.com\/de\"><em>falstaff<\/em><\/a><em> du mois de mai 2025. Il est \u00e9galement accessible en ligne et <\/em><a href=\"https:\/\/www.falstaff.com\/de\/news\/diplomatie-mit-moeselchen-konrad-adenauer-und-der-wein?searchTerm=kontakt\"><em>en version int\u00e9grale<\/em><\/a><em>.\u00a0\u00a0 <\/em><\/p>\n<p><em>\u00a0<\/em><\/p>\n<h2><strong>L\u2019auteure<\/strong><\/h2>\n<figure id=\"attachment_31170\" aria-describedby=\"caption-attachment-31170\" style=\"width: 300px\" class=\"wp-caption alignleft\"><img loading=\"lazy\" decoding=\"async\" class=\"size-medium wp-image-31170\" src=\"https:\/\/dokdoc.eu\/wp-content\/uploads\/2025\/09\/4_RomanaEchenspergerLH-001_1-300x300.webp\" alt=\"Romana Echensperger (Copyright: falstaff)\" width=\"300\" height=\"300\" srcset=\"https:\/\/dokdoc.eu\/wp-content\/uploads\/2025\/09\/4_RomanaEchenspergerLH-001_1-300x300.webp 300w, https:\/\/dokdoc.eu\/wp-content\/uploads\/2025\/09\/4_RomanaEchenspergerLH-001_1-150x150.webp 150w, https:\/\/dokdoc.eu\/wp-content\/uploads\/2025\/09\/4_RomanaEchenspergerLH-001_1-96x96.webp 96w, https:\/\/dokdoc.eu\/wp-content\/uploads\/2025\/09\/4_RomanaEchenspergerLH-001_1.webp 400w\" sizes=\"(max-width: 300px) 100vw, 300px\" \/><figcaption id=\"caption-attachment-31170\" class=\"wp-caption-text\">Romana Echensperger (Copyright: falstaff)<\/figcaption><\/figure>\n<p><em>Romana Echensperger a travaill\u00e9 pendant plus de dix ans comme chef sommeli\u00e8re dans la haute gastronomie allemande. Elle a notamment \u00e9t\u00e9 chef sommeli\u00e8re au restaurant \u00ab Vend\u00f4me \u00bb pr\u00e8s de Bergisch Gladbach, distingu\u00e9 de trois \u00e9toiles au Guide Michelin. En 2015, elle a r\u00e9ussi les examens de Master of Wine \u00e0 Londres. Dans le monde, seules 421 personnes peuvent porter ce titre prestigieux. Romana Echensperger est ind\u00e9pendante et active dans de nombreux domaines du secteur viticole. Depuis octobre 2024, elle est membre de l\u2019\u00e9quipe de la r\u00e9daction en chef de falstaff.<\/em><\/p>\n<p>&nbsp;<\/p>\n<h2><\/h2>\n","protected":false},"excerpt":{"rendered":"<p>Adenauer \u00e9tait un grand amateur de vin. Au cours des quatorze ann\u00e9es qu&rsquo;il passa \u00e0 la chancellerie, il n&rsquo;h\u00e9sita pas \u00e0 faire usage de cette \u00ab arme \u00bb pour s\u00e9duire ses interlocuteurs et arriver \u00e0 ses fins.<\/p>\n","protected":false},"author":1,"featured_media":31164,"comment_status":"closed","ping_status":"closed","sticky":false,"template":"","format":"standard","meta":{"om_disable_all_campaigns":false,"_monsterinsights_skip_tracking":false,"_monsterinsights_sitenote_active":false,"_monsterinsights_sitenote_note":"","_monsterinsights_sitenote_category":0,"_uf_show_specific_survey":0,"_uf_disable_surveys":false,"footnotes":""},"categories":[117],"tags":[],"ppma_author":[2751],"class_list":["post-31163","post","type-post","status-publish","format-standard","has-post-thumbnail","hentry","category-politique-fr-3"],"yoast_head":"<!-- This site is optimized with the Yoast SEO plugin v27.5 - https:\/\/yoast.com\/product\/yoast-seo-wordpress\/ -->\n<title>Le go\u00fbt du pouvoir et du vin - dokdoc.eu<\/title>\n<meta name=\"robots\" content=\"index, follow, max-snippet:-1, max-image-preview:large, max-video-preview:-1\" \/>\n<link rel=\"canonical\" href=\"https:\/\/dokdoc.eu\/fr\/2025\/09\/25\/le-gout-du-pouvoir-et-du-vin\/\" \/>\n<meta property=\"og:locale\" content=\"fr_FR\" \/>\n<meta property=\"og:type\" content=\"article\" \/>\n<meta property=\"og:title\" content=\"Le go\u00fbt du pouvoir et du vin - dokdoc.eu\" \/>\n<meta property=\"og:description\" content=\"Adenauer \u00e9tait un grand amateur de vin. Au cours des quatorze ann\u00e9es qu&rsquo;il passa \u00e0 la chancellerie, il n&rsquo;h\u00e9sita pas \u00e0 faire usage de cette \u00ab arme \u00bb pour s\u00e9duire ses interlocuteurs et arriver \u00e0 ses fins.\" \/>\n<meta property=\"og:url\" content=\"https:\/\/dokdoc.eu\/fr\/2025\/09\/25\/le-gout-du-pouvoir-et-du-vin\/\" \/>\n<meta property=\"og:site_name\" content=\"dokdoc.eu\" \/>\n<meta property=\"article:published_time\" content=\"2025-09-25T08:00:20+00:00\" \/>\n<meta property=\"og:image\" content=\"https:\/\/dokdoc.eu\/wp-content\/uploads\/2025\/09\/1_2AGTD52-scaled.jpg\" \/>\n\t<meta property=\"og:image:width\" content=\"2560\" \/>\n\t<meta property=\"og:image:height\" content=\"1606\" \/>\n\t<meta property=\"og:image:type\" content=\"image\/jpeg\" \/>\n<meta name=\"author\" content=\"Romana Echensperger\" \/>\n<meta name=\"twitter:card\" content=\"summary_large_image\" \/>\n<meta name=\"twitter:label1\" content=\"\u00c9crit par\" \/>\n\t<meta name=\"twitter:data1\" content=\"RochowMedienagentur\" \/>\n\t<meta name=\"twitter:label2\" content=\"Dur\u00e9e de lecture estim\u00e9e\" \/>\n\t<meta name=\"twitter:data2\" content=\"8 minutes\" \/>\n<script type=\"application\/ld+json\" class=\"yoast-schema-graph\">{\"@context\":\"https:\\\/\\\/schema.org\",\"@graph\":[{\"@type\":\"Article\",\"@id\":\"https:\\\/\\\/dokdoc.eu\\\/fr\\\/2025\\\/09\\\/25\\\/le-gout-du-pouvoir-et-du-vin\\\/#article\",\"isPartOf\":{\"@id\":\"https:\\\/\\\/dokdoc.eu\\\/fr\\\/2025\\\/09\\\/25\\\/le-gout-du-pouvoir-et-du-vin\\\/\"},\"author\":{\"name\":\"RochowMedienagentur\",\"@id\":\"https:\\\/\\\/dokdoc.eu\\\/fr\\\/#\\\/schema\\\/person\\\/d760e6e53df901fd9522f1d3a1e46621\"},\"headline\":\"Le go\u00fbt du pouvoir et du vin\",\"datePublished\":\"2025-09-25T08:00:20+00:00\",\"mainEntityOfPage\":{\"@id\":\"https:\\\/\\\/dokdoc.eu\\\/fr\\\/2025\\\/09\\\/25\\\/le-gout-du-pouvoir-et-du-vin\\\/\"},\"wordCount\":1324,\"publisher\":{\"@id\":\"https:\\\/\\\/dokdoc.eu\\\/fr\\\/#organization\"},\"image\":{\"@id\":\"https:\\\/\\\/dokdoc.eu\\\/fr\\\/2025\\\/09\\\/25\\\/le-gout-du-pouvoir-et-du-vin\\\/#primaryimage\"},\"thumbnailUrl\":\"https:\\\/\\\/dokdoc.eu\\\/wp-content\\\/uploads\\\/2025\\\/09\\\/1_2AGTD52-scaled.jpg\",\"articleSection\":[\"Politique\"],\"inLanguage\":\"fr-FR\"},{\"@type\":\"WebPage\",\"@id\":\"https:\\\/\\\/dokdoc.eu\\\/fr\\\/2025\\\/09\\\/25\\\/le-gout-du-pouvoir-et-du-vin\\\/\",\"url\":\"https:\\\/\\\/dokdoc.eu\\\/fr\\\/2025\\\/09\\\/25\\\/le-gout-du-pouvoir-et-du-vin\\\/\",\"name\":\"Le go\u00fbt du pouvoir et du vin - dokdoc.eu\",\"isPartOf\":{\"@id\":\"https:\\\/\\\/dokdoc.eu\\\/fr\\\/#website\"},\"primaryImageOfPage\":{\"@id\":\"https:\\\/\\\/dokdoc.eu\\\/fr\\\/2025\\\/09\\\/25\\\/le-gout-du-pouvoir-et-du-vin\\\/#primaryimage\"},\"image\":{\"@id\":\"https:\\\/\\\/dokdoc.eu\\\/fr\\\/2025\\\/09\\\/25\\\/le-gout-du-pouvoir-et-du-vin\\\/#primaryimage\"},\"thumbnailUrl\":\"https:\\\/\\\/dokdoc.eu\\\/wp-content\\\/uploads\\\/2025\\\/09\\\/1_2AGTD52-scaled.jpg\",\"datePublished\":\"2025-09-25T08:00:20+00:00\",\"breadcrumb\":{\"@id\":\"https:\\\/\\\/dokdoc.eu\\\/fr\\\/2025\\\/09\\\/25\\\/le-gout-du-pouvoir-et-du-vin\\\/#breadcrumb\"},\"inLanguage\":\"fr-FR\",\"potentialAction\":[{\"@type\":\"ReadAction\",\"target\":[\"https:\\\/\\\/dokdoc.eu\\\/fr\\\/2025\\\/09\\\/25\\\/le-gout-du-pouvoir-et-du-vin\\\/\"]}]},{\"@type\":\"ImageObject\",\"inLanguage\":\"fr-FR\",\"@id\":\"https:\\\/\\\/dokdoc.eu\\\/fr\\\/2025\\\/09\\\/25\\\/le-gout-du-pouvoir-et-du-vin\\\/#primaryimage\",\"url\":\"https:\\\/\\\/dokdoc.eu\\\/wp-content\\\/uploads\\\/2025\\\/09\\\/1_2AGTD52-scaled.jpg\",\"contentUrl\":\"https:\\\/\\\/dokdoc.eu\\\/wp-content\\\/uploads\\\/2025\\\/09\\\/1_2AGTD52-scaled.jpg\",\"width\":2560,\"height\":1606,\"caption\":\"Konrad Adenauer, Heinrich von Brentano et le ministre italien des Affaires \u00e9trang\u00e8res Gaetano Martino, Rome, s.d. (Copyright: Alamy)\"},{\"@type\":\"BreadcrumbList\",\"@id\":\"https:\\\/\\\/dokdoc.eu\\\/fr\\\/2025\\\/09\\\/25\\\/le-gout-du-pouvoir-et-du-vin\\\/#breadcrumb\",\"itemListElement\":[{\"@type\":\"ListItem\",\"position\":1,\"name\":\"Startseite\",\"item\":\"https:\\\/\\\/dokdoc.eu\\\/fr\\\/\"},{\"@type\":\"ListItem\",\"position\":2,\"name\":\"Le go\u00fbt du pouvoir et du vin\"}]},{\"@type\":\"WebSite\",\"@id\":\"https:\\\/\\\/dokdoc.eu\\\/fr\\\/#website\",\"url\":\"https:\\\/\\\/dokdoc.eu\\\/fr\\\/\",\"name\":\"dokdoc.eu\",\"description\":\"\",\"publisher\":{\"@id\":\"https:\\\/\\\/dokdoc.eu\\\/fr\\\/#organization\"},\"potentialAction\":[{\"@type\":\"SearchAction\",\"target\":{\"@type\":\"EntryPoint\",\"urlTemplate\":\"https:\\\/\\\/dokdoc.eu\\\/fr\\\/?s={search_term_string}\"},\"query-input\":{\"@type\":\"PropertyValueSpecification\",\"valueRequired\":true,\"valueName\":\"search_term_string\"}}],\"inLanguage\":\"fr-FR\"},{\"@type\":\"Organization\",\"@id\":\"https:\\\/\\\/dokdoc.eu\\\/fr\\\/#organization\",\"name\":\"dokdoc.eu\",\"url\":\"https:\\\/\\\/dokdoc.eu\\\/fr\\\/\",\"logo\":{\"@type\":\"ImageObject\",\"inLanguage\":\"fr-FR\",\"@id\":\"https:\\\/\\\/dokdoc.eu\\\/fr\\\/#\\\/schema\\\/logo\\\/image\\\/\",\"url\":\"https:\\\/\\\/dokdoc.eu\\\/wp-content\\\/uploads\\\/2019\\\/08\\\/cropped-logo_dokdoc-e1720795013301.png\",\"contentUrl\":\"https:\\\/\\\/dokdoc.eu\\\/wp-content\\\/uploads\\\/2019\\\/08\\\/cropped-logo_dokdoc-e1720795013301.png\",\"width\":150,\"height\":110,\"caption\":\"dokdoc.eu\"},\"image\":{\"@id\":\"https:\\\/\\\/dokdoc.eu\\\/fr\\\/#\\\/schema\\\/logo\\\/image\\\/\"}},{\"@type\":\"Person\",\"@id\":\"https:\\\/\\\/dokdoc.eu\\\/fr\\\/#\\\/schema\\\/person\\\/d760e6e53df901fd9522f1d3a1e46621\",\"name\":\"RochowMedienagentur\",\"image\":{\"@type\":\"ImageObject\",\"inLanguage\":\"fr-FR\",\"@id\":\"https:\\\/\\\/dokdoc.eu\\\/wp-content\\\/uploads\\\/2019\\\/08\\\/cropped-logo_dokdoc-e1720795013301.png830075fd1c1a1f70247b47fa84cf0f00\",\"url\":\"https:\\\/\\\/dokdoc.eu\\\/wp-content\\\/uploads\\\/2019\\\/08\\\/cropped-logo_dokdoc-e1720795013301.png\",\"contentUrl\":\"https:\\\/\\\/dokdoc.eu\\\/wp-content\\\/uploads\\\/2019\\\/08\\\/cropped-logo_dokdoc-e1720795013301.png\",\"caption\":\"RochowMedienagentur\"},\"sameAs\":[\"https:\\\/\\\/dokdoc.eu\"],\"url\":\"https:\\\/\\\/dokdoc.eu\\\/fr\\\/author\\\/rochowmedienagentur\\\/\"}]}<\/script>\n<!-- \/ Yoast SEO plugin. -->","yoast_head_json":{"title":"Le go\u00fbt du pouvoir et du vin - dokdoc.eu","robots":{"index":"index","follow":"follow","max-snippet":"max-snippet:-1","max-image-preview":"max-image-preview:large","max-video-preview":"max-video-preview:-1"},"canonical":"https:\/\/dokdoc.eu\/fr\/2025\/09\/25\/le-gout-du-pouvoir-et-du-vin\/","og_locale":"fr_FR","og_type":"article","og_title":"Le go\u00fbt du pouvoir et du vin - dokdoc.eu","og_description":"Adenauer \u00e9tait un grand amateur de vin. Au cours des quatorze ann\u00e9es qu&rsquo;il passa \u00e0 la chancellerie, il n&rsquo;h\u00e9sita pas \u00e0 faire usage de cette \u00ab arme \u00bb pour s\u00e9duire ses interlocuteurs et arriver \u00e0 ses fins.","og_url":"https:\/\/dokdoc.eu\/fr\/2025\/09\/25\/le-gout-du-pouvoir-et-du-vin\/","og_site_name":"dokdoc.eu","article_published_time":"2025-09-25T08:00:20+00:00","og_image":[{"width":2560,"height":1606,"url":"https:\/\/dokdoc.eu\/wp-content\/uploads\/2025\/09\/1_2AGTD52-scaled.jpg","type":"image\/jpeg"}],"author":"Romana Echensperger","twitter_card":"summary_large_image","twitter_misc":{"\u00c9crit par":"RochowMedienagentur","Dur\u00e9e de lecture estim\u00e9e":"8 minutes"},"schema":{"@context":"https:\/\/schema.org","@graph":[{"@type":"Article","@id":"https:\/\/dokdoc.eu\/fr\/2025\/09\/25\/le-gout-du-pouvoir-et-du-vin\/#article","isPartOf":{"@id":"https:\/\/dokdoc.eu\/fr\/2025\/09\/25\/le-gout-du-pouvoir-et-du-vin\/"},"author":{"name":"RochowMedienagentur","@id":"https:\/\/dokdoc.eu\/fr\/#\/schema\/person\/d760e6e53df901fd9522f1d3a1e46621"},"headline":"Le go\u00fbt du pouvoir et du vin","datePublished":"2025-09-25T08:00:20+00:00","mainEntityOfPage":{"@id":"https:\/\/dokdoc.eu\/fr\/2025\/09\/25\/le-gout-du-pouvoir-et-du-vin\/"},"wordCount":1324,"publisher":{"@id":"https:\/\/dokdoc.eu\/fr\/#organization"},"image":{"@id":"https:\/\/dokdoc.eu\/fr\/2025\/09\/25\/le-gout-du-pouvoir-et-du-vin\/#primaryimage"},"thumbnailUrl":"https:\/\/dokdoc.eu\/wp-content\/uploads\/2025\/09\/1_2AGTD52-scaled.jpg","articleSection":["Politique"],"inLanguage":"fr-FR"},{"@type":"WebPage","@id":"https:\/\/dokdoc.eu\/fr\/2025\/09\/25\/le-gout-du-pouvoir-et-du-vin\/","url":"https:\/\/dokdoc.eu\/fr\/2025\/09\/25\/le-gout-du-pouvoir-et-du-vin\/","name":"Le go\u00fbt du pouvoir et du vin - dokdoc.eu","isPartOf":{"@id":"https:\/\/dokdoc.eu\/fr\/#website"},"primaryImageOfPage":{"@id":"https:\/\/dokdoc.eu\/fr\/2025\/09\/25\/le-gout-du-pouvoir-et-du-vin\/#primaryimage"},"image":{"@id":"https:\/\/dokdoc.eu\/fr\/2025\/09\/25\/le-gout-du-pouvoir-et-du-vin\/#primaryimage"},"thumbnailUrl":"https:\/\/dokdoc.eu\/wp-content\/uploads\/2025\/09\/1_2AGTD52-scaled.jpg","datePublished":"2025-09-25T08:00:20+00:00","breadcrumb":{"@id":"https:\/\/dokdoc.eu\/fr\/2025\/09\/25\/le-gout-du-pouvoir-et-du-vin\/#breadcrumb"},"inLanguage":"fr-FR","potentialAction":[{"@type":"ReadAction","target":["https:\/\/dokdoc.eu\/fr\/2025\/09\/25\/le-gout-du-pouvoir-et-du-vin\/"]}]},{"@type":"ImageObject","inLanguage":"fr-FR","@id":"https:\/\/dokdoc.eu\/fr\/2025\/09\/25\/le-gout-du-pouvoir-et-du-vin\/#primaryimage","url":"https:\/\/dokdoc.eu\/wp-content\/uploads\/2025\/09\/1_2AGTD52-scaled.jpg","contentUrl":"https:\/\/dokdoc.eu\/wp-content\/uploads\/2025\/09\/1_2AGTD52-scaled.jpg","width":2560,"height":1606,"caption":"Konrad Adenauer, Heinrich von Brentano et le ministre italien des Affaires \u00e9trang\u00e8res Gaetano Martino, Rome, s.d. (Copyright: Alamy)"},{"@type":"BreadcrumbList","@id":"https:\/\/dokdoc.eu\/fr\/2025\/09\/25\/le-gout-du-pouvoir-et-du-vin\/#breadcrumb","itemListElement":[{"@type":"ListItem","position":1,"name":"Startseite","item":"https:\/\/dokdoc.eu\/fr\/"},{"@type":"ListItem","position":2,"name":"Le go\u00fbt du pouvoir et du vin"}]},{"@type":"WebSite","@id":"https:\/\/dokdoc.eu\/fr\/#website","url":"https:\/\/dokdoc.eu\/fr\/","name":"dokdoc.eu","description":"","publisher":{"@id":"https:\/\/dokdoc.eu\/fr\/#organization"},"potentialAction":[{"@type":"SearchAction","target":{"@type":"EntryPoint","urlTemplate":"https:\/\/dokdoc.eu\/fr\/?s={search_term_string}"},"query-input":{"@type":"PropertyValueSpecification","valueRequired":true,"valueName":"search_term_string"}}],"inLanguage":"fr-FR"},{"@type":"Organization","@id":"https:\/\/dokdoc.eu\/fr\/#organization","name":"dokdoc.eu","url":"https:\/\/dokdoc.eu\/fr\/","logo":{"@type":"ImageObject","inLanguage":"fr-FR","@id":"https:\/\/dokdoc.eu\/fr\/#\/schema\/logo\/image\/","url":"https:\/\/dokdoc.eu\/wp-content\/uploads\/2019\/08\/cropped-logo_dokdoc-e1720795013301.png","contentUrl":"https:\/\/dokdoc.eu\/wp-content\/uploads\/2019\/08\/cropped-logo_dokdoc-e1720795013301.png","width":150,"height":110,"caption":"dokdoc.eu"},"image":{"@id":"https:\/\/dokdoc.eu\/fr\/#\/schema\/logo\/image\/"}},{"@type":"Person","@id":"https:\/\/dokdoc.eu\/fr\/#\/schema\/person\/d760e6e53df901fd9522f1d3a1e46621","name":"RochowMedienagentur","image":{"@type":"ImageObject","inLanguage":"fr-FR","@id":"https:\/\/dokdoc.eu\/wp-content\/uploads\/2019\/08\/cropped-logo_dokdoc-e1720795013301.png830075fd1c1a1f70247b47fa84cf0f00","url":"https:\/\/dokdoc.eu\/wp-content\/uploads\/2019\/08\/cropped-logo_dokdoc-e1720795013301.png","contentUrl":"https:\/\/dokdoc.eu\/wp-content\/uploads\/2019\/08\/cropped-logo_dokdoc-e1720795013301.png","caption":"RochowMedienagentur"},"sameAs":["https:\/\/dokdoc.eu"],"url":"https:\/\/dokdoc.eu\/fr\/author\/rochowmedienagentur\/"}]}},"authors":[{"term_id":2751,"user_id":0,"is_guest":1,"slug":"romana-echensperger","display_name":"Romana Echensperger","avatar_url":{"url":"https:\/\/dokdoc.eu\/wp-content\/uploads\/2025\/09\/4_RomanaEchenspergerLH-001_1-klein.jpg","url2x":"https:\/\/dokdoc.eu\/wp-content\/uploads\/2025\/09\/4_RomanaEchenspergerLH-001_1-klein.jpg"},"0":null,"1":"","2":"","3":"","4":"","5":"","6":"","7":"","8":""}],"_links":{"self":[{"href":"https:\/\/dokdoc.eu\/fr\/wp-json\/wp\/v2\/posts\/31163","targetHints":{"allow":["GET"]}}],"collection":[{"href":"https:\/\/dokdoc.eu\/fr\/wp-json\/wp\/v2\/posts"}],"about":[{"href":"https:\/\/dokdoc.eu\/fr\/wp-json\/wp\/v2\/types\/post"}],"author":[{"embeddable":true,"href":"https:\/\/dokdoc.eu\/fr\/wp-json\/wp\/v2\/users\/1"}],"replies":[{"embeddable":true,"href":"https:\/\/dokdoc.eu\/fr\/wp-json\/wp\/v2\/comments?post=31163"}],"version-history":[{"count":1,"href":"https:\/\/dokdoc.eu\/fr\/wp-json\/wp\/v2\/posts\/31163\/revisions"}],"predecessor-version":[{"id":31174,"href":"https:\/\/dokdoc.eu\/fr\/wp-json\/wp\/v2\/posts\/31163\/revisions\/31174"}],"wp:featuredmedia":[{"embeddable":true,"href":"https:\/\/dokdoc.eu\/fr\/wp-json\/wp\/v2\/media\/31164"}],"wp:attachment":[{"href":"https:\/\/dokdoc.eu\/fr\/wp-json\/wp\/v2\/media?parent=31163"}],"wp:term":[{"taxonomy":"category","embeddable":true,"href":"https:\/\/dokdoc.eu\/fr\/wp-json\/wp\/v2\/categories?post=31163"},{"taxonomy":"post_tag","embeddable":true,"href":"https:\/\/dokdoc.eu\/fr\/wp-json\/wp\/v2\/tags?post=31163"},{"taxonomy":"author","embeddable":true,"href":"https:\/\/dokdoc.eu\/fr\/wp-json\/wp\/v2\/ppma_author?post=31163"}],"curies":[{"name":"wp","href":"https:\/\/api.w.org\/{rel}","templated":true}]}}