{"id":31836,"date":"2026-01-05T23:43:34","date_gmt":"2026-01-05T22:43:34","guid":{"rendered":"https:\/\/dokdoc.eu\/?p=31836"},"modified":"2026-01-05T23:45:41","modified_gmt":"2026-01-05T22:45:41","slug":"entre-humour-malentendus-et-memoire","status":"publish","type":"post","link":"https:\/\/dokdoc.eu\/fr\/2026\/01\/05\/entre-humour-malentendus-et-memoire\/","title":{"rendered":"Entre humour, malentendus et m\u00e9moire"},"content":{"rendered":"<figure id=\"attachment_31837\" aria-describedby=\"caption-attachment-31837\" style=\"width: 1024px\" class=\"wp-caption aligncenter\"><img fetchpriority=\"high\" decoding=\"async\" class=\"wp-image-31837\" src=\"https:\/\/dokdoc.eu\/wp-content\/uploads\/2026\/01\/1_Plaque_Place_Chancelier_Adenauer_-_Paris_XVI_FR75_-_2024-11-16_-_2-300x225.jpg\" alt=\"Place Ad\u00e9nauer (!) dans le 16\u00e8me arrondissement \u00e0 Paris (Copyright : Wikimedia Commons)\" width=\"1024\" height=\"768\" srcset=\"https:\/\/dokdoc.eu\/wp-content\/uploads\/2026\/01\/1_Plaque_Place_Chancelier_Adenauer_-_Paris_XVI_FR75_-_2024-11-16_-_2-300x225.jpg 300w, https:\/\/dokdoc.eu\/wp-content\/uploads\/2026\/01\/1_Plaque_Place_Chancelier_Adenauer_-_Paris_XVI_FR75_-_2024-11-16_-_2-1024x768.jpg 1024w, https:\/\/dokdoc.eu\/wp-content\/uploads\/2026\/01\/1_Plaque_Place_Chancelier_Adenauer_-_Paris_XVI_FR75_-_2024-11-16_-_2-768x576.jpg 768w, https:\/\/dokdoc.eu\/wp-content\/uploads\/2026\/01\/1_Plaque_Place_Chancelier_Adenauer_-_Paris_XVI_FR75_-_2024-11-16_-_2-1536x1152.jpg 1536w, https:\/\/dokdoc.eu\/wp-content\/uploads\/2026\/01\/1_Plaque_Place_Chancelier_Adenauer_-_Paris_XVI_FR75_-_2024-11-16_-_2-2048x1536.jpg 2048w\" sizes=\"(max-width: 1024px) 100vw, 1024px\" \/><figcaption id=\"caption-attachment-31837\" class=\"wp-caption-text\">Place Ad\u00e9nauer (!) dans le 16\u00e8me arrondissement \u00e0 Paris (Copyright : Wikimedia Commons)<\/figcaption><\/figure>\n<p><strong>De nombreux hommages sont pr\u00e9vus \u00e0 l\u2019occasion du 150<sup>\u00e8me<\/sup> anniversaire de Konrad Adenauer, le 5 janvier 2026. L\u2019occasion de revenir sur les relations que le chancelier entretenait avec la France, les Fran\u00e7ais, la langue fran\u00e7aise \u2013 et l\u2019humour.<\/strong><!--more--><\/p>\n<p>&nbsp;<\/p>\n<p>Durant les seize ann\u00e9es pass\u00e9es \u00e0 la mairie de Cologne entre 1917 et 1933 \u2013 auxquelles s\u2019ajout\u00e8rent cinq mois apr\u00e8s la d\u00e9faite de l\u2019Allemagne nazie \u2013 puis les quatorze autres qu\u2019il passa \u00e0 la chancellerie f\u00e9d\u00e9rale (1949-1963), Adenauer d\u00e9montra \u00e0 maintes reprises son sens de l\u2019humour et de l\u2019ironie. Les journalistes, et tout particuli\u00e8rement les <a href=\"https:\/\/www.dfi.de\/ueber-uns\/frankreich-bibliothek\">caricaturistes<\/a>, ont su exploiter \u00e0 souhait ce filon. D\u00e9j\u00e0 en sa qualit\u00e9 de bourgmestre, il n\u2019\u00e9pargnait aucun de ses interlocuteurs avec ses subtiles r\u00e9parties. Interrompu un jour par un Bavarois qui lui avait fait remarquer ne pas \u00eatre venu s\u2019entretenir avec lui, Adenauer r\u00e9pondit : \u00ab Ce n\u2019est pas n\u00e9cessaire, messieurs, il me suffit que vous disiez oui \u00bb. \u00c0 un collaborateur se plaignant d\u2019avoir tout essay\u00e9 pour surmonter ses insomnies, il r\u00e9pondit : \u00ab Essayez donc de travailler \u00bb. M\u00eame ses amis politiques perdaient parfois patience. \u00ab Je sais ce que vous voulez dire \u00bb, s\u2019exclama un jour un d\u00e9put\u00e9 de la CDU pour aider le chancelier qui, h\u00e9sitant, avait du mal \u00e0 trouver ses mots. Adenauer, nullement troubl\u00e9, lui r\u00e9pondit : \u00ab Bizarre. Je sais seulement ce que je pense en ce moment. Quant \u00e0 savoir si ce que je pense, je vais le dire, je ne le sais pas encore. \u00bb Ces bons mots sont aujourd\u2019hui encore souvent cit\u00e9s et permettent parfois de sortir de certaines impasses : \u00ab\u00a0Prenez les gens comme ils sont \u00bb, disait-il, \u00ab il n\u2019y en a pas d\u2019autres \u00bb.<\/p>\n<p>&nbsp;<\/p>\n<h2><strong>Entre plume et c\u0153ur<\/strong><\/h2>\n<p>Dans <a href=\"https:\/\/www.zeit.de\/2006\/08\/I__1949__44_Adenauerinterview\">un des num\u00e9ros<\/a> publi\u00e9s en 2006 \u00e0 l\u2019occasion du 60<sup>\u00e8me<\/sup> anniversaire de sa fondation, l\u2019hebdomadaire <em>Die Zeit<\/em> raconta une anecdote savoureuse de l\u2019un de ses journalistes de la premi\u00e8re heure, Ernst Friedlaender. En 1949, celui-ci avait tent\u00e9 d\u2019interviewer le chancelier. Ne disposant pas de suffisamment de temps pour une entrevue compl\u00e8te, Adenauer lui permit n\u00e9anmoins de s\u2019asseoir \u00e0 son bureau et de noter quelques questions. Friedlaender r\u00e9digea \u00e9galement les r\u00e9ponses qu\u2019il pensait que le chancelier pourrait donner. Dans l\u2019\u00e9dition du 3 novembre 1949, Adenauer, sous la plume de Friedlaender, se dit ainsi \u00ab convaincu que l\u2019\u00e9lan du mouvement europ\u00e9en (allait) faire progresser la compr\u00e9hension franco-allemande \u00bb. Il ajouta : \u00ab\u00a0Je suis persuad\u00e9 qu\u2019avec de la bonne volont\u00e9 de part et d\u2019autre, une juste mesure sera trouv\u00e9e dans les questions de s\u00e9curit\u00e9 ; et lorsqu\u2019on l\u2019aura trouv\u00e9e, une \u00e9poque nouvelle et meilleure d\u00e9butera pour les relations entre les deux pays. \u00bb<\/p>\n<p>&nbsp;<\/p>\n<figure id=\"attachment_31839\" aria-describedby=\"caption-attachment-31839\" style=\"width: 1024px\" class=\"wp-caption aligncenter\"><img decoding=\"async\" class=\"wp-image-31839\" src=\"https:\/\/dokdoc.eu\/wp-content\/uploads\/2026\/01\/2_StBKAH_Roland-Breitschuh-300x200.jpg\" alt=\"La Croix de guerre \u00ab offerte \u00bb au chancelier Adenauer en avril 1951(Copyright : Roland Breitschuh\/Stiftung Bundeskanzler-Adenauer-Haus)\" width=\"1024\" height=\"682\" srcset=\"https:\/\/dokdoc.eu\/wp-content\/uploads\/2026\/01\/2_StBKAH_Roland-Breitschuh-300x200.jpg 300w, https:\/\/dokdoc.eu\/wp-content\/uploads\/2026\/01\/2_StBKAH_Roland-Breitschuh-1024x682.jpg 1024w, https:\/\/dokdoc.eu\/wp-content\/uploads\/2026\/01\/2_StBKAH_Roland-Breitschuh-768x511.jpg 768w, https:\/\/dokdoc.eu\/wp-content\/uploads\/2026\/01\/2_StBKAH_Roland-Breitschuh-1536x1022.jpg 1536w, https:\/\/dokdoc.eu\/wp-content\/uploads\/2026\/01\/2_StBKAH_Roland-Breitschuh-2048x1363.jpg 2048w\" sizes=\"(max-width: 1024px) 100vw, 1024px\" \/><figcaption id=\"caption-attachment-31839\" class=\"wp-caption-text\">La Croix de guerre \u00ab offerte \u00bb au chancelier Adenauer en avril 1951(Copyright : Roland Breitschuh\/Stiftung Bundeskanzler-Adenauer-Haus)<\/figcaption><\/figure>\n<p>&nbsp;<\/p>\n<p>En avril 1951, alors qu\u2019il venait signer \u00e0 Paris l\u2019accord de fondation de la CECA, une \u00e9tudiante fran\u00e7aise avait laiss\u00e9 dans l\u2019h\u00f4tel o\u00f9 le chancelier r\u00e9sidait un bref message ainsi que la Croix de guerre qui avait \u00e9t\u00e9 d\u00e9cern\u00e9e \u00e0 son p\u00e8re pendant la Premi\u00e8re Guerre mondiale. \u00ab Un geste simple porteur d\u2019espoir en faveur d\u2019une v\u00e9ritable r\u00e9conciliation entre ces deux peuples qui ont tant souffert \u00bb, avait-elle \u00e9crit. Touch\u00e9, Adenauer conserva la m\u00e9daille dans le tiroir de son bureau jusqu\u2019\u00e0 sa mort. Elle est aujourd\u2019hui expos\u00e9e dans sa <a href=\"https:\/\/adenauerhaus.de\/besuch\/rhoendorf\">maison de Rh\u00f6ndorf<\/a>, au sud de Bonn.<\/p>\n<p>&nbsp;<\/p>\n<figure id=\"attachment_31841\" aria-describedby=\"caption-attachment-31841\" style=\"width: 1024px\" class=\"wp-caption aligncenter\"><img decoding=\"async\" class=\"wp-image-31841\" src=\"https:\/\/dokdoc.eu\/wp-content\/uploads\/2026\/01\/3_StBKAH_Erinnerungen-300x239.jpg\" alt=\"Extrait du manuscrit des m\u00e9moires de Konrad Adenauer (Copyright : Stiftung Bundeskanzler-Adenauer-Haus)\" width=\"1024\" height=\"817\" srcset=\"https:\/\/dokdoc.eu\/wp-content\/uploads\/2026\/01\/3_StBKAH_Erinnerungen-300x239.jpg 300w, https:\/\/dokdoc.eu\/wp-content\/uploads\/2026\/01\/3_StBKAH_Erinnerungen-1024x817.jpg 1024w, https:\/\/dokdoc.eu\/wp-content\/uploads\/2026\/01\/3_StBKAH_Erinnerungen-768x613.jpg 768w, https:\/\/dokdoc.eu\/wp-content\/uploads\/2026\/01\/3_StBKAH_Erinnerungen-1536x1226.jpg 1536w, https:\/\/dokdoc.eu\/wp-content\/uploads\/2026\/01\/3_StBKAH_Erinnerungen.jpg 1980w\" sizes=\"(max-width: 1024px) 100vw, 1024px\" \/><figcaption id=\"caption-attachment-31841\" class=\"wp-caption-text\">Extrait du manuscrit des m\u00e9moires de Konrad Adenauer (Copyright : Stiftung Bundeskanzler-Adenauer-Haus)<\/figcaption><\/figure>\n<p>&nbsp;<\/p>\n<h2><strong>Wie gehen Sie\u00a0?<\/strong><\/h2>\n<p>Dans une biographie parue en 2007, Sylvie Guillaume constate que le chancelier a souffert \u00ab d\u2019\u00eatre \u00e9tudi\u00e9 \u00e0 travers le prisme de la politique fran\u00e7aise et du couple de Gaulle-Adenauer \u00bb. L\u2019auteure apporte un regard nuanc\u00e9 sur Adenauer, m\u00e9fiant envers un pouvoir trop centralis\u00e9 et r\u00e9solument engag\u00e9 dans la construction europ\u00e9enne, par anticommunisme. Les t\u00e9moins de l\u2019\u00e9poque rapportent qu\u2019il avait pour habitude, lorsqu\u2019il prenait le train pour Berlin, de tirer les rideaux de la fen\u00eatre de son wagon d\u00e8s qu\u2019il avait pass\u00e9 le pont du Rhin, estimant \u00eatre d\u00e9j\u00e0 \u00e0 l\u2019Est. L\u2019historienne souhaite \u00e9galement corriger \u00ab une image r\u00e9ductrice qui masque la r\u00e9alit\u00e9 en faisant d\u00e9buter l\u2019amiti\u00e9 franco-allemande en 1963 \u00bb. En r\u00e9alit\u00e9, le rapprochement a commenc\u00e9 bien plus t\u00f4t. Si l\u2019on cite souvent les rencontres entre de Gaulle et Adenauer pour souligner l\u2019ambition des deux hommes, \u00ab la vision pourrait \u00eatre r\u00e9\u00e9quilibr\u00e9e par les faits qui le pr\u00e9c\u00e8dent sous la Quatri\u00e8me R\u00e9publique, qui n\u2019ont cependant pas la m\u00eame charge symbolique \u00bb. Les premiers pas furent en effet accomplis d\u00e8s octobre 1954, lors de la rencontre de La Celle-Saint-Cloud entre le premier ministre Pierre Mend\u00e8s France et Konrad Adenauer.<\/p>\n<p>&nbsp;<\/p>\n<figure id=\"attachment_31843\" aria-describedby=\"caption-attachment-31843\" style=\"width: 1024px\" class=\"wp-caption aligncenter\"><img loading=\"lazy\" decoding=\"async\" class=\"wp-image-31843\" src=\"https:\/\/dokdoc.eu\/wp-content\/uploads\/2026\/01\/4_Baden-Baden-_Kurhaus_Mendes_France_und_Adenauer_beim_Schlusskommunique_-_LABW_-_Staatsarchiv_Freiburg_W_134_Nr._039755a-300x194.jpeg\" alt=\"Pierre Mend\u00e8s France et Konrad Adenauer \u00e0 Baden-Baden le 15 janvier 1955 (Copyright : Wikimedia Commons)\" width=\"1024\" height=\"664\" srcset=\"https:\/\/dokdoc.eu\/wp-content\/uploads\/2026\/01\/4_Baden-Baden-_Kurhaus_Mendes_France_und_Adenauer_beim_Schlusskommunique_-_LABW_-_Staatsarchiv_Freiburg_W_134_Nr._039755a-300x194.jpeg 300w, https:\/\/dokdoc.eu\/wp-content\/uploads\/2026\/01\/4_Baden-Baden-_Kurhaus_Mendes_France_und_Adenauer_beim_Schlusskommunique_-_LABW_-_Staatsarchiv_Freiburg_W_134_Nr._039755a.jpeg 750w\" sizes=\"(max-width: 1024px) 100vw, 1024px\" \/><figcaption id=\"caption-attachment-31843\" class=\"wp-caption-text\">Pierre Mend\u00e8s France et Konrad Adenauer \u00e0 Baden-Baden le 15 janvier 1955 (Copyright : Wikimedia Commons)<\/figcaption><\/figure>\n<p>&nbsp;<\/p>\n<p>Cette rencontre, centr\u00e9e sur l\u2019\u00e9conomie \u2013 un th\u00e8me absent du trait\u00e9 de l\u2019\u00c9lys\u00e9e de 1963 \u2013 posa les bases des relations commerciales entre les deux pays et ouvrit une nouvelle phase des relations bilat\u00e9rales, couronn\u00e9e par le trait\u00e9 de 1963. Juste avant ce trait\u00e9, en juillet 1962, le voyage exceptionnellement long du chancelier \u00e0 Paris, fut ponctu\u00e9 d\u2019actes symboliques renfor\u00e7ant cette dynamique. La m\u00eame ann\u00e9e, le pr\u00e9sident fran\u00e7ais se rendit en Allemagne et fut accueilli \u00e0 sa descente d\u2019avion sur le tarmac de l\u2019a\u00e9roport de Cologne par Adenauer. Soucieux de montrer sa bonne volont\u00e9, le g\u00e9n\u00e9ral improvisa une formule de salutation en allemand : \u00ab Wie gehen Sie ? \u00bb On ignore si son entourage lui fit remarquer qu\u2019il avait demand\u00e9 en r\u00e9alit\u00e9 comment Adenauer marchait. Le chancelier sourit et r\u00e9pondit : \u00ab Zu Fu\u00df \u00bb \u2013 \u00e0 pied.<\/p>\n<p>&nbsp;<\/p>\n<h2><strong>Langue, malentendus et interpr\u00e8tes<\/strong><\/h2>\n<p>D\u00e8s sa jeunesse, Adenauer avait re\u00e7u un enseignement de fran\u00e7ais litt\u00e9raire. Son dipl\u00f4me de baccalaur\u00e9at (1894) comportait des remarques \u00e9logieuses sur ses connaissances grammaticales et la qualit\u00e9 de ses traductions. Sa biblioth\u00e8que de Rh\u00f6ndorf contient des ouvrages de La Fontaine et de Montesquieu. Ses comp\u00e9tences rest\u00e8rent toutefois modestes : suffisantes pour saluer des h\u00f4tes francophones ou lire un texte en fran\u00e7ais r\u00e9dig\u00e9 par ses collaborateurs, mais pas pour tenir une conversation spontan\u00e9e. Apr\u00e8s la signature du trait\u00e9 de l\u2019\u00c9lys\u00e9e, il accorda n\u00e9anmoins une interview en fran\u00e7ais \u00e0 Andr\u00e9 Ancian, correspondant d\u2019<em>Europe 1 <\/em>\u00e0 Bonn, en lisant un texte pr\u00e9-\u00e9crit.<\/p>\n<p>Un meilleur apprentissage du fran\u00e7ais aurait peut-\u00eatre \u00e9vit\u00e9 au chancelier une m\u00e9saventure qui aurait pu froisser le g\u00e9n\u00e9ral (1958). Paul Legoll, auteur de trois ouvrages consacr\u00e9s \u00e0 Adenauer, raconte que la visite du chancelier \u00e0 Colombey-les-Deux-\u00c9glises fut retard\u00e9e par l\u2019escorte allemande, qui, suivant le chemin des \u00e9coliers, se trompa et passa par\u2026Colombey-les-Belles (Meurthe-et-Moselle), \u00e0 une centaine de kilom\u00e8tres de la maison du g\u00e9n\u00e9ral, situ\u00e9e, elle, en Haute-Marne. Tout se passa n\u00e9anmoins tr\u00e8s bien. Un seul interpr\u00e8te, Jean Meyer, assista \u00e0 la rencontre, Paris promettant une copie de son compte rendu que la partie allemande ne re\u00e7ut du reste jamais, comme le r\u00e9v\u00e8le Paul Falkenburger (1923-2010) dans ses m\u00e9moires <em>Ich bin ein Berliner<\/em> (2006). Hermann Kusterer (1927-2020), au service des Affaires \u00e9trang\u00e8res \u00e0 Bonn, fut le premier interpr\u00e8te allemand \u00e0 traduire les \u00e9changes avec de Gaulle. Le g\u00e9n\u00e9ral lui t\u00e9moignait d\u2019ailleurs une grande confiance et l\u2019appr\u00e9ciait \u00e9norm\u00e9ment\u00a0: \u00ab Vous comprenez le fond de mes pens\u00e9es, et quand vous les traduisez, vous en am\u00e9liorez parfois l\u2019expression \u00bb. Kusterer se vit par la suite confier par Adenauer la traduction de ses <em>M\u00e9moires d\u2019espoir<\/em>.<\/p>\n<p>&nbsp;<\/p>\n<h2><strong>Roses ou roseraie\u00a0?<\/strong><\/h2>\n<p>\u00c0 d\u00e9faut de ma\u00eetriser parfaitement la langue de l\u2019autre, Konrad Adenauer et Charles de Gaulle surmontaient cet obstacle en montrant que leur intention premi\u00e8re \u00e9tait de \u00ab parler le m\u00eame langage \u00bb, m\u00eame sans interpr\u00e8te \u00e0 leurs c\u00f4t\u00e9s. Apprenant par la presse allemande que le g\u00e9n\u00e9ral avait compar\u00e9 le trait\u00e9 de l\u2019\u00c9lys\u00e9e \u00e0 des jeunes filles et \u00e0 des roses \u2013 \u00ab \u00c7a dure ce que \u00e7a dure \u00bb \u2013, le chancelier, passionn\u00e9 de roses, r\u00e9pondit subtilement. Plut\u00f4t que d\u2019envoyer son interlocuteur \u00ab sur les roses \u00bb, il souligna la long\u00e9vit\u00e9 des rosiers : certes dot\u00e9s d\u2019\u00e9pines, mais capables de surmonter les vicissitudes du climat de Rh\u00f6ndorf et de produire de nouvelles fleurs.<\/p>\n<p>&nbsp;<\/p>\n<figure id=\"attachment_31845\" aria-describedby=\"caption-attachment-31845\" style=\"width: 1024px\" class=\"wp-caption aligncenter\"><img loading=\"lazy\" decoding=\"async\" class=\"wp-image-31845\" src=\"https:\/\/dokdoc.eu\/wp-content\/uploads\/2026\/01\/5_image-Kopie_zugeschnitten-1536x890-1-300x174.png\" alt=\"Statues de bronze de Konrad Adenauer et Charles de Gaulle dans le jardin de la maison du chancelier \u00e0 Rh\u00f6ndorf (Copyright : Landry Charrier)\" width=\"1024\" height=\"593\" srcset=\"https:\/\/dokdoc.eu\/wp-content\/uploads\/2026\/01\/5_image-Kopie_zugeschnitten-1536x890-1-300x174.png 300w, https:\/\/dokdoc.eu\/wp-content\/uploads\/2026\/01\/5_image-Kopie_zugeschnitten-1536x890-1-1024x593.png 1024w, https:\/\/dokdoc.eu\/wp-content\/uploads\/2026\/01\/5_image-Kopie_zugeschnitten-1536x890-1-768x445.png 768w, https:\/\/dokdoc.eu\/wp-content\/uploads\/2026\/01\/5_image-Kopie_zugeschnitten-1536x890-1.png 1536w\" sizes=\"(max-width: 1024px) 100vw, 1024px\" \/><figcaption id=\"caption-attachment-31845\" class=\"wp-caption-text\">Statues de bronze de Konrad Adenauer et Charles de Gaulle dans le jardin de la maison du chancelier \u00e0 Rh\u00f6ndorf (Copyright : Landry Charrier)<\/figcaption><\/figure>\n<p>&nbsp;<\/p>\n<p>Filant la m\u00e9taphore, de Gaulle pr\u00e9cisa alors que le trait\u00e9 n\u2019\u00e9tait ni une rose ni un rosier, mais une roseraie qui survivrait au mauvais temps si Fran\u00e7ais et Allemands savaient en prendre soin. Plusieurs versions de cet \u00e9change circulent, mais le message reste clair : aussi fragile qu\u2019une rose, tout trait\u00e9 exige des soins permanents. Si les deux hommes avaient mieux jongl\u00e9 avec les mots dans les deux langues, ils auraient peut-\u00eatre pu \u00e9galement dire : \u00ab un bon trait\u00e9 doit \u00eatre bien trait\u00e9\u00a0\u00bb \u2013 ce qui pourrait approximativement se rendre en allemand par <em>Ein Vertrag ist gut, wenn beide sich vertragen<\/em>.<\/p>\n<p>&nbsp;<\/p>\n<h2><strong>Adenauer dans l\u2019espace public <\/strong><\/h2>\n<p>Il n\u2019existe pas de statistiques pr\u00e9cises, mais le souvenir de Konrad Adenauer est perp\u00e9tu\u00e9 en France dans une trentaine de villes (rues, avenues, places). Parfois, le choix a \u00e9t\u00e9 maladroit. \u00c0 Paris, par exemple, la municipalit\u00e9 a d\u00e9cid\u00e9 le 30 juillet 1974 de rebaptiser le rond-point Bugeaud, une des plus petites places de la capitale dans le 16\u1d49 arrondissement, en Place du chancelier Adenauer, avec un accent aigu peu germanique sur le \u00ab E \u00bb d\u2019Adenauer. On aurait pu souhaiter un hommage plus conforme \u00e0 la stature du personnage et rappeler que le chancelier n\u2019avait d\u2019accent que celui de sa r\u00e9gion natale, la Rh\u00e9nanie. En Seine-Saint-Denis, les \u00e9lus de Rosny-sous-Bois sont all\u00e9s plus loin. En 1967, ils ont d\u00e9baptis\u00e9 le sinistre Chemin des Buttes, une rue de 400 m\u00e8tres longeant l\u2019ancien cimeti\u00e8re, pour \u00ab franciser \u00bb le pr\u00e9nom du chancelier. Un choix qui pourrait \u00eatre per\u00e7u comme un message subliminal.<\/p>\n<p><em>\u00a0<\/em><\/p>\n<p style=\"text-align: right;\"><em>Les citations et anecdotes sont pour la plupart extraites du num\u00e9ro sp\u00e9cial que la revue Dokumente\/Documents a publi\u00e9 fin 2012 \u00e0 l\u2019occasion du 50<sup>e<\/sup> anniversaire de la signature du Trait\u00e9 de l\u2019Elys\u00e9e.<\/em><\/p>\n<p><strong>\u00a0<\/strong><\/p>\n<h2><strong>L\u2019auteur<\/strong><\/h2>\n<figure id=\"attachment_26844\" aria-describedby=\"caption-attachment-26844\" style=\"width: 207px\" class=\"wp-caption alignleft\"><img loading=\"lazy\" decoding=\"async\" class=\"size-medium wp-image-26844\" src=\"https:\/\/dokdoc.eu\/wp-content\/uploads\/2023\/08\/GerardFoussier1-3-207x300.jpg\" alt=\"\" width=\"207\" height=\"300\" srcset=\"https:\/\/dokdoc.eu\/wp-content\/uploads\/2023\/08\/GerardFoussier1-3-207x300.jpg 207w, https:\/\/dokdoc.eu\/wp-content\/uploads\/2023\/08\/GerardFoussier1-3.jpg 653w\" sizes=\"(max-width: 207px) 100vw, 207px\" \/><figcaption id=\"caption-attachment-26844\" class=\"wp-caption-text\">G\u00e9rard Foussier (Copyright: privat)<\/figcaption><\/figure>\n<p><em>Licenci\u00e9 d\u2019allemand \u00e0 l\u2019universit\u00e9 de sa ville natale Orl\u00e9ans en 1969, G\u00e9rard Foussier a d\u00e9couvert sa passion pour les relations franco-allemandes gr\u00e2ce au jumelage avec M\u00fcnster en Westphalie. Apr\u00e8s une formation de journaliste au quotidien Westf\u00e4lische Nachrichten, il a travaill\u00e9 pendant trois d\u00e9cennies \u00e0 la radio allemande Deutsche Welle \u00e0 Cologne puis \u00e0 Bonn, avant d\u2019\u00eatre \u00e9lu en 2005 pr\u00e9sident du Bureau International de Liaison et de Documentation (B.I.L.D.). R\u00e9dacteur en chef de la revue bilingue Dokumente\/Documents pendant 13 ans, il est aussi l\u2019auteur de plusieurs ouvrages. Son dernier livre, Allemanderies, est sorti en janvier 2023. Il d\u00e9tient la double nationalit\u00e9 et est d\u00e9tenteur de l\u2019Ordre du M\u00e9rite allemand (Bundesverdienstkreuz).<\/em><\/p>\n<p>&nbsp;<\/p>\n<h2><\/h2>\n","protected":false},"excerpt":{"rendered":"<p>De nombreux hommages sont pr\u00e9vus \u00e0 l\u2019occasion du 150\u00e8me anniversaire de Konrad Adenauer, le 5 janvier 2026. L\u2019occasion de revenir sur les relations que le chancelier entretenait avec la France, les Fran\u00e7ais, la langue fran\u00e7aise \u2013 et l\u2019humour.<\/p>\n","protected":false},"author":1,"featured_media":31837,"comment_status":"closed","ping_status":"closed","sticky":false,"template":"","format":"standard","meta":{"om_disable_all_campaigns":false,"_monsterinsights_skip_tracking":false,"_monsterinsights_sitenote_active":false,"_monsterinsights_sitenote_note":"","_monsterinsights_sitenote_category":0,"_uf_show_specific_survey":0,"_uf_disable_surveys":false,"footnotes":""},"categories":[117],"tags":[],"ppma_author":[1735],"class_list":["post-31836","post","type-post","status-publish","format-standard","has-post-thumbnail","hentry","category-politique-fr-3"],"yoast_head":"<!-- This site is optimized with the Yoast SEO plugin v27.5 - https:\/\/yoast.com\/product\/yoast-seo-wordpress\/ -->\n<title>Entre humour, malentendus et m\u00e9moire - dokdoc.eu<\/title>\n<meta name=\"robots\" content=\"index, follow, max-snippet:-1, max-image-preview:large, max-video-preview:-1\" \/>\n<link rel=\"canonical\" href=\"https:\/\/dokdoc.eu\/fr\/2026\/01\/05\/entre-humour-malentendus-et-memoire\/\" \/>\n<meta property=\"og:locale\" content=\"fr_FR\" \/>\n<meta property=\"og:type\" content=\"article\" \/>\n<meta property=\"og:title\" content=\"Entre humour, malentendus et m\u00e9moire - dokdoc.eu\" \/>\n<meta property=\"og:description\" content=\"De nombreux hommages sont pr\u00e9vus \u00e0 l\u2019occasion du 150\u00e8me anniversaire de Konrad Adenauer, le 5 janvier 2026. L\u2019occasion de revenir sur les relations que le chancelier entretenait avec la France, les Fran\u00e7ais, la langue fran\u00e7aise \u2013 et l\u2019humour.\" \/>\n<meta property=\"og:url\" content=\"https:\/\/dokdoc.eu\/fr\/2026\/01\/05\/entre-humour-malentendus-et-memoire\/\" \/>\n<meta property=\"og:site_name\" content=\"dokdoc.eu\" \/>\n<meta property=\"article:published_time\" content=\"2026-01-05T22:43:34+00:00\" \/>\n<meta property=\"article:modified_time\" content=\"2026-01-05T22:45:41+00:00\" \/>\n<meta property=\"og:image\" content=\"https:\/\/dokdoc.eu\/wp-content\/uploads\/2026\/01\/1_Plaque_Place_Chancelier_Adenauer_-_Paris_XVI_FR75_-_2024-11-16_-_2-scaled.jpg\" \/>\n\t<meta property=\"og:image:width\" content=\"2560\" \/>\n\t<meta property=\"og:image:height\" content=\"1920\" \/>\n\t<meta property=\"og:image:type\" content=\"image\/jpeg\" \/>\n<meta name=\"author\" content=\"G\u00e9rard Foussier\" \/>\n<meta name=\"twitter:card\" content=\"summary_large_image\" \/>\n<meta name=\"twitter:label1\" content=\"\u00c9crit par\" \/>\n\t<meta name=\"twitter:data1\" content=\"RochowMedienagentur\" \/>\n\t<meta name=\"twitter:label2\" content=\"Dur\u00e9e de lecture estim\u00e9e\" \/>\n\t<meta name=\"twitter:data2\" content=\"11 minutes\" \/>\n<script type=\"application\/ld+json\" class=\"yoast-schema-graph\">{\"@context\":\"https:\\\/\\\/schema.org\",\"@graph\":[{\"@type\":\"Article\",\"@id\":\"https:\\\/\\\/dokdoc.eu\\\/fr\\\/2026\\\/01\\\/05\\\/entre-humour-malentendus-et-memoire\\\/#article\",\"isPartOf\":{\"@id\":\"https:\\\/\\\/dokdoc.eu\\\/fr\\\/2026\\\/01\\\/05\\\/entre-humour-malentendus-et-memoire\\\/\"},\"author\":{\"name\":\"RochowMedienagentur\",\"@id\":\"https:\\\/\\\/dokdoc.eu\\\/fr\\\/#\\\/schema\\\/person\\\/d760e6e53df901fd9522f1d3a1e46621\"},\"headline\":\"Entre humour, malentendus et m\u00e9moire\",\"datePublished\":\"2026-01-05T22:43:34+00:00\",\"dateModified\":\"2026-01-05T22:45:41+00:00\",\"mainEntityOfPage\":{\"@id\":\"https:\\\/\\\/dokdoc.eu\\\/fr\\\/2026\\\/01\\\/05\\\/entre-humour-malentendus-et-memoire\\\/\"},\"wordCount\":1942,\"publisher\":{\"@id\":\"https:\\\/\\\/dokdoc.eu\\\/fr\\\/#organization\"},\"image\":{\"@id\":\"https:\\\/\\\/dokdoc.eu\\\/fr\\\/2026\\\/01\\\/05\\\/entre-humour-malentendus-et-memoire\\\/#primaryimage\"},\"thumbnailUrl\":\"https:\\\/\\\/dokdoc.eu\\\/wp-content\\\/uploads\\\/2026\\\/01\\\/1_Plaque_Place_Chancelier_Adenauer_-_Paris_XVI_FR75_-_2024-11-16_-_2-scaled.jpg\",\"articleSection\":[\"Politique\"],\"inLanguage\":\"fr-FR\"},{\"@type\":\"WebPage\",\"@id\":\"https:\\\/\\\/dokdoc.eu\\\/fr\\\/2026\\\/01\\\/05\\\/entre-humour-malentendus-et-memoire\\\/\",\"url\":\"https:\\\/\\\/dokdoc.eu\\\/fr\\\/2026\\\/01\\\/05\\\/entre-humour-malentendus-et-memoire\\\/\",\"name\":\"Entre humour, malentendus et m\u00e9moire - dokdoc.eu\",\"isPartOf\":{\"@id\":\"https:\\\/\\\/dokdoc.eu\\\/fr\\\/#website\"},\"primaryImageOfPage\":{\"@id\":\"https:\\\/\\\/dokdoc.eu\\\/fr\\\/2026\\\/01\\\/05\\\/entre-humour-malentendus-et-memoire\\\/#primaryimage\"},\"image\":{\"@id\":\"https:\\\/\\\/dokdoc.eu\\\/fr\\\/2026\\\/01\\\/05\\\/entre-humour-malentendus-et-memoire\\\/#primaryimage\"},\"thumbnailUrl\":\"https:\\\/\\\/dokdoc.eu\\\/wp-content\\\/uploads\\\/2026\\\/01\\\/1_Plaque_Place_Chancelier_Adenauer_-_Paris_XVI_FR75_-_2024-11-16_-_2-scaled.jpg\",\"datePublished\":\"2026-01-05T22:43:34+00:00\",\"dateModified\":\"2026-01-05T22:45:41+00:00\",\"breadcrumb\":{\"@id\":\"https:\\\/\\\/dokdoc.eu\\\/fr\\\/2026\\\/01\\\/05\\\/entre-humour-malentendus-et-memoire\\\/#breadcrumb\"},\"inLanguage\":\"fr-FR\",\"potentialAction\":[{\"@type\":\"ReadAction\",\"target\":[\"https:\\\/\\\/dokdoc.eu\\\/fr\\\/2026\\\/01\\\/05\\\/entre-humour-malentendus-et-memoire\\\/\"]}]},{\"@type\":\"ImageObject\",\"inLanguage\":\"fr-FR\",\"@id\":\"https:\\\/\\\/dokdoc.eu\\\/fr\\\/2026\\\/01\\\/05\\\/entre-humour-malentendus-et-memoire\\\/#primaryimage\",\"url\":\"https:\\\/\\\/dokdoc.eu\\\/wp-content\\\/uploads\\\/2026\\\/01\\\/1_Plaque_Place_Chancelier_Adenauer_-_Paris_XVI_FR75_-_2024-11-16_-_2-scaled.jpg\",\"contentUrl\":\"https:\\\/\\\/dokdoc.eu\\\/wp-content\\\/uploads\\\/2026\\\/01\\\/1_Plaque_Place_Chancelier_Adenauer_-_Paris_XVI_FR75_-_2024-11-16_-_2-scaled.jpg\",\"width\":2560,\"height\":1920,\"caption\":\"Place Ad\u00e9nauer (!) dans le 16\u00e8me arrondissement \u00e0 Paris (Copyright : Wikimedia Commons)\"},{\"@type\":\"BreadcrumbList\",\"@id\":\"https:\\\/\\\/dokdoc.eu\\\/fr\\\/2026\\\/01\\\/05\\\/entre-humour-malentendus-et-memoire\\\/#breadcrumb\",\"itemListElement\":[{\"@type\":\"ListItem\",\"position\":1,\"name\":\"Startseite\",\"item\":\"https:\\\/\\\/dokdoc.eu\\\/fr\\\/\"},{\"@type\":\"ListItem\",\"position\":2,\"name\":\"Entre humour, malentendus et m\u00e9moire\"}]},{\"@type\":\"WebSite\",\"@id\":\"https:\\\/\\\/dokdoc.eu\\\/fr\\\/#website\",\"url\":\"https:\\\/\\\/dokdoc.eu\\\/fr\\\/\",\"name\":\"dokdoc.eu\",\"description\":\"\",\"publisher\":{\"@id\":\"https:\\\/\\\/dokdoc.eu\\\/fr\\\/#organization\"},\"potentialAction\":[{\"@type\":\"SearchAction\",\"target\":{\"@type\":\"EntryPoint\",\"urlTemplate\":\"https:\\\/\\\/dokdoc.eu\\\/fr\\\/?s={search_term_string}\"},\"query-input\":{\"@type\":\"PropertyValueSpecification\",\"valueRequired\":true,\"valueName\":\"search_term_string\"}}],\"inLanguage\":\"fr-FR\"},{\"@type\":\"Organization\",\"@id\":\"https:\\\/\\\/dokdoc.eu\\\/fr\\\/#organization\",\"name\":\"dokdoc.eu\",\"url\":\"https:\\\/\\\/dokdoc.eu\\\/fr\\\/\",\"logo\":{\"@type\":\"ImageObject\",\"inLanguage\":\"fr-FR\",\"@id\":\"https:\\\/\\\/dokdoc.eu\\\/fr\\\/#\\\/schema\\\/logo\\\/image\\\/\",\"url\":\"https:\\\/\\\/dokdoc.eu\\\/wp-content\\\/uploads\\\/2019\\\/08\\\/cropped-logo_dokdoc-e1720795013301.png\",\"contentUrl\":\"https:\\\/\\\/dokdoc.eu\\\/wp-content\\\/uploads\\\/2019\\\/08\\\/cropped-logo_dokdoc-e1720795013301.png\",\"width\":150,\"height\":110,\"caption\":\"dokdoc.eu\"},\"image\":{\"@id\":\"https:\\\/\\\/dokdoc.eu\\\/fr\\\/#\\\/schema\\\/logo\\\/image\\\/\"}},{\"@type\":\"Person\",\"@id\":\"https:\\\/\\\/dokdoc.eu\\\/fr\\\/#\\\/schema\\\/person\\\/d760e6e53df901fd9522f1d3a1e46621\",\"name\":\"RochowMedienagentur\",\"image\":{\"@type\":\"ImageObject\",\"inLanguage\":\"fr-FR\",\"@id\":\"https:\\\/\\\/dokdoc.eu\\\/wp-content\\\/uploads\\\/2019\\\/08\\\/cropped-logo_dokdoc-e1720795013301.png830075fd1c1a1f70247b47fa84cf0f00\",\"url\":\"https:\\\/\\\/dokdoc.eu\\\/wp-content\\\/uploads\\\/2019\\\/08\\\/cropped-logo_dokdoc-e1720795013301.png\",\"contentUrl\":\"https:\\\/\\\/dokdoc.eu\\\/wp-content\\\/uploads\\\/2019\\\/08\\\/cropped-logo_dokdoc-e1720795013301.png\",\"caption\":\"RochowMedienagentur\"},\"sameAs\":[\"https:\\\/\\\/dokdoc.eu\"],\"url\":\"https:\\\/\\\/dokdoc.eu\\\/fr\\\/author\\\/rochowmedienagentur\\\/\"}]}<\/script>\n<!-- \/ Yoast SEO plugin. -->","yoast_head_json":{"title":"Entre humour, malentendus et m\u00e9moire - dokdoc.eu","robots":{"index":"index","follow":"follow","max-snippet":"max-snippet:-1","max-image-preview":"max-image-preview:large","max-video-preview":"max-video-preview:-1"},"canonical":"https:\/\/dokdoc.eu\/fr\/2026\/01\/05\/entre-humour-malentendus-et-memoire\/","og_locale":"fr_FR","og_type":"article","og_title":"Entre humour, malentendus et m\u00e9moire - dokdoc.eu","og_description":"De nombreux hommages sont pr\u00e9vus \u00e0 l\u2019occasion du 150\u00e8me anniversaire de Konrad Adenauer, le 5 janvier 2026. L\u2019occasion de revenir sur les relations que le chancelier entretenait avec la France, les Fran\u00e7ais, la langue fran\u00e7aise \u2013 et l\u2019humour.","og_url":"https:\/\/dokdoc.eu\/fr\/2026\/01\/05\/entre-humour-malentendus-et-memoire\/","og_site_name":"dokdoc.eu","article_published_time":"2026-01-05T22:43:34+00:00","article_modified_time":"2026-01-05T22:45:41+00:00","og_image":[{"width":2560,"height":1920,"url":"https:\/\/dokdoc.eu\/wp-content\/uploads\/2026\/01\/1_Plaque_Place_Chancelier_Adenauer_-_Paris_XVI_FR75_-_2024-11-16_-_2-scaled.jpg","type":"image\/jpeg"}],"author":"G\u00e9rard Foussier","twitter_card":"summary_large_image","twitter_misc":{"\u00c9crit par":"RochowMedienagentur","Dur\u00e9e de lecture estim\u00e9e":"11 minutes"},"schema":{"@context":"https:\/\/schema.org","@graph":[{"@type":"Article","@id":"https:\/\/dokdoc.eu\/fr\/2026\/01\/05\/entre-humour-malentendus-et-memoire\/#article","isPartOf":{"@id":"https:\/\/dokdoc.eu\/fr\/2026\/01\/05\/entre-humour-malentendus-et-memoire\/"},"author":{"name":"RochowMedienagentur","@id":"https:\/\/dokdoc.eu\/fr\/#\/schema\/person\/d760e6e53df901fd9522f1d3a1e46621"},"headline":"Entre humour, malentendus et m\u00e9moire","datePublished":"2026-01-05T22:43:34+00:00","dateModified":"2026-01-05T22:45:41+00:00","mainEntityOfPage":{"@id":"https:\/\/dokdoc.eu\/fr\/2026\/01\/05\/entre-humour-malentendus-et-memoire\/"},"wordCount":1942,"publisher":{"@id":"https:\/\/dokdoc.eu\/fr\/#organization"},"image":{"@id":"https:\/\/dokdoc.eu\/fr\/2026\/01\/05\/entre-humour-malentendus-et-memoire\/#primaryimage"},"thumbnailUrl":"https:\/\/dokdoc.eu\/wp-content\/uploads\/2026\/01\/1_Plaque_Place_Chancelier_Adenauer_-_Paris_XVI_FR75_-_2024-11-16_-_2-scaled.jpg","articleSection":["Politique"],"inLanguage":"fr-FR"},{"@type":"WebPage","@id":"https:\/\/dokdoc.eu\/fr\/2026\/01\/05\/entre-humour-malentendus-et-memoire\/","url":"https:\/\/dokdoc.eu\/fr\/2026\/01\/05\/entre-humour-malentendus-et-memoire\/","name":"Entre humour, malentendus et m\u00e9moire - dokdoc.eu","isPartOf":{"@id":"https:\/\/dokdoc.eu\/fr\/#website"},"primaryImageOfPage":{"@id":"https:\/\/dokdoc.eu\/fr\/2026\/01\/05\/entre-humour-malentendus-et-memoire\/#primaryimage"},"image":{"@id":"https:\/\/dokdoc.eu\/fr\/2026\/01\/05\/entre-humour-malentendus-et-memoire\/#primaryimage"},"thumbnailUrl":"https:\/\/dokdoc.eu\/wp-content\/uploads\/2026\/01\/1_Plaque_Place_Chancelier_Adenauer_-_Paris_XVI_FR75_-_2024-11-16_-_2-scaled.jpg","datePublished":"2026-01-05T22:43:34+00:00","dateModified":"2026-01-05T22:45:41+00:00","breadcrumb":{"@id":"https:\/\/dokdoc.eu\/fr\/2026\/01\/05\/entre-humour-malentendus-et-memoire\/#breadcrumb"},"inLanguage":"fr-FR","potentialAction":[{"@type":"ReadAction","target":["https:\/\/dokdoc.eu\/fr\/2026\/01\/05\/entre-humour-malentendus-et-memoire\/"]}]},{"@type":"ImageObject","inLanguage":"fr-FR","@id":"https:\/\/dokdoc.eu\/fr\/2026\/01\/05\/entre-humour-malentendus-et-memoire\/#primaryimage","url":"https:\/\/dokdoc.eu\/wp-content\/uploads\/2026\/01\/1_Plaque_Place_Chancelier_Adenauer_-_Paris_XVI_FR75_-_2024-11-16_-_2-scaled.jpg","contentUrl":"https:\/\/dokdoc.eu\/wp-content\/uploads\/2026\/01\/1_Plaque_Place_Chancelier_Adenauer_-_Paris_XVI_FR75_-_2024-11-16_-_2-scaled.jpg","width":2560,"height":1920,"caption":"Place Ad\u00e9nauer (!) dans le 16\u00e8me arrondissement \u00e0 Paris (Copyright : Wikimedia Commons)"},{"@type":"BreadcrumbList","@id":"https:\/\/dokdoc.eu\/fr\/2026\/01\/05\/entre-humour-malentendus-et-memoire\/#breadcrumb","itemListElement":[{"@type":"ListItem","position":1,"name":"Startseite","item":"https:\/\/dokdoc.eu\/fr\/"},{"@type":"ListItem","position":2,"name":"Entre humour, malentendus et m\u00e9moire"}]},{"@type":"WebSite","@id":"https:\/\/dokdoc.eu\/fr\/#website","url":"https:\/\/dokdoc.eu\/fr\/","name":"dokdoc.eu","description":"","publisher":{"@id":"https:\/\/dokdoc.eu\/fr\/#organization"},"potentialAction":[{"@type":"SearchAction","target":{"@type":"EntryPoint","urlTemplate":"https:\/\/dokdoc.eu\/fr\/?s={search_term_string}"},"query-input":{"@type":"PropertyValueSpecification","valueRequired":true,"valueName":"search_term_string"}}],"inLanguage":"fr-FR"},{"@type":"Organization","@id":"https:\/\/dokdoc.eu\/fr\/#organization","name":"dokdoc.eu","url":"https:\/\/dokdoc.eu\/fr\/","logo":{"@type":"ImageObject","inLanguage":"fr-FR","@id":"https:\/\/dokdoc.eu\/fr\/#\/schema\/logo\/image\/","url":"https:\/\/dokdoc.eu\/wp-content\/uploads\/2019\/08\/cropped-logo_dokdoc-e1720795013301.png","contentUrl":"https:\/\/dokdoc.eu\/wp-content\/uploads\/2019\/08\/cropped-logo_dokdoc-e1720795013301.png","width":150,"height":110,"caption":"dokdoc.eu"},"image":{"@id":"https:\/\/dokdoc.eu\/fr\/#\/schema\/logo\/image\/"}},{"@type":"Person","@id":"https:\/\/dokdoc.eu\/fr\/#\/schema\/person\/d760e6e53df901fd9522f1d3a1e46621","name":"RochowMedienagentur","image":{"@type":"ImageObject","inLanguage":"fr-FR","@id":"https:\/\/dokdoc.eu\/wp-content\/uploads\/2019\/08\/cropped-logo_dokdoc-e1720795013301.png830075fd1c1a1f70247b47fa84cf0f00","url":"https:\/\/dokdoc.eu\/wp-content\/uploads\/2019\/08\/cropped-logo_dokdoc-e1720795013301.png","contentUrl":"https:\/\/dokdoc.eu\/wp-content\/uploads\/2019\/08\/cropped-logo_dokdoc-e1720795013301.png","caption":"RochowMedienagentur"},"sameAs":["https:\/\/dokdoc.eu"],"url":"https:\/\/dokdoc.eu\/fr\/author\/rochowmedienagentur\/"}]}},"authors":[{"term_id":1735,"user_id":0,"is_guest":1,"slug":"gerard-foussier","display_name":"G\u00e9rard Foussier","avatar_url":{"url":"https:\/\/dokdoc.eu\/wp-content\/uploads\/2025\/08\/Foussier-klein.png","url2x":"https:\/\/dokdoc.eu\/wp-content\/uploads\/2025\/08\/Foussier-klein.png"},"0":null,"1":"","2":"","3":"","4":"","5":"","6":"","7":"","8":""}],"_links":{"self":[{"href":"https:\/\/dokdoc.eu\/fr\/wp-json\/wp\/v2\/posts\/31836","targetHints":{"allow":["GET"]}}],"collection":[{"href":"https:\/\/dokdoc.eu\/fr\/wp-json\/wp\/v2\/posts"}],"about":[{"href":"https:\/\/dokdoc.eu\/fr\/wp-json\/wp\/v2\/types\/post"}],"author":[{"embeddable":true,"href":"https:\/\/dokdoc.eu\/fr\/wp-json\/wp\/v2\/users\/1"}],"replies":[{"embeddable":true,"href":"https:\/\/dokdoc.eu\/fr\/wp-json\/wp\/v2\/comments?post=31836"}],"version-history":[{"count":3,"href":"https:\/\/dokdoc.eu\/fr\/wp-json\/wp\/v2\/posts\/31836\/revisions"}],"predecessor-version":[{"id":31849,"href":"https:\/\/dokdoc.eu\/fr\/wp-json\/wp\/v2\/posts\/31836\/revisions\/31849"}],"wp:featuredmedia":[{"embeddable":true,"href":"https:\/\/dokdoc.eu\/fr\/wp-json\/wp\/v2\/media\/31837"}],"wp:attachment":[{"href":"https:\/\/dokdoc.eu\/fr\/wp-json\/wp\/v2\/media?parent=31836"}],"wp:term":[{"taxonomy":"category","embeddable":true,"href":"https:\/\/dokdoc.eu\/fr\/wp-json\/wp\/v2\/categories?post=31836"},{"taxonomy":"post_tag","embeddable":true,"href":"https:\/\/dokdoc.eu\/fr\/wp-json\/wp\/v2\/tags?post=31836"},{"taxonomy":"author","embeddable":true,"href":"https:\/\/dokdoc.eu\/fr\/wp-json\/wp\/v2\/ppma_author?post=31836"}],"curies":[{"name":"wp","href":"https:\/\/api.w.org\/{rel}","templated":true}]}}