{"id":32363,"date":"2026-03-17T19:11:01","date_gmt":"2026-03-17T18:11:01","guid":{"rendered":"https:\/\/dokdoc.eu\/?p=32363"},"modified":"2026-03-20T12:01:34","modified_gmt":"2026-03-20T11:01:34","slug":"les-organisations-de-la-jeunesse-comme-viviers-de-recrutement","status":"publish","type":"post","link":"https:\/\/dokdoc.eu\/fr\/2026\/03\/17\/les-organisations-de-la-jeunesse-comme-viviers-de-recrutement\/","title":{"rendered":"Les organisations de la jeunesse comme viviers de recrutement"},"content":{"rendered":"<figure id=\"attachment_32357\" aria-describedby=\"caption-attachment-32357\" style=\"width: 1024px\" class=\"wp-caption aligncenter\"><img fetchpriority=\"high\" decoding=\"async\" class=\"wp-image-32357\" src=\"https:\/\/dokdoc.eu\/wp-content\/uploads\/2026\/03\/1_Militant_du_RNJ_en_juin_2024-300x202.jpg\" alt=\"Militants du RNJ en juin 2024, peu avant les \u00e9lections l\u00e9gislatives (Copyright : Wikimedia Commons)\" width=\"1024\" height=\"691\" srcset=\"https:\/\/dokdoc.eu\/wp-content\/uploads\/2026\/03\/1_Militant_du_RNJ_en_juin_2024-300x202.jpg 300w, https:\/\/dokdoc.eu\/wp-content\/uploads\/2026\/03\/1_Militant_du_RNJ_en_juin_2024-768x518.jpg 768w, https:\/\/dokdoc.eu\/wp-content\/uploads\/2026\/03\/1_Militant_du_RNJ_en_juin_2024.jpg 852w\" sizes=\"(max-width: 1024px) 100vw, 1024px\" \/><figcaption id=\"caption-attachment-32357\" class=\"wp-caption-text\">Militants du RNJ en juin 2024, peu avant les \u00e9lections l\u00e9gislatives (Copyright : Wikimedia Commons)<\/figcaption><\/figure>\n<p><strong>Alors que le RN utilise depuis des d\u00e9cennies ses organisations de jeunesse comme viviers de talents, l\u2019AfD a r\u00e9cemment mis en place sa propre structure. <\/strong><!--more--><\/p>\n<p>&nbsp;<\/p>\n<h2><strong>Jean-Yves Camus<\/strong><\/h2>\n<p>Comment prendre des responsabilit\u00e9s au sein du Rassemblement national (RN) ? L\u2019une des voies les plus simples consiste \u00e0 militer au sein du Rassemblement national de la jeunesse (RNJ), le mouvement de jeunesse du parti de Jordan Bardella et Marine Le Pen, destin\u00e9 aux jeunes de 15 \u00e0 30 ans.<\/p>\n<p>Pr\u00e9sid\u00e9 par Jean-Marie Le Pen, le Front national (FN) s\u2019est dot\u00e9 d\u2019un mouvement de jeunesse, le FNJ un an apr\u00e8s sa cr\u00e9ation (1972). L\u2019id\u00e9e \u00e9tait alors, d\u2019une part, de former id\u00e9ologiquement de jeunes recrues et, d\u2019autre part, d\u2019endiguer la concurrence, en particulier parmi les lyc\u00e9ens et les \u00e9tudiants, d\u2019une formation rivale en cours de constitution, le Parti des forces nouvelles (PFN). Ce dernier disposait d\u2019un Front de la jeunesse et d\u2019un syndicat \u00e9tudiant tr\u00e8s actif, le Groupe Union D\u00e9fense (GUD). Fr\u00e8res ennemis, FNJ et GUD s\u2019inspiraient tous deux de l\u2019exp\u00e9rience italienne, celle des n\u00e9o-fascistes du <em>Movimento Sociale Italiano<\/em> et de son <em>Fronte della Giovent\u00f9<\/em>.<\/p>\n<p>Les dix premi\u00e8res ann\u00e9es sont une travers\u00e9e du d\u00e9sert, le FN restant groupusculaire. Le FNJ n\u2019est pas regardant sur les adh\u00e9sions : dans la d\u00e9cennie qui pr\u00e9c\u00e8de le d\u00e9collage \u00e9lectoral de 1983, il constitue un espace o\u00f9 se rencontrent toutes les tendances de l\u2019extr\u00eame droite fran\u00e7aise, depuis les catholiques traditionalistes jusqu\u2019aux n\u00e9o-nazis et aux nationalistes-r\u00e9volutionnaires. La faiblesse num\u00e9rique du parti impose cet \u0153cum\u00e9nisme id\u00e9ologique. Le dernier des repr\u00e9sentants de la g\u00e9n\u00e9ration des fondateurs, Jean\u2011Fran\u00e7ois Jalkh, est demeur\u00e9 d\u00e9put\u00e9 europ\u00e9en jusqu\u2019en 2024.<\/p>\n<p>&nbsp;<\/p>\n<p><iframe title=\"Le Front national mise sur les jeunes\" width=\"640\" height=\"360\" src=\"https:\/\/www.youtube.com\/embed\/n69aLwWX318?feature=oembed\" frameborder=\"0\" allow=\"accelerometer; autoplay; clipboard-write; encrypted-media; gyroscope; picture-in-picture; web-share\" referrerpolicy=\"strict-origin-when-cross-origin\" allowfullscreen><\/iframe><\/p>\n<p>&nbsp;<\/p>\n<p>Le FNJ a ensuite accompagn\u00e9 la croissance du FN en se dotant d\u2019une \u00e9cole de formation propre et d\u2019un bulletin interne (1985). Sa particularit\u00e9, qui perdurera jusqu\u2019\u00e0 la scission de Bruno M\u00e9gret fin 1999, r\u00e9side dans l\u2019existence de sensibilit\u00e9s intellectuelles tr\u00e8s vari\u00e9es au sein du mouvement. La direction nationale du RNJ et celle du parti laissent d\u2019ailleurs ces tendances s\u2019\u00e9panouir, d\u2019autant plus que la strat\u00e9gie m\u00e9gr\u00e9tiste, influenc\u00e9e par les id\u00e9es de la Nouvelle Droite, s\u2019\u00e9loigne de celle, plus \u00ab nationale-conservatrice \u00bb, de Jean-Marie Le Pen. C\u2019est dans un bulletin local du RNJ, celui d\u2019Alsace, qu\u2019on trouve en septembre 1995 l\u2019une des premi\u00e8res occurrences du mot \u00ab identitaire \u00bb. Cela s\u2019explique par le fait que la section alsacienne est tenue par des militants du mouvement <em>v\u00f6lkisch<\/em> Terre et Peuple.<\/p>\n<p>Le RNJ survivra \u00e0 la scission. Il est \u00e0 noter qu\u2019aucun des animateurs du Mouvement National de la Jeunesse (MNJ), fond\u00e9 par les amis de Bruno M\u00e9gret au sein de son Mouvement National (MN) au d\u00e9but des ann\u00e9es 2000, n\u2019a conserv\u00e9 d\u2019engagement au RN actuel. Jusqu\u2019\u00e0 l\u2019arriv\u00e9e de Marine Le Pen \u00e0 la pr\u00e9sidence du RN en 2011, le RNJ est rest\u00e9 le dernier espace tol\u00e9r\u00e9 o\u00f9 pouvait s\u2019exprimer la radicalit\u00e9 politique au sein du mouvement. \u00c0 partir de 2002, cette radicalit\u00e9 sera \u00e9clips\u00e9e par l\u2019activisme et la m\u00e9diatisation du mouvement identitaire, d\u2019abord avec le Bloc identitaire (2002-2016), puis avec G\u00e9n\u00e9ration identitaire (2016-2021).<\/p>\n<p>&nbsp;<\/p>\n<figure id=\"attachment_32359\" aria-describedby=\"caption-attachment-32359\" style=\"width: 1024px\" class=\"wp-caption aligncenter\"><img decoding=\"async\" class=\"wp-image-32359\" src=\"https:\/\/dokdoc.eu\/wp-content\/uploads\/2026\/03\/2_Generation-identitaire-300x200.jpg\" alt=\"Manifestation de G\u00e9n\u00e9ration identitaire en 2017 (Copyright : Wikimedia Commons)\" width=\"1024\" height=\"682\" srcset=\"https:\/\/dokdoc.eu\/wp-content\/uploads\/2026\/03\/2_Generation-identitaire-300x200.jpg 300w, https:\/\/dokdoc.eu\/wp-content\/uploads\/2026\/03\/2_Generation-identitaire-1024x682.jpg 1024w, https:\/\/dokdoc.eu\/wp-content\/uploads\/2026\/03\/2_Generation-identitaire-768x512.jpg 768w, https:\/\/dokdoc.eu\/wp-content\/uploads\/2026\/03\/2_Generation-identitaire.jpg 1280w\" sizes=\"(max-width: 1024px) 100vw, 1024px\" \/><figcaption id=\"caption-attachment-32359\" class=\"wp-caption-text\">Manifestation de G\u00e9n\u00e9ration identitaire en 2017 (Copyright : Wikimedia Commons)<\/figcaption><\/figure>\n<p>&nbsp;<\/p>\n<p>Marine Le Pen transforme le RNJ en un vivier de cadres dirigeants, \u00e0 condition d\u2019un alignement total sur la direction du parti et \u00e0 strat\u00e9gie dite de \u00ab\u202fd\u00e9diabolisation\u202f\u00bb. La communication du RNJ devient davantage norm\u00e9e et l\u2019expression des nuances id\u00e9ologiques dispara\u00eet presque enti\u00e8rement. Le mouvement de jeunesse reste toutefois une voie privil\u00e9gi\u00e9e pour acc\u00e9der \u00e0 des responsabilit\u00e9s importantes au sein du FN, puis du RN, ainsi que pour d\u00e9crocher une investiture \u00e9lectorale. Jordan Bardella dirigea le RNJ de 2018 \u00e0 2021. Les d\u00e9put\u00e9s europ\u00e9ens Paul-Romain Thionnet et Alexandar Nikolic, ainsi que Gaetan Dussausaye, y ont occup\u00e9 des fonctions de direction, tout comme plusieurs d\u00e9put\u00e9s \u00e0 l\u2019Assembl\u00e9e nationale.<\/p>\n<p>Aux municipales de mars 2026, qui voient un rajeunissement consid\u00e9rable des t\u00eates de liste, surtout dans les villes difficiles pour le RN, avoir \u00e9t\u00e9 secr\u00e9taire d\u00e9partemental ou, \u00e0 d\u00e9faut, cadre du RNJ constitue un atout certain. M\u00eame si le jeune candidat n\u2019est pas \u00e9lu maire, il pourra faire l\u2019apprentissage du mandat de conseiller municipal d\u2019opposition, de la pr\u00e9paration d\u2019argumentaires et du travail de terrain. Quant au nombre d\u2019adh\u00e9rents du RNJ, il est inv\u00e9rifiable : le dernier chiffre communiqu\u00e9, fin 2022, \u00e9tait de 10 000 membres, tandis que le RN en revendiquait 100 000. Peu cr\u00e9dibles, ces chiffres ne changent rien au fait que la \u00ab\u202fg\u00e9n\u00e9ration Bardella\u202f\u00bb, d\u00e9sormais aux commandes du parti, est largement issue du RNJ. Cela permet au parti de compenser le nombre relativement faible de recrues form\u00e9es par les partis de droite traditionnels, qui rejoignent le RN.<\/p>\n<p>&nbsp;<\/p>\n<h2><strong>Andreas Speit<\/strong><\/h2>\n<p>Il ne s\u2019agissait pas de simples formules creuses. Lors du congr\u00e8s r\u00e9gional de l\u2019<em>Alternative f\u00fcr Deutschland<\/em> (AfD) \u00e0 Marl en Rh\u00e9nanie-du-Nord-Westphalie (RNW), la porte-parole nationale, Alice Weidel, s\u2019est directement adress\u00e9e aux jeunes membres\u00a0du parti : \u00ab Nous soutenons pleinement G\u00e9n\u00e9ration Allemagne \u00bb (GD). Que l\u2019Office r\u00e9gional pour la protection de la Constitution soup\u00e7onne la section r\u00e9gionale d\u2019\u00ab\u00a0extr\u00e9misme de droite \u00bb n\u2019est finalement rien d\u2019autre qu\u2019\u00ab une d\u00e9coration suppl\u00e9mentaire que l\u2019on peut fi\u00e8rement arborer au revers de sa veste \u00bb. Cette \u00ab\u00a0d\u00e9coration \u00bb, comme Weidel l\u2019appelle, pourrait toutefois devenir lourde \u00e0 porter, non seulement pour <em>Generation Deutschland<\/em> \u2013 le mouvement de jeunesse de l\u2019AfD \u2013 mais aussi pour l\u2019ensemble du parti.<\/p>\n<p>&nbsp;<\/p>\n<figure id=\"attachment_32361\" aria-describedby=\"caption-attachment-32361\" style=\"width: 1024px\" class=\"wp-caption aligncenter\"><img decoding=\"async\" class=\"wp-image-32361\" src=\"https:\/\/dokdoc.eu\/wp-content\/uploads\/2026\/03\/3_2K6KYDP-300x200.jpg\" alt=\"Manifestation de JA contre les livraisons d\u2019armes \u00e0 l\u2019Ukraine, Berlin, 8 octobre 2022 (Coypright : Alamy)\" width=\"1024\" height=\"684\" srcset=\"https:\/\/dokdoc.eu\/wp-content\/uploads\/2026\/03\/3_2K6KYDP-300x200.jpg 300w, https:\/\/dokdoc.eu\/wp-content\/uploads\/2026\/03\/3_2K6KYDP-1024x684.jpg 1024w, https:\/\/dokdoc.eu\/wp-content\/uploads\/2026\/03\/3_2K6KYDP-768x513.jpg 768w, https:\/\/dokdoc.eu\/wp-content\/uploads\/2026\/03\/3_2K6KYDP-1536x1025.jpg 1536w, https:\/\/dokdoc.eu\/wp-content\/uploads\/2026\/03\/3_2K6KYDP.jpg 2000w\" sizes=\"(max-width: 1024px) 100vw, 1024px\" \/><figcaption id=\"caption-attachment-32361\" class=\"wp-caption-text\">Manifestation de JA contre les livraisons d\u2019armes \u00e0 l\u2019Ukraine, Berlin, 8 octobre 2022 (Coypright : Alamy)<\/figcaption><\/figure>\n<p>&nbsp;<\/p>\n<p>En f\u00e9vrier de l\u2019ann\u00e9e derni\u00e8re, la direction f\u00e9d\u00e9rale de l\u2019AfD avait exhort\u00e9 la <em>Junge Alternative<\/em> (JA) \u00e0 s\u2019autodissoudre. Fond\u00e9e en 2013 comme mouvement de jeunesse de l\u2019AfD, la JA avait \u00e9t\u00e9 r\u00e9guli\u00e8rement impliqu\u00e9e dans des scandales et querelles intestines en raison de ses positions ouvertement extr\u00e9mistes. C\u2019est dans ce contexte qu\u2019elle avait par exemple d\u00e9cid\u00e9 de la dissolution de la section de Basse-Saxe d\u00e8s 2018. Dans des chats internes au parti, certains membres avaient en effet tenu des propos tels que\u00a0: \u00ab Nous devrions arr\u00eater les exp\u00e9rimentations avec les animaux et prendre des r\u00e9fugi\u00e9s \u00e0 la place \u00bb ou, de mani\u00e8re encore plus choquante, \u00ab la solution finale pour les Musulmans en Allemagne \u00bb.<\/p>\n<p>La pression de la direction f\u00e9d\u00e9rale de l\u2019AfD en vue d\u2019une dissolution de la JA a continu\u00e9 de s\u2019accentuer jusqu\u2019en 2025 alors que les d\u00e9bats sur une interdiction du parti s\u2019intensifiaient. GD a \u00e9t\u00e9 finalement fond\u00e9e le 29 novembre \u00e0 Gie\u00dfen. L\u2019adh\u00e9sion est r\u00e9serv\u00e9e aux membres de l\u2019AfD \u00e2g\u00e9s de 14 \u00e0 35 ans. Ainsi, et c\u2019est l\u00e0 toute la \u00ab\u00a0subtilit\u00e9\u00a0\u00bb, le parti peut exercer une influence plus directe sur l\u2019organisation notamment si ses membres adoptent des positions extr\u00eames ou sont li\u00e9s \u00e0 des individus radicalis\u00e9s. Jusqu\u2019\u00e0 aujourd\u2019hui, l\u2019AfD a g\u00e9r\u00e9 de mani\u00e8re tr\u00e8s ambivalente ses liens avec le mouvement identitaire d\u2019extr\u00eame droite, l\u2019<em>Identit\u00e4re Bewegung <\/em>(IB), la r\u00e8gle dite d\u2019incompatibilit\u00e9 \u00e9tant souvent appliqu\u00e9e au cas par cas. On l\u2019a vu lors congr\u00e8s fondateur de Gie\u00dfen.<\/p>\n<p>Kevin Dorow s\u2019y est exprim\u00e9 en des termes on ne peut plus clairs. \u00c2g\u00e9 de 27 ans, il n\u2019a pas h\u00e9sit\u00e9 \u00e0 faire appel aux id\u00e9es du pr\u00e9sident r\u00e9gional et du groupe parlementaire de l\u2019AfD en Thuringe, Bj\u00f6rn H\u00f6cke : \u00ab Comme l\u2019a rappel\u00e9 il y a quelques mois Bj\u00f6rn H\u00f6cke : \u2018La jeunesse doit \u00eatre dirig\u00e9e par la jeunesse\u2019, et ce principe doit \u00eatre notre fil conducteur \u00bb. Les cadres f\u00e9d\u00e9raux ont d\u2019abord jug\u00e9 ses propos anodins. La devise \u00ab la jeunesse dirige la jeunesse \u00bb avait toutefois \u00e9t\u00e9 utilis\u00e9e par la <em>B\u00fcndische Jugend<\/em> et, plus tard, par les Jeunesses hitl\u00e9riennes, ce qui rend son usage particuli\u00e8rement sensible. La situation a commenc\u00e9 \u00e0 susciter des inqui\u00e9tudes lorsque le parquet de Gie\u00dfen a indiqu\u00e9 vouloir v\u00e9rifier la constitutionnalit\u00e9 de l\u2019organisation. La direction f\u00e9d\u00e9rale, sous la conduite d\u2019Alice Weidel et Tino Chrupalla, a alors tent\u00e9 d\u2019initier une proc\u00e9dure d\u2019exclusion contre Dorow. Quelques jours plus tard, celle-ci a n\u00e9anmoins \u00e9t\u00e9 annul\u00e9e. La raison\u00a0? Dorow n\u2019est pas un inconnu au sein de l\u2019AfD : il est solidement ancr\u00e9 dans le milieu des fraternit\u00e9s \u00e9tudiantes et des associations d\u2019extr\u00eame droite\u00a0: l\u00e0, se d\u00e9marquer des extr\u00e9mistes de droite est consid\u00e9r\u00e9 comme comme une forme trahison. Dorow s\u2019inscrit ainsi dans la tradition dite <em>b\u00fcndisch<\/em>. Repr\u00e9sentant de l\u2019aile radicale et nationaliste de l\u2019AfD, Bj\u00f6rn H\u00f6cke recourt lui aussi \u00e0 des r\u00e9f\u00e9rences ambigu\u00ebs.<\/p>\n<p>&nbsp;<\/p>\n<p><iframe title=\"\u00bbRadikale Schwiegers\u00f6hne\u00ab: Die K\u00f6pfe der neuen AfD-Jugend | SPIEGEL TV\" width=\"640\" height=\"360\" src=\"https:\/\/www.youtube.com\/embed\/W1pO_7NEM6M?start=386&#038;feature=oembed\" frameborder=\"0\" allow=\"accelerometer; autoplay; clipboard-write; encrypted-media; gyroscope; picture-in-picture; web-share\" referrerpolicy=\"strict-origin-when-cross-origin\" allowfullscreen><\/iframe><\/p>\n<p>&nbsp;<\/p>\n<p>\u00c0 Gie\u00dfen, Dorow a \u00e9galement \u00e9t\u00e9 \u00e9lu comme membre du pr\u00e9sidium f\u00e9d\u00e9ral. Les \u00e9lections ont r\u00e9v\u00e9l\u00e9 l\u2019orientation radicale de GD\u00a0: la JA a certes \u00e9t\u00e9 dissoute, il n\u2019en reste que certains de ses cadres jouent aujourd\u2019hui un r\u00f4le central au sein de la nouvelle organisation. Jean-Pascal Holm a pris la pr\u00e9sidence avec le soutien de la direction f\u00e9d\u00e9rale du parti. Ancien pr\u00e9sident de la JA, il entretient des contacts \u00e9troits avec la sc\u00e8ne hooligan et contestataire de Cottbus et n\u2019h\u00e9site pas \u00e0 d\u00e9clarer que \u00ab l\u2019Allemagne doit rester la patrie des Allemands \u00bb. Jan Richard Behr, issu, lui aussi, de la JA, a \u00e9t\u00e9 \u00e9lu vice-pr\u00e9sident\u00a0et est \u00e9galement li\u00e9 \u00e0 l\u2019IB.<\/p>\n<p>L\u2019AfD a d\u00e9sormais mis en place des sections r\u00e9gionales de GD dans plusieurs L\u00e4nder. Elles comptent aujourd\u2019hui environ 2 500 membres, un chiffre en forte progression. Lors de la fondation de la section de Basse-Saxe \u2013 \u00e0 huis clos \u2013 le pr\u00e9sident \u00e9lu, Michael Fehre, a d\u00e9clar\u00e9 que GD se consacrerait d\u00e9sormais \u00ab aux jeunes familles, s\u2019engagerait en faveur de prix comp\u00e9titifs pour les entreprises, du retour du nucl\u00e9aire et du principe de \u2018remigration\u2019 \u00bb. Le pr\u00e9sident de GD en RNW, Luca Hofrath, d\u00e9fend lui aussi ce principe, sans pour autant expliquer ce qu\u2019il entend par-l\u00e0. D\u00e9j\u00e0 \u00e0 l\u2019\u00e9poque de la JA, le Service de protection de la Constitution du RNW avait relev\u00e9 sa\u00a0 \u00ab\u00a0conception ethno-nationaliste du peuple \u00bb. Le ministre de l\u2019Int\u00e9rieur de NRW, Herbert Reul, a soulign\u00e9 que non seulement les positions de la JA perdurent au sein de GD, mais que plusieurs de ses anciens cadres y demeurent aussi actifs. GD NRW a elle-m\u00eame reconnu cette continuit\u00e9.<\/p>\n<p>D\u00e8s la cr\u00e9ation de GD, le pr\u00e9sident de l\u2019Office f\u00e9d\u00e9ral pour la protection de la Constitution, Sinan Selen, avait d\u2019ailleurs insist\u00e9 sur cette continuit\u00e9 \u00ab\u00a0tant sur le plan personnel que sur le plan id\u00e9ologique \u00bb. Le mythe du \u00ab grand remplacement \u00bb, propag\u00e9 depuis 2011 par Renaud Camus, continue d\u2019animer le milieu AfD en 2026. GD vise \u00e0 former le futur personnel politique autour de ce mythe, faisant de l\u2019organisation un vivier pour la mise en \u0153uvre de la politique dite de \u00ab remigration \u00bb.<\/p>\n<p>&nbsp;<\/p>\n<h2><strong>Les auteurs<\/strong><\/h2>\n<figure id=\"attachment_26942\" aria-describedby=\"caption-attachment-26942\" style=\"width: 129px\" class=\"wp-caption alignleft\"><img loading=\"lazy\" decoding=\"async\" class=\" wp-image-26942\" src=\"https:\/\/dokdoc.eu\/wp-content\/uploads\/2023\/11\/5_Photo-224x300.jpg\" alt=\"\u00a9 Jean-Yves Camus\" width=\"129\" height=\"173\" srcset=\"https:\/\/dokdoc.eu\/wp-content\/uploads\/2023\/11\/5_Photo-224x300.jpg 224w, https:\/\/dokdoc.eu\/wp-content\/uploads\/2023\/11\/5_Photo-765x1024.jpg 765w, https:\/\/dokdoc.eu\/wp-content\/uploads\/2023\/11\/5_Photo-768x1029.jpg 768w, https:\/\/dokdoc.eu\/wp-content\/uploads\/2023\/11\/5_Photo-1147x1536.jpg 1147w, https:\/\/dokdoc.eu\/wp-content\/uploads\/2023\/11\/5_Photo-1529x2048.jpg 1529w, https:\/\/dokdoc.eu\/wp-content\/uploads\/2023\/11\/5_Photo-scaled.jpg 1911w\" sizes=\"(max-width: 129px) 100vw, 129px\" \/><figcaption id=\"caption-attachment-26942\" class=\"wp-caption-text\">Jean-Yves Camus (Copyright : priv\u00e9)<\/figcaption><\/figure>\n<p><em>Jean-Yves Camus est directeur de l\u2019Observatoire des radicalit\u00e9s politiques (ORAP) \u00e0 la Fondation Jean Jaur\u00e8s et chercheur associ\u00e9 \u00e0 l\u2019Institut de relations internationales et strat\u00e9giques (IRIS), tous deux \u00e0 Paris. Ses recherches portent sur les mouvements d\u2019extr\u00eame-droite contemporains en Europe et sur l\u2019histoire des relations entre la Russie et les mouvements nationalistes radicaux en Europe occidentale.<\/em><\/p>\n<p>&nbsp;<\/p>\n<figure id=\"attachment_26913\" aria-describedby=\"caption-attachment-26913\" style=\"width: 146px\" class=\"wp-caption alignright\"><img loading=\"lazy\" decoding=\"async\" class=\" wp-image-26913\" src=\"https:\/\/dokdoc.eu\/wp-content\/uploads\/2023\/10\/5_Speit_Andreas-1.jpg\" alt=\"\u00a9 Andreas Speit\" width=\"146\" height=\"190\" \/><figcaption id=\"caption-attachment-26913\" class=\"wp-caption-text\">Andreas Speit (Copyright : priv\u00e9)<\/figcaption><\/figure>\n<p><em>Andreas Speit est journaliste et publiciste, sp\u00e9cialiste de l\u2019extr\u00e9misme et du populisme de droite. Il travaille pour le taz, la WDR et Deutschlandfunk Kultur. <\/em><em>Il a re\u00e7u plusieurs prix. Sur l\u2019AfD, il a publi\u00e9 \u00ab\u00a0B\u00fcrgerliche Scharfmacher\u00a0\u00bb (2016), \u00ab\u00a0Das Netzwerk der Identit\u00e4ren\u00a0\u00bb (2018) et \u00ab\u00a0Die Entkultivierung des B\u00fcrgertums\u00a0\u00bb (2019). Dernier livre en date : \u00ab\u00a0Verqueres Denken \u2013 gef\u00e4hrliche Weltbilder in alternativen Milieus\u00a0\u00bb.<\/em><\/p>\n<p>&nbsp;<\/p>\n<h2><\/h2>\n<p>&nbsp;<\/p>\n<p>&nbsp;<\/p>\n","protected":false},"excerpt":{"rendered":"<p>Alors que le RN utilise depuis des d\u00e9cennies ses organisations de jeunesse comme viviers de talents, l\u2019AfD a r\u00e9cemment mis en place sa propre structure.<\/p>\n","protected":false},"author":1,"featured_media":32357,"comment_status":"closed","ping_status":"closed","sticky":false,"template":"","format":"standard","meta":{"om_disable_all_campaigns":false,"_monsterinsights_skip_tracking":false,"_monsterinsights_sitenote_active":false,"_monsterinsights_sitenote_note":"","_monsterinsights_sitenote_category":0,"_uf_show_specific_survey":0,"_uf_disable_surveys":false,"footnotes":""},"categories":[114],"tags":[765,4057,4060,4052,4058,4051,4063,4050,1293,4059,4062,4053,2086,4064,2081,4055,4054,4048,3362,3353,1013,4065,4061,4056,4049],"ppma_author":[4030],"class_list":["post-32363","post","type-post","status-publish","format-standard","has-post-thumbnail","hentry","category-politique-fr-2","tag-afd","tag-elites-politiques","tag-evolution-des-partis","tag-extremisme-de-droite","tag-formation-de-cadres","tag-formation-politique","tag-front-national-fr","tag-generation-allemagne","tag-ideologie","tag-ideologie-ethnonationaliste","tag-jean-marie-le-pen-fr","tag-jeunesse-partisane","tag-jordan-bardella-fr","tag-junge-alternative-fr","tag-marine-le-pen-fr","tag-mouvement-identitaire","tag-nouvelle-droite","tag-organisations-de-jeunesse","tag-protection-de-la-constitution","tag-radicalisation","tag-rassemblement-national-fr","tag-remigration-fr","tag-rnj-fr","tag-structures-partisanes","tag-viviers-de-recrutement"],"yoast_head":"<!-- This site is optimized with the Yoast SEO plugin v27.5 - https:\/\/yoast.com\/product\/yoast-seo-wordpress\/ -->\n<title>Les organisations de la jeunesse comme viviers de recrutement - dokdoc.eu<\/title>\n<meta name=\"robots\" content=\"index, follow, max-snippet:-1, max-image-preview:large, max-video-preview:-1\" \/>\n<link rel=\"canonical\" href=\"https:\/\/dokdoc.eu\/fr\/2026\/03\/17\/les-organisations-de-la-jeunesse-comme-viviers-de-recrutement\/\" \/>\n<meta property=\"og:locale\" content=\"fr_FR\" \/>\n<meta property=\"og:type\" content=\"article\" \/>\n<meta property=\"og:title\" content=\"Les organisations de la jeunesse comme viviers de recrutement - dokdoc.eu\" \/>\n<meta property=\"og:description\" content=\"Alors que le RN utilise depuis des d\u00e9cennies ses organisations de jeunesse comme viviers de talents, l\u2019AfD a r\u00e9cemment mis en place sa propre structure.\" \/>\n<meta property=\"og:url\" content=\"https:\/\/dokdoc.eu\/fr\/2026\/03\/17\/les-organisations-de-la-jeunesse-comme-viviers-de-recrutement\/\" \/>\n<meta property=\"og:site_name\" content=\"dokdoc.eu\" \/>\n<meta property=\"article:published_time\" content=\"2026-03-17T18:11:01+00:00\" \/>\n<meta property=\"article:modified_time\" content=\"2026-03-20T11:01:34+00:00\" \/>\n<meta property=\"og:image\" content=\"https:\/\/dokdoc.eu\/wp-content\/uploads\/2026\/03\/1_Militant_du_RNJ_en_juin_2024.jpg\" \/>\n\t<meta property=\"og:image:width\" content=\"852\" \/>\n\t<meta property=\"og:image:height\" content=\"575\" \/>\n\t<meta property=\"og:image:type\" content=\"image\/jpeg\" \/>\n<meta name=\"author\" content=\"Jean-Yves Camus &amp; Andreas Speit\" \/>\n<meta name=\"twitter:card\" content=\"summary_large_image\" \/>\n<meta name=\"twitter:label1\" content=\"\u00c9crit par\" \/>\n\t<meta name=\"twitter:data1\" content=\"RochowMedienagentur\" \/>\n\t<meta name=\"twitter:label2\" content=\"Dur\u00e9e de lecture estim\u00e9e\" \/>\n\t<meta name=\"twitter:data2\" content=\"12 minutes\" \/>\n<script type=\"application\/ld+json\" class=\"yoast-schema-graph\">{\"@context\":\"https:\\\/\\\/schema.org\",\"@graph\":[{\"@type\":\"Article\",\"@id\":\"https:\\\/\\\/dokdoc.eu\\\/fr\\\/2026\\\/03\\\/17\\\/les-organisations-de-la-jeunesse-comme-viviers-de-recrutement\\\/#article\",\"isPartOf\":{\"@id\":\"https:\\\/\\\/dokdoc.eu\\\/fr\\\/2026\\\/03\\\/17\\\/les-organisations-de-la-jeunesse-comme-viviers-de-recrutement\\\/\"},\"author\":{\"name\":\"RochowMedienagentur\",\"@id\":\"https:\\\/\\\/dokdoc.eu\\\/fr\\\/#\\\/schema\\\/person\\\/d760e6e53df901fd9522f1d3a1e46621\"},\"headline\":\"Les organisations de la jeunesse comme viviers de recrutement\",\"datePublished\":\"2026-03-17T18:11:01+00:00\",\"dateModified\":\"2026-03-20T11:01:34+00:00\",\"mainEntityOfPage\":{\"@id\":\"https:\\\/\\\/dokdoc.eu\\\/fr\\\/2026\\\/03\\\/17\\\/les-organisations-de-la-jeunesse-comme-viviers-de-recrutement\\\/\"},\"wordCount\":2153,\"publisher\":{\"@id\":\"https:\\\/\\\/dokdoc.eu\\\/fr\\\/#organization\"},\"image\":{\"@id\":\"https:\\\/\\\/dokdoc.eu\\\/fr\\\/2026\\\/03\\\/17\\\/les-organisations-de-la-jeunesse-comme-viviers-de-recrutement\\\/#primaryimage\"},\"thumbnailUrl\":\"https:\\\/\\\/dokdoc.eu\\\/wp-content\\\/uploads\\\/2026\\\/03\\\/1_Militant_du_RNJ_en_juin_2024.jpg\",\"keywords\":[\"AfD\",\"\u00e9lites politiques\",\"\u00e9volution des partis\",\"extr\u00e9misme de droite\",\"formation de cadres\",\"formation politique\",\"Front National\",\"G\u00e9n\u00e9ration Allemagne\",\"id\u00e9ologie\",\"id\u00e9ologie ethnonationaliste\",\"Jean-Marie Le Pen\",\"jeunesse partisane\",\"Jordan Bardella\",\"Junge Alternative\",\"Marine Le Pen\",\"mouvement identitaire\",\"Nouvelle Droite\",\"organisations de jeunesse\",\"protection de la Constitution\",\"radicalisation\",\"Rassemblement National\",\"Remigration\",\"RNJ\",\"structures partisanes\",\"viviers de recrutement\"],\"articleSection\":[\"Politique\"],\"inLanguage\":\"fr-FR\"},{\"@type\":\"WebPage\",\"@id\":\"https:\\\/\\\/dokdoc.eu\\\/fr\\\/2026\\\/03\\\/17\\\/les-organisations-de-la-jeunesse-comme-viviers-de-recrutement\\\/\",\"url\":\"https:\\\/\\\/dokdoc.eu\\\/fr\\\/2026\\\/03\\\/17\\\/les-organisations-de-la-jeunesse-comme-viviers-de-recrutement\\\/\",\"name\":\"Les organisations de la jeunesse comme viviers de recrutement - dokdoc.eu\",\"isPartOf\":{\"@id\":\"https:\\\/\\\/dokdoc.eu\\\/fr\\\/#website\"},\"primaryImageOfPage\":{\"@id\":\"https:\\\/\\\/dokdoc.eu\\\/fr\\\/2026\\\/03\\\/17\\\/les-organisations-de-la-jeunesse-comme-viviers-de-recrutement\\\/#primaryimage\"},\"image\":{\"@id\":\"https:\\\/\\\/dokdoc.eu\\\/fr\\\/2026\\\/03\\\/17\\\/les-organisations-de-la-jeunesse-comme-viviers-de-recrutement\\\/#primaryimage\"},\"thumbnailUrl\":\"https:\\\/\\\/dokdoc.eu\\\/wp-content\\\/uploads\\\/2026\\\/03\\\/1_Militant_du_RNJ_en_juin_2024.jpg\",\"datePublished\":\"2026-03-17T18:11:01+00:00\",\"dateModified\":\"2026-03-20T11:01:34+00:00\",\"breadcrumb\":{\"@id\":\"https:\\\/\\\/dokdoc.eu\\\/fr\\\/2026\\\/03\\\/17\\\/les-organisations-de-la-jeunesse-comme-viviers-de-recrutement\\\/#breadcrumb\"},\"inLanguage\":\"fr-FR\",\"potentialAction\":[{\"@type\":\"ReadAction\",\"target\":[\"https:\\\/\\\/dokdoc.eu\\\/fr\\\/2026\\\/03\\\/17\\\/les-organisations-de-la-jeunesse-comme-viviers-de-recrutement\\\/\"]}]},{\"@type\":\"ImageObject\",\"inLanguage\":\"fr-FR\",\"@id\":\"https:\\\/\\\/dokdoc.eu\\\/fr\\\/2026\\\/03\\\/17\\\/les-organisations-de-la-jeunesse-comme-viviers-de-recrutement\\\/#primaryimage\",\"url\":\"https:\\\/\\\/dokdoc.eu\\\/wp-content\\\/uploads\\\/2026\\\/03\\\/1_Militant_du_RNJ_en_juin_2024.jpg\",\"contentUrl\":\"https:\\\/\\\/dokdoc.eu\\\/wp-content\\\/uploads\\\/2026\\\/03\\\/1_Militant_du_RNJ_en_juin_2024.jpg\",\"width\":852,\"height\":575,\"caption\":\"Aktivisten des RNJ im Juni 2024, kurz vor dem ersten Wahlgang der Parlamentswahl (Copyright: Wikimedia Commons)\"},{\"@type\":\"BreadcrumbList\",\"@id\":\"https:\\\/\\\/dokdoc.eu\\\/fr\\\/2026\\\/03\\\/17\\\/les-organisations-de-la-jeunesse-comme-viviers-de-recrutement\\\/#breadcrumb\",\"itemListElement\":[{\"@type\":\"ListItem\",\"position\":1,\"name\":\"Startseite\",\"item\":\"https:\\\/\\\/dokdoc.eu\\\/fr\\\/\"},{\"@type\":\"ListItem\",\"position\":2,\"name\":\"Les organisations de la jeunesse comme viviers de recrutement\"}]},{\"@type\":\"WebSite\",\"@id\":\"https:\\\/\\\/dokdoc.eu\\\/fr\\\/#website\",\"url\":\"https:\\\/\\\/dokdoc.eu\\\/fr\\\/\",\"name\":\"dokdoc.eu\",\"description\":\"\",\"publisher\":{\"@id\":\"https:\\\/\\\/dokdoc.eu\\\/fr\\\/#organization\"},\"potentialAction\":[{\"@type\":\"SearchAction\",\"target\":{\"@type\":\"EntryPoint\",\"urlTemplate\":\"https:\\\/\\\/dokdoc.eu\\\/fr\\\/?s={search_term_string}\"},\"query-input\":{\"@type\":\"PropertyValueSpecification\",\"valueRequired\":true,\"valueName\":\"search_term_string\"}}],\"inLanguage\":\"fr-FR\"},{\"@type\":\"Organization\",\"@id\":\"https:\\\/\\\/dokdoc.eu\\\/fr\\\/#organization\",\"name\":\"dokdoc.eu\",\"url\":\"https:\\\/\\\/dokdoc.eu\\\/fr\\\/\",\"logo\":{\"@type\":\"ImageObject\",\"inLanguage\":\"fr-FR\",\"@id\":\"https:\\\/\\\/dokdoc.eu\\\/fr\\\/#\\\/schema\\\/logo\\\/image\\\/\",\"url\":\"https:\\\/\\\/dokdoc.eu\\\/wp-content\\\/uploads\\\/2019\\\/08\\\/cropped-logo_dokdoc-e1720795013301.png\",\"contentUrl\":\"https:\\\/\\\/dokdoc.eu\\\/wp-content\\\/uploads\\\/2019\\\/08\\\/cropped-logo_dokdoc-e1720795013301.png\",\"width\":150,\"height\":110,\"caption\":\"dokdoc.eu\"},\"image\":{\"@id\":\"https:\\\/\\\/dokdoc.eu\\\/fr\\\/#\\\/schema\\\/logo\\\/image\\\/\"}},{\"@type\":\"Person\",\"@id\":\"https:\\\/\\\/dokdoc.eu\\\/fr\\\/#\\\/schema\\\/person\\\/d760e6e53df901fd9522f1d3a1e46621\",\"name\":\"RochowMedienagentur\",\"image\":{\"@type\":\"ImageObject\",\"inLanguage\":\"fr-FR\",\"@id\":\"https:\\\/\\\/dokdoc.eu\\\/wp-content\\\/uploads\\\/2019\\\/08\\\/cropped-logo_dokdoc-e1720795013301.png830075fd1c1a1f70247b47fa84cf0f00\",\"url\":\"https:\\\/\\\/dokdoc.eu\\\/wp-content\\\/uploads\\\/2019\\\/08\\\/cropped-logo_dokdoc-e1720795013301.png\",\"contentUrl\":\"https:\\\/\\\/dokdoc.eu\\\/wp-content\\\/uploads\\\/2019\\\/08\\\/cropped-logo_dokdoc-e1720795013301.png\",\"caption\":\"RochowMedienagentur\"},\"sameAs\":[\"https:\\\/\\\/dokdoc.eu\"],\"url\":\"https:\\\/\\\/dokdoc.eu\\\/fr\\\/author\\\/rochowmedienagentur\\\/\"}]}<\/script>\n<!-- \/ Yoast SEO plugin. -->","yoast_head_json":{"title":"Les organisations de la jeunesse comme viviers de recrutement - dokdoc.eu","robots":{"index":"index","follow":"follow","max-snippet":"max-snippet:-1","max-image-preview":"max-image-preview:large","max-video-preview":"max-video-preview:-1"},"canonical":"https:\/\/dokdoc.eu\/fr\/2026\/03\/17\/les-organisations-de-la-jeunesse-comme-viviers-de-recrutement\/","og_locale":"fr_FR","og_type":"article","og_title":"Les organisations de la jeunesse comme viviers de recrutement - dokdoc.eu","og_description":"Alors que le RN utilise depuis des d\u00e9cennies ses organisations de jeunesse comme viviers de talents, l\u2019AfD a r\u00e9cemment mis en place sa propre structure.","og_url":"https:\/\/dokdoc.eu\/fr\/2026\/03\/17\/les-organisations-de-la-jeunesse-comme-viviers-de-recrutement\/","og_site_name":"dokdoc.eu","article_published_time":"2026-03-17T18:11:01+00:00","article_modified_time":"2026-03-20T11:01:34+00:00","og_image":[{"width":852,"height":575,"url":"https:\/\/dokdoc.eu\/wp-content\/uploads\/2026\/03\/1_Militant_du_RNJ_en_juin_2024.jpg","type":"image\/jpeg"}],"author":"Jean-Yves Camus &amp; Andreas Speit","twitter_card":"summary_large_image","twitter_misc":{"\u00c9crit par":"RochowMedienagentur","Dur\u00e9e de lecture estim\u00e9e":"12 minutes"},"schema":{"@context":"https:\/\/schema.org","@graph":[{"@type":"Article","@id":"https:\/\/dokdoc.eu\/fr\/2026\/03\/17\/les-organisations-de-la-jeunesse-comme-viviers-de-recrutement\/#article","isPartOf":{"@id":"https:\/\/dokdoc.eu\/fr\/2026\/03\/17\/les-organisations-de-la-jeunesse-comme-viviers-de-recrutement\/"},"author":{"name":"RochowMedienagentur","@id":"https:\/\/dokdoc.eu\/fr\/#\/schema\/person\/d760e6e53df901fd9522f1d3a1e46621"},"headline":"Les organisations de la jeunesse comme viviers de recrutement","datePublished":"2026-03-17T18:11:01+00:00","dateModified":"2026-03-20T11:01:34+00:00","mainEntityOfPage":{"@id":"https:\/\/dokdoc.eu\/fr\/2026\/03\/17\/les-organisations-de-la-jeunesse-comme-viviers-de-recrutement\/"},"wordCount":2153,"publisher":{"@id":"https:\/\/dokdoc.eu\/fr\/#organization"},"image":{"@id":"https:\/\/dokdoc.eu\/fr\/2026\/03\/17\/les-organisations-de-la-jeunesse-comme-viviers-de-recrutement\/#primaryimage"},"thumbnailUrl":"https:\/\/dokdoc.eu\/wp-content\/uploads\/2026\/03\/1_Militant_du_RNJ_en_juin_2024.jpg","keywords":["AfD","\u00e9lites politiques","\u00e9volution des partis","extr\u00e9misme de droite","formation de cadres","formation politique","Front National","G\u00e9n\u00e9ration Allemagne","id\u00e9ologie","id\u00e9ologie ethnonationaliste","Jean-Marie Le Pen","jeunesse partisane","Jordan Bardella","Junge Alternative","Marine Le Pen","mouvement identitaire","Nouvelle Droite","organisations de jeunesse","protection de la Constitution","radicalisation","Rassemblement National","Remigration","RNJ","structures partisanes","viviers de recrutement"],"articleSection":["Politique"],"inLanguage":"fr-FR"},{"@type":"WebPage","@id":"https:\/\/dokdoc.eu\/fr\/2026\/03\/17\/les-organisations-de-la-jeunesse-comme-viviers-de-recrutement\/","url":"https:\/\/dokdoc.eu\/fr\/2026\/03\/17\/les-organisations-de-la-jeunesse-comme-viviers-de-recrutement\/","name":"Les organisations de la jeunesse comme viviers de recrutement - dokdoc.eu","isPartOf":{"@id":"https:\/\/dokdoc.eu\/fr\/#website"},"primaryImageOfPage":{"@id":"https:\/\/dokdoc.eu\/fr\/2026\/03\/17\/les-organisations-de-la-jeunesse-comme-viviers-de-recrutement\/#primaryimage"},"image":{"@id":"https:\/\/dokdoc.eu\/fr\/2026\/03\/17\/les-organisations-de-la-jeunesse-comme-viviers-de-recrutement\/#primaryimage"},"thumbnailUrl":"https:\/\/dokdoc.eu\/wp-content\/uploads\/2026\/03\/1_Militant_du_RNJ_en_juin_2024.jpg","datePublished":"2026-03-17T18:11:01+00:00","dateModified":"2026-03-20T11:01:34+00:00","breadcrumb":{"@id":"https:\/\/dokdoc.eu\/fr\/2026\/03\/17\/les-organisations-de-la-jeunesse-comme-viviers-de-recrutement\/#breadcrumb"},"inLanguage":"fr-FR","potentialAction":[{"@type":"ReadAction","target":["https:\/\/dokdoc.eu\/fr\/2026\/03\/17\/les-organisations-de-la-jeunesse-comme-viviers-de-recrutement\/"]}]},{"@type":"ImageObject","inLanguage":"fr-FR","@id":"https:\/\/dokdoc.eu\/fr\/2026\/03\/17\/les-organisations-de-la-jeunesse-comme-viviers-de-recrutement\/#primaryimage","url":"https:\/\/dokdoc.eu\/wp-content\/uploads\/2026\/03\/1_Militant_du_RNJ_en_juin_2024.jpg","contentUrl":"https:\/\/dokdoc.eu\/wp-content\/uploads\/2026\/03\/1_Militant_du_RNJ_en_juin_2024.jpg","width":852,"height":575,"caption":"Aktivisten des RNJ im Juni 2024, kurz vor dem ersten Wahlgang der Parlamentswahl (Copyright: Wikimedia Commons)"},{"@type":"BreadcrumbList","@id":"https:\/\/dokdoc.eu\/fr\/2026\/03\/17\/les-organisations-de-la-jeunesse-comme-viviers-de-recrutement\/#breadcrumb","itemListElement":[{"@type":"ListItem","position":1,"name":"Startseite","item":"https:\/\/dokdoc.eu\/fr\/"},{"@type":"ListItem","position":2,"name":"Les organisations de la jeunesse comme viviers de recrutement"}]},{"@type":"WebSite","@id":"https:\/\/dokdoc.eu\/fr\/#website","url":"https:\/\/dokdoc.eu\/fr\/","name":"dokdoc.eu","description":"","publisher":{"@id":"https:\/\/dokdoc.eu\/fr\/#organization"},"potentialAction":[{"@type":"SearchAction","target":{"@type":"EntryPoint","urlTemplate":"https:\/\/dokdoc.eu\/fr\/?s={search_term_string}"},"query-input":{"@type":"PropertyValueSpecification","valueRequired":true,"valueName":"search_term_string"}}],"inLanguage":"fr-FR"},{"@type":"Organization","@id":"https:\/\/dokdoc.eu\/fr\/#organization","name":"dokdoc.eu","url":"https:\/\/dokdoc.eu\/fr\/","logo":{"@type":"ImageObject","inLanguage":"fr-FR","@id":"https:\/\/dokdoc.eu\/fr\/#\/schema\/logo\/image\/","url":"https:\/\/dokdoc.eu\/wp-content\/uploads\/2019\/08\/cropped-logo_dokdoc-e1720795013301.png","contentUrl":"https:\/\/dokdoc.eu\/wp-content\/uploads\/2019\/08\/cropped-logo_dokdoc-e1720795013301.png","width":150,"height":110,"caption":"dokdoc.eu"},"image":{"@id":"https:\/\/dokdoc.eu\/fr\/#\/schema\/logo\/image\/"}},{"@type":"Person","@id":"https:\/\/dokdoc.eu\/fr\/#\/schema\/person\/d760e6e53df901fd9522f1d3a1e46621","name":"RochowMedienagentur","image":{"@type":"ImageObject","inLanguage":"fr-FR","@id":"https:\/\/dokdoc.eu\/wp-content\/uploads\/2019\/08\/cropped-logo_dokdoc-e1720795013301.png830075fd1c1a1f70247b47fa84cf0f00","url":"https:\/\/dokdoc.eu\/wp-content\/uploads\/2019\/08\/cropped-logo_dokdoc-e1720795013301.png","contentUrl":"https:\/\/dokdoc.eu\/wp-content\/uploads\/2019\/08\/cropped-logo_dokdoc-e1720795013301.png","caption":"RochowMedienagentur"},"sameAs":["https:\/\/dokdoc.eu"],"url":"https:\/\/dokdoc.eu\/fr\/author\/rochowmedienagentur\/"}]}},"authors":[{"term_id":4030,"user_id":0,"is_guest":1,"slug":"jean-yves-camus-andreas-speit","display_name":"Jean-Yves Camus &amp; Andreas Speit","avatar_url":{"url":"https:\/\/dokdoc.eu\/wp-content\/uploads\/2019\/08\/cropped-logo_dokdoc-e1720795013301.png","url2x":"https:\/\/dokdoc.eu\/wp-content\/uploads\/2019\/08\/cropped-logo_dokdoc-e1720795013301.png"},"0":null,"1":"","2":"","3":"","4":"","5":"","6":"","7":"","8":""}],"_links":{"self":[{"href":"https:\/\/dokdoc.eu\/fr\/wp-json\/wp\/v2\/posts\/32363","targetHints":{"allow":["GET"]}}],"collection":[{"href":"https:\/\/dokdoc.eu\/fr\/wp-json\/wp\/v2\/posts"}],"about":[{"href":"https:\/\/dokdoc.eu\/fr\/wp-json\/wp\/v2\/types\/post"}],"author":[{"embeddable":true,"href":"https:\/\/dokdoc.eu\/fr\/wp-json\/wp\/v2\/users\/1"}],"replies":[{"embeddable":true,"href":"https:\/\/dokdoc.eu\/fr\/wp-json\/wp\/v2\/comments?post=32363"}],"version-history":[{"count":4,"href":"https:\/\/dokdoc.eu\/fr\/wp-json\/wp\/v2\/posts\/32363\/revisions"}],"predecessor-version":[{"id":32415,"href":"https:\/\/dokdoc.eu\/fr\/wp-json\/wp\/v2\/posts\/32363\/revisions\/32415"}],"wp:featuredmedia":[{"embeddable":true,"href":"https:\/\/dokdoc.eu\/fr\/wp-json\/wp\/v2\/media\/32357"}],"wp:attachment":[{"href":"https:\/\/dokdoc.eu\/fr\/wp-json\/wp\/v2\/media?parent=32363"}],"wp:term":[{"taxonomy":"category","embeddable":true,"href":"https:\/\/dokdoc.eu\/fr\/wp-json\/wp\/v2\/categories?post=32363"},{"taxonomy":"post_tag","embeddable":true,"href":"https:\/\/dokdoc.eu\/fr\/wp-json\/wp\/v2\/tags?post=32363"},{"taxonomy":"author","embeddable":true,"href":"https:\/\/dokdoc.eu\/fr\/wp-json\/wp\/v2\/ppma_author?post=32363"}],"curies":[{"name":"wp","href":"https:\/\/api.w.org\/{rel}","templated":true}]}}