{"id":32825,"date":"2026-04-30T21:12:59","date_gmt":"2026-04-30T19:12:59","guid":{"rendered":"https:\/\/dokdoc.eu\/?p=32825"},"modified":"2026-05-01T18:19:31","modified_gmt":"2026-05-01T16:19:31","slug":"mais-ou-sont-passes-les-ouvriers","status":"publish","type":"post","link":"https:\/\/dokdoc.eu\/fr\/2026\/04\/30\/mais-ou-sont-passes-les-ouvriers\/","title":{"rendered":"Mais o\u00f9 sont pass\u00e9s les ouvriers  &nbsp;?"},"content":{"rendered":"<figure id=\"attachment_32811\" aria-describedby=\"caption-attachment-32811\" style=\"width: 1024px\" class=\"wp-caption aligncenter\"><img fetchpriority=\"high\" decoding=\"async\" class=\"wp-image-32811\" src=\"https:\/\/dokdoc.eu\/wp-content\/uploads\/2026\/04\/3DRRH72-300x200.jpg\" alt=\"Ein roter Luftballon mit wei\u00dfem &quot;SPD&quot;-Aufdruck h\u00e4ngt an einem M\u00fclleimer\" width=\"1024\" height=\"683\" srcset=\"https:\/\/dokdoc.eu\/wp-content\/uploads\/2026\/04\/3DRRH72-300x200.jpg 300w, https:\/\/dokdoc.eu\/wp-content\/uploads\/2026\/04\/3DRRH72-1024x683.jpg 1024w, https:\/\/dokdoc.eu\/wp-content\/uploads\/2026\/04\/3DRRH72-768x512.jpg 768w, https:\/\/dokdoc.eu\/wp-content\/uploads\/2026\/04\/3DRRH72-1536x1024.jpg 1536w, https:\/\/dokdoc.eu\/wp-content\/uploads\/2026\/04\/3DRRH72-2048x1365.jpg 2048w\" sizes=\"(max-width: 1024px) 100vw, 1024px\" \/><figcaption id=\"caption-attachment-32811\" class=\"wp-caption-text\">Copyright: Alamy<\/figcaption><\/figure>\n<p class=\"tm7\"><strong><span class=\"tm8\">La SPD et le PS perdent progressivement leur \u00e9lectorat traditionnel. D\u00e9fection ou transformation structurelle ? Simon Franzmann et G\u00e9rard Grunberg se penchent sur la question.<\/span><\/strong><!--more--><\/p>\n<p class=\"tm7\"><span class=\"tm9\">\u00a0<\/span><\/p>\n<h2 class=\"tm7\"><strong><span class=\"tm8\">Simon Franzmann : Pas une d\u00e9fection, une \u00e9rosion<\/span><\/strong><\/h2>\n<p class=\"tm7\"><span class=\"tm9\">Les choses semblent simples : la SPD recule, l\u2019AfD progresse \u2013 notamment parmi les ouvriers. Les anciens bastions de la SPD sont aujourd\u2019hui pour beaucoup devenus des bastions de l\u2019AfD, en particulier dans les r\u00e9gions et les quartiers urbains \u00e0 forte tradition industrielle. Il serait donc tentant d\u2019affirmer que les \u00e9lecteurs passent directement d\u2019un parti \u00e0 l\u2019autre. Pourtant, cette impression est trompeuse : l\u2019AfD ne gagne pas le soutien des ouvriers parce qu\u2019elle serait parvenue \u00e0 les d\u00e9baucher mais parce que la SPD n\u2019est plus en mesure de s\u00e9duire les nouvelles g\u00e9n\u00e9rations de travailleurs.<\/span><\/p>\n<p class=\"tm7\"><span class=\"tm9\">Cette \u00e9volution est le r\u00e9sultat d\u2019une transformation structurelle de long terme, li\u00e9e au passage de la soci\u00e9t\u00e9 industrielle \u00e0 la soci\u00e9t\u00e9 du savoir. Depuis trois d\u00e9cennies, elle place la SPD face \u00e0 des attentes contradictoires, ce qui ne manque pas d\u2019affecter sa cr\u00e9dibilit\u00e9, notamment aupr\u00e8s des jeunes ouvriers travaillant \u00e0 la cha\u00eene. Ceux qui votaient autrefois pour la SPD continuent souvent de le faire aujourd\u2019hui. Les analyses montrent qu\u2019un basculement direct de la SPD vers l\u2019AfD ne concerne qu\u2019une part limit\u00e9e des \u00e9lecteurs, m\u00eame si l\u2019AfD \u2013 comme d\u2019autres partis d\u2019extr\u00eame droite \u2013 b\u00e9n\u00e9ficie d\u2019un soutien sup\u00e9rieur \u00e0 la moyenne parmi les ouvriers de production.<\/span><\/p>\n<p>&nbsp;<\/p>\n<p class=\"tm7\"><span class=\"tm9\">\u00a0<\/span><\/p>\n<figure id=\"attachment_32813\" aria-describedby=\"caption-attachment-32813\" style=\"width: 1024px\" class=\"wp-caption aligncenter\"><img decoding=\"async\" class=\"wp-image-32813\" src=\"https:\/\/dokdoc.eu\/wp-content\/uploads\/2026\/04\/1_SPD-PS_Alamy-300x200.jpg\" alt=\"Blick \u00fcber Gelsenkirchen, im Vordergrund eine Kirche\" width=\"1024\" height=\"683\" srcset=\"https:\/\/dokdoc.eu\/wp-content\/uploads\/2026\/04\/1_SPD-PS_Alamy-300x200.jpg 300w, https:\/\/dokdoc.eu\/wp-content\/uploads\/2026\/04\/1_SPD-PS_Alamy-1024x683.jpg 1024w, https:\/\/dokdoc.eu\/wp-content\/uploads\/2026\/04\/1_SPD-PS_Alamy-768x512.jpg 768w, https:\/\/dokdoc.eu\/wp-content\/uploads\/2026\/04\/1_SPD-PS_Alamy-1536x1024.jpg 1536w, https:\/\/dokdoc.eu\/wp-content\/uploads\/2026\/04\/1_SPD-PS_Alamy-2048x1365.jpg 2048w\" sizes=\"(max-width: 1024px) 100vw, 1024px\" \/><figcaption id=\"caption-attachment-32813\" class=\"wp-caption-text\">Gelsenkirchen a longtemps \u00e9t\u00e9 un bastion du SPD. Lors des \u00e9lections f\u00e9d\u00e9rales de 2025, l\u2019AfD y est arriv\u00e9e en t\u00eate pour ce qui de la seconde voix (Copyright : Alamy)<\/figcaption><\/figure>\n<p class=\"tm7\"><span class=\"tm9\">\u00a0<\/span><\/p>\n<p class=\"tm7\"><span class=\"tm9\">La SPD n\u2019a donc pas perdu le soutien dont elle jouissait parmi les ouvriers lors d\u2019un seul scrutin. Bien au contraire, tout indique qu\u2019il s\u2019agit d\u2019un processus de long terme. Le parti est n\u00e9 au XIX<\/span><sup><span class=\"tm9\">e<\/span><\/sup><span class=\"tm9\"> si\u00e8cle comme parti de la classe ouvri\u00e8re industrielle. Aujourd\u2019hui, la transition vers la soci\u00e9t\u00e9 du savoir structure les conflits sociaux. L\u00e0 o\u00f9 s\u2019\u00e9tait form\u00e9e une classe ouvri\u00e8re homog\u00e8ne et consciente de son identit\u00e9, il n\u2019existe aujourd\u2019hui rien d\u2019\u00e9quivalent parmi les laiss\u00e9s-pour-compte des transformations \u00e9conomiques. Des notions telles que \u00ab perdants de la modernisation \u00bb ne cr\u00e9ent pas d\u2019ancrage politique. Sur ce point, la SPD ne dispose toujours pas d\u2019une offre politique convaincante.<\/span><\/p>\n<p>&nbsp;<\/p>\n<figure id=\"attachment_32815\" aria-describedby=\"caption-attachment-32815\" style=\"width: 1024px\" class=\"wp-caption aligncenter\"><img decoding=\"async\" class=\"wp-image-32815\" src=\"https:\/\/dokdoc.eu\/wp-content\/uploads\/2026\/04\/2_SPD-PS_Wikimedia-300x221.jpg\" alt=\"Gerhard Schr\u00f6der in wei\u00dfem Hemd hinter einem Redepult, die Arme in die Luft gereckt\" width=\"1024\" height=\"754\" srcset=\"https:\/\/dokdoc.eu\/wp-content\/uploads\/2026\/04\/2_SPD-PS_Wikimedia-300x221.jpg 300w, https:\/\/dokdoc.eu\/wp-content\/uploads\/2026\/04\/2_SPD-PS_Wikimedia-768x565.jpg 768w, https:\/\/dokdoc.eu\/wp-content\/uploads\/2026\/04\/2_SPD-PS_Wikimedia.jpg 800w\" sizes=\"(max-width: 1024px) 100vw, 1024px\" \/><figcaption id=\"caption-attachment-32815\" class=\"wp-caption-text\">Gerhard Schr\u00f6der pendant la campagne des \u00e9lections f\u00e9d\u00e9rales de 2002. Peu apr\u00e8s sa r\u00e9\u00e9lection, il a lanc\u00e9 l\u2019Agenda 2010 (Copyright : Wikimedia Commons)<\/figcaption><\/figure>\n<p>&nbsp;<\/p>\n<p class=\"tm7\"><span class=\"tm9\">Parall\u00e8lement, la SPD fait face depuis des d\u00e9cennies \u00e0 un dilemme structurel. Avec les r\u00e9formes de l\u2019Agenda 2010, elle s\u2019est \u00e9loign\u00e9e d\u2019une partie de sa base. Dans le m\u00eame temps, son \u00e9lectorat s\u2019est d\u00e9plac\u00e9 vers la fonction publique et les classes moyennes urbaines. Celles-ci accordent une plus grande importance aux enjeux soci\u00e9taux, du reste souvent repr\u00e9sent\u00e9s de mani\u00e8re plus cr\u00e9dible par les Verts. Les liens traditionnels avec l\u2019industrie et les syndicats, en revanche, se sont affaiblis. La SPD se trouve ainsi prise entre des attentes \u00e9lectorales divergentes. S\u2019y ajoute une autre contradiction : ce qui \u00e9tait autrefois consid\u00e9r\u00e9 comme progressiste \u2013 la d\u00e9fense des droits des travailleurs \u2013 est aujourd\u2019hui plus difficilement mobilisable. Les politiques climatiques et les transformations structurelles occupent le devant de la sc\u00e8ne tandis que la politique industrielle classique recule. Ainsi, la social-d\u00e9mocratie se trouve mise sous pression quant \u00e0 la fa\u00e7on dont elle d\u00e9finit le progressisme.<\/span><\/p>\n<p class=\"tm7\"><span class=\"tm9\">Les personnes socialis\u00e9es dans la culture social-d\u00e9mocrate et ayant associ\u00e9 leur ascension \u00e0 la SPD lui restent souvent fid\u00e8les. Leur pourcentage est d\u2019ailleurs particuli\u00e8rement \u00e9lev\u00e9 parmi les plus de 60 ans. Ce que la SPD ne parvient toutefois plus \u00e0 faire, c\u2019est attirer les nouvelles g\u00e9n\u00e9rations d\u2019ouvriers. Elle perd sa base non pas par d\u00e9fection mais par absence de renouvellement. Cette \u00e9volution se refl\u00e8te aujourd\u2019hui dans les r\u00e9sultats \u00e9lectoraux ; elle profite \u00e0 l\u2019AfD, qui recueille un soutien particuli\u00e8rement fort parmi les ouvriers sur des th\u00e8mes tels que l\u2019immigration, la protection face aux transformations industrielles et les r\u00e9ticences \u00e0 l\u2019\u00e9gard de la transition \u00e9nerg\u00e9tique.<\/span><\/p>\n<p>&nbsp;<\/p>\n<figure id=\"attachment_32817\" aria-describedby=\"caption-attachment-32817\" style=\"width: 1024px\" class=\"wp-caption aligncenter\"><img loading=\"lazy\" decoding=\"async\" class=\"wp-image-32817\" src=\"https:\/\/dokdoc.eu\/wp-content\/uploads\/2026\/04\/3_SPD-PS_Wikimedia-300x200.jpg\" alt=\"Alice Weidel im Plenarsaal\" width=\"1024\" height=\"682\" srcset=\"https:\/\/dokdoc.eu\/wp-content\/uploads\/2026\/04\/3_SPD-PS_Wikimedia-300x200.jpg 300w, https:\/\/dokdoc.eu\/wp-content\/uploads\/2026\/04\/3_SPD-PS_Wikimedia-1024x682.jpg 1024w, https:\/\/dokdoc.eu\/wp-content\/uploads\/2026\/04\/3_SPD-PS_Wikimedia-768x512.jpg 768w, https:\/\/dokdoc.eu\/wp-content\/uploads\/2026\/04\/3_SPD-PS_Wikimedia.jpg 1280w\" sizes=\"(max-width: 1024px) 100vw, 1024px\" \/><figcaption id=\"caption-attachment-32817\" class=\"wp-caption-text\">L\u2019AfD beaucoup a gagn\u00e9 en popularit\u00e9 au cours des derni\u00e8res ann\u00e9es (Copyright : Wikimedia Commons)<\/figcaption><\/figure>\n<p>&nbsp;<\/p>\n<p class=\"tm7\"><span class=\"tm9\">Alors que faire ? Il faudrait une offre politique cr\u00e9dible pour ceux qui se sentent menac\u00e9s par les transformations \u00e9conomiques de la soci\u00e9t\u00e9 num\u00e9rique et de l\u2019\u00e9conomie d\u00e9carbon\u00e9e. Il s\u2019agit l\u00e0 d\u2019une question centrale pour la social-d\u00e9mocratie : comment rendre le changement socialement juste ? Ce n\u2019est plus la d\u00e9fense des cons\u00e9quences sociales de l\u2019industrialisation qui est au c\u0153ur de l\u2019attention mais bien la gestion des risques de la soci\u00e9t\u00e9 num\u00e9rique du savoir et des services. Si la SPD parvient \u00e0 apporter une r\u00e9ponse \u00e0 ces d\u00e9fis, alors elle pourra conqu\u00e9rir de nouvelles g\u00e9n\u00e9rations. Si elle n\u2019y parvient pas, la dynamique en faveur de l\u2019AfD continuera de se renforcer.<\/span><\/p>\n<p class=\"tm7\"><span class=\"tm9\">\u00a0<\/span><\/p>\n<h2 class=\"tm7\"><strong><span class=\"tm8\">G\u00e9rard Grunberg\u00a0: Une classe ouvri\u00e8re en pleine mutation<\/span><\/strong><\/h2>\n<p class=\"tm7\"><span class=\"tm9\">Depuis sa cr\u00e9ation en 1905, le Parti socialiste (PS) n\u2019a jamais \u00e9t\u00e9, \u00e0 la diff\u00e9rence de la social-d\u00e9mocratie allemande, un grand parti ouvrier \u00e0 m\u00eame de constituer une contre-soci\u00e9t\u00e9. \u00c0 partir de la p\u00e9riode du Front populaire (1936), il a \u00e9t\u00e9 concurrenc\u00e9 puis supplant\u00e9 apr\u00e8s la guerre par le Parti communiste fran\u00e7ais (PCF) devenu le parti dominant dans le monde ouvrier. Le PCF, ainsi que le syndicat qu\u2019il contr\u00f4lait \u2013 la Conf\u00e9d\u00e9ration g\u00e9n\u00e9rale du travail (CGT) \u2013, ont \u00e9troitement encadr\u00e9 ce groupe social, en particulier dans les grandes concentrations ouvri\u00e8res (sid\u00e9rurgie, charbonnages\u2026) et ce faisant largement format\u00e9 la culture ouvri\u00e8re. <\/span><\/p>\n<p>&nbsp;<\/p>\n<figure id=\"attachment_32819\" aria-describedby=\"caption-attachment-32819\" style=\"width: 1024px\" class=\"wp-caption aligncenter\"><img loading=\"lazy\" decoding=\"async\" class=\"wp-image-32819\" src=\"https:\/\/dokdoc.eu\/wp-content\/uploads\/2026\/04\/4_SPD-PS_Wikimedia-300x199.jpg\" alt=\"schwarz-wei\u00df-Bild: Fran\u00e7ois Mitterrand, nach oben schauend\" width=\"1024\" height=\"679\" srcset=\"https:\/\/dokdoc.eu\/wp-content\/uploads\/2026\/04\/4_SPD-PS_Wikimedia-300x199.jpg 300w, https:\/\/dokdoc.eu\/wp-content\/uploads\/2026\/04\/4_SPD-PS_Wikimedia-1024x679.jpg 1024w, https:\/\/dokdoc.eu\/wp-content\/uploads\/2026\/04\/4_SPD-PS_Wikimedia-768x509.jpg 768w, https:\/\/dokdoc.eu\/wp-content\/uploads\/2026\/04\/4_SPD-PS_Wikimedia.jpg 1280w\" sizes=\"(max-width: 1024px) 100vw, 1024px\" \/><figcaption id=\"caption-attachment-32819\" class=\"wp-caption-text\">Fran\u00e7ois Mitterrand en 1988 (Copyright : Wikimedia Commons)<\/figcaption><\/figure>\n<p>&nbsp;<\/p>\n<p class=\"tm7\"><span class=\"tm9\">Dans les ann\u00e9es 1970 et 1980, la crise du communisme, d\u2019une part, et la refondation du PS par Fran\u00e7ois Mitterrand, d\u2019autre part, ont chang\u00e9 la donne et permis \u00e0 ce dernier de prendre l\u2019ascendant sur le PCF, y compris dans l\u2019\u00e9lectorat ouvrier. En 1988, les ouvriers votaient \u00e0 45 % pour le PS. Les d\u00e9sillusions caus\u00e9es par la politique socialiste, la d\u00e9sindustrialisation et la mont\u00e9e du ch\u00f4mage, ont ensuite provoqu\u00e9 un repli brutal du vote ouvrier : le PS n\u2019attirait plus que 18 % de l\u2019\u00e9lectorat ouvrier, le PCF de son c\u00f4t\u00e9, \u00e9tait tomb\u00e9 \u00e0 9. Le nouveau PS \u00e9tait devenu celui des couches moyennes salari\u00e9es, tandis que la classe ouvri\u00e8re, de plus en plus diversifi\u00e9e et dispers\u00e9e sur le territoire, perdait de son homog\u00e9n\u00e9it\u00e9 et de sa conscience collective. En outre, comme le montrait une <\/span><u><a href=\"https:\/\/data.sciencespo.fr\/dataset.xhtml?persistentId=doi:10.21410\/7E4\/00LYOG\"><span class=\"tm13\">\u00e9tude<\/span><\/a><\/u><span class=\"tm9\"> d\u00e8s 1970, malgr\u00e9 la r\u00e9alit\u00e9 de l\u2019encadrement id\u00e9ologique communiste, les ouvriers \u00ab\u00a0Fran\u00e7ais de souche \u00bb \u00e9taient d\u00e9j\u00e0 largement x\u00e9nophobes (on parlait alors des Nord-Africains), du fait notamment de l\u2019accroissement de l\u2019immigration.<\/span><\/p>\n<p class=\"tm7\"><span class=\"tm9\">La rupture d\u2019une large partie du monde ouvrier avec les gauches s\u2019est exprim\u00e9e avec l\u2019apparition, dans les ann\u00e9es 1970, d\u2019une nouvelle offre politique : le Front national (FN). Avec la disparition de l\u2019encadrement politique communiste, le discours frontiste a \u00e9t\u00e9 re\u00e7u favorablement par une part croissante de la population ouvri\u00e8re, dont les ressentiments \u00e0 l\u2019\u00e9gard des \u00e9lites avaient d\u00e9j\u00e0 contribu\u00e9 \u00e0 l\u2019\u00e9loignement du Parti socialiste. Dans ce contexte, les attitudes x\u00e9nophobes sont demeur\u00e9es \u00e9lev\u00e9es.<\/span><\/p>\n<p class=\"tm7\"><span class=\"tm9\">Le FN a enregistr\u00e9 des succ\u00e8s \u00e9lectoraux croissants \u00e0 partir de la fin des ann\u00e9es 1980, passant de 14 % au premier tour de l\u2019\u00e9lection pr\u00e9sidentielle de 1988 \u00e0 25 % en 2022. Chez les ouvriers, cette progression est encore plus marqu\u00e9e : de 17 % \u00e0 45 %. Au second tour de l\u2019\u00e9lection pr\u00e9sidentielle de 2017, la candidate du FN \u2013 devenu l\u2019ann\u00e9e suivante Rassemblement national (RN) \u2013, Marine Le Pen, obtenait 61 % du vote ouvrier. Au premier tour de cette m\u00eame \u00e9lection, tandis que le candidat socialiste ne recueillait que 6,4 %, une nouvelle offre politique \u00e9mergeait \u00e0 gauche : celle port\u00e9e par La France insoumise (LFI), mouvement fond\u00e9 par l\u2019ancien socialiste Jean-Luc M\u00e9lenchon. Celui-ci r\u00e9alisait un score \u00e9lev\u00e9 de 19,6 %, atteignant du reste 23 % chez les ouvriers.<\/span><\/p>\n<p>&nbsp;<\/p>\n<figure id=\"attachment_32821\" aria-describedby=\"caption-attachment-32821\" style=\"width: 1024px\" class=\"wp-caption aligncenter\"><img loading=\"lazy\" decoding=\"async\" class=\"wp-image-32821\" src=\"https:\/\/dokdoc.eu\/wp-content\/uploads\/2026\/04\/5_SPD-PS_Wikimedia-300x200.jpg\" alt=\"Jean-Luc M\u00e9lenchon hinter einem Redepult\" width=\"1024\" height=\"682\" srcset=\"https:\/\/dokdoc.eu\/wp-content\/uploads\/2026\/04\/5_SPD-PS_Wikimedia-300x200.jpg 300w, https:\/\/dokdoc.eu\/wp-content\/uploads\/2026\/04\/5_SPD-PS_Wikimedia-1024x682.jpg 1024w, https:\/\/dokdoc.eu\/wp-content\/uploads\/2026\/04\/5_SPD-PS_Wikimedia-768x512.jpg 768w, https:\/\/dokdoc.eu\/wp-content\/uploads\/2026\/04\/5_SPD-PS_Wikimedia.jpg 1280w\" sizes=\"(max-width: 1024px) 100vw, 1024px\" \/><figcaption id=\"caption-attachment-32821\" class=\"wp-caption-text\">Jean-Luc M\u00e9lenchon est la t\u00eate pensantes de La France insoumise depuis sa fondation en 2016 (Copyright : Wikimedia Commons)<\/figcaption><\/figure>\n<p>&nbsp;<\/p>\n<p class=\"tm7\"><span class=\"tm9\">Lors de l\u2019\u00e9lection pr\u00e9sidentielle de 2022, alors que le PS apparaissait marginalis\u00e9 (sa candidate obtenant 1,7 %), le RN et LFI recueillaient respectivement 23 % et 22 % des suffrages. Dans l\u2019\u00e9lectorat ouvrier, ils atteignaient 39 % et 25 %. Aux \u00e9lections l\u00e9gislatives de 2024, l\u2019alliance des partis de gauche et des \u00e9cologistes obtenait 28 % des voix au premier tour (21 % chez les ouvriers), tandis que le RN recueillait 29 % (et 48 % du vote ouvrier).<\/span><\/p>\n<p class=\"tm7\"><span class=\"tm9\">D\u00e9sormais, le RN appara\u00eet comme le principal parti populaire et, \u00e0 eux deux, ces deux p\u00f4les dits \u00ab populistes \u00bb concentrent une majorit\u00e9 du vote ouvrier. Dans ce contexte, la rupture entre le PS et LFI laisse le PS affaibli et sans alliances structurantes, rendant son avenir incertain. Se pose alors la question de sa capacit\u00e9 \u00e0 pr\u00e9senter un candidat cr\u00e9dible \u00e0 la prochaine \u00e9lection pr\u00e9sidentielle, tandis que celle d\u2019une victoire du candidat du RN demeure ouverte.<\/span><\/p>\n<p class=\"tm15\" style=\"text-align: right;\"><em><span class=\"tm16\"><br \/>\nDans notre s\u00e9rie \u00ab Les grandes questions de notre temps \u00bb, des experts fran\u00e7ais et allemands analysent les grands enjeux de nos soci\u00e9t\u00e9s contemporaines.<\/span><\/em><\/p>\n<p class=\"tm7\"><span class=\"tm9\">\u00a0<\/span><\/p>\n<h2 class=\"tm7\"><strong><span class=\"tm8\">Les auteurs<\/span><\/strong><\/h2>\n<figure id=\"attachment_32823\" aria-describedby=\"caption-attachment-32823\" style=\"width: 300px\" class=\"wp-caption alignleft\"><img loading=\"lazy\" decoding=\"async\" class=\"size-medium wp-image-32823\" src=\"https:\/\/dokdoc.eu\/wp-content\/uploads\/2026\/04\/6_Franzmann_Balsereit_Koeln-300x208.jpg\" alt=\"Portrait von Simon Franzmann, Brille, wei\u00dfes Hemd und Jackett\" width=\"300\" height=\"208\" srcset=\"https:\/\/dokdoc.eu\/wp-content\/uploads\/2026\/04\/6_Franzmann_Balsereit_Koeln-300x208.jpg 300w, https:\/\/dokdoc.eu\/wp-content\/uploads\/2026\/04\/6_Franzmann_Balsereit_Koeln-1024x712.jpg 1024w, https:\/\/dokdoc.eu\/wp-content\/uploads\/2026\/04\/6_Franzmann_Balsereit_Koeln-768x534.jpg 768w, https:\/\/dokdoc.eu\/wp-content\/uploads\/2026\/04\/6_Franzmann_Balsereit_Koeln-1536x1067.jpg 1536w, https:\/\/dokdoc.eu\/wp-content\/uploads\/2026\/04\/6_Franzmann_Balsereit_Koeln-2048x1423.jpg 2048w\" sizes=\"(max-width: 300px) 100vw, 300px\" \/><figcaption id=\"caption-attachment-32823\" class=\"wp-caption-text\">Simon Franzmann (Copyright: Balsereit\/K\u00f6ln)<\/figcaption><\/figure>\n<p class=\"tm7\"><em><span class=\"tm16\">Simon T. Franzmann est professeur de recherche sur la d\u00e9mocratie \u00e0 l\u2019universit\u00e9 Georg-August de G\u00f6ttingen et directeur de l\u2019Institut de recherche sur la d\u00e9mocratie. Ses travaux portent sur la comp\u00e9tition partisane, la culture politique et les clivages sociaux. Il est co-directeur du projet international Manifesto Project ainsi que du centre de recherche et de documentation sur les extr\u00e9mismes politiques et religieux en Basse-Saxe.<\/span><\/em><\/p>\n<p class=\"tm7\"><span class=\"tm9\">\u00a0<\/span><\/p>\n<figure id=\"attachment_27269\" aria-describedby=\"caption-attachment-27269\" style=\"width: 199px\" class=\"wp-caption alignright\"><img loading=\"lazy\" decoding=\"async\" class=\"size-medium wp-image-27269\" src=\"https:\/\/dokdoc.eu\/wp-content\/uploads\/2024\/08\/5_photo-GG-199x300.jpg\" alt=\"\" width=\"199\" height=\"300\" srcset=\"https:\/\/dokdoc.eu\/wp-content\/uploads\/2024\/08\/5_photo-GG-199x300.jpg 199w, https:\/\/dokdoc.eu\/wp-content\/uploads\/2024\/08\/5_photo-GG.jpg 260w\" sizes=\"(max-width: 199px) 100vw, 199px\" \/><figcaption id=\"caption-attachment-27269\" class=\"wp-caption-text\">G\u00e9rard Grunberg (Copyright: Telos)<\/figcaption><\/figure>\n<p class=\"tm7\"><em><span class=\"tm16\">G\u00e9rard Grunberg est directeur de recherche \u00e9m\u00e9rite au Centre national de la recherche scientifique (CNRS). Politologue, il s\u2019est sp\u00e9cialis\u00e9 dans l\u2019\u00e9tude des \u00e9lections, des syst\u00e8mes politiques et des partis politiques. Il a publi\u00e9 de nombreux ouvrages et articles, notamment sur le Parti socialiste et la social-d\u00e9mocratie europ\u00e9enne. De 1988 \u00e0 1991, il a \u00e9t\u00e9 membre du cabinet du Premier ministre Michel Rocard. Il est actuellement directeur du site <\/span><\/em><u><a href=\"https:\/\/www.telos-eu.com\/fr\/\"><span class=\"tm13\">telos<\/span><\/a><\/u><em><span class=\"tm16\">.<\/span><\/em><\/p>\n<p class=\"tm7\"><span class=\"tm9\">\u00a0<\/span><\/p>\n<h2><\/h2>\n","protected":false},"excerpt":{"rendered":"<p>La SPD et le PS perdent progressivement leur \u00e9lectorat traditionnel. D\u00e9fection ou transformation structurelle ? Simon Franzmann et G\u00e9rard Grunberg se penchent sur la question.<\/p>\n","protected":false},"author":1,"featured_media":32811,"comment_status":"closed","ping_status":"closed","sticky":false,"template":"","format":"standard","meta":{"om_disable_all_campaigns":false,"_monsterinsights_skip_tracking":false,"_monsterinsights_sitenote_active":false,"_monsterinsights_sitenote_note":"","_monsterinsights_sitenote_category":0,"_uf_show_specific_survey":0,"_uf_disable_surveys":false,"footnotes":""},"categories":[114],"tags":[765,4487,4481,4482,4483,4473,4480,4477,3966,4063,3834,1014,1434,4107,4484,1306,4486,1013,4478,4475,4476,4485,474,4479,4474],"ppma_author":[4462],"class_list":["post-32825","post","type-post","status-publish","format-standard","has-post-thumbnail","hentry","category-politique-fr-2","tag-afd","tag-agenda-2010-fr","tag-alienation-politique","tag-changement-economique","tag-chomage","tag-classe-ouvriere","tag-classes-moyennes","tag-comportement-electoral","tag-desindustrialisation","tag-front-national-fr","tag-immigration","tag-la-france-insoumise-fr","tag-mondialisation","tag-partis-politiques","tag-politique-climatique","tag-populisme","tag-ps-fr","tag-rassemblement-national-fr","tag-social-democratie","tag-societe-du-savoir","tag-societe-industrielle","tag-societe-numerique","tag-spd","tag-syndicats","tag-transformation-structurelle"],"yoast_head":"<!-- This site is optimized with the Yoast SEO plugin v27.5 - https:\/\/yoast.com\/product\/yoast-seo-wordpress\/ -->\n<title>Mais o\u00f9 sont pass\u00e9s les ouvriers &nbsp;? - dokdoc.eu<\/title>\n<meta name=\"description\" content=\"La SPD et le PS perdent progressivement leur \u00e9lectorat traditionnel. D\u00e9fection ou transformation structurelle ? Simon Franzmann et G\u00e9rard Grunberg se penchent sur la question.\" \/>\n<meta name=\"robots\" content=\"index, follow, max-snippet:-1, max-image-preview:large, max-video-preview:-1\" \/>\n<link rel=\"canonical\" href=\"https:\/\/dokdoc.eu\/fr\/2026\/04\/30\/mais-ou-sont-passes-les-ouvriers\/\" \/>\n<meta property=\"og:locale\" content=\"fr_FR\" \/>\n<meta property=\"og:type\" content=\"article\" \/>\n<meta property=\"og:title\" content=\"Mais o\u00f9 sont pass\u00e9s les ouvriers &nbsp;? - dokdoc.eu\" \/>\n<meta property=\"og:description\" content=\"La SPD et le PS perdent progressivement leur \u00e9lectorat traditionnel. D\u00e9fection ou transformation structurelle ? Simon Franzmann et G\u00e9rard Grunberg se penchent sur la question.\" \/>\n<meta property=\"og:url\" content=\"https:\/\/dokdoc.eu\/fr\/2026\/04\/30\/mais-ou-sont-passes-les-ouvriers\/\" \/>\n<meta property=\"og:site_name\" content=\"dokdoc.eu\" \/>\n<meta property=\"article:published_time\" content=\"2026-04-30T19:12:59+00:00\" \/>\n<meta property=\"article:modified_time\" content=\"2026-05-01T16:19:31+00:00\" \/>\n<meta property=\"og:image\" content=\"https:\/\/dokdoc.eu\/wp-content\/uploads\/2026\/04\/3DRRH72-scaled.jpg\" \/>\n\t<meta property=\"og:image:width\" content=\"2560\" \/>\n\t<meta property=\"og:image:height\" content=\"1707\" \/>\n\t<meta property=\"og:image:type\" content=\"image\/jpeg\" \/>\n<meta name=\"author\" content=\"Simon Franzmann &amp; G\u00e9rard Grunberg\" \/>\n<meta name=\"twitter:card\" content=\"summary_large_image\" \/>\n<meta name=\"twitter:label1\" content=\"\u00c9crit par\" \/>\n\t<meta name=\"twitter:data1\" content=\"RochowMedienagentur\" \/>\n\t<meta name=\"twitter:label2\" content=\"Dur\u00e9e de lecture estim\u00e9e\" \/>\n\t<meta name=\"twitter:data2\" content=\"11 minutes\" \/>\n<script type=\"application\/ld+json\" class=\"yoast-schema-graph\">{\"@context\":\"https:\\\/\\\/schema.org\",\"@graph\":[{\"@type\":\"Article\",\"@id\":\"https:\\\/\\\/dokdoc.eu\\\/fr\\\/2026\\\/04\\\/30\\\/mais-ou-sont-passes-les-ouvriers\\\/#article\",\"isPartOf\":{\"@id\":\"https:\\\/\\\/dokdoc.eu\\\/fr\\\/2026\\\/04\\\/30\\\/mais-ou-sont-passes-les-ouvriers\\\/\"},\"author\":{\"name\":\"RochowMedienagentur\",\"@id\":\"https:\\\/\\\/dokdoc.eu\\\/fr\\\/#\\\/schema\\\/person\\\/d760e6e53df901fd9522f1d3a1e46621\"},\"headline\":\"Mais o\u00f9 sont pass\u00e9s les ouvriers &nbsp;?\",\"datePublished\":\"2026-04-30T19:12:59+00:00\",\"dateModified\":\"2026-05-01T16:19:31+00:00\",\"mainEntityOfPage\":{\"@id\":\"https:\\\/\\\/dokdoc.eu\\\/fr\\\/2026\\\/04\\\/30\\\/mais-ou-sont-passes-les-ouvriers\\\/\"},\"wordCount\":1811,\"publisher\":{\"@id\":\"https:\\\/\\\/dokdoc.eu\\\/fr\\\/#organization\"},\"image\":{\"@id\":\"https:\\\/\\\/dokdoc.eu\\\/fr\\\/2026\\\/04\\\/30\\\/mais-ou-sont-passes-les-ouvriers\\\/#primaryimage\"},\"thumbnailUrl\":\"https:\\\/\\\/dokdoc.eu\\\/wp-content\\\/uploads\\\/2026\\\/04\\\/3DRRH72-scaled.jpg\",\"keywords\":[\"AfD\",\"Agenda 2010\",\"ali\u00e9nation politique\",\"changement \u00e9conomique\",\"ch\u00f4mage\",\"classe ouvri\u00e8re\",\"classes moyennes\",\"comportement \u00e9lectoral\",\"d\u00e9sindustrialisation\",\"Front National\",\"immigration\",\"La France Insoumise\",\"mondialisation\",\"partis politiques\",\"politique climatique\",\"populisme\",\"PS\",\"Rassemblement National\",\"social-d\u00e9mocratie\",\"soci\u00e9t\u00e9 du savoir\",\"soci\u00e9t\u00e9 industrielle\",\"soci\u00e9t\u00e9 num\u00e9rique\",\"SPD\",\"syndicats\",\"transformation structurelle\"],\"articleSection\":[\"Politique\"],\"inLanguage\":\"fr-FR\"},{\"@type\":\"WebPage\",\"@id\":\"https:\\\/\\\/dokdoc.eu\\\/fr\\\/2026\\\/04\\\/30\\\/mais-ou-sont-passes-les-ouvriers\\\/\",\"url\":\"https:\\\/\\\/dokdoc.eu\\\/fr\\\/2026\\\/04\\\/30\\\/mais-ou-sont-passes-les-ouvriers\\\/\",\"name\":\"Mais o\u00f9 sont pass\u00e9s les ouvriers &nbsp;? - dokdoc.eu\",\"isPartOf\":{\"@id\":\"https:\\\/\\\/dokdoc.eu\\\/fr\\\/#website\"},\"primaryImageOfPage\":{\"@id\":\"https:\\\/\\\/dokdoc.eu\\\/fr\\\/2026\\\/04\\\/30\\\/mais-ou-sont-passes-les-ouvriers\\\/#primaryimage\"},\"image\":{\"@id\":\"https:\\\/\\\/dokdoc.eu\\\/fr\\\/2026\\\/04\\\/30\\\/mais-ou-sont-passes-les-ouvriers\\\/#primaryimage\"},\"thumbnailUrl\":\"https:\\\/\\\/dokdoc.eu\\\/wp-content\\\/uploads\\\/2026\\\/04\\\/3DRRH72-scaled.jpg\",\"datePublished\":\"2026-04-30T19:12:59+00:00\",\"dateModified\":\"2026-05-01T16:19:31+00:00\",\"description\":\"La SPD et le PS perdent progressivement leur \u00e9lectorat traditionnel. D\u00e9fection ou transformation structurelle ? Simon Franzmann et G\u00e9rard Grunberg se penchent sur la question.\",\"breadcrumb\":{\"@id\":\"https:\\\/\\\/dokdoc.eu\\\/fr\\\/2026\\\/04\\\/30\\\/mais-ou-sont-passes-les-ouvriers\\\/#breadcrumb\"},\"inLanguage\":\"fr-FR\",\"potentialAction\":[{\"@type\":\"ReadAction\",\"target\":[\"https:\\\/\\\/dokdoc.eu\\\/fr\\\/2026\\\/04\\\/30\\\/mais-ou-sont-passes-les-ouvriers\\\/\"]}]},{\"@type\":\"ImageObject\",\"inLanguage\":\"fr-FR\",\"@id\":\"https:\\\/\\\/dokdoc.eu\\\/fr\\\/2026\\\/04\\\/30\\\/mais-ou-sont-passes-les-ouvriers\\\/#primaryimage\",\"url\":\"https:\\\/\\\/dokdoc.eu\\\/wp-content\\\/uploads\\\/2026\\\/04\\\/3DRRH72-scaled.jpg\",\"contentUrl\":\"https:\\\/\\\/dokdoc.eu\\\/wp-content\\\/uploads\\\/2026\\\/04\\\/3DRRH72-scaled.jpg\",\"width\":2560,\"height\":1707,\"caption\":\"3DRRH72 Berlin, Germany - February 22, 2025: Red SPD election campaign balloon discarded in a public trash can in Berlin, Germany.\"},{\"@type\":\"BreadcrumbList\",\"@id\":\"https:\\\/\\\/dokdoc.eu\\\/fr\\\/2026\\\/04\\\/30\\\/mais-ou-sont-passes-les-ouvriers\\\/#breadcrumb\",\"itemListElement\":[{\"@type\":\"ListItem\",\"position\":1,\"name\":\"Startseite\",\"item\":\"https:\\\/\\\/dokdoc.eu\\\/fr\\\/\"},{\"@type\":\"ListItem\",\"position\":2,\"name\":\"Mais o\u00f9 sont pass\u00e9s les ouvriers &nbsp;?\"}]},{\"@type\":\"WebSite\",\"@id\":\"https:\\\/\\\/dokdoc.eu\\\/fr\\\/#website\",\"url\":\"https:\\\/\\\/dokdoc.eu\\\/fr\\\/\",\"name\":\"dokdoc.eu\",\"description\":\"\",\"publisher\":{\"@id\":\"https:\\\/\\\/dokdoc.eu\\\/fr\\\/#organization\"},\"potentialAction\":[{\"@type\":\"SearchAction\",\"target\":{\"@type\":\"EntryPoint\",\"urlTemplate\":\"https:\\\/\\\/dokdoc.eu\\\/fr\\\/?s={search_term_string}\"},\"query-input\":{\"@type\":\"PropertyValueSpecification\",\"valueRequired\":true,\"valueName\":\"search_term_string\"}}],\"inLanguage\":\"fr-FR\"},{\"@type\":\"Organization\",\"@id\":\"https:\\\/\\\/dokdoc.eu\\\/fr\\\/#organization\",\"name\":\"dokdoc.eu\",\"url\":\"https:\\\/\\\/dokdoc.eu\\\/fr\\\/\",\"logo\":{\"@type\":\"ImageObject\",\"inLanguage\":\"fr-FR\",\"@id\":\"https:\\\/\\\/dokdoc.eu\\\/fr\\\/#\\\/schema\\\/logo\\\/image\\\/\",\"url\":\"https:\\\/\\\/dokdoc.eu\\\/wp-content\\\/uploads\\\/2019\\\/08\\\/cropped-logo_dokdoc-e1720795013301.png\",\"contentUrl\":\"https:\\\/\\\/dokdoc.eu\\\/wp-content\\\/uploads\\\/2019\\\/08\\\/cropped-logo_dokdoc-e1720795013301.png\",\"width\":150,\"height\":110,\"caption\":\"dokdoc.eu\"},\"image\":{\"@id\":\"https:\\\/\\\/dokdoc.eu\\\/fr\\\/#\\\/schema\\\/logo\\\/image\\\/\"}},{\"@type\":\"Person\",\"@id\":\"https:\\\/\\\/dokdoc.eu\\\/fr\\\/#\\\/schema\\\/person\\\/d760e6e53df901fd9522f1d3a1e46621\",\"name\":\"RochowMedienagentur\",\"image\":{\"@type\":\"ImageObject\",\"inLanguage\":\"fr-FR\",\"@id\":\"https:\\\/\\\/dokdoc.eu\\\/wp-content\\\/uploads\\\/2019\\\/08\\\/cropped-logo_dokdoc-e1720795013301.png830075fd1c1a1f70247b47fa84cf0f00\",\"url\":\"https:\\\/\\\/dokdoc.eu\\\/wp-content\\\/uploads\\\/2019\\\/08\\\/cropped-logo_dokdoc-e1720795013301.png\",\"contentUrl\":\"https:\\\/\\\/dokdoc.eu\\\/wp-content\\\/uploads\\\/2019\\\/08\\\/cropped-logo_dokdoc-e1720795013301.png\",\"caption\":\"RochowMedienagentur\"},\"sameAs\":[\"https:\\\/\\\/dokdoc.eu\"],\"url\":\"https:\\\/\\\/dokdoc.eu\\\/fr\\\/author\\\/rochowmedienagentur\\\/\"}]}<\/script>\n<!-- \/ Yoast SEO plugin. -->","yoast_head_json":{"title":"Mais o\u00f9 sont pass\u00e9s les ouvriers &nbsp;? - dokdoc.eu","description":"La SPD et le PS perdent progressivement leur \u00e9lectorat traditionnel. D\u00e9fection ou transformation structurelle ? Simon Franzmann et G\u00e9rard Grunberg se penchent sur la question.","robots":{"index":"index","follow":"follow","max-snippet":"max-snippet:-1","max-image-preview":"max-image-preview:large","max-video-preview":"max-video-preview:-1"},"canonical":"https:\/\/dokdoc.eu\/fr\/2026\/04\/30\/mais-ou-sont-passes-les-ouvriers\/","og_locale":"fr_FR","og_type":"article","og_title":"Mais o\u00f9 sont pass\u00e9s les ouvriers &nbsp;? - dokdoc.eu","og_description":"La SPD et le PS perdent progressivement leur \u00e9lectorat traditionnel. D\u00e9fection ou transformation structurelle ? Simon Franzmann et G\u00e9rard Grunberg se penchent sur la question.","og_url":"https:\/\/dokdoc.eu\/fr\/2026\/04\/30\/mais-ou-sont-passes-les-ouvriers\/","og_site_name":"dokdoc.eu","article_published_time":"2026-04-30T19:12:59+00:00","article_modified_time":"2026-05-01T16:19:31+00:00","og_image":[{"width":2560,"height":1707,"url":"https:\/\/dokdoc.eu\/wp-content\/uploads\/2026\/04\/3DRRH72-scaled.jpg","type":"image\/jpeg"}],"author":"Simon Franzmann &amp; G\u00e9rard Grunberg","twitter_card":"summary_large_image","twitter_misc":{"\u00c9crit par":"RochowMedienagentur","Dur\u00e9e de lecture estim\u00e9e":"11 minutes"},"schema":{"@context":"https:\/\/schema.org","@graph":[{"@type":"Article","@id":"https:\/\/dokdoc.eu\/fr\/2026\/04\/30\/mais-ou-sont-passes-les-ouvriers\/#article","isPartOf":{"@id":"https:\/\/dokdoc.eu\/fr\/2026\/04\/30\/mais-ou-sont-passes-les-ouvriers\/"},"author":{"name":"RochowMedienagentur","@id":"https:\/\/dokdoc.eu\/fr\/#\/schema\/person\/d760e6e53df901fd9522f1d3a1e46621"},"headline":"Mais o\u00f9 sont pass\u00e9s les ouvriers &nbsp;?","datePublished":"2026-04-30T19:12:59+00:00","dateModified":"2026-05-01T16:19:31+00:00","mainEntityOfPage":{"@id":"https:\/\/dokdoc.eu\/fr\/2026\/04\/30\/mais-ou-sont-passes-les-ouvriers\/"},"wordCount":1811,"publisher":{"@id":"https:\/\/dokdoc.eu\/fr\/#organization"},"image":{"@id":"https:\/\/dokdoc.eu\/fr\/2026\/04\/30\/mais-ou-sont-passes-les-ouvriers\/#primaryimage"},"thumbnailUrl":"https:\/\/dokdoc.eu\/wp-content\/uploads\/2026\/04\/3DRRH72-scaled.jpg","keywords":["AfD","Agenda 2010","ali\u00e9nation politique","changement \u00e9conomique","ch\u00f4mage","classe ouvri\u00e8re","classes moyennes","comportement \u00e9lectoral","d\u00e9sindustrialisation","Front National","immigration","La France Insoumise","mondialisation","partis politiques","politique climatique","populisme","PS","Rassemblement National","social-d\u00e9mocratie","soci\u00e9t\u00e9 du savoir","soci\u00e9t\u00e9 industrielle","soci\u00e9t\u00e9 num\u00e9rique","SPD","syndicats","transformation structurelle"],"articleSection":["Politique"],"inLanguage":"fr-FR"},{"@type":"WebPage","@id":"https:\/\/dokdoc.eu\/fr\/2026\/04\/30\/mais-ou-sont-passes-les-ouvriers\/","url":"https:\/\/dokdoc.eu\/fr\/2026\/04\/30\/mais-ou-sont-passes-les-ouvriers\/","name":"Mais o\u00f9 sont pass\u00e9s les ouvriers &nbsp;? - dokdoc.eu","isPartOf":{"@id":"https:\/\/dokdoc.eu\/fr\/#website"},"primaryImageOfPage":{"@id":"https:\/\/dokdoc.eu\/fr\/2026\/04\/30\/mais-ou-sont-passes-les-ouvriers\/#primaryimage"},"image":{"@id":"https:\/\/dokdoc.eu\/fr\/2026\/04\/30\/mais-ou-sont-passes-les-ouvriers\/#primaryimage"},"thumbnailUrl":"https:\/\/dokdoc.eu\/wp-content\/uploads\/2026\/04\/3DRRH72-scaled.jpg","datePublished":"2026-04-30T19:12:59+00:00","dateModified":"2026-05-01T16:19:31+00:00","description":"La SPD et le PS perdent progressivement leur \u00e9lectorat traditionnel. D\u00e9fection ou transformation structurelle ? Simon Franzmann et G\u00e9rard Grunberg se penchent sur la question.","breadcrumb":{"@id":"https:\/\/dokdoc.eu\/fr\/2026\/04\/30\/mais-ou-sont-passes-les-ouvriers\/#breadcrumb"},"inLanguage":"fr-FR","potentialAction":[{"@type":"ReadAction","target":["https:\/\/dokdoc.eu\/fr\/2026\/04\/30\/mais-ou-sont-passes-les-ouvriers\/"]}]},{"@type":"ImageObject","inLanguage":"fr-FR","@id":"https:\/\/dokdoc.eu\/fr\/2026\/04\/30\/mais-ou-sont-passes-les-ouvriers\/#primaryimage","url":"https:\/\/dokdoc.eu\/wp-content\/uploads\/2026\/04\/3DRRH72-scaled.jpg","contentUrl":"https:\/\/dokdoc.eu\/wp-content\/uploads\/2026\/04\/3DRRH72-scaled.jpg","width":2560,"height":1707,"caption":"3DRRH72 Berlin, Germany - February 22, 2025: Red SPD election campaign balloon discarded in a public trash can in Berlin, Germany."},{"@type":"BreadcrumbList","@id":"https:\/\/dokdoc.eu\/fr\/2026\/04\/30\/mais-ou-sont-passes-les-ouvriers\/#breadcrumb","itemListElement":[{"@type":"ListItem","position":1,"name":"Startseite","item":"https:\/\/dokdoc.eu\/fr\/"},{"@type":"ListItem","position":2,"name":"Mais o\u00f9 sont pass\u00e9s les ouvriers &nbsp;?"}]},{"@type":"WebSite","@id":"https:\/\/dokdoc.eu\/fr\/#website","url":"https:\/\/dokdoc.eu\/fr\/","name":"dokdoc.eu","description":"","publisher":{"@id":"https:\/\/dokdoc.eu\/fr\/#organization"},"potentialAction":[{"@type":"SearchAction","target":{"@type":"EntryPoint","urlTemplate":"https:\/\/dokdoc.eu\/fr\/?s={search_term_string}"},"query-input":{"@type":"PropertyValueSpecification","valueRequired":true,"valueName":"search_term_string"}}],"inLanguage":"fr-FR"},{"@type":"Organization","@id":"https:\/\/dokdoc.eu\/fr\/#organization","name":"dokdoc.eu","url":"https:\/\/dokdoc.eu\/fr\/","logo":{"@type":"ImageObject","inLanguage":"fr-FR","@id":"https:\/\/dokdoc.eu\/fr\/#\/schema\/logo\/image\/","url":"https:\/\/dokdoc.eu\/wp-content\/uploads\/2019\/08\/cropped-logo_dokdoc-e1720795013301.png","contentUrl":"https:\/\/dokdoc.eu\/wp-content\/uploads\/2019\/08\/cropped-logo_dokdoc-e1720795013301.png","width":150,"height":110,"caption":"dokdoc.eu"},"image":{"@id":"https:\/\/dokdoc.eu\/fr\/#\/schema\/logo\/image\/"}},{"@type":"Person","@id":"https:\/\/dokdoc.eu\/fr\/#\/schema\/person\/d760e6e53df901fd9522f1d3a1e46621","name":"RochowMedienagentur","image":{"@type":"ImageObject","inLanguage":"fr-FR","@id":"https:\/\/dokdoc.eu\/wp-content\/uploads\/2019\/08\/cropped-logo_dokdoc-e1720795013301.png830075fd1c1a1f70247b47fa84cf0f00","url":"https:\/\/dokdoc.eu\/wp-content\/uploads\/2019\/08\/cropped-logo_dokdoc-e1720795013301.png","contentUrl":"https:\/\/dokdoc.eu\/wp-content\/uploads\/2019\/08\/cropped-logo_dokdoc-e1720795013301.png","caption":"RochowMedienagentur"},"sameAs":["https:\/\/dokdoc.eu"],"url":"https:\/\/dokdoc.eu\/fr\/author\/rochowmedienagentur\/"}]}},"authors":[{"term_id":4462,"user_id":0,"is_guest":1,"slug":"simon-franzmann-gerard-grunberg","display_name":"Simon Franzmann &amp; G\u00e9rard Grunberg","avatar_url":{"url":"https:\/\/dokdoc.eu\/wp-content\/uploads\/2019\/08\/cropped-logo_dokdoc-e1720795013301.png","url2x":"https:\/\/dokdoc.eu\/wp-content\/uploads\/2019\/08\/cropped-logo_dokdoc-e1720795013301.png"},"0":null,"1":"","2":"","3":"","4":"","5":"","6":"","7":"","8":""}],"_links":{"self":[{"href":"https:\/\/dokdoc.eu\/fr\/wp-json\/wp\/v2\/posts\/32825","targetHints":{"allow":["GET"]}}],"collection":[{"href":"https:\/\/dokdoc.eu\/fr\/wp-json\/wp\/v2\/posts"}],"about":[{"href":"https:\/\/dokdoc.eu\/fr\/wp-json\/wp\/v2\/types\/post"}],"author":[{"embeddable":true,"href":"https:\/\/dokdoc.eu\/fr\/wp-json\/wp\/v2\/users\/1"}],"replies":[{"embeddable":true,"href":"https:\/\/dokdoc.eu\/fr\/wp-json\/wp\/v2\/comments?post=32825"}],"version-history":[{"count":2,"href":"https:\/\/dokdoc.eu\/fr\/wp-json\/wp\/v2\/posts\/32825\/revisions"}],"predecessor-version":[{"id":32843,"href":"https:\/\/dokdoc.eu\/fr\/wp-json\/wp\/v2\/posts\/32825\/revisions\/32843"}],"wp:featuredmedia":[{"embeddable":true,"href":"https:\/\/dokdoc.eu\/fr\/wp-json\/wp\/v2\/media\/32811"}],"wp:attachment":[{"href":"https:\/\/dokdoc.eu\/fr\/wp-json\/wp\/v2\/media?parent=32825"}],"wp:term":[{"taxonomy":"category","embeddable":true,"href":"https:\/\/dokdoc.eu\/fr\/wp-json\/wp\/v2\/categories?post=32825"},{"taxonomy":"post_tag","embeddable":true,"href":"https:\/\/dokdoc.eu\/fr\/wp-json\/wp\/v2\/tags?post=32825"},{"taxonomy":"author","embeddable":true,"href":"https:\/\/dokdoc.eu\/fr\/wp-json\/wp\/v2\/ppma_author?post=32825"}],"curies":[{"name":"wp","href":"https:\/\/api.w.org\/{rel}","templated":true}]}}