{"id":34042,"date":"2026-09-03T10:00:47","date_gmt":"2026-09-03T08:00:47","guid":{"rendered":"https:\/\/dokdoc.eu\/?p=34042"},"modified":"2026-08-30T17:48:12","modified_gmt":"2026-08-30T15:48:12","slug":"quand-donald-trump-sattaquait-au-tour-de-france","status":"publish","type":"post","link":"https:\/\/dokdoc.eu\/fr\/2026\/09\/03\/quand-donald-trump-sattaquait-au-tour-de-france\/","title":{"rendered":"Quand Donald Trump s\u2019attaquait au Tour de France"},"content":{"rendered":"<figure id=\"attachment_34030\" aria-describedby=\"caption-attachment-34030\" style=\"width: 1024px\" class=\"wp-caption aligncenter\"><img fetchpriority=\"high\" decoding=\"async\" class=\"wp-image-34030\" src=\"https:\/\/dokdoc.eu\/wp-content\/uploads\/2026\/08\/1_TourdeTrump-300x180.png\" alt=\"Zielankunft einer Radstrecke mit einem gro\u00dfen Banner mit der Aufschrift &quot;Tour de Trump&quot;\" width=\"1024\" height=\"614\" srcset=\"https:\/\/dokdoc.eu\/wp-content\/uploads\/2026\/08\/1_TourdeTrump-300x180.png 300w, https:\/\/dokdoc.eu\/wp-content\/uploads\/2026\/08\/1_TourdeTrump-1024x614.png 1024w, https:\/\/dokdoc.eu\/wp-content\/uploads\/2026\/08\/1_TourdeTrump-768x461.png 768w, https:\/\/dokdoc.eu\/wp-content\/uploads\/2026\/08\/1_TourdeTrump-1536x921.png 1536w, https:\/\/dokdoc.eu\/wp-content\/uploads\/2026\/08\/1_TourdeTrump.png 1619w\" sizes=\"(max-width: 1024px) 100vw, 1024px\" \/><figcaption id=\"caption-attachment-34030\" class=\"wp-caption-text\">Le Tour de Trump en 1989: la course devait \u00eatre la r\u00e9ponse am\u00e9ricaine au Tour de France (Copyright : Wikimedia Commons)<\/figcaption><\/figure>\n<p class=\"tm7\"><strong><span class=\"tm8\">\u00c0 la fin des ann\u00e9es 1980, Donald Trump a donn\u00e9 son nom \u00e0 une course cycliste organis\u00e9e sur la c\u00f4te Est des \u00c9tats-Unis. Celle-ci devait \u00eatre la r\u00e9ponse am\u00e9ricaine au Tour de France. Des coureurs allemands et fran\u00e7ais \u00e9taient \u00e9galement de la partie.<\/span><\/strong><!--more--><\/p>\n<p class=\"tm7\"><span class=\"tm9\">\u00a0<\/span><\/p>\n<p class=\"tm7\"><span class=\"tm9\">Les courses cyclistes portent g\u00e9n\u00e9ralement le nom de pays, de r\u00e9gions, de villes ou d\u2019entreprises. Mais un homme a rompu avec cette tradition et il n\u2019est gu\u00e8re surprenant qu\u2019il s\u2019agisse de Donald Trump. Aujourd\u2019hui install\u00e9 \u00e0 la Maison Blanche, l\u2019homme au narcissisme incomparable s\u2019est autrefois essay\u00e9 au r\u00f4le de m\u00e9c\u00e8ne du cyclisme. Le r\u00e9sultat : une course au nom pour le moins singulier, le Tour de Trump. \u00c0 l\u2019image de celui qui lui avait donn\u00e9 son nom, le projet se voulait d\u00e9mesur\u00e9. L\u2019objectif l\u2019\u00e9tait tout autant, si ce n\u2019est plus : d\u00e9passer en notori\u00e9t\u00e9 le Tour de France, \u00e0 l\u2019\u00e9poque d\u00e9j\u00e0 la plus grande course cycliste au monde.<\/span><\/p>\n<p class=\"tm7\"><span class=\"tm9\">Le Tour de Trump \u2013 un nom qui avait presque des allures de plaisanterie \u2013 s\u2019inscrivait parfaitement dans la strat\u00e9gie du milliardaire : promouvoir sa personne, ses entreprises et ses affaires. Trump n\u2019h\u00e9sita donc pas une seconde lorsque le commentateur de t\u00e9l\u00e9vision et homme d\u2019affaires Billy Packer lui soumit l\u2019id\u00e9e de sponsoriser une course cycliste. Packer proposa de baptiser le projet \u00ab Tour de Trump\u00a0\u00bb, une id\u00e9e que son financier accueillit avec enthousiasme.<\/span><\/p>\n<p class=\"tm7\"><span class=\"tm9\">\u00a0<\/span><\/p>\n<h2 class=\"tm7\"><strong><span class=\"tm8\">250 000 dollars\u00a0!<\/span><\/strong><\/h2>\n<p class=\"tm7\"><span class=\"tm9\">Packer ne voulait cependant pas organiser une course de kermesse. Il voulait jeter les bases d\u2019une \u00e9preuve internationale de tout premier plan : le nom de Trump devait en \u00eatre le garant. Trump entra volontiers dans le jeu : il imaginait le show comme une comp\u00e9tition r\u00e9unissant les meilleurs coureurs sous sa banni\u00e8re. Sur le papier, le projet \u00e9tait effectivement prometteur : 250 000 dollars de primes, soit \u00e0 l\u2019\u00e9poque la deuxi\u00e8me dotation la plus importante pour une course cycliste \u2013 apr\u00e8s le Tour de France \u2013, dix \u00e9tapes, 1 345 kilom\u00e8tres au total et cinq \u00c9tats de la c\u00f4te Est travers\u00e9s. Le d\u00e9part devait \u00eatre donn\u00e9 le 5 mai 1989. Pour les professionnels, la date \u00e9tait toutefois d\u00e9licate puisque le Giro d\u2019Italia et, \u00e0 l\u2019\u00e9poque, le Tour d\u2019Espagne se d\u00e9roulaient au m\u00eame moment. De nombreux coureurs italiens et espagnols allaient donc manquer \u00e0 l\u2019appel.<\/span><\/p>\n<p class=\"tm11\">\n<p>&nbsp;<\/p>\n<figure id=\"attachment_34032\" aria-describedby=\"caption-attachment-34032\" style=\"width: 1024px\" class=\"wp-caption aligncenter\"><img decoding=\"async\" class=\"wp-image-34032\" src=\"https:\/\/dokdoc.eu\/wp-content\/uploads\/2026\/08\/2_TourdeTrump-300x197.jpg\" alt=\"Rechts ein Mamm mit einer Startschusspistole, links\" width=\"1024\" height=\"674\" srcset=\"https:\/\/dokdoc.eu\/wp-content\/uploads\/2026\/08\/2_TourdeTrump-300x197.jpg 300w, https:\/\/dokdoc.eu\/wp-content\/uploads\/2026\/08\/2_TourdeTrump-1024x674.jpg 1024w, https:\/\/dokdoc.eu\/wp-content\/uploads\/2026\/08\/2_TourdeTrump-768x505.jpg 768w, https:\/\/dokdoc.eu\/wp-content\/uploads\/2026\/08\/2_TourdeTrump-1536x1011.jpg 1536w, https:\/\/dokdoc.eu\/wp-content\/uploads\/2026\/08\/2_TourdeTrump-2048x1348.jpg 2048w\" sizes=\"(max-width: 1024px) 100vw, 1024px\" \/><figcaption id=\"caption-attachment-34032\" class=\"wp-caption-text\">Donald Trump donne le d\u00e9part de la premi\u00e8re \u00e9dition du Tour de Trump, le 5 mai 1989 \u00e0 Albany, dans l\u2019\u00c9tat de New York (Copyright : Alamy)<\/figcaption><\/figure>\n<p>&nbsp;<\/p>\n<p class=\"tm7\"><span class=\"tm9\">114 coureurs issus de quinze pays prirent finalement le d\u00e9part. Ils \u00e9taient r\u00e9partis entre huit \u00e9quipes professionnelles et onze formations amateurs. Parmi elles figurait Sauna Diana, une \u00e9quipe n\u00e9erlandaise sponsoris\u00e9e\u2026 par une maison close. La liste des engag\u00e9s comptait \u00e9galement les vedettes am\u00e9ricaines de l\u2019\u00e9poque Greg LeMond et Andrew Hampsten, le Mexicain Raul Alcala ainsi que les stars n\u00e9erlandaises Steven Rooks, Gert-Jan Theunisse et Henk Lubberding. LeMond et Hampsten \u00e9taient r\u00e9unis sous les couleurs de l\u2019\u00e9quipe am\u00e9ricaine Seven Eleven. Un jeune coureur ouest-allemand encore largement inconnu du grand public figurait lui aussi dans le peloton : Rolf Aldag. \u00c0 seulement 20 ans, il \u00e9tait encore amateur et se trouvait au tout d\u00e9but d\u2019une carri\u00e8re qui allait faire de lui l\u2019un des coureurs professionnels<\/span> <span class=\"tm9\">allemands les<\/span> <span class=\"tm9\">plus connus. Aldag prouva qu\u2019il \u00e9tait tout \u00e0 fait capable de rivaliser avec les meilleurs lors de la neuvi\u00e8me \u00e9tape, \u00e0 Baltimore. Sur ce circuit trac\u00e9 dans le centre-ville, il termina troisi\u00e8me derri\u00e8re l\u2019Am\u00e9ricain Davis Phinney et le Belge Eric Vanderaerden.<\/span><\/p>\n<p class=\"tm7\"><span class=\"tm9\">\u00a0<\/span><\/p>\n<h2 class=\"tm7\"><strong><span class=\"tm8\">Trump fait entrer le cyclisme \u00e0 la t\u00e9l\u00e9vision<\/span><\/strong><\/h2>\n<p class=\"tm7\"><span class=\"tm9\">Le Tour de Trump suscita rapidement un vif int\u00e9r\u00eat dans le monde du sport am\u00e9ricain. Les relations de Trump n\u2019y \u00e9taient pas \u00e9trang\u00e8res : elles l\u2019aid\u00e8rent \u00e0 faire conna\u00eetre sa course. Les cha\u00eenes de t\u00e9l\u00e9vision nationales de m\u00eame que les journaux nationaux et r\u00e9gionaux en firent largement la promotion avant m\u00eame que le d\u00e9part ne soit officiellement donn\u00e9. De son c\u00f4t\u00e9, NBC Sports retransmit la course en direct.<\/span><\/p>\n<p class=\"tm7\"><span class=\"tm9\">La premi\u00e8re \u00e9tape s\u2019\u00e9lan\u00e7a d\u2019Albany, dans l\u2019\u00c9tat de New York. Les photos de l\u2019\u00e9poque montrent des milliers de spectateurs mass\u00e9s au bord des routes. Cette premi\u00e8re \u00e9tape fut remport\u00e9e par un Am\u00e9ricain alors inconnu, Thomas Craven. LeMond d\u00e9\u00e7ut avec une 27<\/span><sup><span class=\"tm9\">e<\/span><\/sup><span class=\"tm9\"> place au classement g\u00e9n\u00e9ral\u00a0: Hampsten aussi resta en retrait. La victoire finale revint au Norv\u00e9gien Dag Otto Lauritzen, coureur de l\u2019\u00e9quipe Seven Eleven. Port\u00e9 par une puissance m\u00e9diatique et financi\u00e8re consid\u00e9rable ainsi que par la pr\u00e9sence de LeMond et Hampsten, le Tour de Trump devint le principal \u00e9v\u00e9nement cycliste des \u00c9tats-Unis. Le monde entier en parla.<\/span><\/p>\n<p class=\"tm11\">\n<p>&nbsp;<\/p>\n<figure id=\"attachment_34034\" aria-describedby=\"caption-attachment-34034\" style=\"width: 1024px\" class=\"wp-caption aligncenter\"><img decoding=\"async\" class=\"wp-image-34034\" src=\"https:\/\/dokdoc.eu\/wp-content\/uploads\/2026\/08\/3_TourdeTrump-300x200.png\" alt=\"Radrennfahrer, pink-schwarzes Trikot, Zeitfahrhelm\" width=\"1024\" height=\"682\" srcset=\"https:\/\/dokdoc.eu\/wp-content\/uploads\/2026\/08\/3_TourdeTrump-300x200.png 300w, https:\/\/dokdoc.eu\/wp-content\/uploads\/2026\/08\/3_TourdeTrump-1024x682.png 1024w, https:\/\/dokdoc.eu\/wp-content\/uploads\/2026\/08\/3_TourdeTrump-768x511.png 768w, https:\/\/dokdoc.eu\/wp-content\/uploads\/2026\/08\/3_TourdeTrump.png 1537w\" sizes=\"(max-width: 1024px) 100vw, 1024px\" \/><figcaption id=\"caption-attachment-34034\" class=\"wp-caption-text\">\u00c0 20 ans et encore amateur, Rolf Aldag participa en 1989, \u00e0 la premi\u00e8re \u00e9dition du Tour de Trump. Lors de la neuvi\u00e8me \u00e9tape, \u00e0 Baltimore, il termina troisi\u00e8me. La photo le montre lors du Tour de France 2003 (Copyright : Wikimedia Commons)<\/figcaption><\/figure>\n<p>&nbsp;<\/p>\n<p class=\"tm7\"><span class=\"tm9\">Pour autant, cette premi\u00e8re \u00e9dition ne se d\u00e9roula pas sans heurts pour Trump. \u00c0 l\u2019arriv\u00e9e d\u2019une \u00e9tape \u00e0 New Paltz, ville universitaire \u00e0 l\u2019esprit hippie situ\u00e9e dans l\u2019\u00c9tat de New York, des manifestants qui lui \u00e9taient hostiles se rassembl\u00e8rent derri\u00e8re les barri\u00e8res de la ligne d\u2019arriv\u00e9e. Certains grimp\u00e8rent m\u00eame sur le toit d\u2019un camion pour attirer l\u2019attention. Tous brandissaient des pancartes sur lesquelles on pouvait notamment lire : \u00ab Cr\u00e8ve, ordure de yuppie \u00bb, \u00ab \u00c0 bas le trumpisme \u00bb, \u00ab Tu as faim ? Mange les riches \u00bb ou encore \u00ab Trump = Ant\u00e9christ \u00bb. <\/span><\/p>\n<p class=\"tm7\"><span class=\"tm9\">\u00a0<\/span><\/p>\n<h2 class=\"tm7\"><strong><span class=\"tm8\">Un yacht de 85 m\u00e8tres au c\u0153ur du spectacle<\/span><\/strong><\/h2>\n<p class=\"tm7\"><span class=\"tm9\">Un an plus tard, la deuxi\u00e8me \u00e9dition du Tour de Trump comptait d\u00e9j\u00e0 treize \u00e9tapes. \u00c0 la demande du maire et du gouverneur du Maryland, Baltimore devait cette fois figurer parmi les villes d\u2019arriv\u00e9e. Mais cela ne pouvait se faire sans l\u2019accord de Joe De Francis, magnat des courses hippiques \u2013 un homme dot\u00e9 d\u2019une influence politique consid\u00e9rable. De Francis n\u2019\u00e9tait dispos\u00e9 \u00e0 donner son feu vert \u00e0 l\u2019\u00e9v\u00e9nement qu\u2019\u00e0 la condition que Trump pr\u00e9sente son yacht de 85 m\u00e8tres, le \u00ab Trump Princess \u00bb, dans le port de Baltimore pendant la course. Trump accepta et Baltimore fut int\u00e9gr\u00e9 au programme. Apr\u00e8s l\u2019\u00e9tape, Trump invita les participants \u00e0 bord de son navire.<\/span><\/p>\n<p class=\"tm11\">\n<p>&nbsp;<\/p>\n<figure id=\"attachment_34036\" aria-describedby=\"caption-attachment-34036\" style=\"width: 1024px\" class=\"wp-caption aligncenter\"><img loading=\"lazy\" decoding=\"async\" class=\"wp-image-34036\" src=\"https:\/\/dokdoc.eu\/wp-content\/uploads\/2026\/08\/4_TourdeTrump-300x225.jpg\" alt=\"Gro\u00dfe Yacht in einem Hafen\" width=\"1024\" height=\"768\" srcset=\"https:\/\/dokdoc.eu\/wp-content\/uploads\/2026\/08\/4_TourdeTrump-300x225.jpg 300w, https:\/\/dokdoc.eu\/wp-content\/uploads\/2026\/08\/4_TourdeTrump-1024x768.jpg 1024w, https:\/\/dokdoc.eu\/wp-content\/uploads\/2026\/08\/4_TourdeTrump-768x576.jpg 768w, https:\/\/dokdoc.eu\/wp-content\/uploads\/2026\/08\/4_TourdeTrump.jpg 1200w\" sizes=\"(max-width: 1024px) 100vw, 1024px\" \/><figcaption id=\"caption-attachment-34036\" class=\"wp-caption-text\">L\u2019ancien \u00ab Trump Princess \u00bb : le yacht de luxe de Donald Trump, long d\u2019environ 85 m\u00e8tres, devait \u00eatre pr\u00e9sent\u00e9 en 1990 dans le port de Baltimore pendant le Tour de Trump. Il navigue aujourd\u2019hui sous le nom de \u00ab Kingdom 5KR \u00bb (Copyright : Wikimedia Commons)<\/figcaption><\/figure>\n<p class=\"tm7\"><strong><span class=\"tm8\">\u00a0<\/span><\/strong><\/p>\n<h2 class=\"tm7\"><strong><span class=\"tm8\">Un champion olympique est-allemand au Tour de Trump<\/span><\/strong><\/h2>\n<p class=\"tm7\"><span class=\"tm9\">En 1990, le Tour de Trump prit une dimension particuli\u00e8re dans l\u2019histoire du cyclisme allemand. Olaf Ludwig, l\u2019une des plus grandes stars du cyclisme est-allemand, \u00e9tait en effet au d\u00e9part. Champion olympique \u00e0 S\u00e9oul en 1988, il \u00e9tait pass\u00e9 professionnel au d\u00e9but de l\u2019ann\u00e9e et courait d\u00e9sormais pour l\u2019\u00e9quipe n\u00e9erlandaise Panasonic-Sportlife. Un sportif qui avait remport\u00e9 ses plus grands succ\u00e8s dans le cyclisme amateur est-allemand gagnait maintenant sa vie comme professionnel \u00e0 l\u2019Ouest \u2013 et participait \u00e0 une course qui incarnait comme peu d\u2019autres la mise en sc\u00e8ne d\u2019un milliardaire am\u00e9ricain.<\/span><\/p>\n<p class=\"tm11\">\n<p>&nbsp;<\/p>\n<figure id=\"attachment_34038\" aria-describedby=\"caption-attachment-34038\" style=\"width: 1024px\" class=\"wp-caption aligncenter\"><img loading=\"lazy\" decoding=\"async\" class=\"wp-image-34038\" src=\"https:\/\/dokdoc.eu\/wp-content\/uploads\/2026\/08\/5_TourdeTrump-300x203.png\" alt=\"Schwarz-wei\u00dfes Foto, rechts ein Mann, der sich zu einem Kind (links im Bild) herunterbeugt, im Hintergrund ein Mann, der ein Mikrofon h\u00e4lt\" width=\"1024\" height=\"692\" srcset=\"https:\/\/dokdoc.eu\/wp-content\/uploads\/2026\/08\/5_TourdeTrump-300x203.png 300w, https:\/\/dokdoc.eu\/wp-content\/uploads\/2026\/08\/5_TourdeTrump-1024x692.png 1024w, https:\/\/dokdoc.eu\/wp-content\/uploads\/2026\/08\/5_TourdeTrump-768x519.png 768w, https:\/\/dokdoc.eu\/wp-content\/uploads\/2026\/08\/5_TourdeTrump.png 1525w\" sizes=\"(max-width: 1024px) 100vw, 1024px\" \/><figcaption id=\"caption-attachment-34038\" class=\"wp-caption-text\">Olaf Ludwig fut en 1990 l\u2019un des coureurs les plus performants du Tour de Trump. Le champion olympique est-allemand remporta trois \u00e9tapes ainsi que le classement par points (Copyright : Wikimedia Commons)<\/figcaption><\/figure>\n<p>&nbsp;<\/p>\n<p class=\"tm7\"><span class=\"tm9\">Sur le plan sportif, Ludwig fut l\u2019un des hommes forts de cette deuxi\u00e8me \u00e9dition. Il remporta trois \u00e9tapes ainsi que le classement par points. Le 4 mai, \u00e0 Baltimore, il s\u2019imposa \u00e0 deux reprises dans la m\u00eame journ\u00e9e : d\u2019abord lors de l\u2019\u00e9tape reliant Wilmington \u00e0 l\u2019Inner Harbor, puis dans une autre course disput\u00e9e dans la ville. Mais c\u2019est finalement Raul Alcala qui termina en t\u00eate du classement g\u00e9n\u00e9ral. Quelques semaines plus tard, Ludwig confirma qu\u2019il appartenait bel et bien \u00e0 l\u2019\u00e9lite mondiale en remportant le maillot vert du Tour de France. \u00c0 l\u2019issue de cette deuxi\u00e8me \u00e9dition, Trump fit savoir qu\u2019il envisageait lui aussi de se mettre au v\u00e9lo de course. Son explication : \u00ab\u00a0Regardez le corps des pros, beautiful. \u00bb<\/span><\/p>\n<p class=\"tm7\"><span class=\"tm9\">\u00a0<\/span><\/p>\n<h2 class=\"tm7\"><strong><span class=\"tm8\">Un Fran\u00e7ais en observateur<\/span><\/strong><\/h2>\n<p class=\"tm7\"><span class=\"tm9\">Le Fran\u00e7ais Jean-Yves Plaisance \u00e9tait lui aussi pr\u00e9sent sur la c\u00f4te Est des \u00c9tats-Unis en 1989 et 1990, en tant qu\u2019entra\u00eeneur de l\u2019\u00e9quipe de France amateur. Le Tour de Trump \u00e9tait pour lui \u00ab un coup de pub, et non un projet destin\u00e9 \u00e0 des coureurs ambitieux. Partout, on pouvait voir des publicit\u00e9s \u00e0 l\u2019effigie de Trump : dans les avions, sur les voitures, sur les murs des h\u00f4tels. M\u00eame sur les maillots des leaders, il n\u2019y avait que son nom. \u00bb Sans grande surprise, Trump \u00e9tait \u00e9galement, selon Plaisance, \u00ab omnipr\u00e9sent dans les zones de d\u00e9part et d\u2019arriv\u00e9e de certaines \u00e9tapes. Les gens parlaient davantage de lui que de son Tour. \u00bb<\/span><\/p>\n<p class=\"tm11\">\n<p>&nbsp;<\/p>\n<figure id=\"attachment_34040\" aria-describedby=\"caption-attachment-34040\" style=\"width: 1024px\" class=\"wp-caption aligncenter\"><img loading=\"lazy\" decoding=\"async\" class=\"wp-image-34040\" src=\"https:\/\/dokdoc.eu\/wp-content\/uploads\/2026\/08\/6_TourdeTrump-300x200.png\" alt=\"Offizielles Fahrerportrait eines Mannes, dunkle Haare, wei\u00dfes Trikot mit bunten Streifen \u00fcber der Brust\" width=\"1024\" height=\"682\" srcset=\"https:\/\/dokdoc.eu\/wp-content\/uploads\/2026\/08\/6_TourdeTrump-300x200.png 300w, https:\/\/dokdoc.eu\/wp-content\/uploads\/2026\/08\/6_TourdeTrump-1024x682.png 1024w, https:\/\/dokdoc.eu\/wp-content\/uploads\/2026\/08\/6_TourdeTrump-768x511.png 768w, https:\/\/dokdoc.eu\/wp-content\/uploads\/2026\/08\/6_TourdeTrump.png 1537w\" sizes=\"(max-width: 1024px) 100vw, 1024px\" \/><figcaption id=\"caption-attachment-34040\" class=\"wp-caption-text\">Richard Vivien, champion du monde amateur en 1987, faisait partie de la s\u00e9lection fran\u00e7aise lors du Tour de Trump 1989 (Copyright : Wikimedia Commons)<\/figcaption><\/figure>\n<p>&nbsp;<\/p>\n<p class=\"tm7\"><span class=\"tm9\">Le Tour de Trump, formidable op\u00e9ration publicitaire, prit fin apr\u00e8s seulement deux \u00e9ditions. Le financement de la course n\u2019\u00e9tait pas assur\u00e9 et celui qui lui avait donn\u00e9 son nom se retira. Packer trouva alors un nouveau bailleur de fonds, le groupe chimique DuPont, gr\u00e2ce auquel l\u2019ancien Tour de Trump surv\u00e9cut de 1991 \u00e0 1996. Entre-temps, Trump avait perdu tout int\u00e9r\u00eat pour le cyclisme. Il n\u2019avait plus aucune envie de monter sur un v\u00e9lo de course, et encore moins participer \u00e0 une course amateure : \u00ab Jamais. Je peux vous l\u2019assurer. \u00bb Apr\u00e8s 1990, Trump ne r\u00e9apparut plus dans le monde du cyclisme.<\/span><\/p>\n<p class=\"tm7\"><strong><span class=\"tm8\">\u00a0<\/span><\/strong><\/p>\n<h2 class=\"tm7\"><strong><span class=\"tm8\">L\u2019auteur<\/span><\/strong><\/h2>\n<figure id=\"attachment_33350\" aria-describedby=\"caption-attachment-33350\" style=\"width: 200px\" class=\"wp-caption alignleft\"><img loading=\"lazy\" decoding=\"async\" class=\"size-medium wp-image-33350\" src=\"https:\/\/dokdoc.eu\/wp-content\/uploads\/2026\/06\/7_Copyright_Max-Groenert-200x300.jpg\" alt=\"Portrait, Mann mit braunen Haaren und wei\u00dfem Pullover, leicht l\u00e4chelnd\" width=\"200\" height=\"300\" srcset=\"https:\/\/dokdoc.eu\/wp-content\/uploads\/2026\/06\/7_Copyright_Max-Groenert-200x300.jpg 200w, https:\/\/dokdoc.eu\/wp-content\/uploads\/2026\/06\/7_Copyright_Max-Groenert-683x1024.jpg 683w, https:\/\/dokdoc.eu\/wp-content\/uploads\/2026\/06\/7_Copyright_Max-Groenert-768x1152.jpg 768w, https:\/\/dokdoc.eu\/wp-content\/uploads\/2026\/06\/7_Copyright_Max-Groenert-1024x1536.jpg 1024w, https:\/\/dokdoc.eu\/wp-content\/uploads\/2026\/06\/7_Copyright_Max-Groenert-1365x2048.jpg 1365w, https:\/\/dokdoc.eu\/wp-content\/uploads\/2026\/06\/7_Copyright_Max-Groenert-scaled.jpg 1707w\" sizes=\"(max-width: 200px) 100vw, 200px\" \/><figcaption id=\"caption-attachment-33350\" class=\"wp-caption-text\">Stephan Klemm (Copyright: Max Gr\u00f6nert)<\/figcaption><\/figure>\n<p class=\"tm7\"><em><span class=\"tm14\">Stephan Klemm est historien et germaniste. <\/span><span class=\"tm9\">Auteur, \u00e9diteur et journaliste ind\u00e9pendant, il \u00e9crit notamment pour Der Spiegel, Die Zeit, la Frankfurter Allgemeine Zeitung (FAZ), la Neue Z\u00fcrcher Zeitung (NZZ) ainsi que pour l\u2019\u00e9dition allemande de Sports Illustrated. Il est \u00e9galement l\u2019auteur d\u2019un <\/span><u><a href=\"https:\/\/www.edelsports.com\/book\/tour-de-france-hardcover-978398588492\/\"><span class=\"tm15\">ouvrage de r\u00e9f\u00e9rence<\/span><\/a><\/u><span class=\"tm9\"> consacr\u00e9 \u00e0 la Grande Boucle : Tour de France \u2013 kein Berg zu hoch, kein Weg zu weit, un livre de 600 pages.<\/span><\/em><\/p>\n<p>&nbsp;<\/p>\n<h2><\/h2>\n<p class=\"tm7\"><span class=\"tm9\">\u00a0<\/span><\/p>\n<p class=\"Normal\">\n","protected":false},"excerpt":{"rendered":"<p>\u00c0 la fin des ann\u00e9es 1980, Donald Trump a donn\u00e9 son nom \u00e0 une course cycliste organis\u00e9e sur la c\u00f4te Est des \u00c9tats-Unis. Celle-ci devait \u00eatre la r\u00e9ponse am\u00e9ricaine au Tour de France. Des coureurs allemands et fran\u00e7ais \u00e9taient \u00e9galement de la partie.<\/p>\n","protected":false},"author":1,"featured_media":34030,"comment_status":"closed","ping_status":"closed","sticky":false,"template":"","format":"standard","meta":{"om_disable_all_campaigns":false,"_monsterinsights_skip_tracking":false,"_uf_show_specific_survey":0,"_uf_disable_surveys":false,"footnotes":""},"categories":[115],"tags":[5459,5445,5456,5450,5452,5444,5446,752,5468,5449,152,5458,5467,5451,5447,5461,5462,5465,5466,5448,5453,470,5460,5457,5454,5455,5464,129,5463],"ppma_author":[4888],"class_list":["post-34042","post","type-post","status-publish","format-standard","has-post-thumbnail","hentry","category-societe-fr-2","tag-andrew-hampsten-fr","tag-annees-1980","tag-billy-packer-fr","tag-cote-est","tag-coup-de-pub","tag-course-cycliste","tag-cyclisme","tag-donald-trump-fr","tag-dupont-fr","tag-etapes","tag-etats-unis","tag-greg-lemond-fr","tag-jean-yves-plaisance-fr","tag-manifestants","tag-mecene","tag-nbc-sports-fr","tag-new-paltz-fr","tag-olaf-ludwig-fr","tag-panasonic-sportlife-fr","tag-primes","tag-publicites","tag-rda","tag-rolf-aldag-fr","tag-sponsoring-fr","tag-tour-de-france-fr","tag-tour-de-trump-fr","tag-trump-princess-fr","tag-usa","tag-yacht-fr"],"yoast_head":"<!-- This site is optimized with the Yoast SEO plugin v28.4 - https:\/\/yoast.com\/product\/yoast-seo-wordpress\/ -->\n<title>Quand Donald Trump s\u2019attaquait au Tour de France - dokdoc.eu<\/title>\n<meta name=\"description\" content=\"\u00c0 la fin des ann\u00e9es 1980, Donald Trump a donn\u00e9 son nom \u00e0 une course cycliste organis\u00e9e sur la c\u00f4te Est des \u00c9tats-Unis. Celle-ci devait \u00eatre la r\u00e9ponse am\u00e9ricaine au Tour de France. Des coureurs allemands et fran\u00e7ais \u00e9taient \u00e9galement de la partie.\" \/>\n<meta name=\"robots\" content=\"index, follow, max-snippet:-1, max-image-preview:large, max-video-preview:-1\" \/>\n<link rel=\"canonical\" href=\"https:\/\/dokdoc.eu\/fr\/2026\/09\/03\/quand-donald-trump-sattaquait-au-tour-de-france\/\" \/>\n<meta property=\"og:locale\" content=\"fr_FR\" \/>\n<meta property=\"og:type\" content=\"article\" \/>\n<meta property=\"og:title\" content=\"Quand Donald Trump s\u2019attaquait au Tour de France - dokdoc.eu\" \/>\n<meta property=\"og:description\" content=\"\u00c0 la fin des ann\u00e9es 1980, Donald Trump a donn\u00e9 son nom \u00e0 une course cycliste organis\u00e9e sur la c\u00f4te Est des \u00c9tats-Unis. Celle-ci devait \u00eatre la r\u00e9ponse am\u00e9ricaine au Tour de France. Des coureurs allemands et fran\u00e7ais \u00e9taient \u00e9galement de la partie.\" \/>\n<meta property=\"og:url\" content=\"https:\/\/dokdoc.eu\/fr\/2026\/09\/03\/quand-donald-trump-sattaquait-au-tour-de-france\/\" \/>\n<meta property=\"og:site_name\" content=\"dokdoc.eu\" \/>\n<meta property=\"article:published_time\" content=\"2026-09-03T08:00:47+00:00\" \/>\n<meta property=\"og:image\" content=\"https:\/\/dokdoc.eu\/wp-content\/uploads\/2026\/08\/1_TourdeTrump-1024x614.png\" \/>\n\t<meta property=\"og:image:width\" content=\"1024\" \/>\n\t<meta property=\"og:image:height\" content=\"614\" \/>\n\t<meta property=\"og:image:type\" content=\"image\/png\" \/>\n<meta name=\"author\" content=\"Stephan Klemm\" \/>\n<meta name=\"twitter:card\" content=\"summary_large_image\" \/>\n<meta name=\"twitter:label1\" content=\"\u00c9crit par\" \/>\n\t<meta name=\"twitter:data1\" content=\"RochowMedienagentur\" \/>\n\t<meta name=\"twitter:label2\" content=\"Dur\u00e9e de lecture estim\u00e9e\" \/>\n\t<meta name=\"twitter:data2\" content=\"11 minutes\" \/>\n<script type=\"application\/ld+json\" class=\"yoast-schema-graph\">{\"@context\":\"https:\\\/\\\/schema.org\",\"@graph\":[{\"@type\":\"Article\",\"@id\":\"https:\\\/\\\/dokdoc.eu\\\/fr\\\/2026\\\/09\\\/03\\\/quand-donald-trump-sattaquait-au-tour-de-france\\\/#article\",\"isPartOf\":{\"@id\":\"https:\\\/\\\/dokdoc.eu\\\/fr\\\/2026\\\/09\\\/03\\\/quand-donald-trump-sattaquait-au-tour-de-france\\\/\"},\"author\":{\"name\":\"RochowMedienagentur\",\"@id\":\"https:\\\/\\\/dokdoc.eu\\\/fr\\\/#\\\/schema\\\/person\\\/d760e6e53df901fd9522f1d3a1e46621\"},\"headline\":\"Quand Donald Trump s\u2019attaquait au Tour de France\",\"datePublished\":\"2026-09-03T08:00:47+00:00\",\"mainEntityOfPage\":{\"@id\":\"https:\\\/\\\/dokdoc.eu\\\/fr\\\/2026\\\/09\\\/03\\\/quand-donald-trump-sattaquait-au-tour-de-france\\\/\"},\"wordCount\":1824,\"publisher\":{\"@id\":\"https:\\\/\\\/dokdoc.eu\\\/fr\\\/#organization\"},\"image\":{\"@id\":\"https:\\\/\\\/dokdoc.eu\\\/fr\\\/2026\\\/09\\\/03\\\/quand-donald-trump-sattaquait-au-tour-de-france\\\/#primaryimage\"},\"thumbnailUrl\":\"https:\\\/\\\/dokdoc.eu\\\/wp-content\\\/uploads\\\/2026\\\/08\\\/1_TourdeTrump.png\",\"keywords\":[\"Andrew Hampsten\",\"ann\u00e9es 1980\",\"Billy Packer\",\"c\u00f4te Est\",\"coup de pub\",\"course cycliste\",\"cyclisme\",\"Donald Trump\",\"DuPont\",\"\u00e9tapes\",\"\u00c9tats-Unis\",\"Greg LeMond\",\"Jean-Yves Plaisance\",\"manifestants\",\"m\u00e9c\u00e8ne\",\"NBC Sports\",\"New Paltz\",\"Olaf Ludwig\",\"Panasonic-Sportlife\",\"primes\",\"publicit\u00e9s\",\"RDA\",\"Rolf Aldag\",\"Sponsoring\",\"Tour de France\",\"Tour de Trump\",\"Trump Princess\",\"USA\",\"Yacht\"],\"articleSection\":[\"Soci\u00e9t\u00e9\"],\"inLanguage\":\"fr-FR\"},{\"@type\":\"WebPage\",\"@id\":\"https:\\\/\\\/dokdoc.eu\\\/fr\\\/2026\\\/09\\\/03\\\/quand-donald-trump-sattaquait-au-tour-de-france\\\/\",\"url\":\"https:\\\/\\\/dokdoc.eu\\\/fr\\\/2026\\\/09\\\/03\\\/quand-donald-trump-sattaquait-au-tour-de-france\\\/\",\"name\":\"Quand Donald Trump s\u2019attaquait au Tour de France - dokdoc.eu\",\"isPartOf\":{\"@id\":\"https:\\\/\\\/dokdoc.eu\\\/fr\\\/#website\"},\"primaryImageOfPage\":{\"@id\":\"https:\\\/\\\/dokdoc.eu\\\/fr\\\/2026\\\/09\\\/03\\\/quand-donald-trump-sattaquait-au-tour-de-france\\\/#primaryimage\"},\"image\":{\"@id\":\"https:\\\/\\\/dokdoc.eu\\\/fr\\\/2026\\\/09\\\/03\\\/quand-donald-trump-sattaquait-au-tour-de-france\\\/#primaryimage\"},\"thumbnailUrl\":\"https:\\\/\\\/dokdoc.eu\\\/wp-content\\\/uploads\\\/2026\\\/08\\\/1_TourdeTrump.png\",\"datePublished\":\"2026-09-03T08:00:47+00:00\",\"description\":\"\u00c0 la fin des ann\u00e9es 1980, Donald Trump a donn\u00e9 son nom \u00e0 une course cycliste organis\u00e9e sur la c\u00f4te Est des \u00c9tats-Unis. Celle-ci devait \u00eatre la r\u00e9ponse am\u00e9ricaine au Tour de France. Des coureurs allemands et fran\u00e7ais \u00e9taient \u00e9galement de la partie.\",\"breadcrumb\":{\"@id\":\"https:\\\/\\\/dokdoc.eu\\\/fr\\\/2026\\\/09\\\/03\\\/quand-donald-trump-sattaquait-au-tour-de-france\\\/#breadcrumb\"},\"inLanguage\":\"fr-FR\",\"potentialAction\":[{\"@type\":\"ReadAction\",\"target\":[\"https:\\\/\\\/dokdoc.eu\\\/fr\\\/2026\\\/09\\\/03\\\/quand-donald-trump-sattaquait-au-tour-de-france\\\/\"]}]},{\"@type\":\"ImageObject\",\"inLanguage\":\"fr-FR\",\"@id\":\"https:\\\/\\\/dokdoc.eu\\\/fr\\\/2026\\\/09\\\/03\\\/quand-donald-trump-sattaquait-au-tour-de-france\\\/#primaryimage\",\"url\":\"https:\\\/\\\/dokdoc.eu\\\/wp-content\\\/uploads\\\/2026\\\/08\\\/1_TourdeTrump.png\",\"contentUrl\":\"https:\\\/\\\/dokdoc.eu\\\/wp-content\\\/uploads\\\/2026\\\/08\\\/1_TourdeTrump.png\",\"width\":1619,\"height\":971,\"caption\":\"Die Tour de Trump 1989: Mit gro\u00dfem Medienaufwand und prominenten Fahrern sollte das Rennen zur amerikanischen Antwort auf die Tour de France werden (Copyright: Wikimedia Commons)\"},{\"@type\":\"BreadcrumbList\",\"@id\":\"https:\\\/\\\/dokdoc.eu\\\/fr\\\/2026\\\/09\\\/03\\\/quand-donald-trump-sattaquait-au-tour-de-france\\\/#breadcrumb\",\"itemListElement\":[{\"@type\":\"ListItem\",\"position\":1,\"name\":\"Startseite\",\"item\":\"https:\\\/\\\/dokdoc.eu\\\/fr\\\/\"},{\"@type\":\"ListItem\",\"position\":2,\"name\":\"Quand Donald Trump s\u2019attaquait au Tour de France\"}]},{\"@type\":\"WebSite\",\"@id\":\"https:\\\/\\\/dokdoc.eu\\\/fr\\\/#website\",\"url\":\"https:\\\/\\\/dokdoc.eu\\\/fr\\\/\",\"name\":\"dokdoc.eu\",\"description\":\"\",\"publisher\":{\"@id\":\"https:\\\/\\\/dokdoc.eu\\\/fr\\\/#organization\"},\"potentialAction\":[{\"@type\":\"SearchAction\",\"target\":{\"@type\":\"EntryPoint\",\"urlTemplate\":\"https:\\\/\\\/dokdoc.eu\\\/fr\\\/?s={search_term_string}\"},\"query-input\":{\"@type\":\"PropertyValueSpecification\",\"valueRequired\":true,\"valueName\":\"search_term_string\"}}],\"inLanguage\":\"fr-FR\"},{\"@type\":\"Organization\",\"@id\":\"https:\\\/\\\/dokdoc.eu\\\/fr\\\/#organization\",\"name\":\"dokdoc.eu\",\"url\":\"https:\\\/\\\/dokdoc.eu\\\/fr\\\/\",\"logo\":{\"@type\":\"ImageObject\",\"inLanguage\":\"fr-FR\",\"@id\":\"https:\\\/\\\/dokdoc.eu\\\/fr\\\/#\\\/schema\\\/logo\\\/image\\\/\",\"url\":\"https:\\\/\\\/dokdoc.eu\\\/wp-content\\\/uploads\\\/2019\\\/08\\\/cropped-logo_dokdoc-e1720795013301.png\",\"contentUrl\":\"https:\\\/\\\/dokdoc.eu\\\/wp-content\\\/uploads\\\/2019\\\/08\\\/cropped-logo_dokdoc-e1720795013301.png\",\"width\":150,\"height\":110,\"caption\":\"dokdoc.eu\"},\"image\":{\"@id\":\"https:\\\/\\\/dokdoc.eu\\\/fr\\\/#\\\/schema\\\/logo\\\/image\\\/\"}},{\"@type\":\"Person\",\"@id\":\"https:\\\/\\\/dokdoc.eu\\\/fr\\\/#\\\/schema\\\/person\\\/d760e6e53df901fd9522f1d3a1e46621\",\"name\":\"RochowMedienagentur\",\"image\":{\"@type\":\"ImageObject\",\"inLanguage\":\"fr-FR\",\"@id\":\"https:\\\/\\\/dokdoc.eu\\\/wp-content\\\/uploads\\\/2019\\\/08\\\/cropped-logo_dokdoc-e1720795013301.png830075fd1c1a1f70247b47fa84cf0f00\",\"url\":\"https:\\\/\\\/dokdoc.eu\\\/wp-content\\\/uploads\\\/2019\\\/08\\\/cropped-logo_dokdoc-e1720795013301.png\",\"contentUrl\":\"https:\\\/\\\/dokdoc.eu\\\/wp-content\\\/uploads\\\/2019\\\/08\\\/cropped-logo_dokdoc-e1720795013301.png\",\"caption\":\"RochowMedienagentur\"},\"sameAs\":[\"https:\\\/\\\/dokdoc.eu\"],\"url\":\"https:\\\/\\\/dokdoc.eu\\\/fr\\\/author\\\/rochowmedienagentur\\\/\"}]}<\/script>\n<!-- \/ Yoast SEO plugin. -->","yoast_head_json":{"title":"Quand Donald Trump s\u2019attaquait au Tour de France - dokdoc.eu","description":"\u00c0 la fin des ann\u00e9es 1980, Donald Trump a donn\u00e9 son nom \u00e0 une course cycliste organis\u00e9e sur la c\u00f4te Est des \u00c9tats-Unis. Celle-ci devait \u00eatre la r\u00e9ponse am\u00e9ricaine au Tour de France. Des coureurs allemands et fran\u00e7ais \u00e9taient \u00e9galement de la partie.","robots":{"index":"index","follow":"follow","max-snippet":"max-snippet:-1","max-image-preview":"max-image-preview:large","max-video-preview":"max-video-preview:-1"},"canonical":"https:\/\/dokdoc.eu\/fr\/2026\/09\/03\/quand-donald-trump-sattaquait-au-tour-de-france\/","og_locale":"fr_FR","og_type":"article","og_title":"Quand Donald Trump s\u2019attaquait au Tour de France - dokdoc.eu","og_description":"\u00c0 la fin des ann\u00e9es 1980, Donald Trump a donn\u00e9 son nom \u00e0 une course cycliste organis\u00e9e sur la c\u00f4te Est des \u00c9tats-Unis. Celle-ci devait \u00eatre la r\u00e9ponse am\u00e9ricaine au Tour de France. Des coureurs allemands et fran\u00e7ais \u00e9taient \u00e9galement de la partie.","og_url":"https:\/\/dokdoc.eu\/fr\/2026\/09\/03\/quand-donald-trump-sattaquait-au-tour-de-france\/","og_site_name":"dokdoc.eu","article_published_time":"2026-09-03T08:00:47+00:00","og_image":[{"width":1024,"height":614,"url":"https:\/\/dokdoc.eu\/wp-content\/uploads\/2026\/08\/1_TourdeTrump-1024x614.png","type":"image\/png"}],"author":"Stephan Klemm","twitter_card":"summary_large_image","twitter_misc":{"\u00c9crit par":"RochowMedienagentur","Dur\u00e9e de lecture estim\u00e9e":"11 minutes"},"schema":{"@context":"https:\/\/schema.org","@graph":[{"@type":"Article","@id":"https:\/\/dokdoc.eu\/fr\/2026\/09\/03\/quand-donald-trump-sattaquait-au-tour-de-france\/#article","isPartOf":{"@id":"https:\/\/dokdoc.eu\/fr\/2026\/09\/03\/quand-donald-trump-sattaquait-au-tour-de-france\/"},"author":{"name":"RochowMedienagentur","@id":"https:\/\/dokdoc.eu\/fr\/#\/schema\/person\/d760e6e53df901fd9522f1d3a1e46621"},"headline":"Quand Donald Trump s\u2019attaquait au Tour de France","datePublished":"2026-09-03T08:00:47+00:00","mainEntityOfPage":{"@id":"https:\/\/dokdoc.eu\/fr\/2026\/09\/03\/quand-donald-trump-sattaquait-au-tour-de-france\/"},"wordCount":1824,"publisher":{"@id":"https:\/\/dokdoc.eu\/fr\/#organization"},"image":{"@id":"https:\/\/dokdoc.eu\/fr\/2026\/09\/03\/quand-donald-trump-sattaquait-au-tour-de-france\/#primaryimage"},"thumbnailUrl":"https:\/\/dokdoc.eu\/wp-content\/uploads\/2026\/08\/1_TourdeTrump.png","keywords":["Andrew Hampsten","ann\u00e9es 1980","Billy Packer","c\u00f4te Est","coup de pub","course cycliste","cyclisme","Donald Trump","DuPont","\u00e9tapes","\u00c9tats-Unis","Greg LeMond","Jean-Yves Plaisance","manifestants","m\u00e9c\u00e8ne","NBC Sports","New Paltz","Olaf Ludwig","Panasonic-Sportlife","primes","publicit\u00e9s","RDA","Rolf Aldag","Sponsoring","Tour de France","Tour de Trump","Trump Princess","USA","Yacht"],"articleSection":["Soci\u00e9t\u00e9"],"inLanguage":"fr-FR"},{"@type":"WebPage","@id":"https:\/\/dokdoc.eu\/fr\/2026\/09\/03\/quand-donald-trump-sattaquait-au-tour-de-france\/","url":"https:\/\/dokdoc.eu\/fr\/2026\/09\/03\/quand-donald-trump-sattaquait-au-tour-de-france\/","name":"Quand Donald Trump s\u2019attaquait au Tour de France - dokdoc.eu","isPartOf":{"@id":"https:\/\/dokdoc.eu\/fr\/#website"},"primaryImageOfPage":{"@id":"https:\/\/dokdoc.eu\/fr\/2026\/09\/03\/quand-donald-trump-sattaquait-au-tour-de-france\/#primaryimage"},"image":{"@id":"https:\/\/dokdoc.eu\/fr\/2026\/09\/03\/quand-donald-trump-sattaquait-au-tour-de-france\/#primaryimage"},"thumbnailUrl":"https:\/\/dokdoc.eu\/wp-content\/uploads\/2026\/08\/1_TourdeTrump.png","datePublished":"2026-09-03T08:00:47+00:00","description":"\u00c0 la fin des ann\u00e9es 1980, Donald Trump a donn\u00e9 son nom \u00e0 une course cycliste organis\u00e9e sur la c\u00f4te Est des \u00c9tats-Unis. Celle-ci devait \u00eatre la r\u00e9ponse am\u00e9ricaine au Tour de France. Des coureurs allemands et fran\u00e7ais \u00e9taient \u00e9galement de la partie.","breadcrumb":{"@id":"https:\/\/dokdoc.eu\/fr\/2026\/09\/03\/quand-donald-trump-sattaquait-au-tour-de-france\/#breadcrumb"},"inLanguage":"fr-FR","potentialAction":[{"@type":"ReadAction","target":["https:\/\/dokdoc.eu\/fr\/2026\/09\/03\/quand-donald-trump-sattaquait-au-tour-de-france\/"]}]},{"@type":"ImageObject","inLanguage":"fr-FR","@id":"https:\/\/dokdoc.eu\/fr\/2026\/09\/03\/quand-donald-trump-sattaquait-au-tour-de-france\/#primaryimage","url":"https:\/\/dokdoc.eu\/wp-content\/uploads\/2026\/08\/1_TourdeTrump.png","contentUrl":"https:\/\/dokdoc.eu\/wp-content\/uploads\/2026\/08\/1_TourdeTrump.png","width":1619,"height":971,"caption":"Die Tour de Trump 1989: Mit gro\u00dfem Medienaufwand und prominenten Fahrern sollte das Rennen zur amerikanischen Antwort auf die Tour de France werden (Copyright: Wikimedia Commons)"},{"@type":"BreadcrumbList","@id":"https:\/\/dokdoc.eu\/fr\/2026\/09\/03\/quand-donald-trump-sattaquait-au-tour-de-france\/#breadcrumb","itemListElement":[{"@type":"ListItem","position":1,"name":"Startseite","item":"https:\/\/dokdoc.eu\/fr\/"},{"@type":"ListItem","position":2,"name":"Quand Donald Trump s\u2019attaquait au Tour de France"}]},{"@type":"WebSite","@id":"https:\/\/dokdoc.eu\/fr\/#website","url":"https:\/\/dokdoc.eu\/fr\/","name":"dokdoc.eu","description":"","publisher":{"@id":"https:\/\/dokdoc.eu\/fr\/#organization"},"potentialAction":[{"@type":"SearchAction","target":{"@type":"EntryPoint","urlTemplate":"https:\/\/dokdoc.eu\/fr\/?s={search_term_string}"},"query-input":{"@type":"PropertyValueSpecification","valueRequired":true,"valueName":"search_term_string"}}],"inLanguage":"fr-FR"},{"@type":"Organization","@id":"https:\/\/dokdoc.eu\/fr\/#organization","name":"dokdoc.eu","url":"https:\/\/dokdoc.eu\/fr\/","logo":{"@type":"ImageObject","inLanguage":"fr-FR","@id":"https:\/\/dokdoc.eu\/fr\/#\/schema\/logo\/image\/","url":"https:\/\/dokdoc.eu\/wp-content\/uploads\/2019\/08\/cropped-logo_dokdoc-e1720795013301.png","contentUrl":"https:\/\/dokdoc.eu\/wp-content\/uploads\/2019\/08\/cropped-logo_dokdoc-e1720795013301.png","width":150,"height":110,"caption":"dokdoc.eu"},"image":{"@id":"https:\/\/dokdoc.eu\/fr\/#\/schema\/logo\/image\/"}},{"@type":"Person","@id":"https:\/\/dokdoc.eu\/fr\/#\/schema\/person\/d760e6e53df901fd9522f1d3a1e46621","name":"RochowMedienagentur","image":{"@type":"ImageObject","inLanguage":"fr-FR","@id":"https:\/\/dokdoc.eu\/wp-content\/uploads\/2019\/08\/cropped-logo_dokdoc-e1720795013301.png830075fd1c1a1f70247b47fa84cf0f00","url":"https:\/\/dokdoc.eu\/wp-content\/uploads\/2019\/08\/cropped-logo_dokdoc-e1720795013301.png","contentUrl":"https:\/\/dokdoc.eu\/wp-content\/uploads\/2019\/08\/cropped-logo_dokdoc-e1720795013301.png","caption":"RochowMedienagentur"},"sameAs":["https:\/\/dokdoc.eu"],"url":"https:\/\/dokdoc.eu\/fr\/author\/rochowmedienagentur\/"}]}},"authors":[{"term_id":4888,"user_id":0,"is_guest":1,"slug":"stephan-klemm","display_name":"Stephan Klemm","avatar_url":{"url":"https:\/\/dokdoc.eu\/wp-content\/uploads\/2026\/06\/7_Copyright_Max-Groenert-klein.jpg","url2x":"https:\/\/dokdoc.eu\/wp-content\/uploads\/2026\/06\/7_Copyright_Max-Groenert-klein.jpg"},"author_category":"1","first_name":"Stephan","last_name":"Klemm","user_url":"","job_title":"","description":""}],"_links":{"self":[{"href":"https:\/\/dokdoc.eu\/fr\/wp-json\/wp\/v2\/posts\/34042","targetHints":{"allow":["GET"]}}],"collection":[{"href":"https:\/\/dokdoc.eu\/fr\/wp-json\/wp\/v2\/posts"}],"about":[{"href":"https:\/\/dokdoc.eu\/fr\/wp-json\/wp\/v2\/types\/post"}],"author":[{"embeddable":true,"href":"https:\/\/dokdoc.eu\/fr\/wp-json\/wp\/v2\/users\/1"}],"replies":[{"embeddable":true,"href":"https:\/\/dokdoc.eu\/fr\/wp-json\/wp\/v2\/comments?post=34042"}],"version-history":[{"count":2,"href":"https:\/\/dokdoc.eu\/fr\/wp-json\/wp\/v2\/posts\/34042\/revisions"}],"predecessor-version":[{"id":34046,"href":"https:\/\/dokdoc.eu\/fr\/wp-json\/wp\/v2\/posts\/34042\/revisions\/34046"}],"wp:featuredmedia":[{"embeddable":true,"href":"https:\/\/dokdoc.eu\/fr\/wp-json\/wp\/v2\/media\/34030"}],"wp:attachment":[{"href":"https:\/\/dokdoc.eu\/fr\/wp-json\/wp\/v2\/media?parent=34042"}],"wp:term":[{"taxonomy":"category","embeddable":true,"href":"https:\/\/dokdoc.eu\/fr\/wp-json\/wp\/v2\/categories?post=34042"},{"taxonomy":"post_tag","embeddable":true,"href":"https:\/\/dokdoc.eu\/fr\/wp-json\/wp\/v2\/tags?post=34042"},{"taxonomy":"author","embeddable":true,"href":"https:\/\/dokdoc.eu\/fr\/wp-json\/wp\/v2\/ppma_author?post=34042"}],"curies":[{"name":"wp","href":"https:\/\/api.w.org\/{rel}","templated":true}]}}